{"id":2947,"date":"2025-10-07T07:01:00","date_gmt":"2025-10-07T05:01:00","guid":{"rendered":"https:\/\/johanno1.se\/?p=2947"},"modified":"2025-10-08T06:44:31","modified_gmt":"2025-10-08T04:44:31","slug":"ukraina-daglig-uppdatering-7-oktober-2025","status":"publish","type":"post","link":"https:\/\/johanno1.se\/sv\/ukraina-daglig-uppdatering-7-oktober-2025\/","title":{"rendered":"Ukraina daglig uppdatering 7 Oktober 2025"},"content":{"rendered":"\n<p>Idag blir det de 15st dr\u00f6narna \u00f6ver Belgien f\u00f6r nu har jag b\u00f6rjat lugna ned mig och skrivandet blir inte i affekt.<\/p>\n\n\n\n<p><a href=\"https:\/\/www.euronews.com\/2025\/10\/03\/drones-detected-flying-over-military-base-in-eastern-belgium-reports-say\">https:\/\/www.euronews.com\/2025\/10\/03\/drones-detected-flying-over-military-base-in-eastern-belgium-reports-say<\/a><\/p>\n\n\n\n<p>F\u00f6r det f\u00f6rsta s\u00e5 uppt\u00e4cktes dom av misstag n\u00e4r det skulle provas n\u00e5n anti-dr\u00f6narutrustning och soldaterna s\u00e5g att det snurrade 15st dr\u00f6nare \u00f6ver basen som ligger i \u00f6stra Belgien. Man kan ju gissa panikreaktionen hos ansvarigt bef\u00e4l \ud83d\ude00<\/p>\n\n\n\n<p>Japp, dom fl\u00f6g \u00f6ver hela Belgien ouppt\u00e4ckta d\u00e5 dom var fartygsburna, tv\u00e4rs \u00f6ver hela landet femton stycken.<\/p>\n\n\n\n<p>Sen fl\u00f6g dr\u00f6narna \u00f6ver till Tyskland och st\u00e4ngde en flygplats, det st\u00e4mmer i tid.<\/p>\n\n\n\n<p><a href=\"https:\/\/www.cbsnews.com\/news\/munich-drones-europe-belgium-military-base-russia-threat-nato\">https:\/\/www.cbsnews.com\/news\/munich-drones-europe-belgium-military-base-russia-threat-nato<\/a><\/p>\n\n\n\n<p>Ta er en titt p\u00e5 avst\u00e5ndet \u00f6stra Belgien \u2013 Munchen<\/p>\n\n\n\n<p>Det h\u00e4r \u00e4r inte FPV dr\u00f6nare, dom flyger \u00f6ver stora str\u00e4ckor och m\u00e5ste vara n\u00e5n typ av spaningsdr\u00f6nare\/attackdr\u00f6nare.<\/p>\n\n\n\n<p>Belgien har noll koll vid sina milit\u00e4ra installationer &#8211; verkligen ov\u00e4ntat (inte), men jag har samtidigt sv\u00e5rt att f\u00f6rst\u00e5 att radar och okul\u00e4ra observationer totalt lyckades missa 15st stora dr\u00f6nare. Alla f\u00f6rsvarsmakter i hela Europa vet att Ryssland flugit dr\u00f6nare aktivt \u00f6ver oss senaste \u00e5ret och vi skall ha b\u00e5de milit\u00e4r och civil radart\u00e4ckning.<\/p>\n\n\n\n<p>15st dr\u00f6nare simultant, vad s\u00e4ger det oss &#8211; nu g\u00f6r jag en r\u00e4tt viktig po\u00e4ng som jag hoppas inte glider f\u00f6rbi er; om du vill flyga \u00f6ver en belgisk milit\u00e4r\/flygbas med dr\u00f6nare f\u00f6r att spana och logga m\u00e5l, g\u00f6r du d\u00e5 det med 1-2st dr\u00f6nare eller 15st?<\/p>\n\n\n\n<p>Vill du skr\u00e4mma civilbefolkningen, flyger du d\u00e5 dr\u00f6nare \u00f6ver en milit\u00e4rbas i \u00f6stra Belgien eller kanske hellre i n\u00e5n stadsk\u00e4rna och snurrar runt med n\u00e5gra dr\u00f6nare.<\/p>\n\n\n\n<p>F\u00f6r mig ser det h\u00e4r ut som ett sista examenstest av mass-insatser med dr\u00f6narsv\u00e4rm, dom \u00e4r fartygsburna och ryssarna klarar att h\u00e5lla 15st i luften simultant som vi inte uppt\u00e4cker.<\/p>\n\n\n\n<p>Vad h\u00e4nder dagen dom \u00e4r 40-50-100st med verkansdel och st\u00f6rtdyker in i v\u00e5ra spetsflyg, robotlager, radarstationer och lufttankningsflygplan vid valfri flygbas?<\/p>\n\n\n\n<p>Uppenbarligen har Europa noll koll f\u00f6rutom vid flygplatserna d\u00e4r dom uppt\u00e4cks pga. s\u00e4kerhetsrutinerna d\u00e4r dom \u00e4r vana att kolla efter f\u00e5gel \u2013 men Europa klarar inte av att skjuta ned mer \u00e4n n\u00e5gon enstaka dr\u00f6nare \u00e4nnu.<\/p>\n\n\n\n<p>En st\u00f6rre sv\u00e4rm skulle d\u00e5 till 95% kunna tr\u00e4ffa sina m\u00e5l och ett spetsflyg beh\u00f6ver inte en direkttr\u00e4ff f\u00f6r att f\u00e5 flygf\u00f6rbud. I ett f\u00f6rstaslag skulle ett fartyg kunna bek\u00e4mpa en stor del av flygen som st\u00e5r vid en utvald flygbas i Europa. Precis som Ukraina gjorde med det ryska strategiska bombflyget.<\/p>\n\n\n\n<p>Tittar ni p\u00e5 var v\u00e5rt jaktflyg \u00e4r baserat i Europa \u00e4r det inte \u00f6verdrivet m\u00e5nga flygbaser att v\u00e4lja mellan &#8211; 10st-15st kanske.<\/p>\n\n\n\n<p>Det kr\u00e4vs inte ett tyskt milj\u00f6v\u00e4nligt milit\u00e4rgeni f\u00f6r att f\u00f6rst\u00e5 att f\u00f6r Ryssland vore det en fullt genomf\u00f6rbar operation att klippa till simultant mot dessa \u2013 det kan dom om dom vill.<\/p>\n\n\n\n<p>Hade jag varit Europa just nu hade jag varit s\u00e5 in i helsike nerv\u00f6s f\u00f6r vi har gjort mycket klart att s\u00e5nt h\u00e4r inte \u00e4r Artikel 5 f\u00f6r att till\u00e5ta Ryssland att tr\u00e4na klart och f\u00e4lttesta denna nya f\u00f6rm\u00e5ga.<\/p>\n\n\n\n<p>Sen n\u00e4r det \u00e4r dags att \u00e5beropa Artikel 5 d\u00e5 har vi inget flyg kvar efter v\u00e5r tids Pearl Harbour.<\/p>\n\n\n\n<p>Jag vet inte varf\u00f6r belgarna var s\u00e5 \u00f6ppna med kr\u00e4nkningen men i Sverige har vi haft dr\u00f6nare \u00f6ver Karlskrona \u00f6rlogsbas och i Danmark \u00f6ver deras milit\u00e4ra installationer \u2013 hur m\u00e5nga har dom hemligh\u00e5llit. Norge, Danmark, Tyskland, Sverige, Polen, Belgien p\u00e5 n\u00e5n vecka.<\/p>\n\n\n\n<p>Det f\u00f6rsta vi fick h\u00f6ra var att Tyskland hade 500st observationer fram tills K2, en hemlig rapport som l\u00e4ckte.<\/p>\n\n\n\n<p>Men ingen har ber\u00e4ttat f\u00f6r oss att det \u00e4r dr\u00f6narsv\u00e4rmar, jag trodde fram tills nu att det var enstaka spaningsdr\u00f6nare bara v\u00e4ldigt m\u00e5nga g\u00e5nger. S\u00e5 gick diskussionen p\u00e5 johanno1.se och ingen hade uppfattat det annorlunda d\u00e4r \u2013 Johan No.1 k\u00e4nner sig grundligen totalbl\u00e5st \ud83d\ude21<\/p>\n\n\n\n<p>Ni h\u00f6r inget fr\u00e5n m\u00e5nga l\u00e4nder f\u00f6r dom h\u00e5ller tyst \u2013 det verkar som m\u00f6nstret \u00e4r att f\u00f6rst genomf\u00f6ra \u00f6vningen mot ett milit\u00e4rt m\u00e5l och sedan styr man \u00f6ver molnet till en flygplats och d\u00e5 utbrister alla \u201ddom st\u00f6r ut v\u00e5ra flygplatser\u201d.<\/p>\n\n\n\n<p>Det \u00e4r iallafall s\u00e5 det s\u00e5lts in till mig senaste veckorna, att Ryssland f\u00f6rs\u00f6kt st\u00f6ra ut v\u00e5ra passagerarflyg.<\/p>\n\n\n\n<p>S\u00e5 var det tydligen inte nu n\u00e4r belgarna sa f\u00f6r mycket &#8211; det verkar r\u00e4tt tydligt att Ryssland nu har \u00f6vat dr\u00f6narmoln mot milit\u00e4ra m\u00e5l i Europa, med dr\u00f6nare som kan f\u00e5 med sig en vettig verkansdel.<\/p>\n\n\n\n<p>Det finns 1000st fartyg i skuggflottan och Europa har noll koll p\u00e5 dom \u2013 dom ligger i ett p\u00e4rlband l\u00e4ngs med europas kuster just nu.<\/p>\n\n\n\n<p><a href=\"https:\/\/omni.se\/a\/QMd7dq\">https:\/\/omni.se\/a\/QMd7dq<\/a><\/p>\n\n\n\n<p>Den h\u00e4r dr\u00f6narf\u00f6rm\u00e5gan kommer i en container och man f\u00f6rprogrammerar v\u00e4l in m\u00e5len, kanske finns AI ocks\u00e5. Det vore ju inte s\u00e5 dumt om dom fl\u00f6g till en fast koordinat och d\u00e4refter autonomt letade m\u00e5ltyper som \u00e4r f\u00f6rprogrammerade?<\/p>\n\n\n\n<p>Vilket fartyg som helst kan f\u00e5 2-3 containers och tv\u00e5 operat\u00f6rer med en dator. Detta kan idag finnas p\u00e5 hundratals fartyg utan att vi k\u00e4nner till det.<\/p>\n\n\n\n<p>Ta er en titt p\u00e5 denna, 700st dr\u00f6nare i en container som \u00e4r airborne p\u00e5 n\u00e5gom minut \u2013 \u201dthe SWARM\u201d \ud83d\ude36<\/p>\n\n\n\n<p><a href=\"https:\/\/www.youtube-nocookie.com\/embed\/YxlcFnNmlCE?rel=0&amp;autoplay=0&amp;showinfo=0&amp;enablejsapi=0\">https:\/\/www.youtube-nocookie.com\/embed\/YxlcFnNmlCE?rel=0&amp;autoplay=0&amp;showinfo=0&amp;enablejsapi=0<\/a><\/p>\n\n\n\n<p>Kina skulle ha kunnat tillhandah\u00e5lla detta helt utan att svettas \u2013 nu var det FPV dr\u00f6nare men samma koncept g\u00e4ller v\u00e4l alla, iallafall Shaheds kan komma i containers och avfyras snett vertikalt.<\/p>\n\n\n\n<p>Ryssland har b\u00f6rjat anv\u00e4nda autonoma loitering-dr\u00f6nare i stor utstr\u00e4ckning vid fronterna s\u00e5 det finns uppskalat redan med autonoma AI dr\u00f6nare.<\/p>\n\n\n\n<p>Ryssland har ocks\u00e5 kvitto p\u00e5 att vi inte kan f\u00f6rsvara oss mot dr\u00f6narvapnet \u00e4nnu efter testerna i Polen, och nu \u00f6ver andra l\u00e4nder i Europa \u2013 om n\u00e5t \u00e5r kan vi f\u00f6rsvara oss men idag st\u00e5r vi d\u00e4r och f\u00f6ljer dom med blicken, om vi ens ser dom.<\/p>\n\n\n\n<p>Vi vet redan att Ryssland kommer eskalera och att Europa inte har ett f\u00f6rsvar men f\u00f6r mig hade en stark force-posture varit b\u00e4ttre \u00e4n detta fiasko \u2013 vi vederg\u00e4ller med n\u00e5got vi kan g\u00f6ra s\u00e5 Ryssland b\u00f6rjar k\u00e4nna sig oroade.<\/p>\n\n\n\n<p>Ist\u00e4llet tvingades Finland sl\u00e4ppa fartyget dom bordade.<\/p>\n\n\n\n<p>Om det blir ett ryskt f\u00f6rstaslag d\u00e5 \u00e4r v\u00e5rt flygvapen, robotf\u00f6rr\u00e5den, robotb\u00e4rare och annat som vi skulle anv\u00e4nda f\u00f6r vederg\u00e4llning bek\u00e4mpat s\u00e5 l\u00e5ngt Ryssland kunnat.<\/p>\n\n\n\n<p>Vi \u00e4r reaktiva och vi kommer inte \u00e5beropa Artikel 5 med mindre \u00e4n en s\u00e5n insats s\u00e5 Ryssland vet att dom kan sl\u00e5 f\u00f6rst och om dom har stor utdelning &#8211; d\u00e5 st\u00e5r Europa d\u00e4r utan n\u00e5gon m\u00f6jlighet till vederg\u00e4llning.<\/p>\n\n\n\n<p>USA utbrister d\u00e5 alla som fram tills nu t\u00e4vlat i att hata USA riktigt r\u00f6dgl\u00f6dgat \u2013 dom kommer vara fullt upptagna i Asien och att f\u00f6rs\u00f6ka r\u00e4dda Israel fr\u00e5n att k\u00f6ras \u00f6ver. USA har precis k\u00f6rt in mer f\u00f6rm\u00e5ga till MENA.<\/p>\n\n\n\n<p>USA och Ukraina kanske vet att det blir ett nytt Pearl Harbour redan, det \u00e4r d\u00e4rf\u00f6r Zelensky \u00e4r s\u00e5 sprallig och USA b\u00f6rjat hota Ryssland?<\/p>\n\n\n\n<p>F\u00f6r \u00f6vrigt s\u00e5 har ni inte sett g\u00e4ngen \u00e4nnu, eller sabot\u00f6rerna som infiltrerat. Dessa h\u00e5lls tillbaka tills det blir skymningsl\u00e4ge och dom finns det m\u00e5nga av.<\/p>\n\n\n\n<p>EU gav allts\u00e5 400 000st ryssar schengenvisum under 2024 s\u00e5 allt Ryssland velat infiltrera har dom k\u00f6rt in i EU \u2013 och nu n\u00e4r ni ser niv\u00e5n p\u00e5 dr\u00f6narkr\u00e4nkningarna, tror ni dom infiltrerat GRU operat\u00f6rer i stor m\u00e4ngd eller inte?<\/p>\n\n\n\n<p>Jag apilsk\u00e4mtar inte n\u00e4r jag s\u00e4ger g\u00e4ngmedlem + manpads n\u00e4ra flygbas, dom finns. N\u00e4r v\u00e5rt spetsflyg skall flyga skarpa uppdrag r\u00e4cker det med en g\u00e4ngmedlem p\u00e5 ett tak inom 4km fr\u00e5n flygplatsen s\u00e5 \u00e4r en F35 nedskjuten \u2013 alla flyg \u00e4r s\u00e5rbara vid start och landning.<\/p>\n\n\n\n<p>M\u00e5nga luras nog av v\u00e4sts passivitet att det inte \u00e4r ett hot vi ser \u2013 v\u00e5ra regeringar m\u00e5ste ju veta vad dom g\u00f6r och d\u00e4rf\u00f6r \u00e4r det ingen fara och Johan No.1 gallskriker f\u00f6r n\u00f6jes skull och f\u00f6r swish.<\/p>\n\n\n\n<p>Problemet \u00e4r att vi inte har n\u00e5got f\u00f6rsvar mot dr\u00f6narna s\u00e5 passiviteten \u00e4r f\u00f6r att vi inte kan g\u00f6ra n\u00e5got.<\/p>\n\n\n\n<p>FRA h\u00f6jer beredskapen vid alla sina installationer (fr\u00e5n MXT p\u00e5 johanno1.se) och det h\u00e4r \u00e4r allts\u00e5 i Sverige g\u00e4llande m\u00e5l som \u00e4r l\u00e5ngt under F35 eller robotlagren.<\/p>\n\n\n\n<p><a href=\"https:\/\/omni.se\/fra-hojer-beredskapen-ar-oroliga-for-sabotage\/a\/4B5zn9\">https:\/\/omni.se\/fra-hojer-beredskapen-ar-oroliga-for-sabotage\/a\/4B5zn9<\/a><\/p>\n\n\n\n<p>Omfall B eller vad fan det nu var \u00e4r h\u00f6gst plausibelt f\u00f6r vi kan inte f\u00f6rsvara oss mot ett f\u00f6rstaslag fr\u00e5n skuggflottan &#8211; och vi kan inte heller bek\u00e4mpa 2500st Gerandr\u00f6nare per m\u00e5nad.<\/p>\n\n\n\n<p>Om v\u00e5rt flyg och de f\u00e5 robotar vi har kvar bek\u00e4mpas p\u00e5 marken, vad har vi d\u00e5 kvar att vederg\u00e4lla med n\u00e4r vi v\u00e4l best\u00e4mt f\u00f6r att tv\u00e5la till Ryssland?<\/p>\n\n\n\n<p>B\u00f6rjar vi rulla meken \u00f6sterut f\u00e5r vi sen ocks\u00e5 ett f\u00f6rstatest p\u00e5 om vi l\u00e4rt oss 2025 \u00e5rs 3D krig \u2013 jag tror inte det men det \u00e5terst\u00e5r att se.<\/p>\n\n\n\n<p>Hur m\u00e5nga tror att Europa har kvar viljan att er\u00f6vra Moskva om v\u00e5rt Pearl Harbour blir d\u00f6dligt och den f\u00f6rsta konfrontationen p\u00e5 marken l\u00e4mnar 20st mekbrigader brinnande och bl\u00f6dande f\u00f6r att dom inte f\u00f6rst\u00e5tt krig 2025 \u00e4nnu?<\/p>\n\n\n\n<p>Varenda j\u00e4vla land kommer ha tv\u00e5 partier p\u00e5 varsin sida mittlinjen som gallskriker fred och pepprar parlamenten med misstroendevoteringar, i Frankrike \u00e4r det ig\u00e5ng och UK \u00e4r h\u00e4rn\u00e4st.<\/p>\n\n\n\n<p>Frankrike;<\/p>\n\n\n\n<p><a href=\"https:\/\/omni.se\/oppositionen-kraver-macrons-avgang\/a\/xmG8wn\">https:\/\/omni.se\/oppositionen-kraver-macrons-avgang\/a\/xmG8wn<\/a><\/p>\n\n\n\n<p>Finns viljan kvar efter en s\u00e5n sm\u00e4ll att \u00e5terta Baltikum?<\/p>\n\n\n\n<p>Magyar har redan ber\u00e4ttat f\u00f6r oss att han med sin dr\u00f6narbataljon kan sl\u00e5 ut allt spetsflyg i Europa p\u00e5 baserna \u2013 lyssnar vi verkligen inte, \u00e4r vi s\u00e5 naiva och arroganta fortfarande, jag vill inte tro det men allt tyder p\u00e5 att s\u00e5 \u00e4r det \ud83d\ude10<\/p>\n\n\n\n<p>Jag tycker nedan \u00e4r en bra beskrivning \u00f6ver hur det skulle kunna se ut, Kina ligger o\u00e4ndligt l\u00e5ngt framme i detta och RU har naturligtvis ett par \u00f6verraskningar p\u00e5 lager \u2013 en HMMRW splitterskyddad jeep med ett litet paket f\u00f6r 48st autonom AI dr\u00f6nare.<\/p>\n\n\n\n<p>Billigt, m\u00e5nga och f\u00f6rbandssatt redan.<\/p>\n\n\n\n<p>Jag undrar om \u201dloitering munitions\u201d som RU anv\u00e4nder alltmer av, s\u00e4kert \u00f6ver 1000st dagligen skulle kunna komma fr\u00e5n denna typ av kinesiska plattformar?<\/p>\n\n\n\n<p><a href=\"https:\/\/www.youtube-nocookie.com\/embed\/Ma3ya_lqCLM?rel=0&amp;autoplay=0&amp;showinfo=0&amp;enablejsapi=0\">https:\/\/www.youtube-nocookie.com\/embed\/Ma3ya_lqCLM?rel=0&amp;autoplay=0&amp;showinfo=0&amp;enablejsapi=0<\/a><\/p>\n\n\n\n<p>Luras inte att tro att vi \u00e4r i fred, Europa f\u00f6rbereder sig f\u00f6r krig just nu och det \u00e4r inte bort\u00e5t 2028-2029 utan vi f\u00f6rbereder oss f\u00f6r ett skymingsl\u00e4ge redan i n\u00e4rtid.<\/p>\n\n\n\n<p>H\u00f6r ni n\u00e5gon som varnar f\u00f6r krig om n\u00e5gra \u00e5r l\u00e4ngre eller har alla helt pl\u00f6tsligt tystnat och b\u00f6rjat \u00f6ka s\u00e4kerheten vid k\u00e4nsliga m\u00e5l ist\u00e4llet?<\/p>\n\n\n\n<figure class=\"wp-block-image is-resized\"><a class=\"image-link image2 is-viewable-img\" href=\"https:\/\/substackcdn.com\/image\/fetch\/$s_!Jsui!,f_auto,q_auto:good,fl_progressive:steep\/https%3A%2F%2Fsubstack-post-media.s3.amazonaws.com%2Fpublic%2Fimages%2F514d6d1e-5e4e-4938-a919-b766bbb2cce5_828x1262.jpeg\" target=\"_blank\" rel=\"noreferrer noopener\"><img decoding=\"async\" src=\"https:\/\/substackcdn.com\/image\/fetch\/$s_!Jsui!,w_1456,c_limit,f_auto,q_auto:good,fl_progressive:steep\/https%3A%2F%2Fsubstack-post-media.s3.amazonaws.com%2Fpublic%2Fimages%2F514d6d1e-5e4e-4938-a919-b766bbb2cce5_828x1262.jpeg\" alt=\"\" style=\"width:390px;height:auto\"\/><\/a><\/figure>\n\n\n\n<p>Fundera nu mycket noga varf\u00f6r v\u00e5ra mekbrigader d\u00e5 inte k\u00f6rt in i Baltikum som dom skall g\u00f6ra vid \u00f6kad hotbild \u2013 s\u00e5 lyder uppdragsbeskrivningen f\u00f6r dom och hela operationen \u00e4r centrerad kring detta. N\u00e4r hotbilden \u00f6kar d\u00e5 skall brigaderna till sina utg\u00e5ngsgrupperingar i Baltikum punkt.<\/p>\n\n\n\n<p>Europa \u00f6kar s\u00e4kerheten \u00f6verallt och NATO goes dark men de brigader som skall vara i Baltikum vid en s\u00e5dan h\u00f6jning \u00e4r inte i Baltikum.<\/p>\n\n\n\n<p>Slutsatsen kan bara bli att vi \u00e4r r\u00e4dda f\u00f6r att f\u00f6rlora dom \u2013 sj\u00e4lvbilden vs verkligheten.<\/p>\n\n\n\n<p>Vi vet att vi har en inte oansenlig kader j\u00e4gare i \u00f6stra Baltikum men det \u00e4r den totala bristen p\u00e5 sj\u00e4lvinsikt och vilja att ligga f\u00f6re i kurvan som fortfarande f\u00f6rv\u00e5nar mig \u2013 vi \u00e4r inte i fred vi \u00e4r redan i krig och att komma s\u00e4ttande med l\u00e5gaffektivt bem\u00f6tande och bjudpizza till Ryssland \u00e4r som att be om fullt krig och det \u00e4r Baltikum kommer f\u00e5 ta notan f\u00f6r detta.<\/p>\n\n\n\n<p>Vill ocks\u00e5 flagga f\u00f6r att jag under kommande tv\u00e5 veckor kommer b\u00f6rja l\u00e4gga inl\u00e4gg bakom betalv\u00e4gg p\u00e5 Substack.<\/p>\n\n\n\n<p>Vi har provk\u00f6rt johanno1.se och substackprofilen helt \u00f6ppet under snart ett \u00e5r med f\u00f6rhoppningen att donationer och prenumerationer skulle v\u00e4lla in som en flodv\u00e5g i en sydamerikansk regnskog men s\u00e5 blev det inte &#8211; vi har b\u00f6rjat acceptera att vi inte \u00e4r Stephen King \u00e4ven om det tar emot att f\u00e5 sj\u00e4lvbilden torpederad.<\/p>\n\n\n\n<p>Som alltid o\u00e4ndligt tacksam f\u00f6r de som donerar och prenumererar &#8211; och ni kan ju l\u00e4sa allt \u00e4ven framledes, vi skall f\u00f6rs\u00f6ka f\u00e5 det att fungera med hemsidan och \u00e4r det n\u00e5gon som donerat d\u00e4r f\u00f6r att l\u00e4sa inl\u00e4ggen skall det naturligtvis l\u00f6sas \u2013 vi \u00e4r \u00e4rligare \u00e4n en landsbygdspr\u00e4st.<\/p>\n\n\n\n<p>Som vi f\u00f6rs\u00f6ker f\u00f6rmedla mellan varven s\u00e5 l\u00e4gger jag sj\u00e4lv, och inte minst MXT, enormt med tid p\u00e5 detta och vi f\u00f6rs\u00f6ker skriva s\u00e5nt som l\u00e4ses, och hoppas naturligtvis p\u00e5 att de som l\u00e4ser ocks\u00e5 kan t\u00e4nka sig att st\u00f6dja verksamheten.<\/p>\n\n\n\n<p>Det vi vill f\u00f6rs\u00f6ka uppn\u00e5 \u00e4r en positiv loop d\u00e4r prenumerationer g\u00f6r att vi kan l\u00e4gga mer tid p\u00e5 detta och f\u00f6rb\u00e4ttra kontent &#8211; men n\u00e4r allt \u00e4r f\u00f6rblir ideellt g\u00e5r det inte i det l\u00e5nga loppet &#8211; och vi b\u00f6rjar nu komma in p\u00e5 upploppsrakan.<\/p>\n\n\n\n<p>S\u00e5 ett sista hurra och allt p\u00e5 r\u00f6tt f\u00f6r att se om viljan att l\u00e4sa \u00e4r s\u00e5 stor som vi hoppas att den \u00e4r.<\/p>\n\n\n\n<p>Jag satt till exempel idag och t\u00e4nkte kring detta och ins\u00e5g att jag varje morgon min tid (runt lunch er tid) g\u00e5r in p\u00e5 johanno1.se och l\u00e4ser av vad MXT och 205 har postat i ett fyrtiotal inl\u00e4gg innan jag l\u00e4ser n\u00e5got annat f\u00f6r jag vet att dom sammanfattat allt som \u00e4r l\u00e4sv\u00e4rt under dagen.<\/p>\n\n\n\n<p>De tre inl\u00e4gg om U137 som kommer postas totalt \u00e4r det ungef\u00e4r en (full) veckas arbetstid bakom \u2013 med tanke p\u00e5 den o\u00e4rlighet som styrt debatten och att det skrivs b\u00f6cker och produceras dokument\u00e4rer med en agenda d\u00e4r den enda som gynnas \u00e4r Ryssland s\u00e5 tycker jag det finns ett stort nyhetsv\u00e4rde i att sammanfatta den information som finns p\u00e5 ett s\u00e4tt som \u00e4r l\u00e4tt att ta till sig.<\/p>\n\n\n\n<p>Jag kan ocks\u00e5 tycka att europas h\u00f6gst bristf\u00e4lliga f\u00f6rberedelser inf\u00f6r det som fortfarande kan bli v\u00e5r tids globala konflikt om vi inte stampar ut den snart ocks\u00e5 har ett nyhetsv\u00e4rde d\u00e5 min uppfattning \u00e4r att alltf\u00f6r f\u00e5 inser allvaret i detta och tror att det \u00e4r begr\u00e4nsat till Ukraina fortfarande.<\/p>\n","protected":false},"excerpt":{"rendered":"<p>Dr\u00f6narna i Belgien &#8211; En f\u00f6rberedelse inf\u00f6r en rysk attack med dr\u00f6narsv\u00e4rmar mot Europa?<\/p>\n","protected":false},"author":3,"featured_media":2960,"comment_status":"open","ping_status":"open","sticky":false,"template":"","format":"standard","meta":{"site-sidebar-layout":"default","site-content-layout":"","ast-site-content-layout":"default","site-content-style":"default","site-sidebar-style":"default","ast-global-header-display":"","ast-banner-title-visibility":"","ast-main-header-display":"","ast-hfb-above-header-display":"","ast-hfb-below-header-display":"","ast-hfb-mobile-header-display":"","site-post-title":"","ast-breadcrumbs-content":"","ast-featured-img":"","footer-sml-layout":"","ast-disable-related-posts":"","theme-transparent-header-meta":"","adv-header-id-meta":"","stick-header-meta":"","header-above-stick-meta":"","header-main-stick-meta":"","header-below-stick-meta":"","astra-migrate-meta-layouts":"default","ast-page-background-enabled":"default","ast-page-background-meta":{"desktop":{"background-color":"var(--ast-global-color-4)","background-image":"","background-repeat":"repeat","background-position":"center center","background-size":"auto","background-attachment":"scroll","background-type":"","background-media":"","overlay-type":"","overlay-color":"","overlay-opacity":"","overlay-gradient":""},"tablet":{"background-color":"","background-image":"","background-repeat":"repeat","background-position":"center center","background-size":"auto","background-attachment":"scroll","background-type":"","background-media":"","overlay-type":"","overlay-color":"","overlay-opacity":"","overlay-gradient":""},"mobile":{"background-color":"","background-image":"","background-repeat":"repeat","background-position":"center center","background-size":"auto","background-attachment":"scroll","background-type":"","background-media":"","overlay-type":"","overlay-color":"","overlay-opacity":"","overlay-gradient":""}},"ast-content-background-meta":{"desktop":{"background-color":"var(--ast-global-color-5)","background-image":"","background-repeat":"repeat","background-position":"center center","background-size":"auto","background-attachment":"scroll","background-type":"","background-media":"","overlay-type":"","overlay-color":"","overlay-opacity":"","overlay-gradient":""},"tablet":{"background-color":"var(--ast-global-color-5)","background-image":"","background-repeat":"repeat","background-position":"center center","background-size":"auto","background-attachment":"scroll","background-type":"","background-media":"","overlay-type":"","overlay-color":"","overlay-opacity":"","overlay-gradient":""},"mobile":{"background-color":"var(--ast-global-color-5)","background-image":"","background-repeat":"repeat","background-position":"center center","background-size":"auto","background-attachment":"scroll","background-type":"","background-media":"","overlay-type":"","overlay-color":"","overlay-opacity":"","overlay-gradient":""}},"footnotes":""},"categories":[18],"tags":[],"class_list":["post-2947","post","type-post","status-publish","format-standard","has-post-thumbnail","hentry","category-ukraina"],"yoast_head":"<!-- This site is optimized with the Yoast SEO plugin v27.5 - https:\/\/yoast.com\/product\/yoast-seo-wordpress\/ -->\n<title>Ukraina daglig uppdatering 7 Oktober 2025 - Kriget i Ukraina<\/title>\n<meta name=\"robots\" content=\"index, follow, max-snippet:-1, max-image-preview:large, max-video-preview:-1\" \/>\n<link rel=\"canonical\" href=\"https:\/\/johanno1.se\/sv\/ukraina-daglig-uppdatering-7-oktober-2025\/\" \/>\n<meta property=\"og:locale\" content=\"sv_SE\" \/>\n<meta property=\"og:type\" content=\"article\" \/>\n<meta property=\"og:title\" content=\"Ukraina daglig uppdatering 7 Oktober 2025 - Kriget i Ukraina\" \/>\n<meta property=\"og:description\" content=\"Dr\u00f6narna i Belgien - En f\u00f6rberedelse inf\u00f6r en rysk attack med dr\u00f6narsv\u00e4rmar mot Europa?\" \/>\n<meta property=\"og:url\" content=\"https:\/\/johanno1.se\/sv\/ukraina-daglig-uppdatering-7-oktober-2025\/\" \/>\n<meta property=\"og:site_name\" content=\"Johan No.1\" \/>\n<meta property=\"article:published_time\" content=\"2025-10-07T05:01:00+00:00\" \/>\n<meta property=\"article:modified_time\" content=\"2025-10-08T04:44:31+00:00\" \/>\n<meta property=\"og:image\" content=\"https:\/\/johanno1.se\/wp-content\/uploads\/2025\/10\/ChatGPT-Image-7-okt.-2025-11_25_19-1024x683.png\" \/>\n\t<meta property=\"og:image:width\" content=\"1024\" \/>\n\t<meta property=\"og:image:height\" content=\"683\" \/>\n\t<meta property=\"og:image:type\" content=\"image\/png\" \/>\n<meta name=\"author\" content=\"johan No.1\" \/>\n<meta name=\"twitter:card\" content=\"summary_large_image\" \/>\n<meta name=\"twitter:label1\" content=\"Skriven av\" \/>\n\t<meta name=\"twitter:data1\" content=\"johan No.1\" \/>\n\t<meta name=\"twitter:label2\" content=\"Ber\u00e4knad l\u00e4stid\" \/>\n\t<meta name=\"twitter:data2\" content=\"12 minuter\" \/>\n<script type=\"application\/ld+json\" class=\"yoast-schema-graph\">{\"@context\":\"https:\\\/\\\/schema.org\",\"@graph\":[{\"@type\":\"Article\",\"@id\":\"https:\\\/\\\/johanno1.se\\\/sv\\\/ukraina-daglig-uppdatering-7-oktober-2025\\\/#article\",\"isPartOf\":{\"@id\":\"https:\\\/\\\/johanno1.se\\\/sv\\\/ukraina-daglig-uppdatering-7-oktober-2025\\\/\"},\"author\":{\"name\":\"johan No.1\",\"@id\":\"https:\\\/\\\/johanno1.se\\\/sv\\\/#\\\/schema\\\/person\\\/1dec165f070bde263b30eaf3c0a742e7\"},\"headline\":\"Ukraina daglig uppdatering 7 Oktober 2025\",\"datePublished\":\"2025-10-07T05:01:00+00:00\",\"dateModified\":\"2025-10-08T04:44:31+00:00\",\"mainEntityOfPage\":{\"@id\":\"https:\\\/\\\/johanno1.se\\\/sv\\\/ukraina-daglig-uppdatering-7-oktober-2025\\\/\"},\"wordCount\":2671,\"commentCount\":110,\"publisher\":{\"@id\":\"https:\\\/\\\/johanno1.se\\\/sv\\\/#organization\"},\"image\":{\"@id\":\"https:\\\/\\\/johanno1.se\\\/sv\\\/ukraina-daglig-uppdatering-7-oktober-2025\\\/#primaryimage\"},\"thumbnailUrl\":\"https:\\\/\\\/johanno1.se\\\/wp-content\\\/uploads\\\/2025\\\/10\\\/ChatGPT-Image-7-okt.-2025-11_25_19.png\",\"articleSection\":[\"Kriget i Ukraina\"],\"inLanguage\":\"sv-SE\",\"potentialAction\":[{\"@type\":\"CommentAction\",\"name\":\"Comment\",\"target\":[\"https:\\\/\\\/johanno1.se\\\/sv\\\/ukraina-daglig-uppdatering-7-oktober-2025\\\/#respond\"]}]},{\"@type\":\"WebPage\",\"@id\":\"https:\\\/\\\/johanno1.se\\\/sv\\\/ukraina-daglig-uppdatering-7-oktober-2025\\\/\",\"url\":\"https:\\\/\\\/johanno1.se\\\/sv\\\/ukraina-daglig-uppdatering-7-oktober-2025\\\/\",\"name\":\"Ukraina daglig uppdatering 7 Oktober 2025 - Kriget i Ukraina\",\"isPartOf\":{\"@id\":\"https:\\\/\\\/johanno1.se\\\/sv\\\/#website\"},\"primaryImageOfPage\":{\"@id\":\"https:\\\/\\\/johanno1.se\\\/sv\\\/ukraina-daglig-uppdatering-7-oktober-2025\\\/#primaryimage\"},\"image\":{\"@id\":\"https:\\\/\\\/johanno1.se\\\/sv\\\/ukraina-daglig-uppdatering-7-oktober-2025\\\/#primaryimage\"},\"thumbnailUrl\":\"https:\\\/\\\/johanno1.se\\\/wp-content\\\/uploads\\\/2025\\\/10\\\/ChatGPT-Image-7-okt.-2025-11_25_19.png\",\"datePublished\":\"2025-10-07T05:01:00+00:00\",\"dateModified\":\"2025-10-08T04:44:31+00:00\",\"breadcrumb\":{\"@id\":\"https:\\\/\\\/johanno1.se\\\/sv\\\/ukraina-daglig-uppdatering-7-oktober-2025\\\/#breadcrumb\"},\"inLanguage\":\"sv-SE\",\"potentialAction\":[{\"@type\":\"ReadAction\",\"target\":[\"https:\\\/\\\/johanno1.se\\\/sv\\\/ukraina-daglig-uppdatering-7-oktober-2025\\\/\"]}]},{\"@type\":\"ImageObject\",\"inLanguage\":\"sv-SE\",\"@id\":\"https:\\\/\\\/johanno1.se\\\/sv\\\/ukraina-daglig-uppdatering-7-oktober-2025\\\/#primaryimage\",\"url\":\"https:\\\/\\\/johanno1.se\\\/wp-content\\\/uploads\\\/2025\\\/10\\\/ChatGPT-Image-7-okt.-2025-11_25_19.png\",\"contentUrl\":\"https:\\\/\\\/johanno1.se\\\/wp-content\\\/uploads\\\/2025\\\/10\\\/ChatGPT-Image-7-okt.-2025-11_25_19.png\",\"width\":1536,\"height\":1024},{\"@type\":\"BreadcrumbList\",\"@id\":\"https:\\\/\\\/johanno1.se\\\/sv\\\/ukraina-daglig-uppdatering-7-oktober-2025\\\/#breadcrumb\",\"itemListElement\":[{\"@type\":\"ListItem\",\"position\":1,\"name\":\"Hem\",\"item\":\"https:\\\/\\\/johanno1.se\\\/sv\\\/\"},{\"@type\":\"ListItem\",\"position\":2,\"name\":\"Ukraina daglig uppdatering 7 Oktober 2025\"}]},{\"@type\":\"WebSite\",\"@id\":\"https:\\\/\\\/johanno1.se\\\/sv\\\/#website\",\"url\":\"https:\\\/\\\/johanno1.se\\\/sv\\\/\",\"name\":\"Johan No.1\",\"description\":\"Kriget i Ukraina - V\u00e4rldsledande omv\u00e4rldsanalys fr\u00e5n Svensksund till den ryska brakf\u00f6rlusten i Ukraina\",\"publisher\":{\"@id\":\"https:\\\/\\\/johanno1.se\\\/sv\\\/#organization\"},\"potentialAction\":[{\"@type\":\"SearchAction\",\"target\":{\"@type\":\"EntryPoint\",\"urlTemplate\":\"https:\\\/\\\/johanno1.se\\\/sv\\\/?s={search_term_string}\"},\"query-input\":{\"@type\":\"PropertyValueSpecification\",\"valueRequired\":true,\"valueName\":\"search_term_string\"}}],\"inLanguage\":\"sv-SE\"},{\"@type\":\"Organization\",\"@id\":\"https:\\\/\\\/johanno1.se\\\/sv\\\/#organization\",\"name\":\"Johan No. 1\",\"url\":\"https:\\\/\\\/johanno1.se\\\/sv\\\/\",\"logo\":{\"@type\":\"ImageObject\",\"inLanguage\":\"sv-SE\",\"@id\":\"https:\\\/\\\/johanno1.se\\\/sv\\\/#\\\/schema\\\/logo\\\/image\\\/\",\"url\":\"https:\\\/\\\/johanno1.se\\\/wp-content\\\/uploads\\\/2025\\\/03\\\/cropped-No1-Logo.png\",\"contentUrl\":\"https:\\\/\\\/johanno1.se\\\/wp-content\\\/uploads\\\/2025\\\/03\\\/cropped-No1-Logo.png\",\"width\":512,\"height\":512,\"caption\":\"Johan No. 1\"},\"image\":{\"@id\":\"https:\\\/\\\/johanno1.se\\\/sv\\\/#\\\/schema\\\/logo\\\/image\\\/\"}},{\"@type\":\"Person\",\"@id\":\"https:\\\/\\\/johanno1.se\\\/sv\\\/#\\\/schema\\\/person\\\/1dec165f070bde263b30eaf3c0a742e7\",\"name\":\"johan No.1\",\"image\":{\"@type\":\"ImageObject\",\"inLanguage\":\"sv-SE\",\"@id\":\"https:\\\/\\\/secure.gravatar.com\\\/avatar\\\/06f93864ed6b830e2782e60575fff112f1c61c52bb10b194131e0e333191695b?s=96&d=mm&r=g\",\"url\":\"https:\\\/\\\/secure.gravatar.com\\\/avatar\\\/06f93864ed6b830e2782e60575fff112f1c61c52bb10b194131e0e333191695b?s=96&d=mm&r=g\",\"contentUrl\":\"https:\\\/\\\/secure.gravatar.com\\\/avatar\\\/06f93864ed6b830e2782e60575fff112f1c61c52bb10b194131e0e333191695b?s=96&d=mm&r=g\",\"caption\":\"johan No.1\"},\"url\":\"https:\\\/\\\/johanno1.se\\\/sv\\\/author\\\/johan\\\/\"}]}<\/script>\n<!-- \/ Yoast SEO plugin. -->","yoast_head_json":{"title":"Ukraina daglig uppdatering 7 Oktober 2025 - Kriget i Ukraina","robots":{"index":"index","follow":"follow","max-snippet":"max-snippet:-1","max-image-preview":"max-image-preview:large","max-video-preview":"max-video-preview:-1"},"canonical":"https:\/\/johanno1.se\/sv\/ukraina-daglig-uppdatering-7-oktober-2025\/","og_locale":"sv_SE","og_type":"article","og_title":"Ukraina daglig uppdatering 7 Oktober 2025 - Kriget i Ukraina","og_description":"Dr\u00f6narna i Belgien - En f\u00f6rberedelse inf\u00f6r en rysk attack med dr\u00f6narsv\u00e4rmar mot Europa?","og_url":"https:\/\/johanno1.se\/sv\/ukraina-daglig-uppdatering-7-oktober-2025\/","og_site_name":"Johan No.1","article_published_time":"2025-10-07T05:01:00+00:00","article_modified_time":"2025-10-08T04:44:31+00:00","og_image":[{"width":1024,"height":683,"url":"https:\/\/johanno1.se\/wp-content\/uploads\/2025\/10\/ChatGPT-Image-7-okt.-2025-11_25_19-1024x683.png","type":"image\/png"}],"author":"johan No.1","twitter_card":"summary_large_image","twitter_misc":{"Skriven av":"johan No.1","Ber\u00e4knad l\u00e4stid":"12 minuter"},"schema":{"@context":"https:\/\/schema.org","@graph":[{"@type":"Article","@id":"https:\/\/johanno1.se\/sv\/ukraina-daglig-uppdatering-7-oktober-2025\/#article","isPartOf":{"@id":"https:\/\/johanno1.se\/sv\/ukraina-daglig-uppdatering-7-oktober-2025\/"},"author":{"name":"johan No.1","@id":"https:\/\/johanno1.se\/sv\/#\/schema\/person\/1dec165f070bde263b30eaf3c0a742e7"},"headline":"Ukraina daglig uppdatering 7 Oktober 2025","datePublished":"2025-10-07T05:01:00+00:00","dateModified":"2025-10-08T04:44:31+00:00","mainEntityOfPage":{"@id":"https:\/\/johanno1.se\/sv\/ukraina-daglig-uppdatering-7-oktober-2025\/"},"wordCount":2671,"commentCount":110,"publisher":{"@id":"https:\/\/johanno1.se\/sv\/#organization"},"image":{"@id":"https:\/\/johanno1.se\/sv\/ukraina-daglig-uppdatering-7-oktober-2025\/#primaryimage"},"thumbnailUrl":"https:\/\/johanno1.se\/wp-content\/uploads\/2025\/10\/ChatGPT-Image-7-okt.-2025-11_25_19.png","articleSection":["Kriget i Ukraina"],"inLanguage":"sv-SE","potentialAction":[{"@type":"CommentAction","name":"Comment","target":["https:\/\/johanno1.se\/sv\/ukraina-daglig-uppdatering-7-oktober-2025\/#respond"]}]},{"@type":"WebPage","@id":"https:\/\/johanno1.se\/sv\/ukraina-daglig-uppdatering-7-oktober-2025\/","url":"https:\/\/johanno1.se\/sv\/ukraina-daglig-uppdatering-7-oktober-2025\/","name":"Ukraina daglig uppdatering 7 Oktober 2025 - Kriget i Ukraina","isPartOf":{"@id":"https:\/\/johanno1.se\/sv\/#website"},"primaryImageOfPage":{"@id":"https:\/\/johanno1.se\/sv\/ukraina-daglig-uppdatering-7-oktober-2025\/#primaryimage"},"image":{"@id":"https:\/\/johanno1.se\/sv\/ukraina-daglig-uppdatering-7-oktober-2025\/#primaryimage"},"thumbnailUrl":"https:\/\/johanno1.se\/wp-content\/uploads\/2025\/10\/ChatGPT-Image-7-okt.-2025-11_25_19.png","datePublished":"2025-10-07T05:01:00+00:00","dateModified":"2025-10-08T04:44:31+00:00","breadcrumb":{"@id":"https:\/\/johanno1.se\/sv\/ukraina-daglig-uppdatering-7-oktober-2025\/#breadcrumb"},"inLanguage":"sv-SE","potentialAction":[{"@type":"ReadAction","target":["https:\/\/johanno1.se\/sv\/ukraina-daglig-uppdatering-7-oktober-2025\/"]}]},{"@type":"ImageObject","inLanguage":"sv-SE","@id":"https:\/\/johanno1.se\/sv\/ukraina-daglig-uppdatering-7-oktober-2025\/#primaryimage","url":"https:\/\/johanno1.se\/wp-content\/uploads\/2025\/10\/ChatGPT-Image-7-okt.-2025-11_25_19.png","contentUrl":"https:\/\/johanno1.se\/wp-content\/uploads\/2025\/10\/ChatGPT-Image-7-okt.-2025-11_25_19.png","width":1536,"height":1024},{"@type":"BreadcrumbList","@id":"https:\/\/johanno1.se\/sv\/ukraina-daglig-uppdatering-7-oktober-2025\/#breadcrumb","itemListElement":[{"@type":"ListItem","position":1,"name":"Hem","item":"https:\/\/johanno1.se\/sv\/"},{"@type":"ListItem","position":2,"name":"Ukraina daglig uppdatering 7 Oktober 2025"}]},{"@type":"WebSite","@id":"https:\/\/johanno1.se\/sv\/#website","url":"https:\/\/johanno1.se\/sv\/","name":"Johan No.1","description":"Kriget i Ukraina - V\u00e4rldsledande omv\u00e4rldsanalys fr\u00e5n Svensksund till den ryska brakf\u00f6rlusten i Ukraina","publisher":{"@id":"https:\/\/johanno1.se\/sv\/#organization"},"potentialAction":[{"@type":"SearchAction","target":{"@type":"EntryPoint","urlTemplate":"https:\/\/johanno1.se\/sv\/?s={search_term_string}"},"query-input":{"@type":"PropertyValueSpecification","valueRequired":true,"valueName":"search_term_string"}}],"inLanguage":"sv-SE"},{"@type":"Organization","@id":"https:\/\/johanno1.se\/sv\/#organization","name":"Johan No. 1","url":"https:\/\/johanno1.se\/sv\/","logo":{"@type":"ImageObject","inLanguage":"sv-SE","@id":"https:\/\/johanno1.se\/sv\/#\/schema\/logo\/image\/","url":"https:\/\/johanno1.se\/wp-content\/uploads\/2025\/03\/cropped-No1-Logo.png","contentUrl":"https:\/\/johanno1.se\/wp-content\/uploads\/2025\/03\/cropped-No1-Logo.png","width":512,"height":512,"caption":"Johan No. 1"},"image":{"@id":"https:\/\/johanno1.se\/sv\/#\/schema\/logo\/image\/"}},{"@type":"Person","@id":"https:\/\/johanno1.se\/sv\/#\/schema\/person\/1dec165f070bde263b30eaf3c0a742e7","name":"johan No.1","image":{"@type":"ImageObject","inLanguage":"sv-SE","@id":"https:\/\/secure.gravatar.com\/avatar\/06f93864ed6b830e2782e60575fff112f1c61c52bb10b194131e0e333191695b?s=96&d=mm&r=g","url":"https:\/\/secure.gravatar.com\/avatar\/06f93864ed6b830e2782e60575fff112f1c61c52bb10b194131e0e333191695b?s=96&d=mm&r=g","contentUrl":"https:\/\/secure.gravatar.com\/avatar\/06f93864ed6b830e2782e60575fff112f1c61c52bb10b194131e0e333191695b?s=96&d=mm&r=g","caption":"johan No.1"},"url":"https:\/\/johanno1.se\/sv\/author\/johan\/"}]}},"_links":{"self":[{"href":"https:\/\/johanno1.se\/sv\/wp-json\/wp\/v2\/posts\/2947","targetHints":{"allow":["GET"]}}],"collection":[{"href":"https:\/\/johanno1.se\/sv\/wp-json\/wp\/v2\/posts"}],"about":[{"href":"https:\/\/johanno1.se\/sv\/wp-json\/wp\/v2\/types\/post"}],"author":[{"embeddable":true,"href":"https:\/\/johanno1.se\/sv\/wp-json\/wp\/v2\/users\/3"}],"replies":[{"embeddable":true,"href":"https:\/\/johanno1.se\/sv\/wp-json\/wp\/v2\/comments?post=2947"}],"version-history":[{"count":2,"href":"https:\/\/johanno1.se\/sv\/wp-json\/wp\/v2\/posts\/2947\/revisions"}],"predecessor-version":[{"id":2963,"href":"https:\/\/johanno1.se\/sv\/wp-json\/wp\/v2\/posts\/2947\/revisions\/2963"}],"wp:featuredmedia":[{"embeddable":true,"href":"https:\/\/johanno1.se\/sv\/wp-json\/wp\/v2\/media\/2960"}],"wp:attachment":[{"href":"https:\/\/johanno1.se\/sv\/wp-json\/wp\/v2\/media?parent=2947"}],"wp:term":[{"taxonomy":"category","embeddable":true,"href":"https:\/\/johanno1.se\/sv\/wp-json\/wp\/v2\/categories?post=2947"},{"taxonomy":"post_tag","embeddable":true,"href":"https:\/\/johanno1.se\/sv\/wp-json\/wp\/v2\/tags?post=2947"}],"curies":[{"name":"wp","href":"https:\/\/api.w.org\/{rel}","templated":true}]}}