{"id":3031,"date":"2025-10-15T07:01:00","date_gmt":"2025-10-15T05:01:00","guid":{"rendered":"https:\/\/johanno1.se\/?p=3031"},"modified":"2025-10-16T08:27:06","modified_gmt":"2025-10-16T06:27:06","slug":"nar-kriget-kommer-15-oktober-2025","status":"publish","type":"post","link":"https:\/\/johanno1.se\/sv\/nar-kriget-kommer-15-oktober-2025\/","title":{"rendered":"N\u00e4r kriget kommer 15 Oktober 2025"},"content":{"rendered":"\n<figure class=\"wp-block-image size-full\"><img loading=\"lazy\" decoding=\"async\" width=\"356\" height=\"265\" src=\"https:\/\/johanno1.se\/wp-content\/uploads\/2025\/10\/1.-Narva.png\" alt=\"\" class=\"wp-image-3032\" srcset=\"https:\/\/johanno1.se\/wp-content\/uploads\/2025\/10\/1.-Narva.png 356w, https:\/\/johanno1.se\/wp-content\/uploads\/2025\/10\/1.-Narva-300x223.png 300w\" sizes=\"auto, (max-width: 356px) 100vw, 356px\" \/><\/figure>\n\n\n\n<p>Nu har iallafall Carsten Breuers katastrofala analys fr\u00e5n i somras kastats ut med badvattnet av tyskarna sj\u00e4lva \u2013 Ryssland avser anfalla NATO land, och det kan ske n\u00e4rsomhelst.<\/p>\n\n\n\n<p>Fram tills nu trodde ju alla utom oss som l\u00e4st tr\u00e5den att det var 2028 tidigast.<\/p>\n\n\n\n<p>Jag tror dom l\u00e4ste inl\u00e4ggen p\u00e5 johanno1.se f\u00f6r det var massa bes\u00f6kare fr\u00e5n Tyskland nyligen med namn som \u201dspy-chief-ralf\u201d och \u201dsauerkraut55\u201d.<\/p>\n\n\n\n<p><a href=\"https:\/\/kyivindependent.com\/russia-ready-for-hot-confrontation-with-europe-at-any-moment-german-intelligence-head-warns\">https:\/\/kyivindependent.com\/russia-ready-for-hot-confrontation-with-europe-at-any-moment-german-intelligence-head-warns<\/a><\/p>\n\n\n\n<p>USA var mer \u00e4n lovligt sena in i matchen och jag b\u00f6rjade p\u00e5 goda grunder misst\u00e4nka att dom f\u00f6rs\u00f6kte f\u00e5 in Europa under ryskt kallt krig igen f\u00f6r att kunna s\u00e4lja p\u00e5 oss s\u00e4kerhet till femdubbla priset, igen.<\/p>\n\n\n\n<p>Att dom till sist ins\u00e5g sitt misstag \u00e4r nog den troligaste f\u00f6rklaringen snarare \u00e4n att dom f\u00f6rs\u00f6kte tvinga oss i n\u00e5gon riktning genom 5D schack-manipulation.<\/p>\n\n\n\n<p>Vi ligger efter p\u00e5 kurvan men det betyder ocks\u00e5 att vi kan h\u00e5lla ut l\u00e4ngre \u00e4n de l\u00e4nder som redan g\u00e5tt upp i krigsekonomi \u2013 Ryssland.<\/p>\n\n\n\n<p>Vi skall skrika oss hesa \u00f6ver att Europa inte f\u00f6rberett sig och USA har samma problem, motst\u00e5ndarna har t\u00e5lmodigt f\u00f6rberett sig f\u00f6r detta krig i 15-20 \u00e5r redan.<\/p>\n\n\n\n<p>Kina str\u00f6p precis jordartsmetallerna s\u00e5 vi inte kan bygga klart v\u00e5r krigsmateriel, detta har vi varnat upprepade g\u00e5nger f\u00f6r v\u00e4ldigt l\u00e4nge.<\/p>\n\n\n\n<p><a href=\"https:\/\/www.reuters.com\/world\/china\/how-chinas-new-rare-earth-export-controls-work-2025-10-10\">https:\/\/www.reuters.com\/world\/china\/how-chinas-new-rare-earth-export-controls-work-2025-10-10<\/a><\/p>\n\n\n\n<p>Men det \u00e4r inte samma som att sl\u00e4nga upp med armarna och s\u00e4ga att det \u00e4r k\u00f6rt. Det som v\u00e5ra politikers senf\u00e4rdighet kommer resultera i \u00e4r m\u00e5nga stupade och o\u00e4ndligt med tragedier precis som i Ukraina men vi \u00e4r nu snart vid b\u00f6rjan av v\u00e5r tids globala konflikt \u2013 och vi kommer ta fajten med det vi har.<\/p>\n\n\n\n<p>Om Ukraina innan sommaren 2026 lyckats f\u00e5 in Ryssland i full revolution kanske gr\u00e4sbranden g\u00e5r att sl\u00e4cka men dom \u00e4r bara ett litet land som g\u00f6r s\u00e5 gott dom kan \u2013 vi hoppas men f\u00e5r inte r\u00e4kna hem det.<\/p>\n\n\n\n<p>Andra alternativet \u00e4r om USA och Europa lyckas kollapsa Kina ekonomiskt men det \u00e4r ocks\u00e5 mindre troligt d\u00e5 Kina b\u00f6rjar g\u00e5 upp i krigsekonomi och vid n\u00e5got tillf\u00e4lle har landet genom det en tolerans dom inte annars skulle ha.<\/p>\n\n\n\n<p>Schackbordet \u00e4r inte \u00f6verdrivet sv\u00e5rt \u2013 p\u00e5 den m\u00f6rka onda sidan st\u00e5r Kina, Ryssland, Iran, Nordkorea och n\u00e5gra till som sitter p\u00e5 st\u00e4ngslet, och dom g\u00e5r emot mellanstatliga krig med oss.<\/p>\n\n\n\n<p>P\u00e5 den goda sidan st\u00e5r USA, Europa, Australien, Nya Zeeland, Thailand, Japan, Sydkorea och kanske Indien (vi f\u00e5r se&#8230;). Jag v\u00e5gar allts\u00e5 inte skriva vita sidan f\u00f6r det skulle kunna uppfattas som rasprofilering.<\/p>\n\n\n\n<p>Europas torn och l\u00f6pare \u00e4r Ukraina. USAs torn och l\u00f6pare \u00e4r Europa, Japan, Australien, Sydkorea et.al.<\/p>\n\n\n\n<p>Europa har sent omsider verkat acceptera att Ukraina st\u00e5r emellan oss och v\u00e4ldigt mycket d\u00f6d.<\/p>\n\n\n\n<p>USA verkar sent omsider ha f\u00f6rst\u00e5tt att det var en d\u00e5lig id\u00e9 att trycka dit sina allierade precis innan ett stort krig.<\/p>\n\n\n\n<p>Jag tror vi kan s\u00e4ga att pj\u00e4serna p\u00e5 schackbordet nu st\u00e5r uppst\u00e4llda iallafall \u2013 s\u00e5 l\u00e5ngt har vi kommit.<\/p>\n\n\n\n<p>Nu \u00e4r det allts\u00e5 dags att gl\u00f6mma gamla synder \u00e4ven om Trump fortfarande k\u00f6r sin pump-and-dump p\u00e5 b\u00f6rsen.<\/p>\n\n\n\n<figure class=\"wp-block-image is-resized\"><a class=\"image-link image2 is-viewable-img\" href=\"https:\/\/substackcdn.com\/image\/fetch\/$s_!8KYT!,f_auto,q_auto:good,fl_progressive:steep\/https%3A%2F%2Fsubstack-post-media.s3.amazonaws.com%2Fpublic%2Fimages%2F4e5c453b-363a-4327-bde2-64d3a660b0f7_828x1045.jpeg\" target=\"_blank\" rel=\"noreferrer noopener\"><img decoding=\"async\" src=\"https:\/\/substackcdn.com\/image\/fetch\/$s_!8KYT!,w_1456,c_limit,f_auto,q_auto:good,fl_progressive:steep\/https%3A%2F%2Fsubstack-post-media.s3.amazonaws.com%2Fpublic%2Fimages%2F4e5c453b-363a-4327-bde2-64d3a660b0f7_828x1045.jpeg\" alt=\"\" style=\"width:370px;height:auto\"\/><\/a><\/figure>\n\n\n\n<p>Och det \u00e4r dags att acceptera att vi ligger efter p\u00e5 kurvan och kommer f\u00e5 o\u00e4ndligt med stupade p\u00e5 grund av det, men att vi kommer ut vinnande i slut\u00e4ndan f\u00f6r den fria v\u00e4rlden har i hundratals \u00e5r gjort p\u00e5 precis detta s\u00e4tt och det har fungerat.<\/p>\n\n\n\n<p>Om ni accepterar att partiet snart kan b\u00f6rja blir det mycket l\u00e4ttare att s\u00e4tta allt i perspektiv f\u00f6r Ryssland och Kina \u00e4r p\u00e5 en \u00f6kande kurva av global eskalering.<\/p>\n\n\n\n<p>Det h\u00e4r kan vara en rysk operation till exempel f\u00f6r inget g\u00e4ng med lite \u00f6verlevnadsinstinkt skulle genomf\u00f6ra ett massmord p\u00e5 skattebetalande medborgare, det \u00e4r inte bra business f\u00f6r dom alls.<\/p>\n\n\n\n<figure class=\"wp-block-image is-resized\"><a class=\"image-link image2 is-viewable-img\" href=\"https:\/\/substackcdn.com\/image\/fetch\/$s_!CNZt!,f_auto,q_auto:good,fl_progressive:steep\/https%3A%2F%2Fsubstack-post-media.s3.amazonaws.com%2Fpublic%2Fimages%2Fb3070b5f-657c-43be-a156-7df356ac13cc_828x852.jpeg\" target=\"_blank\" rel=\"noreferrer noopener\"><img decoding=\"async\" src=\"https:\/\/substackcdn.com\/image\/fetch\/$s_!CNZt!,w_1456,c_limit,f_auto,q_auto:good,fl_progressive:steep\/https%3A%2F%2Fsubstack-post-media.s3.amazonaws.com%2Fpublic%2Fimages%2Fb3070b5f-657c-43be-a156-7df356ac13cc_828x852.jpeg\" alt=\"\" style=\"width:280px;height:auto\"\/><\/a><\/figure>\n\n\n\n<p>Vi har n\u00e5gra distinkta steg i denna globala eskalering\u2013<\/p>\n\n\n\n<ul class=\"wp-block-list\">\n<li>Hybridkriget mot Europa har v\u00e4l n\u00e4stan startat?<\/li>\n\n\n\n<li>Skymingsl\u00e4ge \u2013 ett \u00f6kat tempo innan \u00f6ppet krig, d\u00e4r \u00e4r vi inte \u00e4nnu.<\/li>\n\n\n\n<li>Ekonomisk krigf\u00f6ring \u2013 den \u00e4r i full g\u00e5ng och kommande b\u00f6rskrasch blir nog inte kul.<\/li>\n\n\n\n<li>Operation Sl\u00e4cka Lyset som jag varnat i n\u00e5t \u00e5r f\u00f6r kommer \u2013 nu sl\u00e4cker Ukraina och Ryssland lyset f\u00f6r varandra redan i Oktober vilket var lite tidigt tyckte jag men det kommer sabotage mot v\u00e5r elinfrastruktur nu i h\u00f6st och vinter \u2013 detta g\u00e5r jag ed p\u00e5.<\/li>\n\n\n\n<li>Proxykrigen \u2013 dom \u00e4r i full g\u00e5ng redan, Thailand- Kambodja, Pakistan-Indien , Israel \u2013 Gaza och s\u00e5 vidare.<\/li>\n\n\n\n<li>Till sist mellanstatliga krig mellan de tv\u00e5 spelarna i schackpartiet, den goda och den onda sidan \u2013 dit kommer vi sannolikt.<\/li>\n<\/ul>\n\n\n\n<p>Vi i Europa \u00e4r reaktiva, USA har historiskt kunnat vara f\u00f6rebyggande om dom \u00e4r i r\u00e4tt fas.<\/p>\n\n\n\n<p>Alla som nu s\u00e4ger att Ryssland eller Kina inte \u00e4r ett hot, eller att Kina inte g\u00e5r att besegra \u2013 var lite f\u00f6rsiktiga med dom.<\/p>\n\n\n\n<p>Var ocks\u00e5 f\u00f6rsiktiga med hatandet mot inrikespolitiken \u00e4ven om man alltid \u00e4r sur p\u00e5 sitt land, och det f\u00e5r man vara f\u00f6r i stort sett hela v\u00e4st har missk\u00f6tt sig l\u00e4nge.<\/p>\n\n\n\n<p>Jag vet att jag f\u00f6rlorar en del f\u00f6ljare p\u00e5 substack n\u00e4r jag skriver att USA g\u00f6r n\u00e5got bra emot Kina f\u00f6r dessa har n\u00e4san rakt ned i inrikespolitiken och ser hellre Trump g\u00e5 under \u00e4n att v\u00e4st vinner.<\/p>\n\n\n\n<p>Jag har v\u00e4l ansetts som lite kul \u201dskrika varg\u201d l\u00e4sning n\u00e4r jag varnat och f\u00f6reslagit att enda s\u00e4ttet att sl\u00e5 till bromsen \u00e4r om Ukraina f\u00e5r en brakvinst och Ryssland f\u00e5r Revolution 2.0.<\/p>\n\n\n\n<p>Sen blir mina inl\u00e4gg som beskriver vad vi g\u00e5r emot br\u00e4nnm\u00e4rkta som \u201ddystopiska\u201d och \u201dnattsvarta\u201d.<\/p>\n\n\n\n<p>USA och Europa hindrade detta och nu flyger dr\u00f6narsv\u00e4rmarna \u00f6ver Europa med komponenter vi har s\u00e5lt till Ryssland, som dom k\u00f6pt med inkomster fr\u00e5n den olja vi fortfarande 2025 k\u00f6per av Ryssland \u2013 l\u00e4nkar postades h\u00e4romdagen.<\/p>\n\n\n\n<p>Jag har alltid m\u00e5lat ut denna v\u00e4g vi nu slagit in p\u00e5 som ett v\u00e4rstascenario men att om vi inte agerar kommer vi dit \u2013 nu kom vi dit f\u00f6r att vi inte agerade i tid.<\/p>\n\n\n\n<p>Jag har ocks\u00e5 varit tydlig med att senf\u00e4rdighet idag leder till stupade s\u00f6ner och d\u00f6ttrar senare, vi kommer sannolikt komma dit ocks\u00e5.<\/p>\n\n\n\n<p>Jag \u00e4r i Karibien p\u00e5 ett jobb som h\u00e5ller p\u00e5 2.5\u00e5r till och kommer inte drabbas personligen men tycker att senf\u00e4rdigheten borde vara straffbar. Nu anklagar jag ingen men ryska \u00f6verl\u00f6pare finns med och p\u00e5verkar s\u00e5 det blir dessa ickebeslut.<\/p>\n\n\n\n<p>V\u00e4ldigt v\u00e4ldigt m\u00e5nga experter, debatt\u00f6rer och krigsproffs g\u00f6r nu ett generalmisstag i att s\u00e4ga att Ryssland f\u00f6rlorar kriget f\u00f6r att dom inte tar mark i Ukraina.<\/p>\n\n\n\n<p>Dom har ingen koll och \u00e4r \u00f6verbetalda kl\u00e5pare f\u00f6r rysslands roll i detta \u00e4r att l\u00e5sa upp Europa och f\u00f6rs\u00f6ka flytta fram positionerna.<\/p>\n\n\n\n<p>Kan dom f\u00e5 till ett \u00f6ppet s\u00e5r i n\u00e5gon form i Baltikum har dom n\u00e5tt dit.<\/p>\n\n\n\n<p>Och d\u00e4r m\u00e5ste dom vara innan sommaren 2026 gissar jag f\u00f6r efter det \u00e4r f\u00f6nstret st\u00e4ngt att f\u00f6rs\u00f6ka eskalera in i Europa.<\/p>\n\n\n\n<p>Ryssland \u00e4r r\u00e4tt n\u00f6jda med situationen idag och f\u00f6rbereder sig f\u00f6r n\u00e4sta steg.<\/p>\n\n\n\n<p>De personer som Carsten Breuer som sa \u00e5t oss att sitta lugnt till tidigast 2028 kan man v\u00e4l fundera p\u00e5 om dom tagit de ryska pengarna?<\/p>\n\n\n\n<p>Ryssland \u00f6kar nu i Ukraina med robotar och dr\u00f6nare samt att mekstriden b\u00f6rjat komma ig\u00e5ng.<\/p>\n\n\n\n<p>Dom har ett dr\u00f6narvapen riktat mot Europa och dom har en offensiv strategisk reserv mot Europa som finns i omr\u00e5det \u00f6ster om Baltikum, dom har smugit in dessa f\u00f6rband \u00f6ver tid.<\/p>\n\n\n\n<p>F\u00f6nstret f\u00f6r att eskalera till Balikum med \u201dsm\u00e5 gr\u00f6na m\u00e4n\u201d eller niv\u00e5erna \u00f6ver \u00e4r till sommaren 2026.<\/p>\n\n\n\n<p>Ukraina har precis skjutit ned kryssningsrobot med lite vampire s\u00e5 inom ett \u00e5r har vi nog ett f\u00f6rsvar mot Gerans, Gerbera och robotarna \u00e4ven i Europa.<\/p>\n\n\n\n<figure class=\"wp-block-image is-resized\"><a class=\"image-link image2 is-viewable-img\" href=\"https:\/\/substackcdn.com\/image\/fetch\/$s_!xqSe!,f_auto,q_auto:good,fl_progressive:steep\/https%3A%2F%2Fsubstack-post-media.s3.amazonaws.com%2Fpublic%2Fimages%2Fa47920a8-4c37-4620-bec5-744936d79715_828x1101.jpeg\" target=\"_blank\" rel=\"noreferrer noopener\"><img decoding=\"async\" src=\"https:\/\/substackcdn.com\/image\/fetch\/$s_!xqSe!,w_1456,c_limit,f_auto,q_auto:good,fl_progressive:steep\/https%3A%2F%2Fsubstack-post-media.s3.amazonaws.com%2Fpublic%2Fimages%2Fa47920a8-4c37-4620-bec5-744936d79715_828x1101.jpeg\" alt=\"\" style=\"width:319px;height:auto\"\/><\/a><\/figure>\n\n\n\n<p>N\u00e4sta misstag samma kl\u00e5pare till experter g\u00f6r \u00e4r att d\u00e5 tro att allt vi ser flyga \u00f6ver Europa \u00e4r f\u00f6r att skr\u00e4mma oss.<\/p>\n\n\n\n<p>Nej, det \u00e4r krigsf\u00f6rberedande och OM Ryssland v\u00e4ljer krig kommer dr\u00f6narsv\u00e4rmar sl\u00e5 ut alla v\u00e5ra h\u00f6gv\u00e4rdiga m\u00e5l i ett f\u00f6rstaslag f\u00f6r att vi \u00e4r reaktiva.<\/p>\n\n\n\n<p>RU experimenterar nu med koordinerade dr\u00f6narsv\u00e4rmar.<\/p>\n\n\n\n<figure class=\"wp-block-image is-resized\"><a class=\"image-link image2 is-viewable-img\" href=\"https:\/\/substackcdn.com\/image\/fetch\/$s_!H9D5!,f_auto,q_auto:good,fl_progressive:steep\/https%3A%2F%2Fsubstack-post-media.s3.amazonaws.com%2Fpublic%2Fimages%2F5e104880-7eeb-4fb7-b316-c242d9ab9e2c_828x1047.jpeg\" target=\"_blank\" rel=\"noreferrer noopener\"><img decoding=\"async\" src=\"https:\/\/substackcdn.com\/image\/fetch\/$s_!H9D5!,w_1456,c_limit,f_auto,q_auto:good,fl_progressive:steep\/https%3A%2F%2Fsubstack-post-media.s3.amazonaws.com%2Fpublic%2Fimages%2F5e104880-7eeb-4fb7-b316-c242d9ab9e2c_828x1047.jpeg\" alt=\"\" style=\"width:282px;height:auto\"\/><\/a><\/figure>\n\n\n\n<p>Jag lutar nu mot att det kommer bli en global konflikt d\u00e4rf\u00f6r att ukrainas chanser att kunna f\u00e4lla Ryssland innan dom \u00f6kar mot Europa \u00e4r f\u00f6r sm\u00e5 \u2013 men aldrig noll \ud83e\uddd0<\/p>\n\n\n\n<p>N\u00e4r Ryssland gjort sitt \u00e4r det \u00f6ver till Kina.<\/p>\n\n\n\n<p>Vi har s\u00e5ledes kommit till startpunkten av v\u00e5r tids globala konflikt, Ukraina har f\u00f6rmodligen f\u00f6rdr\u00f6jt den med 2.5\u00e5r p\u00e5 grund av sin fr\u00e4ckhet att f\u00f6rsvara sig.<\/p>\n\n\n\n<p>F\u00f6rv\u00e4nta er elavbrott, b\u00f6rskrasch och sm\u00e5 gr\u00f6na m\u00e4n i Estland som minst.<\/p>\n\n\n\n<p>Typ dessa<\/p>\n\n\n\n<figure class=\"wp-block-image is-resized\"><a class=\"image-link image2 is-viewable-img\" href=\"https:\/\/substackcdn.com\/image\/fetch\/$s_!0Xnj!,f_auto,q_auto:good,fl_progressive:steep\/https%3A%2F%2Fsubstack-post-media.s3.amazonaws.com%2Fpublic%2Fimages%2F441f3a0a-b225-4928-873f-18d62d08e485_828x1179.jpeg\" target=\"_blank\" rel=\"noreferrer noopener\"><img decoding=\"async\" src=\"https:\/\/substackcdn.com\/image\/fetch\/$s_!0Xnj!,w_1456,c_limit,f_auto,q_auto:good,fl_progressive:steep\/https%3A%2F%2Fsubstack-post-media.s3.amazonaws.com%2Fpublic%2Fimages%2F441f3a0a-b225-4928-873f-18d62d08e485_828x1179.jpeg\" alt=\"\" style=\"width:355px;height:auto\"\/><\/a><\/figure>\n\n\n\n<p>Medicinen mot den ryska sjukan kvarst\u00e5r f\u00f6r oss i Europa \u2013 hj\u00e4lp Ukraina hj\u00e4lpa sig sj\u00e4lva att f\u00e4lla Ryssland s\u00e5 dom blir 10st nya vackra fria och v\u00e4lm\u00e5ende l\u00e4nder.<\/p>\n\n\n\n<p>Hj\u00e4lp Belarus f\u00e5 sin frihet s\u00e5 dom kommer \u00f6ver till oss, 10 miljoner belaruser \u00e4r hanterbart.<\/p>\n\n\n\n<p>G\u00f6r Kaliningrad demilitariserat och autonomt.<\/p>\n\n\n\n<p>D\u00e5 \u00e4r v\u00e5rt krig \u00f6ver.<\/p>\n\n\n\n<p>D\u00e4refter kommer vi bist\u00e5 med flyg, brigader och flotta till USAs kraftm\u00e4tning med Kina i S\u00d6 Asien, men det blir inte ett folkets krig som WW1 eller WW2.<\/p>\n\n\n\n<p>Som ni ser har vi fortfarande en r\u00e4tt schysst silvermedalj att jaga \u00e4ven om guldet \u00e4r k\u00f6rt.<\/p>\n\n\n\n<p>Nylander vill vi helst undvika.<\/p>\n","protected":false},"excerpt":{"rendered":"<p>Nu har iallafall Carsten Breuers katastrofala analys fr\u00e5n i somras kastats ut med badvattnet av tyskarna sj\u00e4lva \u2013 Ryssland avser [&hellip;]<\/p>\n","protected":false},"author":3,"featured_media":0,"comment_status":"open","ping_status":"open","sticky":false,"template":"","format":"standard","meta":{"site-sidebar-layout":"default","site-content-layout":"","ast-site-content-layout":"default","site-content-style":"default","site-sidebar-style":"default","ast-global-header-display":"","ast-banner-title-visibility":"","ast-main-header-display":"","ast-hfb-above-header-display":"","ast-hfb-below-header-display":"","ast-hfb-mobile-header-display":"","site-post-title":"","ast-breadcrumbs-content":"","ast-featured-img":"","footer-sml-layout":"","ast-disable-related-posts":"","theme-transparent-header-meta":"","adv-header-id-meta":"","stick-header-meta":"","header-above-stick-meta":"","header-main-stick-meta":"","header-below-stick-meta":"","astra-migrate-meta-layouts":"default","ast-page-background-enabled":"default","ast-page-background-meta":{"desktop":{"background-color":"var(--ast-global-color-4)","background-image":"","background-repeat":"repeat","background-position":"center center","background-size":"auto","background-attachment":"scroll","background-type":"","background-media":"","overlay-type":"","overlay-color":"","overlay-opacity":"","overlay-gradient":""},"tablet":{"background-color":"","background-image":"","background-repeat":"repeat","background-position":"center center","background-size":"auto","background-attachment":"scroll","background-type":"","background-media":"","overlay-type":"","overlay-color":"","overlay-opacity":"","overlay-gradient":""},"mobile":{"background-color":"","background-image":"","background-repeat":"repeat","background-position":"center center","background-size":"auto","background-attachment":"scroll","background-type":"","background-media":"","overlay-type":"","overlay-color":"","overlay-opacity":"","overlay-gradient":""}},"ast-content-background-meta":{"desktop":{"background-color":"var(--ast-global-color-5)","background-image":"","background-repeat":"repeat","background-position":"center center","background-size":"auto","background-attachment":"scroll","background-type":"","background-media":"","overlay-type":"","overlay-color":"","overlay-opacity":"","overlay-gradient":""},"tablet":{"background-color":"var(--ast-global-color-5)","background-image":"","background-repeat":"repeat","background-position":"center center","background-size":"auto","background-attachment":"scroll","background-type":"","background-media":"","overlay-type":"","overlay-color":"","overlay-opacity":"","overlay-gradient":""},"mobile":{"background-color":"var(--ast-global-color-5)","background-image":"","background-repeat":"repeat","background-position":"center center","background-size":"auto","background-attachment":"scroll","background-type":"","background-media":"","overlay-type":"","overlay-color":"","overlay-opacity":"","overlay-gradient":""}},"footnotes":""},"categories":[18],"tags":[],"class_list":["post-3031","post","type-post","status-publish","format-standard","hentry","category-ukraina"],"yoast_head":"<!-- This site is optimized with the Yoast SEO plugin v27.5 - https:\/\/yoast.com\/product\/yoast-seo-wordpress\/ -->\n<title>N\u00e4r kriget kommer 15 Oktober 2025 -<\/title>\n<meta name=\"robots\" content=\"index, follow, max-snippet:-1, max-image-preview:large, max-video-preview:-1\" \/>\n<link rel=\"canonical\" href=\"https:\/\/johanno1.se\/sv\/nar-kriget-kommer-15-oktober-2025\/\" \/>\n<meta property=\"og:locale\" content=\"sv_SE\" \/>\n<meta property=\"og:type\" content=\"article\" \/>\n<meta property=\"og:title\" content=\"N\u00e4r kriget kommer 15 Oktober 2025 -\" \/>\n<meta property=\"og:description\" content=\"Nu har iallafall Carsten Breuers katastrofala analys fr\u00e5n i somras kastats ut med badvattnet av tyskarna sj\u00e4lva \u2013 Ryssland avser [&hellip;]\" \/>\n<meta property=\"og:url\" content=\"https:\/\/johanno1.se\/sv\/nar-kriget-kommer-15-oktober-2025\/\" \/>\n<meta property=\"og:site_name\" content=\"Johan No.1\" \/>\n<meta property=\"article:published_time\" content=\"2025-10-15T05:01:00+00:00\" \/>\n<meta property=\"article:modified_time\" content=\"2025-10-16T06:27:06+00:00\" \/>\n<meta property=\"og:image\" content=\"https:\/\/johanno1.se\/wp-content\/uploads\/2025\/10\/1.-Narva.png\" \/>\n\t<meta property=\"og:image:width\" content=\"356\" \/>\n\t<meta property=\"og:image:height\" content=\"265\" \/>\n\t<meta property=\"og:image:type\" content=\"image\/png\" \/>\n<meta name=\"author\" content=\"johan No.1\" \/>\n<meta name=\"twitter:card\" content=\"summary_large_image\" \/>\n<meta name=\"twitter:label1\" content=\"Skriven av\" \/>\n\t<meta name=\"twitter:data1\" content=\"johan No.1\" \/>\n\t<meta name=\"twitter:label2\" content=\"Ber\u00e4knad l\u00e4stid\" \/>\n\t<meta name=\"twitter:data2\" content=\"9 minuter\" \/>\n<script type=\"application\/ld+json\" class=\"yoast-schema-graph\">{\"@context\":\"https:\\\/\\\/schema.org\",\"@graph\":[{\"@type\":\"Article\",\"@id\":\"https:\\\/\\\/johanno1.se\\\/sv\\\/nar-kriget-kommer-15-oktober-2025\\\/#article\",\"isPartOf\":{\"@id\":\"https:\\\/\\\/johanno1.se\\\/sv\\\/nar-kriget-kommer-15-oktober-2025\\\/\"},\"author\":{\"name\":\"johan No.1\",\"@id\":\"https:\\\/\\\/johanno1.se\\\/sv\\\/#\\\/schema\\\/person\\\/1dec165f070bde263b30eaf3c0a742e7\"},\"headline\":\"N\u00e4r kriget kommer 15 Oktober 2025\",\"datePublished\":\"2025-10-15T05:01:00+00:00\",\"dateModified\":\"2025-10-16T06:27:06+00:00\",\"mainEntityOfPage\":{\"@id\":\"https:\\\/\\\/johanno1.se\\\/sv\\\/nar-kriget-kommer-15-oktober-2025\\\/\"},\"wordCount\":1721,\"commentCount\":84,\"publisher\":{\"@id\":\"https:\\\/\\\/johanno1.se\\\/sv\\\/#organization\"},\"image\":{\"@id\":\"https:\\\/\\\/johanno1.se\\\/sv\\\/nar-kriget-kommer-15-oktober-2025\\\/#primaryimage\"},\"thumbnailUrl\":\"https:\\\/\\\/johanno1.se\\\/wp-content\\\/uploads\\\/2025\\\/10\\\/1.-Narva.png\",\"articleSection\":[\"Kriget i Ukraina\"],\"inLanguage\":\"sv-SE\",\"potentialAction\":[{\"@type\":\"CommentAction\",\"name\":\"Comment\",\"target\":[\"https:\\\/\\\/johanno1.se\\\/sv\\\/nar-kriget-kommer-15-oktober-2025\\\/#respond\"]}]},{\"@type\":\"WebPage\",\"@id\":\"https:\\\/\\\/johanno1.se\\\/sv\\\/nar-kriget-kommer-15-oktober-2025\\\/\",\"url\":\"https:\\\/\\\/johanno1.se\\\/sv\\\/nar-kriget-kommer-15-oktober-2025\\\/\",\"name\":\"N\u00e4r kriget kommer 15 Oktober 2025 -\",\"isPartOf\":{\"@id\":\"https:\\\/\\\/johanno1.se\\\/sv\\\/#website\"},\"primaryImageOfPage\":{\"@id\":\"https:\\\/\\\/johanno1.se\\\/sv\\\/nar-kriget-kommer-15-oktober-2025\\\/#primaryimage\"},\"image\":{\"@id\":\"https:\\\/\\\/johanno1.se\\\/sv\\\/nar-kriget-kommer-15-oktober-2025\\\/#primaryimage\"},\"thumbnailUrl\":\"https:\\\/\\\/johanno1.se\\\/wp-content\\\/uploads\\\/2025\\\/10\\\/1.-Narva.png\",\"datePublished\":\"2025-10-15T05:01:00+00:00\",\"dateModified\":\"2025-10-16T06:27:06+00:00\",\"breadcrumb\":{\"@id\":\"https:\\\/\\\/johanno1.se\\\/sv\\\/nar-kriget-kommer-15-oktober-2025\\\/#breadcrumb\"},\"inLanguage\":\"sv-SE\",\"potentialAction\":[{\"@type\":\"ReadAction\",\"target\":[\"https:\\\/\\\/johanno1.se\\\/sv\\\/nar-kriget-kommer-15-oktober-2025\\\/\"]}]},{\"@type\":\"ImageObject\",\"inLanguage\":\"sv-SE\",\"@id\":\"https:\\\/\\\/johanno1.se\\\/sv\\\/nar-kriget-kommer-15-oktober-2025\\\/#primaryimage\",\"url\":\"https:\\\/\\\/johanno1.se\\\/wp-content\\\/uploads\\\/2025\\\/10\\\/1.-Narva.png\",\"contentUrl\":\"https:\\\/\\\/johanno1.se\\\/wp-content\\\/uploads\\\/2025\\\/10\\\/1.-Narva.png\"},{\"@type\":\"BreadcrumbList\",\"@id\":\"https:\\\/\\\/johanno1.se\\\/sv\\\/nar-kriget-kommer-15-oktober-2025\\\/#breadcrumb\",\"itemListElement\":[{\"@type\":\"ListItem\",\"position\":1,\"name\":\"Hem\",\"item\":\"https:\\\/\\\/johanno1.se\\\/sv\\\/\"},{\"@type\":\"ListItem\",\"position\":2,\"name\":\"N\u00e4r kriget kommer 15 Oktober 2025\"}]},{\"@type\":\"WebSite\",\"@id\":\"https:\\\/\\\/johanno1.se\\\/sv\\\/#website\",\"url\":\"https:\\\/\\\/johanno1.se\\\/sv\\\/\",\"name\":\"Johan No.1\",\"description\":\"Kriget i Ukraina - V\u00e4rldsledande omv\u00e4rldsanalys fr\u00e5n Svensksund till den ryska brakf\u00f6rlusten i Ukraina\",\"publisher\":{\"@id\":\"https:\\\/\\\/johanno1.se\\\/sv\\\/#organization\"},\"potentialAction\":[{\"@type\":\"SearchAction\",\"target\":{\"@type\":\"EntryPoint\",\"urlTemplate\":\"https:\\\/\\\/johanno1.se\\\/sv\\\/?s={search_term_string}\"},\"query-input\":{\"@type\":\"PropertyValueSpecification\",\"valueRequired\":true,\"valueName\":\"search_term_string\"}}],\"inLanguage\":\"sv-SE\"},{\"@type\":\"Organization\",\"@id\":\"https:\\\/\\\/johanno1.se\\\/sv\\\/#organization\",\"name\":\"Johan No. 1\",\"url\":\"https:\\\/\\\/johanno1.se\\\/sv\\\/\",\"logo\":{\"@type\":\"ImageObject\",\"inLanguage\":\"sv-SE\",\"@id\":\"https:\\\/\\\/johanno1.se\\\/sv\\\/#\\\/schema\\\/logo\\\/image\\\/\",\"url\":\"https:\\\/\\\/johanno1.se\\\/wp-content\\\/uploads\\\/2025\\\/03\\\/cropped-No1-Logo.png\",\"contentUrl\":\"https:\\\/\\\/johanno1.se\\\/wp-content\\\/uploads\\\/2025\\\/03\\\/cropped-No1-Logo.png\",\"width\":512,\"height\":512,\"caption\":\"Johan No. 1\"},\"image\":{\"@id\":\"https:\\\/\\\/johanno1.se\\\/sv\\\/#\\\/schema\\\/logo\\\/image\\\/\"}},{\"@type\":\"Person\",\"@id\":\"https:\\\/\\\/johanno1.se\\\/sv\\\/#\\\/schema\\\/person\\\/1dec165f070bde263b30eaf3c0a742e7\",\"name\":\"johan No.1\",\"image\":{\"@type\":\"ImageObject\",\"inLanguage\":\"sv-SE\",\"@id\":\"https:\\\/\\\/secure.gravatar.com\\\/avatar\\\/06f93864ed6b830e2782e60575fff112f1c61c52bb10b194131e0e333191695b?s=96&d=mm&r=g\",\"url\":\"https:\\\/\\\/secure.gravatar.com\\\/avatar\\\/06f93864ed6b830e2782e60575fff112f1c61c52bb10b194131e0e333191695b?s=96&d=mm&r=g\",\"contentUrl\":\"https:\\\/\\\/secure.gravatar.com\\\/avatar\\\/06f93864ed6b830e2782e60575fff112f1c61c52bb10b194131e0e333191695b?s=96&d=mm&r=g\",\"caption\":\"johan No.1\"},\"url\":\"https:\\\/\\\/johanno1.se\\\/sv\\\/author\\\/johan\\\/\"}]}<\/script>\n<!-- \/ Yoast SEO plugin. -->","yoast_head_json":{"title":"N\u00e4r kriget kommer 15 Oktober 2025 -","robots":{"index":"index","follow":"follow","max-snippet":"max-snippet:-1","max-image-preview":"max-image-preview:large","max-video-preview":"max-video-preview:-1"},"canonical":"https:\/\/johanno1.se\/sv\/nar-kriget-kommer-15-oktober-2025\/","og_locale":"sv_SE","og_type":"article","og_title":"N\u00e4r kriget kommer 15 Oktober 2025 -","og_description":"Nu har iallafall Carsten Breuers katastrofala analys fr\u00e5n i somras kastats ut med badvattnet av tyskarna sj\u00e4lva \u2013 Ryssland avser [&hellip;]","og_url":"https:\/\/johanno1.se\/sv\/nar-kriget-kommer-15-oktober-2025\/","og_site_name":"Johan No.1","article_published_time":"2025-10-15T05:01:00+00:00","article_modified_time":"2025-10-16T06:27:06+00:00","og_image":[{"width":356,"height":265,"url":"https:\/\/johanno1.se\/wp-content\/uploads\/2025\/10\/1.-Narva.png","type":"image\/png"}],"author":"johan No.1","twitter_card":"summary_large_image","twitter_misc":{"Skriven av":"johan No.1","Ber\u00e4knad l\u00e4stid":"9 minuter"},"schema":{"@context":"https:\/\/schema.org","@graph":[{"@type":"Article","@id":"https:\/\/johanno1.se\/sv\/nar-kriget-kommer-15-oktober-2025\/#article","isPartOf":{"@id":"https:\/\/johanno1.se\/sv\/nar-kriget-kommer-15-oktober-2025\/"},"author":{"name":"johan No.1","@id":"https:\/\/johanno1.se\/sv\/#\/schema\/person\/1dec165f070bde263b30eaf3c0a742e7"},"headline":"N\u00e4r kriget kommer 15 Oktober 2025","datePublished":"2025-10-15T05:01:00+00:00","dateModified":"2025-10-16T06:27:06+00:00","mainEntityOfPage":{"@id":"https:\/\/johanno1.se\/sv\/nar-kriget-kommer-15-oktober-2025\/"},"wordCount":1721,"commentCount":84,"publisher":{"@id":"https:\/\/johanno1.se\/sv\/#organization"},"image":{"@id":"https:\/\/johanno1.se\/sv\/nar-kriget-kommer-15-oktober-2025\/#primaryimage"},"thumbnailUrl":"https:\/\/johanno1.se\/wp-content\/uploads\/2025\/10\/1.-Narva.png","articleSection":["Kriget i Ukraina"],"inLanguage":"sv-SE","potentialAction":[{"@type":"CommentAction","name":"Comment","target":["https:\/\/johanno1.se\/sv\/nar-kriget-kommer-15-oktober-2025\/#respond"]}]},{"@type":"WebPage","@id":"https:\/\/johanno1.se\/sv\/nar-kriget-kommer-15-oktober-2025\/","url":"https:\/\/johanno1.se\/sv\/nar-kriget-kommer-15-oktober-2025\/","name":"N\u00e4r kriget kommer 15 Oktober 2025 -","isPartOf":{"@id":"https:\/\/johanno1.se\/sv\/#website"},"primaryImageOfPage":{"@id":"https:\/\/johanno1.se\/sv\/nar-kriget-kommer-15-oktober-2025\/#primaryimage"},"image":{"@id":"https:\/\/johanno1.se\/sv\/nar-kriget-kommer-15-oktober-2025\/#primaryimage"},"thumbnailUrl":"https:\/\/johanno1.se\/wp-content\/uploads\/2025\/10\/1.-Narva.png","datePublished":"2025-10-15T05:01:00+00:00","dateModified":"2025-10-16T06:27:06+00:00","breadcrumb":{"@id":"https:\/\/johanno1.se\/sv\/nar-kriget-kommer-15-oktober-2025\/#breadcrumb"},"inLanguage":"sv-SE","potentialAction":[{"@type":"ReadAction","target":["https:\/\/johanno1.se\/sv\/nar-kriget-kommer-15-oktober-2025\/"]}]},{"@type":"ImageObject","inLanguage":"sv-SE","@id":"https:\/\/johanno1.se\/sv\/nar-kriget-kommer-15-oktober-2025\/#primaryimage","url":"https:\/\/johanno1.se\/wp-content\/uploads\/2025\/10\/1.-Narva.png","contentUrl":"https:\/\/johanno1.se\/wp-content\/uploads\/2025\/10\/1.-Narva.png"},{"@type":"BreadcrumbList","@id":"https:\/\/johanno1.se\/sv\/nar-kriget-kommer-15-oktober-2025\/#breadcrumb","itemListElement":[{"@type":"ListItem","position":1,"name":"Hem","item":"https:\/\/johanno1.se\/sv\/"},{"@type":"ListItem","position":2,"name":"N\u00e4r kriget kommer 15 Oktober 2025"}]},{"@type":"WebSite","@id":"https:\/\/johanno1.se\/sv\/#website","url":"https:\/\/johanno1.se\/sv\/","name":"Johan No.1","description":"Kriget i Ukraina - V\u00e4rldsledande omv\u00e4rldsanalys fr\u00e5n Svensksund till den ryska brakf\u00f6rlusten i Ukraina","publisher":{"@id":"https:\/\/johanno1.se\/sv\/#organization"},"potentialAction":[{"@type":"SearchAction","target":{"@type":"EntryPoint","urlTemplate":"https:\/\/johanno1.se\/sv\/?s={search_term_string}"},"query-input":{"@type":"PropertyValueSpecification","valueRequired":true,"valueName":"search_term_string"}}],"inLanguage":"sv-SE"},{"@type":"Organization","@id":"https:\/\/johanno1.se\/sv\/#organization","name":"Johan No. 1","url":"https:\/\/johanno1.se\/sv\/","logo":{"@type":"ImageObject","inLanguage":"sv-SE","@id":"https:\/\/johanno1.se\/sv\/#\/schema\/logo\/image\/","url":"https:\/\/johanno1.se\/wp-content\/uploads\/2025\/03\/cropped-No1-Logo.png","contentUrl":"https:\/\/johanno1.se\/wp-content\/uploads\/2025\/03\/cropped-No1-Logo.png","width":512,"height":512,"caption":"Johan No. 1"},"image":{"@id":"https:\/\/johanno1.se\/sv\/#\/schema\/logo\/image\/"}},{"@type":"Person","@id":"https:\/\/johanno1.se\/sv\/#\/schema\/person\/1dec165f070bde263b30eaf3c0a742e7","name":"johan No.1","image":{"@type":"ImageObject","inLanguage":"sv-SE","@id":"https:\/\/secure.gravatar.com\/avatar\/06f93864ed6b830e2782e60575fff112f1c61c52bb10b194131e0e333191695b?s=96&d=mm&r=g","url":"https:\/\/secure.gravatar.com\/avatar\/06f93864ed6b830e2782e60575fff112f1c61c52bb10b194131e0e333191695b?s=96&d=mm&r=g","contentUrl":"https:\/\/secure.gravatar.com\/avatar\/06f93864ed6b830e2782e60575fff112f1c61c52bb10b194131e0e333191695b?s=96&d=mm&r=g","caption":"johan No.1"},"url":"https:\/\/johanno1.se\/sv\/author\/johan\/"}]}},"_links":{"self":[{"href":"https:\/\/johanno1.se\/sv\/wp-json\/wp\/v2\/posts\/3031","targetHints":{"allow":["GET"]}}],"collection":[{"href":"https:\/\/johanno1.se\/sv\/wp-json\/wp\/v2\/posts"}],"about":[{"href":"https:\/\/johanno1.se\/sv\/wp-json\/wp\/v2\/types\/post"}],"author":[{"embeddable":true,"href":"https:\/\/johanno1.se\/sv\/wp-json\/wp\/v2\/users\/3"}],"replies":[{"embeddable":true,"href":"https:\/\/johanno1.se\/sv\/wp-json\/wp\/v2\/comments?post=3031"}],"version-history":[{"count":1,"href":"https:\/\/johanno1.se\/sv\/wp-json\/wp\/v2\/posts\/3031\/revisions"}],"predecessor-version":[{"id":3034,"href":"https:\/\/johanno1.se\/sv\/wp-json\/wp\/v2\/posts\/3031\/revisions\/3034"}],"wp:attachment":[{"href":"https:\/\/johanno1.se\/sv\/wp-json\/wp\/v2\/media?parent=3031"}],"wp:term":[{"taxonomy":"category","embeddable":true,"href":"https:\/\/johanno1.se\/sv\/wp-json\/wp\/v2\/categories?post=3031"},{"taxonomy":"post_tag","embeddable":true,"href":"https:\/\/johanno1.se\/sv\/wp-json\/wp\/v2\/tags?post=3031"}],"curies":[{"name":"wp","href":"https:\/\/api.w.org\/{rel}","templated":true}]}}