{"id":3062,"date":"2025-10-17T07:01:00","date_gmt":"2025-10-17T05:01:00","guid":{"rendered":"https:\/\/johanno1.se\/?p=3062"},"modified":"2025-10-18T08:30:45","modified_gmt":"2025-10-18T06:30:45","slug":"nar-kriget-kommer-del-2-17-oktober-2025","status":"publish","type":"post","link":"https:\/\/johanno1.se\/sv\/nar-kriget-kommer-del-2-17-oktober-2025\/","title":{"rendered":"N\u00e4r kriget kommer del 2, 17 Oktober 2025"},"content":{"rendered":"\n<figure class=\"wp-block-image size-full\"><img loading=\"lazy\" decoding=\"async\" width=\"687\" height=\"302\" src=\"https:\/\/johanno1.se\/wp-content\/uploads\/2025\/10\/1.-forstabild.png\" alt=\"\" class=\"wp-image-3063\" srcset=\"https:\/\/johanno1.se\/wp-content\/uploads\/2025\/10\/1.-forstabild.png 687w, https:\/\/johanno1.se\/wp-content\/uploads\/2025\/10\/1.-forstabild-300x132.png 300w\" sizes=\"auto, (max-width: 687px) 100vw, 687px\" \/><\/figure>\n\n\n\n<p>Det h\u00e4r inl\u00e4gget f\u00f6ljer p\u00e5 \u201dN\u00e4r kriget kommer\u201d och jag lyckades inte hitta en l\u00e4mplig plats i inl\u00e4gget f\u00f6r att l\u00e5sa det \u2013 vill f\u00f6rst\u00e5s \u00e4nd\u00e5 uppmana alla att springa iv\u00e4g till en betald prenumeration p\u00e5 Substack om ni gillar och l\u00e4ser inl\u00e4ggen f\u00f6r det garanterar en fortsatt k\u00e4nsla av gillande fram\u00f6ver.<\/p>\n\n\n\n<p>Slut p\u00e5 \u00e4mnen att skriva om kommer det inte bli det tror jag alla b\u00f6rjar f\u00f6rst\u00e5 nu.<\/p>\n\n\n\n<p>Vi har v\u00e4l egentligen hela 2025 skrivit om den ryska offensiva strategiska reserven som Putin f\u00f6rberett och har t\u00e4nkt att med avstamp i Zapad 25 och fram till sommaren 2026 \u00e4r det h\u00f6grisk f\u00f6r en attack mot Europa i n\u00e5gon form.<\/p>\n\n\n\n<p>I f\u00f6rrg\u00e5r sl\u00f6surfade jag in p\u00e5 \u201dden andra bloggen\u201d och d\u00e4r verkar det ocks\u00e5 vedertaget nu att Ryssland har en offensiv strategisk reserv \u2013 man pratade i inl\u00e4gget och i tr\u00e5den i termer om att \u201dn\u00e4r kriget kommer\u201d inte -om- vilket \u00e4r mycket bra.<\/p>\n\n\n\n<p>I debatten \u00e4r det ingen brist p\u00e5 \u201ddet v\u00e5gar Ryssland aldrig\u201d, \u201dd\u00e5 k\u00f6r vi \u00f6ver Ryssland p\u00e5 tre dagar\u201d, \u201dEuropa har en plan vi inte f\u00f6rst\u00e5r \u00e4nnu\u201d och allt annat herosiskt som nedslag p\u00e5 defiatistiska texter som mina.<\/p>\n\n\n\n<p>Det d\u00e4r har provats f\u00f6rut, till exempel 1939 och 1940.<\/p>\n\n\n\n<p>L\u00e4nge var det balterna, och vi, som drev linjen om den ryska strategiska reserven och jag fr\u00e5gade retoriskt \u201dkommer experterna och de sakkunniga \u00e4ndra sin f\u00f6ruts\u00e4gelse om krig f\u00f6rst 2028-2029 n\u00e4r dom f\u00f6rst\u00e5r att Ryssland har en offensiv strategisk reserv redan idag\u201d och nu i veckan som gick verkar de h\u00f6gavl\u00f6nade proffsen ha gjort det &#8211; \u00e4ndrat sig utan att sk\u00e4mmas det minsta.<\/p>\n\n\n\n<p>\u00c4r man defensiv \u00e4r det bra om man ligger f\u00f6re p\u00e5 kurvan, inte 2-3 \u00e5r fel f\u00f6r d\u00e5 blir det som f\u00f6r Polen 1939.<\/p>\n\n\n\n<p>S\u00e5 f\u00f6r er som l\u00e4ser s\u00e5 f\u00e5r ni allts\u00e5 alla sanningar n\u00e5t halv\u00e5r innan det blir mainstream och den chansen att trycka dit lunchrumsjesus kommer inte s\u00e5 ofta, ta vara p\u00e5 den \u00e4r mitt m\u00e5nadens stalltips.<\/p>\n\n\n\n<p>I v\u00e5ras drev Europa p\u00e5 mycket h\u00e5rt om eldupph\u00f6r i Ukraina, vi utropade det till detta \u00e5rhundrades stora strategiska misstag, och j\u00e4mf\u00f6rde med Chamberlains brakfiasko som blev hur historien kom ih\u00e5g honom \u2013 som en pappersviftande fegis med mustach.<\/p>\n\n\n\n<p>Av n\u00e5gon anledning s\u00e5 var det Putin som tv\u00e4rv\u00e4grade annars hade det g\u00e5tt igenom. Ryssland hade sen kunnat \u00e4ta upp Ukraina inifr\u00e5n och v\u00e4nda sig mot oss. F\u00f6r tar man bort det externa hotet mot Ukraina som fungerar som ett sammanh\u00e5llande kitt kommer dom p\u00e5 ett halv\u00e5r st\u00f6rtas ned i maktkamp och en deserterande f\u00f6rsvarsmakt.<\/p>\n\n\n\n<p>Nu var det inte det vi skulle diskutera utan ist\u00e4llet hur proffsen och de sakkunniga i v\u00e4st \u00e4ndrat sig sedan i v\u00e5ras \u2013 half-life p\u00e5 proffsens analyser har varit mer \u00e4n lovligt kort den h\u00e4r v\u00e4ndan och det beror p\u00e5 att udden nu riktats mot oss vilket \u00e4r n\u00e5got dom inte ens funderat kring f\u00f6r det skulle inte vara m\u00f6jligt.<\/p>\n\n\n\n<p>Man b\u00f6rjar misst\u00e4nka att dom antingen inte har koll \u00f6verhuvudtaget, eller inte v\u00e5gar lyfta h\u00e5rda fr\u00e5gor \u2013 vad som \u00e4r v\u00e4rst vet jag inte.<\/p>\n\n\n\n<p>F\u00f6rst hade vi Carsten Breuers infam\u00f6sa f\u00f6ruts\u00e4gelse att Ryssland inte kan anfalla NATO innan 2028-2029 tidigast som kom i Juni och alla direkt tog f\u00f6r en sanning.<\/p>\n\n\n\n<p><a href=\"https:\/\/www.bbc.co.uk\/news\/articles\/c62v63gl8rvo\">https:\/\/www.bbc.co.uk\/news\/articles\/c62v63gl8rvo<\/a><\/p>\n\n\n\n<p>Jag absolut gallskrek och postade mina Omfall om Zapad 25 f\u00f6r att visa p\u00e5 att hotet \u00e4r NU och inte om tre \u00e5r. Ryssland har tillr\u00e4ckligt i sin offensiva reserv f\u00f6r att anfalla Baltikum nu om dom vill.<\/p>\n\n\n\n<p>I Oktober 2025 talar Mark Rutte om att Kina kommer pressa Ryssland att anfalla NATO \u201dwhen the time comes\u201d.<\/p>\n\n\n\n<figure class=\"wp-block-image is-resized\"><a class=\"image-link image2 is-viewable-img\" href=\"https:\/\/substackcdn.com\/image\/fetch\/$s_!aqN1!,f_auto,q_auto:good,fl_progressive:steep\/https%3A%2F%2Fsubstack-post-media.s3.amazonaws.com%2Fpublic%2Fimages%2F2df47d5e-af89-4d95-b3f3-4785c65c93c4_828x1351.jpeg\" target=\"_blank\" rel=\"noreferrer noopener\"><img decoding=\"async\" src=\"https:\/\/substackcdn.com\/image\/fetch\/$s_!aqN1!,w_1456,c_limit,f_auto,q_auto:good,fl_progressive:steep\/https%3A%2F%2Fsubstack-post-media.s3.amazonaws.com%2Fpublic%2Fimages%2F2df47d5e-af89-4d95-b3f3-4785c65c93c4_828x1351.jpeg\" alt=\"\" style=\"width:383px;height:auto\"\/><\/a><\/figure>\n\n\n\n<p>Och tyska spionchefen f\u00f6rklarar t\u00e5lmodigt f\u00f6r fegisarna att Ryssland kan anfalla redan idag om dom vill.<\/p>\n\n\n\n<figure class=\"wp-block-image is-resized\"><a class=\"image-link image2 is-viewable-img\" href=\"https:\/\/substackcdn.com\/image\/fetch\/$s_!O9pu!,f_auto,q_auto:good,fl_progressive:steep\/https%3A%2F%2Fsubstack-post-media.s3.amazonaws.com%2Fpublic%2Fimages%2F2b529378-932a-4af2-841f-74ffa749fd1b_828x1254.jpeg\" target=\"_blank\" rel=\"noreferrer noopener\"><img decoding=\"async\" src=\"https:\/\/substackcdn.com\/image\/fetch\/$s_!O9pu!,w_1456,c_limit,f_auto,q_auto:good,fl_progressive:steep\/https%3A%2F%2Fsubstack-post-media.s3.amazonaws.com%2Fpublic%2Fimages%2F2b529378-932a-4af2-841f-74ffa749fd1b_828x1254.jpeg\" alt=\"\" style=\"width:349px;height:auto\"\/><\/a><\/figure>\n\n\n\n<p>Det h\u00e4r \u00e4r allts\u00e5 de h\u00f6gsta tolvtaggarna vi har i v\u00e4st som kn\u00e5par ihop v\u00e5ra f\u00f6rsvarsstrategier och har skyh\u00f6g l\u00f6n f\u00f6r att skydda oss. Vi i tr\u00e5den har haft mer r\u00e4tt \u2013 f\u00f6r dom har nu \u00e4ndrat sig och \u00f6vergett Carsten Breuer.<\/p>\n\n\n\n<p>Fundera lite p\u00e5 det \ud83d\ude36<\/p>\n\n\n\n<p>Den sm\u00e4llen kommer inte lunchrumsjesus resa sig ifr\u00e5n det lovar jag, n\u00e4r han snurrar in sig i Carstens profetior blir det ett karakt\u00e4rsmord i lunchrummet d\u00e4r till och med kontoren l\u00e4ngst bort kommer h\u00f6ra den sm\u00e4llen och f\u00f6rv\u00e5nat titta upp fr\u00e5n b\u00e5sen.<\/p>\n\n\n\n<p>Om ni f\u00e5r chansen, r\u00f6sta p\u00e5 mig som \u00f6verste i flygvapnet i kommunalvalet s\u00e5 jag ocks\u00e5 kan f\u00e5 en skyh\u00f6g l\u00f6n f\u00f6r att skriva ihop analyser som inte \u00e4r s\u00e4mst iallafall eftersom proffsen nu bytte fot.<\/p>\n\n\n\n<p>Sen den st\u00e4ndiga dissonansen som inte verkar g\u00f6ra n\u00e5gon uppr\u00f6rd alls f\u00f6r absolut INGEN utom jag vill prata om detta, och jag f\u00f6rst\u00e5r det inte \u2013 Europa och USA har ett \u00e5tagande mot Baltikum d\u00e4r mekbrigader skall transporteras till omr\u00e5det vid \u00f6kad hotbild.<\/p>\n\n\n\n<p>Vi skall allts\u00e5 vara p\u00e5 plats innan Ryssland anfaller.<\/p>\n\n\n\n<p>F\u00f6rsvarsplanerna \u00e4r \u00f6ppen information och mycket tydliga, men inga brigader \u00e4r i Baltikum som det st\u00e5r att dom skall vara om man l\u00e4ser f\u00f6rsvarsplanen (sammanfattad p\u00e5 google AI f\u00f6rst\u00e5s).<\/p>\n\n\n\n<p>Hotbilden \u00e4r nu s\u00e5 pass h\u00f6g att den tyske spionchefen inte klarade av att h\u00e5lla tyst l\u00e4ngre och utf\u00e4rdade \u00e5rets skarpaste varning, f\u00f6r en karri\u00e4rspion \u00e4r v\u00e4l det enklaste att h\u00e5lla tyst och har han tagit bladet fr\u00e5n munnen betyder det n\u00e5got.<\/p>\n\n\n\n<p>Varf\u00f6r \u00e4r brigaderna inte i Baltikum \u00e4r d\u00e5 fr\u00e5gan och jag tror tyv\u00e4rr att svaret \u00e4r att vi inte vill f\u00f6rlora dom \u2013 vi \u00e4r fegisar och politiskt sitter m\u00e5nga ledare l\u00f6st. En helt \u00f6verk\u00f6rd mekbrigad skulle leda till \u00e5rhundradets regeringskris p\u00e5 dagen i de drabbade l\u00e4nderna.<\/p>\n\n\n\n<p>Rysslands DNA \u00e4r riggat som s\u00e5 att om dom sniffar sig till en svaghet kan dom inte beh\u00e4rska sig. I Baltikum ligger tre l\u00e4nder helt of\u00f6rsvarade som dom anser tillh\u00f6r dom, och alla hoppas innerligt att den ryska DNA-str\u00e4ngen helt missat detta uppenbara byte fem meter bort.<\/p>\n\n\n\n<p>Nu n\u00e4r RU testat Artikel 5 och vet att den \u00e4r t\u00f6jbar, d\u00e5 vet dom ocks\u00e5 att dom kommer f\u00e5 b\u00f6rja, vi kommer vara reaktiva och att vi kommer hitta sk\u00e4l att inte \u00e5beropa Artikel 5 s\u00e5 l\u00e5ngt det \u00e4r m\u00f6jligt.<\/p>\n\n\n\n<p>\u00d6Bs klubba \u2013 v\u00e5r tunga attack under kalla kriget som antingen kunde vara reaktiv eller proaktiv, och skulle kunna bl\u00e5sa bort marininfanteriet redan i utskeppningshamnarna n\u00e4r dom klev p\u00e5 sina ropuchas om vi ville. D\u00e4r kan man tala om skenande konsekvenser n\u00e4r dom fr\u00e4ste fram tv\u00e5 meter \u00f6ver vattenytan s\u00e5 dom inte syntes p\u00e5 radar med en tung robot under varje vinge.<\/p>\n\n\n\n<p>Gotland f\u00f6rsvarar vi nu \u2013 Polen k\u00f6rde dit lite permanenta robotutrustning senaste \u00f6vningen, och Finland har gr\u00e4vt klart sina gropar och installerat hembr\u00e4nningsutrustningen.<\/p>\n\n\n\n<p>Polen k\u00f6r runt mekbrigader (som \u00e4r stora m\u00e5l) l\u00e4ngs med Belarus gr\u00e4ns men i Baltikum finns det i stort sett ingenting \u2013 och d\u00e5 \u00e4r Baltikum stalltipset p\u00e5 n\u00e4sta f\u00f6rs\u00f6k till en rysk landgrab.<\/p>\n\n\n\n<p>Sannolikheten f\u00f6r \u201dsm\u00e5 gr\u00f6na m\u00e4n\u201d i Baltikum \u00e4r 1, sannolikheten f\u00f6r invasion av Baltikum f\u00e5r inte bortses ifr\u00e5n och risken f\u00f6r ett f\u00f6rstaslag mot Europa \u2013 v\u00e5r tids Pearl Harbour, m\u00e5ste vi planera emot.<\/p>\n\n\n\n<p>Endast en stark \u201dforce posture\u201d kommer verka avh\u00e5llande p\u00e5 Ryssland och d\u00e5 talar vi i termer av en mycket stark markering som en rungande \u00f6rfil d\u00e4r Putin f\u00f6rst viker sig dubbel och sen tyst b\u00f6rjar gr\u00e5ta n\u00e4r han v\u00e4nder sig bort f\u00f6rnedrad \u2013 n\u00e5t s\u00e5nt \ud83d\ude21<\/p>\n\n\n\n<p>Vi g\u00f6r inget av detta och h\u00e4lften av de som l\u00e4ser k\u00e4nner att Johan No.1 \u00f6verdriver f\u00f6r swish.<\/p>\n\n\n\n<p>Jag tror att europas ledare t\u00e4nker precis som de som kommenterar inl\u00e4ggen att \u201dRyssland kan inte vara s\u00e5 dumma\u201d.<\/p>\n\n\n\n<p>D\u00e5 har dom inte f\u00f6rst\u00e5tt att Ryssland har en uppgift i denna v\u00e5r tids kommande globala konflikt och det \u00e4r att l\u00e5sa upp Europa inf\u00f6r den stora kraftm\u00e4tningen (globalt tredje v\u00e4rldskrig) mellan USA och Kina.<\/p>\n\n\n\n<p>Ukraina skulle ha k\u00f6rts \u00f6ver redan 2022, fler l\u00e4nder i Europa redan fallit politiskt och Baltikum skulle vara er\u00f6vrat &#8211; men ryssj\u00e4vlarna har k\u00f6rt fast i Ukraina som hade den enast\u00e5ende fr\u00e4ckheten att b\u00f6rja f\u00f6rsvara sig.<\/p>\n\n\n\n<p>Det s\u00e4ger er en sak till och nu f\u00e5r ni h\u00e4nga med f\u00f6r det h\u00e4r har inga experter ens reflekterat \u00f6ver \u00e4nnu \u2013 Kina \u00e4r redan redo f\u00f6r det \u00e4r Ryssland som ligger efter p\u00e5 tidsplanen.<\/p>\n\n\n\n<p>Slog den ned som en blixt?<\/p>\n\n\n\n<p>Analysen om att Kina inte \u00e4r redo f\u00f6rr\u00e4n om tv\u00e5 \u00e5r som USA precis gick ut med \u00e4r fel, har man byggt de flytande hamnarna \u00e4r allt annat f\u00f6rberett, man b\u00f6rjar inte med att bygga Mulberrys f\u00f6r dom \u00e4r om\u00f6jliga att d\u00f6lja.<\/p>\n\n\n\n<p>Bilf\u00e4rjorna \u00e4r ocks\u00e5 f\u00e4rdigbyggda ett helt g\u00e4ng och ligger f\u00f6rt\u00f6jda i hamnarna l\u00e4ngs med den kinesiska kusten mot Taiwan.<\/p>\n\n\n\n<p>Har Kina nu bevisligen byggt upp rysslands hela rustningsindustri s\u00e5 RU kan bygga 75 000st Geran\/\u00e5r, 1000st robotar\/\u00e5r, 1500strv\/\u00e5r och s\u00e5 vidare \u2013 vad i hela helskotta tror ni d\u00e5 att dom gjort med sin egen rustningsindustri \ud83d\ude21<\/p>\n\n\n\n<p>Vi har sett filmer p\u00e5 fabriker d\u00e4r dom kan spotta ut 1000st robotar i m\u00e5naden och filmer p\u00e5 containers med 700st dr\u00f6nare, och koordinerade autonoma moln med AI dr\u00f6nare.<\/p>\n\n\n\n<p>Kommentarerna n\u00e4r jag postat dom har varit att Kina ljuger f\u00f6r likes, \u201cdet d\u00e4r st\u00e4mmer inte\u201d \u2013 och dom kommentarerna var m\u00e5nga.<\/p>\n\n\n\n<p>Kina \u00e4r s\u00e5ledes ocks\u00e5 redo f\u00f6r att kicka ig\u00e5ng v\u00e5r tids globala konflikt och anfallet mot Taiwan kommer bli full assymetrisk krigf\u00f6ring \u2013 n\u00e4r \u00e4r ju den stora fr\u00e5gan och mitt f\u00f6rslag \u00e4r att titta p\u00e5 v\u00e4dret, n\u00e4r det \u00e4r gynnsamt \u2013 det b\u00f6rjar nu och \u00e4r bra till Mars eller April.<\/p>\n\n\n\n<p>Det kommer ligga containerfartyg fullproppade med dr\u00f6nare i hamnarna i Taiwan och SOF infiltrerat innan s\u00e5 att dom tillsammans med spioner, sabot\u00f6rer och \u00f6verl\u00f6pare skall kunna utdela ett stenh\u00e5rt f\u00f6rstaslag i skymningsl\u00e4get precis som Sovjet \u00e4mnade g\u00f6ra mot oss i Europa.<\/p>\n\n\n\n<p>Ur passagerarplanen som landar den fatala morgonen kommer det v\u00e4lla ut fallsk\u00e4rmsj\u00e4gare ist\u00e4llet f\u00f6r semesterresen\u00e4rer, m\u00f6jligen civilkl\u00e4dda har inte best\u00e4mt mig \u00e4nnu.<\/p>\n\n\n\n<p>Det som tillkommit \u00e4r dr\u00f6narmolnen och robotregnen som n\u00e4r det g\u00e4ller Taiwan har begr\u00e4nsat med m\u00e5l p\u00e5 en begr\u00e4nsad yta att sl\u00e5 ut.<\/p>\n\n\n\n<p>Ja, Taiwan har gr\u00e4vt ned och f\u00f6rst\u00e4rkt sitt f\u00f6rsvar, och dom har ocks\u00e5 dr\u00f6nare och robotar, men ett regn med termobariska och bunkerbuster-robotar kommer orsaka skada.<\/p>\n\n\n\n<p>Ni beh\u00f6ver inte fr\u00e5ga om Kina har termobariska och klusterbomber \u2013 sj\u00e4lvklart har dom det, bara vi i Europa och USA som \u00f6vertalades att skrota v\u00e5ra.<\/p>\n\n\n\n<p>Sen kommer Kina landstiga runtom hela Taiwan; den \u00f6stra sidan med fiskeb\u00e5tar, containerfartyg och ub\u00e5t, och p\u00e5 den v\u00e4stra fr\u00e5n fastlandsh\u00e5llet blir det en mosaik av stridsfartyg, landstigningsfartyg, amfibiefordon, sm\u00e5 b\u00e5tar, bilf\u00e4rjor, luftlands\u00e4ttning, fallsk\u00e4rmsj\u00e4gare och helikopter.<\/p>\n\n\n\n<p>De snabbaste tar en timme \u00f6ver, de l\u00e5ngsammare 4-8 timmar.<\/p>\n\n\n\n<p>Som ett Dunkerque fast omv\u00e4nt.<\/p>\n\n\n\n<p>En silvermedalj skulle bli att iallafall lyckas er\u00f6vra Penghu, och Xi Jinping \u00e4r nog egentligen n\u00f6jd om dom slipper ett r\u00e4ttv\u00e4nt Dunkerque 2025.<\/p>\n\n\n\n<p>K\u00f6r dom \u00f6ver Taiwan blir det en etnisk rensning ni inte har sett p\u00e5 r\u00e4tt l\u00e4nge \u2013 d\u00e5 kommer ni f\u00f6rst\u00e5 vad en krigisk kines \u00e4r gjord av.<\/p>\n\n\n\n<p>Precis som f\u00f6r Ryssland att d\u00f6rren in till att plundra och sk\u00f6vla Baltikum st\u00e4ngs om n\u00e5got \u00e5r s\u00e5 har Kina samma problem f\u00f6r Ukraina har inlett ett dr\u00f6narsamarbete med Taiwan och f\u00f6rspr\u00e5nget i krig 2025 \u00e4r nu.<\/p>\n\n\n\n<p>D\u00e4refter \u00e4r det bara m\u00e4ngden som betyder n\u00e5got och v\u00e4sts \u00e4r p\u00e5 upp\u00e5tkurvan.<\/p>\n\n\n\n<p>1939 visste Polen att Tyskland skulle anfalla dom men trodde att det skulle ske f\u00f6rst 1942 \u2013 den h\u00f6ga officer som drev den linjen har av historikerna misst\u00e4nkts f\u00f6r att vara tysk \u00f6verl\u00f6pare.<\/p>\n\n\n\n<p>Polen hade en ambiti\u00f6s reform av f\u00f6rsvarsmakten och en betydligt b\u00e4ttre stridsvagn \u00e4n Tyskland, men i f\u00f6r f\u00e5 antal.<\/p>\n\n\n\n<p>Sen gick det som det gick och Tyskland tryckte sig igenom f\u00f6rsvarslinjer med minerngar, stora breda floder med f\u00f6rsvar bakom, och ett f\u00f6rsvar som i antal var lika starkt som tysklands \u2013 ja dom hade viss hj\u00e4lp av att ryssj\u00e4vlarna h\u00f6gg polackerna i ryggen och anf\u00f6ll fr\u00e5n \u00f6st med det r\u00e5dde ingen brist p\u00e5 naturliga terr\u00e4nghinder och v\u00e4l f\u00f6rberett defensivt f\u00f6rsvar dessutom fullt bemannat.<\/p>\n\n\n\n<p>1938 kunde inte Churchill h\u00e5lla sig l\u00e4ngre och sade till Neville Chamberlain \u201dYou were given the choice between war and dishonour. You chose dishonour and (now) you will have war\u201d.<\/p>\n\n\n\n<p>S\u00e5 vad har h\u00e4nt i n\u00e4rtid ut\u00f6ver att de med mest koll nu \u00f6ppet s\u00e4ger att Kina och Ryssland kommer starta krig, och att det kan b\u00f6rja nu idag redan?<\/p>\n\n\n\n<p>Ryssland har gjort en lag\u00e4ndring s\u00e5 deras personalreserv kan kallas in n\u00e4rsomhelst och \u00e4ven strida utanf\u00f6r Ryssland.<\/p>\n\n\n\n<p><a href=\"https:\/\/united24media.com\/latest-news\/russia-drafts-law-allowing-putin-to-mobilize-reservists-in-peacetime-12455\">https:\/\/united24media.com\/latest-news\/russia-drafts-law-allowing-putin-to-mobilize-reservists-in-peacetime-12455<\/a><\/p>\n\n\n\n<p>Jag har f\u00f6r mig att den personalreserven var 2.5 miljoner innan kriget och vet inte vad den kan vara idag \u2013 ett inte oansenligt antal har nog skrivit p\u00e5 f\u00f6r ukrainakriget.<\/p>\n\n\n\n<p>D\u00e4remot vet jag att Rysslands v\u00e4rnplikt \u00e4r runt 150 000st i tv\u00e5 omg\u00e5ngar per \u00e5r, s\u00e5 totalt 300 000st per \u00e5r som genomg\u00e5r v\u00e4rnplikten.<\/p>\n\n\n\n<p>N\u00e5got Ryssland har efter snart fyra \u00e5rs krig i Ukraina \u00e4r infrastrukturen f\u00f6r att b\u00f6rja s\u00e4tta upp sammansatta f\u00f6rband, tillr\u00e4ckligt med stridsvana instrukt\u00f6rer, och erfarenhet av krig 2025.<\/p>\n\n\n\n<p>Dom har ocks\u00e5 nyligen b\u00f6rjat f\u00f6rhindra mobiliserbara att l\u00e4mna landet, dom l\u00e4rde sig fr\u00e5n 2022 uppenbarligen<\/p>\n\n\n\n<p><a href=\"https:\/\/tvpworld.com\/89402536\/thousands-blocked-from-leaving-russia-amid-autumn-draft\">https:\/\/tvpworld.com\/89402536\/thousands-blocked-from-leaving-russia-amid-autumn-draft<\/a><\/p>\n\n\n\n<p>Belarus f\u00f6rsvarsmakt har g\u00e5tt upp i stabsl\u00e4ge verkar det som.<\/p>\n\n\n\n<figure class=\"wp-block-image is-resized\"><a class=\"image-link image2 is-viewable-img\" href=\"https:\/\/substackcdn.com\/image\/fetch\/$s_!2hxf!,f_auto,q_auto:good,fl_progressive:steep\/https%3A%2F%2Fsubstack-post-media.s3.amazonaws.com%2Fpublic%2Fimages%2F634680d3-29d1-47f5-8ae4-523d7f135cb6_828x898.jpeg\" target=\"_blank\" rel=\"noreferrer noopener\"><img decoding=\"async\" src=\"https:\/\/substackcdn.com\/image\/fetch\/$s_!2hxf!,w_1456,c_limit,f_auto,q_auto:good,fl_progressive:steep\/https%3A%2F%2Fsubstack-post-media.s3.amazonaws.com%2Fpublic%2Fimages%2F634680d3-29d1-47f5-8ae4-523d7f135cb6_828x898.jpeg\" alt=\"\" style=\"width:349px;height:auto\"\/><\/a><\/figure>\n\n\n\n<p>Zelensky varnar \u201ddirekt ber\u00f6rda\u201d f\u00f6r att RU nu kommer bygga upp i Belarus \u2013 l\u00e4s in vad ni vill i det men med direkt ber\u00f6rda menar han sannolikt inte sig sj\u00e4lv t\u00e4nker iallafall jag?<\/p>\n\n\n\n<figure class=\"wp-block-image is-resized\"><a class=\"image-link image2\" href=\"https:\/\/substackcdn.com\/image\/fetch\/$s_!7x7C!,f_auto,q_auto:good,fl_progressive:steep\/https%3A%2F%2Fsubstack-post-media.s3.amazonaws.com%2Fpublic%2Fimages%2Fe7893216-7ff9-4565-ac3d-6f4a09ebe6e8_828x307.jpeg\" target=\"_blank\" rel=\"noreferrer noopener\"><img decoding=\"async\" src=\"https:\/\/substackcdn.com\/image\/fetch\/$s_!7x7C!,w_1456,c_limit,f_auto,q_auto:good,fl_progressive:steep\/https%3A%2F%2Fsubstack-post-media.s3.amazonaws.com%2Fpublic%2Fimages%2Fe7893216-7ff9-4565-ac3d-6f4a09ebe6e8_828x307.jpeg\" alt=\"\" style=\"width:396px;height:auto\"\/><\/a><\/figure>\n\n\n\n<p>Och Zelensky har utf\u00e4rdat en h\u00e5rd varning \u2013 om Ryssland b\u00f6rjar mobilisera \u00e4r det f\u00f6r att anfalla er i Europa, b\u00f6rja g\u00f6ra benb\u00f6j redan nu.<br><a target=\"_blank\" rel=\"noreferrer noopener\" href=\"https:\/\/kyivindependent.com\/europe-faces-significant-risk-of-big-war-if-putin-orders-mobilization-zelensky-says\/\">https:\/\/kyivindependent.com\/europe-faces-significant-risk-of-big-war-if-putin-orders-mobilization-zelensky-says\/<\/a><\/p>\n\n\n\n<p>\u00c4r nu r\u00e4tt \u00f6vertygad om att sk\u00e4let till ukrainas nyfunna sprallighet \u00e4r f\u00f6r att dom vet att Europa kommer bli indragna i kriget snart \u2013 det \u00e4r bra f\u00f6r dom.<\/p>\n\n\n\n<p>Det var ocks\u00e5 sk\u00e4let till USA kurs\u00e4ndring, dom ins\u00e5g att det var k\u00f6rt att f\u00e5 med sig Ryssland mot Kina \u2013 ett stort strategiskt misstag som kommer kosta m\u00e5nga liv. USA \u00e4r inte s\u00e5 allvetande som alla verkar tro.<\/p>\n\n\n\n<p>F\u00f6r n\u00e5got vi i tr\u00e5den sagt sedan 2022 \u00e4r att en snabb brakvinst f\u00f6r Ukraina som leder till ryska revolutionen 2.0 d\u00e5 skulle det kunna stampa ut v\u00e5r tids globala konflikt och Kina kryper tillbaka in i grytet.<\/p>\n\n\n\n<p>Fram tills Augusti 2025 har USA och Europa drivit en n\u00e4rmast suicidal utrikespolitik som tagit oss hit och enda sk\u00e4let att det inte tagit en \u00e4nde med f\u00f6rskr\u00e4ckelse \u00e4r det ukrainska skyttet som v\u00e4grar att ge upp.<\/p>\n\n\n\n<p>F\u00f6r mig ser det ut som Ukraina f\u00f6r en f\u00f6rdr\u00f6jningsstrid f\u00f6r att k\u00f6pa sig tid \u2013 till vad\u00e5 \u00e4r ju fr\u00e5gan och global konflikt f\u00e5r bli en kvalificerad gissning.<\/p>\n\n\n\n<p>Vid fronterna g\u00e5r det inte speciellt bra alls \u2013 jag ska sammanfatta det i n\u00e4sta vecka.<\/p>\n\n\n\n<p>Sen kanske UA assymetrisk krigf\u00f6ring kommer n\u00e5 i m\u00e5l men om RU hinner g\u00e5 i krig med Europa och mobilisera kan den nog inte f\u00e4lla Ryssland, d\u00e5 kommer det rassla p\u00e5 ett tag till f\u00f6r d\u00e5 \u00e4r Ryssland i krig med NATO och landet enas kring det mer \u00e4n att dom m\u00f6rdar sitt broderfolk i Ukraina.<\/p>\n\n\n\n<p>Vi skrev det f\u00f6r ett tag sedan \u2013 vem hinner f\u00f6rst.<\/p>\n\n\n\n<p>Blir det ukrainas assymetriska krigf\u00f6ring eller hinner Ryssland och sen Kina eskalera \u2013 just nu ser det ut som om eskaleringen kommer hinna f\u00f6rst.<\/p>\n","protected":false},"excerpt":{"rendered":"<p>Det h\u00e4r inl\u00e4gget f\u00f6ljer p\u00e5 \u201dN\u00e4r kriget kommer\u201d och jag lyckades inte hitta en l\u00e4mplig plats i inl\u00e4gget f\u00f6r att [&hellip;]<\/p>\n","protected":false},"author":3,"featured_media":0,"comment_status":"open","ping_status":"open","sticky":false,"template":"","format":"standard","meta":{"site-sidebar-layout":"default","site-content-layout":"","ast-site-content-layout":"default","site-content-style":"default","site-sidebar-style":"default","ast-global-header-display":"","ast-banner-title-visibility":"","ast-main-header-display":"","ast-hfb-above-header-display":"","ast-hfb-below-header-display":"","ast-hfb-mobile-header-display":"","site-post-title":"","ast-breadcrumbs-content":"","ast-featured-img":"","footer-sml-layout":"","ast-disable-related-posts":"","theme-transparent-header-meta":"","adv-header-id-meta":"","stick-header-meta":"","header-above-stick-meta":"","header-main-stick-meta":"","header-below-stick-meta":"","astra-migrate-meta-layouts":"default","ast-page-background-enabled":"default","ast-page-background-meta":{"desktop":{"background-color":"var(--ast-global-color-4)","background-image":"","background-repeat":"repeat","background-position":"center center","background-size":"auto","background-attachment":"scroll","background-type":"","background-media":"","overlay-type":"","overlay-color":"","overlay-opacity":"","overlay-gradient":""},"tablet":{"background-color":"","background-image":"","background-repeat":"repeat","background-position":"center center","background-size":"auto","background-attachment":"scroll","background-type":"","background-media":"","overlay-type":"","overlay-color":"","overlay-opacity":"","overlay-gradient":""},"mobile":{"background-color":"","background-image":"","background-repeat":"repeat","background-position":"center center","background-size":"auto","background-attachment":"scroll","background-type":"","background-media":"","overlay-type":"","overlay-color":"","overlay-opacity":"","overlay-gradient":""}},"ast-content-background-meta":{"desktop":{"background-color":"var(--ast-global-color-5)","background-image":"","background-repeat":"repeat","background-position":"center center","background-size":"auto","background-attachment":"scroll","background-type":"","background-media":"","overlay-type":"","overlay-color":"","overlay-opacity":"","overlay-gradient":""},"tablet":{"background-color":"var(--ast-global-color-5)","background-image":"","background-repeat":"repeat","background-position":"center center","background-size":"auto","background-attachment":"scroll","background-type":"","background-media":"","overlay-type":"","overlay-color":"","overlay-opacity":"","overlay-gradient":""},"mobile":{"background-color":"var(--ast-global-color-5)","background-image":"","background-repeat":"repeat","background-position":"center center","background-size":"auto","background-attachment":"scroll","background-type":"","background-media":"","overlay-type":"","overlay-color":"","overlay-opacity":"","overlay-gradient":""}},"footnotes":""},"categories":[18],"tags":[],"class_list":["post-3062","post","type-post","status-publish","format-standard","hentry","category-ukraina"],"yoast_head":"<!-- This site is optimized with the Yoast SEO plugin v27.5 - https:\/\/yoast.com\/product\/yoast-seo-wordpress\/ -->\n<title>N\u00e4r kriget kommer del 2, 17 Oktober 2025 -<\/title>\n<meta name=\"robots\" content=\"index, follow, max-snippet:-1, max-image-preview:large, max-video-preview:-1\" \/>\n<link rel=\"canonical\" href=\"https:\/\/johanno1.se\/sv\/nar-kriget-kommer-del-2-17-oktober-2025\/\" \/>\n<meta property=\"og:locale\" content=\"sv_SE\" \/>\n<meta property=\"og:type\" content=\"article\" \/>\n<meta property=\"og:title\" content=\"N\u00e4r kriget kommer del 2, 17 Oktober 2025 -\" \/>\n<meta property=\"og:description\" content=\"Det h\u00e4r inl\u00e4gget f\u00f6ljer p\u00e5 \u201dN\u00e4r kriget kommer\u201d och jag lyckades inte hitta en l\u00e4mplig plats i inl\u00e4gget f\u00f6r att [&hellip;]\" \/>\n<meta property=\"og:url\" content=\"https:\/\/johanno1.se\/sv\/nar-kriget-kommer-del-2-17-oktober-2025\/\" \/>\n<meta property=\"og:site_name\" content=\"Johan No.1\" \/>\n<meta property=\"article:published_time\" content=\"2025-10-17T05:01:00+00:00\" \/>\n<meta property=\"article:modified_time\" content=\"2025-10-18T06:30:45+00:00\" \/>\n<meta property=\"og:image\" content=\"https:\/\/johanno1.se\/wp-content\/uploads\/2025\/10\/1.-forstabild.png\" \/>\n\t<meta property=\"og:image:width\" content=\"687\" \/>\n\t<meta property=\"og:image:height\" content=\"302\" \/>\n\t<meta property=\"og:image:type\" content=\"image\/png\" \/>\n<meta name=\"author\" content=\"johan No.1\" \/>\n<meta name=\"twitter:card\" content=\"summary_large_image\" \/>\n<meta name=\"twitter:label1\" content=\"Skriven av\" \/>\n\t<meta name=\"twitter:data1\" content=\"johan No.1\" \/>\n\t<meta name=\"twitter:label2\" content=\"Ber\u00e4knad l\u00e4stid\" \/>\n\t<meta name=\"twitter:data2\" content=\"14 minuter\" \/>\n<script type=\"application\/ld+json\" class=\"yoast-schema-graph\">{\"@context\":\"https:\\\/\\\/schema.org\",\"@graph\":[{\"@type\":\"Article\",\"@id\":\"https:\\\/\\\/johanno1.se\\\/sv\\\/nar-kriget-kommer-del-2-17-oktober-2025\\\/#article\",\"isPartOf\":{\"@id\":\"https:\\\/\\\/johanno1.se\\\/sv\\\/nar-kriget-kommer-del-2-17-oktober-2025\\\/\"},\"author\":{\"name\":\"johan No.1\",\"@id\":\"https:\\\/\\\/johanno1.se\\\/sv\\\/#\\\/schema\\\/person\\\/1dec165f070bde263b30eaf3c0a742e7\"},\"headline\":\"N\u00e4r kriget kommer del 2, 17 Oktober 2025\",\"datePublished\":\"2025-10-17T05:01:00+00:00\",\"dateModified\":\"2025-10-18T06:30:45+00:00\",\"mainEntityOfPage\":{\"@id\":\"https:\\\/\\\/johanno1.se\\\/sv\\\/nar-kriget-kommer-del-2-17-oktober-2025\\\/\"},\"wordCount\":2884,\"commentCount\":101,\"publisher\":{\"@id\":\"https:\\\/\\\/johanno1.se\\\/sv\\\/#organization\"},\"image\":{\"@id\":\"https:\\\/\\\/johanno1.se\\\/sv\\\/nar-kriget-kommer-del-2-17-oktober-2025\\\/#primaryimage\"},\"thumbnailUrl\":\"https:\\\/\\\/johanno1.se\\\/wp-content\\\/uploads\\\/2025\\\/10\\\/1.-forstabild.png\",\"articleSection\":[\"Kriget i Ukraina\"],\"inLanguage\":\"sv-SE\",\"potentialAction\":[{\"@type\":\"CommentAction\",\"name\":\"Comment\",\"target\":[\"https:\\\/\\\/johanno1.se\\\/sv\\\/nar-kriget-kommer-del-2-17-oktober-2025\\\/#respond\"]}]},{\"@type\":\"WebPage\",\"@id\":\"https:\\\/\\\/johanno1.se\\\/sv\\\/nar-kriget-kommer-del-2-17-oktober-2025\\\/\",\"url\":\"https:\\\/\\\/johanno1.se\\\/sv\\\/nar-kriget-kommer-del-2-17-oktober-2025\\\/\",\"name\":\"N\u00e4r kriget kommer del 2, 17 Oktober 2025 -\",\"isPartOf\":{\"@id\":\"https:\\\/\\\/johanno1.se\\\/sv\\\/#website\"},\"primaryImageOfPage\":{\"@id\":\"https:\\\/\\\/johanno1.se\\\/sv\\\/nar-kriget-kommer-del-2-17-oktober-2025\\\/#primaryimage\"},\"image\":{\"@id\":\"https:\\\/\\\/johanno1.se\\\/sv\\\/nar-kriget-kommer-del-2-17-oktober-2025\\\/#primaryimage\"},\"thumbnailUrl\":\"https:\\\/\\\/johanno1.se\\\/wp-content\\\/uploads\\\/2025\\\/10\\\/1.-forstabild.png\",\"datePublished\":\"2025-10-17T05:01:00+00:00\",\"dateModified\":\"2025-10-18T06:30:45+00:00\",\"breadcrumb\":{\"@id\":\"https:\\\/\\\/johanno1.se\\\/sv\\\/nar-kriget-kommer-del-2-17-oktober-2025\\\/#breadcrumb\"},\"inLanguage\":\"sv-SE\",\"potentialAction\":[{\"@type\":\"ReadAction\",\"target\":[\"https:\\\/\\\/johanno1.se\\\/sv\\\/nar-kriget-kommer-del-2-17-oktober-2025\\\/\"]}]},{\"@type\":\"ImageObject\",\"inLanguage\":\"sv-SE\",\"@id\":\"https:\\\/\\\/johanno1.se\\\/sv\\\/nar-kriget-kommer-del-2-17-oktober-2025\\\/#primaryimage\",\"url\":\"https:\\\/\\\/johanno1.se\\\/wp-content\\\/uploads\\\/2025\\\/10\\\/1.-forstabild.png\",\"contentUrl\":\"https:\\\/\\\/johanno1.se\\\/wp-content\\\/uploads\\\/2025\\\/10\\\/1.-forstabild.png\"},{\"@type\":\"BreadcrumbList\",\"@id\":\"https:\\\/\\\/johanno1.se\\\/sv\\\/nar-kriget-kommer-del-2-17-oktober-2025\\\/#breadcrumb\",\"itemListElement\":[{\"@type\":\"ListItem\",\"position\":1,\"name\":\"Hem\",\"item\":\"https:\\\/\\\/johanno1.se\\\/sv\\\/\"},{\"@type\":\"ListItem\",\"position\":2,\"name\":\"N\u00e4r kriget kommer del 2, 17 Oktober 2025\"}]},{\"@type\":\"WebSite\",\"@id\":\"https:\\\/\\\/johanno1.se\\\/sv\\\/#website\",\"url\":\"https:\\\/\\\/johanno1.se\\\/sv\\\/\",\"name\":\"Johan No.1\",\"description\":\"Kriget i Ukraina - V\u00e4rldsledande omv\u00e4rldsanalys fr\u00e5n Svensksund till den ryska brakf\u00f6rlusten i Ukraina\",\"publisher\":{\"@id\":\"https:\\\/\\\/johanno1.se\\\/sv\\\/#organization\"},\"potentialAction\":[{\"@type\":\"SearchAction\",\"target\":{\"@type\":\"EntryPoint\",\"urlTemplate\":\"https:\\\/\\\/johanno1.se\\\/sv\\\/?s={search_term_string}\"},\"query-input\":{\"@type\":\"PropertyValueSpecification\",\"valueRequired\":true,\"valueName\":\"search_term_string\"}}],\"inLanguage\":\"sv-SE\"},{\"@type\":\"Organization\",\"@id\":\"https:\\\/\\\/johanno1.se\\\/sv\\\/#organization\",\"name\":\"Johan No. 1\",\"url\":\"https:\\\/\\\/johanno1.se\\\/sv\\\/\",\"logo\":{\"@type\":\"ImageObject\",\"inLanguage\":\"sv-SE\",\"@id\":\"https:\\\/\\\/johanno1.se\\\/sv\\\/#\\\/schema\\\/logo\\\/image\\\/\",\"url\":\"https:\\\/\\\/johanno1.se\\\/wp-content\\\/uploads\\\/2025\\\/03\\\/cropped-No1-Logo.png\",\"contentUrl\":\"https:\\\/\\\/johanno1.se\\\/wp-content\\\/uploads\\\/2025\\\/03\\\/cropped-No1-Logo.png\",\"width\":512,\"height\":512,\"caption\":\"Johan No. 1\"},\"image\":{\"@id\":\"https:\\\/\\\/johanno1.se\\\/sv\\\/#\\\/schema\\\/logo\\\/image\\\/\"}},{\"@type\":\"Person\",\"@id\":\"https:\\\/\\\/johanno1.se\\\/sv\\\/#\\\/schema\\\/person\\\/1dec165f070bde263b30eaf3c0a742e7\",\"name\":\"johan No.1\",\"image\":{\"@type\":\"ImageObject\",\"inLanguage\":\"sv-SE\",\"@id\":\"https:\\\/\\\/secure.gravatar.com\\\/avatar\\\/06f93864ed6b830e2782e60575fff112f1c61c52bb10b194131e0e333191695b?s=96&d=mm&r=g\",\"url\":\"https:\\\/\\\/secure.gravatar.com\\\/avatar\\\/06f93864ed6b830e2782e60575fff112f1c61c52bb10b194131e0e333191695b?s=96&d=mm&r=g\",\"contentUrl\":\"https:\\\/\\\/secure.gravatar.com\\\/avatar\\\/06f93864ed6b830e2782e60575fff112f1c61c52bb10b194131e0e333191695b?s=96&d=mm&r=g\",\"caption\":\"johan No.1\"},\"url\":\"https:\\\/\\\/johanno1.se\\\/sv\\\/author\\\/johan\\\/\"}]}<\/script>\n<!-- \/ Yoast SEO plugin. -->","yoast_head_json":{"title":"N\u00e4r kriget kommer del 2, 17 Oktober 2025 -","robots":{"index":"index","follow":"follow","max-snippet":"max-snippet:-1","max-image-preview":"max-image-preview:large","max-video-preview":"max-video-preview:-1"},"canonical":"https:\/\/johanno1.se\/sv\/nar-kriget-kommer-del-2-17-oktober-2025\/","og_locale":"sv_SE","og_type":"article","og_title":"N\u00e4r kriget kommer del 2, 17 Oktober 2025 -","og_description":"Det h\u00e4r inl\u00e4gget f\u00f6ljer p\u00e5 \u201dN\u00e4r kriget kommer\u201d och jag lyckades inte hitta en l\u00e4mplig plats i inl\u00e4gget f\u00f6r att [&hellip;]","og_url":"https:\/\/johanno1.se\/sv\/nar-kriget-kommer-del-2-17-oktober-2025\/","og_site_name":"Johan No.1","article_published_time":"2025-10-17T05:01:00+00:00","article_modified_time":"2025-10-18T06:30:45+00:00","og_image":[{"width":687,"height":302,"url":"https:\/\/johanno1.se\/wp-content\/uploads\/2025\/10\/1.-forstabild.png","type":"image\/png"}],"author":"johan No.1","twitter_card":"summary_large_image","twitter_misc":{"Skriven av":"johan No.1","Ber\u00e4knad l\u00e4stid":"14 minuter"},"schema":{"@context":"https:\/\/schema.org","@graph":[{"@type":"Article","@id":"https:\/\/johanno1.se\/sv\/nar-kriget-kommer-del-2-17-oktober-2025\/#article","isPartOf":{"@id":"https:\/\/johanno1.se\/sv\/nar-kriget-kommer-del-2-17-oktober-2025\/"},"author":{"name":"johan No.1","@id":"https:\/\/johanno1.se\/sv\/#\/schema\/person\/1dec165f070bde263b30eaf3c0a742e7"},"headline":"N\u00e4r kriget kommer del 2, 17 Oktober 2025","datePublished":"2025-10-17T05:01:00+00:00","dateModified":"2025-10-18T06:30:45+00:00","mainEntityOfPage":{"@id":"https:\/\/johanno1.se\/sv\/nar-kriget-kommer-del-2-17-oktober-2025\/"},"wordCount":2884,"commentCount":101,"publisher":{"@id":"https:\/\/johanno1.se\/sv\/#organization"},"image":{"@id":"https:\/\/johanno1.se\/sv\/nar-kriget-kommer-del-2-17-oktober-2025\/#primaryimage"},"thumbnailUrl":"https:\/\/johanno1.se\/wp-content\/uploads\/2025\/10\/1.-forstabild.png","articleSection":["Kriget i Ukraina"],"inLanguage":"sv-SE","potentialAction":[{"@type":"CommentAction","name":"Comment","target":["https:\/\/johanno1.se\/sv\/nar-kriget-kommer-del-2-17-oktober-2025\/#respond"]}]},{"@type":"WebPage","@id":"https:\/\/johanno1.se\/sv\/nar-kriget-kommer-del-2-17-oktober-2025\/","url":"https:\/\/johanno1.se\/sv\/nar-kriget-kommer-del-2-17-oktober-2025\/","name":"N\u00e4r kriget kommer del 2, 17 Oktober 2025 -","isPartOf":{"@id":"https:\/\/johanno1.se\/sv\/#website"},"primaryImageOfPage":{"@id":"https:\/\/johanno1.se\/sv\/nar-kriget-kommer-del-2-17-oktober-2025\/#primaryimage"},"image":{"@id":"https:\/\/johanno1.se\/sv\/nar-kriget-kommer-del-2-17-oktober-2025\/#primaryimage"},"thumbnailUrl":"https:\/\/johanno1.se\/wp-content\/uploads\/2025\/10\/1.-forstabild.png","datePublished":"2025-10-17T05:01:00+00:00","dateModified":"2025-10-18T06:30:45+00:00","breadcrumb":{"@id":"https:\/\/johanno1.se\/sv\/nar-kriget-kommer-del-2-17-oktober-2025\/#breadcrumb"},"inLanguage":"sv-SE","potentialAction":[{"@type":"ReadAction","target":["https:\/\/johanno1.se\/sv\/nar-kriget-kommer-del-2-17-oktober-2025\/"]}]},{"@type":"ImageObject","inLanguage":"sv-SE","@id":"https:\/\/johanno1.se\/sv\/nar-kriget-kommer-del-2-17-oktober-2025\/#primaryimage","url":"https:\/\/johanno1.se\/wp-content\/uploads\/2025\/10\/1.-forstabild.png","contentUrl":"https:\/\/johanno1.se\/wp-content\/uploads\/2025\/10\/1.-forstabild.png"},{"@type":"BreadcrumbList","@id":"https:\/\/johanno1.se\/sv\/nar-kriget-kommer-del-2-17-oktober-2025\/#breadcrumb","itemListElement":[{"@type":"ListItem","position":1,"name":"Hem","item":"https:\/\/johanno1.se\/sv\/"},{"@type":"ListItem","position":2,"name":"N\u00e4r kriget kommer del 2, 17 Oktober 2025"}]},{"@type":"WebSite","@id":"https:\/\/johanno1.se\/sv\/#website","url":"https:\/\/johanno1.se\/sv\/","name":"Johan No.1","description":"Kriget i Ukraina - V\u00e4rldsledande omv\u00e4rldsanalys fr\u00e5n Svensksund till den ryska brakf\u00f6rlusten i Ukraina","publisher":{"@id":"https:\/\/johanno1.se\/sv\/#organization"},"potentialAction":[{"@type":"SearchAction","target":{"@type":"EntryPoint","urlTemplate":"https:\/\/johanno1.se\/sv\/?s={search_term_string}"},"query-input":{"@type":"PropertyValueSpecification","valueRequired":true,"valueName":"search_term_string"}}],"inLanguage":"sv-SE"},{"@type":"Organization","@id":"https:\/\/johanno1.se\/sv\/#organization","name":"Johan No. 1","url":"https:\/\/johanno1.se\/sv\/","logo":{"@type":"ImageObject","inLanguage":"sv-SE","@id":"https:\/\/johanno1.se\/sv\/#\/schema\/logo\/image\/","url":"https:\/\/johanno1.se\/wp-content\/uploads\/2025\/03\/cropped-No1-Logo.png","contentUrl":"https:\/\/johanno1.se\/wp-content\/uploads\/2025\/03\/cropped-No1-Logo.png","width":512,"height":512,"caption":"Johan No. 1"},"image":{"@id":"https:\/\/johanno1.se\/sv\/#\/schema\/logo\/image\/"}},{"@type":"Person","@id":"https:\/\/johanno1.se\/sv\/#\/schema\/person\/1dec165f070bde263b30eaf3c0a742e7","name":"johan No.1","image":{"@type":"ImageObject","inLanguage":"sv-SE","@id":"https:\/\/secure.gravatar.com\/avatar\/06f93864ed6b830e2782e60575fff112f1c61c52bb10b194131e0e333191695b?s=96&d=mm&r=g","url":"https:\/\/secure.gravatar.com\/avatar\/06f93864ed6b830e2782e60575fff112f1c61c52bb10b194131e0e333191695b?s=96&d=mm&r=g","contentUrl":"https:\/\/secure.gravatar.com\/avatar\/06f93864ed6b830e2782e60575fff112f1c61c52bb10b194131e0e333191695b?s=96&d=mm&r=g","caption":"johan No.1"},"url":"https:\/\/johanno1.se\/sv\/author\/johan\/"}]}},"_links":{"self":[{"href":"https:\/\/johanno1.se\/sv\/wp-json\/wp\/v2\/posts\/3062","targetHints":{"allow":["GET"]}}],"collection":[{"href":"https:\/\/johanno1.se\/sv\/wp-json\/wp\/v2\/posts"}],"about":[{"href":"https:\/\/johanno1.se\/sv\/wp-json\/wp\/v2\/types\/post"}],"author":[{"embeddable":true,"href":"https:\/\/johanno1.se\/sv\/wp-json\/wp\/v2\/users\/3"}],"replies":[{"embeddable":true,"href":"https:\/\/johanno1.se\/sv\/wp-json\/wp\/v2\/comments?post=3062"}],"version-history":[{"count":1,"href":"https:\/\/johanno1.se\/sv\/wp-json\/wp\/v2\/posts\/3062\/revisions"}],"predecessor-version":[{"id":3065,"href":"https:\/\/johanno1.se\/sv\/wp-json\/wp\/v2\/posts\/3062\/revisions\/3065"}],"wp:attachment":[{"href":"https:\/\/johanno1.se\/sv\/wp-json\/wp\/v2\/media?parent=3062"}],"wp:term":[{"taxonomy":"category","embeddable":true,"href":"https:\/\/johanno1.se\/sv\/wp-json\/wp\/v2\/categories?post=3062"},{"taxonomy":"post_tag","embeddable":true,"href":"https:\/\/johanno1.se\/sv\/wp-json\/wp\/v2\/tags?post=3062"}],"curies":[{"name":"wp","href":"https:\/\/api.w.org\/{rel}","templated":true}]}}