{"id":3111,"date":"2025-10-22T07:45:57","date_gmt":"2025-10-22T05:45:57","guid":{"rendered":"https:\/\/johanno1.se\/?p=3111"},"modified":"2025-10-23T06:46:06","modified_gmt":"2025-10-23T04:46:06","slug":"kriget-i-ukraina-2025-10-22","status":"publish","type":"post","link":"https:\/\/johanno1.se\/sv\/kriget-i-ukraina-2025-10-22\/","title":{"rendered":"Kriget i Ukraina 2025-10-22"},"content":{"rendered":"\n<p>Kriget i Ukraina \u00e4r nu inne p\u00e5 dag 1337 och Trumps senaste f\u00f6rs\u00f6k i steget att n\u00e5 fred genom m\u00f6te med Putin st\u00e4lldes inte helt ov\u00e4ntat in. Fr\u00e5gan \u00e4r om Trump \u00e5terigen bara l\u00e5ter det passera eller om han till slut faktiskt kommer att g\u00f6ra allvar av n\u00e5got av alla sina hot. Nu har hoten s\u00e5 h\u00e4r l\u00e5ngt inte varit speciellt omfattande, att USA sanktionerar Ryssland eller att man skickar Tomhawks \u00e4r f\u00f6rst\u00e5s bra \u00e5tg\u00e4rder men inte krigsavg\u00f6rande. <br>Det som faktiskt kan bli avg\u00f6rande \u00e4r f\u00f6rst\u00e5s hoten om sanktioner mot alla som handlar med rysk olja. Det skulle sl\u00e5 h\u00e5rt mot Rysslands redan pressade ekonomi om sanktionerna efterlevs. <br>Sannolikheten \u00e4r n\u00e5gorlunda h\u00f6g att det kan bli av. Trump tycks inte bry sig speciellt mycket om Ukraina men det ligger f\u00f6rst\u00e5s i hans och USAs eget intresse att inf\u00f6ra sanktionerna. Det kommer dels att gynna exporten fr\u00e5n USA och dels kommer priserna att stiga (USA har sv\u00e5rt att konkurrera n\u00e4r priserna ligger f\u00f6r l\u00e5gt). Vi f\u00e5r h\u00e5lla tummarna.<\/p>\n\n\n\n<p>I natt attackerade Ukraina ett ryskt <a href=\"https:\/\/bsky.app\/profile\/tendar.bsky.social\/post\/3m3r3b7ry3k22\">oljeraffinaderiet Makhachkala i Dagestan<\/a>. Jag har f\u00f6rs\u00f6kt hitta uppgifter om kapacitet men det tyckas finnas flera i det omr\u00e5det. N\u00e5gra sm\u00e5 med en kapacitet p\u00e5 ~1MT\/\u00e5r men \u00e4ven ett st\u00f6rre d\u00e4r uppgifterna ligger p\u00e5 ~11-12MT\/\u00e5r och i s\u00e5 fall \u00e4r det ett av Rysslands st\u00f6rre raffinaderier. Troligast \u00e4r ocks\u00e5 att det \u00e4r det som attackerats.<\/p>\n\n\n\n<p>Ukraina attackerade \u00e4ven en mekanisk fabrik <a href=\"https:\/\/bsky.app\/profile\/noelreports.com\/post\/3m3r2ssvmt22r\">Saransk Mechanical Plant<\/a> som enligt uppgift ska tillverka komponenter till krigsindustrin (vapensystem).<\/p>\n\n\n\n<p>Samtidigt fortsatte Ryssland sina dr\u00f6narangrepp. \u00c4n s\u00e5 l\u00e4nge rapporteras det om tv\u00e5 d\u00f6da och dussintals skadade. Man tr\u00e4ffade \u00e4ven energinfrastruktur och det rapporteras om 2000 str\u00f6ml\u00f6sa i Zaporizhzhia.<\/p>\n\n\n\n<p>Vi f\u00e5r finbes\u00f6k av Zelenskyy som kommer till Sverige i dag och m\u00f6tet ska h\u00e5llas Link\u00f6ping enligt en <a href=\"https:\/\/x.com\/SwedishPM\/status\/1980848518551011493\">tweet fr\u00e5n Ulf Kristersson.<\/a> <br>Vi f\u00e5r hoppas att han till slut f\u00e5r l\u00f6ften om Gripen s\u00e5 vi snart f\u00e5r se dem i luften i Ukraina!<\/p>\n\n\n\n<p><\/p>\n\n\n\n<p>Ryska f\u00f6rluster:<\/p>\n\n\n\n<ul class=\"wp-block-list\">\n<li>1050 KWIA&nbsp;<\/li>\n\n\n\n<li>2 Tanks&nbsp;<\/li>\n\n\n\n<li>11 AFVs<\/li>\n\n\n\n<li>12 Artillery systems&nbsp;<\/li>\n\n\n\n<li>160 UAVs&nbsp;<\/li>\n\n\n\n<li>96 Vehicles &amp; Fuel tanks&nbsp;<\/li>\n\n\n\n<li>1 Special equipment&nbsp;<\/li>\n<\/ul>\n\n\n\n<figure class=\"wp-block-image size-large losses\"><img loading=\"lazy\" decoding=\"async\" width=\"819\" height=\"1024\" src=\"https:\/\/johanno1.se\/wp-content\/uploads\/2025\/10\/2025-10-22-819x1024.jpg\" alt=\"\" class=\"wp-image-3112\" srcset=\"https:\/\/johanno1.se\/wp-content\/uploads\/2025\/10\/2025-10-22-819x1024.jpg 819w, https:\/\/johanno1.se\/wp-content\/uploads\/2025\/10\/2025-10-22-240x300.jpg 240w, https:\/\/johanno1.se\/wp-content\/uploads\/2025\/10\/2025-10-22-768x960.jpg 768w, https:\/\/johanno1.se\/wp-content\/uploads\/2025\/10\/2025-10-22.jpg 1024w\" sizes=\"auto, (max-width: 819px) 100vw, 819px\" \/><\/figure>\n\n\n\n<p><strong>SLAVA UKRAINI<\/strong><\/p>\n","protected":false},"excerpt":{"rendered":"<p>Kriget i Ukraina &#8211; Trump st\u00e4llde in m\u00f6tet med Putin. Ukraina har attackerat ett oljeraffinaderi och en fabrik som tillverkar delar till vapen.<\/p>\n","protected":false},"author":1,"featured_media":805,"comment_status":"open","ping_status":"open","sticky":false,"template":"","format":"standard","meta":{"site-sidebar-layout":"default","site-content-layout":"","ast-site-content-layout":"default","site-content-style":"default","site-sidebar-style":"default","ast-global-header-display":"","ast-banner-title-visibility":"","ast-main-header-display":"","ast-hfb-above-header-display":"","ast-hfb-below-header-display":"","ast-hfb-mobile-header-display":"","site-post-title":"","ast-breadcrumbs-content":"","ast-featured-img":"","footer-sml-layout":"","ast-disable-related-posts":"","theme-transparent-header-meta":"","adv-header-id-meta":"","stick-header-meta":"","header-above-stick-meta":"","header-main-stick-meta":"","header-below-stick-meta":"","astra-migrate-meta-layouts":"default","ast-page-background-enabled":"default","ast-page-background-meta":{"desktop":{"background-color":"var(--ast-global-color-4)","background-image":"","background-repeat":"repeat","background-position":"center center","background-size":"auto","background-attachment":"scroll","background-type":"","background-media":"","overlay-type":"","overlay-color":"","overlay-opacity":"","overlay-gradient":""},"tablet":{"background-color":"","background-image":"","background-repeat":"repeat","background-position":"center center","background-size":"auto","background-attachment":"scroll","background-type":"","background-media":"","overlay-type":"","overlay-color":"","overlay-opacity":"","overlay-gradient":""},"mobile":{"background-color":"","background-image":"","background-repeat":"repeat","background-position":"center center","background-size":"auto","background-attachment":"scroll","background-type":"","background-media":"","overlay-type":"","overlay-color":"","overlay-opacity":"","overlay-gradient":""}},"ast-content-background-meta":{"desktop":{"background-color":"var(--ast-global-color-5)","background-image":"","background-repeat":"repeat","background-position":"center center","background-size":"auto","background-attachment":"scroll","background-type":"","background-media":"","overlay-type":"","overlay-color":"","overlay-opacity":"","overlay-gradient":""},"tablet":{"background-color":"var(--ast-global-color-5)","background-image":"","background-repeat":"repeat","background-position":"center center","background-size":"auto","background-attachment":"scroll","background-type":"","background-media":"","overlay-type":"","overlay-color":"","overlay-opacity":"","overlay-gradient":""},"mobile":{"background-color":"var(--ast-global-color-5)","background-image":"","background-repeat":"repeat","background-position":"center center","background-size":"auto","background-attachment":"scroll","background-type":"","background-media":"","overlay-type":"","overlay-color":"","overlay-opacity":"","overlay-gradient":""}},"footnotes":""},"categories":[18],"tags":[],"class_list":["post-3111","post","type-post","status-publish","format-standard","has-post-thumbnail","hentry","category-ukraina"],"yoast_head":"<!-- This site is optimized with the Yoast SEO plugin v27.5 - https:\/\/yoast.com\/product\/yoast-seo-wordpress\/ -->\n<title>Kriget i Ukraina 2025-10-22 - Kriget i Ukraina<\/title>\n<meta name=\"robots\" content=\"index, follow, max-snippet:-1, max-image-preview:large, max-video-preview:-1\" \/>\n<link rel=\"canonical\" href=\"https:\/\/johanno1.se\/sv\/kriget-i-ukraina-2025-10-22\/\" \/>\n<meta property=\"og:locale\" content=\"sv_SE\" \/>\n<meta property=\"og:type\" content=\"article\" \/>\n<meta property=\"og:title\" content=\"Kriget i Ukraina 2025-10-22 - Kriget i Ukraina\" \/>\n<meta property=\"og:description\" content=\"Kriget i Ukraina - Trump st\u00e4llde in m\u00f6tet med Putin. Ukraina har attackerat ett oljeraffinaderi och en fabrik som tillverkar delar till vapen.\" \/>\n<meta property=\"og:url\" content=\"https:\/\/johanno1.se\/sv\/kriget-i-ukraina-2025-10-22\/\" \/>\n<meta property=\"og:site_name\" content=\"Johan No.1\" \/>\n<meta property=\"article:published_time\" content=\"2025-10-22T05:45:57+00:00\" \/>\n<meta property=\"article:modified_time\" content=\"2025-10-23T04:46:06+00:00\" \/>\n<meta property=\"og:image\" content=\"https:\/\/johanno1.se\/wp-content\/uploads\/2025\/04\/UkraineFlag.png\" \/>\n\t<meta property=\"og:image:width\" content=\"642\" \/>\n\t<meta property=\"og:image:height\" content=\"384\" \/>\n\t<meta property=\"og:image:type\" content=\"image\/png\" \/>\n<meta name=\"author\" content=\"MXT\" \/>\n<meta name=\"twitter:card\" content=\"summary_large_image\" \/>\n<meta name=\"twitter:creator\" content=\"@MatsExtrude\" \/>\n<meta name=\"twitter:label1\" content=\"Skriven av\" \/>\n\t<meta name=\"twitter:data1\" content=\"MXT\" \/>\n\t<meta name=\"twitter:label2\" content=\"Ber\u00e4knad l\u00e4stid\" \/>\n\t<meta name=\"twitter:data2\" content=\"3 minuter\" \/>\n<script type=\"application\/ld+json\" class=\"yoast-schema-graph\">{\"@context\":\"https:\\\/\\\/schema.org\",\"@graph\":[{\"@type\":\"Article\",\"@id\":\"https:\\\/\\\/johanno1.se\\\/sv\\\/kriget-i-ukraina-2025-10-22\\\/#article\",\"isPartOf\":{\"@id\":\"https:\\\/\\\/johanno1.se\\\/sv\\\/kriget-i-ukraina-2025-10-22\\\/\"},\"author\":{\"name\":\"MXT\",\"@id\":\"https:\\\/\\\/johanno1.se\\\/sv\\\/#\\\/schema\\\/person\\\/b9a1e3c5f5da33b8e8a755f098951212\"},\"headline\":\"Kriget i Ukraina 2025-10-22\",\"datePublished\":\"2025-10-22T05:45:57+00:00\",\"dateModified\":\"2025-10-23T04:46:06+00:00\",\"mainEntityOfPage\":{\"@id\":\"https:\\\/\\\/johanno1.se\\\/sv\\\/kriget-i-ukraina-2025-10-22\\\/\"},\"wordCount\":400,\"commentCount\":57,\"publisher\":{\"@id\":\"https:\\\/\\\/johanno1.se\\\/sv\\\/#organization\"},\"image\":{\"@id\":\"https:\\\/\\\/johanno1.se\\\/sv\\\/kriget-i-ukraina-2025-10-22\\\/#primaryimage\"},\"thumbnailUrl\":\"https:\\\/\\\/johanno1.se\\\/wp-content\\\/uploads\\\/2025\\\/04\\\/UkraineFlag.png\",\"articleSection\":[\"Kriget i Ukraina\"],\"inLanguage\":\"sv-SE\",\"potentialAction\":[{\"@type\":\"CommentAction\",\"name\":\"Comment\",\"target\":[\"https:\\\/\\\/johanno1.se\\\/sv\\\/kriget-i-ukraina-2025-10-22\\\/#respond\"]}]},{\"@type\":\"WebPage\",\"@id\":\"https:\\\/\\\/johanno1.se\\\/sv\\\/kriget-i-ukraina-2025-10-22\\\/\",\"url\":\"https:\\\/\\\/johanno1.se\\\/sv\\\/kriget-i-ukraina-2025-10-22\\\/\",\"name\":\"Kriget i Ukraina 2025-10-22 - Kriget i Ukraina\",\"isPartOf\":{\"@id\":\"https:\\\/\\\/johanno1.se\\\/sv\\\/#website\"},\"primaryImageOfPage\":{\"@id\":\"https:\\\/\\\/johanno1.se\\\/sv\\\/kriget-i-ukraina-2025-10-22\\\/#primaryimage\"},\"image\":{\"@id\":\"https:\\\/\\\/johanno1.se\\\/sv\\\/kriget-i-ukraina-2025-10-22\\\/#primaryimage\"},\"thumbnailUrl\":\"https:\\\/\\\/johanno1.se\\\/wp-content\\\/uploads\\\/2025\\\/04\\\/UkraineFlag.png\",\"datePublished\":\"2025-10-22T05:45:57+00:00\",\"dateModified\":\"2025-10-23T04:46:06+00:00\",\"breadcrumb\":{\"@id\":\"https:\\\/\\\/johanno1.se\\\/sv\\\/kriget-i-ukraina-2025-10-22\\\/#breadcrumb\"},\"inLanguage\":\"sv-SE\",\"potentialAction\":[{\"@type\":\"ReadAction\",\"target\":[\"https:\\\/\\\/johanno1.se\\\/sv\\\/kriget-i-ukraina-2025-10-22\\\/\"]}]},{\"@type\":\"ImageObject\",\"inLanguage\":\"sv-SE\",\"@id\":\"https:\\\/\\\/johanno1.se\\\/sv\\\/kriget-i-ukraina-2025-10-22\\\/#primaryimage\",\"url\":\"https:\\\/\\\/johanno1.se\\\/wp-content\\\/uploads\\\/2025\\\/04\\\/UkraineFlag.png\",\"contentUrl\":\"https:\\\/\\\/johanno1.se\\\/wp-content\\\/uploads\\\/2025\\\/04\\\/UkraineFlag.png\",\"width\":642,\"height\":384,\"caption\":\"Kriget i Ukraina - Ukraine war\"},{\"@type\":\"BreadcrumbList\",\"@id\":\"https:\\\/\\\/johanno1.se\\\/sv\\\/kriget-i-ukraina-2025-10-22\\\/#breadcrumb\",\"itemListElement\":[{\"@type\":\"ListItem\",\"position\":1,\"name\":\"Hem\",\"item\":\"https:\\\/\\\/johanno1.se\\\/sv\\\/\"},{\"@type\":\"ListItem\",\"position\":2,\"name\":\"Kriget i Ukraina 2025-10-22\"}]},{\"@type\":\"WebSite\",\"@id\":\"https:\\\/\\\/johanno1.se\\\/sv\\\/#website\",\"url\":\"https:\\\/\\\/johanno1.se\\\/sv\\\/\",\"name\":\"Johan No.1\",\"description\":\"Kriget i Ukraina - V\u00e4rldsledande omv\u00e4rldsanalys fr\u00e5n Svensksund till den ryska brakf\u00f6rlusten i Ukraina\",\"publisher\":{\"@id\":\"https:\\\/\\\/johanno1.se\\\/sv\\\/#organization\"},\"potentialAction\":[{\"@type\":\"SearchAction\",\"target\":{\"@type\":\"EntryPoint\",\"urlTemplate\":\"https:\\\/\\\/johanno1.se\\\/sv\\\/?s={search_term_string}\"},\"query-input\":{\"@type\":\"PropertyValueSpecification\",\"valueRequired\":true,\"valueName\":\"search_term_string\"}}],\"inLanguage\":\"sv-SE\"},{\"@type\":\"Organization\",\"@id\":\"https:\\\/\\\/johanno1.se\\\/sv\\\/#organization\",\"name\":\"Johan No. 1\",\"url\":\"https:\\\/\\\/johanno1.se\\\/sv\\\/\",\"logo\":{\"@type\":\"ImageObject\",\"inLanguage\":\"sv-SE\",\"@id\":\"https:\\\/\\\/johanno1.se\\\/sv\\\/#\\\/schema\\\/logo\\\/image\\\/\",\"url\":\"https:\\\/\\\/johanno1.se\\\/wp-content\\\/uploads\\\/2025\\\/03\\\/cropped-No1-Logo.png\",\"contentUrl\":\"https:\\\/\\\/johanno1.se\\\/wp-content\\\/uploads\\\/2025\\\/03\\\/cropped-No1-Logo.png\",\"width\":512,\"height\":512,\"caption\":\"Johan No. 1\"},\"image\":{\"@id\":\"https:\\\/\\\/johanno1.se\\\/sv\\\/#\\\/schema\\\/logo\\\/image\\\/\"}},{\"@type\":\"Person\",\"@id\":\"https:\\\/\\\/johanno1.se\\\/sv\\\/#\\\/schema\\\/person\\\/b9a1e3c5f5da33b8e8a755f098951212\",\"name\":\"MXT\",\"image\":{\"@type\":\"ImageObject\",\"inLanguage\":\"sv-SE\",\"@id\":\"https:\\\/\\\/secure.gravatar.com\\\/avatar\\\/74fa4c492659dce280abcb04be56b0f457c131c7356cc691540aecee84b8780f?s=96&d=mm&r=g\",\"url\":\"https:\\\/\\\/secure.gravatar.com\\\/avatar\\\/74fa4c492659dce280abcb04be56b0f457c131c7356cc691540aecee84b8780f?s=96&d=mm&r=g\",\"contentUrl\":\"https:\\\/\\\/secure.gravatar.com\\\/avatar\\\/74fa4c492659dce280abcb04be56b0f457c131c7356cc691540aecee84b8780f?s=96&d=mm&r=g\",\"caption\":\"MXT\"},\"description\":\"Skriver fr\u00e4mst om kriget i Ukraina, men \u00e4ven om andra globala h\u00e4ndelser som kan p\u00e5verka utvecklingen. Gillar statisitk och redovisar bl.a. ryska f\u00f6rluster och en hel del annat. Postar mycket av nyheterna i kommentarerna som h\u00e4mtas fr\u00e5n olika k\u00e4llor. F\u00f6rutom Ukraina handlar det om olika h\u00e4ndelser i Sverige och Europa, klimatet, Israel-Palestina och f\u00f6rst\u00e5s en hel del kring USA och Trump. Har en f\u00f6rm\u00e5ga att reta upp de som gillar den sistn\u00e4mnde eftersom jag \u00e4r starkt kritiskt till det mesta han tar sig f\u00f6r. IT-ansvarig och sk\u00f6ter drift, underh\u00e5ll och vidareutveckling av webbplatsen, s\u00e5 ni vet vem ni ska skylla p\u00e5 n\u00e4r det kr\u00e5nglar! SLAVA UKRAINI\",\"sameAs\":[\"https:\\\/\\\/spjutskaftet.se\",\"https:\\\/\\\/x.com\\\/MatsExtrude\"],\"url\":\"https:\\\/\\\/johanno1.se\\\/sv\\\/author\\\/extrude\\\/\"}]}<\/script>\n<!-- \/ Yoast SEO plugin. -->","yoast_head_json":{"title":"Kriget i Ukraina 2025-10-22 - Kriget i Ukraina","robots":{"index":"index","follow":"follow","max-snippet":"max-snippet:-1","max-image-preview":"max-image-preview:large","max-video-preview":"max-video-preview:-1"},"canonical":"https:\/\/johanno1.se\/sv\/kriget-i-ukraina-2025-10-22\/","og_locale":"sv_SE","og_type":"article","og_title":"Kriget i Ukraina 2025-10-22 - Kriget i Ukraina","og_description":"Kriget i Ukraina - Trump st\u00e4llde in m\u00f6tet med Putin. Ukraina har attackerat ett oljeraffinaderi och en fabrik som tillverkar delar till vapen.","og_url":"https:\/\/johanno1.se\/sv\/kriget-i-ukraina-2025-10-22\/","og_site_name":"Johan No.1","article_published_time":"2025-10-22T05:45:57+00:00","article_modified_time":"2025-10-23T04:46:06+00:00","og_image":[{"width":642,"height":384,"url":"https:\/\/johanno1.se\/wp-content\/uploads\/2025\/04\/UkraineFlag.png","type":"image\/png"}],"author":"MXT","twitter_card":"summary_large_image","twitter_creator":"@MatsExtrude","twitter_misc":{"Skriven av":"MXT","Ber\u00e4knad l\u00e4stid":"3 minuter"},"schema":{"@context":"https:\/\/schema.org","@graph":[{"@type":"Article","@id":"https:\/\/johanno1.se\/sv\/kriget-i-ukraina-2025-10-22\/#article","isPartOf":{"@id":"https:\/\/johanno1.se\/sv\/kriget-i-ukraina-2025-10-22\/"},"author":{"name":"MXT","@id":"https:\/\/johanno1.se\/sv\/#\/schema\/person\/b9a1e3c5f5da33b8e8a755f098951212"},"headline":"Kriget i Ukraina 2025-10-22","datePublished":"2025-10-22T05:45:57+00:00","dateModified":"2025-10-23T04:46:06+00:00","mainEntityOfPage":{"@id":"https:\/\/johanno1.se\/sv\/kriget-i-ukraina-2025-10-22\/"},"wordCount":400,"commentCount":57,"publisher":{"@id":"https:\/\/johanno1.se\/sv\/#organization"},"image":{"@id":"https:\/\/johanno1.se\/sv\/kriget-i-ukraina-2025-10-22\/#primaryimage"},"thumbnailUrl":"https:\/\/johanno1.se\/wp-content\/uploads\/2025\/04\/UkraineFlag.png","articleSection":["Kriget i Ukraina"],"inLanguage":"sv-SE","potentialAction":[{"@type":"CommentAction","name":"Comment","target":["https:\/\/johanno1.se\/sv\/kriget-i-ukraina-2025-10-22\/#respond"]}]},{"@type":"WebPage","@id":"https:\/\/johanno1.se\/sv\/kriget-i-ukraina-2025-10-22\/","url":"https:\/\/johanno1.se\/sv\/kriget-i-ukraina-2025-10-22\/","name":"Kriget i Ukraina 2025-10-22 - Kriget i Ukraina","isPartOf":{"@id":"https:\/\/johanno1.se\/sv\/#website"},"primaryImageOfPage":{"@id":"https:\/\/johanno1.se\/sv\/kriget-i-ukraina-2025-10-22\/#primaryimage"},"image":{"@id":"https:\/\/johanno1.se\/sv\/kriget-i-ukraina-2025-10-22\/#primaryimage"},"thumbnailUrl":"https:\/\/johanno1.se\/wp-content\/uploads\/2025\/04\/UkraineFlag.png","datePublished":"2025-10-22T05:45:57+00:00","dateModified":"2025-10-23T04:46:06+00:00","breadcrumb":{"@id":"https:\/\/johanno1.se\/sv\/kriget-i-ukraina-2025-10-22\/#breadcrumb"},"inLanguage":"sv-SE","potentialAction":[{"@type":"ReadAction","target":["https:\/\/johanno1.se\/sv\/kriget-i-ukraina-2025-10-22\/"]}]},{"@type":"ImageObject","inLanguage":"sv-SE","@id":"https:\/\/johanno1.se\/sv\/kriget-i-ukraina-2025-10-22\/#primaryimage","url":"https:\/\/johanno1.se\/wp-content\/uploads\/2025\/04\/UkraineFlag.png","contentUrl":"https:\/\/johanno1.se\/wp-content\/uploads\/2025\/04\/UkraineFlag.png","width":642,"height":384,"caption":"Kriget i Ukraina - Ukraine war"},{"@type":"BreadcrumbList","@id":"https:\/\/johanno1.se\/sv\/kriget-i-ukraina-2025-10-22\/#breadcrumb","itemListElement":[{"@type":"ListItem","position":1,"name":"Hem","item":"https:\/\/johanno1.se\/sv\/"},{"@type":"ListItem","position":2,"name":"Kriget i Ukraina 2025-10-22"}]},{"@type":"WebSite","@id":"https:\/\/johanno1.se\/sv\/#website","url":"https:\/\/johanno1.se\/sv\/","name":"Johan No.1","description":"Kriget i Ukraina - V\u00e4rldsledande omv\u00e4rldsanalys fr\u00e5n Svensksund till den ryska brakf\u00f6rlusten i Ukraina","publisher":{"@id":"https:\/\/johanno1.se\/sv\/#organization"},"potentialAction":[{"@type":"SearchAction","target":{"@type":"EntryPoint","urlTemplate":"https:\/\/johanno1.se\/sv\/?s={search_term_string}"},"query-input":{"@type":"PropertyValueSpecification","valueRequired":true,"valueName":"search_term_string"}}],"inLanguage":"sv-SE"},{"@type":"Organization","@id":"https:\/\/johanno1.se\/sv\/#organization","name":"Johan No. 1","url":"https:\/\/johanno1.se\/sv\/","logo":{"@type":"ImageObject","inLanguage":"sv-SE","@id":"https:\/\/johanno1.se\/sv\/#\/schema\/logo\/image\/","url":"https:\/\/johanno1.se\/wp-content\/uploads\/2025\/03\/cropped-No1-Logo.png","contentUrl":"https:\/\/johanno1.se\/wp-content\/uploads\/2025\/03\/cropped-No1-Logo.png","width":512,"height":512,"caption":"Johan No. 1"},"image":{"@id":"https:\/\/johanno1.se\/sv\/#\/schema\/logo\/image\/"}},{"@type":"Person","@id":"https:\/\/johanno1.se\/sv\/#\/schema\/person\/b9a1e3c5f5da33b8e8a755f098951212","name":"MXT","image":{"@type":"ImageObject","inLanguage":"sv-SE","@id":"https:\/\/secure.gravatar.com\/avatar\/74fa4c492659dce280abcb04be56b0f457c131c7356cc691540aecee84b8780f?s=96&d=mm&r=g","url":"https:\/\/secure.gravatar.com\/avatar\/74fa4c492659dce280abcb04be56b0f457c131c7356cc691540aecee84b8780f?s=96&d=mm&r=g","contentUrl":"https:\/\/secure.gravatar.com\/avatar\/74fa4c492659dce280abcb04be56b0f457c131c7356cc691540aecee84b8780f?s=96&d=mm&r=g","caption":"MXT"},"description":"Skriver fr\u00e4mst om kriget i Ukraina, men \u00e4ven om andra globala h\u00e4ndelser som kan p\u00e5verka utvecklingen. Gillar statisitk och redovisar bl.a. ryska f\u00f6rluster och en hel del annat. Postar mycket av nyheterna i kommentarerna som h\u00e4mtas fr\u00e5n olika k\u00e4llor. F\u00f6rutom Ukraina handlar det om olika h\u00e4ndelser i Sverige och Europa, klimatet, Israel-Palestina och f\u00f6rst\u00e5s en hel del kring USA och Trump. Har en f\u00f6rm\u00e5ga att reta upp de som gillar den sistn\u00e4mnde eftersom jag \u00e4r starkt kritiskt till det mesta han tar sig f\u00f6r. IT-ansvarig och sk\u00f6ter drift, underh\u00e5ll och vidareutveckling av webbplatsen, s\u00e5 ni vet vem ni ska skylla p\u00e5 n\u00e4r det kr\u00e5nglar! SLAVA UKRAINI","sameAs":["https:\/\/spjutskaftet.se","https:\/\/x.com\/MatsExtrude"],"url":"https:\/\/johanno1.se\/sv\/author\/extrude\/"}]}},"_links":{"self":[{"href":"https:\/\/johanno1.se\/sv\/wp-json\/wp\/v2\/posts\/3111","targetHints":{"allow":["GET"]}}],"collection":[{"href":"https:\/\/johanno1.se\/sv\/wp-json\/wp\/v2\/posts"}],"about":[{"href":"https:\/\/johanno1.se\/sv\/wp-json\/wp\/v2\/types\/post"}],"author":[{"embeddable":true,"href":"https:\/\/johanno1.se\/sv\/wp-json\/wp\/v2\/users\/1"}],"replies":[{"embeddable":true,"href":"https:\/\/johanno1.se\/sv\/wp-json\/wp\/v2\/comments?post=3111"}],"version-history":[{"count":3,"href":"https:\/\/johanno1.se\/sv\/wp-json\/wp\/v2\/posts\/3111\/revisions"}],"predecessor-version":[{"id":3119,"href":"https:\/\/johanno1.se\/sv\/wp-json\/wp\/v2\/posts\/3111\/revisions\/3119"}],"wp:featuredmedia":[{"embeddable":true,"href":"https:\/\/johanno1.se\/sv\/wp-json\/wp\/v2\/media\/805"}],"wp:attachment":[{"href":"https:\/\/johanno1.se\/sv\/wp-json\/wp\/v2\/media?parent=3111"}],"wp:term":[{"taxonomy":"category","embeddable":true,"href":"https:\/\/johanno1.se\/sv\/wp-json\/wp\/v2\/categories?post=3111"},{"taxonomy":"post_tag","embeddable":true,"href":"https:\/\/johanno1.se\/sv\/wp-json\/wp\/v2\/tags?post=3111"}],"curies":[{"name":"wp","href":"https:\/\/api.w.org\/{rel}","templated":true}]}}