{"id":3403,"date":"2025-11-29T10:16:22","date_gmt":"2025-11-29T09:16:22","guid":{"rendered":"https:\/\/johanno1.se\/?p=3403"},"modified":"2025-11-29T21:57:45","modified_gmt":"2025-11-29T20:57:45","slug":"ryssland-mordade-3-och-skadade-27-i-nattens-attack-ukraina-har-ser-ut-att-ha-attackerat-orks-oljeraffinaderi","status":"publish","type":"post","link":"https:\/\/johanno1.se\/sv\/ryssland-mordade-3-och-skadade-27-i-nattens-attack-ukraina-har-ser-ut-att-ha-attackerat-orks-oljeraffinaderi\/","title":{"rendered":"Ryssland m\u00f6rdade 3 och skadade 27 i nattens attack &#8211; Ukraina har ser ut att ha attackerat Orks oljeraffinaderi"},"content":{"rendered":"\n<p>Rysslands nattliga attacker var \u00e5terigen intesiva och det rapporteras om mins tre d\u00f6da och tjugosju skadade i Kyiv enklgt United 24.<br><a href=\"https:\/\/bsky.app\/profile\/united24media.com\/post\/3m6r272oelb2t\" target=\"_blank\" rel=\"noreferrer noopener nofollow\">https:\/\/bsky.app\/profile\/united24media.com\/post\/3m6r272oelb2t<\/a><\/p>\n\n\n\n<p>Samtidigt finns det filmer som ser tut att visa att oljeraffinaderiet i Ork (l\u00e4mpligt namn!) skulla ha tr\u00e4ffats: <a href=\"https:\/\/bsky.app\/profile\/wartranslated.bsky.social\/post\/3m6qzu6r5g22q\" target=\"_blank\" rel=\"noreferrer noopener nofollow\">https:\/\/bsky.app\/profile\/wartranslated.bsky.social\/post\/3m6qzu6r5g22q<\/a><\/p>\n\n\n\n<p>Ryska f\u00f6rluster i kriget i Ukraina:<\/p>\n\n\n\n<ul class=\"wp-block-list\">\n<li>910 KWIA<\/li>\n\n\n\n<li>1 Tank<\/li>\n\n\n\n<li>15 AFV2<\/li>\n\n\n\n<li>3 Artillery systems<\/li>\n\n\n\n<li>106 UAVs<\/li>\n\n\n\n<li>64 Vehicles &amp; fuel tanks<\/li>\n\n\n\n<li>2 Special equipment<\/li>\n<\/ul>\n\n\n\n<figure class=\"wp-block-image size-large losses\"><img loading=\"lazy\" decoding=\"async\" width=\"819\" height=\"1024\" src=\"https:\/\/johanno1.se\/wp-content\/uploads\/2025\/11\/2025-11-29-819x1024.jpg\" alt=\"\" class=\"wp-image-3402\" srcset=\"https:\/\/johanno1.se\/wp-content\/uploads\/2025\/11\/2025-11-29-819x1024.jpg 819w, https:\/\/johanno1.se\/wp-content\/uploads\/2025\/11\/2025-11-29-240x300.jpg 240w, https:\/\/johanno1.se\/wp-content\/uploads\/2025\/11\/2025-11-29-768x960.jpg 768w, https:\/\/johanno1.se\/wp-content\/uploads\/2025\/11\/2025-11-29.jpg 1024w\" sizes=\"auto, (max-width: 819px) 100vw, 819px\" \/><\/figure>\n\n\n\n<p><\/p>\n\n\n\n<p><strong>SLAVA UKRAINI<\/strong><br><\/p>\n","protected":false},"excerpt":{"rendered":"<p>Ryssland m\u00f6rdade 3 och skadade 27 i nattens attack &#8211; Ukraina har ser ut att ha attackerat Orks oljeraffinaderi<\/p>\n","protected":false},"author":1,"featured_media":805,"comment_status":"open","ping_status":"open","sticky":false,"template":"","format":"standard","meta":{"site-sidebar-layout":"default","site-content-layout":"","ast-site-content-layout":"default","site-content-style":"default","site-sidebar-style":"default","ast-global-header-display":"","ast-banner-title-visibility":"","ast-main-header-display":"","ast-hfb-above-header-display":"","ast-hfb-below-header-display":"","ast-hfb-mobile-header-display":"","site-post-title":"","ast-breadcrumbs-content":"","ast-featured-img":"","footer-sml-layout":"","ast-disable-related-posts":"","theme-transparent-header-meta":"","adv-header-id-meta":"","stick-header-meta":"","header-above-stick-meta":"","header-main-stick-meta":"","header-below-stick-meta":"","astra-migrate-meta-layouts":"default","ast-page-background-enabled":"default","ast-page-background-meta":{"desktop":{"background-color":"var(--ast-global-color-4)","background-image":"","background-repeat":"repeat","background-position":"center center","background-size":"auto","background-attachment":"scroll","background-type":"","background-media":"","overlay-type":"","overlay-color":"","overlay-opacity":"","overlay-gradient":""},"tablet":{"background-color":"","background-image":"","background-repeat":"repeat","background-position":"center center","background-size":"auto","background-attachment":"scroll","background-type":"","background-media":"","overlay-type":"","overlay-color":"","overlay-opacity":"","overlay-gradient":""},"mobile":{"background-color":"","background-image":"","background-repeat":"repeat","background-position":"center center","background-size":"auto","background-attachment":"scroll","background-type":"","background-media":"","overlay-type":"","overlay-color":"","overlay-opacity":"","overlay-gradient":""}},"ast-content-background-meta":{"desktop":{"background-color":"var(--ast-global-color-5)","background-image":"","background-repeat":"repeat","background-position":"center center","background-size":"auto","background-attachment":"scroll","background-type":"","background-media":"","overlay-type":"","overlay-color":"","overlay-opacity":"","overlay-gradient":""},"tablet":{"background-color":"var(--ast-global-color-5)","background-image":"","background-repeat":"repeat","background-position":"center center","background-size":"auto","background-attachment":"scroll","background-type":"","background-media":"","overlay-type":"","overlay-color":"","overlay-opacity":"","overlay-gradient":""},"mobile":{"background-color":"var(--ast-global-color-5)","background-image":"","background-repeat":"repeat","background-position":"center center","background-size":"auto","background-attachment":"scroll","background-type":"","background-media":"","overlay-type":"","overlay-color":"","overlay-opacity":"","overlay-gradient":""}},"footnotes":""},"categories":[18],"tags":[],"class_list":["post-3403","post","type-post","status-publish","format-standard","has-post-thumbnail","hentry","category-ukraina"],"yoast_head":"<!-- This site is optimized with the Yoast SEO plugin v27.4 - https:\/\/yoast.com\/product\/yoast-seo-wordpress\/ -->\n<title>Ryssland m\u00f6rdade 3 och skadade 27 i nattens attack - Ukraina har ser ut att ha attackerat Orks oljeraffinaderi - Kriget i Ukraina<\/title>\n<meta name=\"robots\" content=\"index, follow, max-snippet:-1, max-image-preview:large, max-video-preview:-1\" \/>\n<link rel=\"canonical\" href=\"https:\/\/johanno1.se\/sv\/ryssland-mordade-3-och-skadade-27-i-nattens-attack-ukraina-har-ser-ut-att-ha-attackerat-orks-oljeraffinaderi\/\" \/>\n<meta property=\"og:locale\" content=\"sv_SE\" \/>\n<meta property=\"og:type\" content=\"article\" \/>\n<meta property=\"og:title\" content=\"Ryssland m\u00f6rdade 3 och skadade 27 i nattens attack - Ukraina har ser ut att ha attackerat Orks oljeraffinaderi - Kriget i Ukraina\" \/>\n<meta property=\"og:description\" content=\"Ryssland m\u00f6rdade 3 och skadade 27 i nattens attack - Ukraina har ser ut att ha attackerat Orks oljeraffinaderi\" \/>\n<meta property=\"og:url\" content=\"https:\/\/johanno1.se\/sv\/ryssland-mordade-3-och-skadade-27-i-nattens-attack-ukraina-har-ser-ut-att-ha-attackerat-orks-oljeraffinaderi\/\" \/>\n<meta property=\"og:site_name\" content=\"Johan No.1\" \/>\n<meta property=\"article:published_time\" content=\"2025-11-29T09:16:22+00:00\" \/>\n<meta property=\"article:modified_time\" content=\"2025-11-29T20:57:45+00:00\" \/>\n<meta property=\"og:image\" content=\"https:\/\/johanno1.se\/wp-content\/uploads\/2025\/04\/UkraineFlag.png\" \/>\n\t<meta property=\"og:image:width\" content=\"642\" \/>\n\t<meta property=\"og:image:height\" content=\"384\" \/>\n\t<meta property=\"og:image:type\" content=\"image\/png\" \/>\n<meta name=\"author\" content=\"MXT\" \/>\n<meta name=\"twitter:card\" content=\"summary_large_image\" \/>\n<meta name=\"twitter:creator\" content=\"@MatsExtrude\" \/>\n<meta name=\"twitter:label1\" content=\"Skriven av\" \/>\n\t<meta name=\"twitter:data1\" content=\"MXT\" \/>\n\t<meta name=\"twitter:label2\" content=\"Ber\u00e4knad l\u00e4stid\" \/>\n\t<meta name=\"twitter:data2\" content=\"1 minut\" \/>\n<script type=\"application\/ld+json\" class=\"yoast-schema-graph\">{\"@context\":\"https:\\\/\\\/schema.org\",\"@graph\":[{\"@type\":\"Article\",\"@id\":\"https:\\\/\\\/johanno1.se\\\/sv\\\/ryssland-mordade-3-och-skadade-27-i-nattens-attack-ukraina-har-ser-ut-att-ha-attackerat-orks-oljeraffinaderi\\\/#article\",\"isPartOf\":{\"@id\":\"https:\\\/\\\/johanno1.se\\\/sv\\\/ryssland-mordade-3-och-skadade-27-i-nattens-attack-ukraina-har-ser-ut-att-ha-attackerat-orks-oljeraffinaderi\\\/\"},\"author\":{\"name\":\"MXT\",\"@id\":\"https:\\\/\\\/johanno1.se\\\/sv\\\/#\\\/schema\\\/person\\\/b9a1e3c5f5da33b8e8a755f098951212\"},\"headline\":\"Ryssland m\u00f6rdade 3 och skadade 27 i nattens attack &#8211; Ukraina har ser ut att ha attackerat Orks oljeraffinaderi\",\"datePublished\":\"2025-11-29T09:16:22+00:00\",\"dateModified\":\"2025-11-29T20:57:45+00:00\",\"mainEntityOfPage\":{\"@id\":\"https:\\\/\\\/johanno1.se\\\/sv\\\/ryssland-mordade-3-och-skadade-27-i-nattens-attack-ukraina-har-ser-ut-att-ha-attackerat-orks-oljeraffinaderi\\\/\"},\"wordCount\":105,\"commentCount\":33,\"publisher\":{\"@id\":\"https:\\\/\\\/johanno1.se\\\/sv\\\/#organization\"},\"image\":{\"@id\":\"https:\\\/\\\/johanno1.se\\\/sv\\\/ryssland-mordade-3-och-skadade-27-i-nattens-attack-ukraina-har-ser-ut-att-ha-attackerat-orks-oljeraffinaderi\\\/#primaryimage\"},\"thumbnailUrl\":\"https:\\\/\\\/johanno1.se\\\/wp-content\\\/uploads\\\/2025\\\/04\\\/UkraineFlag.png\",\"articleSection\":[\"Kriget i Ukraina\"],\"inLanguage\":\"sv-SE\",\"potentialAction\":[{\"@type\":\"CommentAction\",\"name\":\"Comment\",\"target\":[\"https:\\\/\\\/johanno1.se\\\/sv\\\/ryssland-mordade-3-och-skadade-27-i-nattens-attack-ukraina-har-ser-ut-att-ha-attackerat-orks-oljeraffinaderi\\\/#respond\"]}]},{\"@type\":\"WebPage\",\"@id\":\"https:\\\/\\\/johanno1.se\\\/sv\\\/ryssland-mordade-3-och-skadade-27-i-nattens-attack-ukraina-har-ser-ut-att-ha-attackerat-orks-oljeraffinaderi\\\/\",\"url\":\"https:\\\/\\\/johanno1.se\\\/sv\\\/ryssland-mordade-3-och-skadade-27-i-nattens-attack-ukraina-har-ser-ut-att-ha-attackerat-orks-oljeraffinaderi\\\/\",\"name\":\"Ryssland m\u00f6rdade 3 och skadade 27 i nattens attack - Ukraina har ser ut att ha attackerat Orks oljeraffinaderi - Kriget i Ukraina\",\"isPartOf\":{\"@id\":\"https:\\\/\\\/johanno1.se\\\/sv\\\/#website\"},\"primaryImageOfPage\":{\"@id\":\"https:\\\/\\\/johanno1.se\\\/sv\\\/ryssland-mordade-3-och-skadade-27-i-nattens-attack-ukraina-har-ser-ut-att-ha-attackerat-orks-oljeraffinaderi\\\/#primaryimage\"},\"image\":{\"@id\":\"https:\\\/\\\/johanno1.se\\\/sv\\\/ryssland-mordade-3-och-skadade-27-i-nattens-attack-ukraina-har-ser-ut-att-ha-attackerat-orks-oljeraffinaderi\\\/#primaryimage\"},\"thumbnailUrl\":\"https:\\\/\\\/johanno1.se\\\/wp-content\\\/uploads\\\/2025\\\/04\\\/UkraineFlag.png\",\"datePublished\":\"2025-11-29T09:16:22+00:00\",\"dateModified\":\"2025-11-29T20:57:45+00:00\",\"breadcrumb\":{\"@id\":\"https:\\\/\\\/johanno1.se\\\/sv\\\/ryssland-mordade-3-och-skadade-27-i-nattens-attack-ukraina-har-ser-ut-att-ha-attackerat-orks-oljeraffinaderi\\\/#breadcrumb\"},\"inLanguage\":\"sv-SE\",\"potentialAction\":[{\"@type\":\"ReadAction\",\"target\":[\"https:\\\/\\\/johanno1.se\\\/sv\\\/ryssland-mordade-3-och-skadade-27-i-nattens-attack-ukraina-har-ser-ut-att-ha-attackerat-orks-oljeraffinaderi\\\/\"]}]},{\"@type\":\"ImageObject\",\"inLanguage\":\"sv-SE\",\"@id\":\"https:\\\/\\\/johanno1.se\\\/sv\\\/ryssland-mordade-3-och-skadade-27-i-nattens-attack-ukraina-har-ser-ut-att-ha-attackerat-orks-oljeraffinaderi\\\/#primaryimage\",\"url\":\"https:\\\/\\\/johanno1.se\\\/wp-content\\\/uploads\\\/2025\\\/04\\\/UkraineFlag.png\",\"contentUrl\":\"https:\\\/\\\/johanno1.se\\\/wp-content\\\/uploads\\\/2025\\\/04\\\/UkraineFlag.png\",\"width\":642,\"height\":384,\"caption\":\"Kriget i Ukraina - Ukraine war\"},{\"@type\":\"BreadcrumbList\",\"@id\":\"https:\\\/\\\/johanno1.se\\\/sv\\\/ryssland-mordade-3-och-skadade-27-i-nattens-attack-ukraina-har-ser-ut-att-ha-attackerat-orks-oljeraffinaderi\\\/#breadcrumb\",\"itemListElement\":[{\"@type\":\"ListItem\",\"position\":1,\"name\":\"Hem\",\"item\":\"https:\\\/\\\/johanno1.se\\\/sv\\\/\"},{\"@type\":\"ListItem\",\"position\":2,\"name\":\"Ryssland m\u00f6rdade 3 och skadade 27 i nattens attack &#8211; Ukraina har ser ut att ha attackerat Orks oljeraffinaderi\"}]},{\"@type\":\"WebSite\",\"@id\":\"https:\\\/\\\/johanno1.se\\\/sv\\\/#website\",\"url\":\"https:\\\/\\\/johanno1.se\\\/sv\\\/\",\"name\":\"Johan No.1\",\"description\":\"Kriget i Ukraina - V\u00e4rldsledande omv\u00e4rldsanalys fr\u00e5n Svensksund till den ryska brakf\u00f6rlusten i Ukraina\",\"publisher\":{\"@id\":\"https:\\\/\\\/johanno1.se\\\/sv\\\/#organization\"},\"potentialAction\":[{\"@type\":\"SearchAction\",\"target\":{\"@type\":\"EntryPoint\",\"urlTemplate\":\"https:\\\/\\\/johanno1.se\\\/sv\\\/?s={search_term_string}\"},\"query-input\":{\"@type\":\"PropertyValueSpecification\",\"valueRequired\":true,\"valueName\":\"search_term_string\"}}],\"inLanguage\":\"sv-SE\"},{\"@type\":\"Organization\",\"@id\":\"https:\\\/\\\/johanno1.se\\\/sv\\\/#organization\",\"name\":\"Johan No. 1\",\"url\":\"https:\\\/\\\/johanno1.se\\\/sv\\\/\",\"logo\":{\"@type\":\"ImageObject\",\"inLanguage\":\"sv-SE\",\"@id\":\"https:\\\/\\\/johanno1.se\\\/sv\\\/#\\\/schema\\\/logo\\\/image\\\/\",\"url\":\"https:\\\/\\\/johanno1.se\\\/wp-content\\\/uploads\\\/2025\\\/03\\\/cropped-No1-Logo.png\",\"contentUrl\":\"https:\\\/\\\/johanno1.se\\\/wp-content\\\/uploads\\\/2025\\\/03\\\/cropped-No1-Logo.png\",\"width\":512,\"height\":512,\"caption\":\"Johan No. 1\"},\"image\":{\"@id\":\"https:\\\/\\\/johanno1.se\\\/sv\\\/#\\\/schema\\\/logo\\\/image\\\/\"}},{\"@type\":\"Person\",\"@id\":\"https:\\\/\\\/johanno1.se\\\/sv\\\/#\\\/schema\\\/person\\\/b9a1e3c5f5da33b8e8a755f098951212\",\"name\":\"MXT\",\"image\":{\"@type\":\"ImageObject\",\"inLanguage\":\"sv-SE\",\"@id\":\"https:\\\/\\\/secure.gravatar.com\\\/avatar\\\/74fa4c492659dce280abcb04be56b0f457c131c7356cc691540aecee84b8780f?s=96&d=mm&r=g\",\"url\":\"https:\\\/\\\/secure.gravatar.com\\\/avatar\\\/74fa4c492659dce280abcb04be56b0f457c131c7356cc691540aecee84b8780f?s=96&d=mm&r=g\",\"contentUrl\":\"https:\\\/\\\/secure.gravatar.com\\\/avatar\\\/74fa4c492659dce280abcb04be56b0f457c131c7356cc691540aecee84b8780f?s=96&d=mm&r=g\",\"caption\":\"MXT\"},\"description\":\"Skriver fr\u00e4mst om kriget i Ukraina, men \u00e4ven om andra globala h\u00e4ndelser som kan p\u00e5verka utvecklingen. Gillar statisitk och redovisar bl.a. ryska f\u00f6rluster och en hel del annat. Postar mycket av nyheterna i kommentarerna som h\u00e4mtas fr\u00e5n olika k\u00e4llor. F\u00f6rutom Ukraina handlar det om olika h\u00e4ndelser i Sverige och Europa, klimatet, Israel-Palestina och f\u00f6rst\u00e5s en hel del kring USA och Trump. Har en f\u00f6rm\u00e5ga att reta upp de som gillar den sistn\u00e4mnde eftersom jag \u00e4r starkt kritiskt till det mesta han tar sig f\u00f6r. IT-ansvarig och sk\u00f6ter drift, underh\u00e5ll och vidareutveckling av webbplatsen, s\u00e5 ni vet vem ni ska skylla p\u00e5 n\u00e4r det kr\u00e5nglar! SLAVA UKRAINI\",\"sameAs\":[\"https:\\\/\\\/spjutskaftet.se\",\"https:\\\/\\\/x.com\\\/MatsExtrude\"],\"url\":\"https:\\\/\\\/johanno1.se\\\/sv\\\/author\\\/extrude\\\/\"}]}<\/script>\n<!-- \/ Yoast SEO plugin. -->","yoast_head_json":{"title":"Ryssland m\u00f6rdade 3 och skadade 27 i nattens attack - Ukraina har ser ut att ha attackerat Orks oljeraffinaderi - Kriget i Ukraina","robots":{"index":"index","follow":"follow","max-snippet":"max-snippet:-1","max-image-preview":"max-image-preview:large","max-video-preview":"max-video-preview:-1"},"canonical":"https:\/\/johanno1.se\/sv\/ryssland-mordade-3-och-skadade-27-i-nattens-attack-ukraina-har-ser-ut-att-ha-attackerat-orks-oljeraffinaderi\/","og_locale":"sv_SE","og_type":"article","og_title":"Ryssland m\u00f6rdade 3 och skadade 27 i nattens attack - Ukraina har ser ut att ha attackerat Orks oljeraffinaderi - Kriget i Ukraina","og_description":"Ryssland m\u00f6rdade 3 och skadade 27 i nattens attack - Ukraina har ser ut att ha attackerat Orks oljeraffinaderi","og_url":"https:\/\/johanno1.se\/sv\/ryssland-mordade-3-och-skadade-27-i-nattens-attack-ukraina-har-ser-ut-att-ha-attackerat-orks-oljeraffinaderi\/","og_site_name":"Johan No.1","article_published_time":"2025-11-29T09:16:22+00:00","article_modified_time":"2025-11-29T20:57:45+00:00","og_image":[{"width":642,"height":384,"url":"https:\/\/johanno1.se\/wp-content\/uploads\/2025\/04\/UkraineFlag.png","type":"image\/png"}],"author":"MXT","twitter_card":"summary_large_image","twitter_creator":"@MatsExtrude","twitter_misc":{"Skriven av":"MXT","Ber\u00e4knad l\u00e4stid":"1 minut"},"schema":{"@context":"https:\/\/schema.org","@graph":[{"@type":"Article","@id":"https:\/\/johanno1.se\/sv\/ryssland-mordade-3-och-skadade-27-i-nattens-attack-ukraina-har-ser-ut-att-ha-attackerat-orks-oljeraffinaderi\/#article","isPartOf":{"@id":"https:\/\/johanno1.se\/sv\/ryssland-mordade-3-och-skadade-27-i-nattens-attack-ukraina-har-ser-ut-att-ha-attackerat-orks-oljeraffinaderi\/"},"author":{"name":"MXT","@id":"https:\/\/johanno1.se\/sv\/#\/schema\/person\/b9a1e3c5f5da33b8e8a755f098951212"},"headline":"Ryssland m\u00f6rdade 3 och skadade 27 i nattens attack &#8211; Ukraina har ser ut att ha attackerat Orks oljeraffinaderi","datePublished":"2025-11-29T09:16:22+00:00","dateModified":"2025-11-29T20:57:45+00:00","mainEntityOfPage":{"@id":"https:\/\/johanno1.se\/sv\/ryssland-mordade-3-och-skadade-27-i-nattens-attack-ukraina-har-ser-ut-att-ha-attackerat-orks-oljeraffinaderi\/"},"wordCount":105,"commentCount":33,"publisher":{"@id":"https:\/\/johanno1.se\/sv\/#organization"},"image":{"@id":"https:\/\/johanno1.se\/sv\/ryssland-mordade-3-och-skadade-27-i-nattens-attack-ukraina-har-ser-ut-att-ha-attackerat-orks-oljeraffinaderi\/#primaryimage"},"thumbnailUrl":"https:\/\/johanno1.se\/wp-content\/uploads\/2025\/04\/UkraineFlag.png","articleSection":["Kriget i Ukraina"],"inLanguage":"sv-SE","potentialAction":[{"@type":"CommentAction","name":"Comment","target":["https:\/\/johanno1.se\/sv\/ryssland-mordade-3-och-skadade-27-i-nattens-attack-ukraina-har-ser-ut-att-ha-attackerat-orks-oljeraffinaderi\/#respond"]}]},{"@type":"WebPage","@id":"https:\/\/johanno1.se\/sv\/ryssland-mordade-3-och-skadade-27-i-nattens-attack-ukraina-har-ser-ut-att-ha-attackerat-orks-oljeraffinaderi\/","url":"https:\/\/johanno1.se\/sv\/ryssland-mordade-3-och-skadade-27-i-nattens-attack-ukraina-har-ser-ut-att-ha-attackerat-orks-oljeraffinaderi\/","name":"Ryssland m\u00f6rdade 3 och skadade 27 i nattens attack - Ukraina har ser ut att ha attackerat Orks oljeraffinaderi - Kriget i Ukraina","isPartOf":{"@id":"https:\/\/johanno1.se\/sv\/#website"},"primaryImageOfPage":{"@id":"https:\/\/johanno1.se\/sv\/ryssland-mordade-3-och-skadade-27-i-nattens-attack-ukraina-har-ser-ut-att-ha-attackerat-orks-oljeraffinaderi\/#primaryimage"},"image":{"@id":"https:\/\/johanno1.se\/sv\/ryssland-mordade-3-och-skadade-27-i-nattens-attack-ukraina-har-ser-ut-att-ha-attackerat-orks-oljeraffinaderi\/#primaryimage"},"thumbnailUrl":"https:\/\/johanno1.se\/wp-content\/uploads\/2025\/04\/UkraineFlag.png","datePublished":"2025-11-29T09:16:22+00:00","dateModified":"2025-11-29T20:57:45+00:00","breadcrumb":{"@id":"https:\/\/johanno1.se\/sv\/ryssland-mordade-3-och-skadade-27-i-nattens-attack-ukraina-har-ser-ut-att-ha-attackerat-orks-oljeraffinaderi\/#breadcrumb"},"inLanguage":"sv-SE","potentialAction":[{"@type":"ReadAction","target":["https:\/\/johanno1.se\/sv\/ryssland-mordade-3-och-skadade-27-i-nattens-attack-ukraina-har-ser-ut-att-ha-attackerat-orks-oljeraffinaderi\/"]}]},{"@type":"ImageObject","inLanguage":"sv-SE","@id":"https:\/\/johanno1.se\/sv\/ryssland-mordade-3-och-skadade-27-i-nattens-attack-ukraina-har-ser-ut-att-ha-attackerat-orks-oljeraffinaderi\/#primaryimage","url":"https:\/\/johanno1.se\/wp-content\/uploads\/2025\/04\/UkraineFlag.png","contentUrl":"https:\/\/johanno1.se\/wp-content\/uploads\/2025\/04\/UkraineFlag.png","width":642,"height":384,"caption":"Kriget i Ukraina - Ukraine war"},{"@type":"BreadcrumbList","@id":"https:\/\/johanno1.se\/sv\/ryssland-mordade-3-och-skadade-27-i-nattens-attack-ukraina-har-ser-ut-att-ha-attackerat-orks-oljeraffinaderi\/#breadcrumb","itemListElement":[{"@type":"ListItem","position":1,"name":"Hem","item":"https:\/\/johanno1.se\/sv\/"},{"@type":"ListItem","position":2,"name":"Ryssland m\u00f6rdade 3 och skadade 27 i nattens attack &#8211; Ukraina har ser ut att ha attackerat Orks oljeraffinaderi"}]},{"@type":"WebSite","@id":"https:\/\/johanno1.se\/sv\/#website","url":"https:\/\/johanno1.se\/sv\/","name":"Johan No.1","description":"Kriget i Ukraina - V\u00e4rldsledande omv\u00e4rldsanalys fr\u00e5n Svensksund till den ryska brakf\u00f6rlusten i Ukraina","publisher":{"@id":"https:\/\/johanno1.se\/sv\/#organization"},"potentialAction":[{"@type":"SearchAction","target":{"@type":"EntryPoint","urlTemplate":"https:\/\/johanno1.se\/sv\/?s={search_term_string}"},"query-input":{"@type":"PropertyValueSpecification","valueRequired":true,"valueName":"search_term_string"}}],"inLanguage":"sv-SE"},{"@type":"Organization","@id":"https:\/\/johanno1.se\/sv\/#organization","name":"Johan No. 1","url":"https:\/\/johanno1.se\/sv\/","logo":{"@type":"ImageObject","inLanguage":"sv-SE","@id":"https:\/\/johanno1.se\/sv\/#\/schema\/logo\/image\/","url":"https:\/\/johanno1.se\/wp-content\/uploads\/2025\/03\/cropped-No1-Logo.png","contentUrl":"https:\/\/johanno1.se\/wp-content\/uploads\/2025\/03\/cropped-No1-Logo.png","width":512,"height":512,"caption":"Johan No. 1"},"image":{"@id":"https:\/\/johanno1.se\/sv\/#\/schema\/logo\/image\/"}},{"@type":"Person","@id":"https:\/\/johanno1.se\/sv\/#\/schema\/person\/b9a1e3c5f5da33b8e8a755f098951212","name":"MXT","image":{"@type":"ImageObject","inLanguage":"sv-SE","@id":"https:\/\/secure.gravatar.com\/avatar\/74fa4c492659dce280abcb04be56b0f457c131c7356cc691540aecee84b8780f?s=96&d=mm&r=g","url":"https:\/\/secure.gravatar.com\/avatar\/74fa4c492659dce280abcb04be56b0f457c131c7356cc691540aecee84b8780f?s=96&d=mm&r=g","contentUrl":"https:\/\/secure.gravatar.com\/avatar\/74fa4c492659dce280abcb04be56b0f457c131c7356cc691540aecee84b8780f?s=96&d=mm&r=g","caption":"MXT"},"description":"Skriver fr\u00e4mst om kriget i Ukraina, men \u00e4ven om andra globala h\u00e4ndelser som kan p\u00e5verka utvecklingen. Gillar statisitk och redovisar bl.a. ryska f\u00f6rluster och en hel del annat. Postar mycket av nyheterna i kommentarerna som h\u00e4mtas fr\u00e5n olika k\u00e4llor. F\u00f6rutom Ukraina handlar det om olika h\u00e4ndelser i Sverige och Europa, klimatet, Israel-Palestina och f\u00f6rst\u00e5s en hel del kring USA och Trump. Har en f\u00f6rm\u00e5ga att reta upp de som gillar den sistn\u00e4mnde eftersom jag \u00e4r starkt kritiskt till det mesta han tar sig f\u00f6r. IT-ansvarig och sk\u00f6ter drift, underh\u00e5ll och vidareutveckling av webbplatsen, s\u00e5 ni vet vem ni ska skylla p\u00e5 n\u00e4r det kr\u00e5nglar! SLAVA UKRAINI","sameAs":["https:\/\/spjutskaftet.se","https:\/\/x.com\/MatsExtrude"],"url":"https:\/\/johanno1.se\/sv\/author\/extrude\/"}]}},"_links":{"self":[{"href":"https:\/\/johanno1.se\/sv\/wp-json\/wp\/v2\/posts\/3403","targetHints":{"allow":["GET"]}}],"collection":[{"href":"https:\/\/johanno1.se\/sv\/wp-json\/wp\/v2\/posts"}],"about":[{"href":"https:\/\/johanno1.se\/sv\/wp-json\/wp\/v2\/types\/post"}],"author":[{"embeddable":true,"href":"https:\/\/johanno1.se\/sv\/wp-json\/wp\/v2\/users\/1"}],"replies":[{"embeddable":true,"href":"https:\/\/johanno1.se\/sv\/wp-json\/wp\/v2\/comments?post=3403"}],"version-history":[{"count":2,"href":"https:\/\/johanno1.se\/sv\/wp-json\/wp\/v2\/posts\/3403\/revisions"}],"predecessor-version":[{"id":3407,"href":"https:\/\/johanno1.se\/sv\/wp-json\/wp\/v2\/posts\/3403\/revisions\/3407"}],"wp:featuredmedia":[{"embeddable":true,"href":"https:\/\/johanno1.se\/sv\/wp-json\/wp\/v2\/media\/805"}],"wp:attachment":[{"href":"https:\/\/johanno1.se\/sv\/wp-json\/wp\/v2\/media?parent=3403"}],"wp:term":[{"taxonomy":"category","embeddable":true,"href":"https:\/\/johanno1.se\/sv\/wp-json\/wp\/v2\/categories?post=3403"},{"taxonomy":"post_tag","embeddable":true,"href":"https:\/\/johanno1.se\/sv\/wp-json\/wp\/v2\/tags?post=3403"}],"curies":[{"name":"wp","href":"https:\/\/api.w.org\/{rel}","templated":true}]}}