{"id":3423,"date":"2025-12-03T07:26:25","date_gmt":"2025-12-03T06:26:25","guid":{"rendered":"https:\/\/johanno1.se\/?p=3423"},"modified":"2026-03-09T08:21:43","modified_gmt":"2026-03-09T07:21:43","slug":"ryska-forluster-av-dodade-och-sarade-soldater-fortsatt-hogt","status":"publish","type":"post","link":"https:\/\/johanno1.se\/sv\/ryska-forluster-av-dodade-och-sarade-soldater-fortsatt-hogt\/","title":{"rendered":"Ryska f\u00f6rluster av d\u00f6dade och s\u00e5rade soldater fortsatt h\u00f6gt"},"content":{"rendered":"\n<p>De ryska f\u00f6rlusterna i kriget i Ukraina har f\u00f6r\u00e4ndrats \u00f6ver tid. N\u00e4r det g\u00e4ller pansar har det stadigt minskat. F\u00f6r Stridsvagnar var den h\u00f6gsta niv\u00e5n under oktober och december 2023 och f\u00f6r \u00f6vriga pansar ungef\u00e4r samma period \u00e5ret efter. I dag har det stabiliserat sig p\u00e5 en ny l\u00e5g niv\u00e5 och vi kan m\u00f6jligen ana en liten uppg\u00e5ng de senaste dagarna, men det \u00e4r f\u00f6r tidigt att kalla det f\u00f6r en trend.<br><br>F\u00f6rlusten av artilleri har ocks\u00e5 minskat stadigt sedan h\u00f6gsta punkten i mars i \u00e5r. D\u00e5 l\u00e5g f\u00f6rlusterna i snitt p\u00e5 \u00f6ver 70\/ dag, nu \u00e4r vi under 20. H\u00e4r \u00e4r det mer ovisst om det kommer att forts\u00e4tta ned\u00e5t eller om det ocks\u00e5 kommer att stabilisera sig.<br>Samma sak g\u00e4ller f\u00f6r f\u00f6rlusterna av \u00f6vriga sk. mjuka fordon som har minskat sedan i slutet av april n\u00e4r de l\u00e5g som h\u00f6gst. Vi har g\u00e5tt fr\u00e5n \u00f6ver 190\/dag till mellan 70-90 pr dag i snitt.<br><br>N\u00e4r det g\u00e4ller KWIA, d\u00f6dade och skadade soldater har det sjunkit sedan h\u00f6jdpunkten vid \u00e5rsskiftet 2024\/2025. D\u00e5 l\u00e5g snittet per dag s\u00e5 h\u00f6gt som 1800\/dag. \u00c4nd\u00e5 skiljer sig KWIA n\u00e5got j\u00e4mf\u00f6rt med \u00f6vriga f\u00f6rluster. <br>KWIA n\u00e5dde sin l\u00e5gpunkt nu i b\u00f6rjan p\u00e5 september (ca. 800\/dag) men har sedan dess \u00f6kat f\u00f6r att ha nu ligga n\u00e4rmare 1100 i snitt per dag och det \u00e4r inte om\u00f6jligt att siffrorna forts\u00e4tter att stiga. I dag var det uppe p\u00e5 1200 vilket har varit s\u00e4llsynt p\u00e5 senare tid.<\/p>\n\n\n\n<p>Exakt hur man ska tolka det \u00e4r f\u00f6rst\u00e5s sv\u00e5rt att veta men det verkar inte som att ukrainas f\u00f6rm\u00e5ga att bek\u00e4mpa ryssarna minskat, snarare att ryssarna anv\u00e4nder allt mindre pansar och artilleri. <\/p>\n\n\n\n<p>Kriget i Ukraina har kostat Ryssland enorma f\u00f6rluster och fr\u00e5gan \u00e4r om de till slut b\u00f6rjar f\u00e5 brist p\u00e5 kvalificerat material eller om det \u00e4r en taktikanpassning vi ser d\u00e4r dr\u00f6nare och soldater nu \u00e4r k\u00e4rnan i de ryska anfallen.<\/p>\n\n\n\n<h2 class=\"wp-block-heading\">Ryska f\u00f6rluster 2025-12-03<\/h2>\n\n\n\n<ul class=\"wp-block-list\">\n<li>1200 KWIA <\/li>\n\n\n\n<li>6 Tanks <\/li>\n\n\n\n<li>3 AFVs <\/li>\n\n\n\n<li>12 Artillery systems <\/li>\n\n\n\n<li>3 MLRS <\/li>\n\n\n\n<li>90 UAVs <\/li>\n\n\n\n<li>47 Vehicles &amp; fuel tanks <\/li>\n\n\n\n<li>1 Special equipment<\/li>\n<\/ul>\n\n\n\n<figure class=\"wp-block-image size-large losses\"><img loading=\"lazy\" decoding=\"async\" width=\"819\" height=\"1024\" src=\"https:\/\/johanno1.se\/wp-content\/uploads\/2025\/12\/2025-12-03-819x1024.jpg\" alt=\"\" class=\"wp-image-3424\" srcset=\"https:\/\/johanno1.se\/wp-content\/uploads\/2025\/12\/2025-12-03-819x1024.jpg 819w, https:\/\/johanno1.se\/wp-content\/uploads\/2025\/12\/2025-12-03-240x300.jpg 240w, https:\/\/johanno1.se\/wp-content\/uploads\/2025\/12\/2025-12-03-768x960.jpg 768w, https:\/\/johanno1.se\/wp-content\/uploads\/2025\/12\/2025-12-03.jpg 1024w\" sizes=\"auto, (max-width: 819px) 100vw, 819px\" \/><\/figure>\n\n\n\n<p><strong>SLAVA UKRAINI<\/strong><\/p>\n\n\n\n<p><em>Uppdatering 07:29:<\/em><br>Enligt <a href=\"https:\/\/kyivindependent.com\/fire-breaks-out-at-russian-oil-depot-amid-reported-drone-strike\/\" target=\"_blank\" rel=\"noreferrer noopener nofollow\">Kyiv Independet<\/a> ska en Ukrainsk dr\u00f6narattack lett till att en brand utbrutit vid en oljedep\u00e5 i Tambovregionen i Ryssland. Regionens guvern\u00f6r meddelar att vrakdelar f\u00f6ll ner p\u00e5 anl\u00e4ggningen.<\/p>\n","protected":false},"excerpt":{"rendered":"<p>Ryska f\u00f6rluster av d\u00f6dade och s\u00e5rade soldater fortsatt h\u00f6gt men sett \u00f6ver tid har f\u00f6rlusterna f\u00f6r\u00e4ndrats f\u00f6r de olika kategorierna.<\/p>\n","protected":false},"author":1,"featured_media":805,"comment_status":"open","ping_status":"open","sticky":false,"template":"","format":"standard","meta":{"site-sidebar-layout":"default","site-content-layout":"","ast-site-content-layout":"default","site-content-style":"default","site-sidebar-style":"default","ast-global-header-display":"","ast-banner-title-visibility":"","ast-main-header-display":"","ast-hfb-above-header-display":"","ast-hfb-below-header-display":"","ast-hfb-mobile-header-display":"","site-post-title":"","ast-breadcrumbs-content":"","ast-featured-img":"","footer-sml-layout":"","ast-disable-related-posts":"","theme-transparent-header-meta":"","adv-header-id-meta":"","stick-header-meta":"","header-above-stick-meta":"","header-main-stick-meta":"","header-below-stick-meta":"","astra-migrate-meta-layouts":"default","ast-page-background-enabled":"default","ast-page-background-meta":{"desktop":{"background-color":"var(--ast-global-color-4)","background-image":"","background-repeat":"repeat","background-position":"center center","background-size":"auto","background-attachment":"scroll","background-type":"","background-media":"","overlay-type":"","overlay-color":"","overlay-opacity":"","overlay-gradient":""},"tablet":{"background-color":"","background-image":"","background-repeat":"repeat","background-position":"center center","background-size":"auto","background-attachment":"scroll","background-type":"","background-media":"","overlay-type":"","overlay-color":"","overlay-opacity":"","overlay-gradient":""},"mobile":{"background-color":"","background-image":"","background-repeat":"repeat","background-position":"center center","background-size":"auto","background-attachment":"scroll","background-type":"","background-media":"","overlay-type":"","overlay-color":"","overlay-opacity":"","overlay-gradient":""}},"ast-content-background-meta":{"desktop":{"background-color":"var(--ast-global-color-5)","background-image":"","background-repeat":"repeat","background-position":"center center","background-size":"auto","background-attachment":"scroll","background-type":"","background-media":"","overlay-type":"","overlay-color":"","overlay-opacity":"","overlay-gradient":""},"tablet":{"background-color":"var(--ast-global-color-5)","background-image":"","background-repeat":"repeat","background-position":"center center","background-size":"auto","background-attachment":"scroll","background-type":"","background-media":"","overlay-type":"","overlay-color":"","overlay-opacity":"","overlay-gradient":""},"mobile":{"background-color":"var(--ast-global-color-5)","background-image":"","background-repeat":"repeat","background-position":"center center","background-size":"auto","background-attachment":"scroll","background-type":"","background-media":"","overlay-type":"","overlay-color":"","overlay-opacity":"","overlay-gradient":""}},"footnotes":""},"categories":[18,31],"tags":[],"class_list":["post-3423","post","type-post","status-publish","format-standard","has-post-thumbnail","hentry","category-ukraina","category-ryska-forluster"],"yoast_head":"<!-- This site is optimized with the Yoast SEO plugin v27.4 - https:\/\/yoast.com\/product\/yoast-seo-wordpress\/ -->\n<title>Ryska f\u00f6rluster av d\u00f6dade och s\u00e5rade soldater fortsatt h\u00f6gt - Kriget i Ukraina<\/title>\n<meta name=\"robots\" content=\"index, follow, max-snippet:-1, max-image-preview:large, max-video-preview:-1\" \/>\n<link rel=\"canonical\" href=\"https:\/\/johanno1.se\/sv\/ryska-forluster-av-dodade-och-sarade-soldater-fortsatt-hogt\/\" \/>\n<meta property=\"og:locale\" content=\"sv_SE\" \/>\n<meta property=\"og:type\" content=\"article\" \/>\n<meta property=\"og:title\" content=\"Ryska f\u00f6rluster av d\u00f6dade och s\u00e5rade soldater fortsatt h\u00f6gt - Kriget i Ukraina\" \/>\n<meta property=\"og:description\" content=\"Ryska f\u00f6rluster av d\u00f6dade och s\u00e5rade soldater fortsatt h\u00f6gt men sett \u00f6ver tid har f\u00f6rlusterna f\u00f6r\u00e4ndrats f\u00f6r de olika kategorierna.\" \/>\n<meta property=\"og:url\" content=\"https:\/\/johanno1.se\/sv\/ryska-forluster-av-dodade-och-sarade-soldater-fortsatt-hogt\/\" \/>\n<meta property=\"og:site_name\" content=\"Johan No.1\" \/>\n<meta property=\"article:published_time\" content=\"2025-12-03T06:26:25+00:00\" \/>\n<meta property=\"article:modified_time\" content=\"2026-03-09T07:21:43+00:00\" \/>\n<meta property=\"og:image\" content=\"https:\/\/johanno1.se\/wp-content\/uploads\/2025\/04\/UkraineFlag.png\" \/>\n\t<meta property=\"og:image:width\" content=\"642\" \/>\n\t<meta property=\"og:image:height\" content=\"384\" \/>\n\t<meta property=\"og:image:type\" content=\"image\/png\" \/>\n<meta name=\"author\" content=\"MXT\" \/>\n<meta name=\"twitter:card\" content=\"summary_large_image\" \/>\n<meta name=\"twitter:creator\" content=\"@MatsExtrude\" \/>\n<meta name=\"twitter:label1\" content=\"Skriven av\" \/>\n\t<meta name=\"twitter:data1\" content=\"MXT\" \/>\n\t<meta name=\"twitter:label2\" content=\"Ber\u00e4knad l\u00e4stid\" \/>\n\t<meta name=\"twitter:data2\" content=\"3 minuter\" \/>\n<script type=\"application\/ld+json\" class=\"yoast-schema-graph\">{\"@context\":\"https:\\\/\\\/schema.org\",\"@graph\":[{\"@type\":\"Article\",\"@id\":\"https:\\\/\\\/johanno1.se\\\/sv\\\/ryska-forluster-av-dodade-och-sarade-soldater-fortsatt-hogt\\\/#article\",\"isPartOf\":{\"@id\":\"https:\\\/\\\/johanno1.se\\\/sv\\\/ryska-forluster-av-dodade-och-sarade-soldater-fortsatt-hogt\\\/\"},\"author\":{\"name\":\"MXT\",\"@id\":\"https:\\\/\\\/johanno1.se\\\/sv\\\/#\\\/schema\\\/person\\\/b9a1e3c5f5da33b8e8a755f098951212\"},\"headline\":\"Ryska f\u00f6rluster av d\u00f6dade och s\u00e5rade soldater fortsatt h\u00f6gt\",\"datePublished\":\"2025-12-03T06:26:25+00:00\",\"dateModified\":\"2026-03-09T07:21:43+00:00\",\"mainEntityOfPage\":{\"@id\":\"https:\\\/\\\/johanno1.se\\\/sv\\\/ryska-forluster-av-dodade-och-sarade-soldater-fortsatt-hogt\\\/\"},\"wordCount\":434,\"commentCount\":61,\"publisher\":{\"@id\":\"https:\\\/\\\/johanno1.se\\\/sv\\\/#organization\"},\"image\":{\"@id\":\"https:\\\/\\\/johanno1.se\\\/sv\\\/ryska-forluster-av-dodade-och-sarade-soldater-fortsatt-hogt\\\/#primaryimage\"},\"thumbnailUrl\":\"https:\\\/\\\/johanno1.se\\\/wp-content\\\/uploads\\\/2025\\\/04\\\/UkraineFlag.png\",\"articleSection\":[\"Kriget i Ukraina\",\"Ryska f\u00f6rluster\"],\"inLanguage\":\"sv-SE\",\"potentialAction\":[{\"@type\":\"CommentAction\",\"name\":\"Comment\",\"target\":[\"https:\\\/\\\/johanno1.se\\\/sv\\\/ryska-forluster-av-dodade-och-sarade-soldater-fortsatt-hogt\\\/#respond\"]}]},{\"@type\":\"WebPage\",\"@id\":\"https:\\\/\\\/johanno1.se\\\/sv\\\/ryska-forluster-av-dodade-och-sarade-soldater-fortsatt-hogt\\\/\",\"url\":\"https:\\\/\\\/johanno1.se\\\/sv\\\/ryska-forluster-av-dodade-och-sarade-soldater-fortsatt-hogt\\\/\",\"name\":\"Ryska f\u00f6rluster av d\u00f6dade och s\u00e5rade soldater fortsatt h\u00f6gt - Kriget i Ukraina\",\"isPartOf\":{\"@id\":\"https:\\\/\\\/johanno1.se\\\/sv\\\/#website\"},\"primaryImageOfPage\":{\"@id\":\"https:\\\/\\\/johanno1.se\\\/sv\\\/ryska-forluster-av-dodade-och-sarade-soldater-fortsatt-hogt\\\/#primaryimage\"},\"image\":{\"@id\":\"https:\\\/\\\/johanno1.se\\\/sv\\\/ryska-forluster-av-dodade-och-sarade-soldater-fortsatt-hogt\\\/#primaryimage\"},\"thumbnailUrl\":\"https:\\\/\\\/johanno1.se\\\/wp-content\\\/uploads\\\/2025\\\/04\\\/UkraineFlag.png\",\"datePublished\":\"2025-12-03T06:26:25+00:00\",\"dateModified\":\"2026-03-09T07:21:43+00:00\",\"breadcrumb\":{\"@id\":\"https:\\\/\\\/johanno1.se\\\/sv\\\/ryska-forluster-av-dodade-och-sarade-soldater-fortsatt-hogt\\\/#breadcrumb\"},\"inLanguage\":\"sv-SE\",\"potentialAction\":[{\"@type\":\"ReadAction\",\"target\":[\"https:\\\/\\\/johanno1.se\\\/sv\\\/ryska-forluster-av-dodade-och-sarade-soldater-fortsatt-hogt\\\/\"]}]},{\"@type\":\"ImageObject\",\"inLanguage\":\"sv-SE\",\"@id\":\"https:\\\/\\\/johanno1.se\\\/sv\\\/ryska-forluster-av-dodade-och-sarade-soldater-fortsatt-hogt\\\/#primaryimage\",\"url\":\"https:\\\/\\\/johanno1.se\\\/wp-content\\\/uploads\\\/2025\\\/04\\\/UkraineFlag.png\",\"contentUrl\":\"https:\\\/\\\/johanno1.se\\\/wp-content\\\/uploads\\\/2025\\\/04\\\/UkraineFlag.png\",\"width\":642,\"height\":384,\"caption\":\"Kriget i Ukraina - Ukraine war\"},{\"@type\":\"BreadcrumbList\",\"@id\":\"https:\\\/\\\/johanno1.se\\\/sv\\\/ryska-forluster-av-dodade-och-sarade-soldater-fortsatt-hogt\\\/#breadcrumb\",\"itemListElement\":[{\"@type\":\"ListItem\",\"position\":1,\"name\":\"Hem\",\"item\":\"https:\\\/\\\/johanno1.se\\\/sv\\\/\"},{\"@type\":\"ListItem\",\"position\":2,\"name\":\"Ryska f\u00f6rluster av d\u00f6dade och s\u00e5rade soldater fortsatt h\u00f6gt\"}]},{\"@type\":\"WebSite\",\"@id\":\"https:\\\/\\\/johanno1.se\\\/sv\\\/#website\",\"url\":\"https:\\\/\\\/johanno1.se\\\/sv\\\/\",\"name\":\"Johan No.1\",\"description\":\"Kriget i Ukraina - V\u00e4rldsledande omv\u00e4rldsanalys fr\u00e5n Svensksund till den ryska brakf\u00f6rlusten i Ukraina\",\"publisher\":{\"@id\":\"https:\\\/\\\/johanno1.se\\\/sv\\\/#organization\"},\"potentialAction\":[{\"@type\":\"SearchAction\",\"target\":{\"@type\":\"EntryPoint\",\"urlTemplate\":\"https:\\\/\\\/johanno1.se\\\/sv\\\/?s={search_term_string}\"},\"query-input\":{\"@type\":\"PropertyValueSpecification\",\"valueRequired\":true,\"valueName\":\"search_term_string\"}}],\"inLanguage\":\"sv-SE\"},{\"@type\":\"Organization\",\"@id\":\"https:\\\/\\\/johanno1.se\\\/sv\\\/#organization\",\"name\":\"Johan No. 1\",\"url\":\"https:\\\/\\\/johanno1.se\\\/sv\\\/\",\"logo\":{\"@type\":\"ImageObject\",\"inLanguage\":\"sv-SE\",\"@id\":\"https:\\\/\\\/johanno1.se\\\/sv\\\/#\\\/schema\\\/logo\\\/image\\\/\",\"url\":\"https:\\\/\\\/johanno1.se\\\/wp-content\\\/uploads\\\/2025\\\/03\\\/cropped-No1-Logo.png\",\"contentUrl\":\"https:\\\/\\\/johanno1.se\\\/wp-content\\\/uploads\\\/2025\\\/03\\\/cropped-No1-Logo.png\",\"width\":512,\"height\":512,\"caption\":\"Johan No. 1\"},\"image\":{\"@id\":\"https:\\\/\\\/johanno1.se\\\/sv\\\/#\\\/schema\\\/logo\\\/image\\\/\"}},{\"@type\":\"Person\",\"@id\":\"https:\\\/\\\/johanno1.se\\\/sv\\\/#\\\/schema\\\/person\\\/b9a1e3c5f5da33b8e8a755f098951212\",\"name\":\"MXT\",\"image\":{\"@type\":\"ImageObject\",\"inLanguage\":\"sv-SE\",\"@id\":\"https:\\\/\\\/secure.gravatar.com\\\/avatar\\\/74fa4c492659dce280abcb04be56b0f457c131c7356cc691540aecee84b8780f?s=96&d=mm&r=g\",\"url\":\"https:\\\/\\\/secure.gravatar.com\\\/avatar\\\/74fa4c492659dce280abcb04be56b0f457c131c7356cc691540aecee84b8780f?s=96&d=mm&r=g\",\"contentUrl\":\"https:\\\/\\\/secure.gravatar.com\\\/avatar\\\/74fa4c492659dce280abcb04be56b0f457c131c7356cc691540aecee84b8780f?s=96&d=mm&r=g\",\"caption\":\"MXT\"},\"description\":\"Skriver fr\u00e4mst om kriget i Ukraina, men \u00e4ven om andra globala h\u00e4ndelser som kan p\u00e5verka utvecklingen. Gillar statisitk och redovisar bl.a. ryska f\u00f6rluster och en hel del annat. Postar mycket av nyheterna i kommentarerna som h\u00e4mtas fr\u00e5n olika k\u00e4llor. F\u00f6rutom Ukraina handlar det om olika h\u00e4ndelser i Sverige och Europa, klimatet, Israel-Palestina och f\u00f6rst\u00e5s en hel del kring USA och Trump. Har en f\u00f6rm\u00e5ga att reta upp de som gillar den sistn\u00e4mnde eftersom jag \u00e4r starkt kritiskt till det mesta han tar sig f\u00f6r. IT-ansvarig och sk\u00f6ter drift, underh\u00e5ll och vidareutveckling av webbplatsen, s\u00e5 ni vet vem ni ska skylla p\u00e5 n\u00e4r det kr\u00e5nglar! SLAVA UKRAINI\",\"sameAs\":[\"https:\\\/\\\/spjutskaftet.se\",\"https:\\\/\\\/x.com\\\/MatsExtrude\"],\"url\":\"https:\\\/\\\/johanno1.se\\\/sv\\\/author\\\/extrude\\\/\"}]}<\/script>\n<!-- \/ Yoast SEO plugin. -->","yoast_head_json":{"title":"Ryska f\u00f6rluster av d\u00f6dade och s\u00e5rade soldater fortsatt h\u00f6gt - Kriget i Ukraina","robots":{"index":"index","follow":"follow","max-snippet":"max-snippet:-1","max-image-preview":"max-image-preview:large","max-video-preview":"max-video-preview:-1"},"canonical":"https:\/\/johanno1.se\/sv\/ryska-forluster-av-dodade-och-sarade-soldater-fortsatt-hogt\/","og_locale":"sv_SE","og_type":"article","og_title":"Ryska f\u00f6rluster av d\u00f6dade och s\u00e5rade soldater fortsatt h\u00f6gt - Kriget i Ukraina","og_description":"Ryska f\u00f6rluster av d\u00f6dade och s\u00e5rade soldater fortsatt h\u00f6gt men sett \u00f6ver tid har f\u00f6rlusterna f\u00f6r\u00e4ndrats f\u00f6r de olika kategorierna.","og_url":"https:\/\/johanno1.se\/sv\/ryska-forluster-av-dodade-och-sarade-soldater-fortsatt-hogt\/","og_site_name":"Johan No.1","article_published_time":"2025-12-03T06:26:25+00:00","article_modified_time":"2026-03-09T07:21:43+00:00","og_image":[{"width":642,"height":384,"url":"https:\/\/johanno1.se\/wp-content\/uploads\/2025\/04\/UkraineFlag.png","type":"image\/png"}],"author":"MXT","twitter_card":"summary_large_image","twitter_creator":"@MatsExtrude","twitter_misc":{"Skriven av":"MXT","Ber\u00e4knad l\u00e4stid":"3 minuter"},"schema":{"@context":"https:\/\/schema.org","@graph":[{"@type":"Article","@id":"https:\/\/johanno1.se\/sv\/ryska-forluster-av-dodade-och-sarade-soldater-fortsatt-hogt\/#article","isPartOf":{"@id":"https:\/\/johanno1.se\/sv\/ryska-forluster-av-dodade-och-sarade-soldater-fortsatt-hogt\/"},"author":{"name":"MXT","@id":"https:\/\/johanno1.se\/sv\/#\/schema\/person\/b9a1e3c5f5da33b8e8a755f098951212"},"headline":"Ryska f\u00f6rluster av d\u00f6dade och s\u00e5rade soldater fortsatt h\u00f6gt","datePublished":"2025-12-03T06:26:25+00:00","dateModified":"2026-03-09T07:21:43+00:00","mainEntityOfPage":{"@id":"https:\/\/johanno1.se\/sv\/ryska-forluster-av-dodade-och-sarade-soldater-fortsatt-hogt\/"},"wordCount":434,"commentCount":61,"publisher":{"@id":"https:\/\/johanno1.se\/sv\/#organization"},"image":{"@id":"https:\/\/johanno1.se\/sv\/ryska-forluster-av-dodade-och-sarade-soldater-fortsatt-hogt\/#primaryimage"},"thumbnailUrl":"https:\/\/johanno1.se\/wp-content\/uploads\/2025\/04\/UkraineFlag.png","articleSection":["Kriget i Ukraina","Ryska f\u00f6rluster"],"inLanguage":"sv-SE","potentialAction":[{"@type":"CommentAction","name":"Comment","target":["https:\/\/johanno1.se\/sv\/ryska-forluster-av-dodade-och-sarade-soldater-fortsatt-hogt\/#respond"]}]},{"@type":"WebPage","@id":"https:\/\/johanno1.se\/sv\/ryska-forluster-av-dodade-och-sarade-soldater-fortsatt-hogt\/","url":"https:\/\/johanno1.se\/sv\/ryska-forluster-av-dodade-och-sarade-soldater-fortsatt-hogt\/","name":"Ryska f\u00f6rluster av d\u00f6dade och s\u00e5rade soldater fortsatt h\u00f6gt - Kriget i Ukraina","isPartOf":{"@id":"https:\/\/johanno1.se\/sv\/#website"},"primaryImageOfPage":{"@id":"https:\/\/johanno1.se\/sv\/ryska-forluster-av-dodade-och-sarade-soldater-fortsatt-hogt\/#primaryimage"},"image":{"@id":"https:\/\/johanno1.se\/sv\/ryska-forluster-av-dodade-och-sarade-soldater-fortsatt-hogt\/#primaryimage"},"thumbnailUrl":"https:\/\/johanno1.se\/wp-content\/uploads\/2025\/04\/UkraineFlag.png","datePublished":"2025-12-03T06:26:25+00:00","dateModified":"2026-03-09T07:21:43+00:00","breadcrumb":{"@id":"https:\/\/johanno1.se\/sv\/ryska-forluster-av-dodade-och-sarade-soldater-fortsatt-hogt\/#breadcrumb"},"inLanguage":"sv-SE","potentialAction":[{"@type":"ReadAction","target":["https:\/\/johanno1.se\/sv\/ryska-forluster-av-dodade-och-sarade-soldater-fortsatt-hogt\/"]}]},{"@type":"ImageObject","inLanguage":"sv-SE","@id":"https:\/\/johanno1.se\/sv\/ryska-forluster-av-dodade-och-sarade-soldater-fortsatt-hogt\/#primaryimage","url":"https:\/\/johanno1.se\/wp-content\/uploads\/2025\/04\/UkraineFlag.png","contentUrl":"https:\/\/johanno1.se\/wp-content\/uploads\/2025\/04\/UkraineFlag.png","width":642,"height":384,"caption":"Kriget i Ukraina - Ukraine war"},{"@type":"BreadcrumbList","@id":"https:\/\/johanno1.se\/sv\/ryska-forluster-av-dodade-och-sarade-soldater-fortsatt-hogt\/#breadcrumb","itemListElement":[{"@type":"ListItem","position":1,"name":"Hem","item":"https:\/\/johanno1.se\/sv\/"},{"@type":"ListItem","position":2,"name":"Ryska f\u00f6rluster av d\u00f6dade och s\u00e5rade soldater fortsatt h\u00f6gt"}]},{"@type":"WebSite","@id":"https:\/\/johanno1.se\/sv\/#website","url":"https:\/\/johanno1.se\/sv\/","name":"Johan No.1","description":"Kriget i Ukraina - V\u00e4rldsledande omv\u00e4rldsanalys fr\u00e5n Svensksund till den ryska brakf\u00f6rlusten i Ukraina","publisher":{"@id":"https:\/\/johanno1.se\/sv\/#organization"},"potentialAction":[{"@type":"SearchAction","target":{"@type":"EntryPoint","urlTemplate":"https:\/\/johanno1.se\/sv\/?s={search_term_string}"},"query-input":{"@type":"PropertyValueSpecification","valueRequired":true,"valueName":"search_term_string"}}],"inLanguage":"sv-SE"},{"@type":"Organization","@id":"https:\/\/johanno1.se\/sv\/#organization","name":"Johan No. 1","url":"https:\/\/johanno1.se\/sv\/","logo":{"@type":"ImageObject","inLanguage":"sv-SE","@id":"https:\/\/johanno1.se\/sv\/#\/schema\/logo\/image\/","url":"https:\/\/johanno1.se\/wp-content\/uploads\/2025\/03\/cropped-No1-Logo.png","contentUrl":"https:\/\/johanno1.se\/wp-content\/uploads\/2025\/03\/cropped-No1-Logo.png","width":512,"height":512,"caption":"Johan No. 1"},"image":{"@id":"https:\/\/johanno1.se\/sv\/#\/schema\/logo\/image\/"}},{"@type":"Person","@id":"https:\/\/johanno1.se\/sv\/#\/schema\/person\/b9a1e3c5f5da33b8e8a755f098951212","name":"MXT","image":{"@type":"ImageObject","inLanguage":"sv-SE","@id":"https:\/\/secure.gravatar.com\/avatar\/74fa4c492659dce280abcb04be56b0f457c131c7356cc691540aecee84b8780f?s=96&d=mm&r=g","url":"https:\/\/secure.gravatar.com\/avatar\/74fa4c492659dce280abcb04be56b0f457c131c7356cc691540aecee84b8780f?s=96&d=mm&r=g","contentUrl":"https:\/\/secure.gravatar.com\/avatar\/74fa4c492659dce280abcb04be56b0f457c131c7356cc691540aecee84b8780f?s=96&d=mm&r=g","caption":"MXT"},"description":"Skriver fr\u00e4mst om kriget i Ukraina, men \u00e4ven om andra globala h\u00e4ndelser som kan p\u00e5verka utvecklingen. Gillar statisitk och redovisar bl.a. ryska f\u00f6rluster och en hel del annat. Postar mycket av nyheterna i kommentarerna som h\u00e4mtas fr\u00e5n olika k\u00e4llor. F\u00f6rutom Ukraina handlar det om olika h\u00e4ndelser i Sverige och Europa, klimatet, Israel-Palestina och f\u00f6rst\u00e5s en hel del kring USA och Trump. Har en f\u00f6rm\u00e5ga att reta upp de som gillar den sistn\u00e4mnde eftersom jag \u00e4r starkt kritiskt till det mesta han tar sig f\u00f6r. IT-ansvarig och sk\u00f6ter drift, underh\u00e5ll och vidareutveckling av webbplatsen, s\u00e5 ni vet vem ni ska skylla p\u00e5 n\u00e4r det kr\u00e5nglar! SLAVA UKRAINI","sameAs":["https:\/\/spjutskaftet.se","https:\/\/x.com\/MatsExtrude"],"url":"https:\/\/johanno1.se\/sv\/author\/extrude\/"}]}},"_links":{"self":[{"href":"https:\/\/johanno1.se\/sv\/wp-json\/wp\/v2\/posts\/3423","targetHints":{"allow":["GET"]}}],"collection":[{"href":"https:\/\/johanno1.se\/sv\/wp-json\/wp\/v2\/posts"}],"about":[{"href":"https:\/\/johanno1.se\/sv\/wp-json\/wp\/v2\/types\/post"}],"author":[{"embeddable":true,"href":"https:\/\/johanno1.se\/sv\/wp-json\/wp\/v2\/users\/1"}],"replies":[{"embeddable":true,"href":"https:\/\/johanno1.se\/sv\/wp-json\/wp\/v2\/comments?post=3423"}],"version-history":[{"count":3,"href":"https:\/\/johanno1.se\/sv\/wp-json\/wp\/v2\/posts\/3423\/revisions"}],"predecessor-version":[{"id":3432,"href":"https:\/\/johanno1.se\/sv\/wp-json\/wp\/v2\/posts\/3423\/revisions\/3432"}],"wp:featuredmedia":[{"embeddable":true,"href":"https:\/\/johanno1.se\/sv\/wp-json\/wp\/v2\/media\/805"}],"wp:attachment":[{"href":"https:\/\/johanno1.se\/sv\/wp-json\/wp\/v2\/media?parent=3423"}],"wp:term":[{"taxonomy":"category","embeddable":true,"href":"https:\/\/johanno1.se\/sv\/wp-json\/wp\/v2\/categories?post=3423"},{"taxonomy":"post_tag","embeddable":true,"href":"https:\/\/johanno1.se\/sv\/wp-json\/wp\/v2\/tags?post=3423"}],"curies":[{"name":"wp","href":"https:\/\/api.w.org\/{rel}","templated":true}]}}