{"id":3466,"date":"2025-12-08T07:01:00","date_gmt":"2025-12-08T06:01:00","guid":{"rendered":"https:\/\/johanno1.se\/?p=3466"},"modified":"2025-12-08T21:14:50","modified_gmt":"2025-12-08T20:14:50","slug":"ukraina-daglig-uppdatering-8-december-2025","status":"publish","type":"post","link":"https:\/\/johanno1.se\/sv\/ukraina-daglig-uppdatering-8-december-2025\/","title":{"rendered":"Ukraina daglig uppdatering 8 December 2025"},"content":{"rendered":"\n<p>Det h\u00e4r b\u00f6rjar verkligen arta sig s\u00e5 n\u00e4r som p\u00e5 att Belgien till sist hittade sin inre proryska landsf\u00f6rr\u00e4dare och gick all-in men dom lyckades inte riva ned mig fr\u00e5n en positiv-positiv med det lilla reptricket.<\/p>\n\n\n\n<figure class=\"wp-block-image is-resized\"><a class=\"image-link image2 is-viewable-img\" href=\"https:\/\/substackcdn.com\/image\/fetch\/$s_!ll7Z!,f_auto,q_auto:good,fl_progressive:steep\/https%3A%2F%2Fsubstack-post-media.s3.amazonaws.com%2Fpublic%2Fimages%2Fe7e1e1a5-21a6-4a0a-a11b-d7a6bfe8b032_828x1190.jpeg\" target=\"_blank\" rel=\"noreferrer noopener\"><img decoding=\"async\" src=\"https:\/\/substackcdn.com\/image\/fetch\/$s_!ll7Z!,w_1456,c_limit,f_auto,q_auto:good,fl_progressive:steep\/https%3A%2F%2Fsubstack-post-media.s3.amazonaws.com%2Fpublic%2Fimages%2Fe7e1e1a5-21a6-4a0a-a11b-d7a6bfe8b032_828x1190.jpeg\" alt=\"\" style=\"aspect-ratio:0.6958104725544234;width:355px;height:auto\"\/><\/a><\/figure>\n\n\n\n<p>Europas ledare har i samtal med Zelensky \u00f6ppet sagt att dom inte litar p\u00e5 Trump eller USA och att dom kommer finnas d\u00e4r f\u00f6r Ukraina \u2013 som man hoppats p\u00e5 blev det b\u00e4sta m\u00f6jliga utfall \ud83d\ude0d\ud83d\ude0d<\/p>\n\n\n\n<figure class=\"wp-block-image is-resized\"><a class=\"image-link image2 is-viewable-img\" href=\"https:\/\/substackcdn.com\/image\/fetch\/$s_!6MnT!,f_auto,q_auto:good,fl_progressive:steep\/https%3A%2F%2Fsubstack-post-media.s3.amazonaws.com%2Fpublic%2Fimages%2F6fa19204-180b-44f1-b2ff-8c838d113483_828x1282.jpeg\" target=\"_blank\" rel=\"noreferrer noopener\"><img decoding=\"async\" src=\"https:\/\/substackcdn.com\/image\/fetch\/$s_!6MnT!,w_1456,c_limit,f_auto,q_auto:good,fl_progressive:steep\/https%3A%2F%2Fsubstack-post-media.s3.amazonaws.com%2Fpublic%2Fimages%2F6fa19204-180b-44f1-b2ff-8c838d113483_828x1282.jpeg\" alt=\"\" style=\"aspect-ratio:0.6458739980896216;width:357px;height:auto\"\/><\/a><\/figure>\n\n\n\n<p>Europa har verkligen lyckats leverera ett helt batteri med tr\u00e4ff mitt i senaste veckorna \u2013 en sann gl\u00e4dje att f\u00f6lja det h\u00e4r nu.<\/p>\n\n\n\n<p>Jag gick ocks\u00e5 tillbaka och t\u00e4nkte p\u00e5 v\u00e5ra tidigare f\u00f6ruts\u00e4gelser d\u00e4r vi har sagt att Ukraina har en offensiv strategisk reserv och m\u00e5nga misstrodde det men den ser ni nu i strid, och den \u00e4r precis lika bra som vi gissade.<\/p>\n\n\n\n<p>Det andra \u00e4r att ju l\u00e4ngre tiden g\u00e5r desto h\u00f6gre risk blir det f\u00f6r ett of\u00f6rdelaktigt utfall och det har vi nu sett med Trump, USA, Belgien och en del till men s\u00e5 h\u00e4r l\u00e5ngt parerar Europa det f\u00f6rv\u00e5nansv\u00e4rt snyggt.<\/p>\n\n\n\n<p>Eller rikst\u00f6ntarna som pratade om ett djupfryst skyttegravskrig \u2013 dom hade fel igen naturligtvis precis som dom haft i ett helt krig. N\u00e4r erk\u00e4nner man att man \u00e4r en komplett hovnarr och ger upp sin feta analytikerl\u00f6n?<\/p>\n\n\n\n<p>Eller f\u00f6r att inte tala om mina tidigare sensationella tankar kring att Trump\/USA f\u00f6rs\u00f6ker f\u00e5 in Europa under den ryska st\u00f6veln och ett nytt kallt krig d\u00e4r dom kan s\u00e4lja p\u00e5 oss s\u00e4kerhet till femdubbla marknadspriset.<\/p>\n\n\n\n<p>Eller det hyllade uttalandet \u2013 \u201dUSA \u00e4r precis som banken inte din v\u00e4n\u201d.<\/p>\n\n\n\n<p>Vi ger er USAs National Security Strategy som \u00e4r ett direkt hot mot oss och \u00e5syftar att f\u00f6rs\u00f6ka knuffa tillbaka oss till under den ryska st\u00f6veln i ett nytt kallt krig s\u00e5 dom kan s\u00e4lja p\u00e5 oss s\u00e4kerhet f\u00f6r femdubbla marknadspriset.<\/p>\n\n\n\n<figure class=\"wp-block-image is-resized\"><a class=\"image-link image2 is-viewable-img\" href=\"https:\/\/substackcdn.com\/image\/fetch\/$s_!DQwW!,f_auto,q_auto:good,fl_progressive:steep\/https%3A%2F%2Fsubstack-post-media.s3.amazonaws.com%2Fpublic%2Fimages%2F4e1525ac-218c-4c95-9b31-ebf2c0f81e11_828x1078.jpeg\" target=\"_blank\" rel=\"noreferrer noopener\"><img decoding=\"async\" src=\"https:\/\/substackcdn.com\/image\/fetch\/$s_!DQwW!,w_1456,c_limit,f_auto,q_auto:good,fl_progressive:steep\/https%3A%2F%2Fsubstack-post-media.s3.amazonaws.com%2Fpublic%2Fimages%2F4e1525ac-218c-4c95-9b31-ebf2c0f81e11_828x1078.jpeg\" alt=\"\" style=\"aspect-ratio:0.7681174192233208;width:427px;height:auto\"\/><\/a><\/figure>\n\n\n\n<p>Att pricka in s\u00e5 m\u00e5nga bulls-eyes n\u00e4r s\u00e5 f\u00e5 lyckats g\u00f6ra det \u00e4r naturligtvis bara det v\u00e4rt att pensionera sig p\u00e5 men jag forts\u00e4tter min Eriksgata ett tag till f\u00f6r att g\u00f6ra v\u00e4rlden till en b\u00e4ttre plats att leva i.<\/p>\n\n\n\n<p>Kan inte sl\u00e4ppa Ukrainas taktikanpassning senaste m\u00e5naderna s\u00e5 nu kommer ytterligare en l\u00e5ng rant \u2013 gl\u00f6m inte att prenumerera p\u00e5 Substack om ni l\u00e4ser dessa ranter som av proffsen kallas f\u00f6r analyser och \u00e4r snordyra, f\u00f6rutom de b\u00e4sta som kommer h\u00e4r som \u00e4r en hundring i m\u00e5naden.<\/p>\n\n\n\n<p>I lumpen var mekanfallet det sv\u00e5raste momentet vi bara klarade dagtid. Johan No.1 var st\u00e4llf\u00f6retr\u00e4dande plutonchef som krigsplacerad men fick ju chefa en hel del under \u00f6vningarna \u00e4nd\u00e5 vilket han gillade \u2013 makt korrumperar och jag ville inte alls sl\u00e4ppa platsen till en reservare under slut\u00f6vningen och var f\u00f6rmodligen medvetet det \u00e5rets s\u00e4msta st\u00e4llf\u00f6retr\u00e4dande plutonchef en reservare hade kunnat ha.<\/p>\n\n\n\n<p>Helst skulle man ju in och bef\u00e4sta terr\u00e4ngen innan r\u00f6d hunnit fram, eld\u00f6verfall och mineringar gillades ocks\u00e5 \u2013 och naturligtvis indirekt eld.<\/p>\n\n\n\n<p>P\u00e5 \u00f6vningarna var artilleriet en bl\u00e5\/gul med ombyggd mauser som sk\u00f6t n\u00e5n typ av snordyrt fyrverkeri \u2013 fick \u00e4ran n\u00e5ng\u00e5ng och stod en hel f\u00f6rmiddag och sk\u00f6t den p\u00e5 ett tr\u00e4d i strikt experimentellt syfte. Missade de flesta eldkommandon jag fick \u00f6ver radio f\u00f6r jag hade dragit ned volymen men tr\u00e4det var v\u00e5ldsamt bek\u00e4mpat vid slutet av dagen vilket jag var mycket n\u00f6jd med.<\/p>\n\n\n\n<p>En g\u00e5ng skulle jag vara servicefunktion \u00e5t yrkesofficerarnas heldag ute d\u00e4r lerduveskytte ingick. Jag testade naturligtvis alla vapnen och halvautomatiskt hagel \u00e4r sp\u00e4nnande att skjuta med. Kaptenen hade v\u00e4l gissat det och uttryckligen sagt till mig att inte testa vapnen alls &#8211; jag hade s\u00e5klart inte gjort patron ur n\u00e4r alla officerarna kom och b\u00f6rjade laddade vapnen.<\/p>\n\n\n\n<p>Ryssland har tagit indirekt eld till den h\u00f6gre niv\u00e5n d\u00e4rf\u00f6r att dom inte klarar av annat \u2013 man mosar motst\u00e5ndaren med \u201dbek\u00e4mpa kilometerruta\u201d och sen k\u00f6r man in bland de brinnande liken.<\/p>\n\n\n\n<p>Innan ett mekanfall har man f\u00e5tt sitt anfallsm\u00e5l och plutonchefen (jag) h\u00e5ller ordergivning och med lite tur har man f\u00e5tt indirekt eld man kan styra genom radion \u2013 en direktlina till artilleriet. Fr\u00e5n det jag ser i Ukraina har dom mer av det \u00e4n vi trodde vi skulle ha.<\/p>\n\n\n\n<p>Vi k\u00f6rde mycket l\u00e5ngt fram innan avsittning och jag har l\u00e4nge undrat om vi r\u00e4knade med att RU skulle ha sj\u00e4lvskyddsmineringar eller inte framf\u00f6r eldst\u00e4llningarna vilket alla verkar ha i UA kriget, eller om vi stannade precis framf\u00f6r dom?<\/p>\n\n\n\n<p>Den d\u00e4r detaljen \u00e4r r\u00e4tt viktig men jag har inte svaret p\u00e5 den fr\u00e5gan.<\/p>\n\n\n\n<p>Fram till avsittning var det (m\u00f6jlig) vagnsstrid och efter avsittning mycket v\u00e5ldsamt fram\u00e5t, de som kom fram dom kom fram \u2013 det \u00e4r blod och d\u00f6d runtomkring dig efter ett s\u00e5dant anfall och dom gick lika ofta helt \u00e5t helskotta som dom gick bra.<\/p>\n\n\n\n<p>Inte helt s\u00e4llan blev det ett \u201dryskt anfall\u201d av v\u00e5ra v\u00e5ldsamma f\u00f6rs\u00f6k d\u00e4r hela f\u00e4ltet stod fullt med blinkande orange saftblandare och en bataljonschef som stod och gr\u00e4t i en skogsdunge \u00f6ver att bataljonen slagits ut en kilometer innan anfallsm\u00e5let.<\/p>\n\n\n\n<p>Allt \u00e4r r\u00f6rigt, d\u00f6dligt, komplicerat och verkligen sk1tsv\u00e5rt \u2013 efter full v\u00e4rnplikt p\u00e5 slut\u00f6vning var det fortfarande sv\u00e5rt.<\/p>\n\n\n\n<p>2023 diskuterade vi i omg\u00e5ngar att 3rd Assault eller 12th NG (minns inte vilken) rensade ryska v\u00e4rn med pluton i f\u00f6rsvar och d\u00e4r dom sj\u00e4lva anf\u00f6ll med en grupp.<\/p>\n\n\n\n<p>Dom hade dr\u00f6narledning hela v\u00e4gen, viss indirekt eld och tog s\u00e4llan mer \u00e4n n\u00e5n s\u00e5rad. Jag f\u00f6ll av stolen n\u00e4r ledningen sa \u201dryskt motanfall p\u00e5 ing\u00e5ng fr\u00e5n \u00f6st, g\u00e5 i eldst\u00e4llning i v\u00e4rnet till h\u00f6ger om er\u201d. Helt sansl\u00f6st hur bra informationsl\u00e4ge dom hade.<\/p>\n\n\n\n<p>Det absolut sv\u00e5raste som finns \u00e4r att inleda det mekanfallet f\u00f6r du urlastar rakt in i r\u00f6jda skottf\u00e4lt och f\u00f6rloggade artillerim\u00e5l men d\u00e4r den livr\u00e4dde ryssj\u00e4veln naturligtvis tar fel p\u00e5 bokstav och gallskriker \u201dB\u201d ist\u00e4llet f\u00f6r \u201dA\u201d och eldst\u00f6ten missar grovt.<\/p>\n\n\n\n<p>Vi l\u00f6ste det med nedh\u00e5llande eld fr\u00e5n fordonen, 20mm akan fr\u00e5n PBV302, en snabbt formerad skyttelinje, eldst\u00f6t och sen v\u00e4ldigt mycket eld och r\u00f6relse &#8211; men k\u00f6r man fast d\u00e5 k\u00f6r man fast p\u00e5 v\u00e4rsta m\u00f6jliga plats och ens liv slutar d\u00e4r.<\/p>\n\n\n\n<p>Ryska arm\u00e9n har inte klarat av att l\u00e4ra sig detta, deras st\u00e4ndiga mekanfall som brinner och bl\u00f6der \u00e4r r\u00e4tt lika v\u00e5ra v\u00e5r\u00f6vningar nere i Sk\u00e5ne n\u00e4r man k\u00f6rde ned sig i svarta h\u00e5l.<\/p>\n\n\n\n<p>Ukraina 2023 \u201dh\u00e5ll min Samovar\u201d &#8211; dom har ingen f\u00f6rbek\u00e4mpning, ingen nedh\u00e5llande eld fr\u00e5n stridsfordonet utan b\u00f6rjar bara jobba sig fram\u00e5t direkt efter urlastningen i numer\u00e4rt underl\u00e4ge tills dom bek\u00e4mpat f\u00f6rsvarande styrka. Hurd\u00e5 undrar generationer svenskt pansarskytte f\u00f6rv\u00e5nat.<\/p>\n\n\n\n<p>Nu 2025 har dom dessutom ett livsfarligt dr\u00f6nart\u00e4cke att f\u00f6rh\u00e5lla sig till och verkar kunna anfalla i minst kompanis kanske bataljons styrka rakt in i detta dr\u00f6nart\u00e4cke och sl\u00e5 f\u00f6rsvarande ryssj\u00e4vel som d\u00e5 inte helt s\u00e4llan dessutom gr\u00e4vt ned sig i bebyggelse.<\/p>\n\n\n\n<p>Bebyggelse \u2013 det blir inte sv\u00e5rare \u00e4n s\u00e5, bortom wizard-level det h\u00e4r.<\/p>\n\n\n\n<p>Ingen veckol\u00e5ng f\u00f6rbek\u00e4mpning med artilleri, ingen nedh\u00e5llande eld, bara skyttet rakt in i anfallsm\u00e5let som p\u00e5 ren el\u00e1n p\u00e5b\u00f6rjar skyddsjakten tills det inte finns en levande ryssj\u00e4vel kvar.<\/p>\n\n\n\n<p>Sen retirerar man hurd\u00e5?<\/p>\n\n\n\n<p>Fordonen m\u00e5ste v\u00e4l fram igen och man ilastar och f\u00f6rsvinner ut rimligen?<\/p>\n\n\n\n<p>Minf\u00e4lt under framryckningen?<\/p>\n\n\n\n<p>Dr\u00f6narhotet?<\/p>\n\n\n\n<p>Ryskt f\u00f6rsvar med ksp, pansarskott, pvrobot?<\/p>\n\n\n\n<p>Inget verkar bekomma anfallande styrka och f\u00f6r att det h\u00e4r ens skall vara en taktikanpassning s\u00e5 m\u00e5ste dom ta ungef\u00e4r samma f\u00f6rluster som 2023, dvs. mycket lite f\u00f6r annars \u00e4r det bara ett desperat sj\u00e4lvmord vilket det absolut inte \u00e4r f\u00f6r det hade vi sett ryska filmer p\u00e5.<\/p>\n\n\n\n<p>Jag har gissat att m\u00e5nga av dessa anfall sker nattetid och att anfallande styrka har h\u00f6g f\u00f6rm\u00e5ga till m\u00f6rkerstrid dels med bildf\u00f6rst\u00e4rkare, goda riktmedel p\u00e5 fordonen och dr\u00f6nare med IR.<\/p>\n\n\n\n<p>2023 och v\u00e5roffensiven som skulle vara under NATOs skinande flagga blev blodig och gick \u00e5t helvete \u2013 dom k\u00f6rde fast i minf\u00e4lten och NATO gjorde allt fel vilket Ukraina fick betala dyrt f\u00f6r.<\/p>\n\n\n\n<p>Halva 2024 och 2025 har RU genom kinas f\u00f6rsorg hittat n\u00e5got som fungerar men det \u00e4r tack vare kinas digitala slagf\u00e4lt som kan leverera enormt mycket d\u00f6d p\u00e5 kort tid d\u00e5 dom f\u00e5tt ordning p\u00e5 m\u00e5ls\u00f6kning och kill-chain d\u00e4r f\u00f6rmodligen en flaskbotten-glas\u00f6gon kines sitter och multitaskar alltihop.<\/p>\n\n\n\n<p>Ryska marktrupperna \u00e4r i uruselt skick och en f\u00f6rbrukningsvara &#8211; som ammunition.<\/p>\n\n\n\n<p>Jag tror att dessa \u201dr\u00e4der\u201d \u00e4r ungef\u00e4r kompani till bataljon som f\u00e5r ett omr\u00e5de d\u00e4r uppgiften \u00e4r att bek\u00e4mpa f\u00f6rsvarande f\u00f6rband i sina olika positioner.<\/p>\n\n\n\n<p>Dom p\u00e5b\u00f6rjar operationen nattetid och \u00e4ven om dom kanske strider \u00f6ver dagtid s\u00e5 sker urn\u00e4stlingen rimligen ocks\u00e5 nattetid och man d\u00e5 har en l\u00e4ngre tid d\u00e4r man m\u00e5ste g\u00f6mma sig undan dr\u00f6narvapnet rimligen?<\/p>\n\n\n\n<p>UFA och samlingspunkter ligger bortom RU r\u00e4ckvidd f\u00f6r observation och dr\u00f6narvapen.<\/p>\n\n\n\n<p>Denna typ av krigf\u00f6ring har vi nu sett l\u00e4ngsmed alla fronter och de flesta f\u00f6rbandstyper vi gissat skulle ing\u00e5 i den offensiva strategiska reserven har loggats som stridande.<\/p>\n\n\n\n<p>Och nu till kickern \u2013 RU har inte n\u00e5got att s\u00e4tta emot alls i nul\u00e4get, ingenting, och tiden till justering \u00e4r v\u00e4l ett halv\u00e5r om vi skall g\u00e5 p\u00e5 tidigare cykler.<\/p>\n\n\n\n<p>UA har tagit Bakhmut 2023 och skalat upp det till alla fronter, och s\u00e5 h\u00e4r kan UA forts\u00e4tta \u00f6ver tid.<\/p>\n\n\n\n<p>Det \u00e4r kanske inte j\u00e4ttekul att vara f\u00f6rsvarande UA f\u00f6rband som k\u00f6rs \u00f6ver av RU med FAB och infiltrering innan motanfallet av insatsstyrkan kommer men s\u00e5 \u00e4r det tyv\u00e4rr i det verkliga livet.<\/p>\n\n\n\n<p>Kan Ukraina nu bara exportera denna nu fullt ut testade taktikanpassning till europas elitf\u00f6rband, till exempel v\u00e5r l\u00e4tta bataljon och j\u00e4garna, s\u00e5 klarar vi ocks\u00e5 av 2025 \u00e5rs krigf\u00f6ring.<\/p>\n\n\n\n<p>Skulle Europa summera upp de f\u00f6rband vi kan anv\u00e4nda f\u00f6r denna typ av krigf\u00f6ring f\u00e5r vi s\u00e4kerligen ihop 50 000 \u2013 70 000st i hela Europa &#8211; det skulle nog r\u00e4cka l\u00e5ngt.<\/p>\n\n\n\n<p>Faktum \u00e4r att Europa har mycket av allt \u2013 det \u00e4r viljan som saknats och att vi blivit fr\u00e5nk\u00f6rda i 2025 \u00e5rs krigf\u00f6ring men nu verkar vi komma ikapp.<\/p>\n\n\n\n<figure class=\"wp-block-image is-resized\"><a class=\"image-link image2 is-viewable-img\" href=\"https:\/\/substackcdn.com\/image\/fetch\/$s_!ViCM!,f_auto,q_auto:good,fl_progressive:steep\/https%3A%2F%2Fsubstack-post-media.s3.amazonaws.com%2Fpublic%2Fimages%2F79dd8b59-d5ba-4b95-b761-d4ae67f36643_828x615.jpeg\" target=\"_blank\" rel=\"noreferrer noopener\"><img decoding=\"async\" src=\"https:\/\/substackcdn.com\/image\/fetch\/$s_!ViCM!,w_1456,c_limit,f_auto,q_auto:good,fl_progressive:steep\/https%3A%2F%2Fsubstack-post-media.s3.amazonaws.com%2Fpublic%2Fimages%2F79dd8b59-d5ba-4b95-b761-d4ae67f36643_828x615.jpeg\" alt=\"\" style=\"width:350px;height:auto\"\/><\/a><\/figure>\n\n\n\n<p>V\u00e5ra mekbrigader kan h\u00e5llas tillbaka och vi strider ukraina-style ist\u00e4llet s\u00e5 vi slipper en brinnande och bl\u00f6dande mekbrigad med garanterad misstroendevotering f\u00f6r den sittande regering som hade oturen att \u00e4ga den.<\/p>\n\n\n\n<p>Rikst\u00f6ntarna i USA som hyllar sina slag i Falluja som stora segrar sk\u00f6tte sig uruselt och d\u00e5 var det marink\u00e5ren mot d\u00e5ligt bev\u00e4pnade miliser och d\u00e4r dom hade alla indirekta f\u00f6rm\u00e5gor p\u00e5 kortnummer.<\/p>\n\n\n\n<p>Det h\u00e4r \u00e4r n\u00e5got snudd p\u00e5 unikt och kan Europa bara l\u00e4ra sig detta blir vi ocks\u00e5 od\u00f6dliga VIKINGAR.<\/p>\n\n\n\n<p>Den nordiske vikingen parat med den sangriadrickande sl\u00f6e manana-portugisen kommer ta sig genom Ryssland p\u00e5 denna v\u00e5g av \u00f6verv\u00e5ld och inte stanna innan Vladivostok.<\/p>\n\n\n\n<p>D\u00e4r vi bor i Portugal har dom n\u00e5got f\u00f6rband inom flygvapnet i n\u00e4romr\u00e5det och ibland springer dom igenom staden i en l\u00e5ng orm och sjunger p\u00e5 ett spr\u00e5k ingen vettig m\u00e4nniska f\u00f6rst\u00e5r alls \u2013 dom \u00e4r r\u00e4tt v\u00e4ltr\u00e4nade s\u00e5 det d\u00e4r med att dom dricker sangria till lunch och sen halvsover sig igenom hela eftermiddagen med produktivitet noll g\u00e4ller uppenbarligen inte hela landet utan en eller tv\u00e5 har lite mer energi i sig \u00e4n s\u00e5 \u2013 det har jag sett med egna \u00f6gon s\u00e5 ni kan ta det f\u00f6r sanning.<\/p>\n\n\n\n<p>Jag tror Europa nu g\u00f6r r\u00e4tt och jag tror inte att Ukraina kommer kollapsa i ett moln av amerikanskt f\u00f6rr\u00e4deri \u00e4ven om man f\u00e5r ge Trump och USA A++ f\u00f6r friskt v\u00e5gat h\u00e4lften vunnet-mentaliteten dom tar sig fram p\u00e5.<\/p>\n\n\n\n<p>Det europeiska lejonet har s\u00e5 sm\u00e5tt b\u00f6rjat vakna ur sin vinters\u00f6mn och man undrar lite stilla om trojkan p\u00e5 andra sidan verkligen \u00e4r heln\u00f6jda \u00f6ver det \ud83e\udd23\ud83e\udd23\ud83e\udd23<\/p>\n\n\n\n<p>Katten \u00e4r ute ur sopp\u00e5sen rej\u00e4lt nu \u2013 Merz s\u00e4ger i klartext att \u201dvissa\u201d i USAs administration personligen blir rika p\u00e5 att offra ukrainska barn, alla vet nog vem \u201dvissa\u201d \u00e4r.<\/p>\n\n\n\n<figure class=\"wp-block-image is-resized\"><a class=\"image-link image2 is-viewable-img\" href=\"https:\/\/substackcdn.com\/image\/fetch\/$s_!DBVX!,f_auto,q_auto:good,fl_progressive:steep\/https%3A%2F%2Fsubstack-post-media.s3.amazonaws.com%2Fpublic%2Fimages%2Fd4383ee0-98d1-4ee9-8425-92d6e4707ecf_828x1282.jpeg\" target=\"_blank\" rel=\"noreferrer noopener\"><img decoding=\"async\" src=\"https:\/\/substackcdn.com\/image\/fetch\/$s_!DBVX!,w_1456,c_limit,f_auto,q_auto:good,fl_progressive:steep\/https%3A%2F%2Fsubstack-post-media.s3.amazonaws.com%2Fpublic%2Fimages%2Fd4383ee0-98d1-4ee9-8425-92d6e4707ecf_828x1282.jpeg\" alt=\"\" style=\"aspect-ratio:0.6458750520451256;width:426px;height:auto\"\/><\/a><\/figure>\n\n\n\n<p>Och det \u00e4r en illa dold hemlighet att USA med alla medel f\u00f6rs\u00f6ker f\u00e5 Europa att \u00e5terl\u00e4mna de f\u00f6rverkade ryska kriminella pengarna till Putin \u2013 den h\u00e4r fredsf\u00f6rhandlingen med opartiska f\u00f6rhandlare fr\u00e5n USA b\u00f6rjar bli lite l\u00e4tt kantst\u00f6tt.<\/p>\n\n\n\n<p>I ord \u00e4r vi ju snudd p\u00e5 framme vid k\u00e4rnvapenkrig i retoriken nu n\u00e4r vi \u00f6ppet kallar Trump en hal bilf\u00f6rs\u00e4ljare som fuskar med vatten i bensinen.<\/p>\n\n\n\n<p>Handling kommer v\u00e4l och vi f\u00e5r hoppas att Ryssland inte m\u00f6rdar n\u00e5gon\/n\u00e5gra, jag tror att dom t\u00e4nkte ta ut Zelensky p\u00e5 Irland s\u00e5 som det presenterades men dom slarvade bort den \u00f6ppningen.<\/p>\n\n\n\n<p>Antingen attackera flygplanet under inflygningen eller en FPV p\u00e5 Zelensky n\u00e4r han gled nedf\u00f6r trappan.<\/p>\n\n\n\n<p><a href=\"https:\/\/www.cbsnews.com\/news\/ireland-russia-drone-ukraine-zelenskyy\">https:\/\/www.cbsnews.com\/news\/ireland-russia-drone-ukraine-zelenskyy<\/a><\/p>\n\n\n\n<p>Slutar v\u00e4l med att Trump tvingas kalla till ett m\u00f6te s\u00e5 GRU har tid och plats f\u00f6r en prickskytt&#8230;<\/p>\n\n\n\n<p>Macron var i Kina men jag vet inte exakt hur det gick \u2013 b\u00e4va m\u00e5nde Kina snart ocks\u00e5 precis som USA och Ryssland s\u00e5 sm\u00e5tt b\u00f6rjar f\u00e5 en sjunkande k\u00e4nsla i magtrakten av att se Europa hitta sin mycket v\u00e4l undang\u00f6mda el\u00e1n och dessutom tillr\u00e4ckligt m\u00e5nga fr\u00e5gor man kan enas kring f\u00f6r att hotet skall bli mycket stort och akut f\u00f6r alla andra.<\/p>\n\n\n\n<p>Game on \u2013 jag b\u00f6rjar bli riktigt upp\u00e5t av att se Europa s\u00e5 sakteliga b\u00f6rja resa sig upp och g\u00f6ra n\u00e5gra l\u00e5ngsamma kator och yxansparkar i luften.<\/p>\n\n\n\n<p>\u00c5terkommer till denna deja-vu d\u00e5 vi haft den tidigare i n\u00e4sta inl\u00e4gg.<\/p>\n","protected":false},"excerpt":{"rendered":"<p>Det h\u00e4r b\u00f6rjar verkligen arta sig s\u00e5 n\u00e4r som p\u00e5 att Belgien till sist hittade sin inre proryska landsf\u00f6rr\u00e4dare och [&hellip;]<\/p>\n","protected":false},"author":3,"featured_media":0,"comment_status":"open","ping_status":"open","sticky":false,"template":"","format":"standard","meta":{"site-sidebar-layout":"default","site-content-layout":"","ast-site-content-layout":"default","site-content-style":"default","site-sidebar-style":"default","ast-global-header-display":"","ast-banner-title-visibility":"","ast-main-header-display":"","ast-hfb-above-header-display":"","ast-hfb-below-header-display":"","ast-hfb-mobile-header-display":"","site-post-title":"","ast-breadcrumbs-content":"","ast-featured-img":"","footer-sml-layout":"","ast-disable-related-posts":"","theme-transparent-header-meta":"","adv-header-id-meta":"","stick-header-meta":"","header-above-stick-meta":"","header-main-stick-meta":"","header-below-stick-meta":"","astra-migrate-meta-layouts":"default","ast-page-background-enabled":"default","ast-page-background-meta":{"desktop":{"background-color":"var(--ast-global-color-4)","background-image":"","background-repeat":"repeat","background-position":"center center","background-size":"auto","background-attachment":"scroll","background-type":"","background-media":"","overlay-type":"","overlay-color":"","overlay-opacity":"","overlay-gradient":""},"tablet":{"background-color":"","background-image":"","background-repeat":"repeat","background-position":"center center","background-size":"auto","background-attachment":"scroll","background-type":"","background-media":"","overlay-type":"","overlay-color":"","overlay-opacity":"","overlay-gradient":""},"mobile":{"background-color":"","background-image":"","background-repeat":"repeat","background-position":"center center","background-size":"auto","background-attachment":"scroll","background-type":"","background-media":"","overlay-type":"","overlay-color":"","overlay-opacity":"","overlay-gradient":""}},"ast-content-background-meta":{"desktop":{"background-color":"var(--ast-global-color-5)","background-image":"","background-repeat":"repeat","background-position":"center center","background-size":"auto","background-attachment":"scroll","background-type":"","background-media":"","overlay-type":"","overlay-color":"","overlay-opacity":"","overlay-gradient":""},"tablet":{"background-color":"var(--ast-global-color-5)","background-image":"","background-repeat":"repeat","background-position":"center center","background-size":"auto","background-attachment":"scroll","background-type":"","background-media":"","overlay-type":"","overlay-color":"","overlay-opacity":"","overlay-gradient":""},"mobile":{"background-color":"var(--ast-global-color-5)","background-image":"","background-repeat":"repeat","background-position":"center center","background-size":"auto","background-attachment":"scroll","background-type":"","background-media":"","overlay-type":"","overlay-color":"","overlay-opacity":"","overlay-gradient":""}},"footnotes":""},"categories":[18],"tags":[],"class_list":["post-3466","post","type-post","status-publish","format-standard","hentry","category-ukraina"],"yoast_head":"<!-- This site is optimized with the Yoast SEO plugin v27.4 - https:\/\/yoast.com\/product\/yoast-seo-wordpress\/ -->\n<title>Ukraina daglig uppdatering 8 December 2025 -<\/title>\n<meta name=\"robots\" content=\"index, follow, max-snippet:-1, max-image-preview:large, max-video-preview:-1\" \/>\n<link rel=\"canonical\" href=\"https:\/\/johanno1.se\/sv\/ukraina-daglig-uppdatering-8-december-2025\/\" \/>\n<meta property=\"og:locale\" content=\"sv_SE\" \/>\n<meta property=\"og:type\" content=\"article\" \/>\n<meta property=\"og:title\" content=\"Ukraina daglig uppdatering 8 December 2025 -\" \/>\n<meta property=\"og:description\" content=\"Det h\u00e4r b\u00f6rjar verkligen arta sig s\u00e5 n\u00e4r som p\u00e5 att Belgien till sist hittade sin inre proryska landsf\u00f6rr\u00e4dare och [&hellip;]\" \/>\n<meta property=\"og:url\" content=\"https:\/\/johanno1.se\/sv\/ukraina-daglig-uppdatering-8-december-2025\/\" \/>\n<meta property=\"og:site_name\" content=\"Johan No.1\" \/>\n<meta property=\"article:published_time\" content=\"2025-12-08T06:01:00+00:00\" \/>\n<meta property=\"article:modified_time\" content=\"2025-12-08T20:14:50+00:00\" \/>\n<meta property=\"og:image\" content=\"https:\/\/substackcdn.com\/image\/fetch\/$s_!ll7Z!,w_1456,c_limit,f_auto,q_auto:good,fl_progressive:steep\/https%3A%2F%2Fsubstack-post-media.s3.amazonaws.com%2Fpublic%2Fimages%2Fe7e1e1a5-21a6-4a0a-a11b-d7a6bfe8b032_828x1190.jpeg\" \/>\n<meta name=\"author\" content=\"johan No.1\" \/>\n<meta name=\"twitter:card\" content=\"summary_large_image\" \/>\n<meta name=\"twitter:label1\" content=\"Skriven av\" \/>\n\t<meta name=\"twitter:data1\" content=\"johan No.1\" \/>\n\t<meta name=\"twitter:label2\" content=\"Ber\u00e4knad l\u00e4stid\" \/>\n\t<meta name=\"twitter:data2\" content=\"12 minuter\" \/>\n<script type=\"application\/ld+json\" class=\"yoast-schema-graph\">{\"@context\":\"https:\\\/\\\/schema.org\",\"@graph\":[{\"@type\":\"Article\",\"@id\":\"https:\\\/\\\/johanno1.se\\\/sv\\\/ukraina-daglig-uppdatering-8-december-2025\\\/#article\",\"isPartOf\":{\"@id\":\"https:\\\/\\\/johanno1.se\\\/sv\\\/ukraina-daglig-uppdatering-8-december-2025\\\/\"},\"author\":{\"name\":\"johan No.1\",\"@id\":\"https:\\\/\\\/johanno1.se\\\/sv\\\/#\\\/schema\\\/person\\\/1dec165f070bde263b30eaf3c0a742e7\"},\"headline\":\"Ukraina daglig uppdatering 8 December 2025\",\"datePublished\":\"2025-12-08T06:01:00+00:00\",\"dateModified\":\"2025-12-08T20:14:50+00:00\",\"mainEntityOfPage\":{\"@id\":\"https:\\\/\\\/johanno1.se\\\/sv\\\/ukraina-daglig-uppdatering-8-december-2025\\\/\"},\"wordCount\":2527,\"commentCount\":45,\"publisher\":{\"@id\":\"https:\\\/\\\/johanno1.se\\\/sv\\\/#organization\"},\"image\":{\"@id\":\"https:\\\/\\\/johanno1.se\\\/sv\\\/ukraina-daglig-uppdatering-8-december-2025\\\/#primaryimage\"},\"thumbnailUrl\":\"https:\\\/\\\/substackcdn.com\\\/image\\\/fetch\\\/$s_!ll7Z!,w_1456,c_limit,f_auto,q_auto:good,fl_progressive:steep\\\/https%3A%2F%2Fsubstack-post-media.s3.amazonaws.com%2Fpublic%2Fimages%2Fe7e1e1a5-21a6-4a0a-a11b-d7a6bfe8b032_828x1190.jpeg\",\"articleSection\":[\"Kriget i Ukraina\"],\"inLanguage\":\"sv-SE\",\"potentialAction\":[{\"@type\":\"CommentAction\",\"name\":\"Comment\",\"target\":[\"https:\\\/\\\/johanno1.se\\\/sv\\\/ukraina-daglig-uppdatering-8-december-2025\\\/#respond\"]}]},{\"@type\":\"WebPage\",\"@id\":\"https:\\\/\\\/johanno1.se\\\/sv\\\/ukraina-daglig-uppdatering-8-december-2025\\\/\",\"url\":\"https:\\\/\\\/johanno1.se\\\/sv\\\/ukraina-daglig-uppdatering-8-december-2025\\\/\",\"name\":\"Ukraina daglig uppdatering 8 December 2025 -\",\"isPartOf\":{\"@id\":\"https:\\\/\\\/johanno1.se\\\/sv\\\/#website\"},\"primaryImageOfPage\":{\"@id\":\"https:\\\/\\\/johanno1.se\\\/sv\\\/ukraina-daglig-uppdatering-8-december-2025\\\/#primaryimage\"},\"image\":{\"@id\":\"https:\\\/\\\/johanno1.se\\\/sv\\\/ukraina-daglig-uppdatering-8-december-2025\\\/#primaryimage\"},\"thumbnailUrl\":\"https:\\\/\\\/substackcdn.com\\\/image\\\/fetch\\\/$s_!ll7Z!,w_1456,c_limit,f_auto,q_auto:good,fl_progressive:steep\\\/https%3A%2F%2Fsubstack-post-media.s3.amazonaws.com%2Fpublic%2Fimages%2Fe7e1e1a5-21a6-4a0a-a11b-d7a6bfe8b032_828x1190.jpeg\",\"datePublished\":\"2025-12-08T06:01:00+00:00\",\"dateModified\":\"2025-12-08T20:14:50+00:00\",\"breadcrumb\":{\"@id\":\"https:\\\/\\\/johanno1.se\\\/sv\\\/ukraina-daglig-uppdatering-8-december-2025\\\/#breadcrumb\"},\"inLanguage\":\"sv-SE\",\"potentialAction\":[{\"@type\":\"ReadAction\",\"target\":[\"https:\\\/\\\/johanno1.se\\\/sv\\\/ukraina-daglig-uppdatering-8-december-2025\\\/\"]}]},{\"@type\":\"ImageObject\",\"inLanguage\":\"sv-SE\",\"@id\":\"https:\\\/\\\/johanno1.se\\\/sv\\\/ukraina-daglig-uppdatering-8-december-2025\\\/#primaryimage\",\"url\":\"https:\\\/\\\/substackcdn.com\\\/image\\\/fetch\\\/$s_!ll7Z!,w_1456,c_limit,f_auto,q_auto:good,fl_progressive:steep\\\/https%3A%2F%2Fsubstack-post-media.s3.amazonaws.com%2Fpublic%2Fimages%2Fe7e1e1a5-21a6-4a0a-a11b-d7a6bfe8b032_828x1190.jpeg\",\"contentUrl\":\"https:\\\/\\\/substackcdn.com\\\/image\\\/fetch\\\/$s_!ll7Z!,w_1456,c_limit,f_auto,q_auto:good,fl_progressive:steep\\\/https%3A%2F%2Fsubstack-post-media.s3.amazonaws.com%2Fpublic%2Fimages%2Fe7e1e1a5-21a6-4a0a-a11b-d7a6bfe8b032_828x1190.jpeg\"},{\"@type\":\"BreadcrumbList\",\"@id\":\"https:\\\/\\\/johanno1.se\\\/sv\\\/ukraina-daglig-uppdatering-8-december-2025\\\/#breadcrumb\",\"itemListElement\":[{\"@type\":\"ListItem\",\"position\":1,\"name\":\"Hem\",\"item\":\"https:\\\/\\\/johanno1.se\\\/sv\\\/\"},{\"@type\":\"ListItem\",\"position\":2,\"name\":\"Ukraina daglig uppdatering 8 December 2025\"}]},{\"@type\":\"WebSite\",\"@id\":\"https:\\\/\\\/johanno1.se\\\/sv\\\/#website\",\"url\":\"https:\\\/\\\/johanno1.se\\\/sv\\\/\",\"name\":\"Johan No.1\",\"description\":\"Kriget i Ukraina - V\u00e4rldsledande omv\u00e4rldsanalys fr\u00e5n Svensksund till den ryska brakf\u00f6rlusten i Ukraina\",\"publisher\":{\"@id\":\"https:\\\/\\\/johanno1.se\\\/sv\\\/#organization\"},\"potentialAction\":[{\"@type\":\"SearchAction\",\"target\":{\"@type\":\"EntryPoint\",\"urlTemplate\":\"https:\\\/\\\/johanno1.se\\\/sv\\\/?s={search_term_string}\"},\"query-input\":{\"@type\":\"PropertyValueSpecification\",\"valueRequired\":true,\"valueName\":\"search_term_string\"}}],\"inLanguage\":\"sv-SE\"},{\"@type\":\"Organization\",\"@id\":\"https:\\\/\\\/johanno1.se\\\/sv\\\/#organization\",\"name\":\"Johan No. 1\",\"url\":\"https:\\\/\\\/johanno1.se\\\/sv\\\/\",\"logo\":{\"@type\":\"ImageObject\",\"inLanguage\":\"sv-SE\",\"@id\":\"https:\\\/\\\/johanno1.se\\\/sv\\\/#\\\/schema\\\/logo\\\/image\\\/\",\"url\":\"https:\\\/\\\/johanno1.se\\\/wp-content\\\/uploads\\\/2025\\\/03\\\/cropped-No1-Logo.png\",\"contentUrl\":\"https:\\\/\\\/johanno1.se\\\/wp-content\\\/uploads\\\/2025\\\/03\\\/cropped-No1-Logo.png\",\"width\":512,\"height\":512,\"caption\":\"Johan No. 1\"},\"image\":{\"@id\":\"https:\\\/\\\/johanno1.se\\\/sv\\\/#\\\/schema\\\/logo\\\/image\\\/\"}},{\"@type\":\"Person\",\"@id\":\"https:\\\/\\\/johanno1.se\\\/sv\\\/#\\\/schema\\\/person\\\/1dec165f070bde263b30eaf3c0a742e7\",\"name\":\"johan No.1\",\"image\":{\"@type\":\"ImageObject\",\"inLanguage\":\"sv-SE\",\"@id\":\"https:\\\/\\\/secure.gravatar.com\\\/avatar\\\/06f93864ed6b830e2782e60575fff112f1c61c52bb10b194131e0e333191695b?s=96&d=mm&r=g\",\"url\":\"https:\\\/\\\/secure.gravatar.com\\\/avatar\\\/06f93864ed6b830e2782e60575fff112f1c61c52bb10b194131e0e333191695b?s=96&d=mm&r=g\",\"contentUrl\":\"https:\\\/\\\/secure.gravatar.com\\\/avatar\\\/06f93864ed6b830e2782e60575fff112f1c61c52bb10b194131e0e333191695b?s=96&d=mm&r=g\",\"caption\":\"johan No.1\"},\"url\":\"https:\\\/\\\/johanno1.se\\\/sv\\\/author\\\/johan\\\/\"}]}<\/script>\n<!-- \/ Yoast SEO plugin. -->","yoast_head_json":{"title":"Ukraina daglig uppdatering 8 December 2025 -","robots":{"index":"index","follow":"follow","max-snippet":"max-snippet:-1","max-image-preview":"max-image-preview:large","max-video-preview":"max-video-preview:-1"},"canonical":"https:\/\/johanno1.se\/sv\/ukraina-daglig-uppdatering-8-december-2025\/","og_locale":"sv_SE","og_type":"article","og_title":"Ukraina daglig uppdatering 8 December 2025 -","og_description":"Det h\u00e4r b\u00f6rjar verkligen arta sig s\u00e5 n\u00e4r som p\u00e5 att Belgien till sist hittade sin inre proryska landsf\u00f6rr\u00e4dare och [&hellip;]","og_url":"https:\/\/johanno1.se\/sv\/ukraina-daglig-uppdatering-8-december-2025\/","og_site_name":"Johan No.1","article_published_time":"2025-12-08T06:01:00+00:00","article_modified_time":"2025-12-08T20:14:50+00:00","og_image":[{"url":"https:\/\/substackcdn.com\/image\/fetch\/$s_!ll7Z!,w_1456,c_limit,f_auto,q_auto:good,fl_progressive:steep\/https%3A%2F%2Fsubstack-post-media.s3.amazonaws.com%2Fpublic%2Fimages%2Fe7e1e1a5-21a6-4a0a-a11b-d7a6bfe8b032_828x1190.jpeg","type":"","width":"","height":""}],"author":"johan No.1","twitter_card":"summary_large_image","twitter_misc":{"Skriven av":"johan No.1","Ber\u00e4knad l\u00e4stid":"12 minuter"},"schema":{"@context":"https:\/\/schema.org","@graph":[{"@type":"Article","@id":"https:\/\/johanno1.se\/sv\/ukraina-daglig-uppdatering-8-december-2025\/#article","isPartOf":{"@id":"https:\/\/johanno1.se\/sv\/ukraina-daglig-uppdatering-8-december-2025\/"},"author":{"name":"johan No.1","@id":"https:\/\/johanno1.se\/sv\/#\/schema\/person\/1dec165f070bde263b30eaf3c0a742e7"},"headline":"Ukraina daglig uppdatering 8 December 2025","datePublished":"2025-12-08T06:01:00+00:00","dateModified":"2025-12-08T20:14:50+00:00","mainEntityOfPage":{"@id":"https:\/\/johanno1.se\/sv\/ukraina-daglig-uppdatering-8-december-2025\/"},"wordCount":2527,"commentCount":45,"publisher":{"@id":"https:\/\/johanno1.se\/sv\/#organization"},"image":{"@id":"https:\/\/johanno1.se\/sv\/ukraina-daglig-uppdatering-8-december-2025\/#primaryimage"},"thumbnailUrl":"https:\/\/substackcdn.com\/image\/fetch\/$s_!ll7Z!,w_1456,c_limit,f_auto,q_auto:good,fl_progressive:steep\/https%3A%2F%2Fsubstack-post-media.s3.amazonaws.com%2Fpublic%2Fimages%2Fe7e1e1a5-21a6-4a0a-a11b-d7a6bfe8b032_828x1190.jpeg","articleSection":["Kriget i Ukraina"],"inLanguage":"sv-SE","potentialAction":[{"@type":"CommentAction","name":"Comment","target":["https:\/\/johanno1.se\/sv\/ukraina-daglig-uppdatering-8-december-2025\/#respond"]}]},{"@type":"WebPage","@id":"https:\/\/johanno1.se\/sv\/ukraina-daglig-uppdatering-8-december-2025\/","url":"https:\/\/johanno1.se\/sv\/ukraina-daglig-uppdatering-8-december-2025\/","name":"Ukraina daglig uppdatering 8 December 2025 -","isPartOf":{"@id":"https:\/\/johanno1.se\/sv\/#website"},"primaryImageOfPage":{"@id":"https:\/\/johanno1.se\/sv\/ukraina-daglig-uppdatering-8-december-2025\/#primaryimage"},"image":{"@id":"https:\/\/johanno1.se\/sv\/ukraina-daglig-uppdatering-8-december-2025\/#primaryimage"},"thumbnailUrl":"https:\/\/substackcdn.com\/image\/fetch\/$s_!ll7Z!,w_1456,c_limit,f_auto,q_auto:good,fl_progressive:steep\/https%3A%2F%2Fsubstack-post-media.s3.amazonaws.com%2Fpublic%2Fimages%2Fe7e1e1a5-21a6-4a0a-a11b-d7a6bfe8b032_828x1190.jpeg","datePublished":"2025-12-08T06:01:00+00:00","dateModified":"2025-12-08T20:14:50+00:00","breadcrumb":{"@id":"https:\/\/johanno1.se\/sv\/ukraina-daglig-uppdatering-8-december-2025\/#breadcrumb"},"inLanguage":"sv-SE","potentialAction":[{"@type":"ReadAction","target":["https:\/\/johanno1.se\/sv\/ukraina-daglig-uppdatering-8-december-2025\/"]}]},{"@type":"ImageObject","inLanguage":"sv-SE","@id":"https:\/\/johanno1.se\/sv\/ukraina-daglig-uppdatering-8-december-2025\/#primaryimage","url":"https:\/\/substackcdn.com\/image\/fetch\/$s_!ll7Z!,w_1456,c_limit,f_auto,q_auto:good,fl_progressive:steep\/https%3A%2F%2Fsubstack-post-media.s3.amazonaws.com%2Fpublic%2Fimages%2Fe7e1e1a5-21a6-4a0a-a11b-d7a6bfe8b032_828x1190.jpeg","contentUrl":"https:\/\/substackcdn.com\/image\/fetch\/$s_!ll7Z!,w_1456,c_limit,f_auto,q_auto:good,fl_progressive:steep\/https%3A%2F%2Fsubstack-post-media.s3.amazonaws.com%2Fpublic%2Fimages%2Fe7e1e1a5-21a6-4a0a-a11b-d7a6bfe8b032_828x1190.jpeg"},{"@type":"BreadcrumbList","@id":"https:\/\/johanno1.se\/sv\/ukraina-daglig-uppdatering-8-december-2025\/#breadcrumb","itemListElement":[{"@type":"ListItem","position":1,"name":"Hem","item":"https:\/\/johanno1.se\/sv\/"},{"@type":"ListItem","position":2,"name":"Ukraina daglig uppdatering 8 December 2025"}]},{"@type":"WebSite","@id":"https:\/\/johanno1.se\/sv\/#website","url":"https:\/\/johanno1.se\/sv\/","name":"Johan No.1","description":"Kriget i Ukraina - V\u00e4rldsledande omv\u00e4rldsanalys fr\u00e5n Svensksund till den ryska brakf\u00f6rlusten i Ukraina","publisher":{"@id":"https:\/\/johanno1.se\/sv\/#organization"},"potentialAction":[{"@type":"SearchAction","target":{"@type":"EntryPoint","urlTemplate":"https:\/\/johanno1.se\/sv\/?s={search_term_string}"},"query-input":{"@type":"PropertyValueSpecification","valueRequired":true,"valueName":"search_term_string"}}],"inLanguage":"sv-SE"},{"@type":"Organization","@id":"https:\/\/johanno1.se\/sv\/#organization","name":"Johan No. 1","url":"https:\/\/johanno1.se\/sv\/","logo":{"@type":"ImageObject","inLanguage":"sv-SE","@id":"https:\/\/johanno1.se\/sv\/#\/schema\/logo\/image\/","url":"https:\/\/johanno1.se\/wp-content\/uploads\/2025\/03\/cropped-No1-Logo.png","contentUrl":"https:\/\/johanno1.se\/wp-content\/uploads\/2025\/03\/cropped-No1-Logo.png","width":512,"height":512,"caption":"Johan No. 1"},"image":{"@id":"https:\/\/johanno1.se\/sv\/#\/schema\/logo\/image\/"}},{"@type":"Person","@id":"https:\/\/johanno1.se\/sv\/#\/schema\/person\/1dec165f070bde263b30eaf3c0a742e7","name":"johan No.1","image":{"@type":"ImageObject","inLanguage":"sv-SE","@id":"https:\/\/secure.gravatar.com\/avatar\/06f93864ed6b830e2782e60575fff112f1c61c52bb10b194131e0e333191695b?s=96&d=mm&r=g","url":"https:\/\/secure.gravatar.com\/avatar\/06f93864ed6b830e2782e60575fff112f1c61c52bb10b194131e0e333191695b?s=96&d=mm&r=g","contentUrl":"https:\/\/secure.gravatar.com\/avatar\/06f93864ed6b830e2782e60575fff112f1c61c52bb10b194131e0e333191695b?s=96&d=mm&r=g","caption":"johan No.1"},"url":"https:\/\/johanno1.se\/sv\/author\/johan\/"}]}},"_links":{"self":[{"href":"https:\/\/johanno1.se\/sv\/wp-json\/wp\/v2\/posts\/3466","targetHints":{"allow":["GET"]}}],"collection":[{"href":"https:\/\/johanno1.se\/sv\/wp-json\/wp\/v2\/posts"}],"about":[{"href":"https:\/\/johanno1.se\/sv\/wp-json\/wp\/v2\/types\/post"}],"author":[{"embeddable":true,"href":"https:\/\/johanno1.se\/sv\/wp-json\/wp\/v2\/users\/3"}],"replies":[{"embeddable":true,"href":"https:\/\/johanno1.se\/sv\/wp-json\/wp\/v2\/comments?post=3466"}],"version-history":[{"count":1,"href":"https:\/\/johanno1.se\/sv\/wp-json\/wp\/v2\/posts\/3466\/revisions"}],"predecessor-version":[{"id":3467,"href":"https:\/\/johanno1.se\/sv\/wp-json\/wp\/v2\/posts\/3466\/revisions\/3467"}],"wp:attachment":[{"href":"https:\/\/johanno1.se\/sv\/wp-json\/wp\/v2\/media?parent=3466"}],"wp:term":[{"taxonomy":"category","embeddable":true,"href":"https:\/\/johanno1.se\/sv\/wp-json\/wp\/v2\/categories?post=3466"},{"taxonomy":"post_tag","embeddable":true,"href":"https:\/\/johanno1.se\/sv\/wp-json\/wp\/v2\/tags?post=3466"}],"curies":[{"name":"wp","href":"https:\/\/api.w.org\/{rel}","templated":true}]}}