{"id":347,"date":"2025-02-20T07:01:00","date_gmt":"2025-02-20T06:01:00","guid":{"rendered":"https:\/\/johanno1.se\/?p=347"},"modified":"2025-05-25T14:21:46","modified_gmt":"2025-05-25T12:21:46","slug":"ukraina-daglig-uppdatering-20-februari-2025","status":"publish","type":"post","link":"https:\/\/johanno1.se\/sv\/ukraina-daglig-uppdatering-20-februari-2025\/","title":{"rendered":"Ukraina daglig uppdatering 20 Februari 2025"},"content":{"rendered":"\n<p>Uppdatering<\/p>\n\n\n\n<figure class=\"wp-block-image is-resized\"><a href=\"https:\/\/substackcdn.com\/image\/fetch\/f_auto,q_auto:good,fl_progressive:steep\/https%3A%2F%2Fsubstack-post-media.s3.amazonaws.com%2Fpublic%2Fimages%2F25d45a6d-878a-4d1b-82af-f56d3803204f_672x436.png\" target=\"_blank\" rel=\"noreferrer noopener\"><img decoding=\"async\" src=\"https:\/\/substackcdn.com\/image\/fetch\/w_1456,c_limit,f_auto,q_auto:good,fl_progressive:steep\/https%3A%2F%2Fsubstack-post-media.s3.amazonaws.com%2Fpublic%2Fimages%2F25d45a6d-878a-4d1b-82af-f56d3803204f_672x436.png\" alt=\"\" style=\"width:385px;height:auto\"\/><\/a><\/figure>\n\n\n\n<p>Dagens frontrapport fr\u00e5n Deepstatmap var ju ingen upplyftande l\u00e4sning direkt. Det \u00e4r fortfarande min h\u00f6gst starka \u00e5sikt att v\u00e4st, USA och EU, spelat med EXTREMT h\u00f6g risk n\u00e4r dom h\u00e5llit Ukraina i tyglarna hela kriget och att v\u00e4rsta-scenariot som ju \u00e4r frontkollaps \u00e4r n\u00e5got dom inte ens f\u00f6rst\u00e5tt.<\/p>\n\n\n\n<p>Jag misst\u00e4nker att dom trott att v\u00e4rstascenariot skulle bli f\u00f6rhandling f\u00f6r det var UA som v\u00e4grade f\u00f6rhandla \u2013 l\u00e4ttlurade \u00e4r dom ocks\u00e5.<\/p>\n\n\n\n<p>Jag vill ocks\u00e5 p\u00e5st\u00e5 att EU haft absolut snortur h\u00e4r att det \u00e4r Ukraina som st\u00e5tt emellan oss och Ryssland. EU vill ju g\u00e4rna byta ut detta till att det \u00e4r v\u00e5rt st\u00f6d och genialiska allt som g\u00f6r att kriget g\u00e5r v\u00e4gen men det \u00e4r n\u00e5gra hundratusen skytte i \u00f6stra Ukraina som v\u00e4grar ge med sig som \u00e4r 100% sk\u00e4let till att vi \u00e4r d\u00e4r vi \u00e4r idag.<\/p>\n\n\n\n<p>Vi b\u00f6rjar med Trump och sen vill jag nyansera Kina lite.<\/p>\n\n\n\n<p>Ig\u00e5r h\u00f6rde vi Trump p\u00e5 r\u00f6rlig bild s\u00e4ga att f\u00f6r att det skall bli n\u00e5gra vidare fredsf\u00f6rhandlingar s\u00e5 m\u00e5ste det till ett nyval i Ukraina.<\/p>\n\n\n\n<p><a href=\"https:\/\/embed.bsky.app\/embed\/did:plc:oyzatboanf3omf2eievuwzwd\/app.bsky.feed.post\/3liiazl3c622l?id=8286378500101319\">https:\/\/embed.bsky.app\/embed\/did:plc:oyzatboanf3omf2eievuwzwd\/app.bsky.feed.post\/3liiazl3c622l?id=8286378500101319<\/a><\/p>\n\n\n\n<p>Alla som har n\u00e5gorlunda koll p\u00e5 detta vet att Ryssland \u00e4r djupt inne i det ukrainska civilsamh\u00e4llet och att ett nyval kommer kasta ned landet i kaos \u2013 det \u00e4r som n\u00e5got geni skrev p\u00e5 Bluesky det enklaste s\u00e4ttet f\u00f6r Putin att vinna utan att beh\u00f6va anstr\u00e4nga sig.<\/p>\n\n\n\n<p>H\u00f6rde ni Trump kr\u00e4va nyval i Ryssland?<\/p>\n\n\n\n<p>Jag vill som sagt v\u00e4nta p\u00e5 \u2013<\/p>\n\n\n\n<p>-Trump lutar sig tillbaka och \u00e4r n\u00f6jd \u00f6ver att Ukraina g\u00e5r fram\u00e5t och EU \u00f6kar st\u00f6det.<\/p>\n\n\n\n<p>-Trump anklagar EU f\u00f6r att vilja ha mer krig och att Ukraina inte vill ha fred.<\/p>\n\n\n\n<p>Kommer om max n\u00e5gra veckor.<\/p>\n\n\n\n<p>Men\u2026<\/p>\n\n\n\n<p>Det g\u00e5r redan idag att till 100% sl\u00e5 fast att Trump inte \u00e4gnar sig \u00e5t likabehandling alls i dessa \u201dfredsf\u00f6rhandlingar\u201d.<\/p>\n\n\n\n<p>-han uttalar klart och tydligt att Putin skall f\u00e5 beh\u00e5lla er\u00f6vrade omr\u00e5den f\u00f6r \u201dhan har ju jobbat h\u00e5rt f\u00f6r dom\u201d.<\/p>\n\n\n\n<p>Men inte ett enda ord om Kursk, inte ett j\u00e4vla ord \ud83e\udd2c<\/p>\n\n\n\n<p>-han vill ha nyval i Ukraina f\u00f6r att kunna g\u00e5 vidare i f\u00f6rhandlingarna.<\/p>\n\n\n\n<p>Men inte ett enda ord om nyval i Ryssland.<\/p>\n\n\n\n<p>-Trump ville ha mer pengar av Zelensky innan f\u00f6rhandlingarna p\u00e5b\u00f6rjades \u00e4n vad Tyskland fick b\u00f6ta efter WW2 och det var riktigt fulspel d\u00e4r Zelensky fick en timme och hotet var att avbryta allt.<\/p>\n\n\n\n<p>Trump har inte kr\u00e4vt n\u00e5gra b\u00f6ter fr\u00e5n Ryssland, som \u00e4r aggressorn utan ist\u00e4llet lovat att l\u00e4tta p\u00e5 sanktionerna alternativt ta bort dom direkt vid eldupph\u00f6r.<\/p>\n\n\n\n<p>Sj\u00e4lva grundbulten i att vara fredsf\u00f6rhandlare \u00e4r att man ses som opartisk av b\u00e4gge parter och sen f\u00f6rs\u00f6ker man hamra fram en l\u00f6sning b\u00e5da kan leva med.<\/p>\n\n\n\n<p>Trump har INTE gjort det vilket g\u00f6r USAs \u201dfredsf\u00f6rhandlingar\u201d helt illegitima. Det \u00e4r ocks\u00e5 det vi nu ser \u2013 ingen bryr sig om vad USA h\u00e5ller p\u00e5 med just nu, ingen.<\/p>\n\n\n\n<p>Zelensky g\u00e5r ut med att l\u00f6gnen om 4% popularitet kommer fr\u00e5n Ryssland \u2013 vilken k\u00e4nga rakt in i de mjuka delarna p\u00e5 Trump \ud83d\ude32<\/p>\n\n\n\n<figure class=\"wp-block-embed is-type-rich is-provider-twitter wp-block-embed-twitter\"><div class=\"wp-block-embed__wrapper\">\n<blockquote class=\"twitter-tweet\" data-width=\"500\" data-dnt=\"true\"><p lang=\"en\" dir=\"ltr\">&quot;This morning, KIIS published a poll showing 57% trust in me. So if someone wants to replace me right now \u2013 it won\u2019t work,&quot; \u2013 Zelensky. The President added that the disinformation about 4% comes from Russia, which spread this narrative to the Americans. <a href=\"https:\/\/t.co\/SDlpIBkHBJ\">https:\/\/t.co\/SDlpIBkHBJ<\/a> <a href=\"https:\/\/t.co\/BehR1G6xTv\">pic.twitter.com\/BehR1G6xTv<\/a><\/p>&mdash; NOELREPORTS \ud83c\uddea\ud83c\uddfa \ud83c\uddfa\ud83c\udde6 (@NOELreports) <a href=\"https:\/\/twitter.com\/NOELreports\/status\/1892162977723195652?ref_src=twsrc%5Etfw\">February 19, 2025<\/a><\/blockquote><script async src=\"https:\/\/platform.twitter.com\/widgets.js\" charset=\"utf-8\"><\/script>\n<\/div><\/figure>\n\n\n\n<p>Och att Trump fallit f\u00f6r desinformation<\/p>\n\n\n\n<figure class=\"wp-block-image is-resized\"><a href=\"https:\/\/substackcdn.com\/image\/fetch\/f_auto,q_auto:good,fl_progressive:steep\/https%3A%2F%2Fsubstack-post-media.s3.amazonaws.com%2Fpublic%2Fimages%2Fee8c4efc-7849-4abf-aed6-4ec43a70c992_682x665.png\" target=\"_blank\" rel=\"noreferrer noopener\"><img decoding=\"async\" src=\"https:\/\/substackcdn.com\/image\/fetch\/w_1456,c_limit,f_auto,q_auto:good,fl_progressive:steep\/https%3A%2F%2Fsubstack-post-media.s3.amazonaws.com%2Fpublic%2Fimages%2Fee8c4efc-7849-4abf-aed6-4ec43a70c992_682x665.png\" alt=\"\" style=\"width:372px;height:auto\"\/><\/a><\/figure>\n\n\n\n<p>Och att USA g\u00e5r hand i hand med RU<\/p>\n\n\n\n<figure class=\"wp-block-embed is-type-rich is-provider-twitter wp-block-embed-twitter\"><div class=\"wp-block-embed__wrapper\">\n<blockquote class=\"twitter-tweet\" data-width=\"500\" data-dnt=\"true\"><p lang=\"en\" dir=\"ltr\">Zelensky just dropped the mask: The U.S. is icing out Ukraine from NATO\u2014exactly what Russia wanted all along. <br><br>After years of grandstanding about \u201cdefending democracy,\u201d Washington is now leaving Ukraine twisting in the wind, handing Putin the geopolitical win he\u2019s been gunning\u2026 <a href=\"https:\/\/t.co\/LKy2cZvTz0\">pic.twitter.com\/LKy2cZvTz0<\/a><\/p>&mdash; Brian Allen (@allenanalysis) <a href=\"https:\/\/twitter.com\/allenanalysis\/status\/1891904072225296758?ref_src=twsrc%5Etfw\">February 18, 2025<\/a><\/blockquote><script async src=\"https:\/\/platform.twitter.com\/widgets.js\" charset=\"utf-8\"><\/script>\n<\/div><\/figure>\n\n\n\n<p>Och EU \u00f6kar ist\u00e4llet sanktionerna mot Ryssland n\u00e4r USA vill l\u00e4tta p\u00e5 dom. Vilka \u00e4r det som kontrollera infarten till \u00d6stersj\u00f6n?<\/p>\n\n\n\n<figure class=\"wp-block-image is-resized\"><a href=\"https:\/\/substackcdn.com\/image\/fetch\/f_auto,q_auto:good,fl_progressive:steep\/https%3A%2F%2Fsubstack-post-media.s3.amazonaws.com%2Fpublic%2Fimages%2Fae5a8766-2845-42ba-8a98-23f58cce3797_669x872.png\" target=\"_blank\" rel=\"noreferrer noopener\"><img decoding=\"async\" src=\"https:\/\/substackcdn.com\/image\/fetch\/w_1456,c_limit,f_auto,q_auto:good,fl_progressive:steep\/https%3A%2F%2Fsubstack-post-media.s3.amazonaws.com%2Fpublic%2Fimages%2Fae5a8766-2845-42ba-8a98-23f58cce3797_669x872.png\" alt=\"\" style=\"width:458px;height:auto\"\/><\/a><\/figure>\n\n\n\n<p>Sen \u00e4r inte allt Trump, det st\u00e5r ett USA bakom och har ni l\u00e4st mina inl\u00e4gg vet ni att USA \u00e4r som banken inte din v\u00e4n.<\/p>\n\n\n\n<p>Biden var absolut f\u00f6r\u00f6dande f\u00f6r Ukraina det \u00e4r alla vettiga \u00f6verens om<\/p>\n\n\n\n<figure class=\"wp-block-image is-resized\"><a href=\"https:\/\/substackcdn.com\/image\/fetch\/f_auto,q_auto:good,fl_progressive:steep\/https%3A%2F%2Fsubstack-post-media.s3.amazonaws.com%2Fpublic%2Fimages%2F03e87bc1-3461-49a0-800e-8bec336dd9ff_673x867.png\" target=\"_blank\" rel=\"noreferrer noopener\"><img decoding=\"async\" src=\"https:\/\/substackcdn.com\/image\/fetch\/w_1456,c_limit,f_auto,q_auto:good,fl_progressive:steep\/https%3A%2F%2Fsubstack-post-media.s3.amazonaws.com%2Fpublic%2Fimages%2F03e87bc1-3461-49a0-800e-8bec336dd9ff_673x867.png\" alt=\"\" style=\"width:474px;height:auto\"\/><\/a><\/figure>\n\n\n\n<p>Trump har s\u00e5 h\u00e4r l\u00e5ngt visat sig vara snudd p\u00e5 \u00e4nnu v\u00e4rre men med den skillnaden att f\u00f6rtrollningen verkar ha brutits och EU rest p\u00e5 sig tillsammans med Ukraina.<\/p>\n\n\n\n<p>D\u00e4r skulle man ju kunna argumentera f\u00f6r att utfallet \u00e4r positivt och det finns ju en del som best\u00e4mt h\u00e4vdar att det \u00e4r Trumps syfte \u2013 det \u00e4r d\u00e4rf\u00f6r jag vill v\u00e4nta p\u00e5 reaktionen fr\u00e5n Trump som kommer om inte alltf\u00f6r l\u00e4nge.<\/p>\n\n\n\n<p>Min kalibrering \u00e4r vad som \u00e4r bra f\u00f6r UA och Zelensky har g\u00e5tt h\u00e5rt \u00e5t Trump senaste veckan.<\/p>\n\n\n\n<p>Den h\u00e4r \u00e4r ocks\u00e5 intressant, RU k\u00f6pte Trump mansion f\u00f6r 3ggr v\u00e4rdet n\u00e4r han hade finansiella problem p\u00e5 90-talet \ud83e\uddd0<\/p>\n\n\n\n<figure class=\"wp-block-image is-resized\"><a href=\"https:\/\/substackcdn.com\/image\/fetch\/f_auto,q_auto:good,fl_progressive:steep\/https%3A%2F%2Fsubstack-post-media.s3.amazonaws.com%2Fpublic%2Fimages%2F8f688207-2d04-42dc-ab9a-63675db9103c_654x870.png\" target=\"_blank\" rel=\"noreferrer noopener\"><img decoding=\"async\" src=\"https:\/\/substackcdn.com\/image\/fetch\/w_1456,c_limit,f_auto,q_auto:good,fl_progressive:steep\/https%3A%2F%2Fsubstack-post-media.s3.amazonaws.com%2Fpublic%2Fimages%2F8f688207-2d04-42dc-ab9a-63675db9103c_654x870.png\" alt=\"\" style=\"width:447px;height:auto\"\/><\/a><\/figure>\n\n\n\n<p>Nu blev det ju v\u00e4rldens \u00f6verreaktion och gr\u00e5tfest ang\u00e5ende Kina och Nelson Mandela surnade till p\u00e5 min Bluesky bla. \ud83d\ude2c<\/p>\n\n\n\n<p>Ryssland har ju snudd p\u00e5 kn\u00e4ckt ryggen p\u00e5 sig sj\u00e4lva h\u00e4r helt utan extern inblandning och \u00e4r idag inte en j\u00e4ttekul allierad utan mest ett stort s\u00e4nke.<\/p>\n\n\n\n<p>Kina tittar lite nyvaket p\u00e5 hur mycket dom kan ta \u00f6ver av Ryssland framledes \u00e4r min gissning \u2013 deras geografiska l\u00e4ge \u00e4r absolut URUSELT.<\/p>\n\n\n\n<p>Dels ekonomiskt naturligtvis men om Kina skulle g\u00e5 och ta tillbaka omr\u00e5den dom f\u00f6rlorade p\u00e5 1800-talet, vem skall Ryssland gn\u00e4lla hos?<\/p>\n\n\n\n<p>Det \u00e4r ingen hemlighet att USA, EU, Ryssland och Kina alla vill ha \u00e5teruppbyggnadskontrakten och framtida r\u00e5varuindustri men l\u00e4nderna har lite olika strategier hur dom skall komma dit \u2013 EU \u00e4r v\u00e4l den mest sansade parten men vi f\u00f6rst\u00e5r nu ocks\u00e5 att Ukraina st\u00e5r mellan oss och krig.<\/p>\n\n\n\n<p>Kina kommer egentligen f\u00f6re USA f\u00f6r Kina kommer f\u00f6rs\u00f6ka komma in med bra business, investeringar, l\u00e5n mot r\u00e5varukontrakt och \u00e5teruppbyggnad samt att dom kommer f\u00f6rhandla om det.<\/p>\n\n\n\n<p>Det finns en mycket stor bonus till f\u00f6r Kina som jag ju lyfte sommaren 2024 n\u00e4r jag t\u00e4nkte att Ukraina helt skulle v\u00e4nda sig till Kina ist\u00e4llet \u2013<\/p>\n\n\n\n<p>En transportv\u00e4g och pipelines fr\u00e5n\/till Kina via massa -stans och till Ukraina som blir omlastningsplats f\u00f6r EU.<\/p>\n\n\n\n<p>Nu \u00e4r ju pipelines kanske ingenting eftersom Kina importerar men definitivt handelsrutten med bas i Ukraina f\u00f6r vidaretransport in i EU.<\/p>\n\n\n\n<p>Ukraina f\u00f6rst\u00e5r ju v\u00e4rdet av detta absolut och Kina kommer ha en p\u00e5litlig partner, och EU marknaden l\u00e4ttare tillg\u00e4nglig \u00e4n idag.<\/p>\n\n\n\n<p>Tajikistan &#8211; Uzbekistan \u2013 Turkmenistan &#8211; Azerbaijan \u2013 Georgien \u2013 Ukraina med tv\u00e5 stora sj\u00f6transportleder.<\/p>\n\n\n\n<p>Ist\u00e4llet f\u00f6r sj\u00f6transport via Suezkanalen och risk f\u00f6r USA sanktioner och vad mer.<\/p>\n\n\n\n<p>F\u00f6r Ukraina blir det ju en guldgruva naturligtvis.<\/p>\n\n\n\n<p>Kina har redan p\u00e5b\u00f6rjat detta.<\/p>\n\n\n\n<p>Sen f\u00e5r jag p\u00e5minna om en sak h\u00e4r och ni h\u00f6rde ocks\u00e5 detta f\u00f6rst i v\u00e4rlden \ud83e\uddd0<\/p>\n\n\n\n<p>Ukraina har i stort sett dr\u00f6nat s\u00f6nder Rysslands infrastruktur f\u00f6r olja och raffinerade produkter v\u00e4sterut samt alla raff och dep\u00e5er i v\u00e4stra Ryssland.<\/p>\n\n\n\n<p>Har ni h\u00f6rt n\u00e5got om pumpstationer, oljeledningar, LNG, omlastningsstationer eller annat \u00e5t Kina-h\u00e5llet som blivit dr\u00f6nat?<\/p>\n\n\n\n<p>Eller raffen i \u00f6stra Ryssland annat \u00e4n under 2024?<\/p>\n\n\n\n<p>Vild gissning att Kina nu f\u00e5r lite mer produkter billigare \u00e4n f\u00f6rut n\u00e4r Ryssland inte kan exportera till n\u00e5t annat land?<\/p>\n\n\n\n<p>En sak skall vi alla ha klart f\u00f6r oss \u2013 Ryssland har sl\u00e4ppt en geopolitisk atombomb som bara b\u00f6rjat spela ut och spelplanen \u00e4r under f\u00f6r\u00e4ndring lite som trappan upp i lustiga huset d\u00e4r man till sist h\u00e4nger i ledst\u00e5ngen och skrikgr\u00e5ter.<\/p>\n\n\n\n<p>Kina \u00e4r ocks\u00e5 t\u00e5lmodiga men har ambitioner.<\/p>\n\n\n\n<p>Dock vill jag st\u00e4lla en \u00f6ppen fr\u00e5ga \u2013 hur m\u00e5nga krig har Kina startat sedan millenieskiftet?<\/p>\n\n\n\n<p>Men alla vet fortfarande att Kina kommer er\u00f6vra v\u00e4rlden med vapen?<\/p>\n\n\n\n<p>Kinas geografiska l\u00e4ge \u00e4r s\u00e5 pass uruselt att de enda l\u00e4nder dom kan invadera landv\u00e4gen \u00e4r Indien och Ryssland \u2013 deras allierade.<\/p>\n\n\n\n<p>Och annars \u00e4r det sj\u00f6v\u00e4gen men det f\u00f6rst\u00e5r till och med Kina att det \u00e4r s\u00e5rbart till en punkt att det \u00e4r sj\u00e4lvmord. Visste ni att USA har tungstens-lansar till sina Stealthflyg som dom sl\u00e4pper vertikalt och vilka driver rakt igenom skrovet p\u00e5 fartyget och s\u00e4nker dom. Inget syns p\u00e5 radar och inget som kan skjutas ned.<\/p>\n\n\n\n<p>Min gissning \u00e4r att k\u00e4nner Kina att dom kan minska USAs dominans genom att n\u00e4rma sig EU utan att beh\u00f6va riskera n\u00e5got s\u00e5 g\u00f6r dom det. K\u00e4nner Ryssland sig f\u00f6rf\u00f6rdelade \u2013 vem bryr sig?<\/p>\n\n\n\n<p>Med ovan vill jag ha sagt \u2013 l\u00e5t er inte luras av att Kina \u00e4r tysta, n\u00e5got stort \u00e4r i g\u00f6rningen.<\/p>\n\n\n\n<p>Jag \u00e4r nyfiken p\u00e5 hur Trump kommer hantera Zelenskys senaste utfall mot honom?<\/p>\n\n\n\n<p>Vi har ju efter m\u00f6tet i Saudi och Trumps hyllande av Putin och Ryssland en klar bild av hans inst\u00e4llning till Ryssland och Putin eller hur.<\/p>\n\n\n\n<p>H\u00f6jdpunkter som \u201dPutin har ju k\u00e4mpat h\u00e5rt f\u00f6r den h\u00e4r marken i Donbass s\u00e5 han borde f\u00e5 beh\u00e5lla den\u201d.<\/p>\n\n\n\n<p>Zelensky har h\u00e5llit tyst fram tills nu n\u00e4r han helt enkelt fick nog (f\u00f6renklat det h\u00e4r \u00e4r geopolitik och UA ledning i samr\u00e5d kommer \u00f6verens om s\u00e5nt h\u00e4r) och har nu klart och tydligt i flera uttalanden sagt att USA position gynnar Putin och \u00e4r vad Putin vill.<\/p>\n\n\n\n<p>Vi f\u00e5r se om Trump i sin tur lyckas h\u00e5lla tyst f\u00f6r g\u00e5r han h\u00e5rdare \u00e5t Zelensky \u00e4n han gjorde i sitt senaste meddelande som b\u00f6rjade med att kalla Zelensky en medioker komiker vore det en katastrof f\u00f6r USAs trov\u00e4rdighet p\u00e5 v\u00e4rldsscenen &#8211; och d\u00e5 \u00e4r den redan nu lite l\u00e4tt kantst\u00f6tt.<\/p>\n\n\n\n<figure class=\"wp-block-image is-resized\"><a href=\"https:\/\/substackcdn.com\/image\/fetch\/f_auto,q_auto:good,fl_progressive:steep\/https%3A%2F%2Fsubstack-post-media.s3.amazonaws.com%2Fpublic%2Fimages%2F6611d131-a5ca-45e8-a58f-e119cc3badf3_646x769.png\" target=\"_blank\" rel=\"noreferrer noopener\"><img decoding=\"async\" src=\"https:\/\/substackcdn.com\/image\/fetch\/w_1456,c_limit,f_auto,q_auto:good,fl_progressive:steep\/https%3A%2F%2Fsubstack-post-media.s3.amazonaws.com%2Fpublic%2Fimages%2F6611d131-a5ca-45e8-a58f-e119cc3badf3_646x769.png\" alt=\"\" style=\"width:421px;height:auto\"\/><\/a><\/figure>\n\n\n\n<p><\/p>\n\n\n\n<p>EDIT: JD Vance har precis varnat Zelensky fr\u00e5n att \u201dattackera Trump\u201d, jag tror det h\u00e4r blir precis s\u00e5 illa f\u00f6r USA som vi befarar \ud83d\ude02<\/p>\n\n\n\n<figure class=\"wp-block-image is-resized\"><a href=\"https:\/\/substackcdn.com\/image\/fetch\/f_auto,q_auto:good,fl_progressive:steep\/https%3A%2F%2Fsubstack-post-media.s3.amazonaws.com%2Fpublic%2Fimages%2Fe62776ba-0e4b-4a07-ad69-4b35fc655ba1_687x739.png\" target=\"_blank\" rel=\"noreferrer noopener\"><img decoding=\"async\" src=\"https:\/\/substackcdn.com\/image\/fetch\/w_1456,c_limit,f_auto,q_auto:good,fl_progressive:steep\/https%3A%2F%2Fsubstack-post-media.s3.amazonaws.com%2Fpublic%2Fimages%2Fe62776ba-0e4b-4a07-ad69-4b35fc655ba1_687x739.png\" alt=\"\" style=\"width:403px;height:auto\"\/><\/a><\/figure>\n\n\n\n<p>Och Trump kallar Zelensky f\u00f6r diktator \ud83d\ude01<\/p>\n\n\n\n<figure class=\"wp-block-image is-resized\"><a href=\"https:\/\/substackcdn.com\/image\/fetch\/f_auto,q_auto:good,fl_progressive:steep\/https%3A%2F%2Fsubstack-post-media.s3.amazonaws.com%2Fpublic%2Fimages%2Fb3952cfb-7751-4aaf-abb2-593e13e734d4_648x813.png\" target=\"_blank\" rel=\"noreferrer noopener\"><img decoding=\"async\" src=\"https:\/\/substackcdn.com\/image\/fetch\/w_1456,c_limit,f_auto,q_auto:good,fl_progressive:steep\/https%3A%2F%2Fsubstack-post-media.s3.amazonaws.com%2Fpublic%2Fimages%2Fb3952cfb-7751-4aaf-abb2-593e13e734d4_648x813.png\" alt=\"\" style=\"width:430px;height:auto\"\/><\/a><\/figure>\n\n\n\n<p>Herrej\u00e4vlar vad Trump hamnat fel just nu, l\u00e4gger han inte i backen omg\u00e5ende kommer USA fall g\u00e5 fortare \u00e4n Titanic.<\/p>\n\n\n\n<p><\/p>\n\n\n\n<p>MXT, IT-industrins snabbast stigande stj\u00e4rnskott inom kod f\u00f6r rullande lister h\u00f6gst upp p\u00e5 hemsidor postade nedan l\u00e4nk p\u00e5 johanno1.se, som ocks\u00e5 \u00e4r ett stigande stj\u00e4rnskott t\u00e4tt bakom MXT rymd-projektilbana.<\/p>\n\n\n\n<p>Detta skall INTE underskattas f\u00f6r nu har UA gett sig p\u00e5 oljeproduktionen och den var helt 100% skyddad av USA tidigare \u2013 Biden hade den som ett illr\u00f6tt kort.<\/p>\n\n\n\n<p><a href=\"https:\/\/embed.bsky.app\/embed\/did:plc:5jbj2wzit57tfjmmwocupfs7\/app.bsky.feed.post\/3lijngjqj5k2s?id=8186214076575542\">https:\/\/embed.bsky.app\/embed\/did:plc:5jbj2wzit57tfjmmwocupfs7\/app.bsky.feed.post\/3lijngjqj5k2s?id=8186214076575542<\/a><\/p>\n\n\n\n<p>Gripen \u00e4r ocks\u00e5 p\u00e5 g\u00e5ng, tidsplan ok\u00e4nd<\/p>\n\n\n\n<figure class=\"wp-block-embed is-type-rich is-provider-twitter wp-block-embed-twitter\"><div class=\"wp-block-embed__wrapper\">\n<blockquote class=\"twitter-tweet\" data-width=\"500\" data-dnt=\"true\"><p lang=\"en\" dir=\"ltr\">&quot;Johansson added that \u201cover time\u201d the more advanced Gripen E aircraft  should be sent to Kyiv, before stressing that \u201cit\u2019s purely a political  decision\u201d to set the entire process in motion, beginning with the older  C\/D platforms.&quot; <a href=\"https:\/\/twitter.com\/hashtag\/Ukraine?src=hash&amp;ref_src=twsrc%5Etfw\">#Ukraine<\/a> <a href=\"https:\/\/t.co\/NTTtUJcZ0C\">https:\/\/t.co\/NTTtUJcZ0C<\/a> <a href=\"https:\/\/t.co\/pLsR7FtIbP\">pic.twitter.com\/pLsR7FtIbP<\/a><\/p>&mdash; Gripen News (@GripenNews) <a href=\"https:\/\/twitter.com\/GripenNews\/status\/1892157424976461970?ref_src=twsrc%5Etfw\">February 19, 2025<\/a><\/blockquote><script async src=\"https:\/\/platform.twitter.com\/widgets.js\" charset=\"utf-8\"><\/script>\n<\/div><\/figure>\n\n\n\n<p>Gillade ni inl\u00e4ggen \u2013 dela g\u00e4rna i era kanaler det \u00e4r dags att f\u00e5 lite spridning p\u00e5 det h\u00e4r nu.<\/p>\n\n\n\n<p>Vill ni ha ett kul kommentarsf\u00e4lt som trycker er av stolen, g\u00e5 in p\u00e5 bloggen.<\/p>\n\n\n\n<p>P\u00e5 Bluesky h\u00e4nger jag med legender som Nelson Mandela, ni kan komma dit och svepas med ocks\u00e5 av hans sk\u00e4mt som \u00e4r riktigt finurliga.<\/p>\n\n\n\n<p>j<a target=\"_blank\" rel=\"noreferrer noopener\" href=\"mailto:ohanno1.se\">ohanno1.se<\/a><\/p>\n\n\n\n<p><a target=\"_blank\" rel=\"noreferrer noopener\" href=\"mailto:substack.com\/@johanno1\">substack.com\/@johanno1<\/a><\/p>\n\n\n\n<p><a href=\"https:\/\/bsky.app\/profile\/johanno1.bsky.social\">https:\/\/bsky.app\/profile\/johanno1.bsky.social<\/a><\/p>\n\n\n\n<p><\/p>\n","protected":false},"excerpt":{"rendered":"<p>Uppdatering Dagens frontrapport fr\u00e5n Deepstatmap var ju ingen upplyftande l\u00e4sning direkt. Det \u00e4r fortfarande min h\u00f6gst starka \u00e5sikt att v\u00e4st, [&hellip;]<\/p>\n","protected":false},"author":3,"featured_media":0,"comment_status":"open","ping_status":"open","sticky":false,"template":"","format":"standard","meta":{"site-sidebar-layout":"default","site-content-layout":"","ast-site-content-layout":"default","site-content-style":"default","site-sidebar-style":"default","ast-global-header-display":"","ast-banner-title-visibility":"","ast-main-header-display":"","ast-hfb-above-header-display":"","ast-hfb-below-header-display":"","ast-hfb-mobile-header-display":"","site-post-title":"","ast-breadcrumbs-content":"","ast-featured-img":"","footer-sml-layout":"","ast-disable-related-posts":"","theme-transparent-header-meta":"","adv-header-id-meta":"","stick-header-meta":"","header-above-stick-meta":"","header-main-stick-meta":"","header-below-stick-meta":"","astra-migrate-meta-layouts":"default","ast-page-background-enabled":"default","ast-page-background-meta":{"desktop":{"background-color":"var(--ast-global-color-4)","background-image":"","background-repeat":"repeat","background-position":"center center","background-size":"auto","background-attachment":"scroll","background-type":"","background-media":"","overlay-type":"","overlay-color":"","overlay-opacity":"","overlay-gradient":""},"tablet":{"background-color":"","background-image":"","background-repeat":"repeat","background-position":"center center","background-size":"auto","background-attachment":"scroll","background-type":"","background-media":"","overlay-type":"","overlay-color":"","overlay-opacity":"","overlay-gradient":""},"mobile":{"background-color":"","background-image":"","background-repeat":"repeat","background-position":"center center","background-size":"auto","background-attachment":"scroll","background-type":"","background-media":"","overlay-type":"","overlay-color":"","overlay-opacity":"","overlay-gradient":""}},"ast-content-background-meta":{"desktop":{"background-color":"var(--ast-global-color-5)","background-image":"","background-repeat":"repeat","background-position":"center center","background-size":"auto","background-attachment":"scroll","background-type":"","background-media":"","overlay-type":"","overlay-color":"","overlay-opacity":"","overlay-gradient":""},"tablet":{"background-color":"var(--ast-global-color-5)","background-image":"","background-repeat":"repeat","background-position":"center center","background-size":"auto","background-attachment":"scroll","background-type":"","background-media":"","overlay-type":"","overlay-color":"","overlay-opacity":"","overlay-gradient":""},"mobile":{"background-color":"var(--ast-global-color-5)","background-image":"","background-repeat":"repeat","background-position":"center center","background-size":"auto","background-attachment":"scroll","background-type":"","background-media":"","overlay-type":"","overlay-color":"","overlay-opacity":"","overlay-gradient":""}},"footnotes":""},"categories":[18],"tags":[],"class_list":["post-347","post","type-post","status-publish","format-standard","hentry","category-ukraina"],"yoast_head":"<!-- This site is optimized with the Yoast SEO plugin v27.4 - https:\/\/yoast.com\/product\/yoast-seo-wordpress\/ -->\n<title>Ukraina daglig uppdatering 20 Februari 2025 -<\/title>\n<meta name=\"robots\" content=\"index, follow, max-snippet:-1, max-image-preview:large, max-video-preview:-1\" \/>\n<link rel=\"canonical\" href=\"https:\/\/johanno1.se\/sv\/ukraina-daglig-uppdatering-20-februari-2025\/\" \/>\n<meta property=\"og:locale\" content=\"sv_SE\" \/>\n<meta property=\"og:type\" content=\"article\" \/>\n<meta property=\"og:title\" content=\"Ukraina daglig uppdatering 20 Februari 2025 -\" \/>\n<meta property=\"og:description\" content=\"Uppdatering Dagens frontrapport fr\u00e5n Deepstatmap var ju ingen upplyftande l\u00e4sning direkt. Det \u00e4r fortfarande min h\u00f6gst starka \u00e5sikt att v\u00e4st, [&hellip;]\" \/>\n<meta property=\"og:url\" content=\"https:\/\/johanno1.se\/sv\/ukraina-daglig-uppdatering-20-februari-2025\/\" \/>\n<meta property=\"og:site_name\" content=\"Johan No.1\" \/>\n<meta property=\"article:published_time\" content=\"2025-02-20T06:01:00+00:00\" \/>\n<meta property=\"article:modified_time\" content=\"2025-05-25T12:21:46+00:00\" \/>\n<meta property=\"og:image\" content=\"https:\/\/substackcdn.com\/image\/fetch\/w_1456,c_limit,f_auto,q_auto:good,fl_progressive:steep\/https%3A%2F%2Fsubstack-post-media.s3.amazonaws.com%2Fpublic%2Fimages%2F25d45a6d-878a-4d1b-82af-f56d3803204f_672x436.png\" \/>\n<meta name=\"author\" content=\"johan No.1\" \/>\n<meta name=\"twitter:card\" content=\"summary_large_image\" \/>\n<meta name=\"twitter:label1\" content=\"Skriven av\" \/>\n\t<meta name=\"twitter:data1\" content=\"johan No.1\" \/>\n\t<meta name=\"twitter:label2\" content=\"Ber\u00e4knad l\u00e4stid\" \/>\n\t<meta name=\"twitter:data2\" content=\"10 minuter\" \/>\n<script type=\"application\/ld+json\" class=\"yoast-schema-graph\">{\"@context\":\"https:\\\/\\\/schema.org\",\"@graph\":[{\"@type\":\"Article\",\"@id\":\"https:\\\/\\\/johanno1.se\\\/sv\\\/ukraina-daglig-uppdatering-20-februari-2025\\\/#article\",\"isPartOf\":{\"@id\":\"https:\\\/\\\/johanno1.se\\\/sv\\\/ukraina-daglig-uppdatering-20-februari-2025\\\/\"},\"author\":{\"name\":\"johan No.1\",\"@id\":\"https:\\\/\\\/johanno1.se\\\/sv\\\/#\\\/schema\\\/person\\\/1dec165f070bde263b30eaf3c0a742e7\"},\"headline\":\"Ukraina daglig uppdatering 20 Februari 2025\",\"datePublished\":\"2025-02-20T06:01:00+00:00\",\"dateModified\":\"2025-05-25T12:21:46+00:00\",\"mainEntityOfPage\":{\"@id\":\"https:\\\/\\\/johanno1.se\\\/sv\\\/ukraina-daglig-uppdatering-20-februari-2025\\\/\"},\"wordCount\":1916,\"commentCount\":153,\"publisher\":{\"@id\":\"https:\\\/\\\/johanno1.se\\\/sv\\\/#organization\"},\"image\":{\"@id\":\"https:\\\/\\\/johanno1.se\\\/sv\\\/ukraina-daglig-uppdatering-20-februari-2025\\\/#primaryimage\"},\"thumbnailUrl\":\"https:\\\/\\\/substackcdn.com\\\/image\\\/fetch\\\/w_1456,c_limit,f_auto,q_auto:good,fl_progressive:steep\\\/https%3A%2F%2Fsubstack-post-media.s3.amazonaws.com%2Fpublic%2Fimages%2F25d45a6d-878a-4d1b-82af-f56d3803204f_672x436.png\",\"articleSection\":[\"Kriget i Ukraina\"],\"inLanguage\":\"sv-SE\",\"potentialAction\":[{\"@type\":\"CommentAction\",\"name\":\"Comment\",\"target\":[\"https:\\\/\\\/johanno1.se\\\/sv\\\/ukraina-daglig-uppdatering-20-februari-2025\\\/#respond\"]}]},{\"@type\":\"WebPage\",\"@id\":\"https:\\\/\\\/johanno1.se\\\/sv\\\/ukraina-daglig-uppdatering-20-februari-2025\\\/\",\"url\":\"https:\\\/\\\/johanno1.se\\\/sv\\\/ukraina-daglig-uppdatering-20-februari-2025\\\/\",\"name\":\"Ukraina daglig uppdatering 20 Februari 2025 -\",\"isPartOf\":{\"@id\":\"https:\\\/\\\/johanno1.se\\\/sv\\\/#website\"},\"primaryImageOfPage\":{\"@id\":\"https:\\\/\\\/johanno1.se\\\/sv\\\/ukraina-daglig-uppdatering-20-februari-2025\\\/#primaryimage\"},\"image\":{\"@id\":\"https:\\\/\\\/johanno1.se\\\/sv\\\/ukraina-daglig-uppdatering-20-februari-2025\\\/#primaryimage\"},\"thumbnailUrl\":\"https:\\\/\\\/substackcdn.com\\\/image\\\/fetch\\\/w_1456,c_limit,f_auto,q_auto:good,fl_progressive:steep\\\/https%3A%2F%2Fsubstack-post-media.s3.amazonaws.com%2Fpublic%2Fimages%2F25d45a6d-878a-4d1b-82af-f56d3803204f_672x436.png\",\"datePublished\":\"2025-02-20T06:01:00+00:00\",\"dateModified\":\"2025-05-25T12:21:46+00:00\",\"breadcrumb\":{\"@id\":\"https:\\\/\\\/johanno1.se\\\/sv\\\/ukraina-daglig-uppdatering-20-februari-2025\\\/#breadcrumb\"},\"inLanguage\":\"sv-SE\",\"potentialAction\":[{\"@type\":\"ReadAction\",\"target\":[\"https:\\\/\\\/johanno1.se\\\/sv\\\/ukraina-daglig-uppdatering-20-februari-2025\\\/\"]}]},{\"@type\":\"ImageObject\",\"inLanguage\":\"sv-SE\",\"@id\":\"https:\\\/\\\/johanno1.se\\\/sv\\\/ukraina-daglig-uppdatering-20-februari-2025\\\/#primaryimage\",\"url\":\"https:\\\/\\\/substackcdn.com\\\/image\\\/fetch\\\/w_1456,c_limit,f_auto,q_auto:good,fl_progressive:steep\\\/https%3A%2F%2Fsubstack-post-media.s3.amazonaws.com%2Fpublic%2Fimages%2F25d45a6d-878a-4d1b-82af-f56d3803204f_672x436.png\",\"contentUrl\":\"https:\\\/\\\/substackcdn.com\\\/image\\\/fetch\\\/w_1456,c_limit,f_auto,q_auto:good,fl_progressive:steep\\\/https%3A%2F%2Fsubstack-post-media.s3.amazonaws.com%2Fpublic%2Fimages%2F25d45a6d-878a-4d1b-82af-f56d3803204f_672x436.png\"},{\"@type\":\"BreadcrumbList\",\"@id\":\"https:\\\/\\\/johanno1.se\\\/sv\\\/ukraina-daglig-uppdatering-20-februari-2025\\\/#breadcrumb\",\"itemListElement\":[{\"@type\":\"ListItem\",\"position\":1,\"name\":\"Hem\",\"item\":\"https:\\\/\\\/johanno1.se\\\/sv\\\/\"},{\"@type\":\"ListItem\",\"position\":2,\"name\":\"Ukraina daglig uppdatering 20 Februari 2025\"}]},{\"@type\":\"WebSite\",\"@id\":\"https:\\\/\\\/johanno1.se\\\/sv\\\/#website\",\"url\":\"https:\\\/\\\/johanno1.se\\\/sv\\\/\",\"name\":\"Johan No.1\",\"description\":\"Kriget i Ukraina - V\u00e4rldsledande omv\u00e4rldsanalys fr\u00e5n Svensksund till den ryska brakf\u00f6rlusten i Ukraina\",\"publisher\":{\"@id\":\"https:\\\/\\\/johanno1.se\\\/sv\\\/#organization\"},\"potentialAction\":[{\"@type\":\"SearchAction\",\"target\":{\"@type\":\"EntryPoint\",\"urlTemplate\":\"https:\\\/\\\/johanno1.se\\\/sv\\\/?s={search_term_string}\"},\"query-input\":{\"@type\":\"PropertyValueSpecification\",\"valueRequired\":true,\"valueName\":\"search_term_string\"}}],\"inLanguage\":\"sv-SE\"},{\"@type\":\"Organization\",\"@id\":\"https:\\\/\\\/johanno1.se\\\/sv\\\/#organization\",\"name\":\"Johan No. 1\",\"url\":\"https:\\\/\\\/johanno1.se\\\/sv\\\/\",\"logo\":{\"@type\":\"ImageObject\",\"inLanguage\":\"sv-SE\",\"@id\":\"https:\\\/\\\/johanno1.se\\\/sv\\\/#\\\/schema\\\/logo\\\/image\\\/\",\"url\":\"https:\\\/\\\/johanno1.se\\\/wp-content\\\/uploads\\\/2025\\\/03\\\/cropped-No1-Logo.png\",\"contentUrl\":\"https:\\\/\\\/johanno1.se\\\/wp-content\\\/uploads\\\/2025\\\/03\\\/cropped-No1-Logo.png\",\"width\":512,\"height\":512,\"caption\":\"Johan No. 1\"},\"image\":{\"@id\":\"https:\\\/\\\/johanno1.se\\\/sv\\\/#\\\/schema\\\/logo\\\/image\\\/\"}},{\"@type\":\"Person\",\"@id\":\"https:\\\/\\\/johanno1.se\\\/sv\\\/#\\\/schema\\\/person\\\/1dec165f070bde263b30eaf3c0a742e7\",\"name\":\"johan No.1\",\"image\":{\"@type\":\"ImageObject\",\"inLanguage\":\"sv-SE\",\"@id\":\"https:\\\/\\\/secure.gravatar.com\\\/avatar\\\/06f93864ed6b830e2782e60575fff112f1c61c52bb10b194131e0e333191695b?s=96&d=mm&r=g\",\"url\":\"https:\\\/\\\/secure.gravatar.com\\\/avatar\\\/06f93864ed6b830e2782e60575fff112f1c61c52bb10b194131e0e333191695b?s=96&d=mm&r=g\",\"contentUrl\":\"https:\\\/\\\/secure.gravatar.com\\\/avatar\\\/06f93864ed6b830e2782e60575fff112f1c61c52bb10b194131e0e333191695b?s=96&d=mm&r=g\",\"caption\":\"johan No.1\"},\"url\":\"https:\\\/\\\/johanno1.se\\\/sv\\\/author\\\/johan\\\/\"}]}<\/script>\n<!-- \/ Yoast SEO plugin. -->","yoast_head_json":{"title":"Ukraina daglig uppdatering 20 Februari 2025 -","robots":{"index":"index","follow":"follow","max-snippet":"max-snippet:-1","max-image-preview":"max-image-preview:large","max-video-preview":"max-video-preview:-1"},"canonical":"https:\/\/johanno1.se\/sv\/ukraina-daglig-uppdatering-20-februari-2025\/","og_locale":"sv_SE","og_type":"article","og_title":"Ukraina daglig uppdatering 20 Februari 2025 -","og_description":"Uppdatering Dagens frontrapport fr\u00e5n Deepstatmap var ju ingen upplyftande l\u00e4sning direkt. Det \u00e4r fortfarande min h\u00f6gst starka \u00e5sikt att v\u00e4st, [&hellip;]","og_url":"https:\/\/johanno1.se\/sv\/ukraina-daglig-uppdatering-20-februari-2025\/","og_site_name":"Johan No.1","article_published_time":"2025-02-20T06:01:00+00:00","article_modified_time":"2025-05-25T12:21:46+00:00","og_image":[{"url":"https:\/\/substackcdn.com\/image\/fetch\/w_1456,c_limit,f_auto,q_auto:good,fl_progressive:steep\/https%3A%2F%2Fsubstack-post-media.s3.amazonaws.com%2Fpublic%2Fimages%2F25d45a6d-878a-4d1b-82af-f56d3803204f_672x436.png","type":"","width":"","height":""}],"author":"johan No.1","twitter_card":"summary_large_image","twitter_misc":{"Skriven av":"johan No.1","Ber\u00e4knad l\u00e4stid":"10 minuter"},"schema":{"@context":"https:\/\/schema.org","@graph":[{"@type":"Article","@id":"https:\/\/johanno1.se\/sv\/ukraina-daglig-uppdatering-20-februari-2025\/#article","isPartOf":{"@id":"https:\/\/johanno1.se\/sv\/ukraina-daglig-uppdatering-20-februari-2025\/"},"author":{"name":"johan No.1","@id":"https:\/\/johanno1.se\/sv\/#\/schema\/person\/1dec165f070bde263b30eaf3c0a742e7"},"headline":"Ukraina daglig uppdatering 20 Februari 2025","datePublished":"2025-02-20T06:01:00+00:00","dateModified":"2025-05-25T12:21:46+00:00","mainEntityOfPage":{"@id":"https:\/\/johanno1.se\/sv\/ukraina-daglig-uppdatering-20-februari-2025\/"},"wordCount":1916,"commentCount":153,"publisher":{"@id":"https:\/\/johanno1.se\/sv\/#organization"},"image":{"@id":"https:\/\/johanno1.se\/sv\/ukraina-daglig-uppdatering-20-februari-2025\/#primaryimage"},"thumbnailUrl":"https:\/\/substackcdn.com\/image\/fetch\/w_1456,c_limit,f_auto,q_auto:good,fl_progressive:steep\/https%3A%2F%2Fsubstack-post-media.s3.amazonaws.com%2Fpublic%2Fimages%2F25d45a6d-878a-4d1b-82af-f56d3803204f_672x436.png","articleSection":["Kriget i Ukraina"],"inLanguage":"sv-SE","potentialAction":[{"@type":"CommentAction","name":"Comment","target":["https:\/\/johanno1.se\/sv\/ukraina-daglig-uppdatering-20-februari-2025\/#respond"]}]},{"@type":"WebPage","@id":"https:\/\/johanno1.se\/sv\/ukraina-daglig-uppdatering-20-februari-2025\/","url":"https:\/\/johanno1.se\/sv\/ukraina-daglig-uppdatering-20-februari-2025\/","name":"Ukraina daglig uppdatering 20 Februari 2025 -","isPartOf":{"@id":"https:\/\/johanno1.se\/sv\/#website"},"primaryImageOfPage":{"@id":"https:\/\/johanno1.se\/sv\/ukraina-daglig-uppdatering-20-februari-2025\/#primaryimage"},"image":{"@id":"https:\/\/johanno1.se\/sv\/ukraina-daglig-uppdatering-20-februari-2025\/#primaryimage"},"thumbnailUrl":"https:\/\/substackcdn.com\/image\/fetch\/w_1456,c_limit,f_auto,q_auto:good,fl_progressive:steep\/https%3A%2F%2Fsubstack-post-media.s3.amazonaws.com%2Fpublic%2Fimages%2F25d45a6d-878a-4d1b-82af-f56d3803204f_672x436.png","datePublished":"2025-02-20T06:01:00+00:00","dateModified":"2025-05-25T12:21:46+00:00","breadcrumb":{"@id":"https:\/\/johanno1.se\/sv\/ukraina-daglig-uppdatering-20-februari-2025\/#breadcrumb"},"inLanguage":"sv-SE","potentialAction":[{"@type":"ReadAction","target":["https:\/\/johanno1.se\/sv\/ukraina-daglig-uppdatering-20-februari-2025\/"]}]},{"@type":"ImageObject","inLanguage":"sv-SE","@id":"https:\/\/johanno1.se\/sv\/ukraina-daglig-uppdatering-20-februari-2025\/#primaryimage","url":"https:\/\/substackcdn.com\/image\/fetch\/w_1456,c_limit,f_auto,q_auto:good,fl_progressive:steep\/https%3A%2F%2Fsubstack-post-media.s3.amazonaws.com%2Fpublic%2Fimages%2F25d45a6d-878a-4d1b-82af-f56d3803204f_672x436.png","contentUrl":"https:\/\/substackcdn.com\/image\/fetch\/w_1456,c_limit,f_auto,q_auto:good,fl_progressive:steep\/https%3A%2F%2Fsubstack-post-media.s3.amazonaws.com%2Fpublic%2Fimages%2F25d45a6d-878a-4d1b-82af-f56d3803204f_672x436.png"},{"@type":"BreadcrumbList","@id":"https:\/\/johanno1.se\/sv\/ukraina-daglig-uppdatering-20-februari-2025\/#breadcrumb","itemListElement":[{"@type":"ListItem","position":1,"name":"Hem","item":"https:\/\/johanno1.se\/sv\/"},{"@type":"ListItem","position":2,"name":"Ukraina daglig uppdatering 20 Februari 2025"}]},{"@type":"WebSite","@id":"https:\/\/johanno1.se\/sv\/#website","url":"https:\/\/johanno1.se\/sv\/","name":"Johan No.1","description":"Kriget i Ukraina - V\u00e4rldsledande omv\u00e4rldsanalys fr\u00e5n Svensksund till den ryska brakf\u00f6rlusten i Ukraina","publisher":{"@id":"https:\/\/johanno1.se\/sv\/#organization"},"potentialAction":[{"@type":"SearchAction","target":{"@type":"EntryPoint","urlTemplate":"https:\/\/johanno1.se\/sv\/?s={search_term_string}"},"query-input":{"@type":"PropertyValueSpecification","valueRequired":true,"valueName":"search_term_string"}}],"inLanguage":"sv-SE"},{"@type":"Organization","@id":"https:\/\/johanno1.se\/sv\/#organization","name":"Johan No. 1","url":"https:\/\/johanno1.se\/sv\/","logo":{"@type":"ImageObject","inLanguage":"sv-SE","@id":"https:\/\/johanno1.se\/sv\/#\/schema\/logo\/image\/","url":"https:\/\/johanno1.se\/wp-content\/uploads\/2025\/03\/cropped-No1-Logo.png","contentUrl":"https:\/\/johanno1.se\/wp-content\/uploads\/2025\/03\/cropped-No1-Logo.png","width":512,"height":512,"caption":"Johan No. 1"},"image":{"@id":"https:\/\/johanno1.se\/sv\/#\/schema\/logo\/image\/"}},{"@type":"Person","@id":"https:\/\/johanno1.se\/sv\/#\/schema\/person\/1dec165f070bde263b30eaf3c0a742e7","name":"johan No.1","image":{"@type":"ImageObject","inLanguage":"sv-SE","@id":"https:\/\/secure.gravatar.com\/avatar\/06f93864ed6b830e2782e60575fff112f1c61c52bb10b194131e0e333191695b?s=96&d=mm&r=g","url":"https:\/\/secure.gravatar.com\/avatar\/06f93864ed6b830e2782e60575fff112f1c61c52bb10b194131e0e333191695b?s=96&d=mm&r=g","contentUrl":"https:\/\/secure.gravatar.com\/avatar\/06f93864ed6b830e2782e60575fff112f1c61c52bb10b194131e0e333191695b?s=96&d=mm&r=g","caption":"johan No.1"},"url":"https:\/\/johanno1.se\/sv\/author\/johan\/"}]}},"_links":{"self":[{"href":"https:\/\/johanno1.se\/sv\/wp-json\/wp\/v2\/posts\/347","targetHints":{"allow":["GET"]}}],"collection":[{"href":"https:\/\/johanno1.se\/sv\/wp-json\/wp\/v2\/posts"}],"about":[{"href":"https:\/\/johanno1.se\/sv\/wp-json\/wp\/v2\/types\/post"}],"author":[{"embeddable":true,"href":"https:\/\/johanno1.se\/sv\/wp-json\/wp\/v2\/users\/3"}],"replies":[{"embeddable":true,"href":"https:\/\/johanno1.se\/sv\/wp-json\/wp\/v2\/comments?post=347"}],"version-history":[{"count":1,"href":"https:\/\/johanno1.se\/sv\/wp-json\/wp\/v2\/posts\/347\/revisions"}],"predecessor-version":[{"id":348,"href":"https:\/\/johanno1.se\/sv\/wp-json\/wp\/v2\/posts\/347\/revisions\/348"}],"wp:attachment":[{"href":"https:\/\/johanno1.se\/sv\/wp-json\/wp\/v2\/media?parent=347"}],"wp:term":[{"taxonomy":"category","embeddable":true,"href":"https:\/\/johanno1.se\/sv\/wp-json\/wp\/v2\/categories?post=347"},{"taxonomy":"post_tag","embeddable":true,"href":"https:\/\/johanno1.se\/sv\/wp-json\/wp\/v2\/tags?post=347"}],"curies":[{"name":"wp","href":"https:\/\/api.w.org\/{rel}","templated":true}]}}