{"id":3472,"date":"2025-12-09T07:01:00","date_gmt":"2025-12-09T06:01:00","guid":{"rendered":"https:\/\/johanno1.se\/?p=3472"},"modified":"2025-12-10T06:37:48","modified_gmt":"2025-12-10T05:37:48","slug":"ukraina-daglig-uppdatering-9-december-2025","status":"publish","type":"post","link":"https:\/\/johanno1.se\/sv\/ukraina-daglig-uppdatering-9-december-2025\/","title":{"rendered":"Ukraina daglig uppdatering 9 December 2025"},"content":{"rendered":"\n<p>Nu vidare till USA och Churchills \u201dUSA g\u00f6r till sist r\u00e4tt n\u00e4r dom provat exakt allt annat f\u00f6rst\u201d.<\/p>\n\n\n\n<p>Tidslinjen tills vi \u00e4r d\u00e4r \u00e4r v\u00e4l 3-4\u00e5r iallafall?<\/p>\n\n\n\n<p>F\u00f6rst skall dom ju f\u00f6rlora sin dollarstatus, ha en rej\u00e4l finanskrasch och se Kina \u00f6ka p\u00e5 helt h\u00e4nsynsl\u00f6st i Asien \u2013 f\u00f6rst d\u00e5 b\u00f6rjar det br\u00e4nnas kanske?<\/p>\n\n\n\n<p>Trump har dessutom tre \u00e5r p\u00e5 sig innan han kan r\u00f6stas bort om han inte beg\u00e5r n\u00e5t j\u00e4ttemisstag och blir bortr\u00f6stad.<\/p>\n\n\n\n<p>Vad som \u00e4n h\u00e4nder s\u00e5 beh\u00f6ver Europa dra sitt eget lass fr\u00e5n och med nu och det verkar vi ha f\u00f6rst\u00e5tt. Vill g\u00f6ra en v\u00e4rldsledande po\u00e4ng av att v\u00e4rlden aldrig har sett ett enat Europa f\u00f6rut och absolut inte tillsammans med Ukraina, Australien, NZ, Sydkorea, Japan och Taiwan st\u00e5ende p\u00e5 europas sida.<\/p>\n\n\n\n<p>Vi har sett Frankrike, Tyskland eller UK helt p\u00e5 egen hand halvt ta \u00f6ver Europa, eller v\u00e4rlden, men ett gr\u00e4nsl\u00f6st samarbete d\u00e4r alla drar \u00e5t samma h\u00e5ll finns det ingen nu levande despot eller flaskbotten-glas\u00f6gon kines som kan dra historiska erfarenheter av fr\u00e5n historien och f\u00f6rbereda sig f\u00f6r.<\/p>\n\n\n\n<p>Det \u00e4r f\u00f6rmodligen d\u00e4rf\u00f6r alla andra f\u00f6rs\u00f6ker s\u00f6ndra Europa s\u00e5 att vi inte st\u00e5r enade, och det \u00e4r r\u00e4tt tydligt att dom misslyckats tack vare att Ukraina h\u00e5llit ut s\u00e5 l\u00e4nge som dom gjort s\u00e5 vi skulle hinna komma i ordning.<\/p>\n\n\n\n<p>Den koordinerade p\u00e5verkansoperation fr\u00e5n Kina och Ryssland vi ser just nu skvallrar om vad dom har f\u00f6r planer fram\u00f6ver tycker jag \u2013 vi g\u00e5r emot krig d\u00e4r sm\u00e5 svaga l\u00e4nder ryker f\u00f6rst och man avser h\u00e5lla Europa passivt och fullt upptagna med inre konflikter och helt skapade irrelevanta problem.<\/p>\n\n\n\n<p>USA\/Biden\/Trump har (f\u00f6rmodligen) f\u00f6rs\u00f6kt balansera det h\u00e4r s\u00e5 Europa inte skall resa sig och vi skulle landa i ett kallt krig ist\u00e4llet f\u00f6r det vore b\u00e4ttre \u00e4n fullt globalt krig. USA hade sina b\u00e4sta \u00e5r under (f\u00f6rra) kalla kriget.<\/p>\n\n\n\n<p>Det d\u00e4r \u00e4r en liten dirty-hemlighet som bara Johan No.1 k\u00e4nde till men nu i deras security plan s\u00e5 avsl\u00f6jades det som vi sagt i ett par \u00e5r nu \u2013 USA f\u00f6rs\u00f6ker f\u00e5 Europa passiva och r\u00e4dda f\u00f6r d\u00e5 betalar vi USA vadsomhelst.<\/p>\n\n\n\n<p>Kina b\u00f6r alla passa sig f\u00f6r \u2013 just nu har deras fiskeflotta varit i fokus inte f\u00f6r f\u00f6rsta g\u00e5ngen alls men r\u00e4tt tydligt beskrivet \u2013 dom \u00e5kte till Galapagos och damms\u00f6g havsbotten p\u00e5 r\u00f6dlistade arter.<\/p>\n\n\n\n<p>F\u00f6rst \u2013 var \u00e4r v\u00e4rldens milj\u00f6organisationer som har l\u00f6n och status av att f\u00e5 oss att inte avverka skog f\u00f6r n\u00e5n groda som det finns tre miljoner av i varenda sumpmark norr om Uppsala?<\/p>\n\n\n\n<p>Eller att vi skall \u00e5terst\u00e4lla sumpmark som g\u00f6der myggpl\u00e5gan n\u00e4r all mark norr om Uppsala \u00e4r ett mygghelvete redan?<\/p>\n\n\n\n<p>F\u00f6r Galapagos \u00e4r lite av ett v\u00e4rldsarv (fabulerar fritt nu \ud83d\ude00).<\/p>\n\n\n\n<p>H\u00e4r \u00e4r hundratals fartyg inne och dammsuger utanf\u00f6r Argentinas kust fast dom inte har r\u00e4tt till det och flottan p\u00e5 tusentals fartyg och sj\u00e4lva definitionen av en marin gr\u00e4shoppssv\u00e4rm.<\/p>\n\n\n\n<figure class=\"wp-block-image is-resized\"><a class=\"image-link image2 is-viewable-img\" href=\"https:\/\/substackcdn.com\/image\/fetch\/$s_!tksd!,f_auto,q_auto:good,fl_progressive:steep\/https%3A%2F%2Fsubstack-post-media.s3.amazonaws.com%2Fpublic%2Fimages%2F47164889-1d58-4287-8729-0bf359609106_828x1183.jpeg\" target=\"_blank\" rel=\"noreferrer noopener\"><img decoding=\"async\" src=\"https:\/\/substackcdn.com\/image\/fetch\/$s_!tksd!,w_1456,c_limit,f_auto,q_auto:good,fl_progressive:steep\/https%3A%2F%2Fsubstack-post-media.s3.amazonaws.com%2Fpublic%2Fimages%2F47164889-1d58-4287-8729-0bf359609106_828x1183.jpeg\" alt=\"\" style=\"aspect-ratio:0.6999176352155212;width:368px;height:auto\"\/><\/a><\/figure>\n\n\n\n<p>Kina \u00e4r idag det Europa och (kanske&#8230;) USA lyckats komma ifr\u00e5n \u2013 en destruktiv expansiv kraft som v\u00e4xer p\u00e5 bekostnad av alla andra och \u00f6del\u00e4gger allt i deras v\u00e4g f\u00f6r att endast gynna de egna medborgarna. Kina \u00e4r en klassisk kolonialmakt helt enkelt som vi i v\u00e4st l\u00e4rt oss f\u00f6rst\u00e5 att vi inte skall vara f\u00f6r det \u00e4r inte moraliskt f\u00f6rsvarbart. Men att l\u00e5ta Kina vara det ist\u00e4llet g\u00f6r ju inte de koloniserade minoritetsfolken speciellt mycket gladare eller hur.<\/p>\n\n\n\n<p>Ryssland \u00e4r \u00e4nnu v\u00e4rre, dom tar sig fram genom att kliva \u00f6ver blodiga barnlik och verkar r\u00e4tt n\u00f6jda med sin insats och det avtryck dom g\u00f6r i historien. Dom hyllar sig sj\u00e4lva som en av de stora vilket \u00e4r sp\u00e4nnande f\u00f6r dom fick det gratis efter WW2 som tack, och sen under kalla kriget var dom ett existentiellt hot men alla med r\u00e4tt styrka p\u00e5 glas\u00f6gonen kan se sj\u00e4lva att dom \u00e4r en uppbl\u00e5st ballong av halvtomt hotande och bara m\u00f6rdar civila som inte kan f\u00f6rsvara sig.<\/p>\n\n\n\n<p>Ja, viss risk f\u00f6r att vi v\u00e4cker n\u00e5got i Europa som slumrat sedan WW2, eller kolonialtiden till och med, nu n\u00e4r Europa m\u00e5ste g\u00e5 i krig men jag vill verkligen tro att vi klarar av att balansera denna slaka lina den h\u00e4r g\u00e5ngen trots att vi misslyckats totalt alla andra g\u00e5nger och varit skuld till r\u00e4tt mycket d\u00e5ligt i v\u00e4rlden.<\/p>\n\n\n\n<p>Nu n\u00e4r ni vet vilka sanningar Johan No.1 levererat genom \u00e5ren eftersom ni l\u00e4st alla inl\u00e4gg och prenumererar (f\u00f6r det g\u00f6r ni v\u00e4l s\u00e5 h\u00e4r innan Jul \ud83e\uddd0) s\u00e5 kommer h\u00e4r en till l\u00e4gesbild som kommer st\u00e4mma till stor del eftersom jag snott den ur Pearsons bok.<\/p>\n\n\n\n<p>Europa m\u00e5ste hantera Ryssland och vi kommer \u00f6ver tid f\u00f6rmodligen genomf\u00f6ra f\u00f6ljande mjuka \u00e5tg\u00e4rder \u2013<\/p>\n\n\n\n<p>-st\u00f6tta Ukraina till en brakvinst som dom sedan utnyttjar till att f\u00e4lla Ryssland som splittras i n\u00e5t tiotal nya l\u00e4nder och d\u00e4r dom har ypperliga relationer med n\u00e4rliggande sex oblaster &#8211; \u00e4ven om dom under hela resan lovar oss att absolut inte g\u00f6ra det.<\/p>\n\n\n\n<p>-Vi v\u00e4lkomnar Ukraina in i EU och \u201dv\u00e5rt\u201d f\u00f6rsvarsf\u00f6rbund JEF eftersom USA\/Trump saboterade NATO med viss m\u00e5lglidning att ist\u00e4llet f\u00f6r att f\u00f6rsvara sig mot Ryssland blev att f\u00f6rsvara sig mot EU.<\/p>\n\n\n\n<p>-Kaliningrad blir en autonom demilitariserad skattefri enklav med t\u00e4ta band till EU dit alla i Europa \u00e5ker f\u00f6r att k\u00f6pa skattefria produkter insmugglade fr\u00e5n Ryssland.<\/p>\n\n\n\n<p>-Belarus f\u00e5r en folklig revolution, orienterar sig mot EU och \u00e5ker in p\u00e5 prospekts-listan mot att dom minerar igen \u00f6stgr\u00e4nsen och f\u00e5r en EU v\u00e4nlig regering.<\/p>\n\n\n\n<p>-\u00d6stersj\u00f6n s\u00e4kras genom JEF och fr\u00e5gan \u00e4r om ryska \u00f6stersj\u00f6flottan finns kvar efter detta, f\u00f6rmodligen inte f\u00f6r den \u00e4r bland det enklaste att sl\u00e5 ut som skulle svida rej\u00e4lt.<\/p>\n\n\n\n<p>-Gr\u00e4nsen mot Ryssland fr\u00e5n norra Finland ned till S\u00d6 Ukraina mineras igen totalt och inte en ryssj\u00e4vel \u00f6ver gr\u00e4nsen p\u00e5 80\u00e5r.<\/p>\n\n\n\n<p>-EU tar skalskyddet p\u00e5 allvar och hela EU \u00e4r med och betalar, vi har redan sett dom l\u00f6sa finansieringsfr\u00e5gan hj\u00e4lpligt s\u00e5 det kommer vi landa i.<\/p>\n\n\n\n<p>D\u00e4r har Europa n\u00e5tt i m\u00e5l med v\u00e5r tids globala konflikt som riskerade att beh\u00f6va f\u00f6ras hos oss vilket vi nu slapp mest f\u00f6r att Ukraina tog en mycket blodig f\u00f6r laget utan att vi var det minsta tacksamma under fyra l\u00e5nga \u00e5r.<\/p>\n\n\n\n<p>Vad USA g\u00f6r eller inte g\u00f6r h\u00e4r \u00e4r irrelevant, det enda vi beh\u00f6ver g\u00f6ra \u00e4r att i den m\u00e5n det \u00e4r m\u00f6jligt inte bli slasken f\u00f6r finanskrasch 2026-2027 som vi blev 2008 \u2013 lyckas vi inte parera det finns det viss risk att v\u00e5ldsam krigsvilja byts mot bortr\u00f6stade regeringar ist\u00e4llet vilket \u00e4r alla andras plan.<\/p>\n\n\n\n<p>Europa har i sina beredskapslager och mobbf\u00f6rr\u00e5d redan idag en absolut ENORM arsenal, det vi inte tagit p\u00e5 allvar \u00e4r krig 2025, och att det skulle kunna bli krig igen.<\/p>\n\n\n\n<p>Vi har ocks\u00e5 haft svaga politiker i goda tider som aldrig beh\u00f6vt sk\u00f6ta sig p\u00e5 jobbet och varit halvt infiltrerade av rysk subversiv verksamhet.<\/p>\n\n\n\n<p>Nu n\u00e4r vi \u00e4r \u00f6ver det sista hindret tack vare att Ukraina gener\u00f6st gav oss all tid vi beh\u00f6vde har vi allt i lagren i hela Europa och \u00e4ven personalen.<\/p>\n\n\n\n<p>Japan, Sydkorea, Australien, NZ, Taiwan och Filippinerna har alla samma problem \u2013 Kina vill k\u00f6ra \u00f6ver dom. Precis som Baltikum och Ukraina f\u00f6rst\u00e5r alla l\u00e4nderna ovan att Taiwan bara \u00e4r f\u00f6rst i v\u00e4rldens st\u00f6rsta plundrart\u00e5g sedan mongolerna om det till\u00e5ts komma ig\u00e5ng.<\/p>\n\n\n\n<p>H\u00e5ller USA p\u00e5 och fulspelar sig vidare kommer dessa l\u00e4nder v\u00e4nda sig till oss och vi kommer visa ledarskap f\u00f6r det har vi redan b\u00f6rjat med. F\u00f6rmodligen kommer Australien ta emot mycket f\u00f6rm\u00e5ga fr\u00e5n oss fram\u00f6ver, vi beh\u00f6ver inte \u00f6verdrivet mycket flotta hos oss s\u00e5 d\u00e4r har vi stor redundans till exempel.<\/p>\n\n\n\n<p>Flyg kan vi ocks\u00e5 avvara och en del marktrupp \u00e4ven om jag inte tror just det beh\u00f6vs n\u00e4r japanerna b\u00f6rjar komma ig\u00e5ng.<\/p>\n\n\n\n<p>Robotar och indirekta f\u00f6rm\u00e5gor kommer byggas och skeppas s\u00e5 Australien blir n\u00e5n typ av taggig v\u00e5ldsam igelkott och hemmabas f\u00f6r expeditionsk\u00e5r Sydostasien som ligger skyddat bakom f\u00f6rstalinjen som \u00e4r alla andra l\u00e4nderna.<\/p>\n\n\n\n<p>H\u00e4r har d\u00e5 Europa den position varenda stor ledare g\u00e4rna vill ha (igen), kriget utk\u00e4mpas p\u00e5 annan geografisk plats och andra l\u00e4nder ligger i farozonen \u2013 vi beh\u00f6ver bara skjuta till f\u00f6rm\u00e5ga som vi lyckades undvika att g\u00f6ra i Ukraina under fyra l\u00e5nga \u00e5r.<\/p>\n\n\n\n<p>F\u00f6rmodligen kan man l\u00f6sa det genom frivilligrekrytering och inte tvingande mobilisering \u00e4ven om jag vill se full j\u00e4mlikhet och representation av alla identiteter och tillh\u00f6righeter vi l\u00e4rt oss senaste \u00e5ren \u2013 d\u00f6den skall vara j\u00e4mlik det \u00e4r mycket viktigt.<\/p>\n\n\n\n<p>Lite som USA kunde ha gjort men valde att inte g\u00f6ra \u00e4ven om Trumps victoryparfym var otroligt v\u00e4lluktande och han absolut f\u00f6rtj\u00e4nade FIFAs fredsmedalj som jag inte ens visste att dom hade &#8211; verkar vara ett m\u00e5nghundra\u00e5rigt pris det d\u00e4r som styrelsen inte hade en aning om att ordf\u00f6rande skulle ge till Trump.<\/p>\n\n\n\n<p>Vi i Europa avg\u00f6r inte om Kina eller Kina-USA g\u00e5r i krig, det avg\u00f6r dom sj\u00e4lva. Ryssland har dock redan valt krig och vi m\u00e5ste utk\u00e4mpa det med ukrainska soldaters liv fortfarande men om Asien exploderar eller inte har vi absolut ingen b\u00e4ring p\u00e5.<\/p>\n\n\n\n<p>F\u00f6rmodligen kommer USA nu efter att ha f\u00f6rs\u00f6kt lura in Europa i ett kallt krig, tok-gynna Ryssland och b\u00f6rjat ge efter f\u00f6r Kinas utpressning helt skaml\u00f6st f\u00f6lja upp det fiasko-f\u00f6rr\u00e4deriet med att ist\u00e4llet f\u00f6rklara krig mot Kina.<\/p>\n\n\n\n<p>Eller om Kina kanske lyckas hinna f\u00f6rst \u2013 lite sv\u00e5rt att avg\u00f6ra exakt hur starten kommer se ut.<\/p>\n\n\n\n<p>Ingendera parten kommer kunna invadera den andra s\u00e5 det blir elefantbrottning med yxansparkar i Sydostasien tills b\u00e4gge tr\u00f6ttnar.<\/p>\n\n\n\n<p>Hur l\u00e4nge kan det kriget p\u00e5g\u00e5 i Asien tror vi \u2013 3 till 5 \u00e5r?<\/p>\n\n\n\n<p>Europa har nu en mycket stor chans till V\u00c5R gyllene tids\u00e5lder, inte dark ages igen med nedlagd k\u00e4rnkraft och skenande kriminalitet som skulle vara v\u00e5r b\u00e4sta tid enligt Sandvikenrapporten. V\u00e4lst\u00e5nd p\u00e5 riktigt om vi inte helt tappar bollen och eller inte lyckas h\u00e5lla emot MPs framst\u00f6tar f\u00f6r en b\u00e4ttre v\u00e4rld f\u00f6r alla.<\/p>\n\n\n\n<p>Vi bygger en minerad mur mot \u00f6st och kapar alla band \u2013 produktion, produkter, energi och visum.<\/p>\n\n\n\n<p>Vi bygger upp all energiproduktion, produktion och forskning inom EU (igen&#8230;).<\/p>\n\n\n\n<p>Bra l\u00e4nder i Afrika v\u00e4nder vi oss till med SCHYSSTA avtal (ja, jag vill trycka p\u00e5 det f\u00f6r sist vi f\u00f6rs\u00f6kte med leopold-\u00e4pplen blev det inte s\u00e5 bra) och vi f\u00e5r en ENORM marknad och alla r\u00e5varor vi beh\u00f6ver. Jag kan idag inte med ord beskriva hur mycket naturresurser Angola har \u2013 det \u00e4r tiotals om inte hundratals g\u00e5nger mer \u00e4n vad som idag anses vara deras reserver av den enkla anledningen att man prospekterat kanske 0.2% av landets yta bara.<\/p>\n\n\n\n<p>Afrika f\u00e5r d\u00e5 tillg\u00e5ng till skattefria handelsavtal med EU och per automatik kommer kunskap, expertis, entrepren\u00f6rer och \u00e4ventyrliga b\u00f6rja migrera ned samtidigt som arbetskraft migrerar upp och f\u00e5r arbetslivserfarenhet.<\/p>\n\n\n\n<p>Dom g\u00f6r en Polen som f\u00f6rst jobbade hos oss, l\u00e4rde sig yrken och expertis och sen \u00e5kte tillbaka och gjorde landet till \u00e5rets raket och ett av de l\u00e4nder miljon\u00e4rer v\u00e4ljer att bo i 2025.<\/p>\n\n\n\n<p>De l\u00e4nder i Afrika som v\u00e4ljer oss v\u00e4xer i v\u00e4lst\u00e5nd tillsammans med oss och v\u00e4rldens f\u00f6rsta win-win har skett trots att alla p\u00e5stod att n\u00e5got s\u00e5dant inte fanns.<\/p>\n\n\n\n<p>Nu n\u00e4r dollarn stend\u00f6r efter att USA totalt plundrat sig fram p\u00e5 sista andningen ett tag till och BRIICS valutan blir till damm n\u00e4r alla bara sitter p\u00e5 ett berg av andra landets valuta men inget att k\u00f6pa d\u00e5 utbrister n\u00e5gon flaskbotten-glas\u00f6gon kines \u2013 men EURON vad tror ni om den&#8230;<\/p>\n\n\n\n<p>Och ja, EUR blir morgondagens v\u00e4rldsvaluta f\u00f6r 80\u00e5r fram\u00f6ver som k\u00f6rsb\u00e4ret som balanserar p\u00e5 toppen av den europeiska victory-suffl\u00e9n.<\/p>\n\n\n\n<p>N\u00e4r hela Afrika och Europa idkar handel i EUR kommer det per automatik sprida sig globalt eller hur. Det som Kina f\u00f6rs\u00f6ker med sin \u201dv\u00e4rldsvaluta korg\u201d kan EUR g\u00f6ra helt p\u00e5 egen hand.<\/p>\n\n\n\n<p>Allt vi beh\u00f6ver g\u00f6ra \u00e4r att v\u00e5ga g\u00e5 i krig och d\u00f6da ryssj\u00e4vlar, hj\u00e4lpa v\u00e5ra polare utan att svika dom som vi gjort med Ukraina, inte m\u00f6rda oss sj\u00e4lva med klimat-kniven som Milj\u00f6partiet h\u00e5ller fram med ett oskyldigt leende och till sist vara schyssta mot Afrika p\u00e5 riktigt den h\u00e4r g\u00e5ngen. Ja, ni t\u00e4nker ocks\u00e5 att vi misslyckats med allt detta upprepade g\u00e5nger tidigare men tredjer g\u00e5ngen gillt heter det v\u00e4l.<\/p>\n\n\n\n<p>Vad USA g\u00f6r har ingen b\u00e4ring p\u00e5 detta och Ryssland\/Kina kan ocks\u00e5 g\u00f6ra vad dom vill, fattar vi bara r\u00e4tt beslut f\u00e5r vi 80\u00e5r av toppen p\u00e5 pyramiden och jag kan inte t\u00e4nka mig en b\u00e4ttre konstellation att f\u00f6rvalta den \u00e4ven om vi missk\u00f6tte oss kapitalt under hundratals \u00e5r sist vi anf\u00f6rtroddes denna \u00e4rev\u00f6rdiga uppgift.<\/p>\n\n\n\n<p>Sen kommer goda tider ge svaga ledare s\u00e5 sm\u00e5ningom och cykeln upprepas men nu idag 2025 \u00e4r det vad vi g\u00e5r emot.<\/p>\n\n\n\n<p>Med lite tur hinner AU (afrikanska unionen) utvecklas till n\u00e5got som \u00e4r tillr\u00e4ckligt starkt f\u00f6r att motverka framtida plundringsf\u00f6rs\u00f6k och skelettet finns d\u00e4r redan idag och f\u00f6rs\u00f6ker kopiera EU b\u00e4st det g\u00e5r p\u00e5 sitt eget s\u00e4tt.<\/p>\n\n\n\n<p>Personligen hoppas jag p\u00e5 att f\u00e5 jobba i Angola igen om n\u00e5gra \u00e5r och \u00e4ven om jag kanske inte hinner se den fulla blomstertr\u00e4dg\u00e5rden s\u00e5 g\u00e5r v\u00e4l allt \u00e5t r\u00e4tt h\u00e5ll, en l\u00e5ng upp\u00e5tkurva och den ljusnande framtid \u00e4r v\u00e5r (-a barns).<\/p>\n\n\n\n<p>Och det historieb\u00f6ckerna helt kommer gl\u00f6mma bort n\u00e4r allt ljus faller p\u00e5 Tyskland och Frankrike \u00e4r att det var n\u00e5gra hundratusen dybl\u00f6ta ukrainska skytte i \u00f6stra Ukraina som gav det st\u00f6rsta offret f\u00f6r att ge oss hundra \u00e5r av v\u00e4lst\u00e5nd. N\u00e4r historien skrivs kommer det vara Macron och hans fru som med gudalik f\u00f6rm\u00e5ga v\u00e4rdig en stor kejsare r\u00e4ddade v\u00e4rlden och gav oss evig fred.<\/p>\n","protected":false},"excerpt":{"rendered":"<p>Nu vidare till USA och Churchills \u201dUSA g\u00f6r till sist r\u00e4tt n\u00e4r dom provat exakt allt annat f\u00f6rst\u201d. Tidslinjen tills [&hellip;]<\/p>\n","protected":false},"author":3,"featured_media":0,"comment_status":"open","ping_status":"open","sticky":false,"template":"","format":"standard","meta":{"site-sidebar-layout":"default","site-content-layout":"","ast-site-content-layout":"default","site-content-style":"default","site-sidebar-style":"default","ast-global-header-display":"","ast-banner-title-visibility":"","ast-main-header-display":"","ast-hfb-above-header-display":"","ast-hfb-below-header-display":"","ast-hfb-mobile-header-display":"","site-post-title":"","ast-breadcrumbs-content":"","ast-featured-img":"","footer-sml-layout":"","ast-disable-related-posts":"","theme-transparent-header-meta":"","adv-header-id-meta":"","stick-header-meta":"","header-above-stick-meta":"","header-main-stick-meta":"","header-below-stick-meta":"","astra-migrate-meta-layouts":"default","ast-page-background-enabled":"default","ast-page-background-meta":{"desktop":{"background-color":"var(--ast-global-color-4)","background-image":"","background-repeat":"repeat","background-position":"center center","background-size":"auto","background-attachment":"scroll","background-type":"","background-media":"","overlay-type":"","overlay-color":"","overlay-opacity":"","overlay-gradient":""},"tablet":{"background-color":"","background-image":"","background-repeat":"repeat","background-position":"center center","background-size":"auto","background-attachment":"scroll","background-type":"","background-media":"","overlay-type":"","overlay-color":"","overlay-opacity":"","overlay-gradient":""},"mobile":{"background-color":"","background-image":"","background-repeat":"repeat","background-position":"center center","background-size":"auto","background-attachment":"scroll","background-type":"","background-media":"","overlay-type":"","overlay-color":"","overlay-opacity":"","overlay-gradient":""}},"ast-content-background-meta":{"desktop":{"background-color":"var(--ast-global-color-5)","background-image":"","background-repeat":"repeat","background-position":"center center","background-size":"auto","background-attachment":"scroll","background-type":"","background-media":"","overlay-type":"","overlay-color":"","overlay-opacity":"","overlay-gradient":""},"tablet":{"background-color":"var(--ast-global-color-5)","background-image":"","background-repeat":"repeat","background-position":"center center","background-size":"auto","background-attachment":"scroll","background-type":"","background-media":"","overlay-type":"","overlay-color":"","overlay-opacity":"","overlay-gradient":""},"mobile":{"background-color":"var(--ast-global-color-5)","background-image":"","background-repeat":"repeat","background-position":"center center","background-size":"auto","background-attachment":"scroll","background-type":"","background-media":"","overlay-type":"","overlay-color":"","overlay-opacity":"","overlay-gradient":""}},"footnotes":""},"categories":[18],"tags":[],"class_list":["post-3472","post","type-post","status-publish","format-standard","hentry","category-ukraina"],"yoast_head":"<!-- This site is optimized with the Yoast SEO plugin v27.4 - https:\/\/yoast.com\/product\/yoast-seo-wordpress\/ -->\n<title>Ukraina daglig uppdatering 9 December 2025 -<\/title>\n<meta name=\"robots\" content=\"index, follow, max-snippet:-1, max-image-preview:large, max-video-preview:-1\" \/>\n<link rel=\"canonical\" href=\"https:\/\/johanno1.se\/sv\/ukraina-daglig-uppdatering-9-december-2025\/\" \/>\n<meta property=\"og:locale\" content=\"sv_SE\" \/>\n<meta property=\"og:type\" content=\"article\" \/>\n<meta property=\"og:title\" content=\"Ukraina daglig uppdatering 9 December 2025 -\" \/>\n<meta property=\"og:description\" content=\"Nu vidare till USA och Churchills \u201dUSA g\u00f6r till sist r\u00e4tt n\u00e4r dom provat exakt allt annat f\u00f6rst\u201d. Tidslinjen tills [&hellip;]\" \/>\n<meta property=\"og:url\" content=\"https:\/\/johanno1.se\/sv\/ukraina-daglig-uppdatering-9-december-2025\/\" \/>\n<meta property=\"og:site_name\" content=\"Johan No.1\" \/>\n<meta property=\"article:published_time\" content=\"2025-12-09T06:01:00+00:00\" \/>\n<meta property=\"article:modified_time\" content=\"2025-12-10T05:37:48+00:00\" \/>\n<meta property=\"og:image\" content=\"https:\/\/substackcdn.com\/image\/fetch\/$s_!tksd!,w_1456,c_limit,f_auto,q_auto:good,fl_progressive:steep\/https%3A%2F%2Fsubstack-post-media.s3.amazonaws.com%2Fpublic%2Fimages%2F47164889-1d58-4287-8729-0bf359609106_828x1183.jpeg\" \/>\n<meta name=\"author\" content=\"johan No.1\" \/>\n<meta name=\"twitter:card\" content=\"summary_large_image\" \/>\n<meta name=\"twitter:label1\" content=\"Skriven av\" \/>\n\t<meta name=\"twitter:data1\" content=\"johan No.1\" \/>\n\t<meta name=\"twitter:label2\" content=\"Ber\u00e4knad l\u00e4stid\" \/>\n\t<meta name=\"twitter:data2\" content=\"12 minuter\" \/>\n<script type=\"application\/ld+json\" class=\"yoast-schema-graph\">{\"@context\":\"https:\\\/\\\/schema.org\",\"@graph\":[{\"@type\":\"Article\",\"@id\":\"https:\\\/\\\/johanno1.se\\\/sv\\\/ukraina-daglig-uppdatering-9-december-2025\\\/#article\",\"isPartOf\":{\"@id\":\"https:\\\/\\\/johanno1.se\\\/sv\\\/ukraina-daglig-uppdatering-9-december-2025\\\/\"},\"author\":{\"name\":\"johan No.1\",\"@id\":\"https:\\\/\\\/johanno1.se\\\/sv\\\/#\\\/schema\\\/person\\\/1dec165f070bde263b30eaf3c0a742e7\"},\"headline\":\"Ukraina daglig uppdatering 9 December 2025\",\"datePublished\":\"2025-12-09T06:01:00+00:00\",\"dateModified\":\"2025-12-10T05:37:48+00:00\",\"mainEntityOfPage\":{\"@id\":\"https:\\\/\\\/johanno1.se\\\/sv\\\/ukraina-daglig-uppdatering-9-december-2025\\\/\"},\"wordCount\":2621,\"commentCount\":49,\"publisher\":{\"@id\":\"https:\\\/\\\/johanno1.se\\\/sv\\\/#organization\"},\"image\":{\"@id\":\"https:\\\/\\\/johanno1.se\\\/sv\\\/ukraina-daglig-uppdatering-9-december-2025\\\/#primaryimage\"},\"thumbnailUrl\":\"https:\\\/\\\/substackcdn.com\\\/image\\\/fetch\\\/$s_!tksd!,w_1456,c_limit,f_auto,q_auto:good,fl_progressive:steep\\\/https%3A%2F%2Fsubstack-post-media.s3.amazonaws.com%2Fpublic%2Fimages%2F47164889-1d58-4287-8729-0bf359609106_828x1183.jpeg\",\"articleSection\":[\"Kriget i Ukraina\"],\"inLanguage\":\"sv-SE\",\"potentialAction\":[{\"@type\":\"CommentAction\",\"name\":\"Comment\",\"target\":[\"https:\\\/\\\/johanno1.se\\\/sv\\\/ukraina-daglig-uppdatering-9-december-2025\\\/#respond\"]}]},{\"@type\":\"WebPage\",\"@id\":\"https:\\\/\\\/johanno1.se\\\/sv\\\/ukraina-daglig-uppdatering-9-december-2025\\\/\",\"url\":\"https:\\\/\\\/johanno1.se\\\/sv\\\/ukraina-daglig-uppdatering-9-december-2025\\\/\",\"name\":\"Ukraina daglig uppdatering 9 December 2025 -\",\"isPartOf\":{\"@id\":\"https:\\\/\\\/johanno1.se\\\/sv\\\/#website\"},\"primaryImageOfPage\":{\"@id\":\"https:\\\/\\\/johanno1.se\\\/sv\\\/ukraina-daglig-uppdatering-9-december-2025\\\/#primaryimage\"},\"image\":{\"@id\":\"https:\\\/\\\/johanno1.se\\\/sv\\\/ukraina-daglig-uppdatering-9-december-2025\\\/#primaryimage\"},\"thumbnailUrl\":\"https:\\\/\\\/substackcdn.com\\\/image\\\/fetch\\\/$s_!tksd!,w_1456,c_limit,f_auto,q_auto:good,fl_progressive:steep\\\/https%3A%2F%2Fsubstack-post-media.s3.amazonaws.com%2Fpublic%2Fimages%2F47164889-1d58-4287-8729-0bf359609106_828x1183.jpeg\",\"datePublished\":\"2025-12-09T06:01:00+00:00\",\"dateModified\":\"2025-12-10T05:37:48+00:00\",\"breadcrumb\":{\"@id\":\"https:\\\/\\\/johanno1.se\\\/sv\\\/ukraina-daglig-uppdatering-9-december-2025\\\/#breadcrumb\"},\"inLanguage\":\"sv-SE\",\"potentialAction\":[{\"@type\":\"ReadAction\",\"target\":[\"https:\\\/\\\/johanno1.se\\\/sv\\\/ukraina-daglig-uppdatering-9-december-2025\\\/\"]}]},{\"@type\":\"ImageObject\",\"inLanguage\":\"sv-SE\",\"@id\":\"https:\\\/\\\/johanno1.se\\\/sv\\\/ukraina-daglig-uppdatering-9-december-2025\\\/#primaryimage\",\"url\":\"https:\\\/\\\/substackcdn.com\\\/image\\\/fetch\\\/$s_!tksd!,w_1456,c_limit,f_auto,q_auto:good,fl_progressive:steep\\\/https%3A%2F%2Fsubstack-post-media.s3.amazonaws.com%2Fpublic%2Fimages%2F47164889-1d58-4287-8729-0bf359609106_828x1183.jpeg\",\"contentUrl\":\"https:\\\/\\\/substackcdn.com\\\/image\\\/fetch\\\/$s_!tksd!,w_1456,c_limit,f_auto,q_auto:good,fl_progressive:steep\\\/https%3A%2F%2Fsubstack-post-media.s3.amazonaws.com%2Fpublic%2Fimages%2F47164889-1d58-4287-8729-0bf359609106_828x1183.jpeg\"},{\"@type\":\"BreadcrumbList\",\"@id\":\"https:\\\/\\\/johanno1.se\\\/sv\\\/ukraina-daglig-uppdatering-9-december-2025\\\/#breadcrumb\",\"itemListElement\":[{\"@type\":\"ListItem\",\"position\":1,\"name\":\"Hem\",\"item\":\"https:\\\/\\\/johanno1.se\\\/sv\\\/\"},{\"@type\":\"ListItem\",\"position\":2,\"name\":\"Ukraina daglig uppdatering 9 December 2025\"}]},{\"@type\":\"WebSite\",\"@id\":\"https:\\\/\\\/johanno1.se\\\/sv\\\/#website\",\"url\":\"https:\\\/\\\/johanno1.se\\\/sv\\\/\",\"name\":\"Johan No.1\",\"description\":\"Kriget i Ukraina - V\u00e4rldsledande omv\u00e4rldsanalys fr\u00e5n Svensksund till den ryska brakf\u00f6rlusten i Ukraina\",\"publisher\":{\"@id\":\"https:\\\/\\\/johanno1.se\\\/sv\\\/#organization\"},\"potentialAction\":[{\"@type\":\"SearchAction\",\"target\":{\"@type\":\"EntryPoint\",\"urlTemplate\":\"https:\\\/\\\/johanno1.se\\\/sv\\\/?s={search_term_string}\"},\"query-input\":{\"@type\":\"PropertyValueSpecification\",\"valueRequired\":true,\"valueName\":\"search_term_string\"}}],\"inLanguage\":\"sv-SE\"},{\"@type\":\"Organization\",\"@id\":\"https:\\\/\\\/johanno1.se\\\/sv\\\/#organization\",\"name\":\"Johan No. 1\",\"url\":\"https:\\\/\\\/johanno1.se\\\/sv\\\/\",\"logo\":{\"@type\":\"ImageObject\",\"inLanguage\":\"sv-SE\",\"@id\":\"https:\\\/\\\/johanno1.se\\\/sv\\\/#\\\/schema\\\/logo\\\/image\\\/\",\"url\":\"https:\\\/\\\/johanno1.se\\\/wp-content\\\/uploads\\\/2025\\\/03\\\/cropped-No1-Logo.png\",\"contentUrl\":\"https:\\\/\\\/johanno1.se\\\/wp-content\\\/uploads\\\/2025\\\/03\\\/cropped-No1-Logo.png\",\"width\":512,\"height\":512,\"caption\":\"Johan No. 1\"},\"image\":{\"@id\":\"https:\\\/\\\/johanno1.se\\\/sv\\\/#\\\/schema\\\/logo\\\/image\\\/\"}},{\"@type\":\"Person\",\"@id\":\"https:\\\/\\\/johanno1.se\\\/sv\\\/#\\\/schema\\\/person\\\/1dec165f070bde263b30eaf3c0a742e7\",\"name\":\"johan No.1\",\"image\":{\"@type\":\"ImageObject\",\"inLanguage\":\"sv-SE\",\"@id\":\"https:\\\/\\\/secure.gravatar.com\\\/avatar\\\/06f93864ed6b830e2782e60575fff112f1c61c52bb10b194131e0e333191695b?s=96&d=mm&r=g\",\"url\":\"https:\\\/\\\/secure.gravatar.com\\\/avatar\\\/06f93864ed6b830e2782e60575fff112f1c61c52bb10b194131e0e333191695b?s=96&d=mm&r=g\",\"contentUrl\":\"https:\\\/\\\/secure.gravatar.com\\\/avatar\\\/06f93864ed6b830e2782e60575fff112f1c61c52bb10b194131e0e333191695b?s=96&d=mm&r=g\",\"caption\":\"johan No.1\"},\"url\":\"https:\\\/\\\/johanno1.se\\\/sv\\\/author\\\/johan\\\/\"}]}<\/script>\n<!-- \/ Yoast SEO plugin. -->","yoast_head_json":{"title":"Ukraina daglig uppdatering 9 December 2025 -","robots":{"index":"index","follow":"follow","max-snippet":"max-snippet:-1","max-image-preview":"max-image-preview:large","max-video-preview":"max-video-preview:-1"},"canonical":"https:\/\/johanno1.se\/sv\/ukraina-daglig-uppdatering-9-december-2025\/","og_locale":"sv_SE","og_type":"article","og_title":"Ukraina daglig uppdatering 9 December 2025 -","og_description":"Nu vidare till USA och Churchills \u201dUSA g\u00f6r till sist r\u00e4tt n\u00e4r dom provat exakt allt annat f\u00f6rst\u201d. Tidslinjen tills [&hellip;]","og_url":"https:\/\/johanno1.se\/sv\/ukraina-daglig-uppdatering-9-december-2025\/","og_site_name":"Johan No.1","article_published_time":"2025-12-09T06:01:00+00:00","article_modified_time":"2025-12-10T05:37:48+00:00","og_image":[{"url":"https:\/\/substackcdn.com\/image\/fetch\/$s_!tksd!,w_1456,c_limit,f_auto,q_auto:good,fl_progressive:steep\/https%3A%2F%2Fsubstack-post-media.s3.amazonaws.com%2Fpublic%2Fimages%2F47164889-1d58-4287-8729-0bf359609106_828x1183.jpeg","type":"","width":"","height":""}],"author":"johan No.1","twitter_card":"summary_large_image","twitter_misc":{"Skriven av":"johan No.1","Ber\u00e4knad l\u00e4stid":"12 minuter"},"schema":{"@context":"https:\/\/schema.org","@graph":[{"@type":"Article","@id":"https:\/\/johanno1.se\/sv\/ukraina-daglig-uppdatering-9-december-2025\/#article","isPartOf":{"@id":"https:\/\/johanno1.se\/sv\/ukraina-daglig-uppdatering-9-december-2025\/"},"author":{"name":"johan No.1","@id":"https:\/\/johanno1.se\/sv\/#\/schema\/person\/1dec165f070bde263b30eaf3c0a742e7"},"headline":"Ukraina daglig uppdatering 9 December 2025","datePublished":"2025-12-09T06:01:00+00:00","dateModified":"2025-12-10T05:37:48+00:00","mainEntityOfPage":{"@id":"https:\/\/johanno1.se\/sv\/ukraina-daglig-uppdatering-9-december-2025\/"},"wordCount":2621,"commentCount":49,"publisher":{"@id":"https:\/\/johanno1.se\/sv\/#organization"},"image":{"@id":"https:\/\/johanno1.se\/sv\/ukraina-daglig-uppdatering-9-december-2025\/#primaryimage"},"thumbnailUrl":"https:\/\/substackcdn.com\/image\/fetch\/$s_!tksd!,w_1456,c_limit,f_auto,q_auto:good,fl_progressive:steep\/https%3A%2F%2Fsubstack-post-media.s3.amazonaws.com%2Fpublic%2Fimages%2F47164889-1d58-4287-8729-0bf359609106_828x1183.jpeg","articleSection":["Kriget i Ukraina"],"inLanguage":"sv-SE","potentialAction":[{"@type":"CommentAction","name":"Comment","target":["https:\/\/johanno1.se\/sv\/ukraina-daglig-uppdatering-9-december-2025\/#respond"]}]},{"@type":"WebPage","@id":"https:\/\/johanno1.se\/sv\/ukraina-daglig-uppdatering-9-december-2025\/","url":"https:\/\/johanno1.se\/sv\/ukraina-daglig-uppdatering-9-december-2025\/","name":"Ukraina daglig uppdatering 9 December 2025 -","isPartOf":{"@id":"https:\/\/johanno1.se\/sv\/#website"},"primaryImageOfPage":{"@id":"https:\/\/johanno1.se\/sv\/ukraina-daglig-uppdatering-9-december-2025\/#primaryimage"},"image":{"@id":"https:\/\/johanno1.se\/sv\/ukraina-daglig-uppdatering-9-december-2025\/#primaryimage"},"thumbnailUrl":"https:\/\/substackcdn.com\/image\/fetch\/$s_!tksd!,w_1456,c_limit,f_auto,q_auto:good,fl_progressive:steep\/https%3A%2F%2Fsubstack-post-media.s3.amazonaws.com%2Fpublic%2Fimages%2F47164889-1d58-4287-8729-0bf359609106_828x1183.jpeg","datePublished":"2025-12-09T06:01:00+00:00","dateModified":"2025-12-10T05:37:48+00:00","breadcrumb":{"@id":"https:\/\/johanno1.se\/sv\/ukraina-daglig-uppdatering-9-december-2025\/#breadcrumb"},"inLanguage":"sv-SE","potentialAction":[{"@type":"ReadAction","target":["https:\/\/johanno1.se\/sv\/ukraina-daglig-uppdatering-9-december-2025\/"]}]},{"@type":"ImageObject","inLanguage":"sv-SE","@id":"https:\/\/johanno1.se\/sv\/ukraina-daglig-uppdatering-9-december-2025\/#primaryimage","url":"https:\/\/substackcdn.com\/image\/fetch\/$s_!tksd!,w_1456,c_limit,f_auto,q_auto:good,fl_progressive:steep\/https%3A%2F%2Fsubstack-post-media.s3.amazonaws.com%2Fpublic%2Fimages%2F47164889-1d58-4287-8729-0bf359609106_828x1183.jpeg","contentUrl":"https:\/\/substackcdn.com\/image\/fetch\/$s_!tksd!,w_1456,c_limit,f_auto,q_auto:good,fl_progressive:steep\/https%3A%2F%2Fsubstack-post-media.s3.amazonaws.com%2Fpublic%2Fimages%2F47164889-1d58-4287-8729-0bf359609106_828x1183.jpeg"},{"@type":"BreadcrumbList","@id":"https:\/\/johanno1.se\/sv\/ukraina-daglig-uppdatering-9-december-2025\/#breadcrumb","itemListElement":[{"@type":"ListItem","position":1,"name":"Hem","item":"https:\/\/johanno1.se\/sv\/"},{"@type":"ListItem","position":2,"name":"Ukraina daglig uppdatering 9 December 2025"}]},{"@type":"WebSite","@id":"https:\/\/johanno1.se\/sv\/#website","url":"https:\/\/johanno1.se\/sv\/","name":"Johan No.1","description":"Kriget i Ukraina - V\u00e4rldsledande omv\u00e4rldsanalys fr\u00e5n Svensksund till den ryska brakf\u00f6rlusten i Ukraina","publisher":{"@id":"https:\/\/johanno1.se\/sv\/#organization"},"potentialAction":[{"@type":"SearchAction","target":{"@type":"EntryPoint","urlTemplate":"https:\/\/johanno1.se\/sv\/?s={search_term_string}"},"query-input":{"@type":"PropertyValueSpecification","valueRequired":true,"valueName":"search_term_string"}}],"inLanguage":"sv-SE"},{"@type":"Organization","@id":"https:\/\/johanno1.se\/sv\/#organization","name":"Johan No. 1","url":"https:\/\/johanno1.se\/sv\/","logo":{"@type":"ImageObject","inLanguage":"sv-SE","@id":"https:\/\/johanno1.se\/sv\/#\/schema\/logo\/image\/","url":"https:\/\/johanno1.se\/wp-content\/uploads\/2025\/03\/cropped-No1-Logo.png","contentUrl":"https:\/\/johanno1.se\/wp-content\/uploads\/2025\/03\/cropped-No1-Logo.png","width":512,"height":512,"caption":"Johan No. 1"},"image":{"@id":"https:\/\/johanno1.se\/sv\/#\/schema\/logo\/image\/"}},{"@type":"Person","@id":"https:\/\/johanno1.se\/sv\/#\/schema\/person\/1dec165f070bde263b30eaf3c0a742e7","name":"johan No.1","image":{"@type":"ImageObject","inLanguage":"sv-SE","@id":"https:\/\/secure.gravatar.com\/avatar\/06f93864ed6b830e2782e60575fff112f1c61c52bb10b194131e0e333191695b?s=96&d=mm&r=g","url":"https:\/\/secure.gravatar.com\/avatar\/06f93864ed6b830e2782e60575fff112f1c61c52bb10b194131e0e333191695b?s=96&d=mm&r=g","contentUrl":"https:\/\/secure.gravatar.com\/avatar\/06f93864ed6b830e2782e60575fff112f1c61c52bb10b194131e0e333191695b?s=96&d=mm&r=g","caption":"johan No.1"},"url":"https:\/\/johanno1.se\/sv\/author\/johan\/"}]}},"_links":{"self":[{"href":"https:\/\/johanno1.se\/sv\/wp-json\/wp\/v2\/posts\/3472","targetHints":{"allow":["GET"]}}],"collection":[{"href":"https:\/\/johanno1.se\/sv\/wp-json\/wp\/v2\/posts"}],"about":[{"href":"https:\/\/johanno1.se\/sv\/wp-json\/wp\/v2\/types\/post"}],"author":[{"embeddable":true,"href":"https:\/\/johanno1.se\/sv\/wp-json\/wp\/v2\/users\/3"}],"replies":[{"embeddable":true,"href":"https:\/\/johanno1.se\/sv\/wp-json\/wp\/v2\/comments?post=3472"}],"version-history":[{"count":1,"href":"https:\/\/johanno1.se\/sv\/wp-json\/wp\/v2\/posts\/3472\/revisions"}],"predecessor-version":[{"id":3473,"href":"https:\/\/johanno1.se\/sv\/wp-json\/wp\/v2\/posts\/3472\/revisions\/3473"}],"wp:attachment":[{"href":"https:\/\/johanno1.se\/sv\/wp-json\/wp\/v2\/media?parent=3472"}],"wp:term":[{"taxonomy":"category","embeddable":true,"href":"https:\/\/johanno1.se\/sv\/wp-json\/wp\/v2\/categories?post=3472"},{"taxonomy":"post_tag","embeddable":true,"href":"https:\/\/johanno1.se\/sv\/wp-json\/wp\/v2\/tags?post=3472"}],"curies":[{"name":"wp","href":"https:\/\/api.w.org\/{rel}","templated":true}]}}