{"id":3478,"date":"2025-12-10T07:19:20","date_gmt":"2025-12-10T06:19:20","guid":{"rendered":"https:\/\/johanno1.se\/?p=3478"},"modified":"2025-12-10T23:08:05","modified_gmt":"2025-12-10T22:08:05","slug":"ryska-statens-budgetunderskott-okar-ryska-forluster","status":"publish","type":"post","link":"https:\/\/johanno1.se\/sv\/ryska-statens-budgetunderskott-okar-ryska-forluster\/","title":{"rendered":"Ryska statens budgetunderskott \u00f6kar- Ryska f\u00f6rluster"},"content":{"rendered":"\n<h2 class=\"wp-block-heading\">Ryska statsbudgeten<\/h2>\n\n\n\n<p>Ryska statens ekonomi m\u00e5r inte direkt bra och i \u00e5r \u00e4r det v\u00e4rre \u00e4n n\u00e5gonsin. Inte en enda m\u00e5nad med positivt resultat. 2023 b\u00f6rjade lika illa som 2025 men gick sedan lite b\u00e4ttre (v\u00e4ldigt m\u00e4rkligt hur lika de fem f\u00f6rsta m\u00e5naderna var under de tv\u00e5 \u00e5ren, kan b\u00f6rjan av 2025 varit copy-paste fr\u00e5n 2023?). <br>D\u00e5 \u00e5terst\u00e5r \u00e4nd\u00e5 december som oftast (men inte alltid) \u00e4r den allra s\u00e4msta m\u00e5naden. Det ska tydligen bl.a. bero p\u00e5 att det g\u00f6rs stora pensionsutbetalningar i december.<br>Samtidigt ska man komma i h\u00e5g att det h\u00e4r \u00e4r officiella uppgifter. Verkligheten kan s\u00e4kert se betydligt v\u00e4rre ut.<\/p>\n\n\n\n<p>Det blir intressant att se motsvarande siffror n\u00e4r vi passerat december och om de v\u00e4ljer att frisera dem.<\/p>\n\n\n\n<figure class=\"wp-block-image size-large losses\"><img loading=\"lazy\" decoding=\"async\" width=\"1024\" height=\"700\" src=\"https:\/\/johanno1.se\/wp-content\/uploads\/2025\/12\/bafkreigcmj5uxiq5wegber6ton4iqqxfaz3vhy3id7zhlwwxlgamshur5m-1024x700.jpg\" alt=\"\" class=\"wp-image-3479\" srcset=\"https:\/\/johanno1.se\/wp-content\/uploads\/2025\/12\/bafkreigcmj5uxiq5wegber6ton4iqqxfaz3vhy3id7zhlwwxlgamshur5m-1024x700.jpg 1024w, https:\/\/johanno1.se\/wp-content\/uploads\/2025\/12\/bafkreigcmj5uxiq5wegber6ton4iqqxfaz3vhy3id7zhlwwxlgamshur5m-300x205.jpg 300w, https:\/\/johanno1.se\/wp-content\/uploads\/2025\/12\/bafkreigcmj5uxiq5wegber6ton4iqqxfaz3vhy3id7zhlwwxlgamshur5m-768x525.jpg 768w, https:\/\/johanno1.se\/wp-content\/uploads\/2025\/12\/bafkreigcmj5uxiq5wegber6ton4iqqxfaz3vhy3id7zhlwwxlgamshur5m.jpg 1070w\" sizes=\"auto, (max-width: 1024px) 100vw, 1024px\" \/><\/figure>\n\n\n\n<h2 class=\"wp-block-heading\">Ryska f\u00f6rluster<\/h2>\n\n\n\n<p>F\u00f6rlusterna av \u00f6vriga &#8221;mjuka&#8221; fordon har minskat n\u00e5got sedan i april. Just nu har vi ett sjudagarssnitt som varierar runt 65-90 och d\u00e4rf\u00f6r \u00e4r det sk\u00f6nt att se dagar som i dag n\u00e4r vi n\u00e5r \u00f6ver 100.<\/p>\n\n\n\n<ul class=\"wp-block-list\">\n<li>1010 KWIA <\/li>\n\n\n\n<li>1 Tank <\/li>\n\n\n\n<li>1 AFV <\/li>\n\n\n\n<li>25 Artillery systems <\/li>\n\n\n\n<li>177 UAVs <\/li>\n\n\n\n<li>107 Vehicles &amp; fuel tanks<\/li>\n<\/ul>\n\n\n\n<figure class=\"wp-block-image size-large losses\"><img loading=\"lazy\" decoding=\"async\" width=\"819\" height=\"1024\" src=\"https:\/\/johanno1.se\/wp-content\/uploads\/2025\/12\/2025-12-10-819x1024.jpg\" alt=\"\" class=\"wp-image-3477\" srcset=\"https:\/\/johanno1.se\/wp-content\/uploads\/2025\/12\/2025-12-10-819x1024.jpg 819w, https:\/\/johanno1.se\/wp-content\/uploads\/2025\/12\/2025-12-10-240x300.jpg 240w, https:\/\/johanno1.se\/wp-content\/uploads\/2025\/12\/2025-12-10-768x960.jpg 768w, https:\/\/johanno1.se\/wp-content\/uploads\/2025\/12\/2025-12-10.jpg 1024w\" sizes=\"auto, (max-width: 819px) 100vw, 819px\" \/><\/figure>\n\n\n\n<p><strong>SLAVA UKRAINI<\/strong><\/p>\n","protected":false},"excerpt":{"rendered":"<p>Ryska statsbudgetens underskott det v\u00e4rsta p\u00e5 fem \u00e5r &#8211; H\u00f6ga ryska f\u00f6rluster av fordon.<\/p>\n","protected":false},"author":1,"featured_media":805,"comment_status":"open","ping_status":"open","sticky":false,"template":"","format":"standard","meta":{"site-sidebar-layout":"default","site-content-layout":"","ast-site-content-layout":"default","site-content-style":"default","site-sidebar-style":"default","ast-global-header-display":"","ast-banner-title-visibility":"","ast-main-header-display":"","ast-hfb-above-header-display":"","ast-hfb-below-header-display":"","ast-hfb-mobile-header-display":"","site-post-title":"","ast-breadcrumbs-content":"","ast-featured-img":"","footer-sml-layout":"","ast-disable-related-posts":"","theme-transparent-header-meta":"","adv-header-id-meta":"","stick-header-meta":"","header-above-stick-meta":"","header-main-stick-meta":"","header-below-stick-meta":"","astra-migrate-meta-layouts":"default","ast-page-background-enabled":"default","ast-page-background-meta":{"desktop":{"background-color":"var(--ast-global-color-4)","background-image":"","background-repeat":"repeat","background-position":"center center","background-size":"auto","background-attachment":"scroll","background-type":"","background-media":"","overlay-type":"","overlay-color":"","overlay-opacity":"","overlay-gradient":""},"tablet":{"background-color":"","background-image":"","background-repeat":"repeat","background-position":"center center","background-size":"auto","background-attachment":"scroll","background-type":"","background-media":"","overlay-type":"","overlay-color":"","overlay-opacity":"","overlay-gradient":""},"mobile":{"background-color":"","background-image":"","background-repeat":"repeat","background-position":"center center","background-size":"auto","background-attachment":"scroll","background-type":"","background-media":"","overlay-type":"","overlay-color":"","overlay-opacity":"","overlay-gradient":""}},"ast-content-background-meta":{"desktop":{"background-color":"var(--ast-global-color-5)","background-image":"","background-repeat":"repeat","background-position":"center center","background-size":"auto","background-attachment":"scroll","background-type":"","background-media":"","overlay-type":"","overlay-color":"","overlay-opacity":"","overlay-gradient":""},"tablet":{"background-color":"var(--ast-global-color-5)","background-image":"","background-repeat":"repeat","background-position":"center center","background-size":"auto","background-attachment":"scroll","background-type":"","background-media":"","overlay-type":"","overlay-color":"","overlay-opacity":"","overlay-gradient":""},"mobile":{"background-color":"var(--ast-global-color-5)","background-image":"","background-repeat":"repeat","background-position":"center center","background-size":"auto","background-attachment":"scroll","background-type":"","background-media":"","overlay-type":"","overlay-color":"","overlay-opacity":"","overlay-gradient":""}},"footnotes":""},"categories":[18],"tags":[],"class_list":["post-3478","post","type-post","status-publish","format-standard","has-post-thumbnail","hentry","category-ukraina"],"yoast_head":"<!-- This site is optimized with the Yoast SEO plugin v27.4 - https:\/\/yoast.com\/product\/yoast-seo-wordpress\/ -->\n<title>Ryska statens budgetunderskott \u00f6kar- Ryska f\u00f6rluster - Kriget i Ukraina<\/title>\n<meta name=\"robots\" content=\"index, follow, max-snippet:-1, max-image-preview:large, max-video-preview:-1\" \/>\n<link rel=\"canonical\" href=\"https:\/\/johanno1.se\/sv\/ryska-statens-budgetunderskott-okar-ryska-forluster\/\" \/>\n<meta property=\"og:locale\" content=\"sv_SE\" \/>\n<meta property=\"og:type\" content=\"article\" \/>\n<meta property=\"og:title\" content=\"Ryska statens budgetunderskott \u00f6kar- Ryska f\u00f6rluster - Kriget i Ukraina\" \/>\n<meta property=\"og:description\" content=\"Ryska statsbudgetens underskott det v\u00e4rsta p\u00e5 fem \u00e5r - H\u00f6ga ryska f\u00f6rluster av fordon.\" \/>\n<meta property=\"og:url\" content=\"https:\/\/johanno1.se\/sv\/ryska-statens-budgetunderskott-okar-ryska-forluster\/\" \/>\n<meta property=\"og:site_name\" content=\"Johan No.1\" \/>\n<meta property=\"article:published_time\" content=\"2025-12-10T06:19:20+00:00\" \/>\n<meta property=\"article:modified_time\" content=\"2025-12-10T22:08:05+00:00\" \/>\n<meta property=\"og:image\" content=\"https:\/\/johanno1.se\/wp-content\/uploads\/2025\/04\/UkraineFlag.png\" \/>\n\t<meta property=\"og:image:width\" content=\"642\" \/>\n\t<meta property=\"og:image:height\" content=\"384\" \/>\n\t<meta property=\"og:image:type\" content=\"image\/png\" \/>\n<meta name=\"author\" content=\"MXT\" \/>\n<meta name=\"twitter:card\" content=\"summary_large_image\" \/>\n<meta name=\"twitter:creator\" content=\"@MatsExtrude\" \/>\n<meta name=\"twitter:label1\" content=\"Skriven av\" \/>\n\t<meta name=\"twitter:data1\" content=\"MXT\" \/>\n\t<meta name=\"twitter:label2\" content=\"Ber\u00e4knad l\u00e4stid\" \/>\n\t<meta name=\"twitter:data2\" content=\"2 minuter\" \/>\n<script type=\"application\/ld+json\" class=\"yoast-schema-graph\">{\"@context\":\"https:\\\/\\\/schema.org\",\"@graph\":[{\"@type\":\"Article\",\"@id\":\"https:\\\/\\\/johanno1.se\\\/sv\\\/ryska-statens-budgetunderskott-okar-ryska-forluster\\\/#article\",\"isPartOf\":{\"@id\":\"https:\\\/\\\/johanno1.se\\\/sv\\\/ryska-statens-budgetunderskott-okar-ryska-forluster\\\/\"},\"author\":{\"name\":\"MXT\",\"@id\":\"https:\\\/\\\/johanno1.se\\\/sv\\\/#\\\/schema\\\/person\\\/b9a1e3c5f5da33b8e8a755f098951212\"},\"headline\":\"Ryska statens budgetunderskott \u00f6kar- Ryska f\u00f6rluster\",\"datePublished\":\"2025-12-10T06:19:20+00:00\",\"dateModified\":\"2025-12-10T22:08:05+00:00\",\"mainEntityOfPage\":{\"@id\":\"https:\\\/\\\/johanno1.se\\\/sv\\\/ryska-statens-budgetunderskott-okar-ryska-forluster\\\/\"},\"wordCount\":204,\"commentCount\":64,\"publisher\":{\"@id\":\"https:\\\/\\\/johanno1.se\\\/sv\\\/#organization\"},\"image\":{\"@id\":\"https:\\\/\\\/johanno1.se\\\/sv\\\/ryska-statens-budgetunderskott-okar-ryska-forluster\\\/#primaryimage\"},\"thumbnailUrl\":\"https:\\\/\\\/johanno1.se\\\/wp-content\\\/uploads\\\/2025\\\/04\\\/UkraineFlag.png\",\"articleSection\":[\"Kriget i Ukraina\"],\"inLanguage\":\"sv-SE\",\"potentialAction\":[{\"@type\":\"CommentAction\",\"name\":\"Comment\",\"target\":[\"https:\\\/\\\/johanno1.se\\\/sv\\\/ryska-statens-budgetunderskott-okar-ryska-forluster\\\/#respond\"]}]},{\"@type\":\"WebPage\",\"@id\":\"https:\\\/\\\/johanno1.se\\\/sv\\\/ryska-statens-budgetunderskott-okar-ryska-forluster\\\/\",\"url\":\"https:\\\/\\\/johanno1.se\\\/sv\\\/ryska-statens-budgetunderskott-okar-ryska-forluster\\\/\",\"name\":\"Ryska statens budgetunderskott \u00f6kar- Ryska f\u00f6rluster - Kriget i Ukraina\",\"isPartOf\":{\"@id\":\"https:\\\/\\\/johanno1.se\\\/sv\\\/#website\"},\"primaryImageOfPage\":{\"@id\":\"https:\\\/\\\/johanno1.se\\\/sv\\\/ryska-statens-budgetunderskott-okar-ryska-forluster\\\/#primaryimage\"},\"image\":{\"@id\":\"https:\\\/\\\/johanno1.se\\\/sv\\\/ryska-statens-budgetunderskott-okar-ryska-forluster\\\/#primaryimage\"},\"thumbnailUrl\":\"https:\\\/\\\/johanno1.se\\\/wp-content\\\/uploads\\\/2025\\\/04\\\/UkraineFlag.png\",\"datePublished\":\"2025-12-10T06:19:20+00:00\",\"dateModified\":\"2025-12-10T22:08:05+00:00\",\"breadcrumb\":{\"@id\":\"https:\\\/\\\/johanno1.se\\\/sv\\\/ryska-statens-budgetunderskott-okar-ryska-forluster\\\/#breadcrumb\"},\"inLanguage\":\"sv-SE\",\"potentialAction\":[{\"@type\":\"ReadAction\",\"target\":[\"https:\\\/\\\/johanno1.se\\\/sv\\\/ryska-statens-budgetunderskott-okar-ryska-forluster\\\/\"]}]},{\"@type\":\"ImageObject\",\"inLanguage\":\"sv-SE\",\"@id\":\"https:\\\/\\\/johanno1.se\\\/sv\\\/ryska-statens-budgetunderskott-okar-ryska-forluster\\\/#primaryimage\",\"url\":\"https:\\\/\\\/johanno1.se\\\/wp-content\\\/uploads\\\/2025\\\/04\\\/UkraineFlag.png\",\"contentUrl\":\"https:\\\/\\\/johanno1.se\\\/wp-content\\\/uploads\\\/2025\\\/04\\\/UkraineFlag.png\",\"width\":642,\"height\":384,\"caption\":\"Kriget i Ukraina - Ukraine war\"},{\"@type\":\"BreadcrumbList\",\"@id\":\"https:\\\/\\\/johanno1.se\\\/sv\\\/ryska-statens-budgetunderskott-okar-ryska-forluster\\\/#breadcrumb\",\"itemListElement\":[{\"@type\":\"ListItem\",\"position\":1,\"name\":\"Hem\",\"item\":\"https:\\\/\\\/johanno1.se\\\/sv\\\/\"},{\"@type\":\"ListItem\",\"position\":2,\"name\":\"Ryska statens budgetunderskott \u00f6kar- Ryska f\u00f6rluster\"}]},{\"@type\":\"WebSite\",\"@id\":\"https:\\\/\\\/johanno1.se\\\/sv\\\/#website\",\"url\":\"https:\\\/\\\/johanno1.se\\\/sv\\\/\",\"name\":\"Johan No.1\",\"description\":\"Kriget i Ukraina - V\u00e4rldsledande omv\u00e4rldsanalys fr\u00e5n Svensksund till den ryska brakf\u00f6rlusten i Ukraina\",\"publisher\":{\"@id\":\"https:\\\/\\\/johanno1.se\\\/sv\\\/#organization\"},\"potentialAction\":[{\"@type\":\"SearchAction\",\"target\":{\"@type\":\"EntryPoint\",\"urlTemplate\":\"https:\\\/\\\/johanno1.se\\\/sv\\\/?s={search_term_string}\"},\"query-input\":{\"@type\":\"PropertyValueSpecification\",\"valueRequired\":true,\"valueName\":\"search_term_string\"}}],\"inLanguage\":\"sv-SE\"},{\"@type\":\"Organization\",\"@id\":\"https:\\\/\\\/johanno1.se\\\/sv\\\/#organization\",\"name\":\"Johan No. 1\",\"url\":\"https:\\\/\\\/johanno1.se\\\/sv\\\/\",\"logo\":{\"@type\":\"ImageObject\",\"inLanguage\":\"sv-SE\",\"@id\":\"https:\\\/\\\/johanno1.se\\\/sv\\\/#\\\/schema\\\/logo\\\/image\\\/\",\"url\":\"https:\\\/\\\/johanno1.se\\\/wp-content\\\/uploads\\\/2025\\\/03\\\/cropped-No1-Logo.png\",\"contentUrl\":\"https:\\\/\\\/johanno1.se\\\/wp-content\\\/uploads\\\/2025\\\/03\\\/cropped-No1-Logo.png\",\"width\":512,\"height\":512,\"caption\":\"Johan No. 1\"},\"image\":{\"@id\":\"https:\\\/\\\/johanno1.se\\\/sv\\\/#\\\/schema\\\/logo\\\/image\\\/\"}},{\"@type\":\"Person\",\"@id\":\"https:\\\/\\\/johanno1.se\\\/sv\\\/#\\\/schema\\\/person\\\/b9a1e3c5f5da33b8e8a755f098951212\",\"name\":\"MXT\",\"image\":{\"@type\":\"ImageObject\",\"inLanguage\":\"sv-SE\",\"@id\":\"https:\\\/\\\/secure.gravatar.com\\\/avatar\\\/74fa4c492659dce280abcb04be56b0f457c131c7356cc691540aecee84b8780f?s=96&d=mm&r=g\",\"url\":\"https:\\\/\\\/secure.gravatar.com\\\/avatar\\\/74fa4c492659dce280abcb04be56b0f457c131c7356cc691540aecee84b8780f?s=96&d=mm&r=g\",\"contentUrl\":\"https:\\\/\\\/secure.gravatar.com\\\/avatar\\\/74fa4c492659dce280abcb04be56b0f457c131c7356cc691540aecee84b8780f?s=96&d=mm&r=g\",\"caption\":\"MXT\"},\"description\":\"Skriver fr\u00e4mst om kriget i Ukraina, men \u00e4ven om andra globala h\u00e4ndelser som kan p\u00e5verka utvecklingen. Gillar statisitk och redovisar bl.a. ryska f\u00f6rluster och en hel del annat. Postar mycket av nyheterna i kommentarerna som h\u00e4mtas fr\u00e5n olika k\u00e4llor. F\u00f6rutom Ukraina handlar det om olika h\u00e4ndelser i Sverige och Europa, klimatet, Israel-Palestina och f\u00f6rst\u00e5s en hel del kring USA och Trump. Har en f\u00f6rm\u00e5ga att reta upp de som gillar den sistn\u00e4mnde eftersom jag \u00e4r starkt kritiskt till det mesta han tar sig f\u00f6r. IT-ansvarig och sk\u00f6ter drift, underh\u00e5ll och vidareutveckling av webbplatsen, s\u00e5 ni vet vem ni ska skylla p\u00e5 n\u00e4r det kr\u00e5nglar! SLAVA UKRAINI\",\"sameAs\":[\"https:\\\/\\\/spjutskaftet.se\",\"https:\\\/\\\/x.com\\\/MatsExtrude\"],\"url\":\"https:\\\/\\\/johanno1.se\\\/sv\\\/author\\\/extrude\\\/\"}]}<\/script>\n<!-- \/ Yoast SEO plugin. -->","yoast_head_json":{"title":"Ryska statens budgetunderskott \u00f6kar- Ryska f\u00f6rluster - Kriget i Ukraina","robots":{"index":"index","follow":"follow","max-snippet":"max-snippet:-1","max-image-preview":"max-image-preview:large","max-video-preview":"max-video-preview:-1"},"canonical":"https:\/\/johanno1.se\/sv\/ryska-statens-budgetunderskott-okar-ryska-forluster\/","og_locale":"sv_SE","og_type":"article","og_title":"Ryska statens budgetunderskott \u00f6kar- Ryska f\u00f6rluster - Kriget i Ukraina","og_description":"Ryska statsbudgetens underskott det v\u00e4rsta p\u00e5 fem \u00e5r - H\u00f6ga ryska f\u00f6rluster av fordon.","og_url":"https:\/\/johanno1.se\/sv\/ryska-statens-budgetunderskott-okar-ryska-forluster\/","og_site_name":"Johan No.1","article_published_time":"2025-12-10T06:19:20+00:00","article_modified_time":"2025-12-10T22:08:05+00:00","og_image":[{"width":642,"height":384,"url":"https:\/\/johanno1.se\/wp-content\/uploads\/2025\/04\/UkraineFlag.png","type":"image\/png"}],"author":"MXT","twitter_card":"summary_large_image","twitter_creator":"@MatsExtrude","twitter_misc":{"Skriven av":"MXT","Ber\u00e4knad l\u00e4stid":"2 minuter"},"schema":{"@context":"https:\/\/schema.org","@graph":[{"@type":"Article","@id":"https:\/\/johanno1.se\/sv\/ryska-statens-budgetunderskott-okar-ryska-forluster\/#article","isPartOf":{"@id":"https:\/\/johanno1.se\/sv\/ryska-statens-budgetunderskott-okar-ryska-forluster\/"},"author":{"name":"MXT","@id":"https:\/\/johanno1.se\/sv\/#\/schema\/person\/b9a1e3c5f5da33b8e8a755f098951212"},"headline":"Ryska statens budgetunderskott \u00f6kar- Ryska f\u00f6rluster","datePublished":"2025-12-10T06:19:20+00:00","dateModified":"2025-12-10T22:08:05+00:00","mainEntityOfPage":{"@id":"https:\/\/johanno1.se\/sv\/ryska-statens-budgetunderskott-okar-ryska-forluster\/"},"wordCount":204,"commentCount":64,"publisher":{"@id":"https:\/\/johanno1.se\/sv\/#organization"},"image":{"@id":"https:\/\/johanno1.se\/sv\/ryska-statens-budgetunderskott-okar-ryska-forluster\/#primaryimage"},"thumbnailUrl":"https:\/\/johanno1.se\/wp-content\/uploads\/2025\/04\/UkraineFlag.png","articleSection":["Kriget i Ukraina"],"inLanguage":"sv-SE","potentialAction":[{"@type":"CommentAction","name":"Comment","target":["https:\/\/johanno1.se\/sv\/ryska-statens-budgetunderskott-okar-ryska-forluster\/#respond"]}]},{"@type":"WebPage","@id":"https:\/\/johanno1.se\/sv\/ryska-statens-budgetunderskott-okar-ryska-forluster\/","url":"https:\/\/johanno1.se\/sv\/ryska-statens-budgetunderskott-okar-ryska-forluster\/","name":"Ryska statens budgetunderskott \u00f6kar- Ryska f\u00f6rluster - Kriget i Ukraina","isPartOf":{"@id":"https:\/\/johanno1.se\/sv\/#website"},"primaryImageOfPage":{"@id":"https:\/\/johanno1.se\/sv\/ryska-statens-budgetunderskott-okar-ryska-forluster\/#primaryimage"},"image":{"@id":"https:\/\/johanno1.se\/sv\/ryska-statens-budgetunderskott-okar-ryska-forluster\/#primaryimage"},"thumbnailUrl":"https:\/\/johanno1.se\/wp-content\/uploads\/2025\/04\/UkraineFlag.png","datePublished":"2025-12-10T06:19:20+00:00","dateModified":"2025-12-10T22:08:05+00:00","breadcrumb":{"@id":"https:\/\/johanno1.se\/sv\/ryska-statens-budgetunderskott-okar-ryska-forluster\/#breadcrumb"},"inLanguage":"sv-SE","potentialAction":[{"@type":"ReadAction","target":["https:\/\/johanno1.se\/sv\/ryska-statens-budgetunderskott-okar-ryska-forluster\/"]}]},{"@type":"ImageObject","inLanguage":"sv-SE","@id":"https:\/\/johanno1.se\/sv\/ryska-statens-budgetunderskott-okar-ryska-forluster\/#primaryimage","url":"https:\/\/johanno1.se\/wp-content\/uploads\/2025\/04\/UkraineFlag.png","contentUrl":"https:\/\/johanno1.se\/wp-content\/uploads\/2025\/04\/UkraineFlag.png","width":642,"height":384,"caption":"Kriget i Ukraina - Ukraine war"},{"@type":"BreadcrumbList","@id":"https:\/\/johanno1.se\/sv\/ryska-statens-budgetunderskott-okar-ryska-forluster\/#breadcrumb","itemListElement":[{"@type":"ListItem","position":1,"name":"Hem","item":"https:\/\/johanno1.se\/sv\/"},{"@type":"ListItem","position":2,"name":"Ryska statens budgetunderskott \u00f6kar- Ryska f\u00f6rluster"}]},{"@type":"WebSite","@id":"https:\/\/johanno1.se\/sv\/#website","url":"https:\/\/johanno1.se\/sv\/","name":"Johan No.1","description":"Kriget i Ukraina - V\u00e4rldsledande omv\u00e4rldsanalys fr\u00e5n Svensksund till den ryska brakf\u00f6rlusten i Ukraina","publisher":{"@id":"https:\/\/johanno1.se\/sv\/#organization"},"potentialAction":[{"@type":"SearchAction","target":{"@type":"EntryPoint","urlTemplate":"https:\/\/johanno1.se\/sv\/?s={search_term_string}"},"query-input":{"@type":"PropertyValueSpecification","valueRequired":true,"valueName":"search_term_string"}}],"inLanguage":"sv-SE"},{"@type":"Organization","@id":"https:\/\/johanno1.se\/sv\/#organization","name":"Johan No. 1","url":"https:\/\/johanno1.se\/sv\/","logo":{"@type":"ImageObject","inLanguage":"sv-SE","@id":"https:\/\/johanno1.se\/sv\/#\/schema\/logo\/image\/","url":"https:\/\/johanno1.se\/wp-content\/uploads\/2025\/03\/cropped-No1-Logo.png","contentUrl":"https:\/\/johanno1.se\/wp-content\/uploads\/2025\/03\/cropped-No1-Logo.png","width":512,"height":512,"caption":"Johan No. 1"},"image":{"@id":"https:\/\/johanno1.se\/sv\/#\/schema\/logo\/image\/"}},{"@type":"Person","@id":"https:\/\/johanno1.se\/sv\/#\/schema\/person\/b9a1e3c5f5da33b8e8a755f098951212","name":"MXT","image":{"@type":"ImageObject","inLanguage":"sv-SE","@id":"https:\/\/secure.gravatar.com\/avatar\/74fa4c492659dce280abcb04be56b0f457c131c7356cc691540aecee84b8780f?s=96&d=mm&r=g","url":"https:\/\/secure.gravatar.com\/avatar\/74fa4c492659dce280abcb04be56b0f457c131c7356cc691540aecee84b8780f?s=96&d=mm&r=g","contentUrl":"https:\/\/secure.gravatar.com\/avatar\/74fa4c492659dce280abcb04be56b0f457c131c7356cc691540aecee84b8780f?s=96&d=mm&r=g","caption":"MXT"},"description":"Skriver fr\u00e4mst om kriget i Ukraina, men \u00e4ven om andra globala h\u00e4ndelser som kan p\u00e5verka utvecklingen. Gillar statisitk och redovisar bl.a. ryska f\u00f6rluster och en hel del annat. Postar mycket av nyheterna i kommentarerna som h\u00e4mtas fr\u00e5n olika k\u00e4llor. F\u00f6rutom Ukraina handlar det om olika h\u00e4ndelser i Sverige och Europa, klimatet, Israel-Palestina och f\u00f6rst\u00e5s en hel del kring USA och Trump. Har en f\u00f6rm\u00e5ga att reta upp de som gillar den sistn\u00e4mnde eftersom jag \u00e4r starkt kritiskt till det mesta han tar sig f\u00f6r. IT-ansvarig och sk\u00f6ter drift, underh\u00e5ll och vidareutveckling av webbplatsen, s\u00e5 ni vet vem ni ska skylla p\u00e5 n\u00e4r det kr\u00e5nglar! SLAVA UKRAINI","sameAs":["https:\/\/spjutskaftet.se","https:\/\/x.com\/MatsExtrude"],"url":"https:\/\/johanno1.se\/sv\/author\/extrude\/"}]}},"_links":{"self":[{"href":"https:\/\/johanno1.se\/sv\/wp-json\/wp\/v2\/posts\/3478","targetHints":{"allow":["GET"]}}],"collection":[{"href":"https:\/\/johanno1.se\/sv\/wp-json\/wp\/v2\/posts"}],"about":[{"href":"https:\/\/johanno1.se\/sv\/wp-json\/wp\/v2\/types\/post"}],"author":[{"embeddable":true,"href":"https:\/\/johanno1.se\/sv\/wp-json\/wp\/v2\/users\/1"}],"replies":[{"embeddable":true,"href":"https:\/\/johanno1.se\/sv\/wp-json\/wp\/v2\/comments?post=3478"}],"version-history":[{"count":1,"href":"https:\/\/johanno1.se\/sv\/wp-json\/wp\/v2\/posts\/3478\/revisions"}],"predecessor-version":[{"id":3480,"href":"https:\/\/johanno1.se\/sv\/wp-json\/wp\/v2\/posts\/3478\/revisions\/3480"}],"wp:featuredmedia":[{"embeddable":true,"href":"https:\/\/johanno1.se\/sv\/wp-json\/wp\/v2\/media\/805"}],"wp:attachment":[{"href":"https:\/\/johanno1.se\/sv\/wp-json\/wp\/v2\/media?parent=3478"}],"wp:term":[{"taxonomy":"category","embeddable":true,"href":"https:\/\/johanno1.se\/sv\/wp-json\/wp\/v2\/categories?post=3478"},{"taxonomy":"post_tag","embeddable":true,"href":"https:\/\/johanno1.se\/sv\/wp-json\/wp\/v2\/tags?post=3478"}],"curies":[{"name":"wp","href":"https:\/\/api.w.org\/{rel}","templated":true}]}}