{"id":352,"date":"2025-02-22T07:01:00","date_gmt":"2025-02-22T06:01:00","guid":{"rendered":"https:\/\/johanno1.se\/?p=352"},"modified":"2025-05-25T14:21:45","modified_gmt":"2025-05-25T12:21:45","slug":"ukraina-daglig-uppdatering-22-februari-2025","status":"publish","type":"post","link":"https:\/\/johanno1.se\/sv\/ukraina-daglig-uppdatering-22-februari-2025\/","title":{"rendered":"Ukraina daglig uppdatering 22 Februari 2025"},"content":{"rendered":"\n<p>Uppdatering<\/p>\n\n\n\n<figure class=\"wp-block-image is-resized\"><a href=\"https:\/\/substackcdn.com\/image\/fetch\/f_auto,q_auto:good,fl_progressive:steep\/https%3A%2F%2Fsubstack-post-media.s3.amazonaws.com%2Fpublic%2Fimages%2Fa1c73e0b-9562-400e-9dfa-d17ac85201a3_661x366.png\" target=\"_blank\" rel=\"noreferrer noopener\"><img decoding=\"async\" src=\"https:\/\/substackcdn.com\/image\/fetch\/w_1456,c_limit,f_auto,q_auto:good,fl_progressive:steep\/https%3A%2F%2Fsubstack-post-media.s3.amazonaws.com%2Fpublic%2Fimages%2Fa1c73e0b-9562-400e-9dfa-d17ac85201a3_661x366.png\" alt=\"\" style=\"width:408px;height:auto\"\/><\/a><\/figure>\n\n\n\n<p>Lejonen<\/p>\n\n\n\n<figure class=\"wp-block-embed is-type-rich is-provider-twitter wp-block-embed-twitter\"><div class=\"wp-block-embed__wrapper\">\n<blockquote class=\"twitter-tweet\" data-width=\"500\" data-dnt=\"true\"><p lang=\"en\" dir=\"ltr\">These brave soldiers fighting for 3 ago for their freedom. Don\u2019t stop supporting them. Support Ukraine and Zelensky \ud83d\ude4f<a href=\"https:\/\/t.co\/JBVMY5p2du\">pic.twitter.com\/JBVMY5p2du<\/a><\/p>&mdash; UKRAINIAN SQUAD\ud83c\uddfa\ud83c\udde6 (@ukrainiansquad) <a href=\"https:\/\/twitter.com\/ukrainiansquad\/status\/1892584067310252043?ref_src=twsrc%5Etfw\">February 20, 2025<\/a><\/blockquote><script async src=\"https:\/\/platform.twitter.com\/widgets.js\" charset=\"utf-8\"><\/script>\n<\/div><\/figure>\n\n\n\n<p>D\u00e5 kan vi f\u00f6rst i v\u00e4rlden, efter osintarna och etablerad media sl\u00e4ppa bomben att Ukraina st\u00e5r i begrepp att \u00f6ppna fler anfallsvektorer l\u00e4ngs med norra fronten, om man ska tro ryssarna.<\/p>\n\n\n\n<figure class=\"wp-block-image is-resized\"><a href=\"https:\/\/substackcdn.com\/image\/fetch\/f_auto,q_auto:good,fl_progressive:steep\/https%3A%2F%2Fsubstack-post-media.s3.amazonaws.com%2Fpublic%2Fimages%2Fc0cdcedc-6ef8-4226-a09a-e625d5ef6ce0_749x860.png\" target=\"_blank\" rel=\"noreferrer noopener\"><img decoding=\"async\" src=\"https:\/\/substackcdn.com\/image\/fetch\/w_1456,c_limit,f_auto,q_auto:good,fl_progressive:steep\/https%3A%2F%2Fsubstack-post-media.s3.amazonaws.com%2Fpublic%2Fimages%2Fc0cdcedc-6ef8-4226-a09a-e625d5ef6ce0_749x860.png\" alt=\"\" style=\"width:492px;height:auto\"\/><\/a><\/figure>\n\n\n\n<p>Eftersom ryssj\u00e4vlarna sj\u00e4lva uppt\u00e4ckt det beh\u00f6ver vi inte smyga med det l\u00e4ngre och skriva som i tidigare inl\u00e4gg lite ospecificerat.<\/p>\n\n\n\n<p>Ni vet eftersom ni l\u00e4st inl\u00e4ggen att norra fronten, Dnepr, Belarus och vid fronterna d\u00e4r RU exponerar sig kommer UA klippa till. R\u00e4tt s\u00e4ker ocks\u00e5 p\u00e5 att UA inte bryr sig det minsta om r\u00f6da kort och geografiska begr\u00e4nsningar l\u00e4ngre annat \u00e4n med vilka vapen som anv\u00e4nds.<\/p>\n\n\n\n<p>Dom s\u00e4nker ju halva ryska handelsflottan lite \u00f6verallt just nu<\/p>\n\n\n\n<figure class=\"wp-block-image is-resized\"><a href=\"https:\/\/substackcdn.com\/image\/fetch\/f_auto,q_auto:good,fl_progressive:steep\/https%3A%2F%2Fsubstack-post-media.s3.amazonaws.com%2Fpublic%2Fimages%2F18537ed7-e3a2-49aa-9ef7-e56727fb2ea3_757x632.png\" target=\"_blank\" rel=\"noreferrer noopener\"><img decoding=\"async\" src=\"https:\/\/substackcdn.com\/image\/fetch\/w_1456,c_limit,f_auto,q_auto:good,fl_progressive:steep\/https%3A%2F%2Fsubstack-post-media.s3.amazonaws.com%2Fpublic%2Fimages%2F18537ed7-e3a2-49aa-9ef7-e56727fb2ea3_757x632.png\" alt=\"\" style=\"width:454px;height:auto\"\/><\/a><\/figure>\n\n\n\n<p>Och framf\u00f6rallt \u2013 deras dr\u00f6narvapen har HELT ersatt behovet av v\u00e4stliga robotar f\u00f6r dom uppn\u00e5r samma resultat med sin egen tillverkning nu.<\/p>\n\n\n\n<p>V\u00e4st, framf\u00f6rallt Danmark, har gjort helt r\u00e4tt och g\u00e5tt in och finansierat UA dr\u00f6narvapen.<\/p>\n\n\n\n<p>Tydligen \u00e4r det 2\/3 av RU f\u00f6rluster genom dr\u00f6nare.<\/p>\n\n\n\n<p>Tidigare vet vi att UA tog 70% av f\u00f6rlusterna genom RU artilleri och UA tillfogade RU 12% av f\u00f6rlusterna med prickskyttar.<\/p>\n\n\n\n<p>Dr\u00f6narvapnet har blivit UAs nya svarta artilleri helt enkelt \u2013 sansl\u00f6st sp\u00e4nnande.<\/p>\n\n\n\n<p>Men det visste vi egentligen n\u00e4r vi s\u00e5g dr\u00f6nare flyga in i horisontella \u00f6ppningar eller sl\u00e4ppa 155mm storlek p\u00e5 laddningarna vertikalt.<\/p>\n\n\n\n<p>Inga kulbanor och halvusel tr\u00e4ffs\u00e4kerhet d\u00e4r inte \u2013 tr\u00e4ff mitt i varje g\u00e5ng.<\/p>\n\n\n\n<p>Dom har experimenterat med \u201dair-burst\u201d ammunition som en claymore fr\u00e5n ovan ungef\u00e4r och med napalm. Och nu har dom v\u00e4l termobariska granater dessutom.<\/p>\n\n\n\n<p>Allt det som v\u00e4st v\u00e4grat skicka, USAs miljoner DPICM 155mm granater till exempel.<\/p>\n\n\n\n<p>Det som \u00e4r absolut centralt i detta ni l\u00e4ste ovan \u00e4r att UA nu klarar av detta sj\u00e4lva om 70% av RU f\u00f6rluster \u00e4r fr\u00e5n deras dr\u00f6nare och det strategiska dr\u00f6narkriget \u00e4r deras egna dr\u00f6nare ocks\u00e5.<\/p>\n\n\n\n<figure class=\"wp-block-image is-resized\"><a href=\"https:\/\/substackcdn.com\/image\/fetch\/f_auto,q_auto:good,fl_progressive:steep\/https%3A%2F%2Fsubstack-post-media.s3.amazonaws.com%2Fpublic%2Fimages%2F24dfe046-06d5-4965-bc74-e62f5f7d97b8_736x777.png\" target=\"_blank\" rel=\"noreferrer noopener\"><img decoding=\"async\" src=\"https:\/\/substackcdn.com\/image\/fetch\/w_1456,c_limit,f_auto,q_auto:good,fl_progressive:steep\/https%3A%2F%2Fsubstack-post-media.s3.amazonaws.com%2Fpublic%2Fimages%2F24dfe046-06d5-4965-bc74-e62f5f7d97b8_736x777.png\" alt=\"\" style=\"width:517px;height:auto\"\/><\/a><\/figure>\n\n\n\n<p>Zelensky har tidigare bekr\u00e4ftat att UA \u00e4r till 30% sj\u00e4lvf\u00f6rs\u00f6rjande i materiel och ammunition vilket \u00e4r en h\u00f6g siffra.<\/p>\n\n\n\n<p>Om Trump v\u00e4ljer att forts\u00e4tta sura och drar bort trupp och f\u00f6rhindrar st\u00f6d samt att leverera p\u00e5 kontrakt s\u00e5 spelar det ingen roll nu. Och det \u00e4r naturligtvis d\u00e4rf\u00f6r som Zelensky valt att ta fajten.<\/p>\n\n\n\n<p>F\u00f6r det \u00c4R bekr\u00e4ftat nu att USA slagit till bromsen \u00e4ven p\u00e5 leveranskontrakt.<\/p>\n\n\n\n<figure class=\"wp-block-image is-resized\"><a href=\"https:\/\/substackcdn.com\/image\/fetch\/f_auto,q_auto:good,fl_progressive:steep\/https%3A%2F%2Fsubstack-post-media.s3.amazonaws.com%2Fpublic%2Fimages%2F43e5d75e-3c6c-45b2-8c02-c916db2c3a9c_757x707.png\" target=\"_blank\" rel=\"noreferrer noopener\"><img decoding=\"async\" src=\"https:\/\/substackcdn.com\/image\/fetch\/w_1456,c_limit,f_auto,q_auto:good,fl_progressive:steep\/https%3A%2F%2Fsubstack-post-media.s3.amazonaws.com%2Fpublic%2Fimages%2F43e5d75e-3c6c-45b2-8c02-c916db2c3a9c_757x707.png\" alt=\"\" style=\"width:410px;height:auto\"\/><\/a><\/figure>\n\n\n\n<p>Och det manifesterar sig till exempel i att Belgiens F-35 blir \u201df\u00f6rsenade\u201d s\u00e5 dom inte kan skicka sina F-16 till Ukraina som utlovat.<\/p>\n\n\n\n<figure class=\"wp-block-image is-resized\"><a href=\"https:\/\/substackcdn.com\/image\/fetch\/f_auto,q_auto:good,fl_progressive:steep\/https%3A%2F%2Fsubstack-post-media.s3.amazonaws.com%2Fpublic%2Fimages%2F6df4bba5-6cba-4b3d-89c8-1fecc64e525c_749x640.png\" target=\"_blank\" rel=\"noreferrer noopener\"><img decoding=\"async\" src=\"https:\/\/substackcdn.com\/image\/fetch\/w_1456,c_limit,f_auto,q_auto:good,fl_progressive:steep\/https%3A%2F%2Fsubstack-post-media.s3.amazonaws.com%2Fpublic%2Fimages%2F6df4bba5-6cba-4b3d-89c8-1fecc64e525c_749x640.png\" alt=\"\" style=\"width:414px;height:auto\"\/><\/a><\/figure>\n\n\n\n<p>SAABs ledningsm\u00f6te n\u00e4r Biden stoppade Gripen till Ukraina var en r\u00e4tt avslagen tillst\u00e4llning kan jag meddela, som dom pitchat till regeringen och sen kommer helvetes-Biden och f\u00f6rst\u00f6r hela partyt.<\/p>\n\n\n\n<p>Men herrej\u00f6sses vilken m\u00f6jlighet som just precis \u00f6ppnat sig tack vare Trump \ud83d\ude32<\/p>\n\n\n\n<p>Gripen \u00e4r ett fullgott alternativ till F-35 och vi har ju hundratals flygkroppar som st\u00e5r till exempel.<\/p>\n\n\n\n<p>Ja, skicka n\u00e5gra divisioner till Ukraina \u00e4r inte dumt men f\u00f6r att f\u00e5 genomslag, reklam och s\u00e5 vidare s\u00e5 beh\u00f6vs nog inte det f\u00f6r Europa kommer k\u00f6pa Gripen nu.<\/p>\n\n\n\n<p>Finland borde vara f\u00f6rst ut faktiskt med en fet best\u00e4llning som tack f\u00f6r artillerigranaterna med fel kaliber som inte passade deras eldr\u00f6r som vi donerade under WW2.<\/p>\n\n\n\n<p>Jag har hela kriget drivit att v\u00e5r vapenindustri kommer f\u00e5 sm\u00e4llfeta kontrakt n\u00e4r hela NATO ska rustas. Nu blev det ju Europa ist\u00e4llet + Ukraina men CV90, Carl Gustaf, Archer, radar, AWACS, Gripen och vad mer \u00e4r v\u00e4rldsledande plattformar och de som testats i Ukraina har varit toppen p\u00e5 pyramiden i performance.<\/p>\n\n\n\n<p>Trist bara att vi s\u00e5lt de flesta f\u00f6retagen men det ger ju om inte annat kraftigt med jobb p\u00e5 mindre orter under 10-15\u00e5r.<\/p>\n\n\n\n<p>Vi borde ocks\u00e5 sj\u00f6s\u00e4tta REMO program f\u00f6r Leopard d\u00e5 v\u00e5r 122 var den typens rolls royce.<\/p>\n\n\n\n<p>Nu st\u00e5r det v\u00e4l en bataljon inne i Lettland borta vid ryska gr\u00e4nsen och det \u00e4r v\u00e5r svenska bataljon men EU skulle kunna bef\u00e4sta den gr\u00e4nsen med tiotals brigader p\u00e5 n\u00e5gra m\u00e5nader utan att svettas.<\/p>\n\n\n\n<p>Polen klarar sig nog bra helt p\u00e5 egen hand och EU b\u00f6r skyndsamt flytta fram spetsflyg, indirekta f\u00f6rm\u00e5gor, radar och LV till skalskyddet i Baltikum.<\/p>\n\n\n\n<p>Jag har sammanfattat vad EU har tidigare n\u00e4r defiatismen spred sig som en l\u00f6peld att vi inget hade och det \u00e4r mycket.<\/p>\n\n\n\n<p>Nu g\u00e5r dessutom vapensmedjorna f\u00f6r h\u00f6gtryck och \u00e4r r\u00f6dgl\u00f6dgade.<\/p>\n\n\n\n<p>Vet ni vilka som INTE tycker Zelensky \u00e4r en diktator?<\/p>\n\n\n\n<p>Jo \u2013 ukrainas oppositionella kandidater som g\u00e5tt ut som en man\/kvinna och st\u00e4llt sig bakom Zelensky inklusive Zalizhny och Yanukovytch \u2013 in your face KRASNOV!<\/p>\n\n\n\n<figure class=\"wp-block-image is-resized\"><a href=\"https:\/\/substackcdn.com\/image\/fetch\/f_auto,q_auto:good,fl_progressive:steep\/https%3A%2F%2Fsubstack-post-media.s3.amazonaws.com%2Fpublic%2Fimages%2F1896485c-5303-44bc-b833-e52cf27584d8_749x365.png\" target=\"_blank\" rel=\"noreferrer noopener\"><img decoding=\"async\" src=\"https:\/\/substackcdn.com\/image\/fetch\/w_1456,c_limit,f_auto,q_auto:good,fl_progressive:steep\/https%3A%2F%2Fsubstack-post-media.s3.amazonaws.com%2Fpublic%2Fimages%2F1896485c-5303-44bc-b833-e52cf27584d8_749x365.png\" alt=\"\" style=\"width:410px;height:auto\"\/><\/a><\/figure>\n\n\n\n<p>Sen har det nu kommit ut \u2013 och om ni l\u00e4st mina inl\u00e4gg vet ni att jag utgick ifr\u00e5n att RU-USA samtalat under bordet f\u00f6r n\u00e4r alla pressmeddelanden kom var dom f\u00f6r samk\u00f6rda.<\/p>\n\n\n\n<p>USA \u2013 RU har i m\u00e5nader tr\u00e4ffats i Schweiz och f\u00f6rhandlat om hur man b\u00e4st skall f\u00f6rr\u00e5da Ukraina.<\/p>\n\n\n\n<p>Bara det tror jag \u00e4r sk\u00e4l f\u00f6r att avs\u00e4tta Trump n\u00e4r tiden s\u00e5 sm\u00e5ningom kommer, n\u00e5n regel i USA?<\/p>\n\n\n\n<p>Ett stort svek detta Mango Mussolini, vi gl\u00f6mmer inte \ud83d\ude10<\/p>\n\n\n\n<figure class=\"wp-block-image is-resized\"><a href=\"https:\/\/substackcdn.com\/image\/fetch\/f_auto,q_auto:good,fl_progressive:steep\/https%3A%2F%2Fsubstack-post-media.s3.amazonaws.com%2Fpublic%2Fimages%2Ff0842c96-e882-48f4-ab40-dd8a81532405_740x856.png\" target=\"_blank\" rel=\"noreferrer noopener\"><img decoding=\"async\" src=\"https:\/\/substackcdn.com\/image\/fetch\/w_1456,c_limit,f_auto,q_auto:good,fl_progressive:steep\/https%3A%2F%2Fsubstack-post-media.s3.amazonaws.com%2Fpublic%2Fimages%2Ff0842c96-e882-48f4-ab40-dd8a81532405_740x856.png\" alt=\"\" style=\"width:466px;height:auto\"\/><\/a><\/figure>\n\n\n\n<p>Sen har det kommit fram att USA nu vill ha mycket mer \u00e4n r\u00e5varorna \u2013 dom vill ha hamnar, k\u00e4nkrkaftverk och LNG\/olje-infrastrukturen.<\/p>\n\n\n\n<p>Domen kommer bli mycket h\u00e5rd \u00f6ver USA h\u00e4r, det h\u00e4r \u00e4r inte bara Mango Mussolini utan han har USA bakom sig i detta ocks\u00e5 &#8211; giriga kolonisat\u00f6rer.<\/p>\n\n\n\n<figure class=\"wp-block-image is-resized\"><a href=\"https:\/\/substackcdn.com\/image\/fetch\/f_auto,q_auto:good,fl_progressive:steep\/https%3A%2F%2Fsubstack-post-media.s3.amazonaws.com%2Fpublic%2Fimages%2F1279b885-3287-4521-99f8-a804c39ba287_754x278.png\" target=\"_blank\" rel=\"noreferrer noopener\"><img decoding=\"async\" src=\"https:\/\/substackcdn.com\/image\/fetch\/w_1456,c_limit,f_auto,q_auto:good,fl_progressive:steep\/https%3A%2F%2Fsubstack-post-media.s3.amazonaws.com%2Fpublic%2Fimages%2F1279b885-3287-4521-99f8-a804c39ba287_754x278.png\" alt=\"\" style=\"width:401px;height:auto\"\/><\/a><\/figure>\n\n\n\n<p>Sen st\u00e5r allts\u00e5 den formella pressekreteraren och pratar om att Kanada skall bli den 51 staten \u2013 ur led \u00e4r tiden och man tror knappt det \u00e4r sant. Kul att Kanada sp\u00f6ade USA blodiga i hockeyn i alla fall.<br><a target=\"_blank\" rel=\"noreferrer noopener\" href=\"https:\/\/x.com\/polymarketintel\/status\/1892702345785426019?s=46&amp;t=Vah3JXV31B9lXwZOK5gF7w\">https:\/\/x.com\/polymarketintel\/status\/1892702345785426019?s=46&amp;t=Vah3JXV31B9lXwZOK5gF7w<\/a><\/p>\n\n\n\n<p>Jag tror faktiskt inte att USA klarar av att inte implodera av detta \u2013 det \u00e4r f\u00f6r mycket just nu och k\u00e4nner ni att det \u00e4r en absolut fars med deras utrikespolitik gentemot Ukraina s\u00e5 \u00e4r ju det som en sommarbris j\u00e4mf\u00f6rt med hur Trumpadministrationen g\u00e5r fram i USA.<\/p>\n\n\n\n<p>Ja, en hel del \u00e4r s\u00e5dant som varit vansk\u00f6tt\/missk\u00f6tt men det \u00e4r bara ink\u00f6rsporten till en power grab och historiskt blir det s\u00e4llan b\u00e4ttre \u2013 det blir bara n\u00e5gon ny med fingrarna i skattekontot och full beslutander\u00e4tt och det blir lika illa eller v\u00e4rre.<\/p>\n\n\n\n<p>Trump har f\u00e5tt igenom ALLA sina nomineringar nu, han har b\u00e4gge kamrarna och h\u00f6gsta domstolen \u2013 nu driver Mango Mussolini exakt den politik han vill driva punkt.<\/p>\n\n\n\n<p>Och Bannon st\u00e5r nu och gastar om att Trump m\u00e5ste v\u00e4ljas 2028 ocks\u00e5 f\u00f6r han \u00e4r \u201done of a kind\u201d.<\/p>\n\n\n\n<p>Tulsi Gabbard gick ut h\u00e5rt mot Ukraina s\u00e5g jag. F\u00f6r n\u00e5gra \u00e5r sedan tyckte jag hon var vettig, s\u00e5 man kan l\u00e5ta sig luras\u2026<\/p>\n\n\n\n<figure class=\"wp-block-embed is-type-rich is-provider-twitter wp-block-embed-twitter\"><div class=\"wp-block-embed__wrapper\">\n<blockquote class=\"twitter-tweet\" data-width=\"500\" data-dnt=\"true\"><p lang=\"en\" dir=\"ltr\">The new Director of the entire US intelligence apparatus recites a series of verbatim Russian disinformation narratives, with lies that are too numerous to count.<br><br>The US is fucking gone. <a href=\"https:\/\/t.co\/4ASvrSoUCx\">pic.twitter.com\/4ASvrSoUCx<\/a><\/p>&mdash; Jay in Kyiv (@JayinKyiv) <a href=\"https:\/\/twitter.com\/JayinKyiv\/status\/1892218907278131241?ref_src=twsrc%5Etfw\">February 19, 2025<\/a><\/blockquote><script async src=\"https:\/\/platform.twitter.com\/widgets.js\" charset=\"utf-8\"><\/script>\n<\/div><\/figure>\n\n\n\n<p>Men Nikki Haley gillar jag fortfarande \ud83d\ude00<\/p>\n\n\n\n<p>Ukrainakriget \u00e4r f\u00f6r mig f\u00f6rmodligen mitt livs viktigaste \u00e5r d\u00e4r Ryssland briserat en geopolitisk atombomb och vi st\u00e5r och v\u00e4ger p\u00e5 gr\u00e4nsen till global konflikt som kommer dra in \u00e4ven oss om vi har otur &#8211; och vi f\u00e5r d\u00e5 st\u00e5 d\u00e4r i nollgradigt \u00f6sregn och fingra p\u00e5 en \u00f6verinfettad AK4 n\u00e5nstans i ett mobf\u00f6rr\u00e5d i V\u00e4sterg\u00f6tland. Jag k\u00e4nner mig priviligierad att f\u00e5 f\u00f6lja detta s\u00e5 pass intensivt som vi gjort.<\/p>\n\n\n\n<p>Jag gick ju med i hemv\u00e4rnet men dom var inte j\u00e4ttepigga p\u00e5 skarpa uppdrag via zoom fr\u00e5n Karibien, lite innovativa kunde dom v\u00e4l \u00e4nd\u00e5 varit och jag har ju n\u00e4ra till Kuba\u2026<\/p>\n\n\n\n<p>Har haft lite tur med jobb d\u00e4r man kunnat bl\u00e5sa av dagens uppgifter p\u00e5 n\u00e5gra timmar men de dagar man haft f\u00f6r mycket har det inte blivit n\u00e5gra inl\u00e4gg. F\u00f6rst var det Covid s\u00e5 hemjobb och sen var det ett marint jobb i Nigeria.<\/p>\n\n\n\n<p>Sedan \u00e5rsskiftet sitter jag ju i Karibien och min mer \u00e4n lovligt r\u00f6riga (italienska) arbetsgivare skickade ned mig ett halv\u00e5r innan jobbet drog ig\u00e5ng s\u00e5 jag har kunnat l\u00e4gga mycket tid p\u00e5 skrivandet och hemsidan \u00e4r jag s\u00e5 oerh\u00f6rt n\u00f6jd med f\u00f6r dess kommentarsf\u00e4lt som nu f\u00e5tt liv. F\u00f6rsta veckorna var ju lite som en klassf\u00f6r\u00e4lder som k\u00f6per chips och godis till trettio barn f\u00f6r barnets f\u00f6delsedagskalas och s\u00e5 kommer ingen \ud83d\ude00<\/p>\n\n\n\n<p>Lite f\u00f6renklat \u00e4r jag klar med ett inl\u00e4gg +\/- lunch och d\u00e5 har jag filat p\u00e5 det sen jag kom till kontoret \u2013 sista halvtimmen \u00e4r att l\u00e4gga upp inl\u00e4gget och in med bilderna och sen tidsinst\u00e4lld publicering lagom till morgonen i Sverige d\u00e5 jag har f\u00f6r stor tidsskillnad. Livet var enklare med l\u00e4nkar men tydligen \u00e4r formatet med bilder mer l\u00e4sarv\u00e4nligt har massa gn\u00e4lliga DM f\u00f6rklarat f\u00f6r mig.<\/p>\n\n\n\n<p>Fredagsinl\u00e4gget p\u00e5 engelska tog en hel j\u00e4dra dag med stopp f\u00f6r tv\u00e5 timmars vinlunch med italienarna och n\u00e5n halvtimme p\u00e5 site.<\/p>\n\n\n\n<p>Resten av dagen f\u00f6rs\u00f6ker man spara information och stolpar\/bygga skelettet till n\u00e4sta dag och fastnar i diskussioner med kul kommentarer varvat med jobb. Sen filar jag alltid p\u00e5 n\u00e5gra alternativa inl\u00e4gg.<\/p>\n\n\n\n<p>Nu kan jag ocks\u00e5 k\u00e4nna att missar man en dag missar man r\u00e4tt mycket f\u00f6r det \u00e4r s\u00e5 f\u00f6rbaskat mycket som h\u00e4nder och m\u00e4ngden nedsparade l\u00e4nkar \u00e4r typ 5ggr fler \u00e4n vad jag hinner skriva ihop, har 1000st ungef\u00e4r\u2026<\/p>\n\n\n\n<p>Post-kriget \u00e4r min f\u00f6rhoppning att vi har ett levande kommentarsf\u00e4lt och kan b\u00f6rja skriva historien p\u00e5 riktigt, och inte den reviderade l\u00f6gnen som kommer komma fr\u00e5n v\u00e4st d\u00e4r dom gjorde allt. Det kommer ta sin runda tid men vi har sparat dagliga poster sedan krigsstart och har s\u00e5ledes ett skelett. Vi analyserar en h\u00e4ndelse i taget och sl\u00e4pper ett aningen mer v\u00e4lskrivet artikel\/inl\u00e4gg i debatten.<\/p>\n\n\n\n<p>Ja, jag har Skalmantr\u00e5den som f\u00f6rlaga \ud83d\ude00<\/p>\n\n\n\n<p>\u00c4ven d\u00e4r kr\u00e4vdes det engagerade deltagare och n\u00e4r dom f\u00f6rsvann dog det ut pronto.<\/p>\n\n\n\n<p>Jag \u00e4r dock p\u00e5 v\u00e4g till punkten att avl\u00f6nat arbete kommer skala upp kraftigt n\u00e4r projektet kommer ig\u00e5ng och det finns en gr\u00e4ns f\u00f6r vad man kan roa sig med som oavl\u00f6nad hobby helt enkelt.<\/p>\n\n\n\n<p>Eftersom m\u00e4ngden pledges\/l\u00f6ften p\u00e5 Substack var en del s\u00e5 provar jag att s\u00e4tta p\u00e5 det s\u00e5 dom som vill f\u00e5r chansen att prenumerera eller donera. Vet inte riktigt hur det ser ut fr\u00e5n er sida men ska vara p\u00e5slaget i alla fall.<\/p>\n\n\n\n<p>Vill med detta vara tydlig med att det \u00e4r h\u00f6gst frivilligt \u2013 vill man donera en slant g\u00f6r man det annars g\u00f6r man det inte och det blir noll konsekvenser, och allt \u00e4r fortfarande \u00f6ppet och tillg\u00e4ngligt (kanske inte v\u00e4rldens b\u00e4sta sales-pitch \ud83d\ude32)<\/p>\n\n\n\n<p>Det jag vill sondera \u00e4r helt enkelt om man kan bibeh\u00e5lla skrivandet \u00f6ver tid och dessutom bredda lite. Kom p\u00e5 h\u00e4romveckan att jag ska b\u00f6rja posta tidigare jobb kring ub\u00e5tskr\u00e4nkningarna p\u00e5 80-talet till exempel f\u00f6r det \u00e4r lite samma sf\u00e4r och jag tror det skulle intressera m\u00e5nga.<\/p>\n\n\n\n<p>Ja det var Sovjet om n\u00e5gon nu undrade \ud83d\ude02<\/p>\n\n\n\n<p>Men det finns en r\u00e4tt sp\u00e4nnande p\u00e5verkansoperation med v\u00e4stlig ub\u00e5t och en prominent svensk politiker med USA kontakter \u2013 ni kan nog gissa vem och den d\u00e4r listade jag ut helt sj\u00e4lv. Mycket n\u00f6jd med det var jag n\u00e4r det begav sig.<\/p>\n\n\n\n<p>Jag har mycket att s\u00e4ga men tiden \u00e4r den begr\u00e4nsande faktorn, typ. Genom livet har man ju vadat i halvgjorda och \u00f6vergivna projekt men det h\u00e4r forumet tycker jag skulle vara trist att beh\u00f6va l\u00e4gga till den listan faktiskt &#8211; dom som k\u00e4nner att det som skrivs har ett v\u00e4rde f\u00e5r ju g\u00e4rna trycka p\u00e5 prenumerera-knappen p\u00e5 Substack om dom vill.<\/p>\n\n\n\n<p>Gillade ni inl\u00e4gget dela g\u00e4rna i era kanaler, s\u00e5g att efter fredagens engelska inl\u00e4gg blev det lite f\u00e4rre kommentarer och lite blandat med engelska och r\u00e4tt otippat\u2026 tyska \ud83d\ude00<\/p>\n\n\n\n<p>Vi har ett engelskspr\u00e5kigt inl\u00e4gg per vecka till att b\u00f6rja med och MXT sliter som en (ocks\u00e5 oavl\u00f6nad) tr\u00e4l med att hitta automatiska spr\u00e5kl\u00f6sningar som inte \u00e4r alltf\u00f6r dyra f\u00f6r honom att inf\u00f6rskaffa s\u00e5 han slipper s\u00e4lja hunden som jag lagt ut p\u00e5 blocket.<\/p>\n\n\n\n<p>Fredagsfylla blev ju p\u00e5 svenska vilket jag s\u00e5g uppskattades. Stor uppslutning som vanligt s\u00e5ledes till detta episka event d\u00e4r det snart inte kommer g\u00e5 att f\u00e5 tag p\u00e5 biljetter s\u00e5 missa inte att s\u00e4kra tilltr\u00e4de till n\u00e4sta vecka.<\/p>\n\n\n\n<p>Fr\u00e5n admins sida uppskattas det mycket att det b\u00f6rjar skrivas egna informativa inl\u00e4gg i kommentarsf\u00e4ltet p\u00e5 johanno1.se \u2013 forts\u00e4tt g\u00e4rna med det om ni orkar, det \u00e4r J\u00c4TTEKUL.<\/p>\n\n\n\n<p>Framf\u00f6rallt snor jag ju mycket av det och masserar om till mina \u201degna v\u00e4rldsledande slutsatser\u201d dagen efter s\u00e5 sluta inte f\u00f6r d\u00e5 blir inl\u00e4ggen tr\u00e5kiga \ud83d\ude00<\/p>\n\n\n\n<p>P\u00e5 S\u00f6ndag blir det ett historiskt f\u00f6rlust-inl\u00e4gg av MXT som han filat p\u00e5 hela veckan \u2013 se till att ni \u00e4r d\u00e4r och diskuterar och det g\u00e5r ju alldeles utm\u00e4rkt att bredda diskussionen lite bortom olika grader av d\u00f6d ryss om man vill \u00e4ven om det \u00e4r ett upplyftande \u00e4mne man aldrig kan f\u00e5 nog av.<\/p>\n\n\n\n<p>S\u00e5g en hemsk film med en ryss som tog sitt eget liv med en kniv \u2013 vidh\u00e5ller att taskigast biljett i det h\u00e4r kriget har de tv\u00e5ngsmobiliserade ryssarna i storm Z eller vad dom nu kallas.<\/p>\n\n\n\n<p>Herrej\u00f6sses vad Mango Mussolini har h\u00e4rjat runt veckan som g\u00e5tt och det ligger rysk p\u00e5verkan och puttrar ocks\u00e5 men mycket av det vi tagit upp har varit direkta uttalanden fr\u00e5n Vance, Trump, andra, eller bekr\u00e4ftats av UA. Det har inte varit det l\u00e4ttaste att h\u00e4nga med i sv\u00e4ngarna men jag k\u00e4nner inte att jag g\u00e5tt helt \u00f6verstyr h\u00e4r utan att det har st\u00f6d i de uttalanden som gjorts.<\/p>\n\n\n\n<p>Senast ut \u00e4r Rubio<\/p>\n\n\n\n<figure class=\"wp-block-embed is-type-rich is-provider-twitter wp-block-embed-twitter\"><div class=\"wp-block-embed__wrapper\">\n<blockquote class=\"twitter-tweet\" data-width=\"500\" data-dnt=\"true\"><p lang=\"en\" dir=\"ltr\">WATCH <br><br>Marco Rubio accuses President Zelenskyy of being duplicitous in his dealings with him and President Trump, cautioning him against trying to deceive the United States.<br><br>RUBIO: &quot;We discussed mineral rights with Zelenskyy and said we want to be in a joint venture with you\u2026 <a href=\"https:\/\/t.co\/WbMs7BFbbW\">pic.twitter.com\/WbMs7BFbbW<\/a><\/p>&mdash; Polymarket Intel (@PolymarketIntel) <a href=\"https:\/\/twitter.com\/PolymarketIntel\/status\/1892935644193693794?ref_src=twsrc%5Etfw\">February 21, 2025<\/a><\/blockquote><script async src=\"https:\/\/platform.twitter.com\/widgets.js\" charset=\"utf-8\"><\/script>\n<\/div><\/figure>\n\n\n\n<p>Trump driver nu den politik han vill och hans enskilt viktigaste fr\u00e5ga att hantera \u00e4r Ukraina \u2013 antingen s\u00e5 stampar vi ut v\u00e5r tids globala konflikt med Ukraina eller s\u00e5 eskalerar det till den punkt att ingen idag sittande ledare l\u00e4ngre kan kontrollera situationen. Trump kommer d\u00f6mas p\u00e5 Ukraina vilket \u00e4r precis det ni sett n\u00e4r EU gick banans under veckan som gick.<\/p>\n\n\n\n<p>Och Kanada fick nog<\/p>\n\n\n\n<figure class=\"wp-block-image is-resized\"><a href=\"https:\/\/substackcdn.com\/image\/fetch\/f_auto,q_auto:good,fl_progressive:steep\/https%3A%2F%2Fsubstack-post-media.s3.amazonaws.com%2Fpublic%2Fimages%2Fe83544d7-083a-445e-89d0-0cde8aec3f2b_748x235.png\" target=\"_blank\" rel=\"noreferrer noopener\"><img decoding=\"async\" src=\"https:\/\/substackcdn.com\/image\/fetch\/w_1456,c_limit,f_auto,q_auto:good,fl_progressive:steep\/https%3A%2F%2Fsubstack-post-media.s3.amazonaws.com%2Fpublic%2Fimages%2Fe83544d7-083a-445e-89d0-0cde8aec3f2b_748x235.png\" alt=\"\" style=\"width:455px;height:auto\"\/><\/a><\/figure>\n\n\n\n<p>Diplomati och strategisk kommunikation finns till av en anledning.<\/p>\n\n\n\n<p>David D som livsl\u00e5ng republikan och milit\u00e4rentusiast hade v\u00e4l precis som jag velat inv\u00e4nta handling innan domen utf\u00e4rdades, nu kom precis som med mig domen \u201dimpeach now\u201d \u2013 rakt och tydligt och Trump \u00e4r k\u00f6rd.<\/p>\n\n\n\n<figure class=\"wp-block-image is-resized\"><a href=\"https:\/\/substackcdn.com\/image\/fetch\/f_auto,q_auto:good,fl_progressive:steep\/https%3A%2F%2Fsubstack-post-media.s3.amazonaws.com%2Fpublic%2Fimages%2F8266c680-6013-4834-aba5-88b6876aa87f_750x312.png\" target=\"_blank\" rel=\"noreferrer noopener\"><img decoding=\"async\" src=\"https:\/\/substackcdn.com\/image\/fetch\/w_1456,c_limit,f_auto,q_auto:good,fl_progressive:steep\/https%3A%2F%2Fsubstack-post-media.s3.amazonaws.com%2Fpublic%2Fimages%2F8266c680-6013-4834-aba5-88b6876aa87f_750x312.png\" alt=\"\" style=\"width:486px;height:auto\"\/><\/a><\/figure>\n\n\n\n<p>Det roliga \u00e4r att till slut \u00e4r det Ukraina och Europa som kommer f\u00e4lla Trump genom den dissonans det nu kommer bli. USA egna plaskdamm \u00e4r lite annorlunda men dissonansen med oss p\u00e5 den h\u00e4r sidan atlanten kommer bli f\u00f6r stor f\u00f6r att han skall kunna hantera det och till sist kommer han st\u00e5 d\u00e4r med 4% popularitetssiffror \ud83d\ude02<\/p>\n\n\n\n<p>Och Trump ger sig inte \u2013 han forts\u00e4tter hacka ned p\u00e5 Zelensky.<\/p>\n\n\n\n<figure class=\"wp-block-embed is-type-rich is-provider-twitter wp-block-embed-twitter\"><div class=\"wp-block-embed__wrapper\">\n<blockquote class=\"twitter-tweet\" data-width=\"500\" data-dnt=\"true\"><p lang=\"en\" dir=\"ltr\">Holy shit..<br><br>Trump is going on every American radio show today to praise Putin, refusing to let the hosts even suggest Russia started the war.  Blaming Zelensky for everything.<br> <a href=\"https:\/\/t.co\/NKrxoIvOSX\">pic.twitter.com\/NKrxoIvOSX<\/a><\/p>&mdash; Jay in Kyiv (@JayinKyiv) <a href=\"https:\/\/twitter.com\/JayinKyiv\/status\/1893004219231203430?ref_src=twsrc%5Etfw\">February 21, 2025<\/a><\/blockquote><script async src=\"https:\/\/platform.twitter.com\/widgets.js\" charset=\"utf-8\"><\/script>\n<\/div><\/figure>\n\n\n\n<p><\/p>\n\n\n\n<p>Bara det helt ABSURDA att vi i en hel vecka h\u00f6rt f\u00f6retr\u00e4dare f\u00f6r USA trash-talka Zelensky men inte med ETT ord kritiserat Putin \u2013 det \u00e4r absolut anm\u00e4rkningsv\u00e4rt \ud83e\udd2c<\/p>\n\n\n\n<p>Det \u00e4r ju trots allt Putin som brutit mot 20st avtal sedan 2014 och fullt ut invaderat Ukraina eller hur?<\/p>\n\n\n\n<p>Game on Krasnov, ha kul p\u00e5 paraden 9 Maj i Moskva om du \u00e4r president s\u00e5 l\u00e4nge \ud83d\udc4e<\/p>\n\n\n\n<p><\/p>\n","protected":false},"excerpt":{"rendered":"<p>Uppdatering Lejonen D\u00e5 kan vi f\u00f6rst i v\u00e4rlden, efter osintarna och etablerad media sl\u00e4ppa bomben att Ukraina st\u00e5r i begrepp [&hellip;]<\/p>\n","protected":false},"author":3,"featured_media":0,"comment_status":"open","ping_status":"open","sticky":false,"template":"","format":"standard","meta":{"site-sidebar-layout":"default","site-content-layout":"","ast-site-content-layout":"default","site-content-style":"default","site-sidebar-style":"default","ast-global-header-display":"","ast-banner-title-visibility":"","ast-main-header-display":"","ast-hfb-above-header-display":"","ast-hfb-below-header-display":"","ast-hfb-mobile-header-display":"","site-post-title":"","ast-breadcrumbs-content":"","ast-featured-img":"","footer-sml-layout":"","ast-disable-related-posts":"","theme-transparent-header-meta":"","adv-header-id-meta":"","stick-header-meta":"","header-above-stick-meta":"","header-main-stick-meta":"","header-below-stick-meta":"","astra-migrate-meta-layouts":"default","ast-page-background-enabled":"default","ast-page-background-meta":{"desktop":{"background-color":"var(--ast-global-color-4)","background-image":"","background-repeat":"repeat","background-position":"center center","background-size":"auto","background-attachment":"scroll","background-type":"","background-media":"","overlay-type":"","overlay-color":"","overlay-opacity":"","overlay-gradient":""},"tablet":{"background-color":"","background-image":"","background-repeat":"repeat","background-position":"center center","background-size":"auto","background-attachment":"scroll","background-type":"","background-media":"","overlay-type":"","overlay-color":"","overlay-opacity":"","overlay-gradient":""},"mobile":{"background-color":"","background-image":"","background-repeat":"repeat","background-position":"center center","background-size":"auto","background-attachment":"scroll","background-type":"","background-media":"","overlay-type":"","overlay-color":"","overlay-opacity":"","overlay-gradient":""}},"ast-content-background-meta":{"desktop":{"background-color":"var(--ast-global-color-5)","background-image":"","background-repeat":"repeat","background-position":"center center","background-size":"auto","background-attachment":"scroll","background-type":"","background-media":"","overlay-type":"","overlay-color":"","overlay-opacity":"","overlay-gradient":""},"tablet":{"background-color":"var(--ast-global-color-5)","background-image":"","background-repeat":"repeat","background-position":"center center","background-size":"auto","background-attachment":"scroll","background-type":"","background-media":"","overlay-type":"","overlay-color":"","overlay-opacity":"","overlay-gradient":""},"mobile":{"background-color":"var(--ast-global-color-5)","background-image":"","background-repeat":"repeat","background-position":"center center","background-size":"auto","background-attachment":"scroll","background-type":"","background-media":"","overlay-type":"","overlay-color":"","overlay-opacity":"","overlay-gradient":""}},"footnotes":""},"categories":[18],"tags":[],"class_list":["post-352","post","type-post","status-publish","format-standard","hentry","category-ukraina"],"yoast_head":"<!-- This site is optimized with the Yoast SEO plugin v27.4 - https:\/\/yoast.com\/product\/yoast-seo-wordpress\/ -->\n<title>Ukraina daglig uppdatering 22 Februari 2025 -<\/title>\n<meta name=\"robots\" content=\"index, follow, max-snippet:-1, max-image-preview:large, max-video-preview:-1\" \/>\n<link rel=\"canonical\" href=\"https:\/\/johanno1.se\/sv\/ukraina-daglig-uppdatering-22-februari-2025\/\" \/>\n<meta property=\"og:locale\" content=\"sv_SE\" \/>\n<meta property=\"og:type\" content=\"article\" \/>\n<meta property=\"og:title\" content=\"Ukraina daglig uppdatering 22 Februari 2025 -\" \/>\n<meta property=\"og:description\" content=\"Uppdatering Lejonen D\u00e5 kan vi f\u00f6rst i v\u00e4rlden, efter osintarna och etablerad media sl\u00e4ppa bomben att Ukraina st\u00e5r i begrepp [&hellip;]\" \/>\n<meta property=\"og:url\" content=\"https:\/\/johanno1.se\/sv\/ukraina-daglig-uppdatering-22-februari-2025\/\" \/>\n<meta property=\"og:site_name\" content=\"Johan No.1\" \/>\n<meta property=\"article:published_time\" content=\"2025-02-22T06:01:00+00:00\" \/>\n<meta property=\"article:modified_time\" content=\"2025-05-25T12:21:45+00:00\" \/>\n<meta property=\"og:image\" content=\"https:\/\/substackcdn.com\/image\/fetch\/w_1456,c_limit,f_auto,q_auto:good,fl_progressive:steep\/https%3A%2F%2Fsubstack-post-media.s3.amazonaws.com%2Fpublic%2Fimages%2Fa1c73e0b-9562-400e-9dfa-d17ac85201a3_661x366.png\" \/>\n<meta name=\"author\" content=\"johan No.1\" \/>\n<meta name=\"twitter:card\" content=\"summary_large_image\" \/>\n<meta name=\"twitter:label1\" content=\"Skriven av\" \/>\n\t<meta name=\"twitter:data1\" content=\"johan No.1\" \/>\n\t<meta name=\"twitter:label2\" content=\"Ber\u00e4knad l\u00e4stid\" \/>\n\t<meta name=\"twitter:data2\" content=\"14 minuter\" \/>\n<script type=\"application\/ld+json\" class=\"yoast-schema-graph\">{\"@context\":\"https:\\\/\\\/schema.org\",\"@graph\":[{\"@type\":\"Article\",\"@id\":\"https:\\\/\\\/johanno1.se\\\/sv\\\/ukraina-daglig-uppdatering-22-februari-2025\\\/#article\",\"isPartOf\":{\"@id\":\"https:\\\/\\\/johanno1.se\\\/sv\\\/ukraina-daglig-uppdatering-22-februari-2025\\\/\"},\"author\":{\"name\":\"johan No.1\",\"@id\":\"https:\\\/\\\/johanno1.se\\\/sv\\\/#\\\/schema\\\/person\\\/1dec165f070bde263b30eaf3c0a742e7\"},\"headline\":\"Ukraina daglig uppdatering 22 Februari 2025\",\"datePublished\":\"2025-02-22T06:01:00+00:00\",\"dateModified\":\"2025-05-25T12:21:45+00:00\",\"mainEntityOfPage\":{\"@id\":\"https:\\\/\\\/johanno1.se\\\/sv\\\/ukraina-daglig-uppdatering-22-februari-2025\\\/\"},\"wordCount\":2780,\"commentCount\":70,\"publisher\":{\"@id\":\"https:\\\/\\\/johanno1.se\\\/sv\\\/#organization\"},\"image\":{\"@id\":\"https:\\\/\\\/johanno1.se\\\/sv\\\/ukraina-daglig-uppdatering-22-februari-2025\\\/#primaryimage\"},\"thumbnailUrl\":\"https:\\\/\\\/substackcdn.com\\\/image\\\/fetch\\\/w_1456,c_limit,f_auto,q_auto:good,fl_progressive:steep\\\/https%3A%2F%2Fsubstack-post-media.s3.amazonaws.com%2Fpublic%2Fimages%2Fa1c73e0b-9562-400e-9dfa-d17ac85201a3_661x366.png\",\"articleSection\":[\"Kriget i Ukraina\"],\"inLanguage\":\"sv-SE\",\"potentialAction\":[{\"@type\":\"CommentAction\",\"name\":\"Comment\",\"target\":[\"https:\\\/\\\/johanno1.se\\\/sv\\\/ukraina-daglig-uppdatering-22-februari-2025\\\/#respond\"]}]},{\"@type\":\"WebPage\",\"@id\":\"https:\\\/\\\/johanno1.se\\\/sv\\\/ukraina-daglig-uppdatering-22-februari-2025\\\/\",\"url\":\"https:\\\/\\\/johanno1.se\\\/sv\\\/ukraina-daglig-uppdatering-22-februari-2025\\\/\",\"name\":\"Ukraina daglig uppdatering 22 Februari 2025 -\",\"isPartOf\":{\"@id\":\"https:\\\/\\\/johanno1.se\\\/sv\\\/#website\"},\"primaryImageOfPage\":{\"@id\":\"https:\\\/\\\/johanno1.se\\\/sv\\\/ukraina-daglig-uppdatering-22-februari-2025\\\/#primaryimage\"},\"image\":{\"@id\":\"https:\\\/\\\/johanno1.se\\\/sv\\\/ukraina-daglig-uppdatering-22-februari-2025\\\/#primaryimage\"},\"thumbnailUrl\":\"https:\\\/\\\/substackcdn.com\\\/image\\\/fetch\\\/w_1456,c_limit,f_auto,q_auto:good,fl_progressive:steep\\\/https%3A%2F%2Fsubstack-post-media.s3.amazonaws.com%2Fpublic%2Fimages%2Fa1c73e0b-9562-400e-9dfa-d17ac85201a3_661x366.png\",\"datePublished\":\"2025-02-22T06:01:00+00:00\",\"dateModified\":\"2025-05-25T12:21:45+00:00\",\"breadcrumb\":{\"@id\":\"https:\\\/\\\/johanno1.se\\\/sv\\\/ukraina-daglig-uppdatering-22-februari-2025\\\/#breadcrumb\"},\"inLanguage\":\"sv-SE\",\"potentialAction\":[{\"@type\":\"ReadAction\",\"target\":[\"https:\\\/\\\/johanno1.se\\\/sv\\\/ukraina-daglig-uppdatering-22-februari-2025\\\/\"]}]},{\"@type\":\"ImageObject\",\"inLanguage\":\"sv-SE\",\"@id\":\"https:\\\/\\\/johanno1.se\\\/sv\\\/ukraina-daglig-uppdatering-22-februari-2025\\\/#primaryimage\",\"url\":\"https:\\\/\\\/substackcdn.com\\\/image\\\/fetch\\\/w_1456,c_limit,f_auto,q_auto:good,fl_progressive:steep\\\/https%3A%2F%2Fsubstack-post-media.s3.amazonaws.com%2Fpublic%2Fimages%2Fa1c73e0b-9562-400e-9dfa-d17ac85201a3_661x366.png\",\"contentUrl\":\"https:\\\/\\\/substackcdn.com\\\/image\\\/fetch\\\/w_1456,c_limit,f_auto,q_auto:good,fl_progressive:steep\\\/https%3A%2F%2Fsubstack-post-media.s3.amazonaws.com%2Fpublic%2Fimages%2Fa1c73e0b-9562-400e-9dfa-d17ac85201a3_661x366.png\"},{\"@type\":\"BreadcrumbList\",\"@id\":\"https:\\\/\\\/johanno1.se\\\/sv\\\/ukraina-daglig-uppdatering-22-februari-2025\\\/#breadcrumb\",\"itemListElement\":[{\"@type\":\"ListItem\",\"position\":1,\"name\":\"Hem\",\"item\":\"https:\\\/\\\/johanno1.se\\\/sv\\\/\"},{\"@type\":\"ListItem\",\"position\":2,\"name\":\"Ukraina daglig uppdatering 22 Februari 2025\"}]},{\"@type\":\"WebSite\",\"@id\":\"https:\\\/\\\/johanno1.se\\\/sv\\\/#website\",\"url\":\"https:\\\/\\\/johanno1.se\\\/sv\\\/\",\"name\":\"Johan No.1\",\"description\":\"Kriget i Ukraina - V\u00e4rldsledande omv\u00e4rldsanalys fr\u00e5n Svensksund till den ryska brakf\u00f6rlusten i Ukraina\",\"publisher\":{\"@id\":\"https:\\\/\\\/johanno1.se\\\/sv\\\/#organization\"},\"potentialAction\":[{\"@type\":\"SearchAction\",\"target\":{\"@type\":\"EntryPoint\",\"urlTemplate\":\"https:\\\/\\\/johanno1.se\\\/sv\\\/?s={search_term_string}\"},\"query-input\":{\"@type\":\"PropertyValueSpecification\",\"valueRequired\":true,\"valueName\":\"search_term_string\"}}],\"inLanguage\":\"sv-SE\"},{\"@type\":\"Organization\",\"@id\":\"https:\\\/\\\/johanno1.se\\\/sv\\\/#organization\",\"name\":\"Johan No. 1\",\"url\":\"https:\\\/\\\/johanno1.se\\\/sv\\\/\",\"logo\":{\"@type\":\"ImageObject\",\"inLanguage\":\"sv-SE\",\"@id\":\"https:\\\/\\\/johanno1.se\\\/sv\\\/#\\\/schema\\\/logo\\\/image\\\/\",\"url\":\"https:\\\/\\\/johanno1.se\\\/wp-content\\\/uploads\\\/2025\\\/03\\\/cropped-No1-Logo.png\",\"contentUrl\":\"https:\\\/\\\/johanno1.se\\\/wp-content\\\/uploads\\\/2025\\\/03\\\/cropped-No1-Logo.png\",\"width\":512,\"height\":512,\"caption\":\"Johan No. 1\"},\"image\":{\"@id\":\"https:\\\/\\\/johanno1.se\\\/sv\\\/#\\\/schema\\\/logo\\\/image\\\/\"}},{\"@type\":\"Person\",\"@id\":\"https:\\\/\\\/johanno1.se\\\/sv\\\/#\\\/schema\\\/person\\\/1dec165f070bde263b30eaf3c0a742e7\",\"name\":\"johan No.1\",\"image\":{\"@type\":\"ImageObject\",\"inLanguage\":\"sv-SE\",\"@id\":\"https:\\\/\\\/secure.gravatar.com\\\/avatar\\\/06f93864ed6b830e2782e60575fff112f1c61c52bb10b194131e0e333191695b?s=96&d=mm&r=g\",\"url\":\"https:\\\/\\\/secure.gravatar.com\\\/avatar\\\/06f93864ed6b830e2782e60575fff112f1c61c52bb10b194131e0e333191695b?s=96&d=mm&r=g\",\"contentUrl\":\"https:\\\/\\\/secure.gravatar.com\\\/avatar\\\/06f93864ed6b830e2782e60575fff112f1c61c52bb10b194131e0e333191695b?s=96&d=mm&r=g\",\"caption\":\"johan No.1\"},\"url\":\"https:\\\/\\\/johanno1.se\\\/sv\\\/author\\\/johan\\\/\"}]}<\/script>\n<!-- \/ Yoast SEO plugin. -->","yoast_head_json":{"title":"Ukraina daglig uppdatering 22 Februari 2025 -","robots":{"index":"index","follow":"follow","max-snippet":"max-snippet:-1","max-image-preview":"max-image-preview:large","max-video-preview":"max-video-preview:-1"},"canonical":"https:\/\/johanno1.se\/sv\/ukraina-daglig-uppdatering-22-februari-2025\/","og_locale":"sv_SE","og_type":"article","og_title":"Ukraina daglig uppdatering 22 Februari 2025 -","og_description":"Uppdatering Lejonen D\u00e5 kan vi f\u00f6rst i v\u00e4rlden, efter osintarna och etablerad media sl\u00e4ppa bomben att Ukraina st\u00e5r i begrepp [&hellip;]","og_url":"https:\/\/johanno1.se\/sv\/ukraina-daglig-uppdatering-22-februari-2025\/","og_site_name":"Johan No.1","article_published_time":"2025-02-22T06:01:00+00:00","article_modified_time":"2025-05-25T12:21:45+00:00","og_image":[{"url":"https:\/\/substackcdn.com\/image\/fetch\/w_1456,c_limit,f_auto,q_auto:good,fl_progressive:steep\/https%3A%2F%2Fsubstack-post-media.s3.amazonaws.com%2Fpublic%2Fimages%2Fa1c73e0b-9562-400e-9dfa-d17ac85201a3_661x366.png","type":"","width":"","height":""}],"author":"johan No.1","twitter_card":"summary_large_image","twitter_misc":{"Skriven av":"johan No.1","Ber\u00e4knad l\u00e4stid":"14 minuter"},"schema":{"@context":"https:\/\/schema.org","@graph":[{"@type":"Article","@id":"https:\/\/johanno1.se\/sv\/ukraina-daglig-uppdatering-22-februari-2025\/#article","isPartOf":{"@id":"https:\/\/johanno1.se\/sv\/ukraina-daglig-uppdatering-22-februari-2025\/"},"author":{"name":"johan No.1","@id":"https:\/\/johanno1.se\/sv\/#\/schema\/person\/1dec165f070bde263b30eaf3c0a742e7"},"headline":"Ukraina daglig uppdatering 22 Februari 2025","datePublished":"2025-02-22T06:01:00+00:00","dateModified":"2025-05-25T12:21:45+00:00","mainEntityOfPage":{"@id":"https:\/\/johanno1.se\/sv\/ukraina-daglig-uppdatering-22-februari-2025\/"},"wordCount":2780,"commentCount":70,"publisher":{"@id":"https:\/\/johanno1.se\/sv\/#organization"},"image":{"@id":"https:\/\/johanno1.se\/sv\/ukraina-daglig-uppdatering-22-februari-2025\/#primaryimage"},"thumbnailUrl":"https:\/\/substackcdn.com\/image\/fetch\/w_1456,c_limit,f_auto,q_auto:good,fl_progressive:steep\/https%3A%2F%2Fsubstack-post-media.s3.amazonaws.com%2Fpublic%2Fimages%2Fa1c73e0b-9562-400e-9dfa-d17ac85201a3_661x366.png","articleSection":["Kriget i Ukraina"],"inLanguage":"sv-SE","potentialAction":[{"@type":"CommentAction","name":"Comment","target":["https:\/\/johanno1.se\/sv\/ukraina-daglig-uppdatering-22-februari-2025\/#respond"]}]},{"@type":"WebPage","@id":"https:\/\/johanno1.se\/sv\/ukraina-daglig-uppdatering-22-februari-2025\/","url":"https:\/\/johanno1.se\/sv\/ukraina-daglig-uppdatering-22-februari-2025\/","name":"Ukraina daglig uppdatering 22 Februari 2025 -","isPartOf":{"@id":"https:\/\/johanno1.se\/sv\/#website"},"primaryImageOfPage":{"@id":"https:\/\/johanno1.se\/sv\/ukraina-daglig-uppdatering-22-februari-2025\/#primaryimage"},"image":{"@id":"https:\/\/johanno1.se\/sv\/ukraina-daglig-uppdatering-22-februari-2025\/#primaryimage"},"thumbnailUrl":"https:\/\/substackcdn.com\/image\/fetch\/w_1456,c_limit,f_auto,q_auto:good,fl_progressive:steep\/https%3A%2F%2Fsubstack-post-media.s3.amazonaws.com%2Fpublic%2Fimages%2Fa1c73e0b-9562-400e-9dfa-d17ac85201a3_661x366.png","datePublished":"2025-02-22T06:01:00+00:00","dateModified":"2025-05-25T12:21:45+00:00","breadcrumb":{"@id":"https:\/\/johanno1.se\/sv\/ukraina-daglig-uppdatering-22-februari-2025\/#breadcrumb"},"inLanguage":"sv-SE","potentialAction":[{"@type":"ReadAction","target":["https:\/\/johanno1.se\/sv\/ukraina-daglig-uppdatering-22-februari-2025\/"]}]},{"@type":"ImageObject","inLanguage":"sv-SE","@id":"https:\/\/johanno1.se\/sv\/ukraina-daglig-uppdatering-22-februari-2025\/#primaryimage","url":"https:\/\/substackcdn.com\/image\/fetch\/w_1456,c_limit,f_auto,q_auto:good,fl_progressive:steep\/https%3A%2F%2Fsubstack-post-media.s3.amazonaws.com%2Fpublic%2Fimages%2Fa1c73e0b-9562-400e-9dfa-d17ac85201a3_661x366.png","contentUrl":"https:\/\/substackcdn.com\/image\/fetch\/w_1456,c_limit,f_auto,q_auto:good,fl_progressive:steep\/https%3A%2F%2Fsubstack-post-media.s3.amazonaws.com%2Fpublic%2Fimages%2Fa1c73e0b-9562-400e-9dfa-d17ac85201a3_661x366.png"},{"@type":"BreadcrumbList","@id":"https:\/\/johanno1.se\/sv\/ukraina-daglig-uppdatering-22-februari-2025\/#breadcrumb","itemListElement":[{"@type":"ListItem","position":1,"name":"Hem","item":"https:\/\/johanno1.se\/sv\/"},{"@type":"ListItem","position":2,"name":"Ukraina daglig uppdatering 22 Februari 2025"}]},{"@type":"WebSite","@id":"https:\/\/johanno1.se\/sv\/#website","url":"https:\/\/johanno1.se\/sv\/","name":"Johan No.1","description":"Kriget i Ukraina - V\u00e4rldsledande omv\u00e4rldsanalys fr\u00e5n Svensksund till den ryska brakf\u00f6rlusten i Ukraina","publisher":{"@id":"https:\/\/johanno1.se\/sv\/#organization"},"potentialAction":[{"@type":"SearchAction","target":{"@type":"EntryPoint","urlTemplate":"https:\/\/johanno1.se\/sv\/?s={search_term_string}"},"query-input":{"@type":"PropertyValueSpecification","valueRequired":true,"valueName":"search_term_string"}}],"inLanguage":"sv-SE"},{"@type":"Organization","@id":"https:\/\/johanno1.se\/sv\/#organization","name":"Johan No. 1","url":"https:\/\/johanno1.se\/sv\/","logo":{"@type":"ImageObject","inLanguage":"sv-SE","@id":"https:\/\/johanno1.se\/sv\/#\/schema\/logo\/image\/","url":"https:\/\/johanno1.se\/wp-content\/uploads\/2025\/03\/cropped-No1-Logo.png","contentUrl":"https:\/\/johanno1.se\/wp-content\/uploads\/2025\/03\/cropped-No1-Logo.png","width":512,"height":512,"caption":"Johan No. 1"},"image":{"@id":"https:\/\/johanno1.se\/sv\/#\/schema\/logo\/image\/"}},{"@type":"Person","@id":"https:\/\/johanno1.se\/sv\/#\/schema\/person\/1dec165f070bde263b30eaf3c0a742e7","name":"johan No.1","image":{"@type":"ImageObject","inLanguage":"sv-SE","@id":"https:\/\/secure.gravatar.com\/avatar\/06f93864ed6b830e2782e60575fff112f1c61c52bb10b194131e0e333191695b?s=96&d=mm&r=g","url":"https:\/\/secure.gravatar.com\/avatar\/06f93864ed6b830e2782e60575fff112f1c61c52bb10b194131e0e333191695b?s=96&d=mm&r=g","contentUrl":"https:\/\/secure.gravatar.com\/avatar\/06f93864ed6b830e2782e60575fff112f1c61c52bb10b194131e0e333191695b?s=96&d=mm&r=g","caption":"johan No.1"},"url":"https:\/\/johanno1.se\/sv\/author\/johan\/"}]}},"_links":{"self":[{"href":"https:\/\/johanno1.se\/sv\/wp-json\/wp\/v2\/posts\/352","targetHints":{"allow":["GET"]}}],"collection":[{"href":"https:\/\/johanno1.se\/sv\/wp-json\/wp\/v2\/posts"}],"about":[{"href":"https:\/\/johanno1.se\/sv\/wp-json\/wp\/v2\/types\/post"}],"author":[{"embeddable":true,"href":"https:\/\/johanno1.se\/sv\/wp-json\/wp\/v2\/users\/3"}],"replies":[{"embeddable":true,"href":"https:\/\/johanno1.se\/sv\/wp-json\/wp\/v2\/comments?post=352"}],"version-history":[{"count":1,"href":"https:\/\/johanno1.se\/sv\/wp-json\/wp\/v2\/posts\/352\/revisions"}],"predecessor-version":[{"id":353,"href":"https:\/\/johanno1.se\/sv\/wp-json\/wp\/v2\/posts\/352\/revisions\/353"}],"wp:attachment":[{"href":"https:\/\/johanno1.se\/sv\/wp-json\/wp\/v2\/media?parent=352"}],"wp:term":[{"taxonomy":"category","embeddable":true,"href":"https:\/\/johanno1.se\/sv\/wp-json\/wp\/v2\/categories?post=352"},{"taxonomy":"post_tag","embeddable":true,"href":"https:\/\/johanno1.se\/sv\/wp-json\/wp\/v2\/tags?post=352"}],"curies":[{"name":"wp","href":"https:\/\/api.w.org\/{rel}","templated":true}]}}