{"id":364,"date":"2025-02-24T13:57:55","date_gmt":"2025-02-24T12:57:55","guid":{"rendered":"https:\/\/johanno1.se\/?p=364"},"modified":"2025-05-25T14:21:44","modified_gmt":"2025-05-25T12:21:44","slug":"ukraina-daglig-uppdatering-24-februari-2025","status":"publish","type":"post","link":"https:\/\/johanno1.se\/sv\/ukraina-daglig-uppdatering-24-februari-2025\/","title":{"rendered":"Ukraina daglig uppdatering 24 Februari 2025"},"content":{"rendered":"\n<p>Uppdatering<\/p>\n\n\n\n<figure class=\"wp-block-image is-resized\"><a href=\"https:\/\/substackcdn.com\/image\/fetch\/f_auto,q_auto:good,fl_progressive:steep\/https%3A%2F%2Fsubstack-post-media.s3.amazonaws.com%2Fpublic%2Fimages%2F96325475-aead-4916-8502-e9afaed9ee58_593x384.png\" target=\"_blank\" rel=\"noreferrer noopener\"><img decoding=\"async\" src=\"https:\/\/substackcdn.com\/image\/fetch\/w_1456,c_limit,f_auto,q_auto:good,fl_progressive:steep\/https%3A%2F%2Fsubstack-post-media.s3.amazonaws.com%2Fpublic%2Fimages%2F96325475-aead-4916-8502-e9afaed9ee58_593x384.png\" alt=\"\" style=\"width:409px;height:auto\"\/><\/a><\/figure>\n\n\n\n<p>Lejonen<\/p>\n\n\n\n<figure class=\"wp-block-embed is-type-rich is-provider-twitter wp-block-embed-twitter\"><div class=\"wp-block-embed__wrapper\">\n<blockquote class=\"twitter-tweet\" data-width=\"500\" data-dnt=\"true\"><p lang=\"en\" dir=\"ltr\">Pray for these brave Warriors who still fighting and sacrificing for their Freedom.<br><br>Warriors of The Light! \ud83d\ude4f<br> <a href=\"https:\/\/t.co\/b7PKTnfZbs\">pic.twitter.com\/b7PKTnfZbs<\/a><\/p>&mdash; UKRAINIAN SQUAD\ud83c\uddfa\ud83c\udde6 (@ukrainiansquad) <a href=\"https:\/\/twitter.com\/ukrainiansquad\/status\/1893735643353637266?ref_src=twsrc%5Etfw\">February 23, 2025<\/a><\/blockquote><script async src=\"https:\/\/platform.twitter.com\/widgets.js\" charset=\"utf-8\"><\/script>\n<\/div><\/figure>\n\n\n\n<p>En ypperlig summering av Zelenskys stora tal av Fria Ukraina \u2013 jag tror han retat upp Trump rej\u00e4lt med detta, vad tror ni?<\/p>\n\n\n\n<figure class=\"wp-block-embed is-type-rich is-provider-twitter wp-block-embed-twitter\"><div class=\"wp-block-embed__wrapper\">\n<blockquote class=\"twitter-tweet\" data-width=\"500\" data-dnt=\"true\"><p lang=\"sv\" dir=\"ltr\">Lyssnade igenom president Zelenskyjs tv\u00e5timmarspresskonferens och tog lite noteringar l\u00f6pande om intressanta saker:<br>Zelenskyj \u00e4r beredd att l\u00e4mna sin post om det ger fred och om posten g\u00e5r att byta mot medlemskap i Nato f\u00f6r Ukraina s\u00e5 g\u00e5r det ocks\u00e5 bra.<br><br>320 miljarder USD har\u2026 <a href=\"https:\/\/t.co\/FzhdsSbFgX\">pic.twitter.com\/FzhdsSbFgX<\/a><\/p>&mdash; Fria Ukraina (@FriaUkraina) <a href=\"https:\/\/twitter.com\/FriaUkraina\/status\/1893742550495932461?ref_src=twsrc%5Etfw\">February 23, 2025<\/a><\/blockquote><script async src=\"https:\/\/platform.twitter.com\/widgets.js\" charset=\"utf-8\"><\/script>\n<\/div><\/figure>\n\n\n\n<p>Och h\u00e4r \u00e4r Zelenskys tal vid krigsstart<\/p>\n\n\n\n<figure class=\"wp-block-embed is-type-rich is-provider-twitter wp-block-embed-twitter\"><div class=\"wp-block-embed__wrapper\">\n<blockquote class=\"twitter-tweet\" data-width=\"500\" data-dnt=\"true\"><p lang=\"en\" dir=\"ltr\">Three years ago tonight, hours before Russia launched it&#39;s full scale invasion, with 200,000 Russian troops massing on the Ukrainian border, Zelensky addressed the Russian people directly, in their own language.<br><br>&quot;If your army attacks us, they will see our faces, not our backs&quot; <a href=\"https:\/\/t.co\/Ft3GsffrdZ\">pic.twitter.com\/Ft3GsffrdZ<\/a><\/p>&mdash; SPRAVDI \u2014 Stratcom Centre (@StratcomCentre) <a href=\"https:\/\/twitter.com\/StratcomCentre\/status\/1893755606437093408?ref_src=twsrc%5Etfw\">February 23, 2025<\/a><\/blockquote><script async src=\"https:\/\/platform.twitter.com\/widgets.js\" charset=\"utf-8\"><\/script>\n<\/div><\/figure>\n\n\n\n<p>\u00d6verlevde ni fredagsfylla, h\u00e4r var det drunk-posting och rom &#8211; missade ni den tillst\u00e4llningen rekommenderar jag att ni inte missar n\u00e4sta fredag f\u00f6r livet kommer bli roligare helt enkelt om ni \u00e4r d\u00e4r.<\/p>\n\n\n\n<p>I l\u00f6rdags skulle vi se \u201dkaribiens vackraste \u00f6\u201d, hagglade med b\u00e5ten men vi fick med oss en peruansk familj s\u00e5 vi beh\u00f6vde \u201dbara\u201d betala 2000kr per familj f\u00f6r en liten askeladden som \u201dni f\u00e5r ha hela dagen\u201d.<\/p>\n\n\n\n<p>30minuter till \u00f6n \u2013 en restaurang som b\u00e5tf\u00f6raren f\u00f6rmodligen hade avtal med f\u00f6r det var nog \u00f6ns s\u00e4msta och kostade oss en tusing till f\u00f6r snudd p\u00e5 hundmat. Lite udda f\u00f6r endast manlig personal och hade v\u00e4ldigt sm\u00e5 stugor man kunde sova \u00f6ver i, och g\u00e4sterna var bara tyskor som befolkade solstolarna om man gick p\u00e5 spr\u00e5ket. Serveringspersonalen var v\u00e4nliga mot andra sidan bordet och jag fick knappt best\u00e4lla en \u00f6l \ud83d\ude00<\/p>\n\n\n\n<p>P\u00e5 v\u00e4gen hem skulle vi \u201dbada i den naturliga poolen\u201d, fotografierna p\u00e5 hemsidan var klart vatten med massa fisk i. B\u00e5ten stannade i midjedjupt vatten som var helt grumligt pga. v\u00e5gorna som r\u00f6rt upp sanden \u2013 man s\u00e5g knappt handen framf\u00f6r sig och fisk fanns det ingen.<\/p>\n\n\n\n<p>Efter 20 minuter sa kaptenen \u201dvamonos, e tarde\u201d och n\u00e4r vi f\u00f6rs\u00f6kte argumentera f\u00f6r att vi skulle f\u00e5 vara ute s\u00e5 l\u00e4nge vi ville hade ju guiden sagt till oss s\u00e5 startade han bara motorn.<\/p>\n\n\n\n<p>V\u00e4l tillbaka till kaj bad han om dricks helt skaml\u00f6st vilket han inte fick.<\/p>\n\n\n\n<p>Jag postar analysen om Trump imorgon bitti f\u00f6r det har h\u00e4nt f\u00f6r mycket men Trump br\u00e4nde ju sitt krut under veckan som gick och eftersom det \u00e4r \u00e5rsdagen har alla europas ledare s\u00e5klart (lite sent men Trump gav dom en v\u00e4lbeh\u00f6vlig spark\u2026) accepterat inbjudningarna att komma till Kiev s\u00e5 det \u00e4r en enorm uppvisning i enighet och motst\u00e5ndskraft h\u00e4r. Norden st\u00e5r faktiskt ut rej\u00e4lt.<\/p>\n\n\n\n<figure class=\"wp-block-image is-resized\"><a href=\"https:\/\/substackcdn.com\/image\/fetch\/f_auto,q_auto:good,fl_progressive:steep\/https%3A%2F%2Fsubstack-post-media.s3.amazonaws.com%2Fpublic%2Fimages%2F8ac7d951-8309-4abd-9436-92f3bcc91d23_757x850.png\" target=\"_blank\" rel=\"noreferrer noopener\"><img decoding=\"async\" src=\"https:\/\/substackcdn.com\/image\/fetch\/w_1456,c_limit,f_auto,q_auto:good,fl_progressive:steep\/https%3A%2F%2Fsubstack-post-media.s3.amazonaws.com%2Fpublic%2Fimages%2F8ac7d951-8309-4abd-9436-92f3bcc91d23_757x850.png\" alt=\"\" style=\"width:498px;height:auto\"\/><\/a><\/figure>\n\n\n\n<p>Noterbart att Kanade gjort mycket p\u00e5 senare tid, riktigt mycket, och att Trudeau verkar kunna g\u00f6ra ett ok val p\u00e5 UA st\u00f6d.<\/p>\n\n\n\n<figure class=\"wp-block-image is-resized\"><a href=\"https:\/\/substackcdn.com\/image\/fetch\/f_auto,q_auto:good,fl_progressive:steep\/https%3A%2F%2Fsubstack-post-media.s3.amazonaws.com%2Fpublic%2Fimages%2F18ad50b5-0ea2-4894-a8bd-8571d11b79b3_754x343.png\" target=\"_blank\" rel=\"noreferrer noopener\"><img decoding=\"async\" src=\"https:\/\/substackcdn.com\/image\/fetch\/w_1456,c_limit,f_auto,q_auto:good,fl_progressive:steep\/https%3A%2F%2Fsubstack-post-media.s3.amazonaws.com%2Fpublic%2Fimages%2F18ad50b5-0ea2-4894-a8bd-8571d11b79b3_754x343.png\" alt=\"\" style=\"width:402px;height:auto\"\/><\/a><\/figure>\n\n\n\n<p>Tror alla \u00e4r d\u00e4r utom Trump och i alla fall jag k\u00e4nner att han \u00e4r helt rundad nu, den leverage han m\u00f6jligen hade \u00e4r bortbl\u00e5st efter en runda v\u00e4rdel\u00f6s f\u00f6rhandling. Zelensky har fortsatt hela helgen att avsl\u00f6ja Trumps fulspel.<\/p>\n\n\n\n<figure class=\"wp-block-image is-resized\"><a href=\"https:\/\/substackcdn.com\/image\/fetch\/f_auto,q_auto:good,fl_progressive:steep\/https%3A%2F%2Fsubstack-post-media.s3.amazonaws.com%2Fpublic%2Fimages%2F69a01fa8-23ac-4335-819f-6fe54a7642f3_759x692.png\" target=\"_blank\" rel=\"noreferrer noopener\"><img decoding=\"async\" src=\"https:\/\/substackcdn.com\/image\/fetch\/w_1456,c_limit,f_auto,q_auto:good,fl_progressive:steep\/https%3A%2F%2Fsubstack-post-media.s3.amazonaws.com%2Fpublic%2Fimages%2F69a01fa8-23ac-4335-819f-6fe54a7642f3_759x692.png\" alt=\"\" style=\"width:484px;height:auto\"\/><\/a><\/figure>\n\n\n\n<p>Och detta vet Putin mycket v\u00e4l om.<\/p>\n\n\n\n<p>Tyskland verkar nu sent omsider ha rett ut sin inrikespolitik och Metz st\u00e5r som segrare, \u00e4r inte Putin helt historiel\u00f6s finns det sm\u00e5 sk\u00e4l f\u00f6r honom att oroas nu. F\u00f6rst Sovjet och sen Ryssland har haft en kontinuerlig p\u00e5verkansoperation att pacificera Tyskland men med Ukrainakriget gick det helt enkelt f\u00f6r l\u00e5ngt och dom har nu vaknat, \u201dDeutschland Erwache\u201d l\u00e5ter bekant p\u00e5 n\u00e5t s\u00e4tt \ud83d\ude32<\/p>\n\n\n\n<p>Merz \u00e4r en urstark UA supporter som vill skicka vapen och Taurus ig\u00e5r till Ukraina.<\/p>\n\n\n\n<p>F\u00f6r mig ser det ut som han kan g\u00e5 ihop med SPD och die Grune och ialafall deras milj\u00f6parti \u00e4r stenh\u00e5rda UA supporters lite otippat.<\/p>\n\n\n\n<p>Eftersom USA l\u00e4mnar ett vacuum ser naturligtvis tyska industrin chansen till stora kontrakt f\u00f6r UA s\u00e5 f\u00f6rv\u00e4nta er en industrigigant som nu spr\u00e4nger bojorna och blir Ukrainas b\u00e4sta kompis.<\/p>\n\n\n\n<p>Fr\u00e5gan \u00e4r ju om inte Trump varit den b\u00e4sta tyska valarbetaren h\u00e4r veckan som gick \ud83e\udd23<\/p>\n\n\n\n<p>F\u00f6r lite mer \u00e4n tre \u00e5r sedan postades denna av en ukrainsk soldat \ud83d\udca5<\/p>\n\n\n\n<figure class=\"wp-block-embed is-type-rich is-provider-twitter wp-block-embed-twitter\"><div class=\"wp-block-embed__wrapper\">\n<blockquote class=\"twitter-tweet\" data-width=\"500\" data-dnt=\"true\"><p lang=\"en\" dir=\"ltr\">This was the moment almost 3 years ago I knew for sure Ukraine would be victorious <a href=\"https:\/\/t.co\/mxSxrcyUnz\">pic.twitter.com\/mxSxrcyUnz<\/a><\/p>&mdash; Artoir (@ItsArtoir) <a href=\"https:\/\/twitter.com\/ItsArtoir\/status\/1893795395865575509?ref_src=twsrc%5Etfw\">February 23, 2025<\/a><\/blockquote><script async src=\"https:\/\/platform.twitter.com\/widgets.js\" charset=\"utf-8\"><\/script>\n<\/div><\/figure>\n\n\n\n<p>Om ni minns i h\u00f6stas n\u00e4r Zelensky skulle s\u00e4lja in sin segerplan till Biden och f\u00f6rnedringen var total s\u00e5 b\u00f6rjade jag driva linjen h\u00e5rt att UA kriget var en valvinnare och att Zelensky var en valvinnare.<\/p>\n\n\n\n<p>Biden v\u00e5gade inte st\u00f6tta Ukraina fullt ut i upploppet inf\u00f6r valet och Trump lj\u00f6g som en h\u00e4st.<\/p>\n\n\n\n<p>Nu kom det lite senare \u00e4n vad jag f\u00f6rutsp\u00e5dde men Trudeu har uppt\u00e4ckt att han f\u00e5r mycket b\u00e4ttre siffror genom att st\u00f6dja Ukraina och tysklands Merz har snudd p\u00e5 g\u00e5tt till val p\u00e5 att st\u00f6dja Ukraina fullt ut och gjorde ett str\u00e5lande val.<\/p>\n\n\n\n<p>F\u00f6r Trump \u00e4r det tv\u00e4rtom \u2013 hans fulspel med Putin kommer f\u00e4lla honom.<\/p>\n\n\n\n<p>F\u00f6r mig \u00e4r det sk\u00f6nt att vi kommit hit, Zelenskys f\u00f6rnedringsresa i September var sv\u00e5r att se.<\/p>\n\n\n\n<p>Det \u00e4r som att allt sl\u00e4ppt och det beror naturligtvis p\u00e5 att Trump vill g\u00f6ra allt inf\u00f6r kamerorna och visar USAs f\u00f6rr\u00e4deri i all sin prakt \u2013 f\u00f6rtrollningen sl\u00e4ppte.<\/p>\n\n\n\n<p>F\u00f6rv\u00e4nta er en \u00e4nnu v\u00e4rre vecka fr\u00e5n Trump f\u00f6r Zelensky har nog retat upp honom rej\u00e4lt \u00f6ver helgen \ud83d\ude02<\/p>\n\n\n\n<p>F\u00f6r \u00f6vrigt s\u00e5 \u00e4r Merz \u00d6VERTYDLIG med att Ukraina skall ges st\u00f6det att \u00e5terta HELA sitt land. R\u00e4tt ord har sagts och nu f\u00e5r vi se det i handling vilket torde ha h\u00f6g sannolikhet.<\/p>\n\n\n\n<p>Hela hans politiska plattform verkar n\u00e4stan vara det och EUs s\u00e4kerhet.<\/p>\n\n\n\n<p>Hegseths \u201ddet \u00e4r helt enkelt inte realistiskt att UA \u00e5terf\u00e5r sitt land\u201d och Trumps \u201dwell, Putin har ju k\u00e4mpat h\u00e5rt f\u00f6r det s\u00e5 r\u00e4ttvist att han f\u00e5r beh\u00e5lla det\u201d kommer f\u00f6rf\u00f6lja Trump till graven \u2013 ett f\u00f6rr\u00e4deri som kommer komma med i historieb\u00f6ckerna.<\/p>\n\n\n\n<p>Gillade ni inl\u00e4gget dela det g\u00e4rna i era kanaler,<\/p>\n\n\n\n<p>Vill ni ha ett kul kommentarsf\u00e4lt som nu b\u00f6rjar komma ig\u00e5ng riktigt rej\u00e4lt och inte l\u00e4ngre bara \u00e4r jag som pratar upp det p\u00e5 Bluesky och sen sitter d\u00e4r helt sj\u00e4lv \u2013 hemsidan<\/p>\n\n\n\n<p>P\u00e5 Substack f\u00e5r ni g\u00e4rna bli betalande prenumeranter och det \u00e4r kul att se att n\u00e5gra tycker det \u00e4r l\u00e4sv\u00e4rt, ser arbetet bakom och har prenumererat \ud83d\udc4d<\/p>\n\n\n\n<p>Enligt feedback g\u00e5r det inte att prenumerera via mobilen utan bara via dator \u2013 smart av Substack nu n\u00e4r PC b\u00f6rjar bli utrotningshotat.<\/p>\n\n\n\n<p>j<a target=\"_blank\" rel=\"noreferrer noopener\" href=\"mailto:ohanno1.se\">ohanno1.se<\/a><\/p>\n\n\n\n<p><a target=\"_blank\" rel=\"noreferrer noopener\" href=\"mailto:substack.com\/@johanno1\">substack.com\/@johanno1<\/a><\/p>\n\n\n\n<p><a href=\"https:\/\/bsky.app\/profile\/johanno1.bsky.social\">https:\/\/bsky.app\/profile\/johanno1.bsky.social<\/a><\/p>\n\n\n\n<p><\/p>\n","protected":false},"excerpt":{"rendered":"<p>Uppdatering Lejonen En ypperlig summering av Zelenskys stora tal av Fria Ukraina \u2013 jag tror han retat upp Trump rej\u00e4lt [&hellip;]<\/p>\n","protected":false},"author":3,"featured_media":0,"comment_status":"open","ping_status":"open","sticky":false,"template":"","format":"standard","meta":{"site-sidebar-layout":"default","site-content-layout":"","ast-site-content-layout":"default","site-content-style":"default","site-sidebar-style":"default","ast-global-header-display":"","ast-banner-title-visibility":"","ast-main-header-display":"","ast-hfb-above-header-display":"","ast-hfb-below-header-display":"","ast-hfb-mobile-header-display":"","site-post-title":"","ast-breadcrumbs-content":"","ast-featured-img":"","footer-sml-layout":"","ast-disable-related-posts":"","theme-transparent-header-meta":"","adv-header-id-meta":"","stick-header-meta":"","header-above-stick-meta":"","header-main-stick-meta":"","header-below-stick-meta":"","astra-migrate-meta-layouts":"default","ast-page-background-enabled":"default","ast-page-background-meta":{"desktop":{"background-color":"var(--ast-global-color-4)","background-image":"","background-repeat":"repeat","background-position":"center center","background-size":"auto","background-attachment":"scroll","background-type":"","background-media":"","overlay-type":"","overlay-color":"","overlay-opacity":"","overlay-gradient":""},"tablet":{"background-color":"","background-image":"","background-repeat":"repeat","background-position":"center center","background-size":"auto","background-attachment":"scroll","background-type":"","background-media":"","overlay-type":"","overlay-color":"","overlay-opacity":"","overlay-gradient":""},"mobile":{"background-color":"","background-image":"","background-repeat":"repeat","background-position":"center center","background-size":"auto","background-attachment":"scroll","background-type":"","background-media":"","overlay-type":"","overlay-color":"","overlay-opacity":"","overlay-gradient":""}},"ast-content-background-meta":{"desktop":{"background-color":"var(--ast-global-color-5)","background-image":"","background-repeat":"repeat","background-position":"center center","background-size":"auto","background-attachment":"scroll","background-type":"","background-media":"","overlay-type":"","overlay-color":"","overlay-opacity":"","overlay-gradient":""},"tablet":{"background-color":"var(--ast-global-color-5)","background-image":"","background-repeat":"repeat","background-position":"center center","background-size":"auto","background-attachment":"scroll","background-type":"","background-media":"","overlay-type":"","overlay-color":"","overlay-opacity":"","overlay-gradient":""},"mobile":{"background-color":"var(--ast-global-color-5)","background-image":"","background-repeat":"repeat","background-position":"center center","background-size":"auto","background-attachment":"scroll","background-type":"","background-media":"","overlay-type":"","overlay-color":"","overlay-opacity":"","overlay-gradient":""}},"footnotes":""},"categories":[18],"tags":[],"class_list":["post-364","post","type-post","status-publish","format-standard","hentry","category-ukraina"],"yoast_head":"<!-- This site is optimized with the Yoast SEO plugin v27.4 - https:\/\/yoast.com\/product\/yoast-seo-wordpress\/ -->\n<title>Ukraina daglig uppdatering 24 Februari 2025 -<\/title>\n<meta name=\"robots\" content=\"index, follow, max-snippet:-1, max-image-preview:large, max-video-preview:-1\" \/>\n<link rel=\"canonical\" href=\"https:\/\/johanno1.se\/sv\/ukraina-daglig-uppdatering-24-februari-2025\/\" \/>\n<meta property=\"og:locale\" content=\"sv_SE\" \/>\n<meta property=\"og:type\" content=\"article\" \/>\n<meta property=\"og:title\" content=\"Ukraina daglig uppdatering 24 Februari 2025 -\" \/>\n<meta property=\"og:description\" content=\"Uppdatering Lejonen En ypperlig summering av Zelenskys stora tal av Fria Ukraina \u2013 jag tror han retat upp Trump rej\u00e4lt [&hellip;]\" \/>\n<meta property=\"og:url\" content=\"https:\/\/johanno1.se\/sv\/ukraina-daglig-uppdatering-24-februari-2025\/\" \/>\n<meta property=\"og:site_name\" content=\"Johan No.1\" \/>\n<meta property=\"article:published_time\" content=\"2025-02-24T12:57:55+00:00\" \/>\n<meta property=\"article:modified_time\" content=\"2025-05-25T12:21:44+00:00\" \/>\n<meta property=\"og:image\" content=\"https:\/\/substackcdn.com\/image\/fetch\/w_1456,c_limit,f_auto,q_auto:good,fl_progressive:steep\/https%3A%2F%2Fsubstack-post-media.s3.amazonaws.com%2Fpublic%2Fimages%2F96325475-aead-4916-8502-e9afaed9ee58_593x384.png\" \/>\n<meta name=\"author\" content=\"johan No.1\" \/>\n<meta name=\"twitter:card\" content=\"summary_large_image\" \/>\n<meta name=\"twitter:label1\" content=\"Skriven av\" \/>\n\t<meta name=\"twitter:data1\" content=\"johan No.1\" \/>\n\t<meta name=\"twitter:label2\" content=\"Ber\u00e4knad l\u00e4stid\" \/>\n\t<meta name=\"twitter:data2\" content=\"6 minuter\" \/>\n<script type=\"application\/ld+json\" class=\"yoast-schema-graph\">{\"@context\":\"https:\\\/\\\/schema.org\",\"@graph\":[{\"@type\":\"Article\",\"@id\":\"https:\\\/\\\/johanno1.se\\\/sv\\\/ukraina-daglig-uppdatering-24-februari-2025\\\/#article\",\"isPartOf\":{\"@id\":\"https:\\\/\\\/johanno1.se\\\/sv\\\/ukraina-daglig-uppdatering-24-februari-2025\\\/\"},\"author\":{\"name\":\"johan No.1\",\"@id\":\"https:\\\/\\\/johanno1.se\\\/sv\\\/#\\\/schema\\\/person\\\/1dec165f070bde263b30eaf3c0a742e7\"},\"headline\":\"Ukraina daglig uppdatering 24 Februari 2025\",\"datePublished\":\"2025-02-24T12:57:55+00:00\",\"dateModified\":\"2025-05-25T12:21:44+00:00\",\"mainEntityOfPage\":{\"@id\":\"https:\\\/\\\/johanno1.se\\\/sv\\\/ukraina-daglig-uppdatering-24-februari-2025\\\/\"},\"wordCount\":1108,\"commentCount\":72,\"publisher\":{\"@id\":\"https:\\\/\\\/johanno1.se\\\/sv\\\/#organization\"},\"image\":{\"@id\":\"https:\\\/\\\/johanno1.se\\\/sv\\\/ukraina-daglig-uppdatering-24-februari-2025\\\/#primaryimage\"},\"thumbnailUrl\":\"https:\\\/\\\/substackcdn.com\\\/image\\\/fetch\\\/w_1456,c_limit,f_auto,q_auto:good,fl_progressive:steep\\\/https%3A%2F%2Fsubstack-post-media.s3.amazonaws.com%2Fpublic%2Fimages%2F96325475-aead-4916-8502-e9afaed9ee58_593x384.png\",\"articleSection\":[\"Kriget i Ukraina\"],\"inLanguage\":\"sv-SE\",\"potentialAction\":[{\"@type\":\"CommentAction\",\"name\":\"Comment\",\"target\":[\"https:\\\/\\\/johanno1.se\\\/sv\\\/ukraina-daglig-uppdatering-24-februari-2025\\\/#respond\"]}]},{\"@type\":\"WebPage\",\"@id\":\"https:\\\/\\\/johanno1.se\\\/sv\\\/ukraina-daglig-uppdatering-24-februari-2025\\\/\",\"url\":\"https:\\\/\\\/johanno1.se\\\/sv\\\/ukraina-daglig-uppdatering-24-februari-2025\\\/\",\"name\":\"Ukraina daglig uppdatering 24 Februari 2025 -\",\"isPartOf\":{\"@id\":\"https:\\\/\\\/johanno1.se\\\/sv\\\/#website\"},\"primaryImageOfPage\":{\"@id\":\"https:\\\/\\\/johanno1.se\\\/sv\\\/ukraina-daglig-uppdatering-24-februari-2025\\\/#primaryimage\"},\"image\":{\"@id\":\"https:\\\/\\\/johanno1.se\\\/sv\\\/ukraina-daglig-uppdatering-24-februari-2025\\\/#primaryimage\"},\"thumbnailUrl\":\"https:\\\/\\\/substackcdn.com\\\/image\\\/fetch\\\/w_1456,c_limit,f_auto,q_auto:good,fl_progressive:steep\\\/https%3A%2F%2Fsubstack-post-media.s3.amazonaws.com%2Fpublic%2Fimages%2F96325475-aead-4916-8502-e9afaed9ee58_593x384.png\",\"datePublished\":\"2025-02-24T12:57:55+00:00\",\"dateModified\":\"2025-05-25T12:21:44+00:00\",\"breadcrumb\":{\"@id\":\"https:\\\/\\\/johanno1.se\\\/sv\\\/ukraina-daglig-uppdatering-24-februari-2025\\\/#breadcrumb\"},\"inLanguage\":\"sv-SE\",\"potentialAction\":[{\"@type\":\"ReadAction\",\"target\":[\"https:\\\/\\\/johanno1.se\\\/sv\\\/ukraina-daglig-uppdatering-24-februari-2025\\\/\"]}]},{\"@type\":\"ImageObject\",\"inLanguage\":\"sv-SE\",\"@id\":\"https:\\\/\\\/johanno1.se\\\/sv\\\/ukraina-daglig-uppdatering-24-februari-2025\\\/#primaryimage\",\"url\":\"https:\\\/\\\/substackcdn.com\\\/image\\\/fetch\\\/w_1456,c_limit,f_auto,q_auto:good,fl_progressive:steep\\\/https%3A%2F%2Fsubstack-post-media.s3.amazonaws.com%2Fpublic%2Fimages%2F96325475-aead-4916-8502-e9afaed9ee58_593x384.png\",\"contentUrl\":\"https:\\\/\\\/substackcdn.com\\\/image\\\/fetch\\\/w_1456,c_limit,f_auto,q_auto:good,fl_progressive:steep\\\/https%3A%2F%2Fsubstack-post-media.s3.amazonaws.com%2Fpublic%2Fimages%2F96325475-aead-4916-8502-e9afaed9ee58_593x384.png\"},{\"@type\":\"BreadcrumbList\",\"@id\":\"https:\\\/\\\/johanno1.se\\\/sv\\\/ukraina-daglig-uppdatering-24-februari-2025\\\/#breadcrumb\",\"itemListElement\":[{\"@type\":\"ListItem\",\"position\":1,\"name\":\"Hem\",\"item\":\"https:\\\/\\\/johanno1.se\\\/sv\\\/\"},{\"@type\":\"ListItem\",\"position\":2,\"name\":\"Ukraina daglig uppdatering 24 Februari 2025\"}]},{\"@type\":\"WebSite\",\"@id\":\"https:\\\/\\\/johanno1.se\\\/sv\\\/#website\",\"url\":\"https:\\\/\\\/johanno1.se\\\/sv\\\/\",\"name\":\"Johan No.1\",\"description\":\"Kriget i Ukraina - V\u00e4rldsledande omv\u00e4rldsanalys fr\u00e5n Svensksund till den ryska brakf\u00f6rlusten i Ukraina\",\"publisher\":{\"@id\":\"https:\\\/\\\/johanno1.se\\\/sv\\\/#organization\"},\"potentialAction\":[{\"@type\":\"SearchAction\",\"target\":{\"@type\":\"EntryPoint\",\"urlTemplate\":\"https:\\\/\\\/johanno1.se\\\/sv\\\/?s={search_term_string}\"},\"query-input\":{\"@type\":\"PropertyValueSpecification\",\"valueRequired\":true,\"valueName\":\"search_term_string\"}}],\"inLanguage\":\"sv-SE\"},{\"@type\":\"Organization\",\"@id\":\"https:\\\/\\\/johanno1.se\\\/sv\\\/#organization\",\"name\":\"Johan No. 1\",\"url\":\"https:\\\/\\\/johanno1.se\\\/sv\\\/\",\"logo\":{\"@type\":\"ImageObject\",\"inLanguage\":\"sv-SE\",\"@id\":\"https:\\\/\\\/johanno1.se\\\/sv\\\/#\\\/schema\\\/logo\\\/image\\\/\",\"url\":\"https:\\\/\\\/johanno1.se\\\/wp-content\\\/uploads\\\/2025\\\/03\\\/cropped-No1-Logo.png\",\"contentUrl\":\"https:\\\/\\\/johanno1.se\\\/wp-content\\\/uploads\\\/2025\\\/03\\\/cropped-No1-Logo.png\",\"width\":512,\"height\":512,\"caption\":\"Johan No. 1\"},\"image\":{\"@id\":\"https:\\\/\\\/johanno1.se\\\/sv\\\/#\\\/schema\\\/logo\\\/image\\\/\"}},{\"@type\":\"Person\",\"@id\":\"https:\\\/\\\/johanno1.se\\\/sv\\\/#\\\/schema\\\/person\\\/1dec165f070bde263b30eaf3c0a742e7\",\"name\":\"johan No.1\",\"image\":{\"@type\":\"ImageObject\",\"inLanguage\":\"sv-SE\",\"@id\":\"https:\\\/\\\/secure.gravatar.com\\\/avatar\\\/06f93864ed6b830e2782e60575fff112f1c61c52bb10b194131e0e333191695b?s=96&d=mm&r=g\",\"url\":\"https:\\\/\\\/secure.gravatar.com\\\/avatar\\\/06f93864ed6b830e2782e60575fff112f1c61c52bb10b194131e0e333191695b?s=96&d=mm&r=g\",\"contentUrl\":\"https:\\\/\\\/secure.gravatar.com\\\/avatar\\\/06f93864ed6b830e2782e60575fff112f1c61c52bb10b194131e0e333191695b?s=96&d=mm&r=g\",\"caption\":\"johan No.1\"},\"url\":\"https:\\\/\\\/johanno1.se\\\/sv\\\/author\\\/johan\\\/\"}]}<\/script>\n<!-- \/ Yoast SEO plugin. -->","yoast_head_json":{"title":"Ukraina daglig uppdatering 24 Februari 2025 -","robots":{"index":"index","follow":"follow","max-snippet":"max-snippet:-1","max-image-preview":"max-image-preview:large","max-video-preview":"max-video-preview:-1"},"canonical":"https:\/\/johanno1.se\/sv\/ukraina-daglig-uppdatering-24-februari-2025\/","og_locale":"sv_SE","og_type":"article","og_title":"Ukraina daglig uppdatering 24 Februari 2025 -","og_description":"Uppdatering Lejonen En ypperlig summering av Zelenskys stora tal av Fria Ukraina \u2013 jag tror han retat upp Trump rej\u00e4lt [&hellip;]","og_url":"https:\/\/johanno1.se\/sv\/ukraina-daglig-uppdatering-24-februari-2025\/","og_site_name":"Johan No.1","article_published_time":"2025-02-24T12:57:55+00:00","article_modified_time":"2025-05-25T12:21:44+00:00","og_image":[{"url":"https:\/\/substackcdn.com\/image\/fetch\/w_1456,c_limit,f_auto,q_auto:good,fl_progressive:steep\/https%3A%2F%2Fsubstack-post-media.s3.amazonaws.com%2Fpublic%2Fimages%2F96325475-aead-4916-8502-e9afaed9ee58_593x384.png","type":"","width":"","height":""}],"author":"johan No.1","twitter_card":"summary_large_image","twitter_misc":{"Skriven av":"johan No.1","Ber\u00e4knad l\u00e4stid":"6 minuter"},"schema":{"@context":"https:\/\/schema.org","@graph":[{"@type":"Article","@id":"https:\/\/johanno1.se\/sv\/ukraina-daglig-uppdatering-24-februari-2025\/#article","isPartOf":{"@id":"https:\/\/johanno1.se\/sv\/ukraina-daglig-uppdatering-24-februari-2025\/"},"author":{"name":"johan No.1","@id":"https:\/\/johanno1.se\/sv\/#\/schema\/person\/1dec165f070bde263b30eaf3c0a742e7"},"headline":"Ukraina daglig uppdatering 24 Februari 2025","datePublished":"2025-02-24T12:57:55+00:00","dateModified":"2025-05-25T12:21:44+00:00","mainEntityOfPage":{"@id":"https:\/\/johanno1.se\/sv\/ukraina-daglig-uppdatering-24-februari-2025\/"},"wordCount":1108,"commentCount":72,"publisher":{"@id":"https:\/\/johanno1.se\/sv\/#organization"},"image":{"@id":"https:\/\/johanno1.se\/sv\/ukraina-daglig-uppdatering-24-februari-2025\/#primaryimage"},"thumbnailUrl":"https:\/\/substackcdn.com\/image\/fetch\/w_1456,c_limit,f_auto,q_auto:good,fl_progressive:steep\/https%3A%2F%2Fsubstack-post-media.s3.amazonaws.com%2Fpublic%2Fimages%2F96325475-aead-4916-8502-e9afaed9ee58_593x384.png","articleSection":["Kriget i Ukraina"],"inLanguage":"sv-SE","potentialAction":[{"@type":"CommentAction","name":"Comment","target":["https:\/\/johanno1.se\/sv\/ukraina-daglig-uppdatering-24-februari-2025\/#respond"]}]},{"@type":"WebPage","@id":"https:\/\/johanno1.se\/sv\/ukraina-daglig-uppdatering-24-februari-2025\/","url":"https:\/\/johanno1.se\/sv\/ukraina-daglig-uppdatering-24-februari-2025\/","name":"Ukraina daglig uppdatering 24 Februari 2025 -","isPartOf":{"@id":"https:\/\/johanno1.se\/sv\/#website"},"primaryImageOfPage":{"@id":"https:\/\/johanno1.se\/sv\/ukraina-daglig-uppdatering-24-februari-2025\/#primaryimage"},"image":{"@id":"https:\/\/johanno1.se\/sv\/ukraina-daglig-uppdatering-24-februari-2025\/#primaryimage"},"thumbnailUrl":"https:\/\/substackcdn.com\/image\/fetch\/w_1456,c_limit,f_auto,q_auto:good,fl_progressive:steep\/https%3A%2F%2Fsubstack-post-media.s3.amazonaws.com%2Fpublic%2Fimages%2F96325475-aead-4916-8502-e9afaed9ee58_593x384.png","datePublished":"2025-02-24T12:57:55+00:00","dateModified":"2025-05-25T12:21:44+00:00","breadcrumb":{"@id":"https:\/\/johanno1.se\/sv\/ukraina-daglig-uppdatering-24-februari-2025\/#breadcrumb"},"inLanguage":"sv-SE","potentialAction":[{"@type":"ReadAction","target":["https:\/\/johanno1.se\/sv\/ukraina-daglig-uppdatering-24-februari-2025\/"]}]},{"@type":"ImageObject","inLanguage":"sv-SE","@id":"https:\/\/johanno1.se\/sv\/ukraina-daglig-uppdatering-24-februari-2025\/#primaryimage","url":"https:\/\/substackcdn.com\/image\/fetch\/w_1456,c_limit,f_auto,q_auto:good,fl_progressive:steep\/https%3A%2F%2Fsubstack-post-media.s3.amazonaws.com%2Fpublic%2Fimages%2F96325475-aead-4916-8502-e9afaed9ee58_593x384.png","contentUrl":"https:\/\/substackcdn.com\/image\/fetch\/w_1456,c_limit,f_auto,q_auto:good,fl_progressive:steep\/https%3A%2F%2Fsubstack-post-media.s3.amazonaws.com%2Fpublic%2Fimages%2F96325475-aead-4916-8502-e9afaed9ee58_593x384.png"},{"@type":"BreadcrumbList","@id":"https:\/\/johanno1.se\/sv\/ukraina-daglig-uppdatering-24-februari-2025\/#breadcrumb","itemListElement":[{"@type":"ListItem","position":1,"name":"Hem","item":"https:\/\/johanno1.se\/sv\/"},{"@type":"ListItem","position":2,"name":"Ukraina daglig uppdatering 24 Februari 2025"}]},{"@type":"WebSite","@id":"https:\/\/johanno1.se\/sv\/#website","url":"https:\/\/johanno1.se\/sv\/","name":"Johan No.1","description":"Kriget i Ukraina - V\u00e4rldsledande omv\u00e4rldsanalys fr\u00e5n Svensksund till den ryska brakf\u00f6rlusten i Ukraina","publisher":{"@id":"https:\/\/johanno1.se\/sv\/#organization"},"potentialAction":[{"@type":"SearchAction","target":{"@type":"EntryPoint","urlTemplate":"https:\/\/johanno1.se\/sv\/?s={search_term_string}"},"query-input":{"@type":"PropertyValueSpecification","valueRequired":true,"valueName":"search_term_string"}}],"inLanguage":"sv-SE"},{"@type":"Organization","@id":"https:\/\/johanno1.se\/sv\/#organization","name":"Johan No. 1","url":"https:\/\/johanno1.se\/sv\/","logo":{"@type":"ImageObject","inLanguage":"sv-SE","@id":"https:\/\/johanno1.se\/sv\/#\/schema\/logo\/image\/","url":"https:\/\/johanno1.se\/wp-content\/uploads\/2025\/03\/cropped-No1-Logo.png","contentUrl":"https:\/\/johanno1.se\/wp-content\/uploads\/2025\/03\/cropped-No1-Logo.png","width":512,"height":512,"caption":"Johan No. 1"},"image":{"@id":"https:\/\/johanno1.se\/sv\/#\/schema\/logo\/image\/"}},{"@type":"Person","@id":"https:\/\/johanno1.se\/sv\/#\/schema\/person\/1dec165f070bde263b30eaf3c0a742e7","name":"johan No.1","image":{"@type":"ImageObject","inLanguage":"sv-SE","@id":"https:\/\/secure.gravatar.com\/avatar\/06f93864ed6b830e2782e60575fff112f1c61c52bb10b194131e0e333191695b?s=96&d=mm&r=g","url":"https:\/\/secure.gravatar.com\/avatar\/06f93864ed6b830e2782e60575fff112f1c61c52bb10b194131e0e333191695b?s=96&d=mm&r=g","contentUrl":"https:\/\/secure.gravatar.com\/avatar\/06f93864ed6b830e2782e60575fff112f1c61c52bb10b194131e0e333191695b?s=96&d=mm&r=g","caption":"johan No.1"},"url":"https:\/\/johanno1.se\/sv\/author\/johan\/"}]}},"_links":{"self":[{"href":"https:\/\/johanno1.se\/sv\/wp-json\/wp\/v2\/posts\/364","targetHints":{"allow":["GET"]}}],"collection":[{"href":"https:\/\/johanno1.se\/sv\/wp-json\/wp\/v2\/posts"}],"about":[{"href":"https:\/\/johanno1.se\/sv\/wp-json\/wp\/v2\/types\/post"}],"author":[{"embeddable":true,"href":"https:\/\/johanno1.se\/sv\/wp-json\/wp\/v2\/users\/3"}],"replies":[{"embeddable":true,"href":"https:\/\/johanno1.se\/sv\/wp-json\/wp\/v2\/comments?post=364"}],"version-history":[{"count":1,"href":"https:\/\/johanno1.se\/sv\/wp-json\/wp\/v2\/posts\/364\/revisions"}],"predecessor-version":[{"id":365,"href":"https:\/\/johanno1.se\/sv\/wp-json\/wp\/v2\/posts\/364\/revisions\/365"}],"wp:attachment":[{"href":"https:\/\/johanno1.se\/sv\/wp-json\/wp\/v2\/media?parent=364"}],"wp:term":[{"taxonomy":"category","embeddable":true,"href":"https:\/\/johanno1.se\/sv\/wp-json\/wp\/v2\/categories?post=364"},{"taxonomy":"post_tag","embeddable":true,"href":"https:\/\/johanno1.se\/sv\/wp-json\/wp\/v2\/tags?post=364"}],"curies":[{"name":"wp","href":"https:\/\/api.w.org\/{rel}","templated":true}]}}