{"id":369,"date":"2025-02-25T07:01:00","date_gmt":"2025-02-25T06:01:00","guid":{"rendered":"https:\/\/johanno1.se\/?p=369"},"modified":"2025-05-25T14:21:43","modified_gmt":"2025-05-25T12:21:43","slug":"ukraina-daglig-uppdatering-25-februari-2025","status":"publish","type":"post","link":"https:\/\/johanno1.se\/sv\/ukraina-daglig-uppdatering-25-februari-2025\/","title":{"rendered":"Ukraina daglig uppdatering 25 Februari 2025"},"content":{"rendered":"\n<p>Uppdatering<\/p>\n\n\n\n<figure class=\"wp-block-image is-resized\"><a href=\"https:\/\/substackcdn.com\/image\/fetch\/f_auto,q_auto:good,fl_progressive:steep\/https%3A%2F%2Fsubstack-post-media.s3.amazonaws.com%2Fpublic%2Fimages%2F7a11d2c0-02e7-4965-8d6f-4265350bb208_668x439.png\" target=\"_blank\" rel=\"noreferrer noopener\"><img decoding=\"async\" src=\"https:\/\/substackcdn.com\/image\/fetch\/w_1456,c_limit,f_auto,q_auto:good,fl_progressive:steep\/https%3A%2F%2Fsubstack-post-media.s3.amazonaws.com%2Fpublic%2Fimages%2F7a11d2c0-02e7-4965-8d6f-4265350bb208_668x439.png\" alt=\"\" style=\"width:374px;height:auto\"\/><\/a><\/figure>\n\n\n\n<p>Nu har jag snart lyckats bearbeta helgen och \u00e4r tillbaka med normall\u00e5nga v\u00e4rldsledande inl\u00e4gg till morgonkaffet som sig b\u00f6r. N\u00e4sta helg skall vi \u00e5ka och titta p\u00e5 bl\u00e5val om vi kommer iv\u00e4g och det kanske blir mer lyckat \u00e4n helgens snordyra haveri.<\/p>\n\n\n\n<p>Vi k\u00f6r igen sammanfattningen av Zelenskys stora tal h\u00e4romdagen och jag gissar att Trump \u00e4r \u00e4nnu surare denna vecka \u00e4n vad han var i fredags.<\/p>\n\n\n\n<figure class=\"wp-block-embed is-type-rich is-provider-twitter wp-block-embed-twitter\"><div class=\"wp-block-embed__wrapper\">\n<blockquote class=\"twitter-tweet\" data-width=\"500\" data-dnt=\"true\"><p lang=\"sv\" dir=\"ltr\">Lyssnade igenom president Zelenskyjs tv\u00e5timmarspresskonferens och tog lite noteringar l\u00f6pande om intressanta saker:<br>Zelenskyj \u00e4r beredd att l\u00e4mna sin post om det ger fred och om posten g\u00e5r att byta mot medlemskap i Nato f\u00f6r Ukraina s\u00e5 g\u00e5r det ocks\u00e5 bra.<br><br>320 miljarder USD har\u2026 <a href=\"https:\/\/t.co\/FzhdsSbFgX\">pic.twitter.com\/FzhdsSbFgX<\/a><\/p>&mdash; Fria Ukraina (@FriaUkraina) <a href=\"https:\/\/twitter.com\/FriaUkraina\/status\/1893742550495932461?ref_src=twsrc%5Etfw\">February 23, 2025<\/a><\/blockquote><script async src=\"https:\/\/platform.twitter.com\/widgets.js\" charset=\"utf-8\"><\/script>\n<\/div><\/figure>\n\n\n\n<p>Och den levande legenden Mette \u2013 ta bort alla r\u00f6da kort och Europa har bara m\u00e5nader p\u00e5 sig att agera. Vi skall vara tacksamma att Europa ocks\u00e5 har dessa ledare.<\/p>\n\n\n\n<figure class=\"wp-block-embed is-type-rich is-provider-twitter wp-block-embed-twitter\"><div class=\"wp-block-embed__wrapper\">\n<blockquote class=\"twitter-tweet\" data-width=\"500\" data-dnt=\"true\"><p lang=\"en\" dir=\"ltr\">Danish Prime Minister Mette Frederiksen, at the <a href=\"https:\/\/twitter.com\/hashtag\/SupportUkraine?src=hash&amp;ref_src=twsrc%5Etfw\">#SupportUkraine<\/a> summit in Kyiv, called on leaders to remove all red lines in Ukraine\u2019s fight against Russian aggression. <br><br>She also said that Europe has only a couple of months to make necessary decisions or it will be too late. <a href=\"https:\/\/t.co\/417sovNQgg\">pic.twitter.com\/417sovNQgg<\/a><\/p>&mdash; UNITED24 Media (@United24media) <a href=\"https:\/\/twitter.com\/United24media\/status\/1893986568395747361?ref_src=twsrc%5Etfw\">February 24, 2025<\/a><\/blockquote><script async src=\"https:\/\/platform.twitter.com\/widgets.js\" charset=\"utf-8\"><\/script>\n<\/div><\/figure>\n\n\n\n<p>Never Forget<\/p>\n\n\n\n<figure class=\"wp-block-embed is-type-rich is-provider-twitter wp-block-embed-twitter\"><div class=\"wp-block-embed__wrapper\">\n<blockquote class=\"twitter-tweet\" data-width=\"500\" data-dnt=\"true\"><p lang=\"en\" dir=\"ltr\">Never forget. <a href=\"https:\/\/t.co\/oWPCG3Ookw\">pic.twitter.com\/oWPCG3Ookw<\/a><\/p>&mdash; Horia I. \ua46d \ud83c\uddf7\ud83c\uddf4\ud83c\uddfa\ud83c\udde6 (@horia85) <a href=\"https:\/\/twitter.com\/horia85\/status\/1893780521278153066?ref_src=twsrc%5Etfw\">February 23, 2025<\/a><\/blockquote><script async src=\"https:\/\/platform.twitter.com\/widgets.js\" charset=\"utf-8\"><\/script>\n<\/div><\/figure>\n\n\n\n<p>Slava Ukraina<\/p>\n\n\n\n<figure class=\"wp-block-embed is-type-rich is-provider-twitter wp-block-embed-twitter\"><div class=\"wp-block-embed__wrapper\">\n<blockquote class=\"twitter-tweet\" data-width=\"500\" data-dnt=\"true\"><p lang=\"en\" dir=\"ltr\">\u201cUkrainians didn\u2019t choose this war. But they are choosing to fight it. Not just for their freedom, but for a future were children won\u2019t know the sound of sirens.\u201d<br><br>UNITED24 Ambassador, <a href=\"https:\/\/twitter.com\/TimothyDSnyder?ref_src=twsrc%5Etfw\">@TimothyDSnyder<\/a> recorded a message to the world from the heart of Kyiv\ud83d\udc99\ud83d\udc9b<br>Thank you, Timothy! <a href=\"https:\/\/t.co\/wsuq1bfhIq\">pic.twitter.com\/wsuq1bfhIq<\/a><\/p>&mdash; UNITED24 (@U24_gov_ua) <a href=\"https:\/\/twitter.com\/U24_gov_ua\/status\/1893995482617164016?ref_src=twsrc%5Etfw\">February 24, 2025<\/a><\/blockquote><script async src=\"https:\/\/platform.twitter.com\/widgets.js\" charset=\"utf-8\"><\/script>\n<\/div><\/figure>\n\n\n\n<p>Invasionens f\u00f6rsta sk\u00e4lvande timmar, efter att Ryssland upprepade g\u00e5nger anklagat v\u00e4st f\u00f6r att vara krigshetsare och att man aldrig skulle anfalla Ukraina<\/p>\n\n\n\n<figure class=\"wp-block-embed is-type-rich is-provider-twitter wp-block-embed-twitter\"><div class=\"wp-block-embed__wrapper\">\n<blockquote class=\"twitter-tweet\" data-width=\"500\" data-dnt=\"true\"><p lang=\"en\" dir=\"ltr\">Today 3 years ago Russian airborne and Marine units poured into Ukraine to start the invasion of Ukraine, it was captured on cctv footage just after 4 in the morning, border guards had abandoned posts in a panic. <a href=\"https:\/\/t.co\/36XZz9ghL7\">pic.twitter.com\/36XZz9ghL7<\/a><\/p>&mdash; WarMonitor\ud83c\uddfa\ud83c\udde6\ud83c\uddec\ud83c\udde7 (@WarMonitor3) <a href=\"https:\/\/twitter.com\/WarMonitor3\/status\/1893832772935897336?ref_src=twsrc%5Etfw\">February 24, 2025<\/a><\/blockquote><script async src=\"https:\/\/platform.twitter.com\/widgets.js\" charset=\"utf-8\"><\/script>\n<\/div><\/figure>\n\n\n\n<p>Sen har Zelensky avsl\u00f6jat det stora f\u00f6rr\u00e4deriet en bit i taget<\/p>\n\n\n\n<figure class=\"wp-block-image is-resized\"><a href=\"https:\/\/substackcdn.com\/image\/fetch\/f_auto,q_auto:good,fl_progressive:steep\/https%3A%2F%2Fsubstack-post-media.s3.amazonaws.com%2Fpublic%2Fimages%2F5587073f-664b-4df5-aaa2-b0ef3641b436_743x812.png\" target=\"_blank\" rel=\"noreferrer noopener\"><img decoding=\"async\" src=\"https:\/\/substackcdn.com\/image\/fetch\/w_1456,c_limit,f_auto,q_auto:good,fl_progressive:steep\/https%3A%2F%2Fsubstack-post-media.s3.amazonaws.com%2Fpublic%2Fimages%2F5587073f-664b-4df5-aaa2-b0ef3641b436_743x812.png\" alt=\"\" style=\"width:439px;height:auto\"\/><\/a><\/figure>\n\n\n\n<p>Och h\u00e4r s\u00e4ger han i stort sett att hans f\u00f6rh\u00e5llande med Trump \u00e4r uruselt \ud83d\ude32<\/p>\n\n\n\n<figure class=\"wp-block-embed is-type-rich is-provider-twitter wp-block-embed-twitter\"><div class=\"wp-block-embed__wrapper\">\n<blockquote class=\"twitter-tweet\" data-width=\"500\" data-dnt=\"true\"><p lang=\"en\" dir=\"ltr\">Zelensky is asked about his relationship with Trump.<br><br>His answer: <a href=\"https:\/\/t.co\/QgoCdSDk59\">pic.twitter.com\/QgoCdSDk59<\/a><\/p>&mdash; Polymarket Intel (@PolymarketIntel) <a href=\"https:\/\/twitter.com\/PolymarketIntel\/status\/1894078108375961629?ref_src=twsrc%5Etfw\">February 24, 2025<\/a><\/blockquote><script async src=\"https:\/\/platform.twitter.com\/widgets.js\" charset=\"utf-8\"><\/script>\n<\/div><\/figure>\n\n\n\n<p>Senast ut verkar vara Witkoff, Trumps s\u00e4ndebud till Moskva som har den v\u00e4rsta proryska svada vi h\u00f6rt p\u00e5 l\u00e4nge.<\/p>\n\n\n\n<figure class=\"wp-block-embed is-type-rich is-provider-twitter wp-block-embed-twitter\"><div class=\"wp-block-embed__wrapper\">\n<blockquote class=\"twitter-tweet\" data-width=\"500\" data-dnt=\"true\"><p lang=\"en\" dir=\"ltr\">Trump Special Envoy to Moscow Witkoff:<br><br>The U.S. was finding the majority of Ukraine war (not true), and we want our money back (that was the deal with Biden+ the U.S., not Trump)<br><br>We expect the mineral agreement to be signed very soon (are you sure, after today\u2019s Ze remarks)? 1\/ <a href=\"https:\/\/t.co\/1FVcYQ4Jry\">pic.twitter.com\/1FVcYQ4Jry<\/a><\/p>&mdash; Tymofiy Mylovanov (@Mylovanov) <a href=\"https:\/\/twitter.com\/Mylovanov\/status\/1893787613066039740?ref_src=twsrc%5Etfw\">February 23, 2025<\/a><\/blockquote><script async src=\"https:\/\/platform.twitter.com\/widgets.js\" charset=\"utf-8\"><\/script>\n<\/div><\/figure>\n\n\n\n<p>Urs\u00e4kta alla twitterl\u00e4nkarna.<\/p>\n\n\n\n<p>Och s\u00e5 kommer Trump med ett nyy uttalande som ligger s\u00e5 pass fel med vad vi h\u00f6rt fr\u00e5n Ukraina senaste dagarna att man undrar om han ens l\u00e4ser Johan No.1 l\u00e4ngre?<\/p>\n\n\n\n<p>Han g\u00f6r ju bort sig totalt.<\/p>\n\n\n\n<figure class=\"wp-block-image is-resized\"><a href=\"https:\/\/substackcdn.com\/image\/fetch\/f_auto,q_auto:good,fl_progressive:steep\/https%3A%2F%2Fsubstack-post-media.s3.amazonaws.com%2Fpublic%2Fimages%2F371b8b27-7291-4d93-81f7-646779a86b67_977x909.png\" target=\"_blank\" rel=\"noreferrer noopener\"><img decoding=\"async\" src=\"https:\/\/substackcdn.com\/image\/fetch\/w_1456,c_limit,f_auto,q_auto:good,fl_progressive:steep\/https%3A%2F%2Fsubstack-post-media.s3.amazonaws.com%2Fpublic%2Fimages%2F371b8b27-7291-4d93-81f7-646779a86b67_977x909.png\" alt=\"\" style=\"width:416px;height:auto\"\/><\/a><\/figure>\n\n\n\n<p>Och h\u00e4r \u00e4r nyligen och Trump p\u00e5 film verkar tro att mineraldealen kommer skrivas under om n\u00e5n vecka.<\/p>\n\n\n\n<figure class=\"wp-block-embed is-type-rich is-provider-twitter wp-block-embed-twitter\"><div class=\"wp-block-embed__wrapper\">\n<blockquote class=\"twitter-tweet\" data-width=\"500\" data-dnt=\"true\"><p lang=\"en\" dir=\"ltr\">Trump stated he could meet President Zelensky to sign the minerals agreement as soon as this or next week. <br><br>\ud83d\udcac \u201cI will meet with President Zelensky. In fact, he may come this or next week to sign the deal,\u201d Trump said. <a href=\"https:\/\/t.co\/WaXfwlMKCm\">pic.twitter.com\/WaXfwlMKCm<\/a><\/p>&mdash; NOELREPORTS \ud83c\uddea\ud83c\uddfa \ud83c\uddfa\ud83c\udde6 (@NOELreports) <a href=\"https:\/\/twitter.com\/NOELreports\/status\/1894086968230760601?ref_src=twsrc%5Etfw\">February 24, 2025<\/a><\/blockquote><script async src=\"https:\/\/platform.twitter.com\/widgets.js\" charset=\"utf-8\"><\/script>\n<\/div><\/figure>\n\n\n\n<p>Samtidigt som EU g\u00e5r ut och klart och tydligt s\u00e4ger att dom INTE kommer kr\u00e4va betalning alls.<\/p>\n\n\n\n<figure class=\"wp-block-image is-resized\"><a href=\"https:\/\/substackcdn.com\/image\/fetch\/f_auto,q_auto:good,fl_progressive:steep\/https%3A%2F%2Fsubstack-post-media.s3.amazonaws.com%2Fpublic%2Fimages%2F0706f5ba-dbfa-4426-af73-2e5a2efc3bde_762x368.png\" target=\"_blank\" rel=\"noreferrer noopener\"><img decoding=\"async\" src=\"https:\/\/substackcdn.com\/image\/fetch\/w_1456,c_limit,f_auto,q_auto:good,fl_progressive:steep\/https%3A%2F%2Fsubstack-post-media.s3.amazonaws.com%2Fpublic%2Fimages%2F0706f5ba-dbfa-4426-af73-2e5a2efc3bde_762x368.png\" alt=\"\" style=\"width:406px;height:auto\"\/><\/a><\/figure>\n\n\n\n<p>Och EU precis formligen vr\u00e4ker st\u00f6dpaket \u00f6ver Ukraina<\/p>\n\n\n\n<figure class=\"wp-block-image is-resized\"><a href=\"https:\/\/substackcdn.com\/image\/fetch\/f_auto,q_auto:good,fl_progressive:steep\/https%3A%2F%2Fsubstack-post-media.s3.amazonaws.com%2Fpublic%2Fimages%2F25f319eb-267e-41ad-b500-cdb9e1e7e54f_754x589.png\" target=\"_blank\" rel=\"noreferrer noopener\"><img decoding=\"async\" src=\"https:\/\/substackcdn.com\/image\/fetch\/w_1456,c_limit,f_auto,q_auto:good,fl_progressive:steep\/https%3A%2F%2Fsubstack-post-media.s3.amazonaws.com%2Fpublic%2Fimages%2F25f319eb-267e-41ad-b500-cdb9e1e7e54f_754x589.png\" alt=\"\" style=\"width:454px;height:auto\"\/><\/a><\/figure>\n\n\n\n<p>Och FN g\u00e5r emot USA som r\u00f6stade NEJ till detta\u2026<\/p>\n\n\n\n<figure class=\"wp-block-image is-resized\"><a href=\"https:\/\/substackcdn.com\/image\/fetch\/f_auto,q_auto:good,fl_progressive:steep\/https%3A%2F%2Fsubstack-post-media.s3.amazonaws.com%2Fpublic%2Fimages%2F478c3958-9c6c-42c4-9e99-e8cc52d75310_757x600.png\" target=\"_blank\" rel=\"noreferrer noopener\"><img decoding=\"async\" src=\"https:\/\/substackcdn.com\/image\/fetch\/w_1456,c_limit,f_auto,q_auto:good,fl_progressive:steep\/https%3A%2F%2Fsubstack-post-media.s3.amazonaws.com%2Fpublic%2Fimages%2F478c3958-9c6c-42c4-9e99-e8cc52d75310_757x600.png\" alt=\"\" style=\"width:444px;height:auto\"\/><\/a><\/figure>\n\n\n\n<p>En bra grundpl\u00e5t att utg\u00e5 ifr\u00e5n vore att Ukraina tagit enormt med offer f\u00f6r att skydda sig sj\u00e4lva, Europa och i f\u00f6rl\u00e4ngningen USA fr\u00e5n ett tredje v\u00e4rldskrig.<\/p>\n\n\n\n<p>Sen \u00e4r en bonus att den lede fienden Ryssland \u00e4r mycket sv\u00e5rt decimerad f\u00f6r l\u00e5ng tid fram\u00f6ver.<\/p>\n\n\n\n<p>Att d\u00e5 st\u00e5 och f\u00f6rs\u00f6ka lura till sig massa pesetas fr\u00e5n de m\u00f6rdade barnens f\u00f6r\u00e4ldrar genom rena bedr\u00e4gerier ser inte j\u00e4ttesnyggt ut och det \u00e4r det Zelensky g\u00f6r nu \u2013 han f\u00e5r Trump att se \u00e4nnu mer id1otisk ut och han f\u00e5r USA att framst\u00e5 som snikna, sm\u00e5aktiga &#8211; som sm\u00e5 h\u00e4lare som dealar i tandguld dom gr\u00e4vt upp fr\u00e5n gravplatser nattetid.<\/p>\n\n\n\n<p>I fredags fortsatte ju Trump att prata ned Zelensky i massa radionakanaler och olika USA f\u00f6retr\u00e4dare f\u00f6rd\u00f6mde v\u00e5r tids Churchill &#8211; det var mest pinsamt att se dissonansen.<\/p>\n\n\n\n<p>Nu g\u00e5r ocks\u00e5 olika organisationer ut och varnar &#8211; precis som jag gjorde innan d\u00e5 jag ligger f\u00f6re i kurvan &#8211; att rysk psyops ligger och puttrar i bakgrunden. Allt det vi postat \u00e4r direkta uttalanden p\u00e5 r\u00f6rlig bild i stort sett s\u00e5 inga rykten eller l\u00f6sryckt utan det som faktiskt sagts &#8211; vi \u00f6verdriver inte den h\u00e4r t\u00e5gkraschen.<\/p>\n\n\n\n<p>Nu var det helg och \u00e4ven i USA kollade man \u00f6ver veckan som gick och resonerade kring det internt och sen f\u00e5r vi se denna vecka om det h\u00e4r \u00e4r linjen USA (Trump!) vill driva eller om dom k\u00e4nner att det inte blev j\u00e4ttelyckat \u2013 jag f\u00e5r inte intrycket att Trump l\u00e5tit sig nedsl\u00e5s \u00e4nnu alls?<\/p>\n\n\n\n<p>Jag tror sannolikheten \u00e4r +1 f\u00f6r att Trump kommer g\u00e5 in med b\u00e5da revolvrarna p\u00e5 automateld i veckan som kommer n\u00e4r han f\u00e5tt summerat f\u00f6r sig vad Zelensky sagt senaste dagarna.<\/p>\n\n\n\n<p>Dealen \u00e4r s\u00e5 pass skaml\u00f6s att den aldrig kunnat accepteras.<\/p>\n\n\n\n<p>Macron \u00e4r i USA, f\u00e5r se vad han kan \u00e5stadkomma. Trump har pratat ned honom och Starmer redan, och sen fick Macron sitta vid sidan om Trump p\u00e5 G7 m\u00f6tet.<\/p>\n\n\n\n<figure class=\"wp-block-image is-resized\"><a href=\"https:\/\/substackcdn.com\/image\/fetch\/f_auto,q_auto:good,fl_progressive:steep\/https%3A%2F%2Fsubstack-post-media.s3.amazonaws.com%2Fpublic%2Fimages%2F272059f9-37f9-4773-8d0a-a10cb728b8c7_750x710.png\" target=\"_blank\" rel=\"noreferrer noopener\"><img decoding=\"async\" src=\"https:\/\/substackcdn.com\/image\/fetch\/w_1456,c_limit,f_auto,q_auto:good,fl_progressive:steep\/https%3A%2F%2Fsubstack-post-media.s3.amazonaws.com%2Fpublic%2Fimages%2F272059f9-37f9-4773-8d0a-a10cb728b8c7_750x710.png\" alt=\"\" style=\"width:436px;height:auto\"\/><\/a><\/figure>\n\n\n\n<p>Intensiteten i f\u00f6rra veckan f\u00f6rv\u00e5nade mig och s\u00e4ger v\u00e4l oss att detta g\u00e4ng \u00e4r helt felkalibrerade. Det har vi sett hela kriget med olika f\u00f6retr\u00e4dare men att komma 2025 f\u00e5r nog anses vara lite av ett v\u00e4rldsrekord \u00e4ven om Trump precis tilltr\u00e4tt.<\/p>\n\n\n\n<p>Sen fungerar det s\u00e5 i den riktiga v\u00e4rlden att man \u00e4ger sina konsekvenser och det kommer Trump och USA f\u00e5 g\u00f6ra &#8211; tro inte f\u00f6r en sekund att MIC \u00e4r n\u00f6jda med detta, Trumps polls \u00e4r p\u00e5 v\u00e4g ned i avgrunden redan och en l\u00e5gkonjunktur knackar p\u00e5 d\u00f6rren hos USA.<\/p>\n\n\n\n<p>Och USA \u00e4r landet som exporterar Svartepetter till andra l\u00e4nder n\u00e4r det b\u00f6rjar br\u00e4nnas men inte den h\u00e4r g\u00e5ngen.<\/p>\n\n\n\n<p>Nu har ocks\u00e5 Polen f\u00e5tt kalla handen av Trump.<\/p>\n\n\n\n<p>\u00c4r det n\u00e5t land i v\u00e4st som avgudat USA \u00e4r det v\u00e4l \u00e4nd\u00e5 Polen, och n\u00e4stefter Ukraina \u00e4r det europas starkaste f\u00f6rsvarsmakt.<\/p>\n\n\n\n<figure class=\"wp-block-image is-resized\"><a href=\"https:\/\/substackcdn.com\/image\/fetch\/f_auto,q_auto:good,fl_progressive:steep\/https%3A%2F%2Fsubstack-post-media.s3.amazonaws.com%2Fpublic%2Fimages%2Fe8749fc0-25ae-4d05-9d6e-b7a12245e8ee_758x687.png\" target=\"_blank\" rel=\"noreferrer noopener\"><img decoding=\"async\" src=\"https:\/\/substackcdn.com\/image\/fetch\/w_1456,c_limit,f_auto,q_auto:good,fl_progressive:steep\/https%3A%2F%2Fsubstack-post-media.s3.amazonaws.com%2Fpublic%2Fimages%2Fe8749fc0-25ae-4d05-9d6e-b7a12245e8ee_758x687.png\" alt=\"\" style=\"width:392px;height:auto\"\/><\/a><\/figure>\n\n\n\n<figure class=\"wp-block-image is-resized\"><a href=\"https:\/\/substackcdn.com\/image\/fetch\/f_auto,q_auto:good,fl_progressive:steep\/https%3A%2F%2Fsubstack-post-media.s3.amazonaws.com%2Fpublic%2Fimages%2F4f766c36-ce6f-4c16-a896-bff512aaae0b_738x853.png\" target=\"_blank\" rel=\"noreferrer noopener\"><img decoding=\"async\" src=\"https:\/\/substackcdn.com\/image\/fetch\/w_1456,c_limit,f_auto,q_auto:good,fl_progressive:steep\/https%3A%2F%2Fsubstack-post-media.s3.amazonaws.com%2Fpublic%2Fimages%2F4f766c36-ce6f-4c16-a896-bff512aaae0b_738x853.png\" alt=\"\" style=\"width:427px;height:auto\"\/><\/a><\/figure>\n\n\n\n<p>Zelensky sade att dom bara f\u00e5tt 30mrdr usd i direkt st\u00f6d och sedan \u00e4ldre \u00f6verskottsvapen under helgen som svar p\u00e5 Trumps \u201d300mrdr usd har vi gett Ukraina\u201d.<\/p>\n\n\n\n<p>Det enda som skulle kunna f\u00e5 min analys nedan p\u00e5 skam \u00e4r om eftersnacket i vita huset varit att Trump f\u00f6rst\u00e5tt hur fel det g\u00e5tt och denna vecka helt l\u00e4gger om kursen men sannolikheten f\u00f6r att Mango Mussolini kommer g\u00e5 ut stenh\u00e5rt i veckan \u00e4r skyh\u00f6g s\u00e5 jag chansar och springer f\u00f6re.<\/p>\n\n\n\n<p>Vad id1oten h\u00e5ller p\u00e5 med h\u00e4r \u00e4r oklart &#8211; USA har skickat kanske +30mrdr i direkt st\u00f6d resten har stannat i USA, vi vet att till exempel vissa Bradleys beh\u00f6vde m\u00e5nader p\u00e5 verkstad innan dom kunde k\u00f6ras till fronterna och USA vapenf\u00f6rs\u00e4ljning \u00e4r kanske 400mrdr usd senaste \u00e5ren s\u00e5 upp som ett spjut.<\/p>\n\n\n\n<p>USA som land har tj\u00e4nat enorma summor p\u00e5 kriget och sen s\u00e4ljer dom ju LNG och Olja till Europa n\u00e4r ryska pipelines och fartyg spr\u00e4ngs.<\/p>\n\n\n\n<p>Antingen tror Mango Mussolini p\u00e5 allvar att UA skall avst\u00e5 500mrdr usd av sitt land och han vill skina eller s\u00e5 \u00e4r detta designat av Ryska s\u00e4kerhetstj\u00e4nsten att orsaka en krasch, men vems krasch?<\/p>\n\n\n\n<p>USAs f\u00f6rsvarskoncernsaktier har g\u00e5tt ned, b\u00f6rsen har g\u00e5tt ned och hans popularitetssiffror har g\u00e5tt ned &#8211; jag har ju redan slagit i gongongen att det blir UA kriget som f\u00e4ller honom och st\u00e5r fast vid det. Misstag g\u00f6rs hela tiden av honom nu och den h\u00e4r g\u00e5ngen \u00e4r det rikets s\u00e4kerhet som st\u00e5r p\u00e5 spel.<\/p>\n\n\n\n<p>Litet sidosp\u00e5r &#8211; om ni tror det h\u00e4r \u00e4r unikt och nytt s\u00e5 kan jag rekommendera lite olika litteraturer om kalla kriget om politiker i v\u00e4st och andra i beslutsfattande positioner som var ryska agenter. Chefen inom kontraspionaget i UK var v\u00e4l rysk agent till exempel \ud83e\udd23\ud83e\udd23<\/p>\n\n\n\n<p>Ett RYKTE (SALTINT) som b\u00e4st men i den senaste mineraldealen har USA nu tagit bort ordet &#8221;security&#8221; s\u00e5 dom inte l\u00e4ngre erbjuder n\u00e5gra som helst s\u00e4kerhetsgarantier \ud83d\ude32<\/p>\n\n\n\n<p>Som en s\u00e4mre komedi detta om alla rykten st\u00e4mmer, har lyckats slarva bort l\u00e4nken.<\/p>\n\n\n\n<p>Min take p\u00e5 detta med den information vi har idag \u00e4r nu f\u00f6ljande \u2013 jag har varit tydlig med att jag ville se Trump i handling innan domen f\u00f6rkunnades. I f\u00f6rra veckan accelererade Trump detta s\u00e5 pass att jag tror vi redan har hans game plan;<\/p>\n\n\n\n<p>-Trump har haft sina f\u00f6rhandlare i Schweiz i flera m\u00e5nader och diskuterat med de ryska f\u00f6rhandlarna.<\/p>\n\n\n\n<p>-Han har inte haft n\u00e5gra direkta kontakter med Ukraina annat \u00e4n f\u00f6r att det skulle se legitimt ut och Trump sade s\u00e5dant som skulle l\u00e5ta r\u00e4tt.<\/p>\n\n\n\n<p>-Vad han gjort \u00e4r att han kommit \u00f6verens med Putin hur dom tillsammans skulle lotsa en \u201dfred\u201d (eldupph\u00f6r snarare) i hamn som var gynnsammast m\u00f6jliga f\u00f6r Putin och som bonus skulle Trump se bra ut men UA kastas under bussen totalt.<\/p>\n\n\n\n<p>Putin skulle ge lite sm\u00e5grus s\u00e5 det s\u00e5g ut som Putin fick avst\u00e5 saker MEN inget stort \u2013 ja de 300mrdr usd skulle f\u00f6rverkas men bara om det gick till att bygga upp er\u00f6vrade omr\u00e5den \u2013 s\u00e5 dom skulle allts\u00e5 skickas tillbaka till Ryssland \ud83e\udd23<\/p>\n\n\n\n<p>Putin skulle omedelbart sluta kriga och frysa fronterna \u2013 det hade kommit med ord om evig fred och r\u00e4dda barnen som Trump hyllat som en stor fredsm\u00e4klare.<\/p>\n\n\n\n<p>Putin hade l\u00e4mnat n\u00e5t symboliskt omr\u00e5de tillbaka till Ukraina och genom hela resan hade Trump med sin vanliga stil hyllat allt som en stor fred.<\/p>\n\n\n\n<p>Ukraina skulle h\u00e5lla k\u00e4ft och ta f\u00f6rnedringen mot att USA lovade att i framtiden f\u00f6rhindra krig och EU skulle ocks\u00e5 finna sig i detta var det t\u00e4nkt efter diverse hot om att USA skulle l\u00e4mna dom \u00e5t sitt \u00f6de. Hoten har absolut haglat mot EU.<\/p>\n\n\n\n<p>Putin har inte kompromat p\u00e5 Trump som g\u00f6r att Trump lyder utan det \u00e4r \u201ddin fiendes fiende \u00e4r din v\u00e4n\u201d som spelar ut h\u00e4r. Trump \u00e4r en ny gruppering som vill ha platsen vid k\u00f6ttgrytorna i USA och nu yppade sig tillf\u00e4llet att sl\u00e5 undan benen p\u00e5 existerande g\u00e4ng.<\/p>\n\n\n\n<p>F\u00f6r att kunna montera ned r\u00e5dande ordning beh\u00f6vdes det ryska KGBs hela kompetens och kunskap &#8211; allt det ni ser i USA \u00e4r designat av Ryssland. B\u00f6rjade v\u00e4l s\u00e5 Trump skulle vinna 2016 och med Qanon (n\u00e4r det nu var i tid exakt\u2026) och har k\u00f6rt p\u00e5 hela v\u00e4gen.<\/p>\n\n\n\n<p>Trump skulle nu st\u00e5 som en stor fredsm\u00e4klare som r\u00e4ddat Europa och dessutom dragit in hundratals miljarder till USA s\u00e5 ekonomin f\u00f6rb\u00e4ttrades.<\/p>\n\n\n\n<p>Och sen fick hans falang chansen att sitta p\u00e5 toppen av pyramiden ist\u00e4llet f\u00f6r nuvarande g\u00e4ng.<\/p>\n\n\n\n<p>Br\u00f6d och sk\u00e5despel \u2013 allt var designat s\u00e5 att Putin skulle f\u00e5 sitt och Trump se mycket bra ut, allt p\u00e5 bekostnad av Ukraina och EUs s\u00e4kerhet.<\/p>\n\n\n\n<p>Trump har nog r\u00e4knat med att hans popularitet skulle g\u00e5 upp och han st\u00e4rker ju greppet om sin makt i USA.<\/p>\n\n\n\n<p>Men Zelensky har kraschat exakt hela partyt och eftersom han och Ukraina hade integritet v\u00e5gade EU till sist f\u00f6lja efter som en man.<\/p>\n\n\n\n<p>T\u00e4nk er madr\u00f6mmen vi hade vaknat upp till om Ukraina hade vikt sig \u2013 Europas s\u00e4kerhet vore extremt kraftigt f\u00f6rsvagad \ud83d\ude32<\/p>\n\n\n\n<p>Ett nyval bort s\u00e5 hade Ukraina blivit ryssv\u00e4nligt f\u00f6r tro inte f\u00f6r en sekund att det landet inte \u00e4r en soppa av olika krafter som k\u00e4mpar f\u00f6r makt och post-war hade arbetsl\u00f6sa soldater \u00f6versv\u00e4mmat Europa som v\u00e5r nya ostoppbara maffia.<\/p>\n\n\n\n<p>Vi hade st\u00e5tt d\u00e4r UTAN Ukraina helt pl\u00f6tsligt och en miljon ryssar p\u00e5 gr\u00e4nsen till Baltikum\u2026<\/p>\n\n\n\n<p>Och \u00c4NTLIGEN har Europas ledare nu f\u00f6rst\u00e5tt detta som vi diskuterade redan 2022. Men jo, allt har sin tid och konsten \u00e4r att v\u00e4nta in r\u00e4tt tillf\u00e4lle, jag f\u00f6rst\u00e5r det.<\/p>\n\n\n\n<p>Nu blir det inte denna avgrund tack vare Zelensky och n\u00e5gra hundratusen skytte i \u00f6stra Ukraina s\u00e5 det dom gjort f\u00f6r oss kan aldrig \u00f6verskattas. Men dom kommer s\u00e5klart gl\u00f6mmas bort n\u00e4r historien skrivs.<\/p>\n\n\n\n<p>Men inte i den historia vi skall skriva post-war i tr\u00e5den som vi nu bygger upp emot \ud83d\udc4d<\/p>\n\n\n\n<p>Ni som l\u00e4ser h\u00e4r vet att UA offensiv dragit ig\u00e5ng och Erik14 rapporterade om nya anfallsvektorer uppe i Kursk nyligen<\/p>\n\n\n\n<figure class=\"wp-block-image is-resized\"><a href=\"https:\/\/substackcdn.com\/image\/fetch\/f_auto,q_auto:good,fl_progressive:steep\/https%3A%2F%2Fsubstack-post-media.s3.amazonaws.com%2Fpublic%2Fimages%2F6b0c5df9-9e57-403e-834f-b26c112f2bee_756x437.png\" target=\"_blank\" rel=\"noreferrer noopener\"><img decoding=\"async\" src=\"https:\/\/substackcdn.com\/image\/fetch\/w_1456,c_limit,f_auto,q_auto:good,fl_progressive:steep\/https%3A%2F%2Fsubstack-post-media.s3.amazonaws.com%2Fpublic%2Fimages%2F6b0c5df9-9e57-403e-834f-b26c112f2bee_756x437.png\" alt=\"\" style=\"width:419px;height:auto\"\/><\/a><\/figure>\n\n\n\n<p>Det skall bli alldeles ypperligt kul att snart h\u00f6ra Trump gn\u00e4lla \u00f6ver att Ukraina genomf\u00f6r offensiver och inte vill ha fred &#8211; det kommer snart \u00e4r min gissning.<\/p>\n\n\n\n<p>Trumps gr\u00e4ns f\u00f6r hur l\u00e5ngt han kan driva detta g\u00e5r n\u00e5gonstans och ingen vet riktigt n\u00e4r motreaktionen kommer men jag kan lova er att den kommer om han inte l\u00e4gger om kurs omg\u00e5ende, vilket han f\u00f6rmodligen inte kommer g\u00f6ra.<\/p>\n\n\n\n<p>Men \u00e4r det h\u00e4r s\u00e5 f\u00f6rbaskat d\u00e5ligt?<\/p>\n\n\n\n<p>Under tre \u00e5r fick inte Ukraina vinna, f\u00f6rr\u00e4derierna var m\u00e5nga och nu har dom ju inga r\u00f6da kort att f\u00f6rh\u00e5lla sig till och EU reste sig upp.<\/p>\n\n\n\n<p>F\u00f6r mig \u00e4r USA irrelevant efter dom h\u00e4r tre \u00e5ren \u2013 jag \u00e4r o\u00e4ndligt besviken.<\/p>\n\n\n\n<p>F\u00f6rhoppningen var ju att det i alla fall inte skulle kunna bli s\u00e4mre men det blev det med r\u00e5ge n\u00e4r Mango Mussolini hoppade in i m\u00f6tet.<\/p>\n\n\n\n<p>Jag tror det h\u00e4r \u00e4r s\u00e5 n\u00e4ra vi kommer Trumps bevekelsegrunder och fr\u00e5n det jag ser just nu \u00e4r det full kollision p\u00e5 g\u00e5ng \u2013 total t\u00e5gkrasch mellan Trump och Ukraina.<\/p>\n\n\n\n<p>F\u00f6r vet ni vad Trump har idag efter Truth Social och de tv\u00e5 kryptovalutorna \u2013 nu har han pengarna igen.<\/p>\n\n\n\n<p>Det \u00e4r lite som n\u00e4r v\u00e4nstern i Iran lierade sig med islamisterna \u2013 man vill riva ned r\u00e5dande maktordning och d\u00e5 \u00e4r din fiendes fiende helt pl\u00f6tsligt din v\u00e4n.<\/p>\n\n\n\n<p>Svenska bataljonen n\u00e5nstans i skogarna i Baltikum<\/p>\n\n\n\n<figure class=\"wp-block-embed is-type-rich is-provider-twitter wp-block-embed-twitter\"><div class=\"wp-block-embed__wrapper\">\n<blockquote class=\"twitter-tweet\" data-width=\"500\" data-dnt=\"true\"><p lang=\"en\" dir=\"ltr\">With the Swedish Battalion as part of MNB-LVA, we stand strong!  <br><br>Exercise OAK RESOLVE marks Sweden&#39;s first participation in a NATO exercise as part of MNB-LVA. Their presence is a valued addition to our combat-ready force.<a href=\"https:\/\/twitter.com\/hashtag\/NATO?src=hash&amp;ref_src=twsrc%5Etfw\">#NATO<\/a> <a href=\"https:\/\/twitter.com\/hashtag\/WeAreNATO?src=hash&amp;ref_src=twsrc%5Etfw\">#WeAreNATO<\/a> <a href=\"https:\/\/t.co\/ouRixuutZd\">pic.twitter.com\/ouRixuutZd<\/a><\/p>&mdash; NATO Multinational Brigade Latvia (@NATOMNBLatvia) <a href=\"https:\/\/twitter.com\/NATOMNBLatvia\/status\/1893771303502446782?ref_src=twsrc%5Etfw\">February 23, 2025<\/a><\/blockquote><script async src=\"https:\/\/platform.twitter.com\/widgets.js\" charset=\"utf-8\"><\/script>\n<\/div><\/figure>\n\n\n\n<p>M\u00e5ste n\u00e4stan avsluta med Macron &#8211; ni som f\u00f6ljer mig vet att jag f\u00f6rs\u00f6kt nyansera honom ett tag nu.<\/p>\n\n\n\n<p>Kolla p\u00e5 nedan videos n\u00e4r han \u00e4r i Vita Huset med Trump, det \u00e4r ingen annan av Europas ledare utan Macron som sitter och s\u00e4ger emot honom och g\u00e5r ut h\u00e5rt mot Ryssland.<\/p>\n\n\n\n<p>Den b\u00e4sta \u00e4r ju denna &#8211; \u201cdet \u00e4r inte Ukraina som skall betala USA utan Ryssland f\u00f6r dom startade kriget\u201d.<\/p>\n\n\n\n<p>HELT J\u00c4DRA ENAST\u00c5ENDE King-Macron \ud83d\udca5\ud83d\udca5\ud83d\udca5<\/p>\n\n\n\n<figure class=\"wp-block-embed is-type-rich is-provider-twitter wp-block-embed-twitter\"><div class=\"wp-block-embed__wrapper\">\n<blockquote class=\"twitter-tweet\" data-width=\"500\" data-dnt=\"true\"><p lang=\"en\" dir=\"ltr\">French President Macron: The United States should be compensated by Russia for expenses incurred in supporting Ukraine, since Russia started the war. <a href=\"https:\/\/t.co\/8QUAzsGSNB\">pic.twitter.com\/8QUAzsGSNB<\/a><\/p>&mdash; Igor Sushko (@igorsushko) <a href=\"https:\/\/twitter.com\/igorsushko\/status\/1894098991589023748?ref_src=twsrc%5Etfw\">February 24, 2025<\/a><\/blockquote><script async src=\"https:\/\/platform.twitter.com\/widgets.js\" charset=\"utf-8\"><\/script>\n<\/div><\/figure>\n\n\n\n<figure class=\"wp-block-embed is-type-rich is-provider-twitter wp-block-embed-twitter\"><div class=\"wp-block-embed__wrapper\">\n<blockquote class=\"twitter-tweet\" data-width=\"500\" data-dnt=\"true\"><p lang=\"en\" dir=\"ltr\">Notable moment in the Oval Office where Trump says \u201cEurope is loaning the money to Ukraine\u201d and \u201cthey\u2019re getting their money back\u201d when Macron interrupted to say, \u201cNo, in fact, to be frank, we paid. We paid 60% of the total effort.\u201d <a href=\"https:\/\/t.co\/QFzv9WhsIz\">pic.twitter.com\/QFzv9WhsIz<\/a><\/p>&mdash; Kaitlan Collins (@kaitlancollins) <a href=\"https:\/\/twitter.com\/kaitlancollins\/status\/1894097234200760507?ref_src=twsrc%5Etfw\">February 24, 2025<\/a><\/blockquote><script async src=\"https:\/\/platform.twitter.com\/widgets.js\" charset=\"utf-8\"><\/script>\n<\/div><\/figure>\n\n\n\n<p><\/p>\n\n\n\n<p><\/p>\n\n\n\n<p>Gillade ni inl\u00e4gget dela det g\u00e4rna i era kanaler,<\/p>\n\n\n\n<p>Vill ni ha ett kul kommentarsf\u00e4lt som nu b\u00f6rjar komma ig\u00e5ng riktigt rej\u00e4lt och inte l\u00e4ngre bara \u00e4r jag som pratar upp det p\u00e5 Bluesky och sen sitter d\u00e4r helt sj\u00e4lv och fyllepostar \u2013 johanno1.se<\/p>\n\n\n\n<p>P\u00e5 Substack f\u00e5r ni g\u00e4rna bli betalande prenumeranter och det \u00e4r kul att se att n\u00e5gra tycker det \u00e4r l\u00e4sv\u00e4rt, ser allt arbete bakom och tog steget till att prenumerera \ud83d\udc4d<\/p>\n\n\n\n<p>j<a target=\"_blank\" rel=\"noreferrer noopener\" href=\"mailto:ohanno1.se\">ohanno1.se<\/a><\/p>\n\n\n\n<p><a target=\"_blank\" rel=\"noreferrer noopener\" href=\"mailto:substack.com\/@johanno1\">substack.com\/@johanno1<\/a><\/p>\n\n\n\n<p><a href=\"https:\/\/bsky.app\/profile\/johanno1.bsky.social\">https:\/\/bsky.app\/profile\/johanno1.bsky.social<\/a><\/p>\n","protected":false},"excerpt":{"rendered":"<p>Uppdatering Nu har jag snart lyckats bearbeta helgen och \u00e4r tillbaka med normall\u00e5nga v\u00e4rldsledande inl\u00e4gg till morgonkaffet som sig b\u00f6r. [&hellip;]<\/p>\n","protected":false},"author":3,"featured_media":0,"comment_status":"open","ping_status":"open","sticky":false,"template":"","format":"standard","meta":{"site-sidebar-layout":"default","site-content-layout":"","ast-site-content-layout":"default","site-content-style":"default","site-sidebar-style":"default","ast-global-header-display":"","ast-banner-title-visibility":"","ast-main-header-display":"","ast-hfb-above-header-display":"","ast-hfb-below-header-display":"","ast-hfb-mobile-header-display":"","site-post-title":"","ast-breadcrumbs-content":"","ast-featured-img":"","footer-sml-layout":"","ast-disable-related-posts":"","theme-transparent-header-meta":"","adv-header-id-meta":"","stick-header-meta":"","header-above-stick-meta":"","header-main-stick-meta":"","header-below-stick-meta":"","astra-migrate-meta-layouts":"default","ast-page-background-enabled":"default","ast-page-background-meta":{"desktop":{"background-color":"var(--ast-global-color-4)","background-image":"","background-repeat":"repeat","background-position":"center center","background-size":"auto","background-attachment":"scroll","background-type":"","background-media":"","overlay-type":"","overlay-color":"","overlay-opacity":"","overlay-gradient":""},"tablet":{"background-color":"","background-image":"","background-repeat":"repeat","background-position":"center center","background-size":"auto","background-attachment":"scroll","background-type":"","background-media":"","overlay-type":"","overlay-color":"","overlay-opacity":"","overlay-gradient":""},"mobile":{"background-color":"","background-image":"","background-repeat":"repeat","background-position":"center center","background-size":"auto","background-attachment":"scroll","background-type":"","background-media":"","overlay-type":"","overlay-color":"","overlay-opacity":"","overlay-gradient":""}},"ast-content-background-meta":{"desktop":{"background-color":"var(--ast-global-color-5)","background-image":"","background-repeat":"repeat","background-position":"center center","background-size":"auto","background-attachment":"scroll","background-type":"","background-media":"","overlay-type":"","overlay-color":"","overlay-opacity":"","overlay-gradient":""},"tablet":{"background-color":"var(--ast-global-color-5)","background-image":"","background-repeat":"repeat","background-position":"center center","background-size":"auto","background-attachment":"scroll","background-type":"","background-media":"","overlay-type":"","overlay-color":"","overlay-opacity":"","overlay-gradient":""},"mobile":{"background-color":"var(--ast-global-color-5)","background-image":"","background-repeat":"repeat","background-position":"center center","background-size":"auto","background-attachment":"scroll","background-type":"","background-media":"","overlay-type":"","overlay-color":"","overlay-opacity":"","overlay-gradient":""}},"footnotes":""},"categories":[18],"tags":[],"class_list":["post-369","post","type-post","status-publish","format-standard","hentry","category-ukraina"],"yoast_head":"<!-- This site is optimized with the Yoast SEO plugin v27.4 - https:\/\/yoast.com\/product\/yoast-seo-wordpress\/ -->\n<title>Ukraina daglig uppdatering 25 Februari 2025 -<\/title>\n<meta name=\"robots\" content=\"index, follow, max-snippet:-1, max-image-preview:large, max-video-preview:-1\" \/>\n<link rel=\"canonical\" href=\"https:\/\/johanno1.se\/sv\/ukraina-daglig-uppdatering-25-februari-2025\/\" \/>\n<meta property=\"og:locale\" content=\"sv_SE\" \/>\n<meta property=\"og:type\" content=\"article\" \/>\n<meta property=\"og:title\" content=\"Ukraina daglig uppdatering 25 Februari 2025 -\" \/>\n<meta property=\"og:description\" content=\"Uppdatering Nu har jag snart lyckats bearbeta helgen och \u00e4r tillbaka med normall\u00e5nga v\u00e4rldsledande inl\u00e4gg till morgonkaffet som sig b\u00f6r. [&hellip;]\" \/>\n<meta property=\"og:url\" content=\"https:\/\/johanno1.se\/sv\/ukraina-daglig-uppdatering-25-februari-2025\/\" \/>\n<meta property=\"og:site_name\" content=\"Johan No.1\" \/>\n<meta property=\"article:published_time\" content=\"2025-02-25T06:01:00+00:00\" \/>\n<meta property=\"article:modified_time\" content=\"2025-05-25T12:21:43+00:00\" \/>\n<meta property=\"og:image\" content=\"https:\/\/substackcdn.com\/image\/fetch\/w_1456,c_limit,f_auto,q_auto:good,fl_progressive:steep\/https%3A%2F%2Fsubstack-post-media.s3.amazonaws.com%2Fpublic%2Fimages%2F7a11d2c0-02e7-4965-8d6f-4265350bb208_668x439.png\" \/>\n<meta name=\"author\" content=\"johan No.1\" \/>\n<meta name=\"twitter:card\" content=\"summary_large_image\" \/>\n<meta name=\"twitter:label1\" content=\"Skriven av\" \/>\n\t<meta name=\"twitter:data1\" content=\"johan No.1\" \/>\n\t<meta name=\"twitter:label2\" content=\"Ber\u00e4knad l\u00e4stid\" \/>\n\t<meta name=\"twitter:data2\" content=\"12 minuter\" \/>\n<script type=\"application\/ld+json\" class=\"yoast-schema-graph\">{\"@context\":\"https:\\\/\\\/schema.org\",\"@graph\":[{\"@type\":\"Article\",\"@id\":\"https:\\\/\\\/johanno1.se\\\/sv\\\/ukraina-daglig-uppdatering-25-februari-2025\\\/#article\",\"isPartOf\":{\"@id\":\"https:\\\/\\\/johanno1.se\\\/sv\\\/ukraina-daglig-uppdatering-25-februari-2025\\\/\"},\"author\":{\"name\":\"johan No.1\",\"@id\":\"https:\\\/\\\/johanno1.se\\\/sv\\\/#\\\/schema\\\/person\\\/1dec165f070bde263b30eaf3c0a742e7\"},\"headline\":\"Ukraina daglig uppdatering 25 Februari 2025\",\"datePublished\":\"2025-02-25T06:01:00+00:00\",\"dateModified\":\"2025-05-25T12:21:43+00:00\",\"mainEntityOfPage\":{\"@id\":\"https:\\\/\\\/johanno1.se\\\/sv\\\/ukraina-daglig-uppdatering-25-februari-2025\\\/\"},\"wordCount\":2479,\"commentCount\":156,\"publisher\":{\"@id\":\"https:\\\/\\\/johanno1.se\\\/sv\\\/#organization\"},\"image\":{\"@id\":\"https:\\\/\\\/johanno1.se\\\/sv\\\/ukraina-daglig-uppdatering-25-februari-2025\\\/#primaryimage\"},\"thumbnailUrl\":\"https:\\\/\\\/substackcdn.com\\\/image\\\/fetch\\\/w_1456,c_limit,f_auto,q_auto:good,fl_progressive:steep\\\/https%3A%2F%2Fsubstack-post-media.s3.amazonaws.com%2Fpublic%2Fimages%2F7a11d2c0-02e7-4965-8d6f-4265350bb208_668x439.png\",\"articleSection\":[\"Kriget i Ukraina\"],\"inLanguage\":\"sv-SE\",\"potentialAction\":[{\"@type\":\"CommentAction\",\"name\":\"Comment\",\"target\":[\"https:\\\/\\\/johanno1.se\\\/sv\\\/ukraina-daglig-uppdatering-25-februari-2025\\\/#respond\"]}]},{\"@type\":\"WebPage\",\"@id\":\"https:\\\/\\\/johanno1.se\\\/sv\\\/ukraina-daglig-uppdatering-25-februari-2025\\\/\",\"url\":\"https:\\\/\\\/johanno1.se\\\/sv\\\/ukraina-daglig-uppdatering-25-februari-2025\\\/\",\"name\":\"Ukraina daglig uppdatering 25 Februari 2025 -\",\"isPartOf\":{\"@id\":\"https:\\\/\\\/johanno1.se\\\/sv\\\/#website\"},\"primaryImageOfPage\":{\"@id\":\"https:\\\/\\\/johanno1.se\\\/sv\\\/ukraina-daglig-uppdatering-25-februari-2025\\\/#primaryimage\"},\"image\":{\"@id\":\"https:\\\/\\\/johanno1.se\\\/sv\\\/ukraina-daglig-uppdatering-25-februari-2025\\\/#primaryimage\"},\"thumbnailUrl\":\"https:\\\/\\\/substackcdn.com\\\/image\\\/fetch\\\/w_1456,c_limit,f_auto,q_auto:good,fl_progressive:steep\\\/https%3A%2F%2Fsubstack-post-media.s3.amazonaws.com%2Fpublic%2Fimages%2F7a11d2c0-02e7-4965-8d6f-4265350bb208_668x439.png\",\"datePublished\":\"2025-02-25T06:01:00+00:00\",\"dateModified\":\"2025-05-25T12:21:43+00:00\",\"breadcrumb\":{\"@id\":\"https:\\\/\\\/johanno1.se\\\/sv\\\/ukraina-daglig-uppdatering-25-februari-2025\\\/#breadcrumb\"},\"inLanguage\":\"sv-SE\",\"potentialAction\":[{\"@type\":\"ReadAction\",\"target\":[\"https:\\\/\\\/johanno1.se\\\/sv\\\/ukraina-daglig-uppdatering-25-februari-2025\\\/\"]}]},{\"@type\":\"ImageObject\",\"inLanguage\":\"sv-SE\",\"@id\":\"https:\\\/\\\/johanno1.se\\\/sv\\\/ukraina-daglig-uppdatering-25-februari-2025\\\/#primaryimage\",\"url\":\"https:\\\/\\\/substackcdn.com\\\/image\\\/fetch\\\/w_1456,c_limit,f_auto,q_auto:good,fl_progressive:steep\\\/https%3A%2F%2Fsubstack-post-media.s3.amazonaws.com%2Fpublic%2Fimages%2F7a11d2c0-02e7-4965-8d6f-4265350bb208_668x439.png\",\"contentUrl\":\"https:\\\/\\\/substackcdn.com\\\/image\\\/fetch\\\/w_1456,c_limit,f_auto,q_auto:good,fl_progressive:steep\\\/https%3A%2F%2Fsubstack-post-media.s3.amazonaws.com%2Fpublic%2Fimages%2F7a11d2c0-02e7-4965-8d6f-4265350bb208_668x439.png\"},{\"@type\":\"BreadcrumbList\",\"@id\":\"https:\\\/\\\/johanno1.se\\\/sv\\\/ukraina-daglig-uppdatering-25-februari-2025\\\/#breadcrumb\",\"itemListElement\":[{\"@type\":\"ListItem\",\"position\":1,\"name\":\"Hem\",\"item\":\"https:\\\/\\\/johanno1.se\\\/sv\\\/\"},{\"@type\":\"ListItem\",\"position\":2,\"name\":\"Ukraina daglig uppdatering 25 Februari 2025\"}]},{\"@type\":\"WebSite\",\"@id\":\"https:\\\/\\\/johanno1.se\\\/sv\\\/#website\",\"url\":\"https:\\\/\\\/johanno1.se\\\/sv\\\/\",\"name\":\"Johan No.1\",\"description\":\"Kriget i Ukraina - V\u00e4rldsledande omv\u00e4rldsanalys fr\u00e5n Svensksund till den ryska brakf\u00f6rlusten i Ukraina\",\"publisher\":{\"@id\":\"https:\\\/\\\/johanno1.se\\\/sv\\\/#organization\"},\"potentialAction\":[{\"@type\":\"SearchAction\",\"target\":{\"@type\":\"EntryPoint\",\"urlTemplate\":\"https:\\\/\\\/johanno1.se\\\/sv\\\/?s={search_term_string}\"},\"query-input\":{\"@type\":\"PropertyValueSpecification\",\"valueRequired\":true,\"valueName\":\"search_term_string\"}}],\"inLanguage\":\"sv-SE\"},{\"@type\":\"Organization\",\"@id\":\"https:\\\/\\\/johanno1.se\\\/sv\\\/#organization\",\"name\":\"Johan No. 1\",\"url\":\"https:\\\/\\\/johanno1.se\\\/sv\\\/\",\"logo\":{\"@type\":\"ImageObject\",\"inLanguage\":\"sv-SE\",\"@id\":\"https:\\\/\\\/johanno1.se\\\/sv\\\/#\\\/schema\\\/logo\\\/image\\\/\",\"url\":\"https:\\\/\\\/johanno1.se\\\/wp-content\\\/uploads\\\/2025\\\/03\\\/cropped-No1-Logo.png\",\"contentUrl\":\"https:\\\/\\\/johanno1.se\\\/wp-content\\\/uploads\\\/2025\\\/03\\\/cropped-No1-Logo.png\",\"width\":512,\"height\":512,\"caption\":\"Johan No. 1\"},\"image\":{\"@id\":\"https:\\\/\\\/johanno1.se\\\/sv\\\/#\\\/schema\\\/logo\\\/image\\\/\"}},{\"@type\":\"Person\",\"@id\":\"https:\\\/\\\/johanno1.se\\\/sv\\\/#\\\/schema\\\/person\\\/1dec165f070bde263b30eaf3c0a742e7\",\"name\":\"johan No.1\",\"image\":{\"@type\":\"ImageObject\",\"inLanguage\":\"sv-SE\",\"@id\":\"https:\\\/\\\/secure.gravatar.com\\\/avatar\\\/06f93864ed6b830e2782e60575fff112f1c61c52bb10b194131e0e333191695b?s=96&d=mm&r=g\",\"url\":\"https:\\\/\\\/secure.gravatar.com\\\/avatar\\\/06f93864ed6b830e2782e60575fff112f1c61c52bb10b194131e0e333191695b?s=96&d=mm&r=g\",\"contentUrl\":\"https:\\\/\\\/secure.gravatar.com\\\/avatar\\\/06f93864ed6b830e2782e60575fff112f1c61c52bb10b194131e0e333191695b?s=96&d=mm&r=g\",\"caption\":\"johan No.1\"},\"url\":\"https:\\\/\\\/johanno1.se\\\/sv\\\/author\\\/johan\\\/\"}]}<\/script>\n<!-- \/ Yoast SEO plugin. -->","yoast_head_json":{"title":"Ukraina daglig uppdatering 25 Februari 2025 -","robots":{"index":"index","follow":"follow","max-snippet":"max-snippet:-1","max-image-preview":"max-image-preview:large","max-video-preview":"max-video-preview:-1"},"canonical":"https:\/\/johanno1.se\/sv\/ukraina-daglig-uppdatering-25-februari-2025\/","og_locale":"sv_SE","og_type":"article","og_title":"Ukraina daglig uppdatering 25 Februari 2025 -","og_description":"Uppdatering Nu har jag snart lyckats bearbeta helgen och \u00e4r tillbaka med normall\u00e5nga v\u00e4rldsledande inl\u00e4gg till morgonkaffet som sig b\u00f6r. [&hellip;]","og_url":"https:\/\/johanno1.se\/sv\/ukraina-daglig-uppdatering-25-februari-2025\/","og_site_name":"Johan No.1","article_published_time":"2025-02-25T06:01:00+00:00","article_modified_time":"2025-05-25T12:21:43+00:00","og_image":[{"url":"https:\/\/substackcdn.com\/image\/fetch\/w_1456,c_limit,f_auto,q_auto:good,fl_progressive:steep\/https%3A%2F%2Fsubstack-post-media.s3.amazonaws.com%2Fpublic%2Fimages%2F7a11d2c0-02e7-4965-8d6f-4265350bb208_668x439.png","type":"","width":"","height":""}],"author":"johan No.1","twitter_card":"summary_large_image","twitter_misc":{"Skriven av":"johan No.1","Ber\u00e4knad l\u00e4stid":"12 minuter"},"schema":{"@context":"https:\/\/schema.org","@graph":[{"@type":"Article","@id":"https:\/\/johanno1.se\/sv\/ukraina-daglig-uppdatering-25-februari-2025\/#article","isPartOf":{"@id":"https:\/\/johanno1.se\/sv\/ukraina-daglig-uppdatering-25-februari-2025\/"},"author":{"name":"johan No.1","@id":"https:\/\/johanno1.se\/sv\/#\/schema\/person\/1dec165f070bde263b30eaf3c0a742e7"},"headline":"Ukraina daglig uppdatering 25 Februari 2025","datePublished":"2025-02-25T06:01:00+00:00","dateModified":"2025-05-25T12:21:43+00:00","mainEntityOfPage":{"@id":"https:\/\/johanno1.se\/sv\/ukraina-daglig-uppdatering-25-februari-2025\/"},"wordCount":2479,"commentCount":156,"publisher":{"@id":"https:\/\/johanno1.se\/sv\/#organization"},"image":{"@id":"https:\/\/johanno1.se\/sv\/ukraina-daglig-uppdatering-25-februari-2025\/#primaryimage"},"thumbnailUrl":"https:\/\/substackcdn.com\/image\/fetch\/w_1456,c_limit,f_auto,q_auto:good,fl_progressive:steep\/https%3A%2F%2Fsubstack-post-media.s3.amazonaws.com%2Fpublic%2Fimages%2F7a11d2c0-02e7-4965-8d6f-4265350bb208_668x439.png","articleSection":["Kriget i Ukraina"],"inLanguage":"sv-SE","potentialAction":[{"@type":"CommentAction","name":"Comment","target":["https:\/\/johanno1.se\/sv\/ukraina-daglig-uppdatering-25-februari-2025\/#respond"]}]},{"@type":"WebPage","@id":"https:\/\/johanno1.se\/sv\/ukraina-daglig-uppdatering-25-februari-2025\/","url":"https:\/\/johanno1.se\/sv\/ukraina-daglig-uppdatering-25-februari-2025\/","name":"Ukraina daglig uppdatering 25 Februari 2025 -","isPartOf":{"@id":"https:\/\/johanno1.se\/sv\/#website"},"primaryImageOfPage":{"@id":"https:\/\/johanno1.se\/sv\/ukraina-daglig-uppdatering-25-februari-2025\/#primaryimage"},"image":{"@id":"https:\/\/johanno1.se\/sv\/ukraina-daglig-uppdatering-25-februari-2025\/#primaryimage"},"thumbnailUrl":"https:\/\/substackcdn.com\/image\/fetch\/w_1456,c_limit,f_auto,q_auto:good,fl_progressive:steep\/https%3A%2F%2Fsubstack-post-media.s3.amazonaws.com%2Fpublic%2Fimages%2F7a11d2c0-02e7-4965-8d6f-4265350bb208_668x439.png","datePublished":"2025-02-25T06:01:00+00:00","dateModified":"2025-05-25T12:21:43+00:00","breadcrumb":{"@id":"https:\/\/johanno1.se\/sv\/ukraina-daglig-uppdatering-25-februari-2025\/#breadcrumb"},"inLanguage":"sv-SE","potentialAction":[{"@type":"ReadAction","target":["https:\/\/johanno1.se\/sv\/ukraina-daglig-uppdatering-25-februari-2025\/"]}]},{"@type":"ImageObject","inLanguage":"sv-SE","@id":"https:\/\/johanno1.se\/sv\/ukraina-daglig-uppdatering-25-februari-2025\/#primaryimage","url":"https:\/\/substackcdn.com\/image\/fetch\/w_1456,c_limit,f_auto,q_auto:good,fl_progressive:steep\/https%3A%2F%2Fsubstack-post-media.s3.amazonaws.com%2Fpublic%2Fimages%2F7a11d2c0-02e7-4965-8d6f-4265350bb208_668x439.png","contentUrl":"https:\/\/substackcdn.com\/image\/fetch\/w_1456,c_limit,f_auto,q_auto:good,fl_progressive:steep\/https%3A%2F%2Fsubstack-post-media.s3.amazonaws.com%2Fpublic%2Fimages%2F7a11d2c0-02e7-4965-8d6f-4265350bb208_668x439.png"},{"@type":"BreadcrumbList","@id":"https:\/\/johanno1.se\/sv\/ukraina-daglig-uppdatering-25-februari-2025\/#breadcrumb","itemListElement":[{"@type":"ListItem","position":1,"name":"Hem","item":"https:\/\/johanno1.se\/sv\/"},{"@type":"ListItem","position":2,"name":"Ukraina daglig uppdatering 25 Februari 2025"}]},{"@type":"WebSite","@id":"https:\/\/johanno1.se\/sv\/#website","url":"https:\/\/johanno1.se\/sv\/","name":"Johan No.1","description":"Kriget i Ukraina - V\u00e4rldsledande omv\u00e4rldsanalys fr\u00e5n Svensksund till den ryska brakf\u00f6rlusten i Ukraina","publisher":{"@id":"https:\/\/johanno1.se\/sv\/#organization"},"potentialAction":[{"@type":"SearchAction","target":{"@type":"EntryPoint","urlTemplate":"https:\/\/johanno1.se\/sv\/?s={search_term_string}"},"query-input":{"@type":"PropertyValueSpecification","valueRequired":true,"valueName":"search_term_string"}}],"inLanguage":"sv-SE"},{"@type":"Organization","@id":"https:\/\/johanno1.se\/sv\/#organization","name":"Johan No. 1","url":"https:\/\/johanno1.se\/sv\/","logo":{"@type":"ImageObject","inLanguage":"sv-SE","@id":"https:\/\/johanno1.se\/sv\/#\/schema\/logo\/image\/","url":"https:\/\/johanno1.se\/wp-content\/uploads\/2025\/03\/cropped-No1-Logo.png","contentUrl":"https:\/\/johanno1.se\/wp-content\/uploads\/2025\/03\/cropped-No1-Logo.png","width":512,"height":512,"caption":"Johan No. 1"},"image":{"@id":"https:\/\/johanno1.se\/sv\/#\/schema\/logo\/image\/"}},{"@type":"Person","@id":"https:\/\/johanno1.se\/sv\/#\/schema\/person\/1dec165f070bde263b30eaf3c0a742e7","name":"johan No.1","image":{"@type":"ImageObject","inLanguage":"sv-SE","@id":"https:\/\/secure.gravatar.com\/avatar\/06f93864ed6b830e2782e60575fff112f1c61c52bb10b194131e0e333191695b?s=96&d=mm&r=g","url":"https:\/\/secure.gravatar.com\/avatar\/06f93864ed6b830e2782e60575fff112f1c61c52bb10b194131e0e333191695b?s=96&d=mm&r=g","contentUrl":"https:\/\/secure.gravatar.com\/avatar\/06f93864ed6b830e2782e60575fff112f1c61c52bb10b194131e0e333191695b?s=96&d=mm&r=g","caption":"johan No.1"},"url":"https:\/\/johanno1.se\/sv\/author\/johan\/"}]}},"_links":{"self":[{"href":"https:\/\/johanno1.se\/sv\/wp-json\/wp\/v2\/posts\/369","targetHints":{"allow":["GET"]}}],"collection":[{"href":"https:\/\/johanno1.se\/sv\/wp-json\/wp\/v2\/posts"}],"about":[{"href":"https:\/\/johanno1.se\/sv\/wp-json\/wp\/v2\/types\/post"}],"author":[{"embeddable":true,"href":"https:\/\/johanno1.se\/sv\/wp-json\/wp\/v2\/users\/3"}],"replies":[{"embeddable":true,"href":"https:\/\/johanno1.se\/sv\/wp-json\/wp\/v2\/comments?post=369"}],"version-history":[{"count":1,"href":"https:\/\/johanno1.se\/sv\/wp-json\/wp\/v2\/posts\/369\/revisions"}],"predecessor-version":[{"id":370,"href":"https:\/\/johanno1.se\/sv\/wp-json\/wp\/v2\/posts\/369\/revisions\/370"}],"wp:attachment":[{"href":"https:\/\/johanno1.se\/sv\/wp-json\/wp\/v2\/media?parent=369"}],"wp:term":[{"taxonomy":"category","embeddable":true,"href":"https:\/\/johanno1.se\/sv\/wp-json\/wp\/v2\/categories?post=369"},{"taxonomy":"post_tag","embeddable":true,"href":"https:\/\/johanno1.se\/sv\/wp-json\/wp\/v2\/tags?post=369"}],"curies":[{"name":"wp","href":"https:\/\/api.w.org\/{rel}","templated":true}]}}