{"id":376,"date":"2025-02-27T07:01:00","date_gmt":"2025-02-27T06:01:00","guid":{"rendered":"https:\/\/johanno1.se\/?p=376"},"modified":"2025-05-25T14:21:43","modified_gmt":"2025-05-25T12:21:43","slug":"ukraina-daglig-uppdatering-27-februari-2025","status":"publish","type":"post","link":"https:\/\/johanno1.se\/sv\/ukraina-daglig-uppdatering-27-februari-2025\/","title":{"rendered":"Ukraina daglig uppdatering 27 Februari 2025"},"content":{"rendered":"\n<p>Uppdatering<\/p>\n\n\n\n<figure class=\"wp-block-image is-resized\"><a href=\"https:\/\/substackcdn.com\/image\/fetch\/f_auto,q_auto:good,fl_progressive:steep\/https%3A%2F%2Fsubstack-post-media.s3.amazonaws.com%2Fpublic%2Fimages%2F8a220509-aeaf-44c9-8ef6-e0792f51611e_671x303.png\" target=\"_blank\" rel=\"noreferrer noopener\"><img decoding=\"async\" src=\"https:\/\/substackcdn.com\/image\/fetch\/w_1456,c_limit,f_auto,q_auto:good,fl_progressive:steep\/https%3A%2F%2Fsubstack-post-media.s3.amazonaws.com%2Fpublic%2Fimages%2F8a220509-aeaf-44c9-8ef6-e0792f51611e_671x303.png\" alt=\"\" style=\"width:445px;height:auto\"\/><\/a><\/figure>\n\n\n\n<p>Trump har ju snott lite av rampljuset f\u00f6rra veckan och denna \u2013 min slutanalys \u00e4r klar och har inte s\u00e5 mycket mer att tillf\u00f6ra, och framf\u00f6rallt \u00e4r hans inrikespolitik ointressant f\u00f6r mig.<\/p>\n\n\n\n<p>Ig\u00e5r b\u00f6rjade det komma information kring att Ukraina kommer skriva under avtalet och i en intervju med Trump s\u00e4ger han att Ukraina f\u00e5r 350mrdr usd, \u201dmassa vapen\u201d och \u201df\u00e5r forts\u00e4tta kriga\u201d. En vild gissning s\u00e5 h\u00e4r utan mer information \u00e4r att pengarna och vapnen ligger bakom oss.<\/p>\n\n\n\n<p>Men betyder det att Trump inte aktivt mots\u00e4tter sig fortsatt \u201dkrigande\u201d \u00e4r det kanske v\u00e4rt det?<\/p>\n\n\n\n<p>Men den snabbfotade noterade ju direkt tv\u00e5 mycket viktiga punkter fr\u00e5n Trump \u2013<\/p>\n\n\n\n<p>-Ukraina \u00c4MNAR forts\u00e4tta d\u00f6da ryssj\u00e4vlar och \u00e4r inte alls h\u00e4ngiga mot repen som vissa f\u00f6rs\u00f6ker p\u00e5skina.<\/p>\n\n\n\n<p>-Trump kommer genom denna deal f\u00f6r USA mycket storsint inte aktivt stoppa Ukraina fr\u00e5n att forts\u00e4tta d\u00f6da ryssj\u00e4vlar (verkligen gener\u00f6st\u2026)<\/p>\n\n\n\n<p>Para detta med de absolut gigantiska st\u00f6dpaket som EU nu delger i str\u00f6mlinjehopp s\u00e5 f\u00f6rst\u00e5r nog alla att det b\u00f6rjar dra ihop sig till en perfekt storm f\u00f6r Putin.<\/p>\n\n\n\n<p>Det verkar som UA formellt bekr\u00e4ftat att dom kommer skriva under avtalet (\u00f6vers\u00e4tt texten).<\/p>\n\n\n\n<p><a href=\"https:\/\/babel.ua\/news\/115761-ukrajina-ta-ssha-vipracyuvali-ostatochniy-variant-ugodi-pro-ridkozemi-prem-yer-shmigal-rozpoviv-detali\">https:\/\/babel.ua\/news\/115761-ukrajina-ta-ssha-vipracyuvali-ostatochniy-variant-ugodi-pro-ridkozemi-prem-yer-shmigal-rozpoviv-detali<\/a><\/p>\n\n\n\n<p>Och h\u00e4r var \u201davtalet\u201d eller vad det v\u00e4l egentligen var \u2013 en \u00f6msesidig avsiktsf\u00f6rklaring?<\/p>\n\n\n\n<p><a href=\"https:\/\/kyivindependent.com\/exclusive-the-full-text-of-the-final-us-ukraine-mineral-agreement\">https:\/\/kyivindependent.com\/exclusive-the-full-text-of-the-final-us-ukraine-mineral-agreement<\/a><\/p>\n\n\n\n<p>Och Zelensky har v\u00e4l gjort n\u00e5t uttalande ocks\u00e5.<\/p>\n\n\n\n<p>Min personliga \u00e5sikt \u00e4r naturligtvis att detta \u00e4r h\u00e4sthandlar-utpressning n\u00e4r den \u00e4r som s\u00e4mst av USA men om Ukraina ser ett v\u00e4rde i det, vilket dom m\u00e5ste g\u00f6ra f\u00f6r dom har annars EU att falla tillbaka p\u00e5, s\u00e5 \u00e4r det h\u00e4r bra.<\/p>\n\n\n\n<p>Om jag f\u00e5r gissa s\u00e5 har man k\u00f6pt att Trump inte kommer sabotera framledes med en vacker underskrift.<\/p>\n\n\n\n<p>Det h\u00e4r \u00e4r inget \u201davtal\u201d och inte heller \u201dbindande\u201d som det st\u00e5r i texten.<\/p>\n\n\n\n<p>Det \u00e4r d\u00e5 en avsiktsf\u00f6rklaring som \u00e4r helt utan substans och normalt s\u00e5 h\u00e5ller parterna p\u00e5 i \u00e5ratal och hagglar om det finstilta.<\/p>\n\n\n\n<p>Kommer Trump d\u00e4remot att b\u00f6rja backa p\u00e5 sina l\u00f6ften n\u00e4r det h\u00e4r dokumentet \u00e4r underskrivet, eller p\u00e5 annat s\u00e4tt underminera Ukraina, kommer han nog f\u00e5 det r\u00e4tt bl\u00e5sigt i oval office.<\/p>\n\n\n\n<p>H\u00e4r har ni bipartisant st\u00f6d i kongressen f\u00f6r Ukraina \u2013 stenh\u00e5rt.<\/p>\n\n\n\n<figure class=\"wp-block-image is-resized\"><a href=\"https:\/\/substackcdn.com\/image\/fetch\/f_auto,q_auto:good,fl_progressive:steep\/https%3A%2F%2Fsubstack-post-media.s3.amazonaws.com%2Fpublic%2Fimages%2Fb31e69fd-e96f-43fa-bcbc-8d5dc0c8190a_753x777.png\" target=\"_blank\" rel=\"noreferrer noopener\"><img decoding=\"async\" src=\"https:\/\/substackcdn.com\/image\/fetch\/w_1456,c_limit,f_auto,q_auto:good,fl_progressive:steep\/https%3A%2F%2Fsubstack-post-media.s3.amazonaws.com%2Fpublic%2Fimages%2Fb31e69fd-e96f-43fa-bcbc-8d5dc0c8190a_753x777.png\" alt=\"\" style=\"width:419px;height:auto\"\/><\/a><\/figure>\n\n\n\n<p>Och Trumps uttalande finns trots allt p\u00e5 film.<\/p>\n\n\n\n<figure class=\"wp-block-image is-resized\"><a href=\"https:\/\/substackcdn.com\/image\/fetch\/f_auto,q_auto:good,fl_progressive:steep\/https%3A%2F%2Fsubstack-post-media.s3.amazonaws.com%2Fpublic%2Fimages%2Fb2af0232-36dc-4aad-aad1-a131984d0b85_609x553.png\" target=\"_blank\" rel=\"noreferrer noopener\"><img decoding=\"async\" src=\"https:\/\/substackcdn.com\/image\/fetch\/w_1456,c_limit,f_auto,q_auto:good,fl_progressive:steep\/https%3A%2F%2Fsubstack-post-media.s3.amazonaws.com%2Fpublic%2Fimages%2Fb2af0232-36dc-4aad-aad1-a131984d0b85_609x553.png\" alt=\"\" style=\"width:366px;height:auto\"\/><\/a><\/figure>\n\n\n\n<p>Jag ser det h\u00e4r som ett enkelt s\u00e4tt f\u00f6r Ukraina att blidka Trump och ha honom invirad i en k\u00e4tting, typ.<\/p>\n\n\n\n<p>Sen vill jag med en kort mening ber\u00f6ra de h\u00e4r f\u00f6rbannade s\u00e4kerhetsgarantierna och fredsbevarande trupperna som v\u00e4grar d\u00f6 ut \u2013 n\u00e4r har det n\u00e5gonsin fungerat, s\u00e4g ett tillf\u00e4lle?<\/p>\n\n\n\n<p>S\u00e4kerhetsgarantier \u00e4r inte v\u00e4rt papperet dom \u00e4r skrivna p\u00e5 om det inte \u00e4r grannen som garanterat kommer bli anfallen n\u00e4st i tur som \u00e4r garanten.<\/p>\n\n\n\n<p>Fredsbevarande trupp \u00e4r meningsl\u00f6st \u2013 dom springer n\u00e4r det blir allvar f\u00f6r det mesta och s\u00e4ger att dom inte hade mandat att kriga och att det inte l\u00e4ngre fanns en fred att bevara.<\/p>\n\n\n\n<p>Ju snabbare vi kommer ifr\u00e5n detta desto b\u00e4ttre.<\/p>\n\n\n\n<p>Tillbaka till kriget \u2013 ig\u00e5r kom en veritabel atombomb som de flesta inte lyfte p\u00e5 \u00f6gonbrynen \u00e5t alls m\u00e4rkligt nog. Jag sl\u00e4ppte den p\u00e5 Bluesky och kommentarsf\u00e4ltet och d\u00e4r drog det iv\u00e4g lite med v\u00e5ldsam gl\u00e4dje och spontanfestande n\u00e4r alla f\u00f6rstod det enorma som just h\u00e4nt.<\/p>\n\n\n\n<p>Vi har i omg\u00e5ngar beskrivit de fruktansv\u00e4rda FAB bomberna som begraver plutoner levande.<\/p>\n\n\n\n<p>FAB har ersatt artilleriet som Ukraina kn\u00e4ckt ryggen p\u00e5 och det ryska dr\u00f6narvapnet har g\u00e5tt s\u00e5d\u00e4r.<\/p>\n\n\n\n<p>F\u00f6r n\u00e5n m\u00e5nad sedan meddelade UA att dom nu kan skjuta ned sj\u00e4lva FAB bomberna, hur var lite dolt bakom en gardin.<\/p>\n\n\n\n<p>Nu g\u00e5r RU ut med att alla deras FAB st\u00f6rs ut av televapen (EW) och tr\u00e4ffbilden \u00e4r urusel. Missar man med hundra meter blir det inget l\u00f6rdagsgodis f\u00f6r piloterna f\u00f6r hela po\u00e4ngen med FAB var just en tr\u00e4ff mitt i.<\/p>\n\n\n\n<figure class=\"wp-block-image is-resized\"><a href=\"https:\/\/substackcdn.com\/image\/fetch\/f_auto,q_auto:good,fl_progressive:steep\/https%3A%2F%2Fsubstack-post-media.s3.amazonaws.com%2Fpublic%2Fimages%2F4ccf43f5-4147-4035-9cba-62c6ebc606da_755x799.png\" target=\"_blank\" rel=\"noreferrer noopener\"><img decoding=\"async\" src=\"https:\/\/substackcdn.com\/image\/fetch\/w_1456,c_limit,f_auto,q_auto:good,fl_progressive:steep\/https%3A%2F%2Fsubstack-post-media.s3.amazonaws.com%2Fpublic%2Fimages%2F4ccf43f5-4147-4035-9cba-62c6ebc606da_755x799.png\" alt=\"\" style=\"width:454px;height:auto\"\/><\/a><\/figure>\n\n\n\n<p>Ryssland \u00e4r l\u00e5ngsamma att anpassa sig och kommer inte inom 3-4m\u00e5nader vara ens i n\u00e4rheten av att l\u00f6sa problemet och ni kan ju titta sj\u00e4lva var vi \u00e4r d\u00e5 p\u00e5 almanackan \u2013 slutet Juni och d\u00e5 st\u00e5r Ukraina redan i Moskva och varvar motorerna.<\/p>\n\n\n\n<p>Ukraina har tidigare kn\u00e4ckt ryggen p\u00e5 det ryska artilleriet som nu v\u00e4l \u00e4r nere p\u00e5 +5000st granater\/dag d\u00e4r dessutom nordkoreansk ammunition och bandhaubitsar k\u00f6pts f\u00f6r guld.<\/p>\n\n\n\n<p>Det ryska dr\u00f6narvapnet \u00e4r utsatt f\u00f6r kraftig EW p\u00e5verkan.<\/p>\n\n\n\n<p>Och nu \u00e4r FAB utst\u00f6rda s\u00e5 dom tr\u00e4ffar n\u00e5nstans inom 2 hektars radie snarare \u00e4n en meter.<\/p>\n\n\n\n<p>Ukraina har kn\u00e4ckt ryggen p\u00e5 ALLA ryska indirekta f\u00f6rm\u00e5gor nu \ud83d\udca5<\/p>\n\n\n\n<p>Samtidigt som Ukrainas dr\u00f6nare \u00e4r EW resistenta eller t\u00e5liga och dom f\u00f6rv\u00e4ntas tillverka 4 miljoner i \u00e5r. Och RU tar 70% av sina f\u00f6rluster fr\u00e5n UA dr\u00f6nare \u2013 den ni \ud83d\ude32<\/p>\n\n\n\n<p>(v\u00e4st beh\u00f6ver allts\u00e5 f\u00f6rst\u00e5 att det \u00e4r dr\u00f6nare och inte flyg, artilleri, robotar som kommer orsaka de stora f\u00f6rlusterna i framtiden. Ukraina har trots allt alla nu men dr\u00f6narna \u00e4r \u00f6verl\u00e4gset b\u00e4st, eller v\u00e4rst f\u00f6r ryssarna i groparna).<\/p>\n\n\n\n<p>Ukraina har ocks\u00e5 artilleriet \u2013 dom har tillverkat 154st Bohdana under 2024 till exempel (tror jag det var\u2026)<\/p>\n\n\n\n<p>Dom har ocks\u00e5 flyget och sl\u00e4ppandet av JDAMS har \u00f6kat kraftigt.<\/p>\n\n\n\n<p>Ni kommer f\u00e5 se mycket mer av detta vid Dneprfronten till exempel<\/p>\n\n\n\n<figure class=\"wp-block-image is-resized\"><a href=\"https:\/\/substackcdn.com\/image\/fetch\/f_auto,q_auto:good,fl_progressive:steep\/https%3A%2F%2Fsubstack-post-media.s3.amazonaws.com%2Fpublic%2Fimages%2Fe6219c5d-d23f-4a1b-be7e-b4eecc97ccc5_756x734.png\" target=\"_blank\" rel=\"noreferrer noopener\"><img decoding=\"async\" src=\"https:\/\/substackcdn.com\/image\/fetch\/w_1456,c_limit,f_auto,q_auto:good,fl_progressive:steep\/https%3A%2F%2Fsubstack-post-media.s3.amazonaws.com%2Fpublic%2Fimages%2Fe6219c5d-d23f-4a1b-be7e-b4eecc97ccc5_756x734.png\" alt=\"\" style=\"width:431px;height:auto\"\/><\/a><\/figure>\n\n\n\n<p>Ukraina har GRK, m\u00e5lstyrs ammunition, GPS ammunition, dum ammunition med ypperlig tr\u00e4ffbild fr\u00e5n tex Archer.<\/p>\n\n\n\n<p>Dom har robotar, dr\u00f6nare och vad mer.<\/p>\n\n\n\n<p>Dom har sitt Uber f\u00f6r artilleri s\u00e5 m\u00e5luttag till tr\u00e4ff \u00e4r s\u00e5 kort att v\u00e4sts artillerister k\u00e4nner sig som en s\u00e4mre kundtj\u00e4nst.<\/p>\n\n\n\n<p>Dom har det digitala slagf\u00e4ltet d\u00e4r anfallande\/f\u00f6rsvarande f\u00f6rband har en helthetsbild ovanifr\u00e5n och stridande f\u00f6rband styrs och vet vad som p\u00e5g\u00e5r i realtid.<\/p>\n\n\n\n<p>F\u00f6rst sl\u00e5s f\u00f6rsvarande f\u00f6rband i bitar n\u00e4r dr\u00f6nare susar in horisntalt i varenda \u00f6ppning och spr\u00e4nger alla f\u00f6rst\u00e4rkta utrymmen och sen n\u00e4r f\u00f6rsvaret g\u00e5r upp i eldst\u00e4llning regnar det klusterammunition \u00f6ver dom.<\/p>\n\n\n\n<p>Sen har anfallande enhet full \u00f6verblick och vet exakt var f\u00f6rsvararna finns n\u00e5gonstans, hur m\u00e5nga och med vilka vapen.<\/p>\n\n\n\n<p>Sen n\u00e4r dom slagits ut f\u00e5r anfallande enhet direkt uppgift om storlek p\u00e5 insatsstyrkan och varifr\u00e5n den kommer.<\/p>\n\n\n\n<p>Ja, det \u00e4r inte s\u00e5 h\u00e4r \u00f6verallt men en hel del f\u00f6rband strider nu s\u00e5 h\u00e4r och dom kan man poola ihop till fokuspunkter.<\/p>\n\n\n\n<p>Och mot sig har dom kryckskytte med underst\u00f6d fr\u00e5n det helt nya Kr\u00e4l-skytte, och insatsstyrkan \u00e4r antingen \u00e5sneskytte eller scooterskytte.<\/p>\n\n\n\n<p>Ni f\u00f6rst\u00e5r ju sj\u00e4lva hur det h\u00e4r kommer sluta och det \u00e4r inte kryckskytte som vinner \ud83d\ude00<\/p>\n\n\n\n<p>Eld i m\u00e5let\/nedh\u00e5llande eld med anfallande stridsfordon blir allt b\u00e4ttre med stabiliserade akans i nya vapenstationer och m\u00f6rkerriktmedel som g\u00f6r att dagtid st\u00e5r m\u00e5len ut som en ljus fyr mot bakgrunden \u2013 g\u00e5r inte att missa.<\/p>\n\n\n\n<p>L\u00e5t Ukraina nu komma ig\u00e5ng med sin offensiv s\u00e5 kommer ni f\u00f6rst\u00e5 varf\u00f6r det finns sk\u00e4l att vara -positiv-positiv.<\/p>\n\n\n\n<p>Nu vet ni redan detta f\u00f6r ni har slaviskt l\u00e4st Johanno1.se hela m\u00e5naden men s\u00e5 h\u00e4r \u00e4r Putins game plan som nu torpederas en v\u00e5ldsam torped i taget \u2013<\/p>\n\n\n\n<p>Ryssland skulle f\u00e5 ett eldupph\u00f6r i Ukraina p\u00e5 ett eller annat s\u00e4tt med Trumps hj\u00e4lp och p\u00e5 s\u00e5 s\u00e4tt kunna l\u00f6sg\u00f6ra mer trupp. Nordkoreaner och kineser hade ocks\u00e5 kunnat anv\u00e4ndas f\u00f6r gr\u00e4nsbevakningen mot UA och speciellt kineserna hade varit fredsbevarande trupp p\u00e5 plats f\u00f6r fred i v\u00e5rt tid och att f\u00e5 r\u00e4dda barnen. Syftet \u00e4r att vara en stoppkloss f\u00f6r UA att anfalla \u00f6ver demarkationslinjen.<\/p>\n\n\n\n<p>N\u00e4st b\u00e4st \u00e4r att RU i alla fall med NK hj\u00e4lp h\u00e5ller det ettriga Ukraina st\u00e5ngen och kan anv\u00e4nda sin baltisk-strategiska reserv som det \u00e4r t\u00e4nkt.<\/p>\n\n\n\n<p>Vi vet sedan tidigare att RU s\u00e4tter upp tv\u00e5 arm\u00e9k\u00e5rer och Ukraina anser att det \u00e4r 150 000st i denna reserv. Med eller utan NK och Belarus vet jag inte.<\/p>\n\n\n\n<p>Nu har RU och Belarus ing\u00e5tt lite olika avtal om \u00f6msesidig hj\u00e4lp till varandra s\u00e5 bara en false-flag bort att dom blivit anfallna av Polen och\/eller Baltikum s\u00e5ledes och har ett mycket ryskt \u201dcasus-belli\u201d inom citationstecken.<\/p>\n\n\n\n<figure class=\"wp-block-image is-resized\"><a href=\"https:\/\/substackcdn.com\/image\/fetch\/f_auto,q_auto:good,fl_progressive:steep\/https%3A%2F%2Fsubstack-post-media.s3.amazonaws.com%2Fpublic%2Fimages%2F15f925aa-7973-47ca-ac2b-97ca79b6b7f8_734x861.png\" target=\"_blank\" rel=\"noreferrer noopener\"><img decoding=\"async\" src=\"https:\/\/substackcdn.com\/image\/fetch\/w_1456,c_limit,f_auto,q_auto:good,fl_progressive:steep\/https%3A%2F%2Fsubstack-post-media.s3.amazonaws.com%2Fpublic%2Fimages%2F15f925aa-7973-47ca-ac2b-97ca79b6b7f8_734x861.png\" alt=\"\" style=\"width:444px;height:auto\"\/><\/a><\/figure>\n\n\n\n<p>Belarus f\u00f6rsvarsmakt har tr\u00e4nats av Wagner sedan sommaren 2023 och de Wagner som \u00f6verlevde f\u00e5r anses vara kompetenta. Tydligen var Belarus f\u00f6rsvarsmakt p\u00e5 papperet 100 000st men i verkligheten kanske 15 000st i stridande f\u00f6rband och Belarusisk SOF har stridit i Kursk och sprang f\u00f6rst av alla. Dock s\u00e5 har v\u00e4l Belarus nu gjort det dom kan med f\u00f6rsvarsmakten f\u00f6r att f\u00f6rb\u00e4ttra rimligen?<\/p>\n\n\n\n<p>Lite som p\u00e5 alla filmerna vi sett s\u00e5ledes med cirkus-SOF \ud83e\udd23<\/p>\n\n\n\n<p>Wagner var det f\u00f6rst 7000st av, sen 3000st och sen har jag sett 11 000st men det finns en rej\u00e4l grupp Wagner kvar i n\u00e5n typ av formering i alla fall.<\/p>\n\n\n\n<p>Sen har vi d\u00e5 de 150 000st ryssarna i sina tv\u00e5 arm\u00e9k\u00e5rer och RU har avsatt b\u00e4ttre materiel till dom \u00e4r min gissning.<\/p>\n\n\n\n<p>\u00c4ven d\u00e5 dom \u00e4r nyuppsatta s\u00e5 har dom rimligen formerats kring erfarna f\u00f6rband och dom har arbetslivserfarenhet av dr\u00f6narvapnet och 2025 \u00e5rs krigf\u00f6ring \u2013 r\u00e4tt sj\u00e4lvupplevt.<\/p>\n\n\n\n<p>I September \u00e4r det Zapad-25 utannonserat och precis som f\u00f6rra g\u00e5ngen innan UA kriget s\u00e5 var det bara 13 000st som skulle deltaga och sen deltager 200 000st och man slapp internationella observat\u00f6rer.<\/p>\n\n\n\n<figure class=\"wp-block-image is-resized\"><a href=\"https:\/\/substackcdn.com\/image\/fetch\/f_auto,q_auto:good,fl_progressive:steep\/https%3A%2F%2Fsubstack-post-media.s3.amazonaws.com%2Fpublic%2Fimages%2F192f566b-4e83-41d7-8dad-98528cf183b7_753x654.png\" target=\"_blank\" rel=\"noreferrer noopener\"><img decoding=\"async\" src=\"https:\/\/substackcdn.com\/image\/fetch\/w_1456,c_limit,f_auto,q_auto:good,fl_progressive:steep\/https%3A%2F%2Fsubstack-post-media.s3.amazonaws.com%2Fpublic%2Fimages%2F192f566b-4e83-41d7-8dad-98528cf183b7_753x654.png\" alt=\"\" style=\"width:411px;height:auto\"\/><\/a><\/figure>\n\n\n\n<p>Det h\u00e4r \u00e4r FULL mobilisering mot Baltikum, Polen, \u00d6stersj\u00f6n och hela kalaset om man f\u00e5r gissa?<\/p>\n\n\n\n<p>Baltikum har precis p\u00e5b\u00f6rjat minf\u00e4lten mot Ryssland nu i \u00e5r, skulle v\u00e4l p\u00e5b\u00f6rjas i Februari?<\/p>\n\n\n\n<p>Sen finns det ju vatten mot Estland b\u00e5de \u00d6stersj\u00f6n och \u00f6sterifr\u00e5n som dom kanske inte bef\u00e4st lika bra?<\/p>\n\n\n\n<p>Deras f\u00f6rsvarsmakter \u00e4r ju l\u00f6jligt sm\u00e5 och v\u00e4stliga f\u00f6rband i omr\u00e5det \u00e4r i bataljoner har jag f\u00f6r mig, nu ocks\u00e5 med en svensk bataljon.<\/p>\n\n\n\n<p>Zapad25 \u2013 alla f\u00f6rs\u00f6k av v\u00e4st att mobilisera f\u00f6rband mot \u00f6stgr\u00e4nsen kommer m\u00f6tas av Ryssland fulla subversiva verksamhet och i de l\u00e4nder d\u00e4r dom kan f\u00e4lla majoritetsbeslut kommer inga f\u00f6rband skickas.<\/p>\n\n\n\n<p>Det kommer vara sabotage i v\u00e4st f\u00f6r att f\u00f6rsena v\u00e5r mobilisering och det kommer vara kaos p\u00e5 gatorna, bankerna kommer krascha, allt m\u00f6jligt kommer explodera, g\u00e4ngkrig och v\u00e5ra v\u00e4nster och h\u00f6gerextremister ligga i krig p\u00e5 gatorna underst\u00f6dda av islamisterna.<\/p>\n\n\n\n<p>Belarus kommer projicera ett hot mot Polen som kommer anse att dom beh\u00f6ver sin f\u00f6rsvarsmakt f\u00f6r n\u00e4rskydd och samma med Finland vad som nu planeras mot dom. Kanske v\u00e4ldigt mycket Kineser i n\u00e5n fredsbevarande operation d\u00e4ruppe bara f\u00f6r att binda trupp och dom g\u00e5r aldrig \u00f6ver gr\u00e4nsen?<\/p>\n\n\n\n<p>I Baltikum \u00e4r det d\u00e5 brigaderna v\u00e4st lyckats f\u00e5 iv\u00e4g + egna f\u00f6rband l\u00e4nderna har mobiliserat som skall f\u00f6rsvara landet.<\/p>\n\n\n\n<p>F\u00f6rst kommer infiltrationen i stor skala fr\u00e5n ryska specialf\u00f6rband och sj\u00e4lva invasionen blir luftlands\u00e4ttning, spaning och SOF som genomf\u00f6r sina eld\u00f6verfall, en enorm f\u00f6rbek\u00e4mpning och sen mekaniserat anfall. Ja det blir Russian style men det h\u00e4r \u00e4r en ny stridsgrupp d\u00e4r man (\u00e5ter)skapat alla f\u00f6rm\u00e5gorna.<\/p>\n\n\n\n<p>Eftersom Putins game plan \u00e4r f\u00f6ljande \u2013<\/p>\n\n\n\n<p>-invadera ett d\u00e5ligt f\u00f6rsvarat omr\u00e5de, ta terr\u00e4ngen, g\u00e5 i f\u00f6rsvar g\u00e4rna bakom flod eller dominerande terr\u00e4ng och f\u00e4ll ut indirekta paraplyet och alla skyddsf\u00f6rm\u00e5gor och sen \u00f6ver till v\u00e4st.<\/p>\n\n\n\n<p>-S\u00e5 r\u00e4cker det om det i n\u00e5got omr\u00e5de bara \u00e4r en estnisk, eller svensk, bataljon i f\u00f6rsvar och han kan sl\u00e4nga in en division mot dom.<\/p>\n\n\n\n<p>Hur \u00e4r v\u00e5r EW mot hans FAB, hur \u00e4r v\u00e5ra dr\u00f6nare, hur \u00e4r v\u00e5rt f\u00f6rsvar mot RU dr\u00f6nare, mot RU artilleri, mot RU markstrid?<\/p>\n\n\n\n<p>N\u00e4r RU sopat bort ett klent f\u00f6rsvar och sj\u00e4lva g\u00e5tt i f\u00f6rsvar kommer rond tv\u00e5.<\/p>\n\n\n\n<p>EU beh\u00f6ver nu mobilisera upp 3:1 mot omr\u00e5det och \u00c5TERTA den f\u00f6rlorade terr\u00e4ngen.<\/p>\n\n\n\n<p>Rysslands subversiva verksamhet kommer g\u00e5 i absolut \u00f6verljudshastighet och land efter land kommer falla ifr\u00e5n.<\/p>\n\n\n\n<p>\u00c4r det v\u00e4rt att d\u00f6da v\u00e5ra s\u00f6ner och d\u00f6ttra f\u00f6r 15ha potatis\u00e5ker i \u00f6straste Estland?<\/p>\n\n\n\n<p>Blir svaret nej har NATO fallit och skurkstaterna kommer \u00f6ka tempot.<\/p>\n\n\n\n<p>Blir svaret ja \u00e4r Putins enda nedsida att beh\u00f6ver dra hem tv\u00e5 sargade arm\u00e9k\u00e5rer och sen tv\u00e4rneka till allt.<\/p>\n\n\n\n<p>N\u00e5gon som p\u00e5 allvar tror att v\u00e4st kommer invadera Ryssland?<\/p>\n\n\n\n<p>Det h\u00e4r \u00e4r Putins n\u00e4sta steg &#8211; Ukraina varnar, Belarus har avtalen klara och Zapad25 har utannonserats.<\/p>\n\n\n\n<p>Det h\u00e4r \u00e4r en verklighet vi har att f\u00f6rh\u00e5lla oss till och det kommer i September om Putin klarar av att hantera Ukraina hj\u00e4lpligt \u2013 d\u00e5 st\u00e5r EU d\u00e4r och m\u00e5ste fatta tuffa beslut.<\/p>\n\n\n\n<p>S\u00e5 f\u00f6r mig \u00e4r det ju r\u00e4tt klart att EU nu sentomsider kommer till\u00e5ta Ukraina att strida p\u00e5 det s\u00e4tt dom finner b\u00e4st och att vi ger dom mer materiel. Med lite tur \u00e4r Trump nu pacificerad med en fin underskrift p\u00e5 ett papper \u2013 Chamberlain n\u00e5gon \ud83e\udd23\ud83e\udd23<\/p>\n\n\n\n<p>Hursomhelst s\u00e5 \u00e4r det v\u00e5ldsamma motanfall i Toretsk nu<\/p>\n\n\n\n<figure class=\"wp-block-image is-resized\"><a href=\"https:\/\/substackcdn.com\/image\/fetch\/f_auto,q_auto:good,fl_progressive:steep\/https%3A%2F%2Fsubstack-post-media.s3.amazonaws.com%2Fpublic%2Fimages%2Fccf67d56-2fdf-4e54-9470-96d7b8af7850_748x663.png\" target=\"_blank\" rel=\"noreferrer noopener\"><img decoding=\"async\" src=\"https:\/\/substackcdn.com\/image\/fetch\/w_1456,c_limit,f_auto,q_auto:good,fl_progressive:steep\/https%3A%2F%2Fsubstack-post-media.s3.amazonaws.com%2Fpublic%2Fimages%2Fccf67d56-2fdf-4e54-9470-96d7b8af7850_748x663.png\" alt=\"\" style=\"width:465px;height:auto\"\/><\/a><\/figure>\n\n\n\n<p>Och en hjord Nordkoreaner \u00e4r inst\u00e4ngda uppe i Kursk och har att v\u00e4lja mellan att b\u00f6rja knapra p\u00e5 varandra eller att kapitulera och Ukraina verkar vara ok med b\u00e4gge alternativen.<\/p>\n\n\n\n<figure class=\"wp-block-image is-resized\"><a href=\"https:\/\/substackcdn.com\/image\/fetch\/f_auto,q_auto:good,fl_progressive:steep\/https%3A%2F%2Fsubstack-post-media.s3.amazonaws.com%2Fpublic%2Fimages%2F9f4bed2b-6043-4c52-ac64-1aefee8a67ff_757x773.png\" target=\"_blank\" rel=\"noreferrer noopener\"><img decoding=\"async\" src=\"https:\/\/substackcdn.com\/image\/fetch\/w_1456,c_limit,f_auto,q_auto:good,fl_progressive:steep\/https%3A%2F%2Fsubstack-post-media.s3.amazonaws.com%2Fpublic%2Fimages%2F9f4bed2b-6043-4c52-ac64-1aefee8a67ff_757x773.png\" alt=\"\" style=\"width:481px;height:auto\"\/><\/a><\/figure>\n\n\n\n<p>F\u00e5r ocks\u00e5 p\u00e5minna om det absolut hysteriskt popul\u00e4ra fredagsfylla som kommer p\u00e5 fredag runt 18:00. Tidigare har jag ju pratat upp det p\u00e5 Bluesky och sen suttit sj\u00e4lv och postat hela kv\u00e4llen och druckit rom. No more, det \u00e4r en livlig fest med kul killar, tjejer och alla andra identiteter som \u00e4r d\u00e4r med l\u00e5tlistor och nydanande dans som kommer bli n\u00e4sta fluga efter det helt nya hip-hop \u2013 missa p\u00e5 egen risk s\u00e4ger jag bara.<\/p>\n\n\n\n<p>Och sist men inte minst har Rum\u00e4nien valt sida \u2013 grattis och v\u00e4lkomna \u00f6ver till den ljusa sidan.<\/p>\n\n\n\n<figure class=\"wp-block-image is-resized\"><a href=\"https:\/\/substackcdn.com\/image\/fetch\/f_auto,q_auto:good,fl_progressive:steep\/https%3A%2F%2Fsubstack-post-media.s3.amazonaws.com%2Fpublic%2Fimages%2F82c84570-4b61-4a90-8b76-5812a37ce0ec_748x820.png\" target=\"_blank\" rel=\"noreferrer noopener\"><img decoding=\"async\" src=\"https:\/\/substackcdn.com\/image\/fetch\/w_1456,c_limit,f_auto,q_auto:good,fl_progressive:steep\/https%3A%2F%2Fsubstack-post-media.s3.amazonaws.com%2Fpublic%2Fimages%2F82c84570-4b61-4a90-8b76-5812a37ce0ec_748x820.png\" alt=\"\" style=\"width:438px;height:auto\"\/><\/a><\/figure>\n\n\n\n<p>Gillade ni inl\u00e4gget dela det g\u00e4rna i era kanaler,<\/p>\n\n\n\n<p>Vill ni ha ett kul kommentarsf\u00e4lt som nu b\u00f6rjar komma ig\u00e5ng riktigt rej\u00e4lt och inte l\u00e4ngre bara \u00e4r jag som pratar upp det p\u00e5 Bluesky, och sen sitter d\u00e4r helt sj\u00e4lv och fyllepostar \u2013 johanno1.se<\/p>\n\n\n\n<p>Det \u00e4r allts\u00e5 ett hundratal kommentarer d\u00e4r dagligen fullproppade med information \ud83d\ude32<\/p>\n\n\n\n<p>P\u00e5 Substack f\u00e5r ni v\u00e4ldigt g\u00e4rna bli betalande prenumeranter och det \u00e4r kul att se att n\u00e5gra tycker det \u00e4r l\u00e4sv\u00e4rt, ser allt arbete som l\u00e4ggs ned p\u00e5 detta och tog steget \u00f6ver till att prenumerera \ud83d\udc4d<\/p>\n\n\n\n<p>j<a target=\"_blank\" rel=\"noreferrer noopener\" href=\"mailto:ohanno1.se\">ohanno1.se<\/a><\/p>\n\n\n\n<p><a target=\"_blank\" rel=\"noreferrer noopener\" href=\"mailto:substack.com\/@johanno1\">substack.com\/@johanno1<\/a><\/p>\n\n\n\n<p><a href=\"https:\/\/bsky.app\/profile\/johanno1.bsky.social\">https:\/\/bsky.app\/profile\/johanno1.bsky.social<\/a><\/p>\n","protected":false},"excerpt":{"rendered":"<p>Uppdatering Trump har ju snott lite av rampljuset f\u00f6rra veckan och denna \u2013 min slutanalys \u00e4r klar och har inte [&hellip;]<\/p>\n","protected":false},"author":3,"featured_media":0,"comment_status":"open","ping_status":"open","sticky":false,"template":"","format":"standard","meta":{"site-sidebar-layout":"default","site-content-layout":"","ast-site-content-layout":"default","site-content-style":"default","site-sidebar-style":"default","ast-global-header-display":"","ast-banner-title-visibility":"","ast-main-header-display":"","ast-hfb-above-header-display":"","ast-hfb-below-header-display":"","ast-hfb-mobile-header-display":"","site-post-title":"","ast-breadcrumbs-content":"","ast-featured-img":"","footer-sml-layout":"","ast-disable-related-posts":"","theme-transparent-header-meta":"","adv-header-id-meta":"","stick-header-meta":"","header-above-stick-meta":"","header-main-stick-meta":"","header-below-stick-meta":"","astra-migrate-meta-layouts":"default","ast-page-background-enabled":"default","ast-page-background-meta":{"desktop":{"background-color":"var(--ast-global-color-4)","background-image":"","background-repeat":"repeat","background-position":"center center","background-size":"auto","background-attachment":"scroll","background-type":"","background-media":"","overlay-type":"","overlay-color":"","overlay-opacity":"","overlay-gradient":""},"tablet":{"background-color":"","background-image":"","background-repeat":"repeat","background-position":"center center","background-size":"auto","background-attachment":"scroll","background-type":"","background-media":"","overlay-type":"","overlay-color":"","overlay-opacity":"","overlay-gradient":""},"mobile":{"background-color":"","background-image":"","background-repeat":"repeat","background-position":"center center","background-size":"auto","background-attachment":"scroll","background-type":"","background-media":"","overlay-type":"","overlay-color":"","overlay-opacity":"","overlay-gradient":""}},"ast-content-background-meta":{"desktop":{"background-color":"var(--ast-global-color-5)","background-image":"","background-repeat":"repeat","background-position":"center center","background-size":"auto","background-attachment":"scroll","background-type":"","background-media":"","overlay-type":"","overlay-color":"","overlay-opacity":"","overlay-gradient":""},"tablet":{"background-color":"var(--ast-global-color-5)","background-image":"","background-repeat":"repeat","background-position":"center center","background-size":"auto","background-attachment":"scroll","background-type":"","background-media":"","overlay-type":"","overlay-color":"","overlay-opacity":"","overlay-gradient":""},"mobile":{"background-color":"var(--ast-global-color-5)","background-image":"","background-repeat":"repeat","background-position":"center center","background-size":"auto","background-attachment":"scroll","background-type":"","background-media":"","overlay-type":"","overlay-color":"","overlay-opacity":"","overlay-gradient":""}},"footnotes":""},"categories":[18],"tags":[],"class_list":["post-376","post","type-post","status-publish","format-standard","hentry","category-ukraina"],"yoast_head":"<!-- This site is optimized with the Yoast SEO plugin v27.4 - https:\/\/yoast.com\/product\/yoast-seo-wordpress\/ -->\n<title>Ukraina daglig uppdatering 27 Februari 2025 -<\/title>\n<meta name=\"robots\" content=\"index, follow, max-snippet:-1, max-image-preview:large, max-video-preview:-1\" \/>\n<link rel=\"canonical\" href=\"https:\/\/johanno1.se\/sv\/ukraina-daglig-uppdatering-27-februari-2025\/\" \/>\n<meta property=\"og:locale\" content=\"sv_SE\" \/>\n<meta property=\"og:type\" content=\"article\" \/>\n<meta property=\"og:title\" content=\"Ukraina daglig uppdatering 27 Februari 2025 -\" \/>\n<meta property=\"og:description\" content=\"Uppdatering Trump har ju snott lite av rampljuset f\u00f6rra veckan och denna \u2013 min slutanalys \u00e4r klar och har inte [&hellip;]\" \/>\n<meta property=\"og:url\" content=\"https:\/\/johanno1.se\/sv\/ukraina-daglig-uppdatering-27-februari-2025\/\" \/>\n<meta property=\"og:site_name\" content=\"Johan No.1\" \/>\n<meta property=\"article:published_time\" content=\"2025-02-27T06:01:00+00:00\" \/>\n<meta property=\"article:modified_time\" content=\"2025-05-25T12:21:43+00:00\" \/>\n<meta property=\"og:image\" content=\"https:\/\/substackcdn.com\/image\/fetch\/w_1456,c_limit,f_auto,q_auto:good,fl_progressive:steep\/https%3A%2F%2Fsubstack-post-media.s3.amazonaws.com%2Fpublic%2Fimages%2F8a220509-aeaf-44c9-8ef6-e0792f51611e_671x303.png\" \/>\n<meta name=\"author\" content=\"johan No.1\" \/>\n<meta name=\"twitter:card\" content=\"summary_large_image\" \/>\n<meta name=\"twitter:label1\" content=\"Skriven av\" \/>\n\t<meta name=\"twitter:data1\" content=\"johan No.1\" \/>\n\t<meta name=\"twitter:label2\" content=\"Ber\u00e4knad l\u00e4stid\" \/>\n\t<meta name=\"twitter:data2\" content=\"13 minuter\" \/>\n<script type=\"application\/ld+json\" class=\"yoast-schema-graph\">{\"@context\":\"https:\\\/\\\/schema.org\",\"@graph\":[{\"@type\":\"Article\",\"@id\":\"https:\\\/\\\/johanno1.se\\\/sv\\\/ukraina-daglig-uppdatering-27-februari-2025\\\/#article\",\"isPartOf\":{\"@id\":\"https:\\\/\\\/johanno1.se\\\/sv\\\/ukraina-daglig-uppdatering-27-februari-2025\\\/\"},\"author\":{\"name\":\"johan No.1\",\"@id\":\"https:\\\/\\\/johanno1.se\\\/sv\\\/#\\\/schema\\\/person\\\/1dec165f070bde263b30eaf3c0a742e7\"},\"headline\":\"Ukraina daglig uppdatering 27 Februari 2025\",\"datePublished\":\"2025-02-27T06:01:00+00:00\",\"dateModified\":\"2025-05-25T12:21:43+00:00\",\"mainEntityOfPage\":{\"@id\":\"https:\\\/\\\/johanno1.se\\\/sv\\\/ukraina-daglig-uppdatering-27-februari-2025\\\/\"},\"wordCount\":2641,\"commentCount\":112,\"publisher\":{\"@id\":\"https:\\\/\\\/johanno1.se\\\/sv\\\/#organization\"},\"image\":{\"@id\":\"https:\\\/\\\/johanno1.se\\\/sv\\\/ukraina-daglig-uppdatering-27-februari-2025\\\/#primaryimage\"},\"thumbnailUrl\":\"https:\\\/\\\/substackcdn.com\\\/image\\\/fetch\\\/w_1456,c_limit,f_auto,q_auto:good,fl_progressive:steep\\\/https%3A%2F%2Fsubstack-post-media.s3.amazonaws.com%2Fpublic%2Fimages%2F8a220509-aeaf-44c9-8ef6-e0792f51611e_671x303.png\",\"articleSection\":[\"Kriget i Ukraina\"],\"inLanguage\":\"sv-SE\",\"potentialAction\":[{\"@type\":\"CommentAction\",\"name\":\"Comment\",\"target\":[\"https:\\\/\\\/johanno1.se\\\/sv\\\/ukraina-daglig-uppdatering-27-februari-2025\\\/#respond\"]}]},{\"@type\":\"WebPage\",\"@id\":\"https:\\\/\\\/johanno1.se\\\/sv\\\/ukraina-daglig-uppdatering-27-februari-2025\\\/\",\"url\":\"https:\\\/\\\/johanno1.se\\\/sv\\\/ukraina-daglig-uppdatering-27-februari-2025\\\/\",\"name\":\"Ukraina daglig uppdatering 27 Februari 2025 -\",\"isPartOf\":{\"@id\":\"https:\\\/\\\/johanno1.se\\\/sv\\\/#website\"},\"primaryImageOfPage\":{\"@id\":\"https:\\\/\\\/johanno1.se\\\/sv\\\/ukraina-daglig-uppdatering-27-februari-2025\\\/#primaryimage\"},\"image\":{\"@id\":\"https:\\\/\\\/johanno1.se\\\/sv\\\/ukraina-daglig-uppdatering-27-februari-2025\\\/#primaryimage\"},\"thumbnailUrl\":\"https:\\\/\\\/substackcdn.com\\\/image\\\/fetch\\\/w_1456,c_limit,f_auto,q_auto:good,fl_progressive:steep\\\/https%3A%2F%2Fsubstack-post-media.s3.amazonaws.com%2Fpublic%2Fimages%2F8a220509-aeaf-44c9-8ef6-e0792f51611e_671x303.png\",\"datePublished\":\"2025-02-27T06:01:00+00:00\",\"dateModified\":\"2025-05-25T12:21:43+00:00\",\"breadcrumb\":{\"@id\":\"https:\\\/\\\/johanno1.se\\\/sv\\\/ukraina-daglig-uppdatering-27-februari-2025\\\/#breadcrumb\"},\"inLanguage\":\"sv-SE\",\"potentialAction\":[{\"@type\":\"ReadAction\",\"target\":[\"https:\\\/\\\/johanno1.se\\\/sv\\\/ukraina-daglig-uppdatering-27-februari-2025\\\/\"]}]},{\"@type\":\"ImageObject\",\"inLanguage\":\"sv-SE\",\"@id\":\"https:\\\/\\\/johanno1.se\\\/sv\\\/ukraina-daglig-uppdatering-27-februari-2025\\\/#primaryimage\",\"url\":\"https:\\\/\\\/substackcdn.com\\\/image\\\/fetch\\\/w_1456,c_limit,f_auto,q_auto:good,fl_progressive:steep\\\/https%3A%2F%2Fsubstack-post-media.s3.amazonaws.com%2Fpublic%2Fimages%2F8a220509-aeaf-44c9-8ef6-e0792f51611e_671x303.png\",\"contentUrl\":\"https:\\\/\\\/substackcdn.com\\\/image\\\/fetch\\\/w_1456,c_limit,f_auto,q_auto:good,fl_progressive:steep\\\/https%3A%2F%2Fsubstack-post-media.s3.amazonaws.com%2Fpublic%2Fimages%2F8a220509-aeaf-44c9-8ef6-e0792f51611e_671x303.png\"},{\"@type\":\"BreadcrumbList\",\"@id\":\"https:\\\/\\\/johanno1.se\\\/sv\\\/ukraina-daglig-uppdatering-27-februari-2025\\\/#breadcrumb\",\"itemListElement\":[{\"@type\":\"ListItem\",\"position\":1,\"name\":\"Hem\",\"item\":\"https:\\\/\\\/johanno1.se\\\/sv\\\/\"},{\"@type\":\"ListItem\",\"position\":2,\"name\":\"Ukraina daglig uppdatering 27 Februari 2025\"}]},{\"@type\":\"WebSite\",\"@id\":\"https:\\\/\\\/johanno1.se\\\/sv\\\/#website\",\"url\":\"https:\\\/\\\/johanno1.se\\\/sv\\\/\",\"name\":\"Johan No.1\",\"description\":\"Kriget i Ukraina - V\u00e4rldsledande omv\u00e4rldsanalys fr\u00e5n Svensksund till den ryska brakf\u00f6rlusten i Ukraina\",\"publisher\":{\"@id\":\"https:\\\/\\\/johanno1.se\\\/sv\\\/#organization\"},\"potentialAction\":[{\"@type\":\"SearchAction\",\"target\":{\"@type\":\"EntryPoint\",\"urlTemplate\":\"https:\\\/\\\/johanno1.se\\\/sv\\\/?s={search_term_string}\"},\"query-input\":{\"@type\":\"PropertyValueSpecification\",\"valueRequired\":true,\"valueName\":\"search_term_string\"}}],\"inLanguage\":\"sv-SE\"},{\"@type\":\"Organization\",\"@id\":\"https:\\\/\\\/johanno1.se\\\/sv\\\/#organization\",\"name\":\"Johan No. 1\",\"url\":\"https:\\\/\\\/johanno1.se\\\/sv\\\/\",\"logo\":{\"@type\":\"ImageObject\",\"inLanguage\":\"sv-SE\",\"@id\":\"https:\\\/\\\/johanno1.se\\\/sv\\\/#\\\/schema\\\/logo\\\/image\\\/\",\"url\":\"https:\\\/\\\/johanno1.se\\\/wp-content\\\/uploads\\\/2025\\\/03\\\/cropped-No1-Logo.png\",\"contentUrl\":\"https:\\\/\\\/johanno1.se\\\/wp-content\\\/uploads\\\/2025\\\/03\\\/cropped-No1-Logo.png\",\"width\":512,\"height\":512,\"caption\":\"Johan No. 1\"},\"image\":{\"@id\":\"https:\\\/\\\/johanno1.se\\\/sv\\\/#\\\/schema\\\/logo\\\/image\\\/\"}},{\"@type\":\"Person\",\"@id\":\"https:\\\/\\\/johanno1.se\\\/sv\\\/#\\\/schema\\\/person\\\/1dec165f070bde263b30eaf3c0a742e7\",\"name\":\"johan No.1\",\"image\":{\"@type\":\"ImageObject\",\"inLanguage\":\"sv-SE\",\"@id\":\"https:\\\/\\\/secure.gravatar.com\\\/avatar\\\/06f93864ed6b830e2782e60575fff112f1c61c52bb10b194131e0e333191695b?s=96&d=mm&r=g\",\"url\":\"https:\\\/\\\/secure.gravatar.com\\\/avatar\\\/06f93864ed6b830e2782e60575fff112f1c61c52bb10b194131e0e333191695b?s=96&d=mm&r=g\",\"contentUrl\":\"https:\\\/\\\/secure.gravatar.com\\\/avatar\\\/06f93864ed6b830e2782e60575fff112f1c61c52bb10b194131e0e333191695b?s=96&d=mm&r=g\",\"caption\":\"johan No.1\"},\"url\":\"https:\\\/\\\/johanno1.se\\\/sv\\\/author\\\/johan\\\/\"}]}<\/script>\n<!-- \/ Yoast SEO plugin. -->","yoast_head_json":{"title":"Ukraina daglig uppdatering 27 Februari 2025 -","robots":{"index":"index","follow":"follow","max-snippet":"max-snippet:-1","max-image-preview":"max-image-preview:large","max-video-preview":"max-video-preview:-1"},"canonical":"https:\/\/johanno1.se\/sv\/ukraina-daglig-uppdatering-27-februari-2025\/","og_locale":"sv_SE","og_type":"article","og_title":"Ukraina daglig uppdatering 27 Februari 2025 -","og_description":"Uppdatering Trump har ju snott lite av rampljuset f\u00f6rra veckan och denna \u2013 min slutanalys \u00e4r klar och har inte [&hellip;]","og_url":"https:\/\/johanno1.se\/sv\/ukraina-daglig-uppdatering-27-februari-2025\/","og_site_name":"Johan No.1","article_published_time":"2025-02-27T06:01:00+00:00","article_modified_time":"2025-05-25T12:21:43+00:00","og_image":[{"url":"https:\/\/substackcdn.com\/image\/fetch\/w_1456,c_limit,f_auto,q_auto:good,fl_progressive:steep\/https%3A%2F%2Fsubstack-post-media.s3.amazonaws.com%2Fpublic%2Fimages%2F8a220509-aeaf-44c9-8ef6-e0792f51611e_671x303.png","type":"","width":"","height":""}],"author":"johan No.1","twitter_card":"summary_large_image","twitter_misc":{"Skriven av":"johan No.1","Ber\u00e4knad l\u00e4stid":"13 minuter"},"schema":{"@context":"https:\/\/schema.org","@graph":[{"@type":"Article","@id":"https:\/\/johanno1.se\/sv\/ukraina-daglig-uppdatering-27-februari-2025\/#article","isPartOf":{"@id":"https:\/\/johanno1.se\/sv\/ukraina-daglig-uppdatering-27-februari-2025\/"},"author":{"name":"johan No.1","@id":"https:\/\/johanno1.se\/sv\/#\/schema\/person\/1dec165f070bde263b30eaf3c0a742e7"},"headline":"Ukraina daglig uppdatering 27 Februari 2025","datePublished":"2025-02-27T06:01:00+00:00","dateModified":"2025-05-25T12:21:43+00:00","mainEntityOfPage":{"@id":"https:\/\/johanno1.se\/sv\/ukraina-daglig-uppdatering-27-februari-2025\/"},"wordCount":2641,"commentCount":112,"publisher":{"@id":"https:\/\/johanno1.se\/sv\/#organization"},"image":{"@id":"https:\/\/johanno1.se\/sv\/ukraina-daglig-uppdatering-27-februari-2025\/#primaryimage"},"thumbnailUrl":"https:\/\/substackcdn.com\/image\/fetch\/w_1456,c_limit,f_auto,q_auto:good,fl_progressive:steep\/https%3A%2F%2Fsubstack-post-media.s3.amazonaws.com%2Fpublic%2Fimages%2F8a220509-aeaf-44c9-8ef6-e0792f51611e_671x303.png","articleSection":["Kriget i Ukraina"],"inLanguage":"sv-SE","potentialAction":[{"@type":"CommentAction","name":"Comment","target":["https:\/\/johanno1.se\/sv\/ukraina-daglig-uppdatering-27-februari-2025\/#respond"]}]},{"@type":"WebPage","@id":"https:\/\/johanno1.se\/sv\/ukraina-daglig-uppdatering-27-februari-2025\/","url":"https:\/\/johanno1.se\/sv\/ukraina-daglig-uppdatering-27-februari-2025\/","name":"Ukraina daglig uppdatering 27 Februari 2025 -","isPartOf":{"@id":"https:\/\/johanno1.se\/sv\/#website"},"primaryImageOfPage":{"@id":"https:\/\/johanno1.se\/sv\/ukraina-daglig-uppdatering-27-februari-2025\/#primaryimage"},"image":{"@id":"https:\/\/johanno1.se\/sv\/ukraina-daglig-uppdatering-27-februari-2025\/#primaryimage"},"thumbnailUrl":"https:\/\/substackcdn.com\/image\/fetch\/w_1456,c_limit,f_auto,q_auto:good,fl_progressive:steep\/https%3A%2F%2Fsubstack-post-media.s3.amazonaws.com%2Fpublic%2Fimages%2F8a220509-aeaf-44c9-8ef6-e0792f51611e_671x303.png","datePublished":"2025-02-27T06:01:00+00:00","dateModified":"2025-05-25T12:21:43+00:00","breadcrumb":{"@id":"https:\/\/johanno1.se\/sv\/ukraina-daglig-uppdatering-27-februari-2025\/#breadcrumb"},"inLanguage":"sv-SE","potentialAction":[{"@type":"ReadAction","target":["https:\/\/johanno1.se\/sv\/ukraina-daglig-uppdatering-27-februari-2025\/"]}]},{"@type":"ImageObject","inLanguage":"sv-SE","@id":"https:\/\/johanno1.se\/sv\/ukraina-daglig-uppdatering-27-februari-2025\/#primaryimage","url":"https:\/\/substackcdn.com\/image\/fetch\/w_1456,c_limit,f_auto,q_auto:good,fl_progressive:steep\/https%3A%2F%2Fsubstack-post-media.s3.amazonaws.com%2Fpublic%2Fimages%2F8a220509-aeaf-44c9-8ef6-e0792f51611e_671x303.png","contentUrl":"https:\/\/substackcdn.com\/image\/fetch\/w_1456,c_limit,f_auto,q_auto:good,fl_progressive:steep\/https%3A%2F%2Fsubstack-post-media.s3.amazonaws.com%2Fpublic%2Fimages%2F8a220509-aeaf-44c9-8ef6-e0792f51611e_671x303.png"},{"@type":"BreadcrumbList","@id":"https:\/\/johanno1.se\/sv\/ukraina-daglig-uppdatering-27-februari-2025\/#breadcrumb","itemListElement":[{"@type":"ListItem","position":1,"name":"Hem","item":"https:\/\/johanno1.se\/sv\/"},{"@type":"ListItem","position":2,"name":"Ukraina daglig uppdatering 27 Februari 2025"}]},{"@type":"WebSite","@id":"https:\/\/johanno1.se\/sv\/#website","url":"https:\/\/johanno1.se\/sv\/","name":"Johan No.1","description":"Kriget i Ukraina - V\u00e4rldsledande omv\u00e4rldsanalys fr\u00e5n Svensksund till den ryska brakf\u00f6rlusten i Ukraina","publisher":{"@id":"https:\/\/johanno1.se\/sv\/#organization"},"potentialAction":[{"@type":"SearchAction","target":{"@type":"EntryPoint","urlTemplate":"https:\/\/johanno1.se\/sv\/?s={search_term_string}"},"query-input":{"@type":"PropertyValueSpecification","valueRequired":true,"valueName":"search_term_string"}}],"inLanguage":"sv-SE"},{"@type":"Organization","@id":"https:\/\/johanno1.se\/sv\/#organization","name":"Johan No. 1","url":"https:\/\/johanno1.se\/sv\/","logo":{"@type":"ImageObject","inLanguage":"sv-SE","@id":"https:\/\/johanno1.se\/sv\/#\/schema\/logo\/image\/","url":"https:\/\/johanno1.se\/wp-content\/uploads\/2025\/03\/cropped-No1-Logo.png","contentUrl":"https:\/\/johanno1.se\/wp-content\/uploads\/2025\/03\/cropped-No1-Logo.png","width":512,"height":512,"caption":"Johan No. 1"},"image":{"@id":"https:\/\/johanno1.se\/sv\/#\/schema\/logo\/image\/"}},{"@type":"Person","@id":"https:\/\/johanno1.se\/sv\/#\/schema\/person\/1dec165f070bde263b30eaf3c0a742e7","name":"johan No.1","image":{"@type":"ImageObject","inLanguage":"sv-SE","@id":"https:\/\/secure.gravatar.com\/avatar\/06f93864ed6b830e2782e60575fff112f1c61c52bb10b194131e0e333191695b?s=96&d=mm&r=g","url":"https:\/\/secure.gravatar.com\/avatar\/06f93864ed6b830e2782e60575fff112f1c61c52bb10b194131e0e333191695b?s=96&d=mm&r=g","contentUrl":"https:\/\/secure.gravatar.com\/avatar\/06f93864ed6b830e2782e60575fff112f1c61c52bb10b194131e0e333191695b?s=96&d=mm&r=g","caption":"johan No.1"},"url":"https:\/\/johanno1.se\/sv\/author\/johan\/"}]}},"_links":{"self":[{"href":"https:\/\/johanno1.se\/sv\/wp-json\/wp\/v2\/posts\/376","targetHints":{"allow":["GET"]}}],"collection":[{"href":"https:\/\/johanno1.se\/sv\/wp-json\/wp\/v2\/posts"}],"about":[{"href":"https:\/\/johanno1.se\/sv\/wp-json\/wp\/v2\/types\/post"}],"author":[{"embeddable":true,"href":"https:\/\/johanno1.se\/sv\/wp-json\/wp\/v2\/users\/3"}],"replies":[{"embeddable":true,"href":"https:\/\/johanno1.se\/sv\/wp-json\/wp\/v2\/comments?post=376"}],"version-history":[{"count":1,"href":"https:\/\/johanno1.se\/sv\/wp-json\/wp\/v2\/posts\/376\/revisions"}],"predecessor-version":[{"id":377,"href":"https:\/\/johanno1.se\/sv\/wp-json\/wp\/v2\/posts\/376\/revisions\/377"}],"wp:attachment":[{"href":"https:\/\/johanno1.se\/sv\/wp-json\/wp\/v2\/media?parent=376"}],"wp:term":[{"taxonomy":"category","embeddable":true,"href":"https:\/\/johanno1.se\/sv\/wp-json\/wp\/v2\/categories?post=376"},{"taxonomy":"post_tag","embeddable":true,"href":"https:\/\/johanno1.se\/sv\/wp-json\/wp\/v2\/tags?post=376"}],"curies":[{"name":"wp","href":"https:\/\/api.w.org\/{rel}","templated":true}]}}