{"id":3858,"date":"2026-01-19T07:01:00","date_gmt":"2026-01-19T06:01:00","guid":{"rendered":"https:\/\/johanno1.se\/?p=3858"},"modified":"2026-01-20T06:26:51","modified_gmt":"2026-01-20T05:26:51","slug":"varlden-daglig-uppdatering-19-januari-2025","status":"publish","type":"post","link":"https:\/\/johanno1.se\/sv\/varlden-daglig-uppdatering-19-januari-2025\/","title":{"rendered":"V\u00e4rlden daglig uppdatering 19 Januari 2025"},"content":{"rendered":"\n<p>Under 2024 fick jag m\u00e5nga kommentarer att det b\u00e4sta Europa\/EU kunde g\u00f6ra var att sitta still i b\u00e5ten med Trump \u2013 vi skulle vara moraliskt mer h\u00f6gtst\u00e5ende och mina f\u00f6rslag p\u00e5 att dumpa US statsskuld och andra kreativa slag under b\u00e4ltet emottogs svalt.<\/p>\n\n\n\n<p>F\u00f6r det f\u00f6rsta s\u00e5 g\u00f6r Trump precis som Putin \u2013 han testar och flyttar fram positionerna tills det tar stopp, s\u00e5 ju l\u00e4ngre vi v\u00e4ntar desto mer skada orsakar USA.<\/p>\n\n\n\n<p>F\u00f6r det andra s\u00e5 \u00e4r det min starka \u00e5sikt att han spelar sin roll i Kina-Ryssland-USA nya v\u00e4rldsordning d\u00e4r Europa helst skall vara splittrade svaga konsumenter.<\/p>\n\n\n\n<p>Ja, Europa har gjort 11 av 10 fel senaste 20\u00e5ren och jag har ett helt inl\u00e4gg p\u00e5 g\u00e5ng om det men vi beh\u00f6ver inte g\u00f6ra som Iran och st\u00f6tta en sida som kommer tillse att det blir etter v\u00e4rre \u2013 vi m\u00e5ste st\u00e5 upp f\u00f6r Europas b\u00e4sta och sen l\u00f6ser vi f\u00f6rhoppningsvis det kaos vi sj\u00e4lva skapat hos oss med Rysslands hj\u00e4lp sedan tidigt 2000-tal.<\/p>\n\n\n\n<p>Den h\u00e4r \u00e4r sp\u00e4nnande \u2013 det visste vi ukrainav\u00e4nner men nu \u00e4r den ute ur flaskan och inte konspirationsteori l\u00e4ngre, Ukraina gav falsk information till USA som letade sig \u00f6ver till Ryssland.<\/p>\n\n\n\n<figure class=\"wp-block-image size-large is-resized\"><img loading=\"lazy\" decoding=\"async\" width=\"760\" height=\"1024\" src=\"https:\/\/johanno1.se\/wp-content\/uploads\/2026\/01\/1.-USA-leaks-760x1024.jpg\" alt=\"\" class=\"wp-image-3859\" style=\"width:510px;height:auto\" srcset=\"https:\/\/johanno1.se\/wp-content\/uploads\/2026\/01\/1.-USA-leaks-760x1024.jpg 760w, https:\/\/johanno1.se\/wp-content\/uploads\/2026\/01\/1.-USA-leaks-223x300.jpg 223w, https:\/\/johanno1.se\/wp-content\/uploads\/2026\/01\/1.-USA-leaks-768x1034.jpg 768w, https:\/\/johanno1.se\/wp-content\/uploads\/2026\/01\/1.-USA-leaks.jpg 828w\" sizes=\"auto, (max-width: 760px) 100vw, 760px\" \/><\/figure>\n\n\n\n<p>Eller denna, glasklart att det \u00e4r Putin som saboterat alla fredsf\u00f6rhandlingarna och Zelensky fick ENORMT med press p\u00e5 sig fr\u00e5n Europa f\u00f6r att tillm\u00f6tesg\u00e5 Trump \u2013 och sen skyller Trump \u00e4nd\u00e5 allt p\u00e5 Zelensky. Ingen nyhet om ni l\u00e4st Johan No.1 som sedan i v\u00e5ras utropade fredsf\u00f6rhandlingarna som riggade med undantag fr\u00e5n n\u00e4r Trump bl\u00e5ste alla i Augusti i sin krigslist \u2013 den j\u00e4keln \ud83d\ude21<\/p>\n\n\n\n<p>Syftet var v\u00e4l att f\u00e5 Europa att tro att deras f\u00f6rhandlingar lyckats s\u00e5 vi skulle somna om?<\/p>\n\n\n\n<figure class=\"wp-block-embed is-type-rich is-provider-bluesky-social wp-block-embed-bluesky-social\"><div class=\"wp-block-embed__wrapper\">\n<blockquote class=\"bluesky-embed\" data-bluesky-uri=\"at:\/\/did:plc:oyzatboanf3omf2eievuwzwd\/app.bsky.feed.post\/3mcmiball4s2n\" data-bluesky-cid=\"bafyreidvnjkfjikylm6btyykv22pyk5qkhv6tg3x252erk6smaqs65nbfq\"><p lang=\"sv\">Lite historiaVi vet hur det gickx.com\/maks_nafo_fe&#8230;<\/p>&mdash; <a href=\"https:\/\/bsky.app\/profile\/did:plc:oyzatboanf3omf2eievuwzwd?ref_src=embed\">Johan No.1 (@johanno1.bsky.social)<\/a> <a href=\"https:\/\/bsky.app\/profile\/did:plc:oyzatboanf3omf2eievuwzwd\/post\/3mcmiball4s2n?ref_src=embed\">2026-01-17T11:14:06.882Z<\/a><\/blockquote><script async src=\"https:\/\/embed.bsky.app\/static\/embed.js\" charset=\"utf-8\"><\/script>\n<\/div><\/figure>\n\n\n\n<p>Ukraina har sk\u00f6tt fyra \u00e5rs krig mycket snyggt till ett oerh\u00f6rt stort och on\u00f6digt offer men det \u00e4r som det \u00e4r \u2013 man kan argumentera f\u00f6r att det \u00e4r deras frihet s\u00e5 dom f\u00e5r k\u00e4mpa f\u00f6r den om man vill men det \u00e4r inte i linje med hur jag uppfostrats.<\/p>\n\n\n\n<p>I fallet Europa har dom dessutom k\u00e4mpat f\u00f6r v\u00e5r fortsatta frihet och vi har fortsatt att somna om i fyra \u00e5r, WW2 h\u00f6ll v\u00e4l p\u00e5 i lite drygt fem \u00e5r&#8230;<\/p>\n\n\n\n<p>Jag \u00e4r \u00f6verlag mycket optimistisk, Europa b\u00f6rjar s\u00e5 sm\u00e5tt komma i ordning och Ukraina h\u00e5ller ut \u2013 vid fronterna har Ukraina nu s\u00e5 sm\u00e5tt b\u00f6rjat f\u00e5 \u00f6vertaget och RU b\u00f6rjar f\u00f6rst\u00e5 det.<\/p>\n\n\n\n<p>Terrorbombningarna mot elinfrastrukturen \u00e4r f\u00f6r att dom inte l\u00e4ngre tror sig kunna anv\u00e4nda den d\u00e5 dom inte lyckas f\u00e4lla Ukraina gissar jag.<\/p>\n\n\n\n<p>Trump f\u00f6rs\u00f6kte ocks\u00e5 f\u00f6r FEMTE G\u00c5NGEN \u00e5teranv\u00e4nda \u201dPutin vill ha fred men Zelensky spj\u00e4rnar emot\u201d men den h\u00e4r g\u00e5ngen brydde sig absolut ingen, Europa \u00f6ppnade inte ens \u00f6gonen.<\/p>\n\n\n\n<p>Och d\u00e5 ledde ett s\u00e5dant utspel i v\u00e5ras till att alla ledare i Europa satte sig p\u00e5 f\u00f6rsta flyg \u00f6ver till Washington och \u00e5kte in p\u00e5 kvartssamtal med Trump som han sen skr\u00f6t om att han tillr\u00e4ttavisat oss.<\/p>\n\n\n\n<p>Ukraina sm\u00f6g ocks\u00e5 f\u00f6rsiktigt och undanh\u00f6ll sig ifr\u00e5n att provocera men denna g\u00e5ngen regnar dr\u00f6narna \u00f6ver OLJERIGGAR i Kaspiska havet \u2013 i termer av m\u00e5l \u00e4r v\u00e4l bara Kreml ett mer attraktivt m\u00e5l eftersom dom redan g\u00e5tt efter k\u00e4rnvapentriaden?<\/p>\n\n\n\n<p>Trumps f\u00f6rhandlingsammunition i \u00e4mnet Ukrainakriget \u00e4r f\u00f6rbrukat blir min slutsats.<\/p>\n\n\n\n<p>Detta ser Trump och jag tror det \u00e4r i det ljuset man f\u00e5r se Gr\u00f6nland f\u00f6r ingen nu levande m\u00e4nniska \u00e4r s\u00e5 h\u00e4r dum.<\/p>\n\n\n\n<p>Det Trump g\u00f6r \u00e4r att helt kalkylrerat provocera Europa, och Gr\u00f6nland var en r\u00f6d linje f\u00f6r oss tydligen trots alla kommentarer om motsatsen som jag fick vintern och v\u00e5ren 2024.<\/p>\n\n\n\n<p>Samma personer kommer naturligtvis s\u00e4ga att nu \u00e4r det r\u00e4tt agerat av Europa, f\u00f6lja med str\u00f6mmen \u00e4r enkelt.<\/p>\n\n\n\n<p>Trumps logik haltar bet\u00e4nkligt \u201dHej Europa vi M\u00c5STE f\u00e5 \u00f6verta Gr\u00f6nland f\u00f6r v\u00e4rldens s\u00e4kerhet, stort hot annars att Kina och Ryssland er\u00f6vrar landet\u201d.<\/p>\n\n\n\n<p>Europa skickar direkt trupp till att f\u00f6rsvara Gr\u00f6nland OCH bjuder in USA att deltaga.<\/p>\n\n\n\n<p>Trump \u2013 \u201dnu j\u00e4vlar blir det strafftullar\u201d.<\/p>\n\n\n\n<p>Jag tror strafftullarna var det prim\u00e4ra h\u00e4r inte Gr\u00f6nland.<\/p>\n\n\n\n<p>Hade inte Gr\u00f6nland fungerat hade USA kommit med n\u00e5got ytterligare provocerande d\u00e4r Europa till sist f\u00e5tt nog.<\/p>\n\n\n\n<p>Danskarna \u00e4r r\u00e4tt roliga<\/p>\n\n\n\n<figure class=\"wp-block-image size-full is-resized\"><img loading=\"lazy\" decoding=\"async\" width=\"828\" height=\"1013\" src=\"https:\/\/johanno1.se\/wp-content\/uploads\/2026\/01\/2.-Denmark.jpg\" alt=\"\" class=\"wp-image-3860\" style=\"width:553px;height:auto\" srcset=\"https:\/\/johanno1.se\/wp-content\/uploads\/2026\/01\/2.-Denmark.jpg 828w, https:\/\/johanno1.se\/wp-content\/uploads\/2026\/01\/2.-Denmark-245x300.jpg 245w, https:\/\/johanno1.se\/wp-content\/uploads\/2026\/01\/2.-Denmark-768x940.jpg 768w\" sizes=\"auto, (max-width: 828px) 100vw, 828px\" \/><\/figure>\n\n\n\n<p>Vad kommer h\u00e4nda 2026 eller m\u00f6jligen b\u00f6rjan 2027, jo en rej\u00e4l finanskrasch med blodr\u00f6da b\u00f6rser, frysta kapitalstr\u00f6mmar och absolut livr\u00e4dda pengaf\u00f6rvaltare.<\/p>\n\n\n\n<p>Att Kina och Ryssland g\u00e4rna ser att Europa f\u00e5r ta den st\u00f6rsta sm\u00e4llen \u00e4r v\u00e4l givet?<\/p>\n\n\n\n<p>Att USA ocks\u00e5 g\u00e4rna ser det \u00e4r troligt f\u00f6r annars blir det v\u00e4l dom?<\/p>\n\n\n\n<p>S\u00e5 att Trump nu genom tullarna f\u00f6rs\u00f6ker s\u00e4tta upp oss s\u00e5 att kapitalet flyr Europa \u00e4r inte alls otroligt, det \u00e4r inte f\u00f6rsta g\u00e5ngen han g\u00e5r h\u00e5rdare \u00e5t oss \u00e4n Kina och framf\u00f6rallt Ryssland.<\/p>\n\n\n\n<p>F\u00f6r d\u00e5 flyr kapitalet till s\u00e4kerheten i USA ist\u00e4llet \u2013 vilket \u00e4r bra f\u00f6r USA, och Johan No.1 har l\u00e4nge drivit tesen att USA och nu Trump g\u00f6r det som \u00e4r bra f\u00f6r USA.<\/p>\n\n\n\n<p>F\u00f6r USA vore det negativt om kapitalet s\u00f6ker sig \u00f6ver till EUR och EU omr\u00e5det som en trygg hamn n\u00e4r kraschen kommer, konsekvenserna skulle kunna bli r\u00e4tt stora f\u00f6r USA gissar jag?<\/p>\n\n\n\n<p>S\u00e5 f\u00f6r en g\u00e5ngs skulle tycker jag att Europa borde f\u00f6rbereda sig f\u00f6r det ist\u00e4llet och vara kn\u00e4pptysta d\u00e5 finans \u00e4r mycket uppm\u00e4rksamma \u2013 vi har stora termonukle\u00e4ra bomber vi kan avfyra mot USA till exempel dumpa all statsskuld vi k\u00f6pt?<\/p>\n\n\n\n<p>Kapitalet dras mot styrka, s\u00e4kerhet och trygghet s\u00e5 om EU och Europa projicerar det tydligt med finans som mottagare kommer vi klara oss galant.<\/p>\n\n\n\n<p>Men samtidigt s\u00e5 f\u00f6rst\u00e5r jag att USA\/Trump bara hade fortsatt tills dom fick \u00f6nskat resultat och att vi n\u00e5nstans m\u00e5ste s\u00e4tta stopp f\u00f6r f\u00f6rsvagningen av oss.<\/p>\n\n\n\n<p>Nu kanske inte det r\u00e4cker s\u00e5 del tv\u00e5 i denna diaboliska plan \u00e4r en svart svan tillhandah\u00e5llen av Ryssland &#8211; jag har gissat p\u00e5 sm\u00e5 gr\u00f6na m\u00e4n i Baltikum f\u00f6r Baltikum vill Ryssland absolut ha tillbaka.<\/p>\n\n\n\n<p>Dom hade kunnat sl\u00e4cka lyset i Europa ocks\u00e5 nu i vinter men det gjorde dom inte.<\/p>\n\n\n\n<p>Att dessa tv\u00e5 inte intr\u00e4ffat, framf\u00f6rallt elavbrotten, \u00e4r f\u00f6r mig ett myserium och vi f\u00e5r v\u00e4l se fram\u00f6ver varf\u00f6r Ryssland inte genomf\u00f6rde den typen av sabotage mot v\u00e5r elinfratruktur dom busenkelt hade kunnat f\u00f6rneka men som hade skadat Europa maximalt.<\/p>\n\n\n\n<p>Dock s\u00e5 har m\u00e4ngden sabotage varit extremt h\u00f6gt 2025 parat med medborgerlig oro p\u00e5 gatorna i m\u00e5nga l\u00e4nder men jag har ingen f\u00f6rklaring till varf\u00f6r man l\u00e5tit elinfrastrukturen vara en vinter n\u00e4r alla r\u00f6ren skulle fryst s\u00f6nder.<\/p>\n\n\n\n<p>Eftersom jag fl\u00f6g tidigt Januari och nu sitter med internet fr\u00e5n karibien s\u00e5 upplever jag att det \u00e4r mycket IT st\u00f6rningar men har inte l\u00e4st n\u00e5got om det?<\/p>\n\n\n\n<p>N\u00e4r jag akut beh\u00f6vde l\u00e4mna karibien i November var det ocks\u00e5 IT st\u00f6rningar just \u00f6ver de dagar jag f\u00f6rs\u00f6kte boka biljetten, betalsystem l\u00e5g helt nere n\u00e5gra dagar.<\/p>\n\n\n\n<p>Hursomhelst, eftersom Ukraina b\u00f6rjar komma ut p\u00e5 toppen i kriget s\u00e5 m\u00e5ste det eskaleras p\u00e5 annat h\u00e5ll och att f\u00f6rs\u00f6ka ge Europa ett tjuvnyp inf\u00f6r kommande finanskrasch \u00e4r en budgetl\u00f6sning.<\/p>\n\n\n\n<p>Det \u00e4r n\u00e5got p\u00e5 g\u00e5ng med kurderna ocks\u00e5, jag har inte f\u00f6rst\u00e5tt \u00e4nnu om USA hj\u00e4lper eller inte hj\u00e4lper dom, men kurderna \u00e4r precis som Ukraina en mycket bra allierad att ha.<\/p>\n\n\n\n<p>Dom \u00e4r dessutom mycket j\u00e4mlika och har hela bataljoner i spetsen med bara kvinnor. ISIS \u00e4r absolut livr\u00e4dda f\u00f6r dom d\u00e5 det inte blir n\u00e5gon himmelsf\u00e4rd om en kvinna tagit deras hundliv.<\/p>\n\n\n\n<figure class=\"wp-block-image size-full is-resized\"><img loading=\"lazy\" decoding=\"async\" width=\"828\" height=\"741\" src=\"https:\/\/johanno1.se\/wp-content\/uploads\/2026\/01\/3.-Kurds.jpg\" alt=\"\" class=\"wp-image-3861\" style=\"width:447px;height:auto\" srcset=\"https:\/\/johanno1.se\/wp-content\/uploads\/2026\/01\/3.-Kurds.jpg 828w, https:\/\/johanno1.se\/wp-content\/uploads\/2026\/01\/3.-Kurds-300x268.jpg 300w, https:\/\/johanno1.se\/wp-content\/uploads\/2026\/01\/3.-Kurds-768x687.jpg 768w\" sizes=\"auto, (max-width: 828px) 100vw, 828px\" \/><\/figure>\n\n\n\n<p>Den \u00f6vergripande situationen \u00e4r att vi fortfarande \u00e4r p\u00e5 \u00f6kande och d\u00e5 mest mot Europa f\u00f6r att vi v\u00e4grar att vika oss.<\/p>\n\n\n\n<p>Iran \u00e4r v\u00e4l lite att f\u00e5nga tillf\u00e4llet i flykten har jag f\u00e5tt f\u00f6r mig, Israel kommer inte f\u00f6rsitta den chansen punkt?<\/p>\n\n\n\n<p>I Sydamerika har USA\/Trump bara g\u00e5tt tillbaka till sin tidigare v\u00e4rldssyn d\u00e4r Sydamerika\/Latinamerika \u00e4r \u201dderas\u201d och dom g\u00f6r vad dom vill d\u00e4rnere utan att n\u00e5gon l\u00e4gger sig i.<\/p>\n\n\n\n<p>Det \u00e4r iallafall vad alla h\u00e4rnere s\u00e4ger till mig n\u00e4r det kommer p\u00e5 tal, och det g\u00f6r det r\u00e4tt ofta. Misstankar att Europa godk\u00e4nt det saknas inte heller men det har vi inte.<\/p>\n\n\n\n<p>Tillbaka till Europa, f\u00f6rmodligen sitter det mycket kapital i USA och v\u00e4ntar p\u00e5 kraschen f\u00f6r att sedan f\u00f6rst\u00e4rka den i Europa och f\u00f6rs\u00f6ka k\u00f6pa upp v\u00e5ra f\u00f6retag och infrastruktur till loppis-priser. Det d\u00e4r \u00e4r ett gammalt reptrick som verkar fungera var 15-20 \u00e5r ungef\u00e4r &#8211; det land som inte lyckas h\u00e5lla ihop leden blir plundrat.<\/p>\n\n\n\n<p>P\u00e5 90-talet fick ju Soros s\u00e4nka l\u00e4nder, v\u00e5r 500% r\u00e4nta och Bank of England till exempel. 2008 var det v\u00e4l Goldman Sachs som gav PIIGS s\u00e5 d\u00e5liga r\u00e5d s\u00e5 dom blev insolventa och kunde r\u00e5nas p\u00e5 allt av v\u00e4rde?<\/p>\n\n\n\n<p>Japan kn\u00e4cktes v\u00e4l ocks\u00e5 p\u00e5 90-talet f\u00f6r dom hade fr\u00e4ckheten att g\u00e5 f\u00f6r bra, d\u00e5 var det USA och Europa som gick ihop mot dom.<\/p>\n\n\n\n<p>Ryssland v\u00e4grar USA att g\u00f6ra en hit-and-run med trots att dom f\u00f6rtj\u00e4nar det \u2013 det visade Biden och det visar Trump med all tydlighet. Varf\u00f6r f\u00e5r vi v\u00e4l forts\u00e4tta br\u00e5ka om men USA har visat i handling tillr\u00e4ckligt l\u00e4nge f\u00f6r att det skall vara hugget i sten.<\/p>\n\n\n\n<p>Kan nog kanske ha att g\u00f6ra med att ett starkt Ryssland ger ett svagt och splittrat Europa?<\/p>\n\n\n\n<p>Kina vore ett bra kandidat att kn\u00e4cka ryggen p\u00e5 men USA g\u00e5r h\u00e5rdare \u00e5t oss \u00e4n Kina, f\u00f6rmodligen f\u00f6r att det \u00e4r l\u00e4ttare att mobba oss?<\/p>\n\n\n\n<p>Det \u00e4r d\u00e4rf\u00f6r jag dragit slutsatsen att USA, Ryssland och nu Kina gjort precis som Sovjet och USA gjorde under kalla kriget &#8211; komma \u00f6verens om vilka geografiska omr\u00e5den respektive gruppering f\u00e5r h\u00e4rja fritt i, vilka som \u00e4r omstridda och sen lite f\u00e4ktande f\u00f6r TV kamerorna s\u00e5 det inte skall bli f\u00f6r uppenbart.<\/p>\n\n\n\n<p>F\u00f6r s\u00e5 var spelet riggat sedan 1945 n\u00e4r Roosevelt gav halva Europa till Sovjet trots Churchills vilda protester och USA hade sina b\u00e4sta \u00e5r under kalla kriget.<\/p>\n\n\n\n<p>Sovjet vs hela Europa + ockuperade Europa + USA, vilka tror ni hade kommit ut p\u00e5 toppen 1946?<\/p>\n\n\n\n<p>N\u00e4r kriget var slut 1945 hade Sovjet n\u00e4stan helt slut p\u00e5 rekryterbar reserv i flertalet \u00e5rskullar och till exempel Ukraina hade rest sig mot Sovjet vilken dag som helst i veckan om vi n\u00e4rmat oss dom.<\/p>\n\n\n\n<p>Pausen mellan USAs b\u00e4sta \u00e5r och idag \u00e4r kortare \u00e4n kalla kriget &#8211; h\u00f6g risk att USA tyckte det var en bra v\u00e4rldsordning och \u00e4r pigg p\u00e5 den igen.<\/p>\n\n\n\n<p>Eftersom jag tillbringade 12 \u00e5r i Angola l\u00e4rde jag mig hur ett land som blev proxyarena under kalla kriget \u00f6delades och det \u00e4r ingen vacker v\u00e4rldsordning dessa tre drar emot.<\/p>\n\n\n\n<p>Att USA f\u00f6rsvarar petrodollarn \u00e4r glasklart och det st\u00f6rsta hotet mot petrodollarn \u00e4r kanske inte Kina och deras BRIICS valuta utan EUR \u2013 f\u00f6r USA \u00e4r Europa ett st\u00f6rre hot \u00e4n Kina?<\/p>\n\n\n\n<p>Jag tror att under 2026 \u00e4r det v\u00e4ldigt viktigt vilka beslut Europa fattar eller inte fattar \u2013 vi kan inte l\u00e4ngre komma undan med att g\u00f6ra ingenting f\u00f6r om vi blir slasken f\u00f6r kommande finanskris slutar det h\u00e4r inte bra.<\/p>\n\n\n\n<p>Regeringar faller alltid under kriser och mellan den ryska subversiva verksamheten och USA\/Trump s\u00e5 kommer de regeringar som b\u00f6rjat visa styrka och vilja att g\u00e5 emot Ryssland vara f\u00f6rst ut att f\u00e5 en s\u00e5dan hink isvatten \u00f6ver sig att dom inte \u00f6verlever.<\/p>\n\n\n\n<p>Sen kommer Ryssland forts\u00e4tta sin eriksgata i Europa s\u00e5 l\u00e5ngt det g\u00e5r och tar det inte stopp \u00e4r gamla sovjetgr\u00e4nsen v\u00e4l m\u00e5let.<\/p>\n\n\n\n<p>USA kommer erbjuda oss att k\u00f6pa s\u00e4kerhet f\u00f6r femdubbla marknadspriset och alla \u00e4r n\u00f6jda utom Europa.<\/p>\n\n\n\n<p>Resten av v\u00e4rlden f\u00e5r se sig uppdelade i olika intressesf\u00e4rer och precis som med de demokratiska ledarna p\u00e5 60-talen i Sydamerika och Afrika som utan undantag kn\u00e4cktes s\u00e5 kommer de l\u00e4nder som v\u00e5gar st\u00e5 upp mot den nya v\u00e4rldsordningen r\u00e4tt omg\u00e5ende f\u00e5 specialbehandling.<\/p>\n\n\n\n<p>Inte en v\u00e4rld jag vill se och Europa st\u00e5r emellan idag och den \u00e4ven om Sydamerika redan \u00e4r d\u00e4r tydligen.<\/p>\n\n\n\n<p>Och i spetsen har vi Ukraina som s\u00e5 h\u00e4r l\u00e5ngt lyckats h\u00e5lla emot \u2013 Europa har en m\u00f6jlighet att l\u00f6sa ett m\u00e5nghundra\u00e5rigt problem och f\u00e5 en igenmurad \u00f6stgr\u00e4ns.<\/p>\n\n\n\n<p>Vi har m\u00f6jligheten att dra hem produktion fr\u00e5n Kina och k\u00f6ra \u201dmade in Europe\u201d.<\/p>\n\n\n\n<p>Vi kan f\u00e5 alla r\u00e5varor vi beh\u00f6ver fr\u00e5n Afrika med schyssta handelsavtal \u2013 och \u00e4ven Gr\u00f6nland och Kanada f\u00f6rst\u00e5s.<\/p>\n\n\n\n<p>Den ljusnande framtid kan absolut vara v\u00e5r men vi m\u00e5ste fatta lite h\u00e5rda beslut under 2026.<\/p>\n","protected":false},"excerpt":{"rendered":"<p>Under 2024 fick jag m\u00e5nga kommentarer att det b\u00e4sta Europa\/EU kunde g\u00f6ra var att sitta still i b\u00e5ten med Trump [&hellip;]<\/p>\n","protected":false},"author":3,"featured_media":0,"comment_status":"open","ping_status":"open","sticky":false,"template":"","format":"standard","meta":{"site-sidebar-layout":"default","site-content-layout":"","ast-site-content-layout":"default","site-content-style":"default","site-sidebar-style":"default","ast-global-header-display":"","ast-banner-title-visibility":"","ast-main-header-display":"","ast-hfb-above-header-display":"","ast-hfb-below-header-display":"","ast-hfb-mobile-header-display":"","site-post-title":"","ast-breadcrumbs-content":"","ast-featured-img":"","footer-sml-layout":"","ast-disable-related-posts":"","theme-transparent-header-meta":"","adv-header-id-meta":"","stick-header-meta":"","header-above-stick-meta":"","header-main-stick-meta":"","header-below-stick-meta":"","astra-migrate-meta-layouts":"default","ast-page-background-enabled":"default","ast-page-background-meta":{"desktop":{"background-color":"var(--ast-global-color-4)","background-image":"","background-repeat":"repeat","background-position":"center center","background-size":"auto","background-attachment":"scroll","background-type":"","background-media":"","overlay-type":"","overlay-color":"","overlay-opacity":"","overlay-gradient":""},"tablet":{"background-color":"","background-image":"","background-repeat":"repeat","background-position":"center center","background-size":"auto","background-attachment":"scroll","background-type":"","background-media":"","overlay-type":"","overlay-color":"","overlay-opacity":"","overlay-gradient":""},"mobile":{"background-color":"","background-image":"","background-repeat":"repeat","background-position":"center center","background-size":"auto","background-attachment":"scroll","background-type":"","background-media":"","overlay-type":"","overlay-color":"","overlay-opacity":"","overlay-gradient":""}},"ast-content-background-meta":{"desktop":{"background-color":"var(--ast-global-color-5)","background-image":"","background-repeat":"repeat","background-position":"center center","background-size":"auto","background-attachment":"scroll","background-type":"","background-media":"","overlay-type":"","overlay-color":"","overlay-opacity":"","overlay-gradient":""},"tablet":{"background-color":"var(--ast-global-color-5)","background-image":"","background-repeat":"repeat","background-position":"center center","background-size":"auto","background-attachment":"scroll","background-type":"","background-media":"","overlay-type":"","overlay-color":"","overlay-opacity":"","overlay-gradient":""},"mobile":{"background-color":"var(--ast-global-color-5)","background-image":"","background-repeat":"repeat","background-position":"center center","background-size":"auto","background-attachment":"scroll","background-type":"","background-media":"","overlay-type":"","overlay-color":"","overlay-opacity":"","overlay-gradient":""}},"footnotes":""},"categories":[18],"tags":[],"class_list":["post-3858","post","type-post","status-publish","format-standard","hentry","category-ukraina"],"yoast_head":"<!-- This site is optimized with the Yoast SEO plugin v27.5 - https:\/\/yoast.com\/product\/yoast-seo-wordpress\/ -->\n<title>V\u00e4rlden daglig uppdatering 19 Januari 2025 -<\/title>\n<meta name=\"robots\" content=\"index, follow, max-snippet:-1, max-image-preview:large, max-video-preview:-1\" \/>\n<link rel=\"canonical\" href=\"https:\/\/johanno1.se\/sv\/varlden-daglig-uppdatering-19-januari-2025\/\" \/>\n<meta property=\"og:locale\" content=\"sv_SE\" \/>\n<meta property=\"og:type\" content=\"article\" \/>\n<meta property=\"og:title\" content=\"V\u00e4rlden daglig uppdatering 19 Januari 2025 -\" \/>\n<meta property=\"og:description\" content=\"Under 2024 fick jag m\u00e5nga kommentarer att det b\u00e4sta Europa\/EU kunde g\u00f6ra var att sitta still i b\u00e5ten med Trump [&hellip;]\" \/>\n<meta property=\"og:url\" content=\"https:\/\/johanno1.se\/sv\/varlden-daglig-uppdatering-19-januari-2025\/\" \/>\n<meta property=\"og:site_name\" content=\"Johan No.1\" \/>\n<meta property=\"article:published_time\" content=\"2026-01-19T06:01:00+00:00\" \/>\n<meta property=\"article:modified_time\" content=\"2026-01-20T05:26:51+00:00\" \/>\n<meta property=\"og:image\" content=\"https:\/\/johanno1.se\/wp-content\/uploads\/2026\/01\/1.-USA-leaks.jpg\" \/>\n\t<meta property=\"og:image:width\" content=\"828\" \/>\n\t<meta property=\"og:image:height\" content=\"1115\" \/>\n\t<meta property=\"og:image:type\" content=\"image\/jpeg\" \/>\n<meta name=\"author\" content=\"johan No.1\" \/>\n<meta name=\"twitter:card\" content=\"summary_large_image\" \/>\n<meta name=\"twitter:label1\" content=\"Skriven av\" \/>\n\t<meta name=\"twitter:data1\" content=\"johan No.1\" \/>\n\t<meta name=\"twitter:label2\" content=\"Ber\u00e4knad l\u00e4stid\" \/>\n\t<meta name=\"twitter:data2\" content=\"11 minuter\" \/>\n<script type=\"application\/ld+json\" class=\"yoast-schema-graph\">{\"@context\":\"https:\\\/\\\/schema.org\",\"@graph\":[{\"@type\":\"Article\",\"@id\":\"https:\\\/\\\/johanno1.se\\\/sv\\\/varlden-daglig-uppdatering-19-januari-2025\\\/#article\",\"isPartOf\":{\"@id\":\"https:\\\/\\\/johanno1.se\\\/sv\\\/varlden-daglig-uppdatering-19-januari-2025\\\/\"},\"author\":{\"name\":\"johan No.1\",\"@id\":\"https:\\\/\\\/johanno1.se\\\/sv\\\/#\\\/schema\\\/person\\\/1dec165f070bde263b30eaf3c0a742e7\"},\"headline\":\"V\u00e4rlden daglig uppdatering 19 Januari 2025\",\"datePublished\":\"2026-01-19T06:01:00+00:00\",\"dateModified\":\"2026-01-20T05:26:51+00:00\",\"mainEntityOfPage\":{\"@id\":\"https:\\\/\\\/johanno1.se\\\/sv\\\/varlden-daglig-uppdatering-19-januari-2025\\\/\"},\"wordCount\":2357,\"commentCount\":43,\"publisher\":{\"@id\":\"https:\\\/\\\/johanno1.se\\\/sv\\\/#organization\"},\"image\":{\"@id\":\"https:\\\/\\\/johanno1.se\\\/sv\\\/varlden-daglig-uppdatering-19-januari-2025\\\/#primaryimage\"},\"thumbnailUrl\":\"https:\\\/\\\/johanno1.se\\\/wp-content\\\/uploads\\\/2026\\\/01\\\/1.-USA-leaks-760x1024.jpg\",\"articleSection\":[\"Kriget i Ukraina\"],\"inLanguage\":\"sv-SE\",\"potentialAction\":[{\"@type\":\"CommentAction\",\"name\":\"Comment\",\"target\":[\"https:\\\/\\\/johanno1.se\\\/sv\\\/varlden-daglig-uppdatering-19-januari-2025\\\/#respond\"]}]},{\"@type\":\"WebPage\",\"@id\":\"https:\\\/\\\/johanno1.se\\\/sv\\\/varlden-daglig-uppdatering-19-januari-2025\\\/\",\"url\":\"https:\\\/\\\/johanno1.se\\\/sv\\\/varlden-daglig-uppdatering-19-januari-2025\\\/\",\"name\":\"V\u00e4rlden daglig uppdatering 19 Januari 2025 -\",\"isPartOf\":{\"@id\":\"https:\\\/\\\/johanno1.se\\\/sv\\\/#website\"},\"primaryImageOfPage\":{\"@id\":\"https:\\\/\\\/johanno1.se\\\/sv\\\/varlden-daglig-uppdatering-19-januari-2025\\\/#primaryimage\"},\"image\":{\"@id\":\"https:\\\/\\\/johanno1.se\\\/sv\\\/varlden-daglig-uppdatering-19-januari-2025\\\/#primaryimage\"},\"thumbnailUrl\":\"https:\\\/\\\/johanno1.se\\\/wp-content\\\/uploads\\\/2026\\\/01\\\/1.-USA-leaks-760x1024.jpg\",\"datePublished\":\"2026-01-19T06:01:00+00:00\",\"dateModified\":\"2026-01-20T05:26:51+00:00\",\"breadcrumb\":{\"@id\":\"https:\\\/\\\/johanno1.se\\\/sv\\\/varlden-daglig-uppdatering-19-januari-2025\\\/#breadcrumb\"},\"inLanguage\":\"sv-SE\",\"potentialAction\":[{\"@type\":\"ReadAction\",\"target\":[\"https:\\\/\\\/johanno1.se\\\/sv\\\/varlden-daglig-uppdatering-19-januari-2025\\\/\"]}]},{\"@type\":\"ImageObject\",\"inLanguage\":\"sv-SE\",\"@id\":\"https:\\\/\\\/johanno1.se\\\/sv\\\/varlden-daglig-uppdatering-19-januari-2025\\\/#primaryimage\",\"url\":\"https:\\\/\\\/johanno1.se\\\/wp-content\\\/uploads\\\/2026\\\/01\\\/1.-USA-leaks-760x1024.jpg\",\"contentUrl\":\"https:\\\/\\\/johanno1.se\\\/wp-content\\\/uploads\\\/2026\\\/01\\\/1.-USA-leaks-760x1024.jpg\"},{\"@type\":\"BreadcrumbList\",\"@id\":\"https:\\\/\\\/johanno1.se\\\/sv\\\/varlden-daglig-uppdatering-19-januari-2025\\\/#breadcrumb\",\"itemListElement\":[{\"@type\":\"ListItem\",\"position\":1,\"name\":\"Hem\",\"item\":\"https:\\\/\\\/johanno1.se\\\/sv\\\/\"},{\"@type\":\"ListItem\",\"position\":2,\"name\":\"V\u00e4rlden daglig uppdatering 19 Januari 2025\"}]},{\"@type\":\"WebSite\",\"@id\":\"https:\\\/\\\/johanno1.se\\\/sv\\\/#website\",\"url\":\"https:\\\/\\\/johanno1.se\\\/sv\\\/\",\"name\":\"Johan No.1\",\"description\":\"Kriget i Ukraina - V\u00e4rldsledande omv\u00e4rldsanalys fr\u00e5n Svensksund till den ryska brakf\u00f6rlusten i Ukraina\",\"publisher\":{\"@id\":\"https:\\\/\\\/johanno1.se\\\/sv\\\/#organization\"},\"potentialAction\":[{\"@type\":\"SearchAction\",\"target\":{\"@type\":\"EntryPoint\",\"urlTemplate\":\"https:\\\/\\\/johanno1.se\\\/sv\\\/?s={search_term_string}\"},\"query-input\":{\"@type\":\"PropertyValueSpecification\",\"valueRequired\":true,\"valueName\":\"search_term_string\"}}],\"inLanguage\":\"sv-SE\"},{\"@type\":\"Organization\",\"@id\":\"https:\\\/\\\/johanno1.se\\\/sv\\\/#organization\",\"name\":\"Johan No. 1\",\"url\":\"https:\\\/\\\/johanno1.se\\\/sv\\\/\",\"logo\":{\"@type\":\"ImageObject\",\"inLanguage\":\"sv-SE\",\"@id\":\"https:\\\/\\\/johanno1.se\\\/sv\\\/#\\\/schema\\\/logo\\\/image\\\/\",\"url\":\"https:\\\/\\\/johanno1.se\\\/wp-content\\\/uploads\\\/2025\\\/03\\\/cropped-No1-Logo.png\",\"contentUrl\":\"https:\\\/\\\/johanno1.se\\\/wp-content\\\/uploads\\\/2025\\\/03\\\/cropped-No1-Logo.png\",\"width\":512,\"height\":512,\"caption\":\"Johan No. 1\"},\"image\":{\"@id\":\"https:\\\/\\\/johanno1.se\\\/sv\\\/#\\\/schema\\\/logo\\\/image\\\/\"}},{\"@type\":\"Person\",\"@id\":\"https:\\\/\\\/johanno1.se\\\/sv\\\/#\\\/schema\\\/person\\\/1dec165f070bde263b30eaf3c0a742e7\",\"name\":\"johan No.1\",\"image\":{\"@type\":\"ImageObject\",\"inLanguage\":\"sv-SE\",\"@id\":\"https:\\\/\\\/secure.gravatar.com\\\/avatar\\\/06f93864ed6b830e2782e60575fff112f1c61c52bb10b194131e0e333191695b?s=96&d=mm&r=g\",\"url\":\"https:\\\/\\\/secure.gravatar.com\\\/avatar\\\/06f93864ed6b830e2782e60575fff112f1c61c52bb10b194131e0e333191695b?s=96&d=mm&r=g\",\"contentUrl\":\"https:\\\/\\\/secure.gravatar.com\\\/avatar\\\/06f93864ed6b830e2782e60575fff112f1c61c52bb10b194131e0e333191695b?s=96&d=mm&r=g\",\"caption\":\"johan No.1\"},\"url\":\"https:\\\/\\\/johanno1.se\\\/sv\\\/author\\\/johan\\\/\"}]}<\/script>\n<!-- \/ Yoast SEO plugin. -->","yoast_head_json":{"title":"V\u00e4rlden daglig uppdatering 19 Januari 2025 -","robots":{"index":"index","follow":"follow","max-snippet":"max-snippet:-1","max-image-preview":"max-image-preview:large","max-video-preview":"max-video-preview:-1"},"canonical":"https:\/\/johanno1.se\/sv\/varlden-daglig-uppdatering-19-januari-2025\/","og_locale":"sv_SE","og_type":"article","og_title":"V\u00e4rlden daglig uppdatering 19 Januari 2025 -","og_description":"Under 2024 fick jag m\u00e5nga kommentarer att det b\u00e4sta Europa\/EU kunde g\u00f6ra var att sitta still i b\u00e5ten med Trump [&hellip;]","og_url":"https:\/\/johanno1.se\/sv\/varlden-daglig-uppdatering-19-januari-2025\/","og_site_name":"Johan No.1","article_published_time":"2026-01-19T06:01:00+00:00","article_modified_time":"2026-01-20T05:26:51+00:00","og_image":[{"width":828,"height":1115,"url":"https:\/\/johanno1.se\/wp-content\/uploads\/2026\/01\/1.-USA-leaks.jpg","type":"image\/jpeg"}],"author":"johan No.1","twitter_card":"summary_large_image","twitter_misc":{"Skriven av":"johan No.1","Ber\u00e4knad l\u00e4stid":"11 minuter"},"schema":{"@context":"https:\/\/schema.org","@graph":[{"@type":"Article","@id":"https:\/\/johanno1.se\/sv\/varlden-daglig-uppdatering-19-januari-2025\/#article","isPartOf":{"@id":"https:\/\/johanno1.se\/sv\/varlden-daglig-uppdatering-19-januari-2025\/"},"author":{"name":"johan No.1","@id":"https:\/\/johanno1.se\/sv\/#\/schema\/person\/1dec165f070bde263b30eaf3c0a742e7"},"headline":"V\u00e4rlden daglig uppdatering 19 Januari 2025","datePublished":"2026-01-19T06:01:00+00:00","dateModified":"2026-01-20T05:26:51+00:00","mainEntityOfPage":{"@id":"https:\/\/johanno1.se\/sv\/varlden-daglig-uppdatering-19-januari-2025\/"},"wordCount":2357,"commentCount":43,"publisher":{"@id":"https:\/\/johanno1.se\/sv\/#organization"},"image":{"@id":"https:\/\/johanno1.se\/sv\/varlden-daglig-uppdatering-19-januari-2025\/#primaryimage"},"thumbnailUrl":"https:\/\/johanno1.se\/wp-content\/uploads\/2026\/01\/1.-USA-leaks-760x1024.jpg","articleSection":["Kriget i Ukraina"],"inLanguage":"sv-SE","potentialAction":[{"@type":"CommentAction","name":"Comment","target":["https:\/\/johanno1.se\/sv\/varlden-daglig-uppdatering-19-januari-2025\/#respond"]}]},{"@type":"WebPage","@id":"https:\/\/johanno1.se\/sv\/varlden-daglig-uppdatering-19-januari-2025\/","url":"https:\/\/johanno1.se\/sv\/varlden-daglig-uppdatering-19-januari-2025\/","name":"V\u00e4rlden daglig uppdatering 19 Januari 2025 -","isPartOf":{"@id":"https:\/\/johanno1.se\/sv\/#website"},"primaryImageOfPage":{"@id":"https:\/\/johanno1.se\/sv\/varlden-daglig-uppdatering-19-januari-2025\/#primaryimage"},"image":{"@id":"https:\/\/johanno1.se\/sv\/varlden-daglig-uppdatering-19-januari-2025\/#primaryimage"},"thumbnailUrl":"https:\/\/johanno1.se\/wp-content\/uploads\/2026\/01\/1.-USA-leaks-760x1024.jpg","datePublished":"2026-01-19T06:01:00+00:00","dateModified":"2026-01-20T05:26:51+00:00","breadcrumb":{"@id":"https:\/\/johanno1.se\/sv\/varlden-daglig-uppdatering-19-januari-2025\/#breadcrumb"},"inLanguage":"sv-SE","potentialAction":[{"@type":"ReadAction","target":["https:\/\/johanno1.se\/sv\/varlden-daglig-uppdatering-19-januari-2025\/"]}]},{"@type":"ImageObject","inLanguage":"sv-SE","@id":"https:\/\/johanno1.se\/sv\/varlden-daglig-uppdatering-19-januari-2025\/#primaryimage","url":"https:\/\/johanno1.se\/wp-content\/uploads\/2026\/01\/1.-USA-leaks-760x1024.jpg","contentUrl":"https:\/\/johanno1.se\/wp-content\/uploads\/2026\/01\/1.-USA-leaks-760x1024.jpg"},{"@type":"BreadcrumbList","@id":"https:\/\/johanno1.se\/sv\/varlden-daglig-uppdatering-19-januari-2025\/#breadcrumb","itemListElement":[{"@type":"ListItem","position":1,"name":"Hem","item":"https:\/\/johanno1.se\/sv\/"},{"@type":"ListItem","position":2,"name":"V\u00e4rlden daglig uppdatering 19 Januari 2025"}]},{"@type":"WebSite","@id":"https:\/\/johanno1.se\/sv\/#website","url":"https:\/\/johanno1.se\/sv\/","name":"Johan No.1","description":"Kriget i Ukraina - V\u00e4rldsledande omv\u00e4rldsanalys fr\u00e5n Svensksund till den ryska brakf\u00f6rlusten i Ukraina","publisher":{"@id":"https:\/\/johanno1.se\/sv\/#organization"},"potentialAction":[{"@type":"SearchAction","target":{"@type":"EntryPoint","urlTemplate":"https:\/\/johanno1.se\/sv\/?s={search_term_string}"},"query-input":{"@type":"PropertyValueSpecification","valueRequired":true,"valueName":"search_term_string"}}],"inLanguage":"sv-SE"},{"@type":"Organization","@id":"https:\/\/johanno1.se\/sv\/#organization","name":"Johan No. 1","url":"https:\/\/johanno1.se\/sv\/","logo":{"@type":"ImageObject","inLanguage":"sv-SE","@id":"https:\/\/johanno1.se\/sv\/#\/schema\/logo\/image\/","url":"https:\/\/johanno1.se\/wp-content\/uploads\/2025\/03\/cropped-No1-Logo.png","contentUrl":"https:\/\/johanno1.se\/wp-content\/uploads\/2025\/03\/cropped-No1-Logo.png","width":512,"height":512,"caption":"Johan No. 1"},"image":{"@id":"https:\/\/johanno1.se\/sv\/#\/schema\/logo\/image\/"}},{"@type":"Person","@id":"https:\/\/johanno1.se\/sv\/#\/schema\/person\/1dec165f070bde263b30eaf3c0a742e7","name":"johan No.1","image":{"@type":"ImageObject","inLanguage":"sv-SE","@id":"https:\/\/secure.gravatar.com\/avatar\/06f93864ed6b830e2782e60575fff112f1c61c52bb10b194131e0e333191695b?s=96&d=mm&r=g","url":"https:\/\/secure.gravatar.com\/avatar\/06f93864ed6b830e2782e60575fff112f1c61c52bb10b194131e0e333191695b?s=96&d=mm&r=g","contentUrl":"https:\/\/secure.gravatar.com\/avatar\/06f93864ed6b830e2782e60575fff112f1c61c52bb10b194131e0e333191695b?s=96&d=mm&r=g","caption":"johan No.1"},"url":"https:\/\/johanno1.se\/sv\/author\/johan\/"}]}},"_links":{"self":[{"href":"https:\/\/johanno1.se\/sv\/wp-json\/wp\/v2\/posts\/3858","targetHints":{"allow":["GET"]}}],"collection":[{"href":"https:\/\/johanno1.se\/sv\/wp-json\/wp\/v2\/posts"}],"about":[{"href":"https:\/\/johanno1.se\/sv\/wp-json\/wp\/v2\/types\/post"}],"author":[{"embeddable":true,"href":"https:\/\/johanno1.se\/sv\/wp-json\/wp\/v2\/users\/3"}],"replies":[{"embeddable":true,"href":"https:\/\/johanno1.se\/sv\/wp-json\/wp\/v2\/comments?post=3858"}],"version-history":[{"count":1,"href":"https:\/\/johanno1.se\/sv\/wp-json\/wp\/v2\/posts\/3858\/revisions"}],"predecessor-version":[{"id":3862,"href":"https:\/\/johanno1.se\/sv\/wp-json\/wp\/v2\/posts\/3858\/revisions\/3862"}],"wp:attachment":[{"href":"https:\/\/johanno1.se\/sv\/wp-json\/wp\/v2\/media?parent=3858"}],"wp:term":[{"taxonomy":"category","embeddable":true,"href":"https:\/\/johanno1.se\/sv\/wp-json\/wp\/v2\/categories?post=3858"},{"taxonomy":"post_tag","embeddable":true,"href":"https:\/\/johanno1.se\/sv\/wp-json\/wp\/v2\/tags?post=3858"}],"curies":[{"name":"wp","href":"https:\/\/api.w.org\/{rel}","templated":true}]}}