{"id":3867,"date":"2026-01-20T07:01:00","date_gmt":"2026-01-20T06:01:00","guid":{"rendered":"https:\/\/johanno1.se\/?p=3867"},"modified":"2026-01-21T06:21:35","modified_gmt":"2026-01-21T05:21:35","slug":"trump-kastade-kurderna-under-bussen-20-januari-2025","status":"publish","type":"post","link":"https:\/\/johanno1.se\/sv\/trump-kastade-kurderna-under-bussen-20-januari-2025\/","title":{"rendered":"Trump kastade kurderna under bussen 20 Januari 2025"},"content":{"rendered":"\n<p>Jag \u00e4r lite i shock \u00f6ver att USA\/Trump kastade kurderna under bussen \u2013 jag postade en del notiser p\u00e5 Bluesky och Substack men inte innan ig\u00e5r stod det klart f\u00f6r mig att det som h\u00e4nde var att n\u00e4r kurderna ringde efter USA flygunderst\u00f6d tutade det bara upptaget, och det visste dom inte innan.<\/p>\n\n\n\n<p>N\u00e4r dom h\u00e4r kampanjerna drar ig\u00e5ng \u00e4r det kilometerl\u00e5nga kolonner av pickups \u00f6verlastade med soldater &#8211; mycket enkla m\u00e5l fr\u00e5n luften s\u00e5 USA hade p\u00e5 tv\u00e5 dagar kunnat neutralisera anfallande styrka som dom bist\u00e5tt med tidigare.<\/p>\n\n\n\n<p>Vi har alla sett hur kurderna blev anfallna fr\u00e5n Syrien och Turkiet, och att grupper inom deras egna omr\u00e5den samtidigt tog till vapen mot dom \u2013 v\u00e4lplanerat och v\u00e4lkoordinerat, och f\u00f6rmodligen planerat sedan vapnen sist tystnade.<\/p>\n\n\n\n<p>N\u00e5gon har sagt att mellan\u00f6stern bara \u00e4r en enda l\u00e5ng l\u00e5gintensiv etnisk rensning som blossar upp med j\u00e4mna mellanrum \u2013 till del har dom r\u00e4tt men mellan\u00f6stern var ocks\u00e5 v\u00e4l fungerande efter WW2 med undantag f\u00f6r Israel-Palestinakonflikten.<\/p>\n\n\n\n<p>Kurderna har visat mycket stor vilja till att uppr\u00e4tth\u00e5lla ett i omr\u00e5det ganska unikt styre d\u00e4r dom tagit p\u00e5 sig rollen som beskyddare och anstr\u00e4nger sig f\u00f6r att f\u00f6lja internationella etablerade r\u00e4ttsprinciper och inte glida \u00f6ver i v\u00e5ldsamma folkmord.<\/p>\n\n\n\n<p>I det bredare konfliktomr\u00e5det har kurderna f\u00f6rs\u00f6kt etablera autonomi i norra Syrien, norra Irak och S\u00d6 Turkiet.<\/p>\n\n\n\n<p>Nu senast n\u00e4r Ahmed Al Sharaas (nytt namn tydligen) rebellergrupper tog \u00f6ver Syrien i en blixtoffensiv och Assad flydde till Moskva var det kurderna som tog p\u00e5 sig rollen som beskyddare i de omr\u00e5den dom kontrollerade.<\/p>\n\n\n\n<p>F\u00f6r r\u00e4tt fort b\u00f6rjade Sharaas mosaik av grupper etniskt rensa ut de dom inte gillade och avr\u00e4tta dom.<\/p>\n\n\n\n<p>Israel fick skydda Druserna nere i SV Syrien.<\/p>\n\n\n\n<p>Alawiterna f\u00f6rst\u00e5r jag \u00e4n idag inte hur dom inte kunde bef\u00e4sta bergskedjan och kr\u00e4va kustomr\u00e5det \u2013 rebellerna hade aldrig kunnat ta sig igenom och det finns n\u00e5gra miljoner Alawiter som har v\u00e4lbev\u00e4pnade f\u00f6rsvarsgrupper med mycket moderna vapen.<\/p>\n\n\n\n<p>Bara det faktum att det \u00e4r fullt med ISIS f\u00e5ngar i kurdiska f\u00e4ngelser, som Sharaa nu direkt sl\u00e4pper ut, vittnar om att kurderna f\u00f6rs\u00f6ker f\u00f6lja en vettig r\u00e4ttsprincip.<\/p>\n\n\n\n<p>Dom har gjort allt r\u00e4tt sedan USA b\u00f6rjade sina krig i MENA p\u00e5 90-talet, allt.<\/p>\n\n\n\n<p>N\u00e4r USA skapade ISIS (ja det \u00e4r bekr\u00e4ftat l\u00e4s sj\u00e4lva hur dom bev\u00e4pnade moderata rebeller som formerade sig till ISIS) s\u00e5 anv\u00e4nde dom senare kurderna till att bek\u00e4mpa ISIS, dom fick fylla ut leden och ta f\u00f6rlusterna n\u00e4r amerikanska SOF stred mot ISIS.<\/p>\n\n\n\n<p>S\u00e5 vad har h\u00e4nt \u2013 varf\u00f6r har USA offrat kurderna f\u00f6r Sharaa?<\/p>\n\n\n\n<p>N\u00e4r dom f\u00e4llde Assad fick dom hj\u00e4lp av Israel och USA har jag f\u00f6r mig \u2013 det l\u00e5g l\u00e5ng planering bakom det och Sharaa fick direkt komma in i finrummen i Europa och USA efter l\u00f6ften om att sk\u00f6ta sig exemplariskt hur hans ord nu kan vara v\u00e4rt papperet det \u00e4r skrivet p\u00e5.<\/p>\n\n\n\n<p>Fine, Assad var mycket blodt\u00f6rstig och en vederv\u00e4rdig diktator men nu bytte man ut en m\u00f6rdare mot en annan m\u00f6rdare som inte \u00e4nnu helt f\u00e4llt ut sina vingar \u2013 vad han kan bli vet vi inte \u00e4nnu, men att han \u00e4r gammal Al Qaeda chef det vet vi.<\/p>\n\n\n\n<p>Jag trodde r\u00e4tt l\u00e4nge att Druser, Alawiter och kurder skulle f\u00e5 autonoma omr\u00e5den och sj\u00e4lvstyre som garanterades av USA och Europa. I fallet Syrien hade det varit det mest sansade och minst d\u00e5liga nu n\u00e4r det fanns ett tillf\u00e4lle till det.<\/p>\n\n\n\n<p>Israel f\u00f6rsvarade druserna, alawiterna borde ha klarat sig sj\u00e4lva och kurderna hade kortnummer till USA flygunderst\u00f6d.<\/p>\n\n\n\n<p>Kurdernas f\u00f6rsvarsstyrkor har 40% kvinnor och m\u00e5nga i spetsen i stridande f\u00f6rband \u2013 mer j\u00e4mlikhet f\u00e5r man n\u00e4stan leta efter och det i en region d\u00e4r j\u00e4mlikhet mellan k\u00f6nen har l\u00e5g prioritet.<\/p>\n\n\n\n<p>Dom har aldrig f\u00f6rs\u00f6kt ta chansen och er\u00f6vra Irak eller Syrien, dom ber om ett bergsomr\u00e5de i norra delen av Syrien och Irak och deras \u201dheart land\u201d \u00e4r otillg\u00e4ngliga berg ingen annan vill bo i.<\/p>\n\n\n\n<p>Efter att Assad flydde har jag inte f\u00f6ljt Syrien mer \u00e4n att Sharaa f\u00f6rs\u00f6kt sig p\u00e5 lite etnisk rensning som Israel och USA flygbombat bort n\u00e5gra g\u00e5nger.<\/p>\n\n\n\n<p>Spola fram till idag \u2013 vad i hela helskotta h\u00e4nde?<\/p>\n\n\n\n<p>Turkiet h\u00e4nde och ett gigantiskt felt\u00e4nk h\u00e4nde \u2013 Syrien m\u00e5ste vara intakt och ha en USA v\u00e4nlig ledare \u00e4r rimligen s\u00e5 som diskussionerna har g\u00e5tt?<\/p>\n\n\n\n<p>Turkiet \u00e4r alltid redo att ge kurderna d\u00f6d \u2013 dom kommer f\u00f6r alltid f\u00f6rs\u00f6ka med det om det g\u00e5r och n\u00e5nstans har USA\/Trump kommunicerat med Turkiet i detta det \u00e4r jag r\u00e4tt s\u00e4ker p\u00e5.<\/p>\n\n\n\n<p>Ist\u00e4llet f\u00f6r att dela upp Syrien i fyra (4) omr\u00e5den \u2013 alawiter, druser, Sharaas administration och kurderna s\u00e5 valde tydligen USA att l\u00e5ta Sharaa f\u00e5 hela kakan.<\/p>\n\n\n\n<p>Han har redan sedan Assad flydde visat vilja att etniskt rensa bort motst\u00e5nd, i denna attack anv\u00e4nde han ISIS grupperingar mot kurderna och han befriar alla ISIS han kommer \u00e5t som kurderna f\u00e4ngslat \u2013 vad mer beh\u00f6ver vi veta?<\/p>\n\n\n\n<p>S\u00e5 vad \u00e4r avtalet kurderna m\u00e5ste g\u00e5 med p\u00e5 som kommunicerats av USA?<\/p>\n\n\n\n<p>Jo, att dom ger upp autnomin i sina omr\u00e5den i hela Syrien och att deras f\u00f6rsvarsstyrkor avv\u00e4pnas \u2013 japp ni h\u00f6rde r\u00e4tt.<\/p>\n\n\n\n<p>Dom ville ha kvar sina f\u00f6rsvarsstyrkor intakta men nu m\u00e5ste dom ing\u00e5 i syriska arm\u00e9n och\/eller avv\u00e4pnas vilket i f\u00f6rl\u00e4ngningen betyder avv\u00e4pnas.<\/p>\n\n\n\n<p>Om max ett \u00e5r kommer Salani ha f\u00f6rberett n\u00e4sta etniska rensning av kurderna tillsammans med Turkiet.<\/p>\n\n\n\n<p>USA f\u00f6rr\u00e4deri mot deras l\u00e4ngsta allierade i MENA som varit dom lojala som en border collie \u00e4r mycket uppseendev\u00e4ckande \u2013 f\u00f6r \u00e4r man utan att blinka beredda att kasta dom under bussen s\u00e5 \u00e4r ju fr\u00e5gan vad andra allianser betyder f\u00f6r USA.<\/p>\n\n\n\n<p>Det verkar som Saudi Arabien ocks\u00e5 \u00e4r med p\u00e5 ett h\u00f6rn och ville detta men jag har inte hela bilden klar f\u00f6r mig annat \u00e4n att kurderna \u00e4r f\u00f6rr\u00e5dda och st\u00e5r ensamma, fattas bara att Irak b\u00f6rjar n\u00e5n framryckning ocks\u00e5&#8230;<\/p>\n\n\n\n<p>Det h\u00e4r tog h\u00e5rt p\u00e5 mig \u2013 jag har l\u00e4nge k\u00e4nt f\u00f6r kurderna d\u00e5 dom precis som Ukraina f\u00f6r en r\u00e4ttf\u00e4rdigad och svart-vit befrielsekamp d\u00e4r dom med h\u00e4stl\u00e4ngder \u00e4r det minst d\u00e5liga alternativet i omr\u00e5det.<\/p>\n\n\n\n<p>Varf\u00f6r Israel g\u00e5tt med p\u00e5 detta vet jag inte heller men jag gissar att USA\/Trump lovat att klippa Iran om dom inte l\u00e4gger sig i Syrien, n\u00e5t s\u00e5nt.<\/p>\n\n\n\n<p>F\u00f6r Israel f\u00f6rsvarar Druserna och det \u00e4r helt om\u00f6jligt att dom inte ser kurderna som allierade i omr\u00e5det.<\/p>\n\n\n\n<p>Om ni tycker att Gr\u00f6nland \u00e4r lite off, h\u00e4r har ni en geopolitisk atombomb som just sm\u00e4llt av och det b\u00f6r ha l\u00e4mnat alla USAs allierade med magont och fr\u00e5gan \u2013 vart \u00e4r USA p\u00e5 v\u00e4g.<\/p>\n\n\n\n<p>USA har b\u00f6rjat visa samma tendenser som under kalla kriget n\u00e4r l\u00e4nder som fick demokratiska ledare b\u00f6rjade bli stabila och v\u00e4l fungerande \u2013 D\u00c5 gick USA in och krigade s\u00f6nder dom i proxy krig, st\u00f6dde gerillor, skapade gerillor eller fick andra l\u00e4nder att b\u00f6rja destabilisera dom.<\/p>\n\n\n\n<p>Jag gissar att ungef\u00e4r h\u00e4r kommer det g\u00e4ng som tycker jag kritiserar USA och Trump f\u00f6r mycket att tystna f\u00f6r ingen normalt fungerande m\u00e4nniska kan se n\u00e5gon logik i att kasta kurderna under bussen och ge ett land till Al Qaida.<\/p>\n\n\n\n<p>Skall man vara v\u00e4ldigt cynisk s\u00e5 har USA precis lagt upp serven f\u00f6r att totalt destabilisera MENA (igen&#8230;) s\u00e5 dom skall kunna s\u00e4lja skydd till femdubbla priset (igen&#8230;) n\u00e4r Sharaas regim i Syrien g\u00e5r och blir ett nytt ISIS.<\/p>\n\n\n\n<p>Nu \u00e4r inte sista ordet sagt f\u00f6r kurderna \u00e4r inte dummare \u00e4n att dom f\u00f6rst\u00e5r vad som h\u00e4nder om dom demilitariserar sig men med 40% kvinnliga soldater och den h\u00e4r typen av \u00f6verk\u00f6rda f\u00f6rband kan ni v\u00e4l gissa vad som h\u00e4nder n\u00e4r gamla ISIS soldater tillf\u00e5ngatar dom \u2013 USA har precis gr\u00f6nljusat en massaker p\u00e5 kvinnor.<\/p>\n\n\n\n<p>Iran \u00e4r f\u00f6r tidigt att diskutera \u2013 det verkar som USA\/Israel bygger upp f\u00f6r en intervention och det som nu kommer ut \u00e4r inte alls 5000st d\u00f6da som regimen erk\u00e4nner utan det tiodubbla med hundratusentals s\u00e5rade. \u00c4ven organisationer som Human Rights Watch talar i termer om massaker nu.<\/p>\n\n\n\n<p>De enda som inte sagt n\u00e5gonting \u00e4r pro-Palestina g\u00e4nget men dom kanske f\u00f6rbereder ett v\u00e4ldigt bra uttalande som tar tid.<\/p>\n\n\n\n<p>En internationell intervention \u00e4r fullt ber\u00e4ttigad och fr\u00e5n vad som sker s\u00e5 verkar det byggas upp mot det.<\/p>\n\n\n\n<p>F\u00f6rhoppningen \u00e4r v\u00e4l att ett fritt Iran ser kurderna som allierade men det kan v\u00e4l g\u00e5 precis hursomhelst \u2013 t\u00e4nk om Iran skulle kunna avst\u00e5 det omr\u00e5de som befolkas av kurder i NV Iran?<\/p>\n\n\n\n<p>Jag f\u00e5r den distinkta k\u00e4nslan att ett helt g\u00e4ng konflikter \u00f6ver v\u00e4rlden redan \u00e4r inplanerade, och att det som h\u00e4nder har haft l\u00e5ng ledtid.<\/p>\n\n\n\n<p>Europa \u00e4r f\u00f6rmodligen de enda som h\u00e5llits utanf\u00f6r dessa diskussioner men nu har Turkiet f\u00e5tt det dom ville ha, Ryssland eskalerar, USA eskalerar och alla v\u00e4ntar p\u00e5 vad Kina anser sig ha r\u00e4tt till och en kvalificerad gissning \u00e4r naturligtvis Taiwan.<\/p>\n\n\n\n<p>Kan vi inte l\u00e5ta Kurdistan och Taiwan g\u00e5 med i EU?<\/p>\n\n\n\n<p>N\u00e4st b\u00e4st \u00e4r om Ukraina med Europas goda minne ger kurderna ett vettigt dr\u00f6narvapen.<\/p>\n","protected":false},"excerpt":{"rendered":"<p>Jag \u00e4r lite i shock \u00f6ver att USA\/Trump kastade kurderna under bussen \u2013 jag postade en del notiser p\u00e5 Bluesky [&hellip;]<\/p>\n","protected":false},"author":3,"featured_media":0,"comment_status":"open","ping_status":"open","sticky":false,"template":"","format":"standard","meta":{"site-sidebar-layout":"default","site-content-layout":"","ast-site-content-layout":"default","site-content-style":"default","site-sidebar-style":"default","ast-global-header-display":"","ast-banner-title-visibility":"","ast-main-header-display":"","ast-hfb-above-header-display":"","ast-hfb-below-header-display":"","ast-hfb-mobile-header-display":"","site-post-title":"","ast-breadcrumbs-content":"","ast-featured-img":"","footer-sml-layout":"","ast-disable-related-posts":"","theme-transparent-header-meta":"","adv-header-id-meta":"","stick-header-meta":"","header-above-stick-meta":"","header-main-stick-meta":"","header-below-stick-meta":"","astra-migrate-meta-layouts":"default","ast-page-background-enabled":"default","ast-page-background-meta":{"desktop":{"background-color":"var(--ast-global-color-4)","background-image":"","background-repeat":"repeat","background-position":"center center","background-size":"auto","background-attachment":"scroll","background-type":"","background-media":"","overlay-type":"","overlay-color":"","overlay-opacity":"","overlay-gradient":""},"tablet":{"background-color":"","background-image":"","background-repeat":"repeat","background-position":"center center","background-size":"auto","background-attachment":"scroll","background-type":"","background-media":"","overlay-type":"","overlay-color":"","overlay-opacity":"","overlay-gradient":""},"mobile":{"background-color":"","background-image":"","background-repeat":"repeat","background-position":"center center","background-size":"auto","background-attachment":"scroll","background-type":"","background-media":"","overlay-type":"","overlay-color":"","overlay-opacity":"","overlay-gradient":""}},"ast-content-background-meta":{"desktop":{"background-color":"var(--ast-global-color-5)","background-image":"","background-repeat":"repeat","background-position":"center center","background-size":"auto","background-attachment":"scroll","background-type":"","background-media":"","overlay-type":"","overlay-color":"","overlay-opacity":"","overlay-gradient":""},"tablet":{"background-color":"var(--ast-global-color-5)","background-image":"","background-repeat":"repeat","background-position":"center center","background-size":"auto","background-attachment":"scroll","background-type":"","background-media":"","overlay-type":"","overlay-color":"","overlay-opacity":"","overlay-gradient":""},"mobile":{"background-color":"var(--ast-global-color-5)","background-image":"","background-repeat":"repeat","background-position":"center center","background-size":"auto","background-attachment":"scroll","background-type":"","background-media":"","overlay-type":"","overlay-color":"","overlay-opacity":"","overlay-gradient":""}},"footnotes":""},"categories":[18],"tags":[],"class_list":["post-3867","post","type-post","status-publish","format-standard","hentry","category-ukraina"],"yoast_head":"<!-- This site is optimized with the Yoast SEO plugin v27.5 - https:\/\/yoast.com\/product\/yoast-seo-wordpress\/ -->\n<title>Trump kastade kurderna under bussen 20 Januari 2025 -<\/title>\n<meta name=\"robots\" content=\"index, follow, max-snippet:-1, max-image-preview:large, max-video-preview:-1\" \/>\n<link rel=\"canonical\" href=\"https:\/\/johanno1.se\/sv\/trump-kastade-kurderna-under-bussen-20-januari-2025\/\" \/>\n<meta property=\"og:locale\" content=\"sv_SE\" \/>\n<meta property=\"og:type\" content=\"article\" \/>\n<meta property=\"og:title\" content=\"Trump kastade kurderna under bussen 20 Januari 2025 -\" \/>\n<meta property=\"og:description\" content=\"Jag \u00e4r lite i shock \u00f6ver att USA\/Trump kastade kurderna under bussen \u2013 jag postade en del notiser p\u00e5 Bluesky [&hellip;]\" \/>\n<meta property=\"og:url\" content=\"https:\/\/johanno1.se\/sv\/trump-kastade-kurderna-under-bussen-20-januari-2025\/\" \/>\n<meta property=\"og:site_name\" content=\"Johan No.1\" \/>\n<meta property=\"article:published_time\" content=\"2026-01-20T06:01:00+00:00\" \/>\n<meta property=\"article:modified_time\" content=\"2026-01-21T05:21:35+00:00\" \/>\n<meta name=\"author\" content=\"johan No.1\" \/>\n<meta name=\"twitter:card\" content=\"summary_large_image\" \/>\n<meta name=\"twitter:label1\" content=\"Skriven av\" \/>\n\t<meta name=\"twitter:data1\" content=\"johan No.1\" \/>\n\t<meta name=\"twitter:label2\" content=\"Ber\u00e4knad l\u00e4stid\" \/>\n\t<meta name=\"twitter:data2\" content=\"8 minuter\" \/>\n<script type=\"application\/ld+json\" class=\"yoast-schema-graph\">{\"@context\":\"https:\\\/\\\/schema.org\",\"@graph\":[{\"@type\":\"Article\",\"@id\":\"https:\\\/\\\/johanno1.se\\\/sv\\\/trump-kastade-kurderna-under-bussen-20-januari-2025\\\/#article\",\"isPartOf\":{\"@id\":\"https:\\\/\\\/johanno1.se\\\/sv\\\/trump-kastade-kurderna-under-bussen-20-januari-2025\\\/\"},\"author\":{\"name\":\"johan No.1\",\"@id\":\"https:\\\/\\\/johanno1.se\\\/sv\\\/#\\\/schema\\\/person\\\/1dec165f070bde263b30eaf3c0a742e7\"},\"headline\":\"Trump kastade kurderna under bussen 20 Januari 2025\",\"datePublished\":\"2026-01-20T06:01:00+00:00\",\"dateModified\":\"2026-01-21T05:21:35+00:00\",\"mainEntityOfPage\":{\"@id\":\"https:\\\/\\\/johanno1.se\\\/sv\\\/trump-kastade-kurderna-under-bussen-20-januari-2025\\\/\"},\"wordCount\":1717,\"commentCount\":34,\"publisher\":{\"@id\":\"https:\\\/\\\/johanno1.se\\\/sv\\\/#organization\"},\"articleSection\":[\"Kriget i Ukraina\"],\"inLanguage\":\"sv-SE\",\"potentialAction\":[{\"@type\":\"CommentAction\",\"name\":\"Comment\",\"target\":[\"https:\\\/\\\/johanno1.se\\\/sv\\\/trump-kastade-kurderna-under-bussen-20-januari-2025\\\/#respond\"]}]},{\"@type\":\"WebPage\",\"@id\":\"https:\\\/\\\/johanno1.se\\\/sv\\\/trump-kastade-kurderna-under-bussen-20-januari-2025\\\/\",\"url\":\"https:\\\/\\\/johanno1.se\\\/sv\\\/trump-kastade-kurderna-under-bussen-20-januari-2025\\\/\",\"name\":\"Trump kastade kurderna under bussen 20 Januari 2025 -\",\"isPartOf\":{\"@id\":\"https:\\\/\\\/johanno1.se\\\/sv\\\/#website\"},\"datePublished\":\"2026-01-20T06:01:00+00:00\",\"dateModified\":\"2026-01-21T05:21:35+00:00\",\"breadcrumb\":{\"@id\":\"https:\\\/\\\/johanno1.se\\\/sv\\\/trump-kastade-kurderna-under-bussen-20-januari-2025\\\/#breadcrumb\"},\"inLanguage\":\"sv-SE\",\"potentialAction\":[{\"@type\":\"ReadAction\",\"target\":[\"https:\\\/\\\/johanno1.se\\\/sv\\\/trump-kastade-kurderna-under-bussen-20-januari-2025\\\/\"]}]},{\"@type\":\"BreadcrumbList\",\"@id\":\"https:\\\/\\\/johanno1.se\\\/sv\\\/trump-kastade-kurderna-under-bussen-20-januari-2025\\\/#breadcrumb\",\"itemListElement\":[{\"@type\":\"ListItem\",\"position\":1,\"name\":\"Hem\",\"item\":\"https:\\\/\\\/johanno1.se\\\/sv\\\/\"},{\"@type\":\"ListItem\",\"position\":2,\"name\":\"Trump kastade kurderna under bussen 20 Januari 2025\"}]},{\"@type\":\"WebSite\",\"@id\":\"https:\\\/\\\/johanno1.se\\\/sv\\\/#website\",\"url\":\"https:\\\/\\\/johanno1.se\\\/sv\\\/\",\"name\":\"Johan No.1\",\"description\":\"Kriget i Ukraina - V\u00e4rldsledande omv\u00e4rldsanalys fr\u00e5n Svensksund till den ryska brakf\u00f6rlusten i Ukraina\",\"publisher\":{\"@id\":\"https:\\\/\\\/johanno1.se\\\/sv\\\/#organization\"},\"potentialAction\":[{\"@type\":\"SearchAction\",\"target\":{\"@type\":\"EntryPoint\",\"urlTemplate\":\"https:\\\/\\\/johanno1.se\\\/sv\\\/?s={search_term_string}\"},\"query-input\":{\"@type\":\"PropertyValueSpecification\",\"valueRequired\":true,\"valueName\":\"search_term_string\"}}],\"inLanguage\":\"sv-SE\"},{\"@type\":\"Organization\",\"@id\":\"https:\\\/\\\/johanno1.se\\\/sv\\\/#organization\",\"name\":\"Johan No. 1\",\"url\":\"https:\\\/\\\/johanno1.se\\\/sv\\\/\",\"logo\":{\"@type\":\"ImageObject\",\"inLanguage\":\"sv-SE\",\"@id\":\"https:\\\/\\\/johanno1.se\\\/sv\\\/#\\\/schema\\\/logo\\\/image\\\/\",\"url\":\"https:\\\/\\\/johanno1.se\\\/wp-content\\\/uploads\\\/2025\\\/03\\\/cropped-No1-Logo.png\",\"contentUrl\":\"https:\\\/\\\/johanno1.se\\\/wp-content\\\/uploads\\\/2025\\\/03\\\/cropped-No1-Logo.png\",\"width\":512,\"height\":512,\"caption\":\"Johan No. 1\"},\"image\":{\"@id\":\"https:\\\/\\\/johanno1.se\\\/sv\\\/#\\\/schema\\\/logo\\\/image\\\/\"}},{\"@type\":\"Person\",\"@id\":\"https:\\\/\\\/johanno1.se\\\/sv\\\/#\\\/schema\\\/person\\\/1dec165f070bde263b30eaf3c0a742e7\",\"name\":\"johan No.1\",\"image\":{\"@type\":\"ImageObject\",\"inLanguage\":\"sv-SE\",\"@id\":\"https:\\\/\\\/secure.gravatar.com\\\/avatar\\\/06f93864ed6b830e2782e60575fff112f1c61c52bb10b194131e0e333191695b?s=96&d=mm&r=g\",\"url\":\"https:\\\/\\\/secure.gravatar.com\\\/avatar\\\/06f93864ed6b830e2782e60575fff112f1c61c52bb10b194131e0e333191695b?s=96&d=mm&r=g\",\"contentUrl\":\"https:\\\/\\\/secure.gravatar.com\\\/avatar\\\/06f93864ed6b830e2782e60575fff112f1c61c52bb10b194131e0e333191695b?s=96&d=mm&r=g\",\"caption\":\"johan No.1\"},\"url\":\"https:\\\/\\\/johanno1.se\\\/sv\\\/author\\\/johan\\\/\"}]}<\/script>\n<!-- \/ Yoast SEO plugin. -->","yoast_head_json":{"title":"Trump kastade kurderna under bussen 20 Januari 2025 -","robots":{"index":"index","follow":"follow","max-snippet":"max-snippet:-1","max-image-preview":"max-image-preview:large","max-video-preview":"max-video-preview:-1"},"canonical":"https:\/\/johanno1.se\/sv\/trump-kastade-kurderna-under-bussen-20-januari-2025\/","og_locale":"sv_SE","og_type":"article","og_title":"Trump kastade kurderna under bussen 20 Januari 2025 -","og_description":"Jag \u00e4r lite i shock \u00f6ver att USA\/Trump kastade kurderna under bussen \u2013 jag postade en del notiser p\u00e5 Bluesky [&hellip;]","og_url":"https:\/\/johanno1.se\/sv\/trump-kastade-kurderna-under-bussen-20-januari-2025\/","og_site_name":"Johan No.1","article_published_time":"2026-01-20T06:01:00+00:00","article_modified_time":"2026-01-21T05:21:35+00:00","author":"johan No.1","twitter_card":"summary_large_image","twitter_misc":{"Skriven av":"johan No.1","Ber\u00e4knad l\u00e4stid":"8 minuter"},"schema":{"@context":"https:\/\/schema.org","@graph":[{"@type":"Article","@id":"https:\/\/johanno1.se\/sv\/trump-kastade-kurderna-under-bussen-20-januari-2025\/#article","isPartOf":{"@id":"https:\/\/johanno1.se\/sv\/trump-kastade-kurderna-under-bussen-20-januari-2025\/"},"author":{"name":"johan No.1","@id":"https:\/\/johanno1.se\/sv\/#\/schema\/person\/1dec165f070bde263b30eaf3c0a742e7"},"headline":"Trump kastade kurderna under bussen 20 Januari 2025","datePublished":"2026-01-20T06:01:00+00:00","dateModified":"2026-01-21T05:21:35+00:00","mainEntityOfPage":{"@id":"https:\/\/johanno1.se\/sv\/trump-kastade-kurderna-under-bussen-20-januari-2025\/"},"wordCount":1717,"commentCount":34,"publisher":{"@id":"https:\/\/johanno1.se\/sv\/#organization"},"articleSection":["Kriget i Ukraina"],"inLanguage":"sv-SE","potentialAction":[{"@type":"CommentAction","name":"Comment","target":["https:\/\/johanno1.se\/sv\/trump-kastade-kurderna-under-bussen-20-januari-2025\/#respond"]}]},{"@type":"WebPage","@id":"https:\/\/johanno1.se\/sv\/trump-kastade-kurderna-under-bussen-20-januari-2025\/","url":"https:\/\/johanno1.se\/sv\/trump-kastade-kurderna-under-bussen-20-januari-2025\/","name":"Trump kastade kurderna under bussen 20 Januari 2025 -","isPartOf":{"@id":"https:\/\/johanno1.se\/sv\/#website"},"datePublished":"2026-01-20T06:01:00+00:00","dateModified":"2026-01-21T05:21:35+00:00","breadcrumb":{"@id":"https:\/\/johanno1.se\/sv\/trump-kastade-kurderna-under-bussen-20-januari-2025\/#breadcrumb"},"inLanguage":"sv-SE","potentialAction":[{"@type":"ReadAction","target":["https:\/\/johanno1.se\/sv\/trump-kastade-kurderna-under-bussen-20-januari-2025\/"]}]},{"@type":"BreadcrumbList","@id":"https:\/\/johanno1.se\/sv\/trump-kastade-kurderna-under-bussen-20-januari-2025\/#breadcrumb","itemListElement":[{"@type":"ListItem","position":1,"name":"Hem","item":"https:\/\/johanno1.se\/sv\/"},{"@type":"ListItem","position":2,"name":"Trump kastade kurderna under bussen 20 Januari 2025"}]},{"@type":"WebSite","@id":"https:\/\/johanno1.se\/sv\/#website","url":"https:\/\/johanno1.se\/sv\/","name":"Johan No.1","description":"Kriget i Ukraina - V\u00e4rldsledande omv\u00e4rldsanalys fr\u00e5n Svensksund till den ryska brakf\u00f6rlusten i Ukraina","publisher":{"@id":"https:\/\/johanno1.se\/sv\/#organization"},"potentialAction":[{"@type":"SearchAction","target":{"@type":"EntryPoint","urlTemplate":"https:\/\/johanno1.se\/sv\/?s={search_term_string}"},"query-input":{"@type":"PropertyValueSpecification","valueRequired":true,"valueName":"search_term_string"}}],"inLanguage":"sv-SE"},{"@type":"Organization","@id":"https:\/\/johanno1.se\/sv\/#organization","name":"Johan No. 1","url":"https:\/\/johanno1.se\/sv\/","logo":{"@type":"ImageObject","inLanguage":"sv-SE","@id":"https:\/\/johanno1.se\/sv\/#\/schema\/logo\/image\/","url":"https:\/\/johanno1.se\/wp-content\/uploads\/2025\/03\/cropped-No1-Logo.png","contentUrl":"https:\/\/johanno1.se\/wp-content\/uploads\/2025\/03\/cropped-No1-Logo.png","width":512,"height":512,"caption":"Johan No. 1"},"image":{"@id":"https:\/\/johanno1.se\/sv\/#\/schema\/logo\/image\/"}},{"@type":"Person","@id":"https:\/\/johanno1.se\/sv\/#\/schema\/person\/1dec165f070bde263b30eaf3c0a742e7","name":"johan No.1","image":{"@type":"ImageObject","inLanguage":"sv-SE","@id":"https:\/\/secure.gravatar.com\/avatar\/06f93864ed6b830e2782e60575fff112f1c61c52bb10b194131e0e333191695b?s=96&d=mm&r=g","url":"https:\/\/secure.gravatar.com\/avatar\/06f93864ed6b830e2782e60575fff112f1c61c52bb10b194131e0e333191695b?s=96&d=mm&r=g","contentUrl":"https:\/\/secure.gravatar.com\/avatar\/06f93864ed6b830e2782e60575fff112f1c61c52bb10b194131e0e333191695b?s=96&d=mm&r=g","caption":"johan No.1"},"url":"https:\/\/johanno1.se\/sv\/author\/johan\/"}]}},"_links":{"self":[{"href":"https:\/\/johanno1.se\/sv\/wp-json\/wp\/v2\/posts\/3867","targetHints":{"allow":["GET"]}}],"collection":[{"href":"https:\/\/johanno1.se\/sv\/wp-json\/wp\/v2\/posts"}],"about":[{"href":"https:\/\/johanno1.se\/sv\/wp-json\/wp\/v2\/types\/post"}],"author":[{"embeddable":true,"href":"https:\/\/johanno1.se\/sv\/wp-json\/wp\/v2\/users\/3"}],"replies":[{"embeddable":true,"href":"https:\/\/johanno1.se\/sv\/wp-json\/wp\/v2\/comments?post=3867"}],"version-history":[{"count":1,"href":"https:\/\/johanno1.se\/sv\/wp-json\/wp\/v2\/posts\/3867\/revisions"}],"predecessor-version":[{"id":3868,"href":"https:\/\/johanno1.se\/sv\/wp-json\/wp\/v2\/posts\/3867\/revisions\/3868"}],"wp:attachment":[{"href":"https:\/\/johanno1.se\/sv\/wp-json\/wp\/v2\/media?parent=3867"}],"wp:term":[{"taxonomy":"category","embeddable":true,"href":"https:\/\/johanno1.se\/sv\/wp-json\/wp\/v2\/categories?post=3867"},{"taxonomy":"post_tag","embeddable":true,"href":"https:\/\/johanno1.se\/sv\/wp-json\/wp\/v2\/tags?post=3867"}],"curies":[{"name":"wp","href":"https:\/\/api.w.org\/{rel}","templated":true}]}}