{"id":3881,"date":"2026-01-22T07:01:00","date_gmt":"2026-01-22T06:01:00","guid":{"rendered":"https:\/\/johanno1.se\/?p=3881"},"modified":"2026-01-23T06:45:19","modified_gmt":"2026-01-23T05:45:19","slug":"kobane-belagrat-22-januari-2026","status":"publish","type":"post","link":"https:\/\/johanno1.se\/sv\/kobane-belagrat-22-januari-2026\/","title":{"rendered":"Kobane bel\u00e4grat 22 Januari 2026"},"content":{"rendered":"\n<p>Viss katastrof-varning h\u00e4r &#8211;<\/p>\n\n\n\n<p>Kurderna k\u00e4mpar nu om Kobane, googla det \u2013 Rojava h\u00e5ller p\u00e5 att falla.<\/p>\n\n\n\n<p>Det kryllar av filmer p\u00e5 julglada ISIS terrorister som tillf\u00e5ngatagit kvinnliga peshmergas som dom kommer sk\u00e4nda, tortera och m\u00f6rda.<\/p>\n\n\n\n<p>Precis som med Iran saknas demonstrationerna p\u00e5 v\u00e5ra gator och Palestinag\u00e4nget \u00e4r r\u00e4tt tysta \u2013 jag vet vad jag tycker om detta och g\u00e5ng p\u00e5 g\u00e5ng har vi f\u00e5tt bevisat f\u00f6r oss att dom inte har rent mj\u00f6l i p\u00e5sen. Inte f\u00f6r att fred i Gaza inte \u00e4r en hederv\u00e4rd sak f\u00f6r det \u00e4r det utan av den enkla anledningen att dom har Hamas, Hezbollah och ISIS sympatier i sina led. N\u00e4r kurder eller iransk opposition vill st\u00f6rta mullorna blir dom kn\u00e4pptysta.<\/p>\n\n\n\n<p>Faktum \u00e4r att i Stockholm hittade tv\u00e5 demonstrationer varandra och b\u00f6rjade sl\u00e5ss \u2013 propalestina och prokurderna \u2013 vad mer beh\u00f6ver ni se f\u00f6r att f\u00f6rst\u00e5 vilka som g\u00f6mmer sig i den goda saken f\u00f6r Palestina?<\/p>\n\n\n\n<p>V\u00e5r yngste milj\u00f6k\u00e4mpe och hon som rimmar p\u00e5 Gadd \u00e4r kn\u00e4pptysta och dom \u00e4r v\u00e5ra st\u00f6rsta mellan\u00f6sternmegafoner som st\u00e5r i f\u00f6rsta ledet.<\/p>\n\n\n\n<p>Turkiet n\u00e5dde fram till Trump och av all sk1t han gjort \u00e4r det h\u00e4r f\u00f6r mig det v\u00e4rsta f\u00f6r han har gr\u00f6nljusat en massaker utan att blinka som dessutom var helt on\u00f6dig.<\/p>\n\n\n\n<p>Kurderna \u00e4r MENA stabilaste och r\u00e4tts\u00e4kraste gruppering som varit absolut lojala med v\u00e4st \u2013 att kasta dom under bussen ser \u00e4ven gud.<\/p>\n\n\n\n<p>Detta massmord \u00e4r \u00e4nnu inte p\u00e5 n\u00e5gons radar av den enkla anledningen att oppositionsbildar-maskineriet inte dragit ig\u00e5ng \u00e4nnu \u2013 och ovan vet ni varf\u00f6r.<\/p>\n\n\n\n<p>Men det \u00e4r ocks\u00e5 ett ypperligt exempel p\u00e5 att Europa inte kan skydda sina v\u00e4nner n\u00e4r det beh\u00f6vs \u2013 f\u00f6r om USA backar ur skulle ju vi i Europa kunna bist\u00e5 med flyganfallen?<\/p>\n\n\n\n<p>Vi har satelliterna, vi har flyget som kan utg\u00e5 ifr\u00e5n baser i s\u00f6dra Europa, vi har lufttankningsplanen och det beh\u00f6vs inte mer \u00e4n 2-3 dagar av bombmattor f\u00f6r att lusten till massmord har g\u00e5tt ur ISIS terroristerna.<\/p>\n\n\n\n<p>Det \u00e4r Turkiet som leder detta \u2013 tro inget annat.<\/p>\n\n\n\n<p>Europa beh\u00f6ver b\u00f6rja skaffa sig f\u00f6rm\u00e5gan att bist\u00e5 l\u00e4nder som blir angripna i klar strid med internationell r\u00e4tt och den r\u00e4ttsordning vi s\u00e4ger oss st\u00e5 bakom \u2013 vi skulle naturligtvis ha f\u00f6rberett oss f\u00f6r att hj\u00e4lpa kurderna men med tanke p\u00e5 att det tog oss fyra \u00e5r att komma i ordning med Ukraina \u00e4r den sannolikheten l\u00e5g.<\/p>\n\n\n\n<p>Turkiet skall f\u00e5 sota f\u00f6r detta, jag slutar med kebab \ud83d\ude21<\/p>\n\n\n\n<p>Har ett inl\u00e4gg p\u00e5 g\u00e5ng om Davos men Macron ville att Kina skulle komma till oss ist\u00e4llet, l\u00f6sningen p\u00e5 ett d\u00e5ligt USA \u00e4r INTE Kina, vet inte om Macron kanske bara provocerade f\u00f6r han \u00e4r lite skolans retsticka som man blir helt galen p\u00e5 men hursomhelst d\u00e5ligt.<\/p>\n\n\n\n<p>Rojava \u00e4r \u00bc av kurdernas omr\u00e5den \u2013 dom finns i S\u00d6 Turkiet, i norra Irak och i NV Iran men eftersom Turkiet gick efter dom i Syrien \u00e4r det turkiska omr\u00e5det garanterat planerat att massutrotas.<\/p>\n\n\n\n<p>Och sen kanske Irak f\u00e5r feeling igen och g\u00e5r norrut?<\/p>\n\n\n\n<p>I MENA \u00e4r kurderna en p\u00e5litlig allierad som absolut st\u00e5r p\u00e5 r\u00e4tt sida historien.<\/p>\n\n\n\n<p>Bara det faktum att de flesta som l\u00e4ser mina inl\u00e4gg om kurderna inte \u00e4nnu f\u00e5tt upp det p\u00e5 sin radar \u00e4r s\u00e5 j\u00e4dra talande f\u00f6r vilka i MENA vi har hos oss \u2013 n\u00e4r Hamas f\u00e5r stryk fylls gatorna av demonstranter och 7 Oktober 2023 var det folkfest och jubel samma dag.<\/p>\n\n\n\n<p>N\u00e4r kurderna utpl\u00e5nas eller 300 000st Iranier skadskjuts ekar tystnaden. V\u00e5r media har v\u00e4l \u201dmellan\u00f6sternk\u00e4nnare\u201d som plockar in s\u00e5nt dom tycker media skall rapportera om och dom k\u00e4nner uppenbarligen inte f\u00f6r kurderna och iranierna.<\/p>\n\n\n\n<p>Jag glider in p\u00e5 anti-kurdiska poster p\u00e5 X och filmerna och bilderna \u00e4r fasansfulla.<\/p>\n\n\n\n<p>Nu tror jag inte att det blir s\u00e5 men OM USA f\u00e5r f\u00f6r sig att inte bist\u00e5 Iran med en flyginsats d\u00e5 ger jag n\u00e4stan upp hoppet.<\/p>\n\n\n\n<p>Jag tror att det beror p\u00e5 att Israel \u00e4r uppriktigt r\u00e4dda f\u00f6r den iranska vederg\u00e4llningen, deras iron-dome svajade bet\u00e4nkligt sist det begav sig.<\/p>\n\n\n\n<p>Men jag gissar att om regimen sakta faller s\u00e5 blir det sista dom g\u00f6r att regna robotar \u00f6ver Israel \u00e4nd\u00e5 \u2013 en snabb insats vore b\u00e4ttre f\u00f6r alla.<\/p>\n\n\n\n<p>Hursomhelst s\u00e5 \u00e4r vi allts\u00e5 tillbaka till ISIS och folkmord i Syrien, s\u00e5 fort regimen tagit \u00f6ver f\u00e4ngelser fr\u00e5n kurderna befrias tiotusentals ISSI terorrister och deras familjer \u2013 det h\u00e4r \u00e4r bland det mest ologiska jag sett senaste fyra \u00e5ren \u2013 man har gladligen gett allt tillbaka till ISIS som v\u00e4st tagit fr\u00e5n dom med en enorm anstr\u00e4ngning.<\/p>\n\n\n\n<p>Jag vet inte var Ryssland st\u00e5r i detta faktiskt, dom gillade Assad och USA bistod med att f\u00e4lla honom.<\/p>\n\n\n\n<p>Det v\u00e4rsta \u00e4r att det sker i det tysta, v\u00e4st har rullat runt och somnat om.<\/p>\n\n\n\n<p>Men hoppet \u00e4r inte helt f\u00f6rlorat \u2013 kurderna \u00e4r \u00e4ven dom bland v\u00e4rldens b\u00e4sta soldater och nu har dom tydligen ett vettigt dr\u00f6narvapen redan s\u00e5g jag \u2013 det v\u00e4ller in f\u00f6rst\u00e4rkningar in i Syrien just nu och sista ordet \u00e4r inte sagt i detta episka f\u00f6rr\u00e4deri \ud83d\ude21<\/p>\n","protected":false},"excerpt":{"rendered":"<p>Viss katastrof-varning h\u00e4r &#8211; Kurderna k\u00e4mpar nu om Kobane, googla det \u2013 Rojava h\u00e5ller p\u00e5 att falla. Det kryllar av [&hellip;]<\/p>\n","protected":false},"author":3,"featured_media":0,"comment_status":"open","ping_status":"open","sticky":false,"template":"","format":"standard","meta":{"site-sidebar-layout":"default","site-content-layout":"","ast-site-content-layout":"default","site-content-style":"default","site-sidebar-style":"default","ast-global-header-display":"","ast-banner-title-visibility":"","ast-main-header-display":"","ast-hfb-above-header-display":"","ast-hfb-below-header-display":"","ast-hfb-mobile-header-display":"","site-post-title":"","ast-breadcrumbs-content":"","ast-featured-img":"","footer-sml-layout":"","ast-disable-related-posts":"","theme-transparent-header-meta":"","adv-header-id-meta":"","stick-header-meta":"","header-above-stick-meta":"","header-main-stick-meta":"","header-below-stick-meta":"","astra-migrate-meta-layouts":"default","ast-page-background-enabled":"default","ast-page-background-meta":{"desktop":{"background-color":"var(--ast-global-color-4)","background-image":"","background-repeat":"repeat","background-position":"center center","background-size":"auto","background-attachment":"scroll","background-type":"","background-media":"","overlay-type":"","overlay-color":"","overlay-opacity":"","overlay-gradient":""},"tablet":{"background-color":"","background-image":"","background-repeat":"repeat","background-position":"center center","background-size":"auto","background-attachment":"scroll","background-type":"","background-media":"","overlay-type":"","overlay-color":"","overlay-opacity":"","overlay-gradient":""},"mobile":{"background-color":"","background-image":"","background-repeat":"repeat","background-position":"center center","background-size":"auto","background-attachment":"scroll","background-type":"","background-media":"","overlay-type":"","overlay-color":"","overlay-opacity":"","overlay-gradient":""}},"ast-content-background-meta":{"desktop":{"background-color":"var(--ast-global-color-5)","background-image":"","background-repeat":"repeat","background-position":"center center","background-size":"auto","background-attachment":"scroll","background-type":"","background-media":"","overlay-type":"","overlay-color":"","overlay-opacity":"","overlay-gradient":""},"tablet":{"background-color":"var(--ast-global-color-5)","background-image":"","background-repeat":"repeat","background-position":"center center","background-size":"auto","background-attachment":"scroll","background-type":"","background-media":"","overlay-type":"","overlay-color":"","overlay-opacity":"","overlay-gradient":""},"mobile":{"background-color":"var(--ast-global-color-5)","background-image":"","background-repeat":"repeat","background-position":"center center","background-size":"auto","background-attachment":"scroll","background-type":"","background-media":"","overlay-type":"","overlay-color":"","overlay-opacity":"","overlay-gradient":""}},"footnotes":""},"categories":[18],"tags":[],"class_list":["post-3881","post","type-post","status-publish","format-standard","hentry","category-ukraina"],"yoast_head":"<!-- This site is optimized with the Yoast SEO plugin v27.5 - https:\/\/yoast.com\/product\/yoast-seo-wordpress\/ -->\n<title>Kobane bel\u00e4grat 22 Januari 2026 -<\/title>\n<meta name=\"robots\" content=\"index, follow, max-snippet:-1, max-image-preview:large, max-video-preview:-1\" \/>\n<link rel=\"canonical\" href=\"https:\/\/johanno1.se\/sv\/kobane-belagrat-22-januari-2026\/\" \/>\n<meta property=\"og:locale\" content=\"sv_SE\" \/>\n<meta property=\"og:type\" content=\"article\" \/>\n<meta property=\"og:title\" content=\"Kobane bel\u00e4grat 22 Januari 2026 -\" \/>\n<meta property=\"og:description\" content=\"Viss katastrof-varning h\u00e4r &#8211; Kurderna k\u00e4mpar nu om Kobane, googla det \u2013 Rojava h\u00e5ller p\u00e5 att falla. Det kryllar av [&hellip;]\" \/>\n<meta property=\"og:url\" content=\"https:\/\/johanno1.se\/sv\/kobane-belagrat-22-januari-2026\/\" \/>\n<meta property=\"og:site_name\" content=\"Johan No.1\" \/>\n<meta property=\"article:published_time\" content=\"2026-01-22T06:01:00+00:00\" \/>\n<meta property=\"article:modified_time\" content=\"2026-01-23T05:45:19+00:00\" \/>\n<meta name=\"author\" content=\"johan No.1\" \/>\n<meta name=\"twitter:card\" content=\"summary_large_image\" \/>\n<meta name=\"twitter:label1\" content=\"Skriven av\" \/>\n\t<meta name=\"twitter:data1\" content=\"johan No.1\" \/>\n\t<meta name=\"twitter:label2\" content=\"Ber\u00e4knad l\u00e4stid\" \/>\n\t<meta name=\"twitter:data2\" content=\"5 minuter\" \/>\n<script type=\"application\/ld+json\" class=\"yoast-schema-graph\">{\"@context\":\"https:\\\/\\\/schema.org\",\"@graph\":[{\"@type\":\"Article\",\"@id\":\"https:\\\/\\\/johanno1.se\\\/sv\\\/kobane-belagrat-22-januari-2026\\\/#article\",\"isPartOf\":{\"@id\":\"https:\\\/\\\/johanno1.se\\\/sv\\\/kobane-belagrat-22-januari-2026\\\/\"},\"author\":{\"name\":\"johan No.1\",\"@id\":\"https:\\\/\\\/johanno1.se\\\/sv\\\/#\\\/schema\\\/person\\\/1dec165f070bde263b30eaf3c0a742e7\"},\"headline\":\"Kobane bel\u00e4grat 22 Januari 2026\",\"datePublished\":\"2026-01-22T06:01:00+00:00\",\"dateModified\":\"2026-01-23T05:45:19+00:00\",\"mainEntityOfPage\":{\"@id\":\"https:\\\/\\\/johanno1.se\\\/sv\\\/kobane-belagrat-22-januari-2026\\\/\"},\"wordCount\":940,\"commentCount\":117,\"publisher\":{\"@id\":\"https:\\\/\\\/johanno1.se\\\/sv\\\/#organization\"},\"articleSection\":[\"Kriget i Ukraina\"],\"inLanguage\":\"sv-SE\",\"potentialAction\":[{\"@type\":\"CommentAction\",\"name\":\"Comment\",\"target\":[\"https:\\\/\\\/johanno1.se\\\/sv\\\/kobane-belagrat-22-januari-2026\\\/#respond\"]}]},{\"@type\":\"WebPage\",\"@id\":\"https:\\\/\\\/johanno1.se\\\/sv\\\/kobane-belagrat-22-januari-2026\\\/\",\"url\":\"https:\\\/\\\/johanno1.se\\\/sv\\\/kobane-belagrat-22-januari-2026\\\/\",\"name\":\"Kobane bel\u00e4grat 22 Januari 2026 -\",\"isPartOf\":{\"@id\":\"https:\\\/\\\/johanno1.se\\\/sv\\\/#website\"},\"datePublished\":\"2026-01-22T06:01:00+00:00\",\"dateModified\":\"2026-01-23T05:45:19+00:00\",\"breadcrumb\":{\"@id\":\"https:\\\/\\\/johanno1.se\\\/sv\\\/kobane-belagrat-22-januari-2026\\\/#breadcrumb\"},\"inLanguage\":\"sv-SE\",\"potentialAction\":[{\"@type\":\"ReadAction\",\"target\":[\"https:\\\/\\\/johanno1.se\\\/sv\\\/kobane-belagrat-22-januari-2026\\\/\"]}]},{\"@type\":\"BreadcrumbList\",\"@id\":\"https:\\\/\\\/johanno1.se\\\/sv\\\/kobane-belagrat-22-januari-2026\\\/#breadcrumb\",\"itemListElement\":[{\"@type\":\"ListItem\",\"position\":1,\"name\":\"Hem\",\"item\":\"https:\\\/\\\/johanno1.se\\\/sv\\\/\"},{\"@type\":\"ListItem\",\"position\":2,\"name\":\"Kobane bel\u00e4grat 22 Januari 2026\"}]},{\"@type\":\"WebSite\",\"@id\":\"https:\\\/\\\/johanno1.se\\\/sv\\\/#website\",\"url\":\"https:\\\/\\\/johanno1.se\\\/sv\\\/\",\"name\":\"Johan No.1\",\"description\":\"Kriget i Ukraina - V\u00e4rldsledande omv\u00e4rldsanalys fr\u00e5n Svensksund till den ryska brakf\u00f6rlusten i Ukraina\",\"publisher\":{\"@id\":\"https:\\\/\\\/johanno1.se\\\/sv\\\/#organization\"},\"potentialAction\":[{\"@type\":\"SearchAction\",\"target\":{\"@type\":\"EntryPoint\",\"urlTemplate\":\"https:\\\/\\\/johanno1.se\\\/sv\\\/?s={search_term_string}\"},\"query-input\":{\"@type\":\"PropertyValueSpecification\",\"valueRequired\":true,\"valueName\":\"search_term_string\"}}],\"inLanguage\":\"sv-SE\"},{\"@type\":\"Organization\",\"@id\":\"https:\\\/\\\/johanno1.se\\\/sv\\\/#organization\",\"name\":\"Johan No. 1\",\"url\":\"https:\\\/\\\/johanno1.se\\\/sv\\\/\",\"logo\":{\"@type\":\"ImageObject\",\"inLanguage\":\"sv-SE\",\"@id\":\"https:\\\/\\\/johanno1.se\\\/sv\\\/#\\\/schema\\\/logo\\\/image\\\/\",\"url\":\"https:\\\/\\\/johanno1.se\\\/wp-content\\\/uploads\\\/2025\\\/03\\\/cropped-No1-Logo.png\",\"contentUrl\":\"https:\\\/\\\/johanno1.se\\\/wp-content\\\/uploads\\\/2025\\\/03\\\/cropped-No1-Logo.png\",\"width\":512,\"height\":512,\"caption\":\"Johan No. 1\"},\"image\":{\"@id\":\"https:\\\/\\\/johanno1.se\\\/sv\\\/#\\\/schema\\\/logo\\\/image\\\/\"}},{\"@type\":\"Person\",\"@id\":\"https:\\\/\\\/johanno1.se\\\/sv\\\/#\\\/schema\\\/person\\\/1dec165f070bde263b30eaf3c0a742e7\",\"name\":\"johan No.1\",\"image\":{\"@type\":\"ImageObject\",\"inLanguage\":\"sv-SE\",\"@id\":\"https:\\\/\\\/secure.gravatar.com\\\/avatar\\\/06f93864ed6b830e2782e60575fff112f1c61c52bb10b194131e0e333191695b?s=96&d=mm&r=g\",\"url\":\"https:\\\/\\\/secure.gravatar.com\\\/avatar\\\/06f93864ed6b830e2782e60575fff112f1c61c52bb10b194131e0e333191695b?s=96&d=mm&r=g\",\"contentUrl\":\"https:\\\/\\\/secure.gravatar.com\\\/avatar\\\/06f93864ed6b830e2782e60575fff112f1c61c52bb10b194131e0e333191695b?s=96&d=mm&r=g\",\"caption\":\"johan No.1\"},\"url\":\"https:\\\/\\\/johanno1.se\\\/sv\\\/author\\\/johan\\\/\"}]}<\/script>\n<!-- \/ Yoast SEO plugin. -->","yoast_head_json":{"title":"Kobane bel\u00e4grat 22 Januari 2026 -","robots":{"index":"index","follow":"follow","max-snippet":"max-snippet:-1","max-image-preview":"max-image-preview:large","max-video-preview":"max-video-preview:-1"},"canonical":"https:\/\/johanno1.se\/sv\/kobane-belagrat-22-januari-2026\/","og_locale":"sv_SE","og_type":"article","og_title":"Kobane bel\u00e4grat 22 Januari 2026 -","og_description":"Viss katastrof-varning h\u00e4r &#8211; Kurderna k\u00e4mpar nu om Kobane, googla det \u2013 Rojava h\u00e5ller p\u00e5 att falla. Det kryllar av [&hellip;]","og_url":"https:\/\/johanno1.se\/sv\/kobane-belagrat-22-januari-2026\/","og_site_name":"Johan No.1","article_published_time":"2026-01-22T06:01:00+00:00","article_modified_time":"2026-01-23T05:45:19+00:00","author":"johan No.1","twitter_card":"summary_large_image","twitter_misc":{"Skriven av":"johan No.1","Ber\u00e4knad l\u00e4stid":"5 minuter"},"schema":{"@context":"https:\/\/schema.org","@graph":[{"@type":"Article","@id":"https:\/\/johanno1.se\/sv\/kobane-belagrat-22-januari-2026\/#article","isPartOf":{"@id":"https:\/\/johanno1.se\/sv\/kobane-belagrat-22-januari-2026\/"},"author":{"name":"johan No.1","@id":"https:\/\/johanno1.se\/sv\/#\/schema\/person\/1dec165f070bde263b30eaf3c0a742e7"},"headline":"Kobane bel\u00e4grat 22 Januari 2026","datePublished":"2026-01-22T06:01:00+00:00","dateModified":"2026-01-23T05:45:19+00:00","mainEntityOfPage":{"@id":"https:\/\/johanno1.se\/sv\/kobane-belagrat-22-januari-2026\/"},"wordCount":940,"commentCount":117,"publisher":{"@id":"https:\/\/johanno1.se\/sv\/#organization"},"articleSection":["Kriget i Ukraina"],"inLanguage":"sv-SE","potentialAction":[{"@type":"CommentAction","name":"Comment","target":["https:\/\/johanno1.se\/sv\/kobane-belagrat-22-januari-2026\/#respond"]}]},{"@type":"WebPage","@id":"https:\/\/johanno1.se\/sv\/kobane-belagrat-22-januari-2026\/","url":"https:\/\/johanno1.se\/sv\/kobane-belagrat-22-januari-2026\/","name":"Kobane bel\u00e4grat 22 Januari 2026 -","isPartOf":{"@id":"https:\/\/johanno1.se\/sv\/#website"},"datePublished":"2026-01-22T06:01:00+00:00","dateModified":"2026-01-23T05:45:19+00:00","breadcrumb":{"@id":"https:\/\/johanno1.se\/sv\/kobane-belagrat-22-januari-2026\/#breadcrumb"},"inLanguage":"sv-SE","potentialAction":[{"@type":"ReadAction","target":["https:\/\/johanno1.se\/sv\/kobane-belagrat-22-januari-2026\/"]}]},{"@type":"BreadcrumbList","@id":"https:\/\/johanno1.se\/sv\/kobane-belagrat-22-januari-2026\/#breadcrumb","itemListElement":[{"@type":"ListItem","position":1,"name":"Hem","item":"https:\/\/johanno1.se\/sv\/"},{"@type":"ListItem","position":2,"name":"Kobane bel\u00e4grat 22 Januari 2026"}]},{"@type":"WebSite","@id":"https:\/\/johanno1.se\/sv\/#website","url":"https:\/\/johanno1.se\/sv\/","name":"Johan No.1","description":"Kriget i Ukraina - V\u00e4rldsledande omv\u00e4rldsanalys fr\u00e5n Svensksund till den ryska brakf\u00f6rlusten i Ukraina","publisher":{"@id":"https:\/\/johanno1.se\/sv\/#organization"},"potentialAction":[{"@type":"SearchAction","target":{"@type":"EntryPoint","urlTemplate":"https:\/\/johanno1.se\/sv\/?s={search_term_string}"},"query-input":{"@type":"PropertyValueSpecification","valueRequired":true,"valueName":"search_term_string"}}],"inLanguage":"sv-SE"},{"@type":"Organization","@id":"https:\/\/johanno1.se\/sv\/#organization","name":"Johan No. 1","url":"https:\/\/johanno1.se\/sv\/","logo":{"@type":"ImageObject","inLanguage":"sv-SE","@id":"https:\/\/johanno1.se\/sv\/#\/schema\/logo\/image\/","url":"https:\/\/johanno1.se\/wp-content\/uploads\/2025\/03\/cropped-No1-Logo.png","contentUrl":"https:\/\/johanno1.se\/wp-content\/uploads\/2025\/03\/cropped-No1-Logo.png","width":512,"height":512,"caption":"Johan No. 1"},"image":{"@id":"https:\/\/johanno1.se\/sv\/#\/schema\/logo\/image\/"}},{"@type":"Person","@id":"https:\/\/johanno1.se\/sv\/#\/schema\/person\/1dec165f070bde263b30eaf3c0a742e7","name":"johan No.1","image":{"@type":"ImageObject","inLanguage":"sv-SE","@id":"https:\/\/secure.gravatar.com\/avatar\/06f93864ed6b830e2782e60575fff112f1c61c52bb10b194131e0e333191695b?s=96&d=mm&r=g","url":"https:\/\/secure.gravatar.com\/avatar\/06f93864ed6b830e2782e60575fff112f1c61c52bb10b194131e0e333191695b?s=96&d=mm&r=g","contentUrl":"https:\/\/secure.gravatar.com\/avatar\/06f93864ed6b830e2782e60575fff112f1c61c52bb10b194131e0e333191695b?s=96&d=mm&r=g","caption":"johan No.1"},"url":"https:\/\/johanno1.se\/sv\/author\/johan\/"}]}},"_links":{"self":[{"href":"https:\/\/johanno1.se\/sv\/wp-json\/wp\/v2\/posts\/3881","targetHints":{"allow":["GET"]}}],"collection":[{"href":"https:\/\/johanno1.se\/sv\/wp-json\/wp\/v2\/posts"}],"about":[{"href":"https:\/\/johanno1.se\/sv\/wp-json\/wp\/v2\/types\/post"}],"author":[{"embeddable":true,"href":"https:\/\/johanno1.se\/sv\/wp-json\/wp\/v2\/users\/3"}],"replies":[{"embeddable":true,"href":"https:\/\/johanno1.se\/sv\/wp-json\/wp\/v2\/comments?post=3881"}],"version-history":[{"count":1,"href":"https:\/\/johanno1.se\/sv\/wp-json\/wp\/v2\/posts\/3881\/revisions"}],"predecessor-version":[{"id":3882,"href":"https:\/\/johanno1.se\/sv\/wp-json\/wp\/v2\/posts\/3881\/revisions\/3882"}],"wp:attachment":[{"href":"https:\/\/johanno1.se\/sv\/wp-json\/wp\/v2\/media?parent=3881"}],"wp:term":[{"taxonomy":"category","embeddable":true,"href":"https:\/\/johanno1.se\/sv\/wp-json\/wp\/v2\/categories?post=3881"},{"taxonomy":"post_tag","embeddable":true,"href":"https:\/\/johanno1.se\/sv\/wp-json\/wp\/v2\/tags?post=3881"}],"curies":[{"name":"wp","href":"https:\/\/api.w.org\/{rel}","templated":true}]}}