{"id":3887,"date":"2026-01-23T07:01:00","date_gmt":"2026-01-23T06:01:00","guid":{"rendered":"https:\/\/johanno1.se\/?p=3887"},"modified":"2026-01-24T10:56:59","modified_gmt":"2026-01-24T09:56:59","slug":"varlden-uppdatering-23-januari-2026","status":"publish","type":"post","link":"https:\/\/johanno1.se\/sv\/varlden-uppdatering-23-januari-2026\/","title":{"rendered":"V\u00e4rlden uppdatering 23 Januari 2026"},"content":{"rendered":"\n<p>Talen mot USA lite l\u00e4tt maskerade regnade t\u00e4tt i Davos och Kanadas var vettigt \u2013 ja, deras geografiska l\u00e4ge ger dom m\u00f6jligheten att diskutera handel ist\u00e4llet f\u00f6r krig men den m\u00f6jligheten har inte Finland, Baltikum och Ukraina utan dom beh\u00f6ver vapen.<\/p>\n\n\n\n<p>Den mycket kraftiga skakningen i Japan \u00e4r enligt vissa Kinas doing. Fick en sp\u00e4nnande l\u00e4nk av B\u00f6rjesson p\u00e5 Bluesky som han tydligen gjort sj\u00e4lv och s\u00e5lt till Bloomberg och googlar man runt lite s\u00e5 \u00e4r Kinas strategi att f\u00f6rs\u00f6ka s\u00e4tta h\u00e5rd press p\u00e5 Japan just nu.<\/p>\n\n\n\n<p>Att USA\/Trump d\u00e5 sagt \u00e5t Japan att s\u00e4tta sig ned n\u00e4r dom f\u00f6rs\u00f6kte visa sitt st\u00f6d till Taiwan \u00e4r intressant i sammanhanget \u2013 n\u00e5gon som har en f\u00f6rklaring till det eftersom r\u00e5dande konsensus \u00e4r att USA g\u00f6r alla sina drag i syfte att komma \u00e5t Kina. Om ett land d\u00e5 bist\u00e5r med det \u2013 varf\u00f6r f\u00e5r dom r\u00f6tt kort, av USA?<\/p>\n\n\n\n<p>Eftersom vi vet att Buffet parkerat sina cash i japanska yen, finns det n\u00e5got som talar f\u00f6r att USA inte har n\u00e5got emot att Kina g\u00e5r h\u00e5rt \u00e5t Japan s\u00e5 kapitalet kommer tillbaka till USA d\u00e5 det \u00e4r \u00e4nnu oroligare i Japan \u00e4n i USA, efter att Kina s\u00e5g till att det blev det?<\/p>\n\n\n\n<p>Och att USA som tack f\u00f6r det gick h\u00e5rt \u00e5t Japans f\u00f6rs\u00f6k att st\u00f6tta Taiwan?<\/p>\n\n\n\n<p>Tankar kring det?<\/p>\n\n\n\n<p>Eftersom jag \u00e4r fast cementerad i min tro att USA g\u00f6r det som \u00e4r bra f\u00f6r dom nu ser jag inte det som en om\u00f6jlighet alls.<\/p>\n\n\n\n<p>Ett s\u00e4tt man absolut inte skall tackla r\u00e5dande v\u00e4rldsordning p\u00e5 \u00e4r att Europa ist\u00e4llet springer till Kina och ber om att f\u00e5 hj\u00e4lp av dom \u2013 d\u00e5 d\u00f6r v\u00e5r nationella stolthet sotd\u00f6den.<\/p>\n\n\n\n<p>Min tiopunktslista i f\u00f6rra inl\u00e4gget f\u00f6ruts\u00e4tter f\u00f6rst\u00e5s att Europa k\u00e4nner att vi klarar oss utan l\u00e4rare i klassrummet men den \u00e4r inte j\u00e4tte-spektakul\u00e4r, kr\u00e4vs bara att vi g\u00f6r precis som USA och Kina gjort och s\u00e4tter Europa f\u00f6rst \u2013 vilket ju \u00e4r vad vi valt v\u00e5ra politiska ledare och EU politiker f\u00f6r att g\u00f6ra.<\/p>\n\n\n\n<p>Ingen har valt dom f\u00f6r att s\u00e4tta Kina, USA eller Ryssland f\u00f6rst.<\/p>\n\n\n\n<p>Macron anv\u00e4nde sitt tal till just det tyv\u00e4rr \u2013 mer handel med Kina tyckte han var l\u00e4mpligt att diskutera i Davos. Jag har f\u00e5tt lite mer respekt f\u00f6r Macron d\u00e5 han satt h\u00e5rt mot h\u00e5rt mot Ryssland men att springa till Kina gynnar ingen.<\/p>\n\n\n\n<p>UK har just till\u00e5tit Kina att bygga en j\u00e4ttelik ambassad i London, och Kanade gjorde just en stor deal med Kina och n\u00e5t till jag tappat bort.<\/p>\n\n\n\n<p>Kina \u00e4r fienden som har hj\u00e4lpt Ryssland hj\u00e4lpa sig sj\u00e4lva att producera stora m\u00e4ngder vapen, dom har bist\u00e5tt med ett fungerande digitalt slagf\u00e4lt, dom ger RU satellit-spaningsresurser och dom har tillsett att Nordkorea h\u00e5llit Putin under armarna med enorma m\u00e4ngder vapen.<\/p>\n\n\n\n<p>Ja, Kina har sett till att f\u00e5 bra betalt men hade dom inte bist\u00e5tt Ryssland alls hade det landet varit rej\u00e4lt p\u00e5 dekis nu.<\/p>\n\n\n\n<p>Nu k\u00f6per naturligtvis Europa fortfarande massa fr\u00e5n Ryssland \u00e4ven om det b\u00f6rjar stramas upp, och sen s\u00e4ljer vi de komponenter Ryssland beh\u00f6ver f\u00f6r sin rustningsindustri som dom k\u00f6per med de EUR vi just betalat dom, f\u00f6r det vi just k\u00f6pt fr\u00e5n dom.<\/p>\n\n\n\n<p>Men Kina har gjort betydligt mer \u00e4n s\u00e5 \u2013 dom \u00e4r aktiv part i kriget och sk\u00f6ter en del bakre funktioner.<\/p>\n\n\n\n<p>Jag vidh\u00e5ller att USA fram\u00f6ver kommer g\u00f6ra det som \u00e4r bra f\u00f6r USA, tydligen k\u00e4nner dom sig s\u00e5 pass starka att dom inte anser sig beh\u00f6va bygga en koalition mot Kina vilket jag trodde det skulle bli av detta \u2013 och det \u00e4r d\u00e4rf\u00f6r jag misst\u00e4nker att Ryssland, Kina och USA har en l\u00f6s \u00f6verenskommelse d\u00e4r alla tre vill ha ett svagt Europa.<\/p>\n\n\n\n<p>Trumps plan f\u00f6r Gr\u00f6nland \u00e4r r\u00e4tt enkel \u2013 utnyttja avtalen som redan finns och st\u00e4rk upp Gr\u00f6nland milit\u00e4rt utan att Europa kan s\u00e4ga n\u00e5got.<\/p>\n\n\n\n<p>Vill han kommer dom s\u00e4kert b\u00f6rja k\u00f6pa upp land p\u00e5 Gr\u00f6nland f\u00f6r exploatering och sen \u00f6ver tid muta sig till tillst\u00e5nden utan att Danmark kan g\u00f6ra s\u00e5 mycket \u2013 underskatta inte mutors makt.<\/p>\n\n\n\n<p>Gr\u00f6nland verkar vara p\u00e5 deras radar nu iallafall och jag f\u00f6rst\u00e5r varf\u00f6r \u2013 \u201drare earth minerals\u201d som v\u00e4l blivit samlingsnamnet f\u00f6r s\u00e5nt i marken man beh\u00f6ver till sin industri.<\/p>\n\n\n\n<p>Skulle inte f\u00f6rv\u00e5na mig det minsta om USA snart g\u00e5r in stort i Afrika och snor det framf\u00f6r \u00f6gonen p\u00e5 oss \u2013 det hade jag gjort.<\/p>\n\n\n\n<p>Zelensky har i flera omg\u00e5ngar bett Europa vakna \u2013 ja vi i Europa har en l\u00e5ng och fin tradition av att g\u00f6ra ingenting, hoppas p\u00e5 det b\u00e4sta och sen bli \u00f6verk\u00f6rda, Lex 1940.<\/p>\n\n\n\n<p>Jugoslavienkrisen var vi helt of\u00f6rm\u00f6gna att hantera sj\u00e4lva och den fick USA reda ut \u00e5t oss MEN detta var sjukdomssymptomen efter kalla kriget d\u00e4r USA och Sovjet aktivt arbetade f\u00f6r att passivisera oss.<\/p>\n\n\n\n<p>Som sagt, Italien stod och v\u00e4gde och enligt italienarna h\u00e4r p\u00e5 jobbet s\u00e5 s\u00f6ndrade b\u00e5de USA och Sovjet Italien och det \u00e4r d\u00e4rf\u00f6r dom varit manana-landet nummer ett i alla \u00e5r och o\u00e4ndligt med roliga Italienar-historier ut\u00f6ver norgehistorierna. Nu b\u00f6rjar dom f\u00e5 ordning p\u00e5 sig under Meloni och jag har f\u00f6rst\u00e5tt att dom g\u00f6r r\u00e4tt mycket business \u00f6ver v\u00e4rlden \u00e4ven om dom \u00e4r j\u00e4drigt jobbiga att ha att g\u00f6ra med \u2013 min sicilianarchef har ett moraliskt r\u00e4ttesn\u00f6re av spaghetti.<\/p>\n\n\n\n<p>Nu har Zelensky tagit bladet fr\u00e5n munnen och tydligt sagt att Europa har gjort ingenting under 4\u00e5r vilket \u00e4r lite av ett rekord. Helt r\u00e4tt har han inte f\u00f6r vi har kommit till punkten d\u00e4r sittande politiker gett enorma kontrakt till rustningsindustrin f\u00f6r snordyra vapenplattformar i ett l\u00e4ge d\u00e4r dr\u00f6nare f\u00f6r en femhundring sl\u00e5r ut dom alla dagar i veckan men mutorna \u00e4r f\u00f6r attraktiva.<\/p>\n\n\n\n<p>Vi beh\u00f6ver en gripbar insatsbar f\u00f6rsvarsmakt p\u00e5 3miljoner punkt \u2013 det s\u00e4ger mannen i Ukraina som vet exakt vad som beh\u00f6vs.<\/p>\n\n\n\n<p>I de h\u00e5rda fr\u00e5gorna \u00e4r EU helt of\u00f6rm\u00f6gna att ta de h\u00e5rda besluten s\u00e5 h\u00e4r l\u00e5ngt.<\/p>\n\n\n\n<p>Mellansegmentet beh\u00f6ver organisera sig som Carney s\u00e4ger &#8211; ni ser ju r\u00e4tt snabbt att det blir EU, Kanada, Australien, Japan, Sydkorea och n\u00e5gra till som \u00e4r n\u00e4rmast s\u00f6rjande med ytterligare en ring av l\u00e4nder som v\u00e5gar n\u00e4rma sig oss \u2013 det h\u00e4r \u00e4r ett bra g\u00e4ng men vi m\u00e5ste erbjuda s\u00e4kerhet.<\/p>\n\n\n\n<p>USA stora misstag var att ge sig p\u00e5 Danmark, hade dom googlat SAS och Postnord hade dom f\u00f6rst\u00e5tt att det \u00e4r lika med nationell insolvens att f\u00f6rs\u00f6ka f\u00f6rhandla med Danmark men nu gjorde dom det och vi tackar avgudarna f\u00f6r det misstaget.<\/p>\n\n\n\n<p>2008 lyckades USA f\u00e5 PIIGS att bli slasken f\u00f6r den kraschen utan att sk\u00e4mmas.<\/p>\n\n\n\n<p>Men idag \u00e4r Europa enat p\u00e5 ett annat s\u00e4tt \u00e4n 2008 och i fallet Gr\u00f6nland visade vi helt pl\u00f6tsligt upp n\u00e5t nytt \u2013 vi hugger inte varandra i ryggen l\u00e4ngre och \u00e4r inte polarna som sviker \u00e4ven om tyskarna direkt \u00e5kte hem med v\u00e4ndande flyg.<\/p>\n\n\n\n<p>L\u00e4nder som Island och Gr\u00f6nland kan inte f\u00f6rv\u00e4ntas att kunna f\u00f6rsvara sig f\u00f6r dom har en befolkning p\u00e5 fyra men \u00e4r nu strategiskt viktiga f\u00f6r USA, Kina och Ryssland \u2013 och vill EU\/Europa beh\u00e5lla sin relevans f\u00e5r vi v\u00e4l skicka trupp dit.<\/p>\n\n\n\n<p>Nu \u00e4r jag inte ekonom s\u00e5 nedan spekulation \u00e4r v\u00e4l som b\u00e4st mycket l\u00e5g niv\u00e5 men om EU lyckas mota USA i grind genom att s\u00e4tta lite gr\u00e4nser, och om vi inte l\u00e5ter Ryssland f\u00e5 leverera sin svarta svan till Europa &#8211; finns inte d\u00e5 m\u00f6jligheten att finans ser det som en styrka den h\u00e4r g\u00e5ngen?<\/p>\n\n\n\n<p>Europa \u00e4r tydligen sammantaget tredje st\u00f6rsta innehavare av USA statsskuld till exempel och vill man l\u00e5ta USA ta hela sm\u00e4llen i kommande finanskrasch s\u00e5 b\u00f6rjar man dumpa den vid r\u00e4tt tillf\u00e4lle?<\/p>\n\n\n\n<p>F\u00f6r om EUR ses som en tillflyktsort n\u00e4r det b\u00f6rjar bl\u00e5sa och EU tillhandah\u00e5ller s\u00e4kerhet d\u00e5 kommer kapitalet glida \u00f6ver till oss ist\u00e4llet f\u00f6r \u00f6ver till USA.<\/p>\n\n\n\n<p>Till Kina kommer det inte glida, de som f\u00f6rs\u00f6kt k\u00f6pa kinesisk statsskuld vet att det \u00e4r sn\u00e5rigt och redan nu har v\u00e4l kapitalet b\u00f6rjat l\u00e4mna.<\/p>\n\n\n\n<p>Jag vill helst se ett gemensamt USA+EU mot Ryssland+Kina men sedan 2022 har USA visat ett mycket stor vilja att det inte f\u00e5r g\u00e5 f\u00f6r d\u00e5ligt f\u00f6r Ryssland s\u00e5 s\u00e4kerhetspolitiskt \u00e4r vi p\u00e5 kollisionskurs med dom \u2013 det som \u00e4r bra f\u00f6r USA \u00e4r inte bra f\u00f6r Europa.<\/p>\n\n\n\n<p>Och nu \u00e4r det tydligt att USA f\u00f6rs\u00f6ker f\u00e5 ig\u00e5ng finansiell oro i Europa lagom tills finanskraschen kommer f\u00f6r senaste rundornas tariff-hot har varit riktade mot oss och inte Kina. Ryssland har varit undantagna hela tiden f\u00f6rst\u00e5s.<\/p>\n\n\n\n<p>Europa kan ocks\u00e5 sluta k\u00f6pa kinesiskt och dra hem tillverkningen, och vi kan k\u00f6pa v\u00e5ra r\u00e5varor\/naturresrurser fr\u00e5n Gr\u00f6nland, Kanada och Afrika exklusivt.<\/p>\n\n\n\n<p>Gl\u00f6mde bort Ukraina som ocks\u00e5 har en fullproppad svart jord under f\u00f6tterna med allt vi beh\u00f6ver + en l\u00f6jligt bra industri och entrepren\u00f6rskultur.<\/p>\n\n\n\n<p>Hur l\u00e4nge tror ni BRIICS och Kina kommer klara sig d\u00e5 om ingen k\u00f6per deras produkter?<\/p>\n\n\n\n<p>Allt har en gr\u00e4ns men \u00e4r den n\u00e5dd \u00e4nnu \u2013 och kan den n\u00e5s eller \u00e4r EU o\u00e4ndligt b\u00f6jbara?<\/p>\n\n\n\n<p>Kina och Ryssland kommer k\u00e4mpa emot oss med n\u00e4bbar och klor, vad USA kommer g\u00f6ra f\u00e5r vi v\u00e4l se.<\/p>\n\n\n\n<p>Nu till punkt tv\u00e5 \u2013 Ukrainakriget har redan f\u00e5tt ig\u00e5ng vapensmedjorna och Europa reste sig. Det ni nu ser embryot till \u00e4r att EU tar p\u00e5 sig en lagtr\u00f6ja och vi f\u00f6rs\u00f6ker uppr\u00e4tth\u00e5lla en internationell regelbaserad r\u00e4ttsordning genom att rusta upp s\u00e5 n\u00e4r vi s\u00e4ger stopp f\u00f6rst\u00e5r despoterna att forts\u00e4tta betyder JDAMS \u2013 kan vi komma dit?<\/p>\n\n\n\n<p>Eftersom EU \u00e4r en mosaik av l\u00e4nder talar det f\u00f6r att det skulle g\u00e5 bra \u2013 ingen enskild person kan fatta beslut utan det m\u00e5ste r\u00f6stas f\u00f6rutsatt att EU nu inte g\u00e5r och blir helt maktcentrerat med en stark hen i toppen.<\/p>\n\n\n\n<p>En po\u00e4ng v\u00e4rd att g\u00f6ra \u2013 har du inget v\u00e5ldskapital kan du inte skydda dina v\u00e4nner, eller dig sj\u00e4lv.<\/p>\n\n\n\n<p>Eller s\u00e5 b\u00f6rjar ytterpartier i Europa f\u00e5 makten och s\u00e5 kommer vi p\u00e5 att vi ska kolonisera Afrika igen.<\/p>\n\n\n\n<p>Hursomhelst \u2013 vilket absolut guldl\u00e4ge att f\u00e5 in Ukraina, Island, Kanada och Moldavien i EU f\u00f6r att sen b\u00f6rja bygga upp v\u00e5r egen produktion inom unionen. Dessa l\u00e4nder har alla naturresurser vi kan t\u00e4nkas beh\u00f6va.<\/p>\n\n\n\n<p>V\u00e4nda sig mot Afrika har vi redan gjort \u2013 Angola till exempel, och det \u00e4r r\u00e4tt beslut.<\/p>\n\n\n\n<p>Det enda riktigt h\u00e5rda beslut Europa beh\u00f6ver fatta \u00e4r att Ukraina st\u00f6ttas till brakvinsten \u2013 just nu har Zelensky g\u00e5tt ut med att n\u00e5n typ av fred \u00e4r i g\u00f6rningen med USA vilket \u00e4r h\u00f6gst olyckligt.<\/p>\n\n\n\n<p>Men om Ukraina anser att det \u00e4r det b\u00e4sta som ligger p\u00e5 bordet d\u00e5 har Europa kanske inte i handling visat sitt oreserverade st\u00f6d med Ukraina?<\/p>\n\n\n\n<p>Det \u00e4r iallafall vad Zelensky nu s\u00e4ger.<\/p>\n\n\n\n<p><a href=\"https:\/\/www.bbc.co.uk\/news\/live\/cjrzjqg8dlwt\">https:\/\/www.bbc.co.uk\/news\/live\/cjrzjqg8dlwt<\/a><\/p>\n\n\n\n<p>Nu p\u00e5g\u00e5r kampen f\u00f6r v\u00e4rldsordningen fram till \u00e5r +2100 och Europa har att v\u00e4lja p\u00e5 att underordna sig eller resa sig upp.<\/p>\n\n\n\n<p>Fyra \u00e5r \u00e4r f\u00f6r l\u00e4nge och lyckas vi med konststycket att Ukraina tr\u00f6ttnar och g\u00f6r det som \u00e4r b\u00e4st f\u00f6r dom n\u00e4r vi inte lyssnade f\u00e5r vi skylla oss sj\u00e4lva, och enligt Zelensky \u00e4r vi v\u00e4l n\u00e4stan d\u00e4r nu.<\/p>\n\n\n\n<p>Finns det en v\u00e4rldsordning d\u00e4r Ryssland, Kina och USA \u00e4r de stora maktspelarna och Europa forts\u00e4tter g\u00f6ra som vi gjort sedan 2022 \u2013 vara splittrade, svaga och r\u00e4dda?<\/p>\n\n\n\n<p>Ja, om Ukraina g\u00e5r med p\u00e5 ett eldupph\u00f6r och glider tillbaka till USA \u00e4r vi d\u00e4r \u2013 eldupph\u00f6r \u00e4r det s\u00e4msta som kan h\u00e4nda Europa men om vi inte k\u00e4mpar f\u00f6r n\u00e5got annat kommer vi f\u00f6rr eller senare hamna d\u00e4r.<\/p>\n","protected":false},"excerpt":{"rendered":"<p>Talen mot USA lite l\u00e4tt maskerade regnade t\u00e4tt i Davos och Kanadas var vettigt \u2013 ja, deras geografiska l\u00e4ge ger [&hellip;]<\/p>\n","protected":false},"author":3,"featured_media":0,"comment_status":"open","ping_status":"open","sticky":false,"template":"","format":"standard","meta":{"site-sidebar-layout":"default","site-content-layout":"","ast-site-content-layout":"default","site-content-style":"default","site-sidebar-style":"default","ast-global-header-display":"","ast-banner-title-visibility":"","ast-main-header-display":"","ast-hfb-above-header-display":"","ast-hfb-below-header-display":"","ast-hfb-mobile-header-display":"","site-post-title":"","ast-breadcrumbs-content":"","ast-featured-img":"","footer-sml-layout":"","ast-disable-related-posts":"","theme-transparent-header-meta":"","adv-header-id-meta":"","stick-header-meta":"","header-above-stick-meta":"","header-main-stick-meta":"","header-below-stick-meta":"","astra-migrate-meta-layouts":"default","ast-page-background-enabled":"default","ast-page-background-meta":{"desktop":{"background-color":"var(--ast-global-color-4)","background-image":"","background-repeat":"repeat","background-position":"center center","background-size":"auto","background-attachment":"scroll","background-type":"","background-media":"","overlay-type":"","overlay-color":"","overlay-opacity":"","overlay-gradient":""},"tablet":{"background-color":"","background-image":"","background-repeat":"repeat","background-position":"center center","background-size":"auto","background-attachment":"scroll","background-type":"","background-media":"","overlay-type":"","overlay-color":"","overlay-opacity":"","overlay-gradient":""},"mobile":{"background-color":"","background-image":"","background-repeat":"repeat","background-position":"center center","background-size":"auto","background-attachment":"scroll","background-type":"","background-media":"","overlay-type":"","overlay-color":"","overlay-opacity":"","overlay-gradient":""}},"ast-content-background-meta":{"desktop":{"background-color":"var(--ast-global-color-5)","background-image":"","background-repeat":"repeat","background-position":"center center","background-size":"auto","background-attachment":"scroll","background-type":"","background-media":"","overlay-type":"","overlay-color":"","overlay-opacity":"","overlay-gradient":""},"tablet":{"background-color":"var(--ast-global-color-5)","background-image":"","background-repeat":"repeat","background-position":"center center","background-size":"auto","background-attachment":"scroll","background-type":"","background-media":"","overlay-type":"","overlay-color":"","overlay-opacity":"","overlay-gradient":""},"mobile":{"background-color":"var(--ast-global-color-5)","background-image":"","background-repeat":"repeat","background-position":"center center","background-size":"auto","background-attachment":"scroll","background-type":"","background-media":"","overlay-type":"","overlay-color":"","overlay-opacity":"","overlay-gradient":""}},"footnotes":""},"categories":[18],"tags":[],"class_list":["post-3887","post","type-post","status-publish","format-standard","hentry","category-ukraina"],"yoast_head":"<!-- This site is optimized with the Yoast SEO plugin v27.5 - https:\/\/yoast.com\/product\/yoast-seo-wordpress\/ -->\n<title>V\u00e4rlden uppdatering 23 Januari 2026 -<\/title>\n<meta name=\"robots\" content=\"index, follow, max-snippet:-1, max-image-preview:large, max-video-preview:-1\" \/>\n<link rel=\"canonical\" href=\"https:\/\/johanno1.se\/sv\/varlden-uppdatering-23-januari-2026\/\" \/>\n<meta property=\"og:locale\" content=\"sv_SE\" \/>\n<meta property=\"og:type\" content=\"article\" \/>\n<meta property=\"og:title\" content=\"V\u00e4rlden uppdatering 23 Januari 2026 -\" \/>\n<meta property=\"og:description\" content=\"Talen mot USA lite l\u00e4tt maskerade regnade t\u00e4tt i Davos och Kanadas var vettigt \u2013 ja, deras geografiska l\u00e4ge ger [&hellip;]\" \/>\n<meta property=\"og:url\" content=\"https:\/\/johanno1.se\/sv\/varlden-uppdatering-23-januari-2026\/\" \/>\n<meta property=\"og:site_name\" content=\"Johan No.1\" \/>\n<meta property=\"article:published_time\" content=\"2026-01-23T06:01:00+00:00\" \/>\n<meta property=\"article:modified_time\" content=\"2026-01-24T09:56:59+00:00\" \/>\n<meta name=\"author\" content=\"johan No.1\" \/>\n<meta name=\"twitter:card\" content=\"summary_large_image\" \/>\n<meta name=\"twitter:label1\" content=\"Skriven av\" \/>\n\t<meta name=\"twitter:data1\" content=\"johan No.1\" \/>\n\t<meta name=\"twitter:label2\" content=\"Ber\u00e4knad l\u00e4stid\" \/>\n\t<meta name=\"twitter:data2\" content=\"10 minuter\" \/>\n<script type=\"application\/ld+json\" class=\"yoast-schema-graph\">{\"@context\":\"https:\\\/\\\/schema.org\",\"@graph\":[{\"@type\":\"Article\",\"@id\":\"https:\\\/\\\/johanno1.se\\\/sv\\\/varlden-uppdatering-23-januari-2026\\\/#article\",\"isPartOf\":{\"@id\":\"https:\\\/\\\/johanno1.se\\\/sv\\\/varlden-uppdatering-23-januari-2026\\\/\"},\"author\":{\"name\":\"johan No.1\",\"@id\":\"https:\\\/\\\/johanno1.se\\\/sv\\\/#\\\/schema\\\/person\\\/1dec165f070bde263b30eaf3c0a742e7\"},\"headline\":\"V\u00e4rlden uppdatering 23 Januari 2026\",\"datePublished\":\"2026-01-23T06:01:00+00:00\",\"dateModified\":\"2026-01-24T09:56:59+00:00\",\"mainEntityOfPage\":{\"@id\":\"https:\\\/\\\/johanno1.se\\\/sv\\\/varlden-uppdatering-23-januari-2026\\\/\"},\"wordCount\":2223,\"commentCount\":79,\"publisher\":{\"@id\":\"https:\\\/\\\/johanno1.se\\\/sv\\\/#organization\"},\"articleSection\":[\"Kriget i Ukraina\"],\"inLanguage\":\"sv-SE\",\"potentialAction\":[{\"@type\":\"CommentAction\",\"name\":\"Comment\",\"target\":[\"https:\\\/\\\/johanno1.se\\\/sv\\\/varlden-uppdatering-23-januari-2026\\\/#respond\"]}]},{\"@type\":\"WebPage\",\"@id\":\"https:\\\/\\\/johanno1.se\\\/sv\\\/varlden-uppdatering-23-januari-2026\\\/\",\"url\":\"https:\\\/\\\/johanno1.se\\\/sv\\\/varlden-uppdatering-23-januari-2026\\\/\",\"name\":\"V\u00e4rlden uppdatering 23 Januari 2026 -\",\"isPartOf\":{\"@id\":\"https:\\\/\\\/johanno1.se\\\/sv\\\/#website\"},\"datePublished\":\"2026-01-23T06:01:00+00:00\",\"dateModified\":\"2026-01-24T09:56:59+00:00\",\"breadcrumb\":{\"@id\":\"https:\\\/\\\/johanno1.se\\\/sv\\\/varlden-uppdatering-23-januari-2026\\\/#breadcrumb\"},\"inLanguage\":\"sv-SE\",\"potentialAction\":[{\"@type\":\"ReadAction\",\"target\":[\"https:\\\/\\\/johanno1.se\\\/sv\\\/varlden-uppdatering-23-januari-2026\\\/\"]}]},{\"@type\":\"BreadcrumbList\",\"@id\":\"https:\\\/\\\/johanno1.se\\\/sv\\\/varlden-uppdatering-23-januari-2026\\\/#breadcrumb\",\"itemListElement\":[{\"@type\":\"ListItem\",\"position\":1,\"name\":\"Hem\",\"item\":\"https:\\\/\\\/johanno1.se\\\/sv\\\/\"},{\"@type\":\"ListItem\",\"position\":2,\"name\":\"V\u00e4rlden uppdatering 23 Januari 2026\"}]},{\"@type\":\"WebSite\",\"@id\":\"https:\\\/\\\/johanno1.se\\\/sv\\\/#website\",\"url\":\"https:\\\/\\\/johanno1.se\\\/sv\\\/\",\"name\":\"Johan No.1\",\"description\":\"Kriget i Ukraina - V\u00e4rldsledande omv\u00e4rldsanalys fr\u00e5n Svensksund till den ryska brakf\u00f6rlusten i Ukraina\",\"publisher\":{\"@id\":\"https:\\\/\\\/johanno1.se\\\/sv\\\/#organization\"},\"potentialAction\":[{\"@type\":\"SearchAction\",\"target\":{\"@type\":\"EntryPoint\",\"urlTemplate\":\"https:\\\/\\\/johanno1.se\\\/sv\\\/?s={search_term_string}\"},\"query-input\":{\"@type\":\"PropertyValueSpecification\",\"valueRequired\":true,\"valueName\":\"search_term_string\"}}],\"inLanguage\":\"sv-SE\"},{\"@type\":\"Organization\",\"@id\":\"https:\\\/\\\/johanno1.se\\\/sv\\\/#organization\",\"name\":\"Johan No. 1\",\"url\":\"https:\\\/\\\/johanno1.se\\\/sv\\\/\",\"logo\":{\"@type\":\"ImageObject\",\"inLanguage\":\"sv-SE\",\"@id\":\"https:\\\/\\\/johanno1.se\\\/sv\\\/#\\\/schema\\\/logo\\\/image\\\/\",\"url\":\"https:\\\/\\\/johanno1.se\\\/wp-content\\\/uploads\\\/2025\\\/03\\\/cropped-No1-Logo.png\",\"contentUrl\":\"https:\\\/\\\/johanno1.se\\\/wp-content\\\/uploads\\\/2025\\\/03\\\/cropped-No1-Logo.png\",\"width\":512,\"height\":512,\"caption\":\"Johan No. 1\"},\"image\":{\"@id\":\"https:\\\/\\\/johanno1.se\\\/sv\\\/#\\\/schema\\\/logo\\\/image\\\/\"}},{\"@type\":\"Person\",\"@id\":\"https:\\\/\\\/johanno1.se\\\/sv\\\/#\\\/schema\\\/person\\\/1dec165f070bde263b30eaf3c0a742e7\",\"name\":\"johan No.1\",\"image\":{\"@type\":\"ImageObject\",\"inLanguage\":\"sv-SE\",\"@id\":\"https:\\\/\\\/secure.gravatar.com\\\/avatar\\\/06f93864ed6b830e2782e60575fff112f1c61c52bb10b194131e0e333191695b?s=96&d=mm&r=g\",\"url\":\"https:\\\/\\\/secure.gravatar.com\\\/avatar\\\/06f93864ed6b830e2782e60575fff112f1c61c52bb10b194131e0e333191695b?s=96&d=mm&r=g\",\"contentUrl\":\"https:\\\/\\\/secure.gravatar.com\\\/avatar\\\/06f93864ed6b830e2782e60575fff112f1c61c52bb10b194131e0e333191695b?s=96&d=mm&r=g\",\"caption\":\"johan No.1\"},\"url\":\"https:\\\/\\\/johanno1.se\\\/sv\\\/author\\\/johan\\\/\"}]}<\/script>\n<!-- \/ Yoast SEO plugin. -->","yoast_head_json":{"title":"V\u00e4rlden uppdatering 23 Januari 2026 -","robots":{"index":"index","follow":"follow","max-snippet":"max-snippet:-1","max-image-preview":"max-image-preview:large","max-video-preview":"max-video-preview:-1"},"canonical":"https:\/\/johanno1.se\/sv\/varlden-uppdatering-23-januari-2026\/","og_locale":"sv_SE","og_type":"article","og_title":"V\u00e4rlden uppdatering 23 Januari 2026 -","og_description":"Talen mot USA lite l\u00e4tt maskerade regnade t\u00e4tt i Davos och Kanadas var vettigt \u2013 ja, deras geografiska l\u00e4ge ger [&hellip;]","og_url":"https:\/\/johanno1.se\/sv\/varlden-uppdatering-23-januari-2026\/","og_site_name":"Johan No.1","article_published_time":"2026-01-23T06:01:00+00:00","article_modified_time":"2026-01-24T09:56:59+00:00","author":"johan No.1","twitter_card":"summary_large_image","twitter_misc":{"Skriven av":"johan No.1","Ber\u00e4knad l\u00e4stid":"10 minuter"},"schema":{"@context":"https:\/\/schema.org","@graph":[{"@type":"Article","@id":"https:\/\/johanno1.se\/sv\/varlden-uppdatering-23-januari-2026\/#article","isPartOf":{"@id":"https:\/\/johanno1.se\/sv\/varlden-uppdatering-23-januari-2026\/"},"author":{"name":"johan No.1","@id":"https:\/\/johanno1.se\/sv\/#\/schema\/person\/1dec165f070bde263b30eaf3c0a742e7"},"headline":"V\u00e4rlden uppdatering 23 Januari 2026","datePublished":"2026-01-23T06:01:00+00:00","dateModified":"2026-01-24T09:56:59+00:00","mainEntityOfPage":{"@id":"https:\/\/johanno1.se\/sv\/varlden-uppdatering-23-januari-2026\/"},"wordCount":2223,"commentCount":79,"publisher":{"@id":"https:\/\/johanno1.se\/sv\/#organization"},"articleSection":["Kriget i Ukraina"],"inLanguage":"sv-SE","potentialAction":[{"@type":"CommentAction","name":"Comment","target":["https:\/\/johanno1.se\/sv\/varlden-uppdatering-23-januari-2026\/#respond"]}]},{"@type":"WebPage","@id":"https:\/\/johanno1.se\/sv\/varlden-uppdatering-23-januari-2026\/","url":"https:\/\/johanno1.se\/sv\/varlden-uppdatering-23-januari-2026\/","name":"V\u00e4rlden uppdatering 23 Januari 2026 -","isPartOf":{"@id":"https:\/\/johanno1.se\/sv\/#website"},"datePublished":"2026-01-23T06:01:00+00:00","dateModified":"2026-01-24T09:56:59+00:00","breadcrumb":{"@id":"https:\/\/johanno1.se\/sv\/varlden-uppdatering-23-januari-2026\/#breadcrumb"},"inLanguage":"sv-SE","potentialAction":[{"@type":"ReadAction","target":["https:\/\/johanno1.se\/sv\/varlden-uppdatering-23-januari-2026\/"]}]},{"@type":"BreadcrumbList","@id":"https:\/\/johanno1.se\/sv\/varlden-uppdatering-23-januari-2026\/#breadcrumb","itemListElement":[{"@type":"ListItem","position":1,"name":"Hem","item":"https:\/\/johanno1.se\/sv\/"},{"@type":"ListItem","position":2,"name":"V\u00e4rlden uppdatering 23 Januari 2026"}]},{"@type":"WebSite","@id":"https:\/\/johanno1.se\/sv\/#website","url":"https:\/\/johanno1.se\/sv\/","name":"Johan No.1","description":"Kriget i Ukraina - V\u00e4rldsledande omv\u00e4rldsanalys fr\u00e5n Svensksund till den ryska brakf\u00f6rlusten i Ukraina","publisher":{"@id":"https:\/\/johanno1.se\/sv\/#organization"},"potentialAction":[{"@type":"SearchAction","target":{"@type":"EntryPoint","urlTemplate":"https:\/\/johanno1.se\/sv\/?s={search_term_string}"},"query-input":{"@type":"PropertyValueSpecification","valueRequired":true,"valueName":"search_term_string"}}],"inLanguage":"sv-SE"},{"@type":"Organization","@id":"https:\/\/johanno1.se\/sv\/#organization","name":"Johan No. 1","url":"https:\/\/johanno1.se\/sv\/","logo":{"@type":"ImageObject","inLanguage":"sv-SE","@id":"https:\/\/johanno1.se\/sv\/#\/schema\/logo\/image\/","url":"https:\/\/johanno1.se\/wp-content\/uploads\/2025\/03\/cropped-No1-Logo.png","contentUrl":"https:\/\/johanno1.se\/wp-content\/uploads\/2025\/03\/cropped-No1-Logo.png","width":512,"height":512,"caption":"Johan No. 1"},"image":{"@id":"https:\/\/johanno1.se\/sv\/#\/schema\/logo\/image\/"}},{"@type":"Person","@id":"https:\/\/johanno1.se\/sv\/#\/schema\/person\/1dec165f070bde263b30eaf3c0a742e7","name":"johan No.1","image":{"@type":"ImageObject","inLanguage":"sv-SE","@id":"https:\/\/secure.gravatar.com\/avatar\/06f93864ed6b830e2782e60575fff112f1c61c52bb10b194131e0e333191695b?s=96&d=mm&r=g","url":"https:\/\/secure.gravatar.com\/avatar\/06f93864ed6b830e2782e60575fff112f1c61c52bb10b194131e0e333191695b?s=96&d=mm&r=g","contentUrl":"https:\/\/secure.gravatar.com\/avatar\/06f93864ed6b830e2782e60575fff112f1c61c52bb10b194131e0e333191695b?s=96&d=mm&r=g","caption":"johan No.1"},"url":"https:\/\/johanno1.se\/sv\/author\/johan\/"}]}},"_links":{"self":[{"href":"https:\/\/johanno1.se\/sv\/wp-json\/wp\/v2\/posts\/3887","targetHints":{"allow":["GET"]}}],"collection":[{"href":"https:\/\/johanno1.se\/sv\/wp-json\/wp\/v2\/posts"}],"about":[{"href":"https:\/\/johanno1.se\/sv\/wp-json\/wp\/v2\/types\/post"}],"author":[{"embeddable":true,"href":"https:\/\/johanno1.se\/sv\/wp-json\/wp\/v2\/users\/3"}],"replies":[{"embeddable":true,"href":"https:\/\/johanno1.se\/sv\/wp-json\/wp\/v2\/comments?post=3887"}],"version-history":[{"count":1,"href":"https:\/\/johanno1.se\/sv\/wp-json\/wp\/v2\/posts\/3887\/revisions"}],"predecessor-version":[{"id":3888,"href":"https:\/\/johanno1.se\/sv\/wp-json\/wp\/v2\/posts\/3887\/revisions\/3888"}],"wp:attachment":[{"href":"https:\/\/johanno1.se\/sv\/wp-json\/wp\/v2\/media?parent=3887"}],"wp:term":[{"taxonomy":"category","embeddable":true,"href":"https:\/\/johanno1.se\/sv\/wp-json\/wp\/v2\/categories?post=3887"},{"taxonomy":"post_tag","embeddable":true,"href":"https:\/\/johanno1.se\/sv\/wp-json\/wp\/v2\/tags?post=3887"}],"curies":[{"name":"wp","href":"https:\/\/api.w.org\/{rel}","templated":true}]}}