{"id":3892,"date":"2026-01-26T07:01:00","date_gmt":"2026-01-26T06:01:00","guid":{"rendered":"https:\/\/johanno1.se\/?p=3892"},"modified":"2026-01-27T23:05:36","modified_gmt":"2026-01-27T22:05:36","slug":"fred-i-var-tid-26-januari-2026","status":"publish","type":"post","link":"https:\/\/johanno1.se\/sv\/fred-i-var-tid-26-januari-2026\/","title":{"rendered":"Fred i v\u00e5r tid, 26 Januari 2026"},"content":{"rendered":"\n<p>Skrevs i fredags och postades idag s\u00e5 ber om urs\u00e4kt om n\u00e5got h\u00e4nt under helgen.<\/p>\n\n\n\n<p>Jag b\u00f6rjar f\u00e5 slut p\u00e5 positiva vinklingar p\u00e5 utvecklingen och Zelenskys veritabla bredsida mot Europa var d\u00e5lig f\u00f6r kreativiteten. Som en som f\u00f6ljt hela kriget varje dag sedan veckan innan krigsstart s\u00e5 kan jag meddela att han har r\u00e4tt.<\/p>\n\n\n\n<p>Det h\u00e4r underbetyget var inte j\u00e4tteupplyftande.<\/p>\n\n\n\n<p><a href=\"https:\/\/www.bbc.co.uk\/news\/live\/cjrzjqg8dlwt\">https:\/\/www.bbc.co.uk\/news\/live\/cjrzjqg8dlwt<\/a><\/p>\n\n\n\n<p>Zelensky tog upp n\u00e5t tiotal punkter d\u00e4r den r\u00f6da tr\u00e5den var att Europa \u00e4r passiva, fega och r\u00e4dda.<\/p>\n\n\n\n<figure class=\"wp-block-image is-resized\"><a class=\"image-link image2 is-viewable-img\" href=\"https:\/\/substackcdn.com\/image\/fetch\/$s_!IYy6!,f_auto,q_auto:good,fl_progressive:steep\/https%3A%2F%2Fsubstack-post-media.s3.amazonaws.com%2Fpublic%2Fimages%2Ffbf7bb00-8232-4e3c-9dac-d0a7702a8c2a_828x1109.jpeg\" target=\"_blank\" rel=\"noreferrer noopener\"><img decoding=\"async\" src=\"https:\/\/substackcdn.com\/image\/fetch\/$s_!IYy6!,w_1456,c_limit,f_auto,q_auto:good,fl_progressive:steep\/https%3A%2F%2Fsubstack-post-media.s3.amazonaws.com%2Fpublic%2Fimages%2Ffbf7bb00-8232-4e3c-9dac-d0a7702a8c2a_828x1109.jpeg\" alt=\"\" style=\"aspect-ratio:0.7466400199850113;width:373px;height:auto\"\/><\/a><\/figure>\n\n\n\n<figure class=\"wp-block-image is-resized\"><a class=\"image-link image2\" href=\"https:\/\/substackcdn.com\/image\/fetch\/$s_!ODGh!,f_auto,q_auto:good,fl_progressive:steep\/https%3A%2F%2Fsubstack-post-media.s3.amazonaws.com%2Fpublic%2Fimages%2Fced88a2c-9723-4686-9dcf-db2af48d1105_828x339.jpeg\" target=\"_blank\" rel=\"noreferrer noopener\"><img decoding=\"async\" src=\"https:\/\/substackcdn.com\/image\/fetch\/$s_!ODGh!,w_1456,c_limit,f_auto,q_auto:good,fl_progressive:steep\/https%3A%2F%2Fsubstack-post-media.s3.amazonaws.com%2Fpublic%2Fimages%2Fced88a2c-9723-4686-9dcf-db2af48d1105_828x339.jpeg\" alt=\"\" style=\"width:357px;height:auto\"\/><\/a><\/figure>\n\n\n\n<p>USA kommer forts\u00e4tta g\u00f6ra det som \u00e4r b\u00e4st f\u00f6r dom och \u00e4r man beredda att torpedera Japan f\u00f6r att r\u00e4dda sin petrodollar-status, d\u00e5 \u00e4r man beredd till mycket.<\/p>\n\n\n\n<p>N\u00e4r jag l\u00e4gger ihop allt kring Japan har jag sv\u00e5rt att se n\u00e5got annat \u2013 Buffet parkerar sina likvida medel i Yen f\u00f6r att dollarn \u00e4r i gungning, Trump ber Japan h\u00e5rt men sn\u00e4llt att inte f\u00f6rsvara Taiwan &#8211; och Kina attackerar sen Japans finansmarknader med all ammuntion dom har som man trodde dom skulle anv\u00e4nda mot USA. Jag t\u00e4nkte f\u00f6rst att det var Kinas s\u00e4tt att komma \u00e5t USA via Japan innan jag kom p\u00e5 att Yen \u00e4r en konkurrent f\u00f6r USD i lagsporten trygg hamn vid krisl\u00e4ge, vilket Buffet precis talat om f\u00f6r oss i klartext.<\/p>\n\n\n\n<p>H\u00e4romdagen hade jag en diskussion med italienska kollegan, inte den genomkorrupte sicilianaren utan den jag kommer g\u00e5 j\u00e4mte n\u00e4r projektet drar ig\u00e5ng i v\u00e5r. Han \u00e4r vettig d\u00e5 han \u00e4r n\u00e5got s\u00e5 utrotningshotat som en schysst italienare \u2013 Regel A1 p\u00e5 alla mina projekt med en mosaik av nationaliteter och olika kulturer, viljor och bevekelsegrunder \u00e4r att hitta dom schyssta som \u00e4r n\u00e5gorlunda vettiga och klistra fast mig vi dom, sen \u00e4r man \u00e4rlig, transparent och bygger en tillit. Det brukar fungera och jag tror jag hittat det h\u00e4r projektets kandidat s\u00e5 jag anstr\u00e4nger mig att inte h\u00e4ckla Italien alltf\u00f6r mycket \u00e4ven om det \u00e4r sv\u00e5rt.<\/p>\n\n\n\n<p>Mr Milano ans\u00e5g att EU \u00e4r ungt och att vi \u00f6ver tid kommer bli starkare vilket han har r\u00e4tt i \u2013 det EU vi ser idag \u00e4r ljus\u00e5r starkare \u00e4n EU var f\u00f6r s\u00e5 lite som 30\u00e5r sedan men innan vi blir kremerade \u00e4r v\u00e4l EU ett federalt n\u00e5gonting. Vi beh\u00f6ver t\u00e5lamod var hans pizzabagar-visdom, ett steg i taget och alla drar sina spaghettistr\u00e5n till stacken \u00f6ver ett par romerska mans\u00e5ldrar (dom dog tidigt).<\/p>\n\n\n\n<p>Vet inte riktigt vad mitt str\u00e5 till stacken skulle vara och jag b\u00f6rjar bli gammal, jag flyter ovanp\u00e5 i n\u00e5n typ av internationell b\u00e5t och drabbas inte direkt av nedg\u00e5ngar i Europa men man blir lite resignerad n\u00e4r \u00f6ppna m\u00e5l missas och framf\u00f6rallt \u00e4r mina projekt ocks\u00e5 k\u00e4nsliga f\u00f6r st\u00f6rre globala kriser s\u00e5 s\u00e5nt h\u00e4r gillar jag inte alls. Projektet kommer starta om n\u00e5n m\u00e5nad s\u00e5 vi hinner komma ig\u00e5ng vilket \u00e4r en livboj f\u00f6r det brukar inte direkt regna jobberbjudanden i blodr\u00f6rda kriser &#8211; Lex mitt arbetsliv.<\/p>\n\n\n\n<p>1999 b\u00f6rjade jag plugga lite lagom sent, kom ut p\u00e5 den kvalificerade arbetsmarknaden 2004 och b\u00f6rjade direkt jobba i UK. 2008 krisen \u00f6vervintrade jag i Angola p\u00e5 olika projekt fram tills 2016, och under COVID tog jag ett jobb i Sverige vilket var i stort sett det enda land som inte st\u00e4ngde ned. Jag satt i och f\u00f6r sig fast i Kuwait med l\u00f6n och inget att g\u00f6ra f\u00f6rsta \u00e5tta m\u00e5naderna men efter att jag lyckades flyga hem st\u00e4ngde projektet ned n\u00e5gra m\u00e5nader senare, och COWI st\u00e4ngde ned sitt Dubaikontor vilka jag var anst\u00e4lld igenom s\u00e5 bra tajming.<\/p>\n\n\n\n<p>Det \u00e4r tydligt att vi \u00e4r p\u00e5 v\u00e4g tillbaka till en v\u00e4rldsordning d\u00e4r de starka g\u00f6r vad dom vill och f\u00f6rhoppningen var att EU skulle kunna vara en positiv motvikt till det.<\/p>\n\n\n\n<p>Massmordet p\u00e5 kurderna uppr\u00f6r mig n\u00e5got kolossalt\u2013 lite som Rwnada p\u00e5 90-talet d\u00e4r man br\u00e5kade om det var folkmord tills folkmordet var utf\u00f6rt. D\u00e5 kom man fram till att r\u00e4tt beteckning var folkmord och att det skulle stoppas \u2013 meddelandet gick direkt ut till 800 000st machete-m\u00f6rdade tutsier att dom var r\u00e4ddade.<\/p>\n\n\n\n<p>Screbrenica \u00e4r en annan modern klassiker \u2013 \u201dvi r\u00e4ddar er genom att massm\u00f6rda er\u201d, och de holl\u00e4ndska soldaterna st\u00e4mde staten f\u00f6r psykiskt lidande \u00f6ver all kritik dom fick utst\u00e5 efter att dom gett de serbiska massm\u00f6rdarna 10 000st bosnier dom samlat ihop s\u00e5 dom skulle klara sitt eget skinn.<\/p>\n\n\n\n<p>Det uppr\u00f6r mig att EU rullar runt och somnar om, det enda USA gjort \u00e4r att inte aktivt hj\u00e4lpa kurderna egentligen om man skall vara petig. Europa som s\u00e4ger sig st\u00e5 upp f\u00f6r hur mycket som helst av det som \u00e4r gott i v\u00e4rlden har inte ens l\u00e4rt sig stava till Rojava \u00e4nnu, och media v\u00e4grar att diskutera folkmordet \u2013 Europa \u00e4r kn\u00e4pptysta.<\/p>\n\n\n\n<p>Ja, alla andra f\u00f6rs\u00f6ker splittra EU f\u00f6r ett svagt, splittrat och skr\u00e4ckslaget EU \u00e4r bra f\u00f6r dom det \u00e4r tydligt &#8211; men det \u00e4r inte direkt 1945 l\u00e4ngre och vi \u00c4R de facto starka tillsammans \u2013 safety in numbers som termiterna brukar s\u00e4ga tills dom d\u00e4r special-myrorna dyker upp och tuggar sig igenom populationen.<\/p>\n\n\n\n<p>Det som v\u00e4l f\u00f6rmodligen h\u00e4nder i n\u00e5gorlunda n\u00e4rtid \u00e4r en finanskrasch och med det Europa visat upp senaste \u00e5ren \u2013 tror ni att vi kommer kunna st\u00e5 emot USA, Kina och Rysslands f\u00f6rs\u00f6k att knuffa \u00f6ver all slask p\u00e5 oss?<\/p>\n\n\n\n<p>Skall vi beh\u00f6va g\u00e5 igenom en 2008 igen bara f\u00f6r att vi inte kan organisera oss hj\u00e4lpligt \u2013 PIIGS var, Portugal, Ireland, Italy, Greece, Spain. Den krisen som b\u00f6rjade i USA lyckades dom fort exportera till framf\u00f6rallt Europa, Kina klarade sig ur den n\u00e5gorlunda men Ryssland blev v\u00e4l drabbat ocks\u00e5?<\/p>\n\n\n\n<p>Jag vidh\u00e5ller att USA kommer g\u00f6ra det som \u00e4r bra f\u00f6r dom trots den st\u00e4ndiga kritiken man f\u00e5r f\u00f6r att ha fr\u00e4ckheten att skriva det, men har dom nu br\u00e4nt Japan som trygg hamn s\u00e5 \u00e4r det bara UK och EU kvar i h\u00e4ndelse av en ny finanskris.<\/p>\n\n\n\n<p>Och Trump har tydligen lyckats beta UK till att ta fajten nu s\u00e5g jag.<\/p>\n\n\n\n<p><a href=\"https:\/\/www.independent.co.uk\/news\/uk\/politics\/trump-starmer-greenland-chagos-pmqs-b2904769.html\">https:\/\/www.independent.co.uk\/news\/uk\/politics\/trump-starmer-greenland-chagos-pmqs-b2904769.html<\/a><\/p>\n\n\n\n<p>Chagos var det jag gl\u00f6mde bort i f\u00f6rra inl\u00e4gget, ni k\u00e4nner det b\u00e4ttre som Diego Garcia som vi vet \u00e4r en r\u00e4tt vital flygbas f\u00f6r USA utom r\u00e4ckvidd f\u00f6r kinesiska robotar.<\/p>\n\n\n\n<p><a href=\"https:\/\/www.bbc.co.uk\/news\/live\/cp8yd7z4r24t\">https:\/\/www.bbc.co.uk\/news\/live\/cp8yd7z4r24t<\/a><\/p>\n\n\n\n<p>Onormalt kallas USA attack f\u00f6r, och USA har dessutom tidigare gr\u00f6nljusat processen s\u00e5 UK st\u00e5r d\u00e4r r\u00e4tt fr\u00e5gande till vad det \u00e4r som p\u00e5g\u00e5r \u2013 dom borde l\u00e4sa Johan No.1.<\/p>\n\n\n\n<p><a href=\"https:\/\/www.independent.co.uk\/news\/uk\/politics\/donald-trump-chagos-greenland-darren-jones-b2903714.html\">https:\/\/www.independent.co.uk\/news\/uk\/politics\/donald-trump-chagos-greenland-darren-jones-b2903714.html<\/a><\/p>\n\n\n\n<p>UK \u00e4r mycket s\u00e5rbara tack vare BREXIT som Ryssland lyckades genomdriva med lite skjuts av 2015, som ocks\u00e5 var deras design. UK \u00e4r inte l\u00e4ngre det finanscentrum dom en g\u00e5ng var, deras energiproduktion t\u00e4cker inte landets behov, deras industriproduktion \u00e4r l\u00e5g och dom har precis som hela Europa en ambition att minska jordbruket \u00e4ven om varf\u00f6r \u00e4r h\u00f6gst oklart precis som hos oss.<\/p>\n\n\n\n<p>UK fick nyligen ett handelsavtal med USA som m\u00e5lats upp som en vital livlina s\u00e5 om USA i ett h\u00f6gst r\u00e4ttf\u00e4rdigat raseri \u00f6ver n\u00e5n p\u00e5hittad of\u00f6rr\u00e4tt, efter att f\u00f6rst ha f\u00f6st in Kier Starmer i ett h\u00f6rn han bara kan boxa sig ut ur f\u00f6r sin politiska \u00f6verlevnad i Labour, klipper det avtalet &#8211; vad h\u00e4nder d\u00e5?<\/p>\n\n\n\n<p>F\u00f6rmodligen blodr\u00f6d kris i det forna Imperiet och kapitalet flyr i panik.<\/p>\n\n\n\n<p>UK-US har en Economic Prosperity Deal (EPD), ett ramverk som till del b\u00f6rjat g\u00e4lla men USA har nyligen pausat ett 40miljarder gbp avtal. Det \u00e4r p\u00e5 ett ungef\u00e4r vad jag lyckas l\u00e4sa mig till.<\/p>\n\n\n\n<p><a href=\"https:\/\/www.reuters.com\/world\/europe\/us-suspends-technology-deal-with-uk-ft-says-2025-12-16\">https:\/\/www.reuters.com\/world\/europe\/us-suspends-technology-deal-with-uk-ft-says-2025-12-16<\/a><\/p>\n\n\n\n<p>USA strategi verkar vara l\u00f6jligt enkel och f\u00f6ruts\u00e4gbar (vilket inte alls \u00e4r det samma som att man kan parera den) \u2013 dom vet att en finanskris \u00e4r p\u00e5 v\u00e4g och att dom ligger d\u00e5ligt till eftersom dom sitter p\u00e5 en AI bubbla, petrodollarn \u00e4r under attack, dom har ett berg av statsskuld och n\u00e5nting med bond markets.<\/p>\n\n\n\n<p>Planen \u00e4r att ta alla andra trygga hamnar kapitalet har att v\u00e4lja p\u00e5, br\u00e4nna ned dom och salta marken s\u00e5 kapitalet inte har n\u00e5got annat val \u00e4n att s\u00f6ka sig tillbaka till USA som trygg hamn n\u00e4r krisen kommer \u2013 USA g\u00f6r det som \u00e4r b\u00e4st f\u00f6r dom p\u00e5 bekostnad av oss andra.<\/p>\n\n\n\n<p>UK kan USA nog klara av sj\u00e4lva, jag hittar inga riktade attacker p\u00e5 UK fr\u00e5n Kina annat \u00e4n att Kina hotar med att s\u00e4ga upp alla handelsavtal f\u00f6r att UK bes\u00f6kte Taiwan i somras &#8211; men det \u00e4r inom ramen f\u00f6r begripligt agerande fr\u00e5n dom.<\/p>\n\n\n\n<p><a href=\"https:\/\/www.theguardian.com\/world\/2026\/jan\/02\/china-threatened-to-cancel-key-trade-talks-after-uk-ministers-taiwan-visit-in-june\">https:\/\/www.theguardian.com\/world\/2026\/jan\/02\/china-threatened-to-cancel-key-trade-talks-after-uk-ministers-taiwan-visit-in-june<\/a><\/p>\n\n\n\n<p>Rysslands insats blir iallafall att kapa sj\u00f6kablar till UK och med tanke p\u00e5 att UK redan idag vintertid varit n\u00e4ra m\u00f6rkl\u00e4ggning i landet s\u00e5 b\u00f6r ju ett par klippta sj\u00f6kablar kunna st\u00e4lla till det rej\u00e4lt.<\/p>\n\n\n\n<p>Vi vet fr\u00e5n \u00d6stersj\u00f6n att dragga s\u00f6nder sj\u00f6kabel \u00e4r riskfritt d\u00e5 dom klippte totalt 11st kablar hos oss och vi gjorde ingenting.<\/p>\n\n\n\n<p><a href=\"https:\/\/tvpworld.com\/90694771\/uk-warns-of-russian-deep-sea-sabotage-threat-financial-times\">https:\/\/tvpworld.com\/90694771\/uk-warns-of-russian-deep-sea-sabotage-threat-financial-times<\/a><\/p>\n\n\n\n<p><a href=\"https:\/\/tvpworld.com\/89160695\/russian-spy-ship-yantar-monitored-europes-key-underwater-infrastructure-report\">https:\/\/tvpworld.com\/89160695\/russian-spy-ship-yantar-monitored-europes-key-underwater-infrastructure-report<\/a><\/p>\n\n\n\n<p>Vi vet ocks\u00e5 att skuggflottan glider omkring helt or\u00f6rda l\u00e4ngs med v\u00e5ra kuster och i \u00d6stersj\u00f6n \u2013 hundratals fartyg.<\/p>\n\n\n\n<p>UK kommer inte kunna hantera uppsagda avtal fr\u00e5n USA och klippta sj\u00f6kablar fr\u00e5n Ryssland s\u00e5 det blir v\u00e4l l\u00e4ttfotat hos kapitalet \u2013 r\u00e4cker inte det vr\u00e4ker Trump p\u00e5 med en 100% strafftull f\u00f6r att Kier Starmer hade fr\u00e4ckheten att vakna p\u00e5 morgonen, och han backar inte.<\/p>\n\n\n\n<p>Kvar har vi d\u00e5 EU som \u00e4r den sista tillflyktsorten f\u00f6r kapitalet i h\u00e4ndelse av kris j\u00e4mte USA, och h\u00e4r beh\u00f6vs det nog mer \u00e4n n\u00e5gra klippta sj\u00f6kablar.<\/p>\n\n\n\n<p>Zulukrigarna anv\u00e4nde ofta formeringen tjuren \u2013 en frontalattack och sen tv\u00e5 flankomfattningar som alltid gick som planerat, motst\u00e5ndarna f\u00f6stes ihop mot mitten och stod sen helt omringade och ihoptr\u00e4ngda med sina l\u00e5nga spjut pekande rakt upp n\u00e4r zulu arbetade sig fram\u00e5t fr\u00e5n alla sidor med korta st\u00f6tspjut under sk\u00f6lden ist\u00e4llet. Det fungerade varje g\u00e5ng hur l\u00e4nge som helst eftersom Zulu var en v\u00e4ltr\u00e4nad milit\u00e4rmakt med enhetlig tr\u00e4ning som alla drog \u00e5t samma h\u00e5ll, och alla motst\u00e5ndarna var grupper av krigare fr\u00e5n olika stammar som poolade ihop sig f\u00f6r att m\u00f6ta angreppen och inte kunnat l\u00e4ra sig fr\u00e5n andras misstag f\u00f6r Zulu tog noll f\u00e5ngar.<\/p>\n\n\n\n<p>Ryssland kommer beh\u00f6va \u00f6ppna en konfliktyta med Europa som skapar tillr\u00e4cklig oro \u2013 min gissning har varit Baltikum, v\u00e5r \u00d6B tror det blir Gotland och det finns s\u00e4kert mer att tillg\u00e5 f\u00f6r Ryssland som vi inte identifierat \u00e4nnu \u2013 Finland passar dom sig nog f\u00f6r d\u00e5 dom inte \u00e4r helt historiel\u00f6sa.<\/p>\n\n\n\n<p>Min tanke har varit f\u00f6r Ryssland att f\u00f6rs\u00f6ka h\u00e5lla sig under NATO Artikel 5 men som det h\u00e4r utvecklar sig \u00e4r ju fr\u00e5gan om Artikel 5 ens finns kvar men att det is\u00e5fall \u00e4r ett gemensamt v\u00e5ldsamt svar fr\u00e5n Europa RU beh\u00f6ver f\u00f6rs\u00f6ka h\u00e5lla sig under.<\/p>\n\n\n\n<p>Operation Baltikum som ni redan l\u00e4st om \u2013 en vacker v\u00e5rdag v\u00e4cks vi till de avskyv\u00e4rda tonerna av sm\u00e5 gr\u00f6na m\u00e4n i Baltikum, och en dr\u00f6nar-bisv\u00e4rm \u00f6ver Fuldagapet utan nationalitetsbeteckningar som kvittrar p\u00e5 ryska. Det var mitt huvudsp\u00e5r och sedan presenterade jag en del omfall \u00f6ver n\u00e5gra inl\u00e4gg.<\/p>\n\n\n\n<p>Med samma gl\u00f6dande patriotism som sittande regeringars krav p\u00e5 v\u00e5ldsamt svar st\u00e4ller sig ytterkantspartierna och enskilda politiker i etablerade partier upp som en man och kr\u00e4ver fred i v\u00e5r tid och misstroendeomr\u00f6stningar \u2013 i hela EU.<\/p>\n\n\n\n<p>Budgetbalans vr\u00e5las det fr\u00e5n talarstolarna av alla m\u00f6jliga politiker ingen f\u00f6rst\u00e5tt stod p\u00e5 rysslands l\u00f6nelistra, och inte v\u00e5ra s\u00f6ners blod den h\u00e4r g\u00e5ngen \u2013 aldrig mer skall vi ha krig, fred i v\u00e5r tid.<\/p>\n\n\n\n<p>Ryssland har efter ett framf\u00f6rhandlat eldupph\u00f6r i Ukraina kunnat flytta hela sitt dr\u00f6narvapen upp mot gr\u00e4nsen till Poland och Baltikum. Eftersom Europa sovit sig igenom ukrainakriget har v\u00e5ra brigader inget f\u00f6rsvar mot Dr\u00f6narkrig 2025 \u2013 \u00d6B efter \u00d6B st\u00e4lls inf\u00f6r fullbordat faktum att det \u00e4r likst\u00e4llt med upps\u00e4gning och f\u00f6rverkad pension att skicka in eget lands brigader \u00f6ver gr\u00e4nsen.<\/p>\n\n\n\n<p>Alla l\u00e4nders \u00d6B g\u00f6r det n\u00e4st b\u00e4sta och f\u00f6rs\u00f6ker \u00f6vertala alla andra l\u00e4nders \u00d6B att skicka in sina brigader \u00f6ver gr\u00e4nsen ist\u00e4llet &#8211; och sen l\u00e4grar sig tystnaden. Kvar st\u00e5r de ensamma balterna och sneglar mot gr\u00e4nsen efter en hj\u00e4lp som aldrig kommer, knycklar ihop papperen med underskrivna avtal fr\u00e5n alla europeiska l\u00e4nder i tre kopior och \u00e5ngrar sig bittert att dom aldrig minerade igen gr\u00e4nsen mot Ryssland, och att dom litade p\u00e5 oss.<\/p>\n\n\n\n<p>Ukraina har sitt framf\u00f6rhandlade eldupph\u00f6r vilket lett till en enorm svekdebatt inom f\u00f6rsvarsmakten aktivt p\u00e5driven av Ryssland och landet kan inte fysiskt f\u00f6rm\u00e5 sig att \u00e5terstarta stridigheter. Framf\u00f6rallt s\u00e5 har USA lovat enorma investeringar om det inte blir nya stridigheter och Zelensky har redan fallit politiskt. Det skedde r\u00e4tt omg\u00e5ende efter att avtalet om eldupph\u00f6r ingicks eftersom Trump kr\u00e4vt det s\u00e5 det finns ingen ledning som kan \u00e5terstarta n\u00e5nting alls \u2013 det \u00e4r politiskt os\u00e4kert precis som planerat.<\/p>\n\n\n\n<p>Land efter land i Europa best\u00e4mmer sig f\u00f6r att ing\u00e5ngna avtal med Baltikum absolut g\u00e4ller och meddelar att dom inte kommer skicka n\u00e5gra f\u00f6rband till hj\u00e4lp men \u00f6nskar balterna lycka till i sin r\u00e4ttvisa frihetskamp. Vi skickar s\u00e5klart ammunition till artilleriet i fel kaliber f\u00f6r att uppr\u00e4tth\u00e5lla en fin tradition fr\u00e5n Sverige under finska vinterkriget.<\/p>\n\n\n\n<p>Andra veckan kortsluts alla solceller i Europa och det stora elavbrottet breder ut sig med start i Spanien \u2013 precis som USA sagt \u00e5t oss fanns det en kinesisk kill-switch i alla solceller vilket vi naturligtvis aldrig brytt oss om att kontrollera. Ett kollektivt ramaskri stiger upp fr\u00e5n villamattorna i SE4 d\u00e4r investerargl\u00e4djen i kinesiska solceller varit extra stor till norra Sverige stora f\u00f6rtjusning, innan lagren i alla kinesiskbyggda vindsnurror sk\u00e4r ihop och ett matchande ramaskri h\u00f6rs fr\u00e5n de norrl\u00e4ndska urskogarna. Detta samtidigt som v\u00e5ra vattenkraftverk uts\u00e4tts f\u00f6r IT attacker som \u00f6ppnar dammluckorna p\u00e5 vid gavel i n\u00e5gra dagar och m\u00e4ngden tekniker som tappar skiftnycklar p\u00e5 k\u00e4nsliga platser i v\u00e5ra k\u00e4rnkraftverk skenar. Frankrike skyller p\u00e5 f\u00f6r varmt kylvatten i floderna igen, fungerade ju sist.<\/p>\n\n\n\n<p>Trump g\u00e5r ut och meddelar Europa att dom nu f\u00e5r 100% strafftullar p\u00e5 allt eftersom all glass i alla ambassaders kylsk\u00e5p sm\u00e4lt s\u00f6nder i hela Europa \u2013 USA kan helt enkelt inte acceptera ett s\u00e5dant flagrant brott mot alla ing\u00e5ngna avtal och r\u00e4tten till liv, och han backar inte.<\/p>\n\n\n\n<p>Voila \u2013 kapitalet i Europa f\u00e5r total panik och smiter iv\u00e4g till USA, igen. Precis som Zulus fungerar det varje g\u00e5ng f\u00f6r motst\u00e5ndarna \u00e4r inte samtr\u00e4nade och anv\u00e4nder enhetlig taktik \u2013 varje land i Europa f\u00f6rs\u00f6ker klara sig b\u00e4st dom kan men banksystemet \u00e4r dessv\u00e4rre precis som eln\u00e4tet integrerat och kaskadeffekterna blir enorma.<\/p>\n\n\n\n<p>Ukraina har nu ett politiskt kaos som totalt l\u00e5st dom och f\u00f6rsvarsmakten \u00e4r ursinnig, Europa har en blodr\u00f6d l\u00e5gkonjunktur, Ryssland bygger som flitiga b\u00e4vrar upp sin f\u00f6rsvarsmakt igen efter amerikanska investeringar i deras olja och LNG, USA vet inte vad dom skall g\u00f6ra med allt kapital som str\u00f6mmar in i landet och Kina b\u00f6rjar snegla p\u00e5 Taiwan.<\/p>\n\n\n\n<p>Som jag ser det har vi i Europa tv\u00e5 vapen att tillg\u00e5 innan vi f\u00f6r n\u00e4stkommande 80 \u00e5r blir splittrade, svaga och r\u00e4dda (igen) \u2013<\/p>\n\n\n\n<p>1-att Ukraina v\u00e4ljer krig vilket dom inte verkar g\u00f6ra f\u00f6r att vi \u00e4r det s\u00e4mre alternativet just nu trots att dom bett oss p\u00e5 sina bara kn\u00e4n under fyra l\u00e5nga \u00e5r. Efter Zelenskys bredsida och Budanovs intr\u00e4de i politiken \u00e4r det tydligt att det kommer bli ett framf\u00f6rhandlat eldupph\u00f6r.<\/p>\n\n\n\n<p>Ja, Europa har ekat att vi vill ha ett eldupph\u00f6r ocks\u00e5 men dissonansen mellan en r\u00e4ttvis fred och att vi skall hj\u00e4lpa Ukraina att \u00e5terf\u00e5 sitt land till att vi nu appl\u00e5derar att dom bara beh\u00f6vde avst\u00e5 Donbass kommer vara total.<\/p>\n\n\n\n<p>2-att vi dumpar USA statsskuld vid r\u00e4tt tillf\u00e4lle, vi skall tydligen ha 9trillion USD i Europa. Detta skulle USA kunna motverka om dom dels hittar (tvingar) k\u00f6pare och FED sen avskriver sin del av skulden till exempel?<\/p>\n\n\n\n<p>Fr\u00e5gan \u00e4r hur mycket av stasskulden som ligger hos det privata n\u00e4ringslivet hos oss, och om tajmingen \u00e4r fel kommer v\u00e5ra privata institutioner k\u00f6pa p\u00e5 sig allt dom kan ist\u00e4llet n\u00e4r vi vr\u00e4ker ut v\u00e5ra dollars och vi f\u00e5r en EUR utf\u00f6rs\u00e4ljning som tillbakakaka. Kan vi lita p\u00e5 de toppr\u00e5dgivare som skall sk\u00f6ta den koordinerade attacken och att dom inte bara v\u00e4ntar p\u00e5 att f\u00e5 dumpa EUR och k\u00f6pa USD, eller att dom inte \u00e4r \u00f6verk\u00f6pta av USA redan genom mutor?<\/p>\n\n\n\n<p>Slutar garanterat med att vi inte v\u00e5gar n\u00e4r allt v\u00e4gs samman.<\/p>\n\n\n\n<p>Vill klarg\u00f6ra att vilken v\u00e4g Ukraina \u00e4n v\u00e4ljer \u00e4r det bra f\u00f6r dom \u2013 dom har inget ansvar i n\u00e5gonting och har tagit en stor f\u00f6r laget under 4 l\u00e5nga \u00e5r. Det blytunga ansvaret vilar i europas kn\u00e4 och det kommer bli en fin dissonans n\u00e4r Trump m\u00e5ste hyllas f\u00f6r freden i Ukraina f\u00f6r att Europa helt enkelt var of\u00f6rm\u00f6gna \u2013 vi var s\u00e4mre \u00e4n Trump hur fan det nu \u00e4r fysiskt m\u00f6jligt.<\/p>\n\n\n\n<p>Vi som f\u00f6ljt Ukrainakriget sedan 2022 har sedan egentligen krigsstart sagt att ges Ryssland n\u00e5gon bit mark alls \u00e4r det en win f\u00f6r Putin och med den paus han d\u00e5 skulle f\u00e5 kommer han\/Ryssland bara f\u00f6rbereda rond tv\u00e5 \u2013 det st\u00e5r sig sannolikt.<\/p>\n\n\n\n<p>Ukraina var aldrig huvudm\u00e5let utan ett delm\u00e5l som skulle ta n\u00e5gra veckor, men med Trumps hj\u00e4lp och europas totala of\u00f6rm\u00e5ga l\u00f6ste det sig \u00e4nd\u00e5 trots att Ryssland gick och f\u00f6rlorade kriget alldeles p\u00e5 egen hand flera g\u00e5nger.<\/p>\n\n\n\n<p>Jag b\u00f6rjar f\u00f6rst\u00e5 varf\u00f6r Budanov gick in i politiken \u2013 kriget \u00e4r snart slut, pussselbitarna b\u00f6rjar falla p\u00e5 plats.<\/p>\n\n\n\n<p>L\u00e4s sista stycket.<\/p>\n\n\n\n<figure class=\"wp-block-image is-resized\"><a class=\"image-link image2 is-viewable-img\" href=\"https:\/\/substackcdn.com\/image\/fetch\/$s_!eZik!,f_auto,q_auto:good,fl_progressive:steep\/https%3A%2F%2Fsubstack-post-media.s3.amazonaws.com%2Fpublic%2Fimages%2F728ff2fe-bdc6-4a6f-9f3d-d06cd5147778_828x1074.jpeg\" target=\"_blank\" rel=\"noreferrer noopener\"><img decoding=\"async\" src=\"https:\/\/substackcdn.com\/image\/fetch\/$s_!eZik!,w_1456,c_limit,f_auto,q_auto:good,fl_progressive:steep\/https%3A%2F%2Fsubstack-post-media.s3.amazonaws.com%2Fpublic%2Fimages%2F728ff2fe-bdc6-4a6f-9f3d-d06cd5147778_828x1074.jpeg\" alt=\"\" style=\"width:427px;height:auto\"\/><\/a><\/figure>\n\n\n\n<p>Vi har v\u00e4l de politiker vi f\u00f6rtj\u00e4nar men Napoleon roterar i sin grav just nu. Ja, jag kommer uppfattas som en krigshetsare framledes men att n\u00e5 v\u00e5rt Chamberlain moment efter ett fyra \u00e5r l\u00e5ngt ukrainskt offer och dessutom bli slasken i en finanskris vi inte \u00e4r skyldiga till \u00e4r s\u00e5 o\u00e4ndligt on\u00f6digt och Europa kommer f\u00e5 sv\u00e5ra \u00e5r eftersom vi hade svaga politiker i goda tider.<\/p>\n","protected":false},"excerpt":{"rendered":"<p>Skrevs i fredags och postades idag s\u00e5 ber om urs\u00e4kt om n\u00e5got h\u00e4nt under helgen. Jag b\u00f6rjar f\u00e5 slut p\u00e5 [&hellip;]<\/p>\n","protected":false},"author":3,"featured_media":0,"comment_status":"open","ping_status":"open","sticky":false,"template":"","format":"standard","meta":{"site-sidebar-layout":"default","site-content-layout":"","ast-site-content-layout":"default","site-content-style":"default","site-sidebar-style":"default","ast-global-header-display":"","ast-banner-title-visibility":"","ast-main-header-display":"","ast-hfb-above-header-display":"","ast-hfb-below-header-display":"","ast-hfb-mobile-header-display":"","site-post-title":"","ast-breadcrumbs-content":"","ast-featured-img":"","footer-sml-layout":"","ast-disable-related-posts":"","theme-transparent-header-meta":"","adv-header-id-meta":"","stick-header-meta":"","header-above-stick-meta":"","header-main-stick-meta":"","header-below-stick-meta":"","astra-migrate-meta-layouts":"default","ast-page-background-enabled":"default","ast-page-background-meta":{"desktop":{"background-color":"var(--ast-global-color-4)","background-image":"","background-repeat":"repeat","background-position":"center center","background-size":"auto","background-attachment":"scroll","background-type":"","background-media":"","overlay-type":"","overlay-color":"","overlay-opacity":"","overlay-gradient":""},"tablet":{"background-color":"","background-image":"","background-repeat":"repeat","background-position":"center center","background-size":"auto","background-attachment":"scroll","background-type":"","background-media":"","overlay-type":"","overlay-color":"","overlay-opacity":"","overlay-gradient":""},"mobile":{"background-color":"","background-image":"","background-repeat":"repeat","background-position":"center center","background-size":"auto","background-attachment":"scroll","background-type":"","background-media":"","overlay-type":"","overlay-color":"","overlay-opacity":"","overlay-gradient":""}},"ast-content-background-meta":{"desktop":{"background-color":"var(--ast-global-color-5)","background-image":"","background-repeat":"repeat","background-position":"center center","background-size":"auto","background-attachment":"scroll","background-type":"","background-media":"","overlay-type":"","overlay-color":"","overlay-opacity":"","overlay-gradient":""},"tablet":{"background-color":"var(--ast-global-color-5)","background-image":"","background-repeat":"repeat","background-position":"center center","background-size":"auto","background-attachment":"scroll","background-type":"","background-media":"","overlay-type":"","overlay-color":"","overlay-opacity":"","overlay-gradient":""},"mobile":{"background-color":"var(--ast-global-color-5)","background-image":"","background-repeat":"repeat","background-position":"center center","background-size":"auto","background-attachment":"scroll","background-type":"","background-media":"","overlay-type":"","overlay-color":"","overlay-opacity":"","overlay-gradient":""}},"footnotes":""},"categories":[18],"tags":[],"class_list":["post-3892","post","type-post","status-publish","format-standard","hentry","category-ukraina"],"yoast_head":"<!-- This site is optimized with the Yoast SEO plugin v27.5 - https:\/\/yoast.com\/product\/yoast-seo-wordpress\/ -->\n<title>Fred i v\u00e5r tid, 26 Januari 2026 -<\/title>\n<meta name=\"robots\" content=\"index, follow, max-snippet:-1, max-image-preview:large, max-video-preview:-1\" \/>\n<link rel=\"canonical\" href=\"https:\/\/johanno1.se\/sv\/fred-i-var-tid-26-januari-2026\/\" \/>\n<meta property=\"og:locale\" content=\"sv_SE\" \/>\n<meta property=\"og:type\" content=\"article\" \/>\n<meta property=\"og:title\" content=\"Fred i v\u00e5r tid, 26 Januari 2026 -\" \/>\n<meta property=\"og:description\" content=\"Skrevs i fredags och postades idag s\u00e5 ber om urs\u00e4kt om n\u00e5got h\u00e4nt under helgen. Jag b\u00f6rjar f\u00e5 slut p\u00e5 [&hellip;]\" \/>\n<meta property=\"og:url\" content=\"https:\/\/johanno1.se\/sv\/fred-i-var-tid-26-januari-2026\/\" \/>\n<meta property=\"og:site_name\" content=\"Johan No.1\" \/>\n<meta property=\"article:published_time\" content=\"2026-01-26T06:01:00+00:00\" \/>\n<meta property=\"article:modified_time\" content=\"2026-01-27T22:05:36+00:00\" \/>\n<meta property=\"og:image\" content=\"https:\/\/substackcdn.com\/image\/fetch\/$s_!IYy6!,w_1456,c_limit,f_auto,q_auto:good,fl_progressive:steep\/https%3A%2F%2Fsubstack-post-media.s3.amazonaws.com%2Fpublic%2Fimages%2Ffbf7bb00-8232-4e3c-9dac-d0a7702a8c2a_828x1109.jpeg\" \/>\n<meta name=\"author\" content=\"johan No.1\" \/>\n<meta name=\"twitter:card\" content=\"summary_large_image\" \/>\n<meta name=\"twitter:label1\" content=\"Skriven av\" \/>\n\t<meta name=\"twitter:data1\" content=\"johan No.1\" \/>\n\t<meta name=\"twitter:label2\" content=\"Ber\u00e4knad l\u00e4stid\" \/>\n\t<meta name=\"twitter:data2\" content=\"15 minuter\" \/>\n<script type=\"application\/ld+json\" class=\"yoast-schema-graph\">{\"@context\":\"https:\\\/\\\/schema.org\",\"@graph\":[{\"@type\":\"Article\",\"@id\":\"https:\\\/\\\/johanno1.se\\\/sv\\\/fred-i-var-tid-26-januari-2026\\\/#article\",\"isPartOf\":{\"@id\":\"https:\\\/\\\/johanno1.se\\\/sv\\\/fred-i-var-tid-26-januari-2026\\\/\"},\"author\":{\"name\":\"johan No.1\",\"@id\":\"https:\\\/\\\/johanno1.se\\\/sv\\\/#\\\/schema\\\/person\\\/1dec165f070bde263b30eaf3c0a742e7\"},\"headline\":\"Fred i v\u00e5r tid, 26 Januari 2026\",\"datePublished\":\"2026-01-26T06:01:00+00:00\",\"dateModified\":\"2026-01-27T22:05:36+00:00\",\"mainEntityOfPage\":{\"@id\":\"https:\\\/\\\/johanno1.se\\\/sv\\\/fred-i-var-tid-26-januari-2026\\\/\"},\"wordCount\":3380,\"commentCount\":24,\"publisher\":{\"@id\":\"https:\\\/\\\/johanno1.se\\\/sv\\\/#organization\"},\"image\":{\"@id\":\"https:\\\/\\\/johanno1.se\\\/sv\\\/fred-i-var-tid-26-januari-2026\\\/#primaryimage\"},\"thumbnailUrl\":\"https:\\\/\\\/substackcdn.com\\\/image\\\/fetch\\\/$s_!IYy6!,w_1456,c_limit,f_auto,q_auto:good,fl_progressive:steep\\\/https%3A%2F%2Fsubstack-post-media.s3.amazonaws.com%2Fpublic%2Fimages%2Ffbf7bb00-8232-4e3c-9dac-d0a7702a8c2a_828x1109.jpeg\",\"articleSection\":[\"Kriget i Ukraina\"],\"inLanguage\":\"sv-SE\",\"potentialAction\":[{\"@type\":\"CommentAction\",\"name\":\"Comment\",\"target\":[\"https:\\\/\\\/johanno1.se\\\/sv\\\/fred-i-var-tid-26-januari-2026\\\/#respond\"]}]},{\"@type\":\"WebPage\",\"@id\":\"https:\\\/\\\/johanno1.se\\\/sv\\\/fred-i-var-tid-26-januari-2026\\\/\",\"url\":\"https:\\\/\\\/johanno1.se\\\/sv\\\/fred-i-var-tid-26-januari-2026\\\/\",\"name\":\"Fred i v\u00e5r tid, 26 Januari 2026 -\",\"isPartOf\":{\"@id\":\"https:\\\/\\\/johanno1.se\\\/sv\\\/#website\"},\"primaryImageOfPage\":{\"@id\":\"https:\\\/\\\/johanno1.se\\\/sv\\\/fred-i-var-tid-26-januari-2026\\\/#primaryimage\"},\"image\":{\"@id\":\"https:\\\/\\\/johanno1.se\\\/sv\\\/fred-i-var-tid-26-januari-2026\\\/#primaryimage\"},\"thumbnailUrl\":\"https:\\\/\\\/substackcdn.com\\\/image\\\/fetch\\\/$s_!IYy6!,w_1456,c_limit,f_auto,q_auto:good,fl_progressive:steep\\\/https%3A%2F%2Fsubstack-post-media.s3.amazonaws.com%2Fpublic%2Fimages%2Ffbf7bb00-8232-4e3c-9dac-d0a7702a8c2a_828x1109.jpeg\",\"datePublished\":\"2026-01-26T06:01:00+00:00\",\"dateModified\":\"2026-01-27T22:05:36+00:00\",\"breadcrumb\":{\"@id\":\"https:\\\/\\\/johanno1.se\\\/sv\\\/fred-i-var-tid-26-januari-2026\\\/#breadcrumb\"},\"inLanguage\":\"sv-SE\",\"potentialAction\":[{\"@type\":\"ReadAction\",\"target\":[\"https:\\\/\\\/johanno1.se\\\/sv\\\/fred-i-var-tid-26-januari-2026\\\/\"]}]},{\"@type\":\"ImageObject\",\"inLanguage\":\"sv-SE\",\"@id\":\"https:\\\/\\\/johanno1.se\\\/sv\\\/fred-i-var-tid-26-januari-2026\\\/#primaryimage\",\"url\":\"https:\\\/\\\/substackcdn.com\\\/image\\\/fetch\\\/$s_!IYy6!,w_1456,c_limit,f_auto,q_auto:good,fl_progressive:steep\\\/https%3A%2F%2Fsubstack-post-media.s3.amazonaws.com%2Fpublic%2Fimages%2Ffbf7bb00-8232-4e3c-9dac-d0a7702a8c2a_828x1109.jpeg\",\"contentUrl\":\"https:\\\/\\\/substackcdn.com\\\/image\\\/fetch\\\/$s_!IYy6!,w_1456,c_limit,f_auto,q_auto:good,fl_progressive:steep\\\/https%3A%2F%2Fsubstack-post-media.s3.amazonaws.com%2Fpublic%2Fimages%2Ffbf7bb00-8232-4e3c-9dac-d0a7702a8c2a_828x1109.jpeg\"},{\"@type\":\"BreadcrumbList\",\"@id\":\"https:\\\/\\\/johanno1.se\\\/sv\\\/fred-i-var-tid-26-januari-2026\\\/#breadcrumb\",\"itemListElement\":[{\"@type\":\"ListItem\",\"position\":1,\"name\":\"Hem\",\"item\":\"https:\\\/\\\/johanno1.se\\\/sv\\\/\"},{\"@type\":\"ListItem\",\"position\":2,\"name\":\"Fred i v\u00e5r tid, 26 Januari 2026\"}]},{\"@type\":\"WebSite\",\"@id\":\"https:\\\/\\\/johanno1.se\\\/sv\\\/#website\",\"url\":\"https:\\\/\\\/johanno1.se\\\/sv\\\/\",\"name\":\"Johan No.1\",\"description\":\"Kriget i Ukraina - V\u00e4rldsledande omv\u00e4rldsanalys fr\u00e5n Svensksund till den ryska brakf\u00f6rlusten i Ukraina\",\"publisher\":{\"@id\":\"https:\\\/\\\/johanno1.se\\\/sv\\\/#organization\"},\"potentialAction\":[{\"@type\":\"SearchAction\",\"target\":{\"@type\":\"EntryPoint\",\"urlTemplate\":\"https:\\\/\\\/johanno1.se\\\/sv\\\/?s={search_term_string}\"},\"query-input\":{\"@type\":\"PropertyValueSpecification\",\"valueRequired\":true,\"valueName\":\"search_term_string\"}}],\"inLanguage\":\"sv-SE\"},{\"@type\":\"Organization\",\"@id\":\"https:\\\/\\\/johanno1.se\\\/sv\\\/#organization\",\"name\":\"Johan No. 1\",\"url\":\"https:\\\/\\\/johanno1.se\\\/sv\\\/\",\"logo\":{\"@type\":\"ImageObject\",\"inLanguage\":\"sv-SE\",\"@id\":\"https:\\\/\\\/johanno1.se\\\/sv\\\/#\\\/schema\\\/logo\\\/image\\\/\",\"url\":\"https:\\\/\\\/johanno1.se\\\/wp-content\\\/uploads\\\/2025\\\/03\\\/cropped-No1-Logo.png\",\"contentUrl\":\"https:\\\/\\\/johanno1.se\\\/wp-content\\\/uploads\\\/2025\\\/03\\\/cropped-No1-Logo.png\",\"width\":512,\"height\":512,\"caption\":\"Johan No. 1\"},\"image\":{\"@id\":\"https:\\\/\\\/johanno1.se\\\/sv\\\/#\\\/schema\\\/logo\\\/image\\\/\"}},{\"@type\":\"Person\",\"@id\":\"https:\\\/\\\/johanno1.se\\\/sv\\\/#\\\/schema\\\/person\\\/1dec165f070bde263b30eaf3c0a742e7\",\"name\":\"johan No.1\",\"image\":{\"@type\":\"ImageObject\",\"inLanguage\":\"sv-SE\",\"@id\":\"https:\\\/\\\/secure.gravatar.com\\\/avatar\\\/06f93864ed6b830e2782e60575fff112f1c61c52bb10b194131e0e333191695b?s=96&d=mm&r=g\",\"url\":\"https:\\\/\\\/secure.gravatar.com\\\/avatar\\\/06f93864ed6b830e2782e60575fff112f1c61c52bb10b194131e0e333191695b?s=96&d=mm&r=g\",\"contentUrl\":\"https:\\\/\\\/secure.gravatar.com\\\/avatar\\\/06f93864ed6b830e2782e60575fff112f1c61c52bb10b194131e0e333191695b?s=96&d=mm&r=g\",\"caption\":\"johan No.1\"},\"url\":\"https:\\\/\\\/johanno1.se\\\/sv\\\/author\\\/johan\\\/\"}]}<\/script>\n<!-- \/ Yoast SEO plugin. -->","yoast_head_json":{"title":"Fred i v\u00e5r tid, 26 Januari 2026 -","robots":{"index":"index","follow":"follow","max-snippet":"max-snippet:-1","max-image-preview":"max-image-preview:large","max-video-preview":"max-video-preview:-1"},"canonical":"https:\/\/johanno1.se\/sv\/fred-i-var-tid-26-januari-2026\/","og_locale":"sv_SE","og_type":"article","og_title":"Fred i v\u00e5r tid, 26 Januari 2026 -","og_description":"Skrevs i fredags och postades idag s\u00e5 ber om urs\u00e4kt om n\u00e5got h\u00e4nt under helgen. Jag b\u00f6rjar f\u00e5 slut p\u00e5 [&hellip;]","og_url":"https:\/\/johanno1.se\/sv\/fred-i-var-tid-26-januari-2026\/","og_site_name":"Johan No.1","article_published_time":"2026-01-26T06:01:00+00:00","article_modified_time":"2026-01-27T22:05:36+00:00","og_image":[{"url":"https:\/\/substackcdn.com\/image\/fetch\/$s_!IYy6!,w_1456,c_limit,f_auto,q_auto:good,fl_progressive:steep\/https%3A%2F%2Fsubstack-post-media.s3.amazonaws.com%2Fpublic%2Fimages%2Ffbf7bb00-8232-4e3c-9dac-d0a7702a8c2a_828x1109.jpeg","type":"","width":"","height":""}],"author":"johan No.1","twitter_card":"summary_large_image","twitter_misc":{"Skriven av":"johan No.1","Ber\u00e4knad l\u00e4stid":"15 minuter"},"schema":{"@context":"https:\/\/schema.org","@graph":[{"@type":"Article","@id":"https:\/\/johanno1.se\/sv\/fred-i-var-tid-26-januari-2026\/#article","isPartOf":{"@id":"https:\/\/johanno1.se\/sv\/fred-i-var-tid-26-januari-2026\/"},"author":{"name":"johan No.1","@id":"https:\/\/johanno1.se\/sv\/#\/schema\/person\/1dec165f070bde263b30eaf3c0a742e7"},"headline":"Fred i v\u00e5r tid, 26 Januari 2026","datePublished":"2026-01-26T06:01:00+00:00","dateModified":"2026-01-27T22:05:36+00:00","mainEntityOfPage":{"@id":"https:\/\/johanno1.se\/sv\/fred-i-var-tid-26-januari-2026\/"},"wordCount":3380,"commentCount":24,"publisher":{"@id":"https:\/\/johanno1.se\/sv\/#organization"},"image":{"@id":"https:\/\/johanno1.se\/sv\/fred-i-var-tid-26-januari-2026\/#primaryimage"},"thumbnailUrl":"https:\/\/substackcdn.com\/image\/fetch\/$s_!IYy6!,w_1456,c_limit,f_auto,q_auto:good,fl_progressive:steep\/https%3A%2F%2Fsubstack-post-media.s3.amazonaws.com%2Fpublic%2Fimages%2Ffbf7bb00-8232-4e3c-9dac-d0a7702a8c2a_828x1109.jpeg","articleSection":["Kriget i Ukraina"],"inLanguage":"sv-SE","potentialAction":[{"@type":"CommentAction","name":"Comment","target":["https:\/\/johanno1.se\/sv\/fred-i-var-tid-26-januari-2026\/#respond"]}]},{"@type":"WebPage","@id":"https:\/\/johanno1.se\/sv\/fred-i-var-tid-26-januari-2026\/","url":"https:\/\/johanno1.se\/sv\/fred-i-var-tid-26-januari-2026\/","name":"Fred i v\u00e5r tid, 26 Januari 2026 -","isPartOf":{"@id":"https:\/\/johanno1.se\/sv\/#website"},"primaryImageOfPage":{"@id":"https:\/\/johanno1.se\/sv\/fred-i-var-tid-26-januari-2026\/#primaryimage"},"image":{"@id":"https:\/\/johanno1.se\/sv\/fred-i-var-tid-26-januari-2026\/#primaryimage"},"thumbnailUrl":"https:\/\/substackcdn.com\/image\/fetch\/$s_!IYy6!,w_1456,c_limit,f_auto,q_auto:good,fl_progressive:steep\/https%3A%2F%2Fsubstack-post-media.s3.amazonaws.com%2Fpublic%2Fimages%2Ffbf7bb00-8232-4e3c-9dac-d0a7702a8c2a_828x1109.jpeg","datePublished":"2026-01-26T06:01:00+00:00","dateModified":"2026-01-27T22:05:36+00:00","breadcrumb":{"@id":"https:\/\/johanno1.se\/sv\/fred-i-var-tid-26-januari-2026\/#breadcrumb"},"inLanguage":"sv-SE","potentialAction":[{"@type":"ReadAction","target":["https:\/\/johanno1.se\/sv\/fred-i-var-tid-26-januari-2026\/"]}]},{"@type":"ImageObject","inLanguage":"sv-SE","@id":"https:\/\/johanno1.se\/sv\/fred-i-var-tid-26-januari-2026\/#primaryimage","url":"https:\/\/substackcdn.com\/image\/fetch\/$s_!IYy6!,w_1456,c_limit,f_auto,q_auto:good,fl_progressive:steep\/https%3A%2F%2Fsubstack-post-media.s3.amazonaws.com%2Fpublic%2Fimages%2Ffbf7bb00-8232-4e3c-9dac-d0a7702a8c2a_828x1109.jpeg","contentUrl":"https:\/\/substackcdn.com\/image\/fetch\/$s_!IYy6!,w_1456,c_limit,f_auto,q_auto:good,fl_progressive:steep\/https%3A%2F%2Fsubstack-post-media.s3.amazonaws.com%2Fpublic%2Fimages%2Ffbf7bb00-8232-4e3c-9dac-d0a7702a8c2a_828x1109.jpeg"},{"@type":"BreadcrumbList","@id":"https:\/\/johanno1.se\/sv\/fred-i-var-tid-26-januari-2026\/#breadcrumb","itemListElement":[{"@type":"ListItem","position":1,"name":"Hem","item":"https:\/\/johanno1.se\/sv\/"},{"@type":"ListItem","position":2,"name":"Fred i v\u00e5r tid, 26 Januari 2026"}]},{"@type":"WebSite","@id":"https:\/\/johanno1.se\/sv\/#website","url":"https:\/\/johanno1.se\/sv\/","name":"Johan No.1","description":"Kriget i Ukraina - V\u00e4rldsledande omv\u00e4rldsanalys fr\u00e5n Svensksund till den ryska brakf\u00f6rlusten i Ukraina","publisher":{"@id":"https:\/\/johanno1.se\/sv\/#organization"},"potentialAction":[{"@type":"SearchAction","target":{"@type":"EntryPoint","urlTemplate":"https:\/\/johanno1.se\/sv\/?s={search_term_string}"},"query-input":{"@type":"PropertyValueSpecification","valueRequired":true,"valueName":"search_term_string"}}],"inLanguage":"sv-SE"},{"@type":"Organization","@id":"https:\/\/johanno1.se\/sv\/#organization","name":"Johan No. 1","url":"https:\/\/johanno1.se\/sv\/","logo":{"@type":"ImageObject","inLanguage":"sv-SE","@id":"https:\/\/johanno1.se\/sv\/#\/schema\/logo\/image\/","url":"https:\/\/johanno1.se\/wp-content\/uploads\/2025\/03\/cropped-No1-Logo.png","contentUrl":"https:\/\/johanno1.se\/wp-content\/uploads\/2025\/03\/cropped-No1-Logo.png","width":512,"height":512,"caption":"Johan No. 1"},"image":{"@id":"https:\/\/johanno1.se\/sv\/#\/schema\/logo\/image\/"}},{"@type":"Person","@id":"https:\/\/johanno1.se\/sv\/#\/schema\/person\/1dec165f070bde263b30eaf3c0a742e7","name":"johan No.1","image":{"@type":"ImageObject","inLanguage":"sv-SE","@id":"https:\/\/secure.gravatar.com\/avatar\/06f93864ed6b830e2782e60575fff112f1c61c52bb10b194131e0e333191695b?s=96&d=mm&r=g","url":"https:\/\/secure.gravatar.com\/avatar\/06f93864ed6b830e2782e60575fff112f1c61c52bb10b194131e0e333191695b?s=96&d=mm&r=g","contentUrl":"https:\/\/secure.gravatar.com\/avatar\/06f93864ed6b830e2782e60575fff112f1c61c52bb10b194131e0e333191695b?s=96&d=mm&r=g","caption":"johan No.1"},"url":"https:\/\/johanno1.se\/sv\/author\/johan\/"}]}},"_links":{"self":[{"href":"https:\/\/johanno1.se\/sv\/wp-json\/wp\/v2\/posts\/3892","targetHints":{"allow":["GET"]}}],"collection":[{"href":"https:\/\/johanno1.se\/sv\/wp-json\/wp\/v2\/posts"}],"about":[{"href":"https:\/\/johanno1.se\/sv\/wp-json\/wp\/v2\/types\/post"}],"author":[{"embeddable":true,"href":"https:\/\/johanno1.se\/sv\/wp-json\/wp\/v2\/users\/3"}],"replies":[{"embeddable":true,"href":"https:\/\/johanno1.se\/sv\/wp-json\/wp\/v2\/comments?post=3892"}],"version-history":[{"count":1,"href":"https:\/\/johanno1.se\/sv\/wp-json\/wp\/v2\/posts\/3892\/revisions"}],"predecessor-version":[{"id":3893,"href":"https:\/\/johanno1.se\/sv\/wp-json\/wp\/v2\/posts\/3892\/revisions\/3893"}],"wp:attachment":[{"href":"https:\/\/johanno1.se\/sv\/wp-json\/wp\/v2\/media?parent=3892"}],"wp:term":[{"taxonomy":"category","embeddable":true,"href":"https:\/\/johanno1.se\/sv\/wp-json\/wp\/v2\/categories?post=3892"},{"taxonomy":"post_tag","embeddable":true,"href":"https:\/\/johanno1.se\/sv\/wp-json\/wp\/v2\/tags?post=3892"}],"curies":[{"name":"wp","href":"https:\/\/api.w.org\/{rel}","templated":true}]}}