{"id":3901,"date":"2026-01-25T08:03:50","date_gmt":"2026-01-25T07:03:50","guid":{"rendered":"https:\/\/johanno1.se\/?p=3901"},"modified":"2026-01-25T22:17:23","modified_gmt":"2026-01-25T21:17:23","slug":"ukraina-har-genomfort-attacker-i-bade-belgorod-och-smolensk","status":"publish","type":"post","link":"https:\/\/johanno1.se\/sv\/ukraina-har-genomfort-attacker-i-bade-belgorod-och-smolensk\/","title":{"rendered":"Ukraina har genomf\u00f6rt attacker i  b\u00e5de Belgorod och Smolensk"},"content":{"rendered":"\n<h2 class=\"wp-block-heading\">Belgorod<\/h2>\n\n\n\n<p>Enligt guven\u00f6ren ska staden Belgrod blivit utsatt f\u00f6r den mest omfattande Ukrainska attacken hittills och man h\u00e4vdar \u00e4ven att HIMARS skulle ha anv\u00e4nts.. Enligt uppgifter ska ingen ha skadats d\u00e4remot drabbades energiinfrastrukturen. Uppgifterna \u00e4r \u00e4n s\u00e5 l\u00e4nge obekr\u00e4ftade. Ukraina har p\u00e5 senare tid riktat in sig alltmer p\u00e5 rysk energif\u00f6rs\u00f6rjning d\u00e5 man attackerar b\u00e5de infrastrukturen, kraftv\u00e4rmeverk och st\u00e4llverk. Delar av den ryska befolkningen f\u00e5r nu k\u00e4nn p\u00e5 hur det \u00e4r att vara utan el och v\u00e4rme under vintern. L\u00e4s mer hos <a href=\"https:\/\/kyivindependent.com\/belgorod-under-heavy-fire-in-most-massive-attack-russian-governor-claims\/\" target=\"_blank\" rel=\"noreferrer noopener nofollow\">Kyiv Independent<\/a>.<\/p>\n\n\n\n<h2 class=\"wp-block-heading\">Smolensk<\/h2>\n\n\n\n<p>Enligt filmer och rykten som har sl\u00e4ppts fr\u00e5n Dorogobuzh i Smolensk brinner det kraftigt och det tros vara fr\u00e5n den kemiska fabriken. Det ska \u00e4ven finnas ett kraftv\u00e4rmeverk i n\u00e4rheten.  Ut\u00f6ver det finns det \u00e4ven filmer som visar att oljeraffinaderiet i Yaroslavl st\u00e5r i brand.<br>L\u00e4s mer <a href=\"https:\/\/bsky.app\/profile\/babayagafella.bsky.social\/post\/3md7glftoec2h\" target=\"_blank\" rel=\"noreferrer noopener nofollow\">h\u00e4r<\/a> och <a href=\"https:\/\/bsky.app\/profile\/babayagafella.bsky.social\/post\/3md7gj4k3rc2h\" target=\"_blank\" rel=\"noreferrer noopener\">h\u00e4r<\/a>.<\/p>\n\n\n\n<h2 class=\"wp-block-heading\">Ryska f\u00f6rluster<\/h2>\n\n\n\n<p>Kriget i Ukraina fortg\u00e5r trots &#8221;konstruktiva&#8221; fredsf\u00f6rhandlingar i Abu Dhabi. De ryska nattliga attackerna mot Ukraina forts\u00e4tter med of\u00f6rminskad styrka samtidigt som Ryssland forts\u00e4tter ta h\u00f6ga f\u00f6rluster vid fronterna.<\/p>\n\n\n\n<ul class=\"wp-block-list\">\n<li>1020 KWIA <\/li>\n\n\n\n<li>2 Tanks <\/li>\n\n\n\n<li>1 AFVs <\/li>\n\n\n\n<li>32 Artillery systems <\/li>\n\n\n\n<li>1 MLRS <\/li>\n\n\n\n<li>3 Air defense systems <\/li>\n\n\n\n<li>847 UAVs <\/li>\n\n\n\n<li>15 Cruise missiles <\/li>\n\n\n\n<li>115 Vehicles &amp; fuel tanks<\/li>\n<\/ul>\n\n\n\n<figure class=\"wp-block-image size-full losses\"><img loading=\"lazy\" decoding=\"async\" width=\"512\" height=\"640\" src=\"https:\/\/johanno1.se\/wp-content\/uploads\/2026\/01\/2026-01-25.jpg\" alt=\"\" class=\"wp-image-3902\" srcset=\"https:\/\/johanno1.se\/wp-content\/uploads\/2026\/01\/2026-01-25.jpg 512w, https:\/\/johanno1.se\/wp-content\/uploads\/2026\/01\/2026-01-25-240x300.jpg 240w\" sizes=\"auto, (max-width: 512px) 100vw, 512px\" \/><\/figure>\n\n\n\n<p><\/p>\n\n\n\n<h2 class=\"wp-block-heading\">Ryska aktiviteter vid fronten<\/h2>\n\n\n\n<p>Fortsatt h\u00f6ga antal KAB och dr\u00f6nare.<\/p>\n\n\n\n<ul class=\"wp-block-list\">\n<li>127 Strider<\/li>\n\n\n\n<li>95 Flyganfall (var 25 robotar)<\/li>\n\n\n\n<li>248 KAB<\/li>\n\n\n\n<li>3 720 Granater (varav 112 fr\u00e5n MLRS)<\/li>\n\n\n\n<li>7 503 Sj\u00e4lvmordsdr\u00f6nare<\/li>\n<\/ul>\n\n\n\n<p><strong>SLAVA UKRAINI<\/strong><\/p>\n","protected":false},"excerpt":{"rendered":"<p>Belgorod Enligt guven\u00f6ren ska staden Belgrod blivit utsatt f\u00f6r den mest omfattande Ukrainska attacken hittills och man h\u00e4vdar \u00e4ven att [&hellip;]<\/p>\n","protected":false},"author":1,"featured_media":805,"comment_status":"open","ping_status":"open","sticky":false,"template":"","format":"standard","meta":{"site-sidebar-layout":"default","site-content-layout":"","ast-site-content-layout":"default","site-content-style":"default","site-sidebar-style":"default","ast-global-header-display":"","ast-banner-title-visibility":"","ast-main-header-display":"","ast-hfb-above-header-display":"","ast-hfb-below-header-display":"","ast-hfb-mobile-header-display":"","site-post-title":"","ast-breadcrumbs-content":"","ast-featured-img":"","footer-sml-layout":"","ast-disable-related-posts":"","theme-transparent-header-meta":"","adv-header-id-meta":"","stick-header-meta":"","header-above-stick-meta":"","header-main-stick-meta":"","header-below-stick-meta":"","astra-migrate-meta-layouts":"default","ast-page-background-enabled":"default","ast-page-background-meta":{"desktop":{"background-color":"var(--ast-global-color-4)","background-image":"","background-repeat":"repeat","background-position":"center center","background-size":"auto","background-attachment":"scroll","background-type":"","background-media":"","overlay-type":"","overlay-color":"","overlay-opacity":"","overlay-gradient":""},"tablet":{"background-color":"","background-image":"","background-repeat":"repeat","background-position":"center center","background-size":"auto","background-attachment":"scroll","background-type":"","background-media":"","overlay-type":"","overlay-color":"","overlay-opacity":"","overlay-gradient":""},"mobile":{"background-color":"","background-image":"","background-repeat":"repeat","background-position":"center center","background-size":"auto","background-attachment":"scroll","background-type":"","background-media":"","overlay-type":"","overlay-color":"","overlay-opacity":"","overlay-gradient":""}},"ast-content-background-meta":{"desktop":{"background-color":"var(--ast-global-color-5)","background-image":"","background-repeat":"repeat","background-position":"center center","background-size":"auto","background-attachment":"scroll","background-type":"","background-media":"","overlay-type":"","overlay-color":"","overlay-opacity":"","overlay-gradient":""},"tablet":{"background-color":"var(--ast-global-color-5)","background-image":"","background-repeat":"repeat","background-position":"center center","background-size":"auto","background-attachment":"scroll","background-type":"","background-media":"","overlay-type":"","overlay-color":"","overlay-opacity":"","overlay-gradient":""},"mobile":{"background-color":"var(--ast-global-color-5)","background-image":"","background-repeat":"repeat","background-position":"center center","background-size":"auto","background-attachment":"scroll","background-type":"","background-media":"","overlay-type":"","overlay-color":"","overlay-opacity":"","overlay-gradient":""}},"footnotes":""},"categories":[18],"tags":[],"class_list":["post-3901","post","type-post","status-publish","format-standard","has-post-thumbnail","hentry","category-ukraina"],"yoast_head":"<!-- This site is optimized with the Yoast SEO plugin v27.5 - https:\/\/yoast.com\/product\/yoast-seo-wordpress\/ -->\n<title>Ukraina har genomf\u00f6rt attacker i b\u00e5de Belgorod och Smolensk - Kriget i Ukraina<\/title>\n<meta name=\"robots\" content=\"index, follow, max-snippet:-1, max-image-preview:large, max-video-preview:-1\" \/>\n<link rel=\"canonical\" href=\"https:\/\/johanno1.se\/sv\/ukraina-har-genomfort-attacker-i-bade-belgorod-och-smolensk\/\" \/>\n<meta property=\"og:locale\" content=\"sv_SE\" \/>\n<meta property=\"og:type\" content=\"article\" \/>\n<meta property=\"og:title\" content=\"Ukraina har genomf\u00f6rt attacker i b\u00e5de Belgorod och Smolensk - Kriget i Ukraina\" \/>\n<meta property=\"og:description\" content=\"Belgorod Enligt guven\u00f6ren ska staden Belgrod blivit utsatt f\u00f6r den mest omfattande Ukrainska attacken hittills och man h\u00e4vdar \u00e4ven att [&hellip;]\" \/>\n<meta property=\"og:url\" content=\"https:\/\/johanno1.se\/sv\/ukraina-har-genomfort-attacker-i-bade-belgorod-och-smolensk\/\" \/>\n<meta property=\"og:site_name\" content=\"Johan No.1\" \/>\n<meta property=\"article:published_time\" content=\"2026-01-25T07:03:50+00:00\" \/>\n<meta property=\"article:modified_time\" content=\"2026-01-25T21:17:23+00:00\" \/>\n<meta property=\"og:image\" content=\"https:\/\/johanno1.se\/wp-content\/uploads\/2025\/04\/UkraineFlag.png\" \/>\n\t<meta property=\"og:image:width\" content=\"642\" \/>\n\t<meta property=\"og:image:height\" content=\"384\" \/>\n\t<meta property=\"og:image:type\" content=\"image\/png\" \/>\n<meta name=\"author\" content=\"MXT\" \/>\n<meta name=\"twitter:card\" content=\"summary_large_image\" \/>\n<meta name=\"twitter:creator\" content=\"@MatsExtrude\" \/>\n<meta name=\"twitter:label1\" content=\"Skriven av\" \/>\n\t<meta name=\"twitter:data1\" content=\"MXT\" \/>\n\t<meta name=\"twitter:label2\" content=\"Ber\u00e4knad l\u00e4stid\" \/>\n\t<meta name=\"twitter:data2\" content=\"2 minuter\" \/>\n<script type=\"application\/ld+json\" class=\"yoast-schema-graph\">{\"@context\":\"https:\\\/\\\/schema.org\",\"@graph\":[{\"@type\":\"Article\",\"@id\":\"https:\\\/\\\/johanno1.se\\\/sv\\\/ukraina-har-genomfort-attacker-i-bade-belgorod-och-smolensk\\\/#article\",\"isPartOf\":{\"@id\":\"https:\\\/\\\/johanno1.se\\\/sv\\\/ukraina-har-genomfort-attacker-i-bade-belgorod-och-smolensk\\\/\"},\"author\":{\"name\":\"MXT\",\"@id\":\"https:\\\/\\\/johanno1.se\\\/sv\\\/#\\\/schema\\\/person\\\/b9a1e3c5f5da33b8e8a755f098951212\"},\"headline\":\"Ukraina har genomf\u00f6rt attacker i b\u00e5de Belgorod och Smolensk\",\"datePublished\":\"2026-01-25T07:03:50+00:00\",\"dateModified\":\"2026-01-25T21:17:23+00:00\",\"mainEntityOfPage\":{\"@id\":\"https:\\\/\\\/johanno1.se\\\/sv\\\/ukraina-har-genomfort-attacker-i-bade-belgorod-och-smolensk\\\/\"},\"wordCount\":254,\"commentCount\":29,\"publisher\":{\"@id\":\"https:\\\/\\\/johanno1.se\\\/sv\\\/#organization\"},\"image\":{\"@id\":\"https:\\\/\\\/johanno1.se\\\/sv\\\/ukraina-har-genomfort-attacker-i-bade-belgorod-och-smolensk\\\/#primaryimage\"},\"thumbnailUrl\":\"https:\\\/\\\/johanno1.se\\\/wp-content\\\/uploads\\\/2025\\\/04\\\/UkraineFlag.png\",\"articleSection\":[\"Kriget i Ukraina\"],\"inLanguage\":\"sv-SE\",\"potentialAction\":[{\"@type\":\"CommentAction\",\"name\":\"Comment\",\"target\":[\"https:\\\/\\\/johanno1.se\\\/sv\\\/ukraina-har-genomfort-attacker-i-bade-belgorod-och-smolensk\\\/#respond\"]}]},{\"@type\":\"WebPage\",\"@id\":\"https:\\\/\\\/johanno1.se\\\/sv\\\/ukraina-har-genomfort-attacker-i-bade-belgorod-och-smolensk\\\/\",\"url\":\"https:\\\/\\\/johanno1.se\\\/sv\\\/ukraina-har-genomfort-attacker-i-bade-belgorod-och-smolensk\\\/\",\"name\":\"Ukraina har genomf\u00f6rt attacker i b\u00e5de Belgorod och Smolensk - Kriget i Ukraina\",\"isPartOf\":{\"@id\":\"https:\\\/\\\/johanno1.se\\\/sv\\\/#website\"},\"primaryImageOfPage\":{\"@id\":\"https:\\\/\\\/johanno1.se\\\/sv\\\/ukraina-har-genomfort-attacker-i-bade-belgorod-och-smolensk\\\/#primaryimage\"},\"image\":{\"@id\":\"https:\\\/\\\/johanno1.se\\\/sv\\\/ukraina-har-genomfort-attacker-i-bade-belgorod-och-smolensk\\\/#primaryimage\"},\"thumbnailUrl\":\"https:\\\/\\\/johanno1.se\\\/wp-content\\\/uploads\\\/2025\\\/04\\\/UkraineFlag.png\",\"datePublished\":\"2026-01-25T07:03:50+00:00\",\"dateModified\":\"2026-01-25T21:17:23+00:00\",\"breadcrumb\":{\"@id\":\"https:\\\/\\\/johanno1.se\\\/sv\\\/ukraina-har-genomfort-attacker-i-bade-belgorod-och-smolensk\\\/#breadcrumb\"},\"inLanguage\":\"sv-SE\",\"potentialAction\":[{\"@type\":\"ReadAction\",\"target\":[\"https:\\\/\\\/johanno1.se\\\/sv\\\/ukraina-har-genomfort-attacker-i-bade-belgorod-och-smolensk\\\/\"]}]},{\"@type\":\"ImageObject\",\"inLanguage\":\"sv-SE\",\"@id\":\"https:\\\/\\\/johanno1.se\\\/sv\\\/ukraina-har-genomfort-attacker-i-bade-belgorod-och-smolensk\\\/#primaryimage\",\"url\":\"https:\\\/\\\/johanno1.se\\\/wp-content\\\/uploads\\\/2025\\\/04\\\/UkraineFlag.png\",\"contentUrl\":\"https:\\\/\\\/johanno1.se\\\/wp-content\\\/uploads\\\/2025\\\/04\\\/UkraineFlag.png\",\"width\":642,\"height\":384,\"caption\":\"Kriget i Ukraina - Ukraine war\"},{\"@type\":\"BreadcrumbList\",\"@id\":\"https:\\\/\\\/johanno1.se\\\/sv\\\/ukraina-har-genomfort-attacker-i-bade-belgorod-och-smolensk\\\/#breadcrumb\",\"itemListElement\":[{\"@type\":\"ListItem\",\"position\":1,\"name\":\"Hem\",\"item\":\"https:\\\/\\\/johanno1.se\\\/sv\\\/\"},{\"@type\":\"ListItem\",\"position\":2,\"name\":\"Ukraina har genomf\u00f6rt attacker i b\u00e5de Belgorod och Smolensk\"}]},{\"@type\":\"WebSite\",\"@id\":\"https:\\\/\\\/johanno1.se\\\/sv\\\/#website\",\"url\":\"https:\\\/\\\/johanno1.se\\\/sv\\\/\",\"name\":\"Johan No.1\",\"description\":\"Kriget i Ukraina - V\u00e4rldsledande omv\u00e4rldsanalys fr\u00e5n Svensksund till den ryska brakf\u00f6rlusten i Ukraina\",\"publisher\":{\"@id\":\"https:\\\/\\\/johanno1.se\\\/sv\\\/#organization\"},\"potentialAction\":[{\"@type\":\"SearchAction\",\"target\":{\"@type\":\"EntryPoint\",\"urlTemplate\":\"https:\\\/\\\/johanno1.se\\\/sv\\\/?s={search_term_string}\"},\"query-input\":{\"@type\":\"PropertyValueSpecification\",\"valueRequired\":true,\"valueName\":\"search_term_string\"}}],\"inLanguage\":\"sv-SE\"},{\"@type\":\"Organization\",\"@id\":\"https:\\\/\\\/johanno1.se\\\/sv\\\/#organization\",\"name\":\"Johan No. 1\",\"url\":\"https:\\\/\\\/johanno1.se\\\/sv\\\/\",\"logo\":{\"@type\":\"ImageObject\",\"inLanguage\":\"sv-SE\",\"@id\":\"https:\\\/\\\/johanno1.se\\\/sv\\\/#\\\/schema\\\/logo\\\/image\\\/\",\"url\":\"https:\\\/\\\/johanno1.se\\\/wp-content\\\/uploads\\\/2025\\\/03\\\/cropped-No1-Logo.png\",\"contentUrl\":\"https:\\\/\\\/johanno1.se\\\/wp-content\\\/uploads\\\/2025\\\/03\\\/cropped-No1-Logo.png\",\"width\":512,\"height\":512,\"caption\":\"Johan No. 1\"},\"image\":{\"@id\":\"https:\\\/\\\/johanno1.se\\\/sv\\\/#\\\/schema\\\/logo\\\/image\\\/\"}},{\"@type\":\"Person\",\"@id\":\"https:\\\/\\\/johanno1.se\\\/sv\\\/#\\\/schema\\\/person\\\/b9a1e3c5f5da33b8e8a755f098951212\",\"name\":\"MXT\",\"image\":{\"@type\":\"ImageObject\",\"inLanguage\":\"sv-SE\",\"@id\":\"https:\\\/\\\/secure.gravatar.com\\\/avatar\\\/74fa4c492659dce280abcb04be56b0f457c131c7356cc691540aecee84b8780f?s=96&d=mm&r=g\",\"url\":\"https:\\\/\\\/secure.gravatar.com\\\/avatar\\\/74fa4c492659dce280abcb04be56b0f457c131c7356cc691540aecee84b8780f?s=96&d=mm&r=g\",\"contentUrl\":\"https:\\\/\\\/secure.gravatar.com\\\/avatar\\\/74fa4c492659dce280abcb04be56b0f457c131c7356cc691540aecee84b8780f?s=96&d=mm&r=g\",\"caption\":\"MXT\"},\"description\":\"Skriver fr\u00e4mst om kriget i Ukraina, men \u00e4ven om andra globala h\u00e4ndelser som kan p\u00e5verka utvecklingen. Gillar statisitk och redovisar bl.a. ryska f\u00f6rluster och en hel del annat. Postar mycket av nyheterna i kommentarerna som h\u00e4mtas fr\u00e5n olika k\u00e4llor. F\u00f6rutom Ukraina handlar det om olika h\u00e4ndelser i Sverige och Europa, klimatet, Israel-Palestina och f\u00f6rst\u00e5s en hel del kring USA och Trump. Har en f\u00f6rm\u00e5ga att reta upp de som gillar den sistn\u00e4mnde eftersom jag \u00e4r starkt kritiskt till det mesta han tar sig f\u00f6r. IT-ansvarig och sk\u00f6ter drift, underh\u00e5ll och vidareutveckling av webbplatsen, s\u00e5 ni vet vem ni ska skylla p\u00e5 n\u00e4r det kr\u00e5nglar! SLAVA UKRAINI\",\"sameAs\":[\"https:\\\/\\\/spjutskaftet.se\",\"https:\\\/\\\/x.com\\\/MatsExtrude\"],\"url\":\"https:\\\/\\\/johanno1.se\\\/sv\\\/author\\\/extrude\\\/\"}]}<\/script>\n<!-- \/ Yoast SEO plugin. -->","yoast_head_json":{"title":"Ukraina har genomf\u00f6rt attacker i b\u00e5de Belgorod och Smolensk - Kriget i Ukraina","robots":{"index":"index","follow":"follow","max-snippet":"max-snippet:-1","max-image-preview":"max-image-preview:large","max-video-preview":"max-video-preview:-1"},"canonical":"https:\/\/johanno1.se\/sv\/ukraina-har-genomfort-attacker-i-bade-belgorod-och-smolensk\/","og_locale":"sv_SE","og_type":"article","og_title":"Ukraina har genomf\u00f6rt attacker i b\u00e5de Belgorod och Smolensk - Kriget i Ukraina","og_description":"Belgorod Enligt guven\u00f6ren ska staden Belgrod blivit utsatt f\u00f6r den mest omfattande Ukrainska attacken hittills och man h\u00e4vdar \u00e4ven att [&hellip;]","og_url":"https:\/\/johanno1.se\/sv\/ukraina-har-genomfort-attacker-i-bade-belgorod-och-smolensk\/","og_site_name":"Johan No.1","article_published_time":"2026-01-25T07:03:50+00:00","article_modified_time":"2026-01-25T21:17:23+00:00","og_image":[{"width":642,"height":384,"url":"https:\/\/johanno1.se\/wp-content\/uploads\/2025\/04\/UkraineFlag.png","type":"image\/png"}],"author":"MXT","twitter_card":"summary_large_image","twitter_creator":"@MatsExtrude","twitter_misc":{"Skriven av":"MXT","Ber\u00e4knad l\u00e4stid":"2 minuter"},"schema":{"@context":"https:\/\/schema.org","@graph":[{"@type":"Article","@id":"https:\/\/johanno1.se\/sv\/ukraina-har-genomfort-attacker-i-bade-belgorod-och-smolensk\/#article","isPartOf":{"@id":"https:\/\/johanno1.se\/sv\/ukraina-har-genomfort-attacker-i-bade-belgorod-och-smolensk\/"},"author":{"name":"MXT","@id":"https:\/\/johanno1.se\/sv\/#\/schema\/person\/b9a1e3c5f5da33b8e8a755f098951212"},"headline":"Ukraina har genomf\u00f6rt attacker i b\u00e5de Belgorod och Smolensk","datePublished":"2026-01-25T07:03:50+00:00","dateModified":"2026-01-25T21:17:23+00:00","mainEntityOfPage":{"@id":"https:\/\/johanno1.se\/sv\/ukraina-har-genomfort-attacker-i-bade-belgorod-och-smolensk\/"},"wordCount":254,"commentCount":29,"publisher":{"@id":"https:\/\/johanno1.se\/sv\/#organization"},"image":{"@id":"https:\/\/johanno1.se\/sv\/ukraina-har-genomfort-attacker-i-bade-belgorod-och-smolensk\/#primaryimage"},"thumbnailUrl":"https:\/\/johanno1.se\/wp-content\/uploads\/2025\/04\/UkraineFlag.png","articleSection":["Kriget i Ukraina"],"inLanguage":"sv-SE","potentialAction":[{"@type":"CommentAction","name":"Comment","target":["https:\/\/johanno1.se\/sv\/ukraina-har-genomfort-attacker-i-bade-belgorod-och-smolensk\/#respond"]}]},{"@type":"WebPage","@id":"https:\/\/johanno1.se\/sv\/ukraina-har-genomfort-attacker-i-bade-belgorod-och-smolensk\/","url":"https:\/\/johanno1.se\/sv\/ukraina-har-genomfort-attacker-i-bade-belgorod-och-smolensk\/","name":"Ukraina har genomf\u00f6rt attacker i b\u00e5de Belgorod och Smolensk - Kriget i Ukraina","isPartOf":{"@id":"https:\/\/johanno1.se\/sv\/#website"},"primaryImageOfPage":{"@id":"https:\/\/johanno1.se\/sv\/ukraina-har-genomfort-attacker-i-bade-belgorod-och-smolensk\/#primaryimage"},"image":{"@id":"https:\/\/johanno1.se\/sv\/ukraina-har-genomfort-attacker-i-bade-belgorod-och-smolensk\/#primaryimage"},"thumbnailUrl":"https:\/\/johanno1.se\/wp-content\/uploads\/2025\/04\/UkraineFlag.png","datePublished":"2026-01-25T07:03:50+00:00","dateModified":"2026-01-25T21:17:23+00:00","breadcrumb":{"@id":"https:\/\/johanno1.se\/sv\/ukraina-har-genomfort-attacker-i-bade-belgorod-och-smolensk\/#breadcrumb"},"inLanguage":"sv-SE","potentialAction":[{"@type":"ReadAction","target":["https:\/\/johanno1.se\/sv\/ukraina-har-genomfort-attacker-i-bade-belgorod-och-smolensk\/"]}]},{"@type":"ImageObject","inLanguage":"sv-SE","@id":"https:\/\/johanno1.se\/sv\/ukraina-har-genomfort-attacker-i-bade-belgorod-och-smolensk\/#primaryimage","url":"https:\/\/johanno1.se\/wp-content\/uploads\/2025\/04\/UkraineFlag.png","contentUrl":"https:\/\/johanno1.se\/wp-content\/uploads\/2025\/04\/UkraineFlag.png","width":642,"height":384,"caption":"Kriget i Ukraina - Ukraine war"},{"@type":"BreadcrumbList","@id":"https:\/\/johanno1.se\/sv\/ukraina-har-genomfort-attacker-i-bade-belgorod-och-smolensk\/#breadcrumb","itemListElement":[{"@type":"ListItem","position":1,"name":"Hem","item":"https:\/\/johanno1.se\/sv\/"},{"@type":"ListItem","position":2,"name":"Ukraina har genomf\u00f6rt attacker i b\u00e5de Belgorod och Smolensk"}]},{"@type":"WebSite","@id":"https:\/\/johanno1.se\/sv\/#website","url":"https:\/\/johanno1.se\/sv\/","name":"Johan No.1","description":"Kriget i Ukraina - V\u00e4rldsledande omv\u00e4rldsanalys fr\u00e5n Svensksund till den ryska brakf\u00f6rlusten i Ukraina","publisher":{"@id":"https:\/\/johanno1.se\/sv\/#organization"},"potentialAction":[{"@type":"SearchAction","target":{"@type":"EntryPoint","urlTemplate":"https:\/\/johanno1.se\/sv\/?s={search_term_string}"},"query-input":{"@type":"PropertyValueSpecification","valueRequired":true,"valueName":"search_term_string"}}],"inLanguage":"sv-SE"},{"@type":"Organization","@id":"https:\/\/johanno1.se\/sv\/#organization","name":"Johan No. 1","url":"https:\/\/johanno1.se\/sv\/","logo":{"@type":"ImageObject","inLanguage":"sv-SE","@id":"https:\/\/johanno1.se\/sv\/#\/schema\/logo\/image\/","url":"https:\/\/johanno1.se\/wp-content\/uploads\/2025\/03\/cropped-No1-Logo.png","contentUrl":"https:\/\/johanno1.se\/wp-content\/uploads\/2025\/03\/cropped-No1-Logo.png","width":512,"height":512,"caption":"Johan No. 1"},"image":{"@id":"https:\/\/johanno1.se\/sv\/#\/schema\/logo\/image\/"}},{"@type":"Person","@id":"https:\/\/johanno1.se\/sv\/#\/schema\/person\/b9a1e3c5f5da33b8e8a755f098951212","name":"MXT","image":{"@type":"ImageObject","inLanguage":"sv-SE","@id":"https:\/\/secure.gravatar.com\/avatar\/74fa4c492659dce280abcb04be56b0f457c131c7356cc691540aecee84b8780f?s=96&d=mm&r=g","url":"https:\/\/secure.gravatar.com\/avatar\/74fa4c492659dce280abcb04be56b0f457c131c7356cc691540aecee84b8780f?s=96&d=mm&r=g","contentUrl":"https:\/\/secure.gravatar.com\/avatar\/74fa4c492659dce280abcb04be56b0f457c131c7356cc691540aecee84b8780f?s=96&d=mm&r=g","caption":"MXT"},"description":"Skriver fr\u00e4mst om kriget i Ukraina, men \u00e4ven om andra globala h\u00e4ndelser som kan p\u00e5verka utvecklingen. Gillar statisitk och redovisar bl.a. ryska f\u00f6rluster och en hel del annat. Postar mycket av nyheterna i kommentarerna som h\u00e4mtas fr\u00e5n olika k\u00e4llor. F\u00f6rutom Ukraina handlar det om olika h\u00e4ndelser i Sverige och Europa, klimatet, Israel-Palestina och f\u00f6rst\u00e5s en hel del kring USA och Trump. Har en f\u00f6rm\u00e5ga att reta upp de som gillar den sistn\u00e4mnde eftersom jag \u00e4r starkt kritiskt till det mesta han tar sig f\u00f6r. IT-ansvarig och sk\u00f6ter drift, underh\u00e5ll och vidareutveckling av webbplatsen, s\u00e5 ni vet vem ni ska skylla p\u00e5 n\u00e4r det kr\u00e5nglar! SLAVA UKRAINI","sameAs":["https:\/\/spjutskaftet.se","https:\/\/x.com\/MatsExtrude"],"url":"https:\/\/johanno1.se\/sv\/author\/extrude\/"}]}},"_links":{"self":[{"href":"https:\/\/johanno1.se\/sv\/wp-json\/wp\/v2\/posts\/3901","targetHints":{"allow":["GET"]}}],"collection":[{"href":"https:\/\/johanno1.se\/sv\/wp-json\/wp\/v2\/posts"}],"about":[{"href":"https:\/\/johanno1.se\/sv\/wp-json\/wp\/v2\/types\/post"}],"author":[{"embeddable":true,"href":"https:\/\/johanno1.se\/sv\/wp-json\/wp\/v2\/users\/1"}],"replies":[{"embeddable":true,"href":"https:\/\/johanno1.se\/sv\/wp-json\/wp\/v2\/comments?post=3901"}],"version-history":[{"count":1,"href":"https:\/\/johanno1.se\/sv\/wp-json\/wp\/v2\/posts\/3901\/revisions"}],"predecessor-version":[{"id":3903,"href":"https:\/\/johanno1.se\/sv\/wp-json\/wp\/v2\/posts\/3901\/revisions\/3903"}],"wp:featuredmedia":[{"embeddable":true,"href":"https:\/\/johanno1.se\/sv\/wp-json\/wp\/v2\/media\/805"}],"wp:attachment":[{"href":"https:\/\/johanno1.se\/sv\/wp-json\/wp\/v2\/media?parent=3901"}],"wp:term":[{"taxonomy":"category","embeddable":true,"href":"https:\/\/johanno1.se\/sv\/wp-json\/wp\/v2\/categories?post=3901"},{"taxonomy":"post_tag","embeddable":true,"href":"https:\/\/johanno1.se\/sv\/wp-json\/wp\/v2\/tags?post=3901"}],"curies":[{"name":"wp","href":"https:\/\/api.w.org\/{rel}","templated":true}]}}