{"id":3913,"date":"2026-01-28T07:01:00","date_gmt":"2026-01-28T06:01:00","guid":{"rendered":"https:\/\/johanno1.se\/?p=3913"},"modified":"2026-01-29T06:54:23","modified_gmt":"2026-01-29T05:54:23","slug":"varlden-daglig-uppdatering-28-januari-2026","status":"publish","type":"post","link":"https:\/\/johanno1.se\/sv\/varlden-daglig-uppdatering-28-januari-2026\/","title":{"rendered":"V\u00e4rlden daglig uppdatering 28 Januari 2026"},"content":{"rendered":"\n<p>Fick lite kommentarer om att mitt f\u00f6rra inl\u00e4gg var pessimistiskt och att jag deppade \u2013 jag g\u00f6r nog inte det och f\u00f6rs\u00f6ker bara beskriva situationen, men jag \u00e4r som en besviken f\u00f6r\u00e4lder n\u00e4r man uppt\u00e4cker att whiskyflaskan i barsk\u00e5pet \u00e4r till 90% \u00e4ppeljuice \u00f6ver Europas passivitet h\u00e4r.<\/p>\n\n\n\n<p>B\u00f6rjar med Budanov och den h\u00e4r var riktigt kul \ud83e\udd23<\/p>\n\n\n\n<figure class=\"wp-block-image is-resized\"><a class=\"image-link image2 is-viewable-img\" href=\"https:\/\/substackcdn.com\/image\/fetch\/$s_!Fk4i!,f_auto,q_auto:good,fl_progressive:steep\/https%3A%2F%2Fsubstack-post-media.s3.amazonaws.com%2Fpublic%2Fimages%2F487a9662-028f-435a-8b2a-e12aa9ec4b62_828x1252.jpeg\" target=\"_blank\" rel=\"noreferrer noopener\"><img decoding=\"async\" src=\"https:\/\/substackcdn.com\/image\/fetch\/$s_!Fk4i!,w_1456,c_limit,f_auto,q_auto:good,fl_progressive:steep\/https%3A%2F%2Fsubstack-post-media.s3.amazonaws.com%2Fpublic%2Fimages%2F487a9662-028f-435a-8b2a-e12aa9ec4b62_828x1252.jpeg\" alt=\"\" style=\"aspect-ratio:0.6613551006230597;width:372px;height:auto\"\/><\/a><\/figure>\n\n\n\n<p>Jag k\u00e4nde att Napoleons ande b\u00f6rjade vakna till liv och att Europa skulle kunna kl\u00f6sa till sig en b\u00e4tte position \u00e4n under WW2 och kalla kriget men det gick tydligen inte.<\/p>\n\n\n\n<p>Ukraina hade vunnit sitt krig om inte USA riggat allt till rysslands f\u00f6rdel som s\u00e4kert fem g\u00e5nger f\u00f6rlorat helt p\u00e5 egen hand. Om Europa v\u00e4gt in p\u00e5 allvar i l\u00e5gpunkterna, ni vet vilka, hade det h\u00e4r slutat annorlunda.<\/p>\n\n\n\n<p>Europa \u00e4r fr\u00e5n\u00e5kta i ukrainakriget, finanskraschen, den globala situationen och positioneringen inf\u00f6r v\u00e4rldsordningen kommande +70-100\u00e5r.<\/p>\n\n\n\n<p>Det enda som skulle kunna \u00e4ndra p\u00e5 detta \u00e4r om vi g\u00e5r i krig men eftersom vi inte ens kunnat st\u00f6tta n\u00e5gon annan som g\u00e5r i krig f\u00f6r oss ser jag det som mindre sannolikt \u2013 vi kommer forts\u00e4tta vara auxiliaries \u00e5t USA n\u00e4r dom vill och inte hitta p\u00e5 egna v\u00e5ldsamma f\u00e4ltt\u00e5g.<\/p>\n\n\n\n<p>Vilket kommer betyda att n\u00e4r USA vill ha n\u00e5t lands naturresurser kommer vi bist\u00e5 med det, och n\u00e4r n\u00e5gon blir utsatt f\u00f6r \u00f6vergrepp som Ukraina kommer vi blunda om USA s\u00e4ger \u00e5t oss att blunda.<\/p>\n\n\n\n<p>Det \u00e4r ett brott i sig att inte anm\u00e4la om man varit vittne till ett brott heter det v\u00e4l men nu skall vi tillbaka till en v\u00e4rldsordning USA gillar och jag inte \u00e4r j\u00e4ttepigg p\u00e5.<\/p>\n\n\n\n<p>Vet inte vad som \u00e4r tajming och vad som \u00e4r Trump men USA har till skillnad fr\u00e5n Europa inte bara sagt att dom skulle resa sig utan dom gjorde det och alla backade direkt.<\/p>\n\n\n\n<p>Europa har i omg\u00e5ngar lovat Ukraina allt st\u00f6d till brakvinsten, att dom skall f\u00e5 tillbaka sitt land, att vi st\u00e5r oreserverat med dom och lite annat som varit politiskt medvetet luddigt. Sen reste vi oss halvt f\u00f6r att direkt s\u00e4tta oss igen n\u00e4r USA sn\u00e4llt bad oss att g\u00f6ra det.<\/p>\n\n\n\n<p>I fallet Ukraina\/Ryssland vet vi att USA vill ha ett of\u00f6rst\u00f6rt Ryssland och att Ukraina stod i v\u00e4gen f\u00f6r det. Varf\u00f6r USA vill ha n\u00e5got som \u00e4r odelat d\u00e5ligt f\u00f6r Europa vet vi inte \u00e4nnu men mina pengar \u00e4r p\u00e5 ett svagt, splittrat och skr\u00e4mt Europa som \u00e4r l\u00e4tt att kontrollera \u2013 vi f\u00e5r se.<\/p>\n\n\n\n<p>Just nu l\u00e4mnade Ryssland Syrien \u2013 USA och Ryssland har en lista med m\u00e5nga punkter som betas av nu och att USA skulle f\u00e5 Syrien var en punkt. Jag vill p\u00e5st\u00e5 att USA f\u00f6rhandlat r\u00e4tt bra h\u00e4r och f\u00e5r mycket strategiskt i utbyte mot Donetsk \u2013 Venezuela, Iran, Syrien, Ukraina, Gaza, pacificerat Europa och vad mer.<\/p>\n\n\n\n<figure class=\"wp-block-image is-resized\"><a class=\"image-link image2 is-viewable-img\" href=\"https:\/\/substackcdn.com\/image\/fetch\/$s_!yTMe!,f_auto,q_auto:good,fl_progressive:steep\/https%3A%2F%2Fsubstack-post-media.s3.amazonaws.com%2Fpublic%2Fimages%2Fa679a26b-a417-4cc9-bb2a-398d02d341d4_828x828.jpeg\" target=\"_blank\" rel=\"noreferrer noopener\"><img decoding=\"async\" src=\"https:\/\/substackcdn.com\/image\/fetch\/$s_!yTMe!,w_1456,c_limit,f_auto,q_auto:good,fl_progressive:steep\/https%3A%2F%2Fsubstack-post-media.s3.amazonaws.com%2Fpublic%2Fimages%2Fa679a26b-a417-4cc9-bb2a-398d02d341d4_828x828.jpeg\" alt=\"\" style=\"width:426px;height:auto\"\/><\/a><\/figure>\n\n\n\n<p>Att USA h\u00e5llit Ryssland under armarna och f\u00f6st bort ett ettrigt Ukraina n\u00e4r dom skulle vunnit vet vi \u2013 det \u00e4r vedertaget och inget historikerna beh\u00f6ver br\u00e5ka om.<\/p>\n\n\n\n<p>\u00c4ven om Ukrainakriget d\u00e5 g\u00e5r mot sitt slut vilket vi gl\u00e4ds \u00e5t s\u00e5 betyder det bara att den globala konflikten kommer \u00f6ka framledes f\u00f6r Ukraina stod mellan att sl\u00e4cka den eller \u00f6kad konflikt, alternativt ett nytt kallt krig.<\/p>\n\n\n\n<p>N\u00e5gon som tror att Ryssland kommer demilitarisera sig frivilligt nu?<\/p>\n\n\n\n<p>Dra tillbaka sina agenter och sabot\u00f6rer fr\u00e5n Europa och sluta betala alla politiker och ytterkantspartier, sluta skicka droger och coacha g\u00e4ngen + bev\u00e4pna dom?<\/p>\n\n\n\n<p>Merkel till exempel verkar ha ett lukrativt extrakn\u00e4ck \ud83e\uddd0<\/p>\n\n\n\n<p><a href=\"https:\/\/www.telegraph.co.uk\/world-news\/2025\/10\/06\/angela-merkel-poland-baltics-blame-ukraine-war\">https:\/\/www.telegraph.co.uk\/world-news\/2025\/10\/06\/angela-merkel-poland-baltics-blame-ukraine-war<\/a><\/p>\n\n\n\n<p>Kommer Ryssland sluta med smuggling, sluta g\u00f6mma pengar i Europa, sluta k\u00f6pa hus f\u00f6r \u00f6verpriser s\u00e5 vi i elunderklassen inte har r\u00e5d?<\/p>\n\n\n\n<p>Eller inte g\u00f6ra ett nytt 2015 och sluta p\u00e5verka f\u00f6r nedst\u00e4ngning av elproduktion, l\u00e4gga ned jordbruk och att polarisera samh\u00e4llet.<\/p>\n\n\n\n<p>Blir GRU, FSB och alla andra som roat sig med detta arbetsl\u00f6sa nu, och dom blir av med sina lukrativa sidoinkomster.<\/p>\n\n\n\n<p>Eller tror ni att dom kommer f\u00e5 \u00e4nnu mer resurser som l\u00f6sg\u00f6res vid ett eldupph\u00f6r som dom kan anv\u00e4nda f\u00f6r att destabilisera Europa ist\u00e4llet?<\/p>\n\n\n\n<p>Ett b\u00e4ttre tillf\u00e4lle att bli av med denna eviga hydra f\u00f6r Europa kommer aldrig att \u00e5terkomma inom n\u00e4sta hundra\u00e5rsscykel och vi har precis l\u00e5tit USA designa en \u00e5terg\u00e5ng till kalla kriget f\u00f6r Europa helt utan att protestera med undantag f\u00f6r Macron.<\/p>\n\n\n\n<p>N\u00e4sta puck som Europa b\u00f6r vara mycket snabba p\u00e5 \u00e4r alla arbetsl\u00f6sa soldater i Ukraina \u2013 om vi inte har en genial plan f\u00f6r det blir dom europas nya undre v\u00e4rld om ett \u00e5r ivrigt p\u00e5hejade av GRU och FSB som resurss\u00e4tter deras aff\u00e4rsid\u00e9 fullt ut och ger dom n\u00f6dv\u00e4ndig jobbtr\u00e4ning.<\/p>\n\n\n\n<p>USA har precis pacificerat Sydamerika och gjort m\u00e5nga l\u00e4nder d\u00e4rnere till USA allierade \u00f6ver natt, eftersom jag sitter i Karibien kan jag meddela att USA skugga nu h\u00e4nger \u00f6ver omr\u00e5det och ingen kommer neka USA n\u00e5gonting av ren sj\u00e4lvbevarelsedrift \u2013 ingen \u00e4r pigg p\u00e5 att g\u00f6ra en perp-walk som Maduro. Det h\u00e4r kommer USA utnyttja f\u00f6r business naturligtvis, till exempel att de kinesiska f\u00f6retag som alltid vinner upphandlingarna h\u00e4rnere nu inte f\u00e5r vinna l\u00e4ngre och amerikanska f\u00f6retag f\u00e5r de lukrativa kontrakten i regionen ist\u00e4llet \u2013 America First.<\/p>\n\n\n\n<p>Dom har s\u00e4krat upp olja och jordartsmetaller vilka b\u00e4gge torde beh\u00f6vas i kommande hemtagning av industrin som USA utannonserat, och Europa ocks\u00e5 borde g\u00f6ra.<\/p>\n\n\n\n<p>USA har de facto bist\u00e5tt Israel att n\u00e5 en f\u00f6r Israel f\u00f6rdelaktig l\u00f6sning med Gaza, \u00e4ven om direkta stridigheter nu v\u00e4l \u00e4r slut ocks\u00e5 och det \u00e4r positivt f\u00f6r alla parter?<\/p>\n\n\n\n<p>Europa \u00e4r pacificerat, Macron ryker 2027, Kier Starmer g\u00e5r det d\u00e5ligt f\u00f6r, Merz vete fanken hur han klarar sig i kommande finanskrasch d\u00e5 Tyskland \u00e4r i d\u00e5ligt skick, och resten av Europa fogar sig.<\/p>\n\n\n\n<p>Faktum \u00e4r att blir det en rej\u00e4l l\u00e5gkonjunktur riskerar v\u00e4l UK f\u00e5 Reform, Frankrike Le Pen och Tyskland AfD som bildar regeringar d\u00e5 medborgarna i ren desperation r\u00f6star p\u00e5 vadsomhelst f\u00f6r att slippa tr\u00e4sket dom hamnat i.<\/p>\n\n\n\n<p>Iran \u00e4r USA p\u00e5 v\u00e4g att k\u00f6pa f\u00f6r ingen tror v\u00e4l att dom kommer sl\u00e4ppa Iran post-d\u00f6d mulla?<\/p>\n\n\n\n<p>Ut\u00f6ver att Kina attackerat Japan, st\u00f6ttat Ryssland i ukrainakriget, startat krig Pakistan \u2013 Indien, Thailand \u2013 Kambodja och om jag gl\u00f6mt n\u00e5got s\u00e5 har dom lite i det tysta haft sin egna stalin-purge ocks\u00e5.<\/p>\n\n\n\n<p>Jag vet inte vad det betyder \u2013 \u00e4r Xi minst eller mest d\u00e5lig f\u00f6r oss?<\/p>\n\n\n\n<figure class=\"wp-block-image is-resized\"><a class=\"image-link image2 is-viewable-img\" href=\"https:\/\/substackcdn.com\/image\/fetch\/$s_!rzRL!,f_auto,q_auto:good,fl_progressive:steep\/https%3A%2F%2Fsubstack-post-media.s3.amazonaws.com%2Fpublic%2Fimages%2Fe205f43c-95b4-4b42-841b-4636137e3ed8_828x789.jpeg\" target=\"_blank\" rel=\"noreferrer noopener\"><img decoding=\"async\" src=\"https:\/\/substackcdn.com\/image\/fetch\/$s_!rzRL!,w_1456,c_limit,f_auto,q_auto:good,fl_progressive:steep\/https%3A%2F%2Fsubstack-post-media.s3.amazonaws.com%2Fpublic%2Fimages%2Fe205f43c-95b4-4b42-841b-4636137e3ed8_828x789.jpeg\" alt=\"\" style=\"width:390px;height:auto\"\/><\/a><\/figure>\n\n\n\n<p>Kina har ocks\u00e5 infiltrerat ryska fj\u00e4rran \u00f6stern och k\u00f6per lojalitet, mark och makt vilket centralmakten i Moskva ser och gr\u00e5ter \u00f6ver, men kan inget g\u00f6ra.<\/p>\n\n\n\n<p>Fr\u00e5gan som d\u00e5 f\u00f6rblir obesvarad just nu \u00e4r om det finns ett till lager till p\u00e5 den h\u00e4r l\u00f6ken eller inte \u2013 att post ukrainakriget, och mot att Ryssland h\u00e5ller Europa svagt splittrat och livr\u00e4dda, s\u00e5 hj\u00e4lper USA Ryssland att bli av med problemet Kina?<\/p>\n\n\n\n<p>Det antagande som gjorts \u00e4r att det var planen men att Ryssland inte fogat sig alls s\u00e5 Kina-Ryssland forever har g\u00e4llt, och att USA under Trump misslyckats kapitalt.<\/p>\n\n\n\n<p>Ni ser precis som jag att USA nu kontrollerar Venezuela och MENA vilka \u00e4r tv\u00e5 stora export\u00f6rer av olja till Kina.<\/p>\n\n\n\n<p>Den sista stora export\u00f6ren \u00e4r Ryssland och om dom drar \u00e5t kranen mot att ryssj\u00e4vlarna f\u00e5r s\u00e4lja v\u00e4sterut ist\u00e4llet till ett b\u00e4ttre pris \u2013 torrlagt Kina och start of the hunger games chinese version \ud83d\ude36<\/p>\n\n\n\n<p>Kan det vara s\u00e5 att allt vi sett fortfarande \u00e4r att USA f\u00f6rs\u00f6ker f\u00e5 med sig Ryssland mot Kina bara att de ukrainska hj\u00e4ltarna kraschade tidsplanen?<\/p>\n\n\n\n<p>Ja, Europa \u00e4lskar att h\u00e4ckla Trump och USA \u00e4r alltid f\u00f6rem\u00e5l f\u00f6r svidande kritik men dom har \u00f6ver ett par m\u00e5nader gjort flera drag som kraftigt gynnar dom p\u00e5 bekostnad av alla andra \u2013 vi kan gallskrika b\u00e4st vi vill men om vi inte v\u00e5gar stoppa USA s\u00e5 blir det som dom vill.<\/p>\n\n\n\n<p>Tror ni d\u00e5 USA kommer sitta still och titta p\u00e5 en exploderande statsskuldsh\u00f6g och brinnande dollar, eller kommer dom runda regelverket f\u00f6r att r\u00e4dda sitt skinn som dom gjorde 1999 och 2008?<\/p>\n\n\n\n<p>F\u00f6r \u00f6vrigt \u00e4r Trumps \u201dboard of peace\u201d r\u00e4tt lik medlemslistan i BRIICS \u2013 tror ni Kina gillar det?<\/p>\n\n\n\n<p>Att kriget tog slut 2026 st\u00e4mde s\u00e5ledes bara men inte p\u00e5 det s\u00e4tt jag t\u00e4nkt mig \u2013 den st\u00e4ndiga brasklappen blev det som avgjorde, att Europa l\u00e4t sig pratas omkull. Jag b\u00f6rjade tro att vi inte skulle l\u00e5ta oss pratas omkull igen f\u00f6r tionde g\u00e5ngen i det h\u00e4r kriget men s\u00e5 blev det.<\/p>\n\n\n\n<p>Den vita fl\u00e4cken i fyra \u00e5r \u2013 USAs f\u00f6rslagenhet och framf\u00f6rallt Europas of\u00f6rm\u00e5ga och r\u00e4dsla f\u00f6r Putin.<\/p>\n\n\n\n<p>G\u00e5r historien igen?<\/p>\n\n\n\n<p>Kina \u00e4r mycket sp\u00e4nnande, att Xi Jinping haft en purge j\u00e4mf\u00f6rbar med om v\u00e5r \u00d6B, f\u00f6rsvarsministern och n\u00e5gra h\u00f6ga generaler sparkats i Sverige m\u00e5ste ju ha milit\u00e4r b\u00e4ring?<\/p>\n\n\n\n<p>Antingen ville dom eller s\u00e5 vill dom inte anfalla Taiwan innan dom sparkades \u2013 vi f\u00e5r se.<\/p>\n\n\n\n<p>Vi \u00e4r nu egentligen f\u00f6rbi ukrainakriget, vi \u00e4r f\u00f6rbi Ryssland och det blev inget befriat Belarus, inget demilitariserat Kaliningrad och inga befriade republiker i Ryssland f\u00f6r Europa valde att blunda.<\/p>\n\n\n\n<p>\u00c4r det ingen som l\u00e4ser Johan No.1 b\u00f6rjar jag undra nu \ud83d\ude36<\/p>\n\n\n\n<p>Kvar \u00e4r Kina \u2013 USA relation, finanskraschen och sen vem som mutar in Afrika. Det enda vi med stor sannolikhet vet \u00e4r att det inte blir Europa med mindre \u00e4n att USA uppmuntrar oss att g\u00f6ra business d\u00e4r.<\/p>\n\n\n\n<p>Det blev som minst ett nytt kallt krig av det hela f\u00f6rutsatt att Kina inte g\u00e5r och totalkollapsar i finanskraschen.<\/p>\n\n\n\n<p>S\u00e5 fort bl\u00e4cket torkat p\u00e5 fredsplanen b\u00f6r Europa se \u00f6ver sitt st\u00f6d till Ukraina och l\u00e5ta USA \u00f6ka igen men jag \u00e4r r\u00e4tt \u00f6vertygad om att i avtalet finns det punkter d\u00e4r Europa skall \u00f6ka st\u00f6det ist\u00e4llet, och att USA tar allt som inte sitter fastnitat i golvet.<\/p>\n\n\n\n<p>Jag v\u00e4lkomnar Ukraina in i EU \u2013 det har dom f\u00f6rtj\u00e4nat efter det h\u00e4r kriget.<\/p>\n\n\n\n<p>USA kommer direkt ta bort sanktionerna f\u00f6r Ryssland och tvinga Europa att g\u00f6ra det ocks\u00e5 \u2013 skuggflottan blir legal under Trump-flagg.<\/p>\n\n\n\n<p>V\u00e4rlden \u00e4r sp\u00e4nnande ibland, endast en \u00f6nskan till jultomten f\u00f6r 2026 hade jag och den var att Ryssland skulle v\u00e4nda sig in\u00e5t och splittras i n\u00e5t tiotal nya l\u00e4nder men USA ville inte det \u2013 hoppas USA inte f\u00e5r ett sk1t av jultomten i \u00e5r.<\/p>\n\n\n\n<p>V\u00e4rldens n\u00e4st sista kolonialmakt fick frikort \ud83d\ude10<\/p>\n","protected":false},"excerpt":{"rendered":"<p>Fick lite kommentarer om att mitt f\u00f6rra inl\u00e4gg var pessimistiskt och att jag deppade \u2013 jag g\u00f6r nog inte det [&hellip;]<\/p>\n","protected":false},"author":3,"featured_media":0,"comment_status":"open","ping_status":"open","sticky":false,"template":"","format":"standard","meta":{"site-sidebar-layout":"default","site-content-layout":"","ast-site-content-layout":"default","site-content-style":"default","site-sidebar-style":"default","ast-global-header-display":"","ast-banner-title-visibility":"","ast-main-header-display":"","ast-hfb-above-header-display":"","ast-hfb-below-header-display":"","ast-hfb-mobile-header-display":"","site-post-title":"","ast-breadcrumbs-content":"","ast-featured-img":"","footer-sml-layout":"","ast-disable-related-posts":"","theme-transparent-header-meta":"","adv-header-id-meta":"","stick-header-meta":"","header-above-stick-meta":"","header-main-stick-meta":"","header-below-stick-meta":"","astra-migrate-meta-layouts":"default","ast-page-background-enabled":"default","ast-page-background-meta":{"desktop":{"background-color":"var(--ast-global-color-4)","background-image":"","background-repeat":"repeat","background-position":"center center","background-size":"auto","background-attachment":"scroll","background-type":"","background-media":"","overlay-type":"","overlay-color":"","overlay-opacity":"","overlay-gradient":""},"tablet":{"background-color":"","background-image":"","background-repeat":"repeat","background-position":"center center","background-size":"auto","background-attachment":"scroll","background-type":"","background-media":"","overlay-type":"","overlay-color":"","overlay-opacity":"","overlay-gradient":""},"mobile":{"background-color":"","background-image":"","background-repeat":"repeat","background-position":"center center","background-size":"auto","background-attachment":"scroll","background-type":"","background-media":"","overlay-type":"","overlay-color":"","overlay-opacity":"","overlay-gradient":""}},"ast-content-background-meta":{"desktop":{"background-color":"var(--ast-global-color-5)","background-image":"","background-repeat":"repeat","background-position":"center center","background-size":"auto","background-attachment":"scroll","background-type":"","background-media":"","overlay-type":"","overlay-color":"","overlay-opacity":"","overlay-gradient":""},"tablet":{"background-color":"var(--ast-global-color-5)","background-image":"","background-repeat":"repeat","background-position":"center center","background-size":"auto","background-attachment":"scroll","background-type":"","background-media":"","overlay-type":"","overlay-color":"","overlay-opacity":"","overlay-gradient":""},"mobile":{"background-color":"var(--ast-global-color-5)","background-image":"","background-repeat":"repeat","background-position":"center center","background-size":"auto","background-attachment":"scroll","background-type":"","background-media":"","overlay-type":"","overlay-color":"","overlay-opacity":"","overlay-gradient":""}},"footnotes":""},"categories":[18],"tags":[],"class_list":["post-3913","post","type-post","status-publish","format-standard","hentry","category-ukraina"],"yoast_head":"<!-- This site is optimized with the Yoast SEO plugin v27.5 - https:\/\/yoast.com\/product\/yoast-seo-wordpress\/ -->\n<title>V\u00e4rlden daglig uppdatering 28 Januari 2026 -<\/title>\n<meta name=\"robots\" content=\"index, follow, max-snippet:-1, max-image-preview:large, max-video-preview:-1\" \/>\n<link rel=\"canonical\" href=\"https:\/\/johanno1.se\/sv\/varlden-daglig-uppdatering-28-januari-2026\/\" \/>\n<meta property=\"og:locale\" content=\"sv_SE\" \/>\n<meta property=\"og:type\" content=\"article\" \/>\n<meta property=\"og:title\" content=\"V\u00e4rlden daglig uppdatering 28 Januari 2026 -\" \/>\n<meta property=\"og:description\" content=\"Fick lite kommentarer om att mitt f\u00f6rra inl\u00e4gg var pessimistiskt och att jag deppade \u2013 jag g\u00f6r nog inte det [&hellip;]\" \/>\n<meta property=\"og:url\" content=\"https:\/\/johanno1.se\/sv\/varlden-daglig-uppdatering-28-januari-2026\/\" \/>\n<meta property=\"og:site_name\" content=\"Johan No.1\" \/>\n<meta property=\"article:published_time\" content=\"2026-01-28T06:01:00+00:00\" \/>\n<meta property=\"article:modified_time\" content=\"2026-01-29T05:54:23+00:00\" \/>\n<meta property=\"og:image\" content=\"https:\/\/substackcdn.com\/image\/fetch\/$s_!Fk4i!,w_1456,c_limit,f_auto,q_auto:good,fl_progressive:steep\/https%3A%2F%2Fsubstack-post-media.s3.amazonaws.com%2Fpublic%2Fimages%2F487a9662-028f-435a-8b2a-e12aa9ec4b62_828x1252.jpeg\" \/>\n<meta name=\"author\" content=\"johan No.1\" \/>\n<meta name=\"twitter:card\" content=\"summary_large_image\" \/>\n<meta name=\"twitter:label1\" content=\"Skriven av\" \/>\n\t<meta name=\"twitter:data1\" content=\"johan No.1\" \/>\n\t<meta name=\"twitter:label2\" content=\"Ber\u00e4knad l\u00e4stid\" \/>\n\t<meta name=\"twitter:data2\" content=\"9 minuter\" \/>\n<script type=\"application\/ld+json\" class=\"yoast-schema-graph\">{\"@context\":\"https:\\\/\\\/schema.org\",\"@graph\":[{\"@type\":\"Article\",\"@id\":\"https:\\\/\\\/johanno1.se\\\/sv\\\/varlden-daglig-uppdatering-28-januari-2026\\\/#article\",\"isPartOf\":{\"@id\":\"https:\\\/\\\/johanno1.se\\\/sv\\\/varlden-daglig-uppdatering-28-januari-2026\\\/\"},\"author\":{\"name\":\"johan No.1\",\"@id\":\"https:\\\/\\\/johanno1.se\\\/sv\\\/#\\\/schema\\\/person\\\/1dec165f070bde263b30eaf3c0a742e7\"},\"headline\":\"V\u00e4rlden daglig uppdatering 28 Januari 2026\",\"datePublished\":\"2026-01-28T06:01:00+00:00\",\"dateModified\":\"2026-01-29T05:54:23+00:00\",\"mainEntityOfPage\":{\"@id\":\"https:\\\/\\\/johanno1.se\\\/sv\\\/varlden-daglig-uppdatering-28-januari-2026\\\/\"},\"wordCount\":1917,\"commentCount\":41,\"publisher\":{\"@id\":\"https:\\\/\\\/johanno1.se\\\/sv\\\/#organization\"},\"image\":{\"@id\":\"https:\\\/\\\/johanno1.se\\\/sv\\\/varlden-daglig-uppdatering-28-januari-2026\\\/#primaryimage\"},\"thumbnailUrl\":\"https:\\\/\\\/substackcdn.com\\\/image\\\/fetch\\\/$s_!Fk4i!,w_1456,c_limit,f_auto,q_auto:good,fl_progressive:steep\\\/https%3A%2F%2Fsubstack-post-media.s3.amazonaws.com%2Fpublic%2Fimages%2F487a9662-028f-435a-8b2a-e12aa9ec4b62_828x1252.jpeg\",\"articleSection\":[\"Kriget i Ukraina\"],\"inLanguage\":\"sv-SE\",\"potentialAction\":[{\"@type\":\"CommentAction\",\"name\":\"Comment\",\"target\":[\"https:\\\/\\\/johanno1.se\\\/sv\\\/varlden-daglig-uppdatering-28-januari-2026\\\/#respond\"]}]},{\"@type\":\"WebPage\",\"@id\":\"https:\\\/\\\/johanno1.se\\\/sv\\\/varlden-daglig-uppdatering-28-januari-2026\\\/\",\"url\":\"https:\\\/\\\/johanno1.se\\\/sv\\\/varlden-daglig-uppdatering-28-januari-2026\\\/\",\"name\":\"V\u00e4rlden daglig uppdatering 28 Januari 2026 -\",\"isPartOf\":{\"@id\":\"https:\\\/\\\/johanno1.se\\\/sv\\\/#website\"},\"primaryImageOfPage\":{\"@id\":\"https:\\\/\\\/johanno1.se\\\/sv\\\/varlden-daglig-uppdatering-28-januari-2026\\\/#primaryimage\"},\"image\":{\"@id\":\"https:\\\/\\\/johanno1.se\\\/sv\\\/varlden-daglig-uppdatering-28-januari-2026\\\/#primaryimage\"},\"thumbnailUrl\":\"https:\\\/\\\/substackcdn.com\\\/image\\\/fetch\\\/$s_!Fk4i!,w_1456,c_limit,f_auto,q_auto:good,fl_progressive:steep\\\/https%3A%2F%2Fsubstack-post-media.s3.amazonaws.com%2Fpublic%2Fimages%2F487a9662-028f-435a-8b2a-e12aa9ec4b62_828x1252.jpeg\",\"datePublished\":\"2026-01-28T06:01:00+00:00\",\"dateModified\":\"2026-01-29T05:54:23+00:00\",\"breadcrumb\":{\"@id\":\"https:\\\/\\\/johanno1.se\\\/sv\\\/varlden-daglig-uppdatering-28-januari-2026\\\/#breadcrumb\"},\"inLanguage\":\"sv-SE\",\"potentialAction\":[{\"@type\":\"ReadAction\",\"target\":[\"https:\\\/\\\/johanno1.se\\\/sv\\\/varlden-daglig-uppdatering-28-januari-2026\\\/\"]}]},{\"@type\":\"ImageObject\",\"inLanguage\":\"sv-SE\",\"@id\":\"https:\\\/\\\/johanno1.se\\\/sv\\\/varlden-daglig-uppdatering-28-januari-2026\\\/#primaryimage\",\"url\":\"https:\\\/\\\/substackcdn.com\\\/image\\\/fetch\\\/$s_!Fk4i!,w_1456,c_limit,f_auto,q_auto:good,fl_progressive:steep\\\/https%3A%2F%2Fsubstack-post-media.s3.amazonaws.com%2Fpublic%2Fimages%2F487a9662-028f-435a-8b2a-e12aa9ec4b62_828x1252.jpeg\",\"contentUrl\":\"https:\\\/\\\/substackcdn.com\\\/image\\\/fetch\\\/$s_!Fk4i!,w_1456,c_limit,f_auto,q_auto:good,fl_progressive:steep\\\/https%3A%2F%2Fsubstack-post-media.s3.amazonaws.com%2Fpublic%2Fimages%2F487a9662-028f-435a-8b2a-e12aa9ec4b62_828x1252.jpeg\"},{\"@type\":\"BreadcrumbList\",\"@id\":\"https:\\\/\\\/johanno1.se\\\/sv\\\/varlden-daglig-uppdatering-28-januari-2026\\\/#breadcrumb\",\"itemListElement\":[{\"@type\":\"ListItem\",\"position\":1,\"name\":\"Hem\",\"item\":\"https:\\\/\\\/johanno1.se\\\/sv\\\/\"},{\"@type\":\"ListItem\",\"position\":2,\"name\":\"V\u00e4rlden daglig uppdatering 28 Januari 2026\"}]},{\"@type\":\"WebSite\",\"@id\":\"https:\\\/\\\/johanno1.se\\\/sv\\\/#website\",\"url\":\"https:\\\/\\\/johanno1.se\\\/sv\\\/\",\"name\":\"Johan No.1\",\"description\":\"Kriget i Ukraina - V\u00e4rldsledande omv\u00e4rldsanalys fr\u00e5n Svensksund till den ryska brakf\u00f6rlusten i Ukraina\",\"publisher\":{\"@id\":\"https:\\\/\\\/johanno1.se\\\/sv\\\/#organization\"},\"potentialAction\":[{\"@type\":\"SearchAction\",\"target\":{\"@type\":\"EntryPoint\",\"urlTemplate\":\"https:\\\/\\\/johanno1.se\\\/sv\\\/?s={search_term_string}\"},\"query-input\":{\"@type\":\"PropertyValueSpecification\",\"valueRequired\":true,\"valueName\":\"search_term_string\"}}],\"inLanguage\":\"sv-SE\"},{\"@type\":\"Organization\",\"@id\":\"https:\\\/\\\/johanno1.se\\\/sv\\\/#organization\",\"name\":\"Johan No. 1\",\"url\":\"https:\\\/\\\/johanno1.se\\\/sv\\\/\",\"logo\":{\"@type\":\"ImageObject\",\"inLanguage\":\"sv-SE\",\"@id\":\"https:\\\/\\\/johanno1.se\\\/sv\\\/#\\\/schema\\\/logo\\\/image\\\/\",\"url\":\"https:\\\/\\\/johanno1.se\\\/wp-content\\\/uploads\\\/2025\\\/03\\\/cropped-No1-Logo.png\",\"contentUrl\":\"https:\\\/\\\/johanno1.se\\\/wp-content\\\/uploads\\\/2025\\\/03\\\/cropped-No1-Logo.png\",\"width\":512,\"height\":512,\"caption\":\"Johan No. 1\"},\"image\":{\"@id\":\"https:\\\/\\\/johanno1.se\\\/sv\\\/#\\\/schema\\\/logo\\\/image\\\/\"}},{\"@type\":\"Person\",\"@id\":\"https:\\\/\\\/johanno1.se\\\/sv\\\/#\\\/schema\\\/person\\\/1dec165f070bde263b30eaf3c0a742e7\",\"name\":\"johan No.1\",\"image\":{\"@type\":\"ImageObject\",\"inLanguage\":\"sv-SE\",\"@id\":\"https:\\\/\\\/secure.gravatar.com\\\/avatar\\\/06f93864ed6b830e2782e60575fff112f1c61c52bb10b194131e0e333191695b?s=96&d=mm&r=g\",\"url\":\"https:\\\/\\\/secure.gravatar.com\\\/avatar\\\/06f93864ed6b830e2782e60575fff112f1c61c52bb10b194131e0e333191695b?s=96&d=mm&r=g\",\"contentUrl\":\"https:\\\/\\\/secure.gravatar.com\\\/avatar\\\/06f93864ed6b830e2782e60575fff112f1c61c52bb10b194131e0e333191695b?s=96&d=mm&r=g\",\"caption\":\"johan No.1\"},\"url\":\"https:\\\/\\\/johanno1.se\\\/sv\\\/author\\\/johan\\\/\"}]}<\/script>\n<!-- \/ Yoast SEO plugin. -->","yoast_head_json":{"title":"V\u00e4rlden daglig uppdatering 28 Januari 2026 -","robots":{"index":"index","follow":"follow","max-snippet":"max-snippet:-1","max-image-preview":"max-image-preview:large","max-video-preview":"max-video-preview:-1"},"canonical":"https:\/\/johanno1.se\/sv\/varlden-daglig-uppdatering-28-januari-2026\/","og_locale":"sv_SE","og_type":"article","og_title":"V\u00e4rlden daglig uppdatering 28 Januari 2026 -","og_description":"Fick lite kommentarer om att mitt f\u00f6rra inl\u00e4gg var pessimistiskt och att jag deppade \u2013 jag g\u00f6r nog inte det [&hellip;]","og_url":"https:\/\/johanno1.se\/sv\/varlden-daglig-uppdatering-28-januari-2026\/","og_site_name":"Johan No.1","article_published_time":"2026-01-28T06:01:00+00:00","article_modified_time":"2026-01-29T05:54:23+00:00","og_image":[{"url":"https:\/\/substackcdn.com\/image\/fetch\/$s_!Fk4i!,w_1456,c_limit,f_auto,q_auto:good,fl_progressive:steep\/https%3A%2F%2Fsubstack-post-media.s3.amazonaws.com%2Fpublic%2Fimages%2F487a9662-028f-435a-8b2a-e12aa9ec4b62_828x1252.jpeg","type":"","width":"","height":""}],"author":"johan No.1","twitter_card":"summary_large_image","twitter_misc":{"Skriven av":"johan No.1","Ber\u00e4knad l\u00e4stid":"9 minuter"},"schema":{"@context":"https:\/\/schema.org","@graph":[{"@type":"Article","@id":"https:\/\/johanno1.se\/sv\/varlden-daglig-uppdatering-28-januari-2026\/#article","isPartOf":{"@id":"https:\/\/johanno1.se\/sv\/varlden-daglig-uppdatering-28-januari-2026\/"},"author":{"name":"johan No.1","@id":"https:\/\/johanno1.se\/sv\/#\/schema\/person\/1dec165f070bde263b30eaf3c0a742e7"},"headline":"V\u00e4rlden daglig uppdatering 28 Januari 2026","datePublished":"2026-01-28T06:01:00+00:00","dateModified":"2026-01-29T05:54:23+00:00","mainEntityOfPage":{"@id":"https:\/\/johanno1.se\/sv\/varlden-daglig-uppdatering-28-januari-2026\/"},"wordCount":1917,"commentCount":41,"publisher":{"@id":"https:\/\/johanno1.se\/sv\/#organization"},"image":{"@id":"https:\/\/johanno1.se\/sv\/varlden-daglig-uppdatering-28-januari-2026\/#primaryimage"},"thumbnailUrl":"https:\/\/substackcdn.com\/image\/fetch\/$s_!Fk4i!,w_1456,c_limit,f_auto,q_auto:good,fl_progressive:steep\/https%3A%2F%2Fsubstack-post-media.s3.amazonaws.com%2Fpublic%2Fimages%2F487a9662-028f-435a-8b2a-e12aa9ec4b62_828x1252.jpeg","articleSection":["Kriget i Ukraina"],"inLanguage":"sv-SE","potentialAction":[{"@type":"CommentAction","name":"Comment","target":["https:\/\/johanno1.se\/sv\/varlden-daglig-uppdatering-28-januari-2026\/#respond"]}]},{"@type":"WebPage","@id":"https:\/\/johanno1.se\/sv\/varlden-daglig-uppdatering-28-januari-2026\/","url":"https:\/\/johanno1.se\/sv\/varlden-daglig-uppdatering-28-januari-2026\/","name":"V\u00e4rlden daglig uppdatering 28 Januari 2026 -","isPartOf":{"@id":"https:\/\/johanno1.se\/sv\/#website"},"primaryImageOfPage":{"@id":"https:\/\/johanno1.se\/sv\/varlden-daglig-uppdatering-28-januari-2026\/#primaryimage"},"image":{"@id":"https:\/\/johanno1.se\/sv\/varlden-daglig-uppdatering-28-januari-2026\/#primaryimage"},"thumbnailUrl":"https:\/\/substackcdn.com\/image\/fetch\/$s_!Fk4i!,w_1456,c_limit,f_auto,q_auto:good,fl_progressive:steep\/https%3A%2F%2Fsubstack-post-media.s3.amazonaws.com%2Fpublic%2Fimages%2F487a9662-028f-435a-8b2a-e12aa9ec4b62_828x1252.jpeg","datePublished":"2026-01-28T06:01:00+00:00","dateModified":"2026-01-29T05:54:23+00:00","breadcrumb":{"@id":"https:\/\/johanno1.se\/sv\/varlden-daglig-uppdatering-28-januari-2026\/#breadcrumb"},"inLanguage":"sv-SE","potentialAction":[{"@type":"ReadAction","target":["https:\/\/johanno1.se\/sv\/varlden-daglig-uppdatering-28-januari-2026\/"]}]},{"@type":"ImageObject","inLanguage":"sv-SE","@id":"https:\/\/johanno1.se\/sv\/varlden-daglig-uppdatering-28-januari-2026\/#primaryimage","url":"https:\/\/substackcdn.com\/image\/fetch\/$s_!Fk4i!,w_1456,c_limit,f_auto,q_auto:good,fl_progressive:steep\/https%3A%2F%2Fsubstack-post-media.s3.amazonaws.com%2Fpublic%2Fimages%2F487a9662-028f-435a-8b2a-e12aa9ec4b62_828x1252.jpeg","contentUrl":"https:\/\/substackcdn.com\/image\/fetch\/$s_!Fk4i!,w_1456,c_limit,f_auto,q_auto:good,fl_progressive:steep\/https%3A%2F%2Fsubstack-post-media.s3.amazonaws.com%2Fpublic%2Fimages%2F487a9662-028f-435a-8b2a-e12aa9ec4b62_828x1252.jpeg"},{"@type":"BreadcrumbList","@id":"https:\/\/johanno1.se\/sv\/varlden-daglig-uppdatering-28-januari-2026\/#breadcrumb","itemListElement":[{"@type":"ListItem","position":1,"name":"Hem","item":"https:\/\/johanno1.se\/sv\/"},{"@type":"ListItem","position":2,"name":"V\u00e4rlden daglig uppdatering 28 Januari 2026"}]},{"@type":"WebSite","@id":"https:\/\/johanno1.se\/sv\/#website","url":"https:\/\/johanno1.se\/sv\/","name":"Johan No.1","description":"Kriget i Ukraina - V\u00e4rldsledande omv\u00e4rldsanalys fr\u00e5n Svensksund till den ryska brakf\u00f6rlusten i Ukraina","publisher":{"@id":"https:\/\/johanno1.se\/sv\/#organization"},"potentialAction":[{"@type":"SearchAction","target":{"@type":"EntryPoint","urlTemplate":"https:\/\/johanno1.se\/sv\/?s={search_term_string}"},"query-input":{"@type":"PropertyValueSpecification","valueRequired":true,"valueName":"search_term_string"}}],"inLanguage":"sv-SE"},{"@type":"Organization","@id":"https:\/\/johanno1.se\/sv\/#organization","name":"Johan No. 1","url":"https:\/\/johanno1.se\/sv\/","logo":{"@type":"ImageObject","inLanguage":"sv-SE","@id":"https:\/\/johanno1.se\/sv\/#\/schema\/logo\/image\/","url":"https:\/\/johanno1.se\/wp-content\/uploads\/2025\/03\/cropped-No1-Logo.png","contentUrl":"https:\/\/johanno1.se\/wp-content\/uploads\/2025\/03\/cropped-No1-Logo.png","width":512,"height":512,"caption":"Johan No. 1"},"image":{"@id":"https:\/\/johanno1.se\/sv\/#\/schema\/logo\/image\/"}},{"@type":"Person","@id":"https:\/\/johanno1.se\/sv\/#\/schema\/person\/1dec165f070bde263b30eaf3c0a742e7","name":"johan No.1","image":{"@type":"ImageObject","inLanguage":"sv-SE","@id":"https:\/\/secure.gravatar.com\/avatar\/06f93864ed6b830e2782e60575fff112f1c61c52bb10b194131e0e333191695b?s=96&d=mm&r=g","url":"https:\/\/secure.gravatar.com\/avatar\/06f93864ed6b830e2782e60575fff112f1c61c52bb10b194131e0e333191695b?s=96&d=mm&r=g","contentUrl":"https:\/\/secure.gravatar.com\/avatar\/06f93864ed6b830e2782e60575fff112f1c61c52bb10b194131e0e333191695b?s=96&d=mm&r=g","caption":"johan No.1"},"url":"https:\/\/johanno1.se\/sv\/author\/johan\/"}]}},"_links":{"self":[{"href":"https:\/\/johanno1.se\/sv\/wp-json\/wp\/v2\/posts\/3913","targetHints":{"allow":["GET"]}}],"collection":[{"href":"https:\/\/johanno1.se\/sv\/wp-json\/wp\/v2\/posts"}],"about":[{"href":"https:\/\/johanno1.se\/sv\/wp-json\/wp\/v2\/types\/post"}],"author":[{"embeddable":true,"href":"https:\/\/johanno1.se\/sv\/wp-json\/wp\/v2\/users\/3"}],"replies":[{"embeddable":true,"href":"https:\/\/johanno1.se\/sv\/wp-json\/wp\/v2\/comments?post=3913"}],"version-history":[{"count":1,"href":"https:\/\/johanno1.se\/sv\/wp-json\/wp\/v2\/posts\/3913\/revisions"}],"predecessor-version":[{"id":3914,"href":"https:\/\/johanno1.se\/sv\/wp-json\/wp\/v2\/posts\/3913\/revisions\/3914"}],"wp:attachment":[{"href":"https:\/\/johanno1.se\/sv\/wp-json\/wp\/v2\/media?parent=3913"}],"wp:term":[{"taxonomy":"category","embeddable":true,"href":"https:\/\/johanno1.se\/sv\/wp-json\/wp\/v2\/categories?post=3913"},{"taxonomy":"post_tag","embeddable":true,"href":"https:\/\/johanno1.se\/sv\/wp-json\/wp\/v2\/tags?post=3913"}],"curies":[{"name":"wp","href":"https:\/\/api.w.org\/{rel}","templated":true}]}}