{"id":4170,"date":"2026-03-08T07:56:09","date_gmt":"2026-03-08T06:56:09","guid":{"rendered":"https:\/\/johanno1.se\/?p=4170"},"modified":"2026-03-09T14:08:13","modified_gmt":"2026-03-09T13:08:13","slug":"ryska-forluster-och-aktiviteter-5","status":"publish","type":"post","link":"https:\/\/johanno1.se\/sv\/ryska-forluster-och-aktiviteter-5\/","title":{"rendered":"Ryska f\u00f6rluster mm. \u00f6ver tid + dagens f\u00f6rluster"},"content":{"rendered":"\n<h2 class=\"wp-block-heading\">Ryska f\u00f6rluster i Ukraina sett \u00f6ver tid<\/h2>\n\n\n\n<p>Dags \u00e5terigen att se \u00f6ver hur de ryska f\u00f6rlusterna f\u00f6r\u00e4ndras \u00f6ver tid f\u00f6r att se l\u00e5ngsiktiga f\u00f6r\u00e4ndringar och trender och eventuellt dra n\u00e5gra slutsatser fr\u00e5n det.<br>Jag b\u00f6rjar med att g\u00e5 igenom motsvarande uppgifter som redovisas i de dagliga rapporterna, d\u00e4refter titta vi p\u00e5 lite annan data.<br>Som underlag har jag som vanligt anv\u00e4nt mig av Ragnars fantastiska sammanst\u00e4llning av data fr\u00e5n kriget i Ukraina. <br>Tack Ragnar! F\u00f6lj honom p\u00e5 Bluesky <a href=\"https:\/\/bsky.app\/profile\/ragnarbjartur.bsky.social\">@ragnarbjartur.bsky.social<\/a> eller p\u00e5 Twitter <a href=\"https:\/\/x.com\/ragnarbjartur\">@ragnarbjartur<\/a> om ni inte redan g\u00f6r det!<br><\/p>\n\n\n\n<h3 class=\"wp-block-heading\">Ryska f\u00f6rluster av soldater, d\u00f6dade och s\u00e5rade (KWIA)<\/h3>\n\n\n\n<p>De ryska f\u00f6rlusterna av soldater har varierat under kriget, ofta i samband med st\u00f6rre offensiver. Det st\u00f6rsta antalet f\u00f6rluster hade vi runt \u00e5rsskiftet 2024\/2025. D\u00e4refter gick det ner till en l\u00e5gpunkt i slutet av sommaren 2025. Sedan dess har det r\u00f6rt sig lite upp och ner men det har inte varit n\u00e5gra st\u00f6rre f\u00f6r\u00e4ndringar och det \u00e4r sv\u00e5rt att peka p\u00e5 n\u00e5gon trend. F\u00f6rlusterna har legat p\u00e5 runt 1000 KWIA\/dag det senaste halv\u00e5ret,<br><br><em><strong>Fr\u00e5n starten av kriget fram till i dag:<\/strong><\/em><\/p>\n\n\n\n<figure class=\"wp-block-image size-full\"><img loading=\"lazy\" decoding=\"async\" width=\"729\" height=\"563\" src=\"https:\/\/johanno1.se\/wp-content\/uploads\/2026\/03\/image.png\" alt=\"\" class=\"wp-image-4176\" srcset=\"https:\/\/johanno1.se\/wp-content\/uploads\/2026\/03\/image.png 729w, https:\/\/johanno1.se\/wp-content\/uploads\/2026\/03\/image-300x232.png 300w\" sizes=\"auto, (max-width: 729px) 100vw, 729px\" \/><\/figure>\n\n\n\n<p><strong><em>F\u00f6r att se b\u00e4ttre i detalj, har vi h\u00e4r \u00e4ven ett utdrag fr\u00e5n 1 juli fram till i dag: <\/em><\/strong><\/p>\n\n\n\n<figure class=\"wp-block-image size-full\"><img loading=\"lazy\" decoding=\"async\" width=\"735\" height=\"556\" src=\"https:\/\/johanno1.se\/wp-content\/uploads\/2026\/03\/image-1.png\" alt=\"\" class=\"wp-image-4177\" srcset=\"https:\/\/johanno1.se\/wp-content\/uploads\/2026\/03\/image-1.png 735w, https:\/\/johanno1.se\/wp-content\/uploads\/2026\/03\/image-1-300x227.png 300w\" sizes=\"auto, (max-width: 735px) 100vw, 735px\" \/><\/figure>\n\n\n\n<h3 class=\"wp-block-heading\">Ryska f\u00f6rluster av stridsvagnar och \u00f6vriga pansarfordon<\/h3>\n\n\n\n<p>F\u00f6rlusterna f\u00f6r stridsvagnar och \u00f6vrigt pansar f\u00f6ljs inte \u00e5t exakt, men sett \u00f6ver tid st\u00e4mmer det ganska v\u00e4l \u00f6verens. Fr\u00e5n maj 2025 b\u00f6rjade antalet sjunka f\u00f6r b\u00e5da och under sommaren var f\u00f6rlusterna riktigt l\u00e5ga. Det har fortsatt ungef\u00e4r p\u00e5 samma sp\u00e5r \u00e4ven det varit n\u00e5gon enstaka puckel. Man kan ana att f\u00f6rlusterna \u00e4r n\u00e5got h\u00f6gre nu \u00e4n n\u00e4r de var som l\u00e4gst. Det kan vara ett tecken p\u00e5 \u00f6kad intensitet i kriget. Ukraina har lyckats ta tillbaka en del mindre omr\u00e5det.<br><br>Att antalet sjunkit totalt sett beror troligen p\u00e5 att de helt enkelt inte har s\u00e5 m\u00e5nga kvar i kombination med att man taktikanpassat d\u00e5 man uppt\u00e4ckt att man tar enorma f\u00f6rluster varje g\u00e5ng man f\u00f6rs\u00f6ker anfalla med ett st\u00f6rre antal. Om det beror p\u00e5 brist f\u00e5r man anta att de i stort sett anv\u00e4nder allt de kan f\u00e5 fram, \u00e4r det huvudsakligen en taktikanpassning \u00e4r det mycket m\u00f6jligt att de bygger upp ett lager och d\u00e5 kan vi ev. f\u00e5 se st\u00f6rre mekanfall l\u00e4ngre fram. <br><br><strong><em>F\u00f6rluster av stridsvagnar sett \u00f6ver hela kriget<\/em><\/strong><\/p>\n\n\n\n<figure class=\"wp-block-image size-full\"><img loading=\"lazy\" decoding=\"async\" width=\"723\" height=\"585\" src=\"https:\/\/johanno1.se\/wp-content\/uploads\/2026\/03\/image-2.png\" alt=\"\" class=\"wp-image-4178\" srcset=\"https:\/\/johanno1.se\/wp-content\/uploads\/2026\/03\/image-2.png 723w, https:\/\/johanno1.se\/wp-content\/uploads\/2026\/03\/image-2-300x243.png 300w\" sizes=\"auto, (max-width: 723px) 100vw, 723px\" \/><\/figure>\n\n\n\n<p><strong><em>F\u00f6rluster av \u00f6vrigt pansar sett \u00f6ver hela kriget<\/em><\/strong><\/p>\n\n\n\n<figure class=\"wp-block-image size-full\"><img loading=\"lazy\" decoding=\"async\" width=\"721\" height=\"578\" src=\"https:\/\/johanno1.se\/wp-content\/uploads\/2026\/03\/image-3.png\" alt=\"\" class=\"wp-image-4179\" srcset=\"https:\/\/johanno1.se\/wp-content\/uploads\/2026\/03\/image-3.png 721w, https:\/\/johanno1.se\/wp-content\/uploads\/2026\/03\/image-3-300x240.png 300w\" sizes=\"auto, (max-width: 721px) 100vw, 721px\" \/><\/figure>\n\n\n\n<h3 class=\"wp-block-heading\">F\u00f6rluster av artilleri och MLRS<\/h3>\n\n\n\n<p>Artilleriet f\u00f6ljer till viss del f\u00f6rlusterna av KWIA (och samtidigt intensiteten i kriget n\u00e4r det g\u00e4ller st\u00f6rre offensiver). F\u00f6rlusterna har \u00e4ven h\u00e4r minskat fr\u00e5n rekordniv\u00e5erna men har h\u00e4mtat sig n\u00e5got fr\u00e5n botten och har \u00f6kat p\u00e5 slutet. Just nu har vi ett snitt per dag som varierar mellan 40-50. <br>Artilleri var n\u00e5got som m\u00e5nga som r\u00e4knat p\u00e5 det utgick fr\u00e5n att Ryssland skulle b\u00f6rja f\u00e5 slut p\u00e5 f\u00f6rst. Vi vet inte hur mycket Nordkorea har levererat, men vi hade en kraftig nedg\u00e5ng i slutet av 2024 som f\u00f6ljdes av en lika kraftig uppg\u00e5ng. En uppg\u00e5ng som vi inte kan se n\u00e4r det g\u00e4ller t.ex. KWIA, eller pansar.<br>N\u00e4r det g\u00e4ller anv\u00e4ndning av granater har den minskat kraftigt men trots det har vi allts\u00e5 \u00e4nd\u00e5 ganska h\u00f6ga f\u00f6rluster (mer om det l\u00e4ngre ner).<br>F\u00f6rlusterna av MLRS \u00e4r s\u00e5 passa l\u00e5ga att det \u00e4r sv\u00e5rt att se n\u00e5gra upp och nedg\u00e5ngar.<\/p>\n\n\n\n<p><strong><em>F\u00f6rluster av artilleri sedan starten av kriget<\/em><\/strong><\/p>\n\n\n\n<figure class=\"wp-block-image size-full\"><img loading=\"lazy\" decoding=\"async\" width=\"704\" height=\"541\" src=\"https:\/\/johanno1.se\/wp-content\/uploads\/2026\/03\/image-4.png\" alt=\"\" class=\"wp-image-4180\" srcset=\"https:\/\/johanno1.se\/wp-content\/uploads\/2026\/03\/image-4.png 704w, https:\/\/johanno1.se\/wp-content\/uploads\/2026\/03\/image-4-300x231.png 300w\" sizes=\"auto, (max-width: 704px) 100vw, 704px\" \/><\/figure>\n\n\n\n<p><strong><em>F\u00f6rluster av MLRS sedan starten av kriget.<\/em><\/strong><\/p>\n\n\n\n<figure class=\"wp-block-image size-full\"><img loading=\"lazy\" decoding=\"async\" width=\"716\" height=\"554\" src=\"https:\/\/johanno1.se\/wp-content\/uploads\/2026\/03\/image-5.png\" alt=\"\" class=\"wp-image-4181\" srcset=\"https:\/\/johanno1.se\/wp-content\/uploads\/2026\/03\/image-5.png 716w, https:\/\/johanno1.se\/wp-content\/uploads\/2026\/03\/image-5-300x232.png 300w\" sizes=\"auto, (max-width: 716px) 100vw, 716px\" \/><\/figure>\n\n\n\n<h3 class=\"wp-block-heading\">Nedskjutna UAVs<\/h3>\n\n\n\n<p>Kurvan n\u00e4r det g\u00e4ller nedskjutna UAVs v\u00e4xer i stort sett exponentiellt. F\u00f6r n\u00e5got \u00e5r sedan betraktade jag inte de ryska terrorattackerna som n\u00e5got st\u00f6rre hot mot Ukraina men allteftersom det intensifierats g\u00e5r det inte att komma i fr\u00e5n att det nu troligen n\u00e5tt en niv\u00e5 som g\u00f6r det riktigt besv\u00e4rligt. Dels sl\u00e5r man mot elf\u00f6rs\u00f6rjningen som drabbar hela samh\u00e4llet och d\u00e5 inte bara civilbefolkningen utan \u00e4ven tillverkningsindustrin, d\u00e4r \u00e4ven krigsmateriel ing\u00e5r. Zelenskyy har sj\u00e4lv ber\u00e4ttat att tillverkningen av Flamingos blivit attackerat vilket gjorde att man inte kunde komma i g\u00e5ng med massproduktionen enligt tidplanen.<\/p>\n\n\n\n<p>Tyv\u00e4rr ser vi ingen avmattning. I dag fick vi ett nytt rekord som slog det f\u00f6rra med r\u00e5ge. Det \u00e4r f\u00f6rst\u00e5s v\u00e4ldigt bra att Ukraina klarar av att sl\u00e5 ner de enorma m\u00e4ngderna med det betyder ocks\u00e5 att Rysslands kapacitet att tillverka Shaheddr\u00f6narna ocks\u00e5 har \u00f6kat kraftigt. Om Iran forfarande har levererat eller om Ryssland producerar allt sj\u00e4lva \u00e4r det v\u00e4l ingen som riktigt vet. \u00c4r man beroende av Iran \u00e4r det inget som m\u00e4rkts av s\u00e5 h\u00e4r l\u00e5ngt men det \u00e4r klart att de kan ha haft stora lager som man tar fr\u00e5n. Forts\u00e4tter det h\u00e4r att \u00f6ka i samma takt tror jag inte det blir h\u00e5llbart i l\u00e4ngden. Ukraina m\u00e5ste f\u00e5 hj\u00e4lp med att identifiera och sl\u00e5 ut tillverkningsanl\u00e4ggningaran.<\/p>\n\n\n\n<p><strong><em>Antal bek\u00e4mpade UAVs sedan krigets start.<\/em><\/strong><\/p>\n\n\n\n<figure class=\"wp-block-image size-full\"><img loading=\"lazy\" decoding=\"async\" width=\"732\" height=\"575\" src=\"https:\/\/johanno1.se\/wp-content\/uploads\/2026\/03\/image-6.png\" alt=\"\" class=\"wp-image-4182\" srcset=\"https:\/\/johanno1.se\/wp-content\/uploads\/2026\/03\/image-6.png 732w, https:\/\/johanno1.se\/wp-content\/uploads\/2026\/03\/image-6-300x236.png 300w\" sizes=\"auto, (max-width: 732px) 100vw, 732px\" \/><\/figure>\n\n\n\n<p><strong><em>\u00d6versikt \u00f6ver KWIA m\u00e5nadsvis och \u00e5rsvis:<\/em> <\/strong><\/p>\n\n\n\n<figure class=\"wp-block-image size-large\"><img loading=\"lazy\" decoding=\"async\" width=\"1024\" height=\"550\" src=\"https:\/\/johanno1.se\/wp-content\/uploads\/2026\/03\/image-11-1024x550.png\" alt=\"\" class=\"wp-image-4188\" srcset=\"https:\/\/johanno1.se\/wp-content\/uploads\/2026\/03\/image-11-1024x550.png 1024w, https:\/\/johanno1.se\/wp-content\/uploads\/2026\/03\/image-11-300x161.png 300w, https:\/\/johanno1.se\/wp-content\/uploads\/2026\/03\/image-11-768x413.png 768w, https:\/\/johanno1.se\/wp-content\/uploads\/2026\/03\/image-11.png 1059w\" sizes=\"auto, (max-width: 1024px) 100vw, 1024px\" \/><\/figure>\n\n\n\n<h3 class=\"wp-block-heading\">F\u00f6rluster av ryskt luftv\u00e4rn<\/h3>\n\n\n\n<p>N\u00e4r det g\u00e4ller LV \u00e4r \u00e4ven de f\u00f6rlusterna, precis som f\u00f6r MLRS ganska l\u00e5ga, men h\u00e4r kan man se att n\u00e5got h\u00e4nt nu p\u00e5 slutet. Fr\u00e5n att ha varit v\u00e4ldigt l\u00e5ga f\u00f6rluster har de sakta \u00f6kat f\u00f6r att pl\u00f6tsligt \u00f6ka. F\u00f6r att det ska bli tydligare har jag valt perioden 1 juli 2025 fram till i dag. Har Ukraina b\u00f6rjat f\u00f6rbereda f\u00f6r att s\u00e4tta in flyg, eller f\u00f6r att bana v\u00e4g f\u00f6r Flamingos mm? Eller \u00e4r det s\u00e5 att det ryska luftv\u00e4rnet nu b\u00f6rjar bli s\u00e5 f\u00f6rsvagat att det blivit enklare f\u00f6r Ukraina att sl\u00e5 ut det?<br>Sv\u00e5rt att s\u00e4ga men vi f\u00e5r hoppas att det \u00e4r en form av f\u00f6rbek\u00e4mpning inf\u00f6r en kommande offensiv.<\/p>\n\n\n\n<p><strong><em>F\u00f6rluster av ryskt luftv\u00e4rn sedan 1 juli 2025<\/em><\/strong><\/p>\n\n\n\n<figure class=\"wp-block-image size-full\"><img loading=\"lazy\" decoding=\"async\" width=\"730\" height=\"566\" src=\"https:\/\/johanno1.se\/wp-content\/uploads\/2026\/03\/image-8.png\" alt=\"\" class=\"wp-image-4184\" srcset=\"https:\/\/johanno1.se\/wp-content\/uploads\/2026\/03\/image-8.png 730w, https:\/\/johanno1.se\/wp-content\/uploads\/2026\/03\/image-8-300x233.png 300w\" sizes=\"auto, (max-width: 730px) 100vw, 730px\" \/><\/figure>\n\n\n\n<h3 class=\"wp-block-heading\">F\u00f6rluster av ryska sk. mjuka fordon<\/h3>\n\n\n\n<p>N\u00e4r det g\u00e4ller vanliga obepansrade fordon \u00e4r vi uppe p\u00e5 rekordniv\u00e5er. Dels beror det kanske till viss del p\u00e5 att de knappat anv\u00e4ndare bepansrade fordon l\u00e4ngre, men ocks\u00e5 att motorcyklar, fyrhjulingar och andra mindre fordon verkar anv\u00e4ndas alltmer och d\u00e5 kr\u00e4vs det f\u00f6rst\u00e5s st\u00f6rre m\u00e4ngder. Det kan samtidigt ocks\u00e5 vara ett tecken p\u00e5 att Ukraina blivit b\u00e4ttre p\u00e5 att bek\u00e4mpa m\u00e5l p\u00e5 djupet. Kanske det \u00e4r fr\u00e5gan om en f\u00f6rbek\u00e4mpning inf\u00f6r en offensiv?<\/p>\n\n\n\n<p><strong><em>F\u00f6rluster av mjuka fordon sedan krigets start<\/em><\/strong><\/p>\n\n\n\n<figure class=\"wp-block-image size-full\"><img loading=\"lazy\" decoding=\"async\" width=\"742\" height=\"601\" src=\"https:\/\/johanno1.se\/wp-content\/uploads\/2026\/03\/image-9.png\" alt=\"\" class=\"wp-image-4185\" srcset=\"https:\/\/johanno1.se\/wp-content\/uploads\/2026\/03\/image-9.png 742w, https:\/\/johanno1.se\/wp-content\/uploads\/2026\/03\/image-9-300x243.png 300w\" sizes=\"auto, (max-width: 742px) 100vw, 742px\" \/><\/figure>\n\n\n\n<h3 class=\"wp-block-heading\">Specialutrustning<\/h3>\n\n\n\n<p>\u00c4ven h\u00e4r ser vi en kraftig minskning i slutet av 2024 och efter det har det i stort sett varit minimala f\u00f6rluster utan n\u00e5gra tecken p\u00e5 en \u00f6kning. Jag har sv\u00e5rt att tro att Ukrainas f\u00f6rm\u00e5ga har avtagit, d\u00e5 \u00e4r det nog snarare s\u00e5 att Ryssland taktikanpassat och inte l\u00e4ngre v\u00e5gar l\u00e5ta specialutrustning placeras alltf\u00f6r frontn\u00e4ra. Nu har vi aldrig f\u00e5tt veta exakt vad som ing\u00e5r i den h\u00e4r kategorin. Det skulle kunna vara s\u00e5 att termobariskt artilleri som TOS osv. ing\u00e5r h\u00e4r (de har ju gjort skillnad p\u00e5 vanligt artilleri och MLRS). I s\u00e5 fall kan det vara en del av f\u00f6rklaringen. TOS har kort r\u00e4ckvid och de b\u00f6rjar troligen \u00e4ven att f\u00e5 ont av dem. Detsamma g\u00e4ller s\u00e4kert de st\u00f6rre fordonen med avancerad radar osv. I s\u00e5 fall kan vi tolka de l\u00e5g f\u00f6rlusterna som ett gott tecken, Ryssland har helt enkelt blivit av med n\u00e5gra av sidan &#8221;f\u00f6rm\u00e5gor&#8221;.<\/p>\n\n\n\n<p><strong><em>Specialutrustning, sett \u00f6ver hela kriget<\/em><\/strong><\/p>\n\n\n\n<figure class=\"wp-block-image size-full\"><img loading=\"lazy\" decoding=\"async\" width=\"747\" height=\"579\" src=\"https:\/\/johanno1.se\/wp-content\/uploads\/2026\/03\/image-10.png\" alt=\"\" class=\"wp-image-4186\" srcset=\"https:\/\/johanno1.se\/wp-content\/uploads\/2026\/03\/image-10.png 747w, https:\/\/johanno1.se\/wp-content\/uploads\/2026\/03\/image-10-300x233.png 300w\" sizes=\"auto, (max-width: 747px) 100vw, 747px\" \/><\/figure>\n\n\n\n<h3 class=\"wp-block-heading\">Artilleriattacker och sj\u00e4lvmordsdr\u00f6nare<\/h3>\n\n\n\n<p>H\u00e4r kan vi se att antalet artilleriattacker har minskat medan sj\u00e4lvmordsdr\u00f6narna ist\u00e4llet \u00f6ka kraftigt. Ett tecken p\u00e5 att modern krigf\u00f6ring har f\u00f6r\u00e4ndrats under kriget i Ukraina d\u00e4r billiga dr\u00f6nare med h\u00f6g precision ers\u00e4tter \u00e4ldre dyrare och klumpigare l\u00f6sningar. Artilleriet \u00e4r l\u00e5ngt i f\u00e5rn uttr\u00e4knat men bara sedan 1 juni 2025 har det n\u00e4st intill halverats medan FPV d\u00f6rnarna ist\u00e4llet har mer \u00e4n f\u00f6rdubblats.<\/p>\n\n\n\n<figure class=\"wp-block-image size-large\"><img loading=\"lazy\" decoding=\"async\" width=\"764\" height=\"1024\" src=\"https:\/\/johanno1.se\/wp-content\/uploads\/2026\/03\/image-12-764x1024.png\" alt=\"\" class=\"wp-image-4190\" srcset=\"https:\/\/johanno1.se\/wp-content\/uploads\/2026\/03\/image-12-764x1024.png 764w, https:\/\/johanno1.se\/wp-content\/uploads\/2026\/03\/image-12-224x300.png 224w, https:\/\/johanno1.se\/wp-content\/uploads\/2026\/03\/image-12-768x1029.png 768w, https:\/\/johanno1.se\/wp-content\/uploads\/2026\/03\/image-12.png 774w\" sizes=\"auto, (max-width: 764px) 100vw, 764px\" \/><\/figure>\n\n\n\n<h3 class=\"wp-block-heading\">Antalet strider\/sammandrabbningar<\/h3>\n\n\n\n<p>H\u00e4r ser man att antalet varit v\u00e4ldigt h\u00f6gt s\u00e5 h\u00e4r l\u00e5ngt under 2026men att man samtidigt \u00e4ven kan ana ett trendbrott p\u00e5 slutet med minskat antal. Det \u00e4r lite f\u00f6r tidigt att avg\u00f6ra om det \u00e4r n\u00e5got som kommer att h\u00e5lla i sig. Samtidigt \u00e4r det h\u00e4r allts\u00e5 antalet strider, hur omfattande de \u00e4r framg\u00e5r inte. <br>Att det varit m\u00e5nga strider sedan slutet p\u00e5 \u00e5ret kan beror p\u00e5 att Ryssland anfaller med fler och mindre grupper.<\/p>\n\n\n\n<figure class=\"wp-block-image size-large\"><img loading=\"lazy\" decoding=\"async\" width=\"1024\" height=\"600\" src=\"https:\/\/johanno1.se\/wp-content\/uploads\/2026\/03\/image-13-1024x600.png\" alt=\"\" class=\"wp-image-4191\" srcset=\"https:\/\/johanno1.se\/wp-content\/uploads\/2026\/03\/image-13-1024x600.png 1024w, https:\/\/johanno1.se\/wp-content\/uploads\/2026\/03\/image-13-300x176.png 300w, https:\/\/johanno1.se\/wp-content\/uploads\/2026\/03\/image-13-768x450.png 768w, https:\/\/johanno1.se\/wp-content\/uploads\/2026\/03\/image-13.png 1085w\" sizes=\"auto, (max-width: 1024px) 100vw, 1024px\" \/><\/figure>\n\n\n\n<p>H\u00e4r kan man se b\u00e5de antal strider och KWIA den senaste m\u00e5naden. Tyv\u00e4rr blir diagrammet ol\u00e4sligt om man v\u00e4ljer ett l\u00e4ngre intervall. N\u00e4r man ser det i detalj kan man konstatera att de inte riktigt h\u00e4nger i hop. Enstaka sammandrabbningar p\u00e5verkar allts inte KWIA p\u00e5 ett m\u00e4rkbart s\u00e4tt. Det kan ev. beror p\u00e5 att rapporteringen inte alltid \u00e4r i synk, men det kan ocks\u00e5 bero p\u00e5 att striderna sker med s\u00e5 f\u00e5 soldater att det inte m\u00e4rks i det stora hela.<\/p>\n\n\n\n<figure class=\"wp-block-image size-full\"><img loading=\"lazy\" decoding=\"async\" width=\"763\" height=\"543\" src=\"https:\/\/johanno1.se\/wp-content\/uploads\/2026\/03\/image-14.png\" alt=\"\" class=\"wp-image-4192\" srcset=\"https:\/\/johanno1.se\/wp-content\/uploads\/2026\/03\/image-14.png 763w, https:\/\/johanno1.se\/wp-content\/uploads\/2026\/03\/image-14-300x213.png 300w\" sizes=\"auto, (max-width: 763px) 100vw, 763px\" \/><\/figure>\n\n\n\n<h3 class=\"wp-block-heading\">Ryska respektive Ukrainska f\u00f6rluster av utrustning<\/h3>\n\n\n\n<p>H\u00e4r ser vi f\u00f6rh\u00e5llandet mellan Ryssland och Ukraina och trenden som vi observerat tidigare, att Ukraina nu f\u00f6rlorar mer \u00e4n Ryssland forts\u00e4tter. Ration var nere p\u00e5 under 0,5 men har h\u00e4mtat upp sig lite och \u00e4r just nu runt 0,7. Vi f\u00e5r hoppas att det h\u00e5ller i sig. De h\u00e4r uppgifterna kommer fr\u00e5n Oryx och \u00e4r allts\u00e5 vsiuellt bekr\u00e4ftade utifr\u00e5n bilder och filmer som man kommit \u00f6ver fr\u00e5n internet\/sociala medier och granskat.<\/p>\n\n\n\n<figure class=\"wp-block-image size-full\"><img loading=\"lazy\" decoding=\"async\" width=\"945\" height=\"977\" src=\"https:\/\/johanno1.se\/wp-content\/uploads\/2026\/03\/image-16.png\" alt=\"\" class=\"wp-image-4194\" srcset=\"https:\/\/johanno1.se\/wp-content\/uploads\/2026\/03\/image-16.png 945w, https:\/\/johanno1.se\/wp-content\/uploads\/2026\/03\/image-16-290x300.png 290w, https:\/\/johanno1.se\/wp-content\/uploads\/2026\/03\/image-16-768x794.png 768w\" sizes=\"auto, (max-width: 945px) 100vw, 945px\" \/><\/figure>\n\n\n\n<h3 class=\"wp-block-heading\">Avslutning<\/h3>\n\n\n\n<p>Ryssland forts\u00e4tter att ut\u00f6ka sin kapacitet n\u00e4r det g\u00e4ller dr\u00f6nare, b\u00e5da UAVs f\u00f6r det nattliga terrorattackerna och FPV-dr\u00f6nare som anv\u00e4nds vid fronterna. Att de lyckas anpasa sig till modern krigf\u00f6ring och \u00e4ven tycks ha f\u00e5tt i en enrom produktion \u00e4r orov\u00e4ckande. Det \u00e4r ocks\u00e5 den allra tydligaste trenden n\u00e4r man tittar \u00e5 diagrammen.  Jag ser det som det st\u00f6rsta hotet samtidigt \u00e4r vintern \u00f6ver och Ukraina klarade sig \u00e4nd\u00e5 genom den trots Rysslands f\u00f6rs\u00f6k att sl\u00e5 ut energif\u00f6rs\u00f6rjningen.<\/p>\n\n\n\n<p>Ukraina g\u00f6r f\u00f6rst\u00e5s likadant och har ocks\u00e5 \u00f6kat sin produktion enormt. De har kanske \u00e4nnu inte riktigt lyckats matcha Ryssland n\u00e4r det g\u00e4ller m\u00f6jligheten att sl\u00e5 p\u00e5 djupet, men det har en enrom produktion av FPV-dr\u00f6nare och har \u00e4ven f\u00e5tt i g\u00e5ng motmedlen mot Shaheds. De skulle aldrig annars klara av att skjuta ner de enorm m\u00e4ngderna UAVs.<\/p>\n\n\n\n<p>N\u00e4r det g\u00e4ller situationen vid fronterna forts\u00e4tter Ryssland att g\u00f6ra sm\u00e5 framsteg men Ukraina har nu lyckat ta tillbaka en del omr\u00e5den och utifr\u00e5n f\u00f6rlusterna av LV mm. kan man ana att Ryssland b\u00f6rjar f\u00e5 sv\u00e5rt att v\u00e4rja sig och att Ukraina ev. satt i g\u00e5ng med f\u00f6rbek\u00e4mpning f\u00f6r att g\u00e5 till motoffensiv. Det ryktas om att Ryssland f\u00e5r att sv\u00e5rare att rekrytera och \u00e4ven de proryska bloggarna b\u00f6rjar bli alltmera negativt inst\u00e4llda. Det senare g\u00f6r det f\u00f6rst\u00e5s inte l\u00e4ttare heller att fylla p\u00e5 med nya soldater. Det \u00e4r kanske snart ett r\u00e4tt l\u00e4ge f\u00f6r Ukraina att sl\u00e5 tillbaka. <\/p>\n\n\n\n<p><\/p>\n\n\n\n<p><\/p>\n\n\n\n<hr class=\"wp-block-separator has-alpha-channel-opacity is-style-wide\"\/>\n\n\n\n<h2 class=\"wp-block-heading\">Ryska f\u00f6rluster i Ukraina 2026-03-08<\/h2>\n\n\n\n<p>Om Iran fortfarande levererar Shaheds till Ryssland \u00e4r det inget som \u00e4n s\u00e5 l\u00e4nge m\u00e4rks i f\u00f6rlustrapporterna. Nya rekord f\u00f6r nedskjutna UAVs s\u00e4tts fortfarande med n\u00e5gra dagars mellanrum. I den h\u00e4r senaste rapporten har vi \u00e5terigen ett nytt rekodd 2 558, vilket \u00e4r en enorm h\u00f6jning av det f\u00f6rra rekordet som l\u00e5g p\u00e5 1950. Ryssarnas f\u00f6rluster av mjuka fordon \u00e4r ocks\u00e5 v\u00e4ldigt h\u00f6gt och det n\u00e4st h\u00f6gsta hittills. Rekordet ligger p\u00e5 312.<\/p>\n\n\n\n<ul class=\"wp-block-list\">\n<li>930 KWIA<\/li>\n\n\n\n<li>5 Tanks<\/li>\n\n\n\n<li>5 AFVs<\/li>\n\n\n\n<li>55 Artillery systems<\/li>\n\n\n\n<li>3 MLRS<\/li>\n\n\n\n<li>2558 UAVs <\/li>\n\n\n\n<li>19 Cuise missiles<\/li>\n\n\n\n<li>289 Vehicles &amp; Fuel tanks<\/li>\n\n\n\n<li>3 Special equipment<\/li>\n<\/ul>\n\n\n\n<figure class=\"wp-block-image size-large losses\"><img loading=\"lazy\" decoding=\"async\" width=\"819\" height=\"1024\" src=\"https:\/\/johanno1.se\/wp-content\/uploads\/2026\/03\/2026-03-08-819x1024.jpg\" alt=\"\" class=\"wp-image-4171\" srcset=\"https:\/\/johanno1.se\/wp-content\/uploads\/2026\/03\/2026-03-08-819x1024.jpg 819w, https:\/\/johanno1.se\/wp-content\/uploads\/2026\/03\/2026-03-08-240x300.jpg 240w, https:\/\/johanno1.se\/wp-content\/uploads\/2026\/03\/2026-03-08-768x960.jpg 768w, https:\/\/johanno1.se\/wp-content\/uploads\/2026\/03\/2026-03-08.jpg 1024w\" sizes=\"auto, (max-width: 819px) 100vw, 819px\" \/><\/figure>\n\n\n\n<p><\/p>\n\n\n\n<h2 class=\"wp-block-heading\">Ryska aktiviteter<\/h2>\n\n\n\n<p>\u00c4ven h\u00e4r har vi ett nytt rekord. 9 837 sj\u00e4lvmordsdr\u00f6narna \u00e4r, liksom f\u00f6r UAVs ovan, en kraftig h\u00f6jning fr\u00e5n det f\u00f6rra rekordet som l\u00e5g p\u00e5 9054.<\/p>\n\n\n\n<ul class=\"wp-block-list\">\n<li>121 strider<\/li>\n\n\n\n<li>86 Flyganfall (varav 33 robotar)<\/li>\n\n\n\n<li>254 KAB<\/li>\n\n\n\n<li>9 837 Sj\u00e4lvmordsdr\u00f6nare<\/li>\n\n\n\n<li>3 514 granater (varav 49 fr\u00e5n MLRS)<\/li>\n<\/ul>\n\n\n\n<p><\/p>\n\n\n\n<p><strong>SLAVA UKRAINI<\/strong><\/p>\n\n\n\n<p><\/p>\n","protected":false},"excerpt":{"rendered":"<p>Ryska f\u00f6rluster och aktiviteter + omfattande genom\u00e5ng av f\u00f6rlusterna \u00f6ver tid.<\/p>\n","protected":false},"author":1,"featured_media":4171,"comment_status":"open","ping_status":"open","sticky":false,"template":"","format":"standard","meta":{"site-sidebar-layout":"default","site-content-layout":"","ast-site-content-layout":"default","site-content-style":"default","site-sidebar-style":"default","ast-global-header-display":"","ast-banner-title-visibility":"","ast-main-header-display":"","ast-hfb-above-header-display":"","ast-hfb-below-header-display":"","ast-hfb-mobile-header-display":"","site-post-title":"","ast-breadcrumbs-content":"","ast-featured-img":"","footer-sml-layout":"","ast-disable-related-posts":"","theme-transparent-header-meta":"","adv-header-id-meta":"","stick-header-meta":"","header-above-stick-meta":"","header-main-stick-meta":"","header-below-stick-meta":"","astra-migrate-meta-layouts":"default","ast-page-background-enabled":"default","ast-page-background-meta":{"desktop":{"background-color":"var(--ast-global-color-4)","background-image":"","background-repeat":"repeat","background-position":"center center","background-size":"auto","background-attachment":"scroll","background-type":"","background-media":"","overlay-type":"","overlay-color":"","overlay-opacity":"","overlay-gradient":""},"tablet":{"background-color":"","background-image":"","background-repeat":"repeat","background-position":"center center","background-size":"auto","background-attachment":"scroll","background-type":"","background-media":"","overlay-type":"","overlay-color":"","overlay-opacity":"","overlay-gradient":""},"mobile":{"background-color":"","background-image":"","background-repeat":"repeat","background-position":"center center","background-size":"auto","background-attachment":"scroll","background-type":"","background-media":"","overlay-type":"","overlay-color":"","overlay-opacity":"","overlay-gradient":""}},"ast-content-background-meta":{"desktop":{"background-color":"var(--ast-global-color-5)","background-image":"","background-repeat":"repeat","background-position":"center center","background-size":"auto","background-attachment":"scroll","background-type":"","background-media":"","overlay-type":"","overlay-color":"","overlay-opacity":"","overlay-gradient":""},"tablet":{"background-color":"var(--ast-global-color-5)","background-image":"","background-repeat":"repeat","background-position":"center center","background-size":"auto","background-attachment":"scroll","background-type":"","background-media":"","overlay-type":"","overlay-color":"","overlay-opacity":"","overlay-gradient":""},"mobile":{"background-color":"var(--ast-global-color-5)","background-image":"","background-repeat":"repeat","background-position":"center center","background-size":"auto","background-attachment":"scroll","background-type":"","background-media":"","overlay-type":"","overlay-color":"","overlay-opacity":"","overlay-gradient":""}},"footnotes":""},"categories":[18,31],"tags":[],"class_list":["post-4170","post","type-post","status-publish","format-standard","has-post-thumbnail","hentry","category-ukraina","category-ryska-forluster"],"yoast_head":"<!-- This site is optimized with the Yoast SEO plugin v27.5 - https:\/\/yoast.com\/product\/yoast-seo-wordpress\/ -->\n<title>Ryska f\u00f6rluster mm. \u00f6ver tid + dagens f\u00f6rluster - Kriget i Ukraina<\/title>\n<meta name=\"robots\" content=\"index, follow, max-snippet:-1, max-image-preview:large, max-video-preview:-1\" \/>\n<link rel=\"canonical\" href=\"https:\/\/johanno1.se\/sv\/ryska-forluster-och-aktiviteter-5\/\" \/>\n<meta property=\"og:locale\" content=\"sv_SE\" \/>\n<meta property=\"og:type\" content=\"article\" \/>\n<meta property=\"og:title\" content=\"Ryska f\u00f6rluster mm. \u00f6ver tid + dagens f\u00f6rluster - Kriget i Ukraina\" \/>\n<meta property=\"og:description\" content=\"Ryska f\u00f6rluster och aktiviteter + omfattande genom\u00e5ng av f\u00f6rlusterna \u00f6ver tid.\" \/>\n<meta property=\"og:url\" content=\"https:\/\/johanno1.se\/sv\/ryska-forluster-och-aktiviteter-5\/\" \/>\n<meta property=\"og:site_name\" content=\"Johan No.1\" \/>\n<meta property=\"article:published_time\" content=\"2026-03-08T06:56:09+00:00\" \/>\n<meta property=\"article:modified_time\" content=\"2026-03-09T13:08:13+00:00\" \/>\n<meta property=\"og:image\" content=\"https:\/\/johanno1.se\/wp-content\/uploads\/2026\/03\/2026-03-08.jpg\" \/>\n\t<meta property=\"og:image:width\" content=\"1024\" \/>\n\t<meta property=\"og:image:height\" content=\"1280\" \/>\n\t<meta property=\"og:image:type\" content=\"image\/jpeg\" \/>\n<meta name=\"author\" content=\"MXT\" \/>\n<meta name=\"twitter:card\" content=\"summary_large_image\" \/>\n<meta name=\"twitter:creator\" content=\"@MatsExtrude\" \/>\n<meta name=\"twitter:label1\" content=\"Skriven av\" \/>\n\t<meta name=\"twitter:data1\" content=\"MXT\" \/>\n\t<meta name=\"twitter:label2\" content=\"Ber\u00e4knad l\u00e4stid\" \/>\n\t<meta name=\"twitter:data2\" content=\"13 minuter\" \/>\n<script type=\"application\/ld+json\" class=\"yoast-schema-graph\">{\"@context\":\"https:\\\/\\\/schema.org\",\"@graph\":[{\"@type\":\"Article\",\"@id\":\"https:\\\/\\\/johanno1.se\\\/sv\\\/ryska-forluster-och-aktiviteter-5\\\/#article\",\"isPartOf\":{\"@id\":\"https:\\\/\\\/johanno1.se\\\/sv\\\/ryska-forluster-och-aktiviteter-5\\\/\"},\"author\":{\"name\":\"MXT\",\"@id\":\"https:\\\/\\\/johanno1.se\\\/sv\\\/#\\\/schema\\\/person\\\/b9a1e3c5f5da33b8e8a755f098951212\"},\"headline\":\"Ryska f\u00f6rluster mm. \u00f6ver tid + dagens f\u00f6rluster\",\"datePublished\":\"2026-03-08T06:56:09+00:00\",\"dateModified\":\"2026-03-09T13:08:13+00:00\",\"mainEntityOfPage\":{\"@id\":\"https:\\\/\\\/johanno1.se\\\/sv\\\/ryska-forluster-och-aktiviteter-5\\\/\"},\"wordCount\":2196,\"commentCount\":106,\"publisher\":{\"@id\":\"https:\\\/\\\/johanno1.se\\\/sv\\\/#organization\"},\"image\":{\"@id\":\"https:\\\/\\\/johanno1.se\\\/sv\\\/ryska-forluster-och-aktiviteter-5\\\/#primaryimage\"},\"thumbnailUrl\":\"https:\\\/\\\/johanno1.se\\\/wp-content\\\/uploads\\\/2026\\\/03\\\/2026-03-08.jpg\",\"articleSection\":[\"Kriget i Ukraina\",\"Ryska f\u00f6rluster\"],\"inLanguage\":\"sv-SE\",\"potentialAction\":[{\"@type\":\"CommentAction\",\"name\":\"Comment\",\"target\":[\"https:\\\/\\\/johanno1.se\\\/sv\\\/ryska-forluster-och-aktiviteter-5\\\/#respond\"]}]},{\"@type\":\"WebPage\",\"@id\":\"https:\\\/\\\/johanno1.se\\\/sv\\\/ryska-forluster-och-aktiviteter-5\\\/\",\"url\":\"https:\\\/\\\/johanno1.se\\\/sv\\\/ryska-forluster-och-aktiviteter-5\\\/\",\"name\":\"Ryska f\u00f6rluster mm. \u00f6ver tid + dagens f\u00f6rluster - Kriget i Ukraina\",\"isPartOf\":{\"@id\":\"https:\\\/\\\/johanno1.se\\\/sv\\\/#website\"},\"primaryImageOfPage\":{\"@id\":\"https:\\\/\\\/johanno1.se\\\/sv\\\/ryska-forluster-och-aktiviteter-5\\\/#primaryimage\"},\"image\":{\"@id\":\"https:\\\/\\\/johanno1.se\\\/sv\\\/ryska-forluster-och-aktiviteter-5\\\/#primaryimage\"},\"thumbnailUrl\":\"https:\\\/\\\/johanno1.se\\\/wp-content\\\/uploads\\\/2026\\\/03\\\/2026-03-08.jpg\",\"datePublished\":\"2026-03-08T06:56:09+00:00\",\"dateModified\":\"2026-03-09T13:08:13+00:00\",\"breadcrumb\":{\"@id\":\"https:\\\/\\\/johanno1.se\\\/sv\\\/ryska-forluster-och-aktiviteter-5\\\/#breadcrumb\"},\"inLanguage\":\"sv-SE\",\"potentialAction\":[{\"@type\":\"ReadAction\",\"target\":[\"https:\\\/\\\/johanno1.se\\\/sv\\\/ryska-forluster-och-aktiviteter-5\\\/\"]}]},{\"@type\":\"ImageObject\",\"inLanguage\":\"sv-SE\",\"@id\":\"https:\\\/\\\/johanno1.se\\\/sv\\\/ryska-forluster-och-aktiviteter-5\\\/#primaryimage\",\"url\":\"https:\\\/\\\/johanno1.se\\\/wp-content\\\/uploads\\\/2026\\\/03\\\/2026-03-08.jpg\",\"contentUrl\":\"https:\\\/\\\/johanno1.se\\\/wp-content\\\/uploads\\\/2026\\\/03\\\/2026-03-08.jpg\",\"width\":1024,\"height\":1280},{\"@type\":\"BreadcrumbList\",\"@id\":\"https:\\\/\\\/johanno1.se\\\/sv\\\/ryska-forluster-och-aktiviteter-5\\\/#breadcrumb\",\"itemListElement\":[{\"@type\":\"ListItem\",\"position\":1,\"name\":\"Hem\",\"item\":\"https:\\\/\\\/johanno1.se\\\/sv\\\/\"},{\"@type\":\"ListItem\",\"position\":2,\"name\":\"Ryska f\u00f6rluster mm. \u00f6ver tid + dagens f\u00f6rluster\"}]},{\"@type\":\"WebSite\",\"@id\":\"https:\\\/\\\/johanno1.se\\\/sv\\\/#website\",\"url\":\"https:\\\/\\\/johanno1.se\\\/sv\\\/\",\"name\":\"Johan No.1\",\"description\":\"Kriget i Ukraina - V\u00e4rldsledande omv\u00e4rldsanalys fr\u00e5n Svensksund till den ryska brakf\u00f6rlusten i Ukraina\",\"publisher\":{\"@id\":\"https:\\\/\\\/johanno1.se\\\/sv\\\/#organization\"},\"potentialAction\":[{\"@type\":\"SearchAction\",\"target\":{\"@type\":\"EntryPoint\",\"urlTemplate\":\"https:\\\/\\\/johanno1.se\\\/sv\\\/?s={search_term_string}\"},\"query-input\":{\"@type\":\"PropertyValueSpecification\",\"valueRequired\":true,\"valueName\":\"search_term_string\"}}],\"inLanguage\":\"sv-SE\"},{\"@type\":\"Organization\",\"@id\":\"https:\\\/\\\/johanno1.se\\\/sv\\\/#organization\",\"name\":\"Johan No. 1\",\"url\":\"https:\\\/\\\/johanno1.se\\\/sv\\\/\",\"logo\":{\"@type\":\"ImageObject\",\"inLanguage\":\"sv-SE\",\"@id\":\"https:\\\/\\\/johanno1.se\\\/sv\\\/#\\\/schema\\\/logo\\\/image\\\/\",\"url\":\"https:\\\/\\\/johanno1.se\\\/wp-content\\\/uploads\\\/2025\\\/03\\\/cropped-No1-Logo.png\",\"contentUrl\":\"https:\\\/\\\/johanno1.se\\\/wp-content\\\/uploads\\\/2025\\\/03\\\/cropped-No1-Logo.png\",\"width\":512,\"height\":512,\"caption\":\"Johan No. 1\"},\"image\":{\"@id\":\"https:\\\/\\\/johanno1.se\\\/sv\\\/#\\\/schema\\\/logo\\\/image\\\/\"}},{\"@type\":\"Person\",\"@id\":\"https:\\\/\\\/johanno1.se\\\/sv\\\/#\\\/schema\\\/person\\\/b9a1e3c5f5da33b8e8a755f098951212\",\"name\":\"MXT\",\"image\":{\"@type\":\"ImageObject\",\"inLanguage\":\"sv-SE\",\"@id\":\"https:\\\/\\\/secure.gravatar.com\\\/avatar\\\/74fa4c492659dce280abcb04be56b0f457c131c7356cc691540aecee84b8780f?s=96&d=mm&r=g\",\"url\":\"https:\\\/\\\/secure.gravatar.com\\\/avatar\\\/74fa4c492659dce280abcb04be56b0f457c131c7356cc691540aecee84b8780f?s=96&d=mm&r=g\",\"contentUrl\":\"https:\\\/\\\/secure.gravatar.com\\\/avatar\\\/74fa4c492659dce280abcb04be56b0f457c131c7356cc691540aecee84b8780f?s=96&d=mm&r=g\",\"caption\":\"MXT\"},\"description\":\"Skriver fr\u00e4mst om kriget i Ukraina, men \u00e4ven om andra globala h\u00e4ndelser som kan p\u00e5verka utvecklingen. Gillar statisitk och redovisar bl.a. ryska f\u00f6rluster och en hel del annat. Postar mycket av nyheterna i kommentarerna som h\u00e4mtas fr\u00e5n olika k\u00e4llor. F\u00f6rutom Ukraina handlar det om olika h\u00e4ndelser i Sverige och Europa, klimatet, Israel-Palestina och f\u00f6rst\u00e5s en hel del kring USA och Trump. Har en f\u00f6rm\u00e5ga att reta upp de som gillar den sistn\u00e4mnde eftersom jag \u00e4r starkt kritiskt till det mesta han tar sig f\u00f6r. IT-ansvarig och sk\u00f6ter drift, underh\u00e5ll och vidareutveckling av webbplatsen, s\u00e5 ni vet vem ni ska skylla p\u00e5 n\u00e4r det kr\u00e5nglar! SLAVA UKRAINI\",\"sameAs\":[\"https:\\\/\\\/spjutskaftet.se\",\"https:\\\/\\\/x.com\\\/MatsExtrude\"],\"url\":\"https:\\\/\\\/johanno1.se\\\/sv\\\/author\\\/extrude\\\/\"}]}<\/script>\n<!-- \/ Yoast SEO plugin. -->","yoast_head_json":{"title":"Ryska f\u00f6rluster mm. \u00f6ver tid + dagens f\u00f6rluster - Kriget i Ukraina","robots":{"index":"index","follow":"follow","max-snippet":"max-snippet:-1","max-image-preview":"max-image-preview:large","max-video-preview":"max-video-preview:-1"},"canonical":"https:\/\/johanno1.se\/sv\/ryska-forluster-och-aktiviteter-5\/","og_locale":"sv_SE","og_type":"article","og_title":"Ryska f\u00f6rluster mm. \u00f6ver tid + dagens f\u00f6rluster - Kriget i Ukraina","og_description":"Ryska f\u00f6rluster och aktiviteter + omfattande genom\u00e5ng av f\u00f6rlusterna \u00f6ver tid.","og_url":"https:\/\/johanno1.se\/sv\/ryska-forluster-och-aktiviteter-5\/","og_site_name":"Johan No.1","article_published_time":"2026-03-08T06:56:09+00:00","article_modified_time":"2026-03-09T13:08:13+00:00","og_image":[{"width":1024,"height":1280,"url":"https:\/\/johanno1.se\/wp-content\/uploads\/2026\/03\/2026-03-08.jpg","type":"image\/jpeg"}],"author":"MXT","twitter_card":"summary_large_image","twitter_creator":"@MatsExtrude","twitter_misc":{"Skriven av":"MXT","Ber\u00e4knad l\u00e4stid":"13 minuter"},"schema":{"@context":"https:\/\/schema.org","@graph":[{"@type":"Article","@id":"https:\/\/johanno1.se\/sv\/ryska-forluster-och-aktiviteter-5\/#article","isPartOf":{"@id":"https:\/\/johanno1.se\/sv\/ryska-forluster-och-aktiviteter-5\/"},"author":{"name":"MXT","@id":"https:\/\/johanno1.se\/sv\/#\/schema\/person\/b9a1e3c5f5da33b8e8a755f098951212"},"headline":"Ryska f\u00f6rluster mm. \u00f6ver tid + dagens f\u00f6rluster","datePublished":"2026-03-08T06:56:09+00:00","dateModified":"2026-03-09T13:08:13+00:00","mainEntityOfPage":{"@id":"https:\/\/johanno1.se\/sv\/ryska-forluster-och-aktiviteter-5\/"},"wordCount":2196,"commentCount":106,"publisher":{"@id":"https:\/\/johanno1.se\/sv\/#organization"},"image":{"@id":"https:\/\/johanno1.se\/sv\/ryska-forluster-och-aktiviteter-5\/#primaryimage"},"thumbnailUrl":"https:\/\/johanno1.se\/wp-content\/uploads\/2026\/03\/2026-03-08.jpg","articleSection":["Kriget i Ukraina","Ryska f\u00f6rluster"],"inLanguage":"sv-SE","potentialAction":[{"@type":"CommentAction","name":"Comment","target":["https:\/\/johanno1.se\/sv\/ryska-forluster-och-aktiviteter-5\/#respond"]}]},{"@type":"WebPage","@id":"https:\/\/johanno1.se\/sv\/ryska-forluster-och-aktiviteter-5\/","url":"https:\/\/johanno1.se\/sv\/ryska-forluster-och-aktiviteter-5\/","name":"Ryska f\u00f6rluster mm. \u00f6ver tid + dagens f\u00f6rluster - Kriget i Ukraina","isPartOf":{"@id":"https:\/\/johanno1.se\/sv\/#website"},"primaryImageOfPage":{"@id":"https:\/\/johanno1.se\/sv\/ryska-forluster-och-aktiviteter-5\/#primaryimage"},"image":{"@id":"https:\/\/johanno1.se\/sv\/ryska-forluster-och-aktiviteter-5\/#primaryimage"},"thumbnailUrl":"https:\/\/johanno1.se\/wp-content\/uploads\/2026\/03\/2026-03-08.jpg","datePublished":"2026-03-08T06:56:09+00:00","dateModified":"2026-03-09T13:08:13+00:00","breadcrumb":{"@id":"https:\/\/johanno1.se\/sv\/ryska-forluster-och-aktiviteter-5\/#breadcrumb"},"inLanguage":"sv-SE","potentialAction":[{"@type":"ReadAction","target":["https:\/\/johanno1.se\/sv\/ryska-forluster-och-aktiviteter-5\/"]}]},{"@type":"ImageObject","inLanguage":"sv-SE","@id":"https:\/\/johanno1.se\/sv\/ryska-forluster-och-aktiviteter-5\/#primaryimage","url":"https:\/\/johanno1.se\/wp-content\/uploads\/2026\/03\/2026-03-08.jpg","contentUrl":"https:\/\/johanno1.se\/wp-content\/uploads\/2026\/03\/2026-03-08.jpg","width":1024,"height":1280},{"@type":"BreadcrumbList","@id":"https:\/\/johanno1.se\/sv\/ryska-forluster-och-aktiviteter-5\/#breadcrumb","itemListElement":[{"@type":"ListItem","position":1,"name":"Hem","item":"https:\/\/johanno1.se\/sv\/"},{"@type":"ListItem","position":2,"name":"Ryska f\u00f6rluster mm. \u00f6ver tid + dagens f\u00f6rluster"}]},{"@type":"WebSite","@id":"https:\/\/johanno1.se\/sv\/#website","url":"https:\/\/johanno1.se\/sv\/","name":"Johan No.1","description":"Kriget i Ukraina - V\u00e4rldsledande omv\u00e4rldsanalys fr\u00e5n Svensksund till den ryska brakf\u00f6rlusten i Ukraina","publisher":{"@id":"https:\/\/johanno1.se\/sv\/#organization"},"potentialAction":[{"@type":"SearchAction","target":{"@type":"EntryPoint","urlTemplate":"https:\/\/johanno1.se\/sv\/?s={search_term_string}"},"query-input":{"@type":"PropertyValueSpecification","valueRequired":true,"valueName":"search_term_string"}}],"inLanguage":"sv-SE"},{"@type":"Organization","@id":"https:\/\/johanno1.se\/sv\/#organization","name":"Johan No. 1","url":"https:\/\/johanno1.se\/sv\/","logo":{"@type":"ImageObject","inLanguage":"sv-SE","@id":"https:\/\/johanno1.se\/sv\/#\/schema\/logo\/image\/","url":"https:\/\/johanno1.se\/wp-content\/uploads\/2025\/03\/cropped-No1-Logo.png","contentUrl":"https:\/\/johanno1.se\/wp-content\/uploads\/2025\/03\/cropped-No1-Logo.png","width":512,"height":512,"caption":"Johan No. 1"},"image":{"@id":"https:\/\/johanno1.se\/sv\/#\/schema\/logo\/image\/"}},{"@type":"Person","@id":"https:\/\/johanno1.se\/sv\/#\/schema\/person\/b9a1e3c5f5da33b8e8a755f098951212","name":"MXT","image":{"@type":"ImageObject","inLanguage":"sv-SE","@id":"https:\/\/secure.gravatar.com\/avatar\/74fa4c492659dce280abcb04be56b0f457c131c7356cc691540aecee84b8780f?s=96&d=mm&r=g","url":"https:\/\/secure.gravatar.com\/avatar\/74fa4c492659dce280abcb04be56b0f457c131c7356cc691540aecee84b8780f?s=96&d=mm&r=g","contentUrl":"https:\/\/secure.gravatar.com\/avatar\/74fa4c492659dce280abcb04be56b0f457c131c7356cc691540aecee84b8780f?s=96&d=mm&r=g","caption":"MXT"},"description":"Skriver fr\u00e4mst om kriget i Ukraina, men \u00e4ven om andra globala h\u00e4ndelser som kan p\u00e5verka utvecklingen. Gillar statisitk och redovisar bl.a. ryska f\u00f6rluster och en hel del annat. Postar mycket av nyheterna i kommentarerna som h\u00e4mtas fr\u00e5n olika k\u00e4llor. F\u00f6rutom Ukraina handlar det om olika h\u00e4ndelser i Sverige och Europa, klimatet, Israel-Palestina och f\u00f6rst\u00e5s en hel del kring USA och Trump. Har en f\u00f6rm\u00e5ga att reta upp de som gillar den sistn\u00e4mnde eftersom jag \u00e4r starkt kritiskt till det mesta han tar sig f\u00f6r. IT-ansvarig och sk\u00f6ter drift, underh\u00e5ll och vidareutveckling av webbplatsen, s\u00e5 ni vet vem ni ska skylla p\u00e5 n\u00e4r det kr\u00e5nglar! SLAVA UKRAINI","sameAs":["https:\/\/spjutskaftet.se","https:\/\/x.com\/MatsExtrude"],"url":"https:\/\/johanno1.se\/sv\/author\/extrude\/"}]}},"_links":{"self":[{"href":"https:\/\/johanno1.se\/sv\/wp-json\/wp\/v2\/posts\/4170","targetHints":{"allow":["GET"]}}],"collection":[{"href":"https:\/\/johanno1.se\/sv\/wp-json\/wp\/v2\/posts"}],"about":[{"href":"https:\/\/johanno1.se\/sv\/wp-json\/wp\/v2\/types\/post"}],"author":[{"embeddable":true,"href":"https:\/\/johanno1.se\/sv\/wp-json\/wp\/v2\/users\/1"}],"replies":[{"embeddable":true,"href":"https:\/\/johanno1.se\/sv\/wp-json\/wp\/v2\/comments?post=4170"}],"version-history":[{"count":5,"href":"https:\/\/johanno1.se\/sv\/wp-json\/wp\/v2\/posts\/4170\/revisions"}],"predecessor-version":[{"id":4197,"href":"https:\/\/johanno1.se\/sv\/wp-json\/wp\/v2\/posts\/4170\/revisions\/4197"}],"wp:featuredmedia":[{"embeddable":true,"href":"https:\/\/johanno1.se\/sv\/wp-json\/wp\/v2\/media\/4171"}],"wp:attachment":[{"href":"https:\/\/johanno1.se\/sv\/wp-json\/wp\/v2\/media?parent=4170"}],"wp:term":[{"taxonomy":"category","embeddable":true,"href":"https:\/\/johanno1.se\/sv\/wp-json\/wp\/v2\/categories?post=4170"},{"taxonomy":"post_tag","embeddable":true,"href":"https:\/\/johanno1.se\/sv\/wp-json\/wp\/v2\/tags?post=4170"}],"curies":[{"name":"wp","href":"https:\/\/api.w.org\/{rel}","templated":true}]}}