{"id":422,"date":"2025-03-06T15:09:21","date_gmt":"2025-03-06T14:09:21","guid":{"rendered":"https:\/\/johanno1.se\/?p=422"},"modified":"2025-03-06T15:16:40","modified_gmt":"2025-03-06T14:16:40","slug":"ar-trump-egentligen-en-fegis","status":"publish","type":"post","link":"https:\/\/johanno1.se\/sv\/ar-trump-egentligen-en-fegis\/","title":{"rendered":"\u00c4r Trump egentligen en fegis?"},"content":{"rendered":"\n<div class=\"wp-block-columns has-ast-global-color-4-background-color has-background is-layout-flex wp-container-core-columns-is-layout-28f84493 wp-block-columns-is-layout-flex\">\n<div class=\"wp-block-column is-layout-flow wp-block-column-is-layout-flow\" style=\"padding-top:0;padding-bottom:0;flex-basis:66.66%\">\n<p>Det \u00e4r inte alltf\u00f6r l\u00e5ngs\u00f6kt att t\u00e4nka sig att USA har k\u00e4llor n\u00e4ra Putin.<br>Putin k\u00e4nner f\u00f6rst\u00e5s till dessa spioner, alternativt att de spelar dubbelspel och f\u00f6rmedlar precis det Putin vill att de ska f\u00f6rmedla. Via dessa k\u00e4llor har Putin sett till att f\u00f6ra fram sitt budskap. <br>Han inte kommer att tveka att skicka k\u00e4rnvapen och starta v\u00e4rldskrig om Ryssland k\u00e4nner sig tillr\u00e4ckligt hotat. Hotet g\u00e4ller kanske m\u00f6jligen ocks\u00e5 om v\u00e4st aktivt g\u00e5r in med soldater i Ukraina.<\/p>\n\n\n\n<p>De h\u00e4r hoten upprepas via dessa bakv\u00e4gar varje g\u00e5ng v\u00e4st gjort n\u00e5got som f\u00f6rs\u00e4mrat l\u00e4get f\u00f6r Ryssland och eller n\u00e4r Ukraina n\u00e5tt f\u00f6r stora framg\u00e5ngar. Mycket av det upprepas f\u00f6rst\u00e5s \u00e4ven vi de sedvanliga propagandakanalerna.<\/p>\n\n\n\n<p>Det k\u00e4llorna snappar upp f\u00f6rmedlas f\u00f6rst\u00e5s vidare till Biden och sedan vidare till ledarna i v\u00e4st.<\/p>\n<\/div>\n\n\n\n<div class=\"wp-block-column is-layout-flow wp-block-column-is-layout-flow\" style=\"flex-basis:33.33%\">\n<figure class=\"wp-block-image size-full\"><img loading=\"lazy\" decoding=\"async\" width=\"1024\" height=\"830\" src=\"https:\/\/johanno1.se\/wp-content\/uploads\/2025\/03\/Trump-scared.png\" alt=\"\" class=\"wp-image-423\" srcset=\"https:\/\/johanno1.se\/wp-content\/uploads\/2025\/03\/Trump-scared.png 1024w, https:\/\/johanno1.se\/wp-content\/uploads\/2025\/03\/Trump-scared-300x243.png 300w, https:\/\/johanno1.se\/wp-content\/uploads\/2025\/03\/Trump-scared-768x623.png 768w, https:\/\/johanno1.se\/wp-content\/uploads\/2025\/03\/Trump-scared-15x12.png 15w\" sizes=\"auto, (max-width: 1024px) 100vw, 1024px\" \/><\/figure>\n<\/div>\n<\/div>\n\n\n\n<p><\/p>\n\n\n\n<p>Det skulle f\u00f6rklara varf\u00f6r Biden sa nej till attacker p\u00e5 djupet in i Ryssland, varf\u00f6r Scholz inte v\u00e5gat sl\u00e4ppa p\u00e5 Taurus och varf\u00f6r v\u00e4st inte v\u00e5gat skicka soldater ens f\u00f6r att att bevaka gr\u00e4nsen mot Belarus osv.<\/p>\n\n\n\n<p>M\u00e5nga verkar allts\u00e5 ta hotet p\u00e5 allvar.<\/p>\n\n\n\n<p>Andra l\u00e4nder som vi i Sverige har nog bed\u00f6mt hotet p\u00e5 ett annat s\u00e4tt d\u00e5 vi till\u00e5ter Ukraina att sj\u00e4lv best\u00e4mma hur de anv\u00e4nder vapnen. \u00c5 andra sidan har vi inte skickat n\u00e5got som n\u00e5r p\u00e5 djupet och vi har inte skickat n\u00e5gra soldater. Storbritannien tycks inte heller bry sig s\u00e5 mycket om det.<\/p>\n\n\n\n<p>Hotet eller hoten har helt enkelt lett till att m\u00e5let blivit att sakta bl\u00f6da ut Ryssland tills de helt enkelt \u00e4r tvungna att ge upp.<\/p>\n\n\n\n<p>Det h\u00e4r har f\u00f6rst\u00e5s \u00e4ven Zelensky blivit informerad om. Han tar inte hoten p\u00e5 allvar, f\u00f6r honom \u00e4r det bara en av alla r\u00f6da linjer som m\u00e5ste passeras.<\/p>\n\n\n\n<p>F\u00f6r att bevisa det har han d\u00e4rf\u00f6r hela tiden gjort vad han kunnat f\u00f6r att passera alla r\u00f6da linjer. Det b\u00f6rjade med att ryska frihetsrebeller fick g\u00e5 in i Ryssland, sen b\u00f6rjade man sl\u00e5 ut raffinaderier och dep\u00e5er l\u00e5ngt in i Ryssland.<\/p>\n\n\n\n<p>Det r\u00e4ckte tyv\u00e4rr inte f\u00f6r att \u00f6vertyga alla om att Putins hot var tomma tunnor som bara skramlade.<\/p>\n\n\n\n<p>Slutligen anf\u00f6ll man d\u00e4rf\u00f6r in i Ryssland i Kursk, f\u00f6r att slutligen visa att Ryssland inte g\u00f6r allvar av hoten ens n\u00e4r Ukrainska trupper st\u00e5r i Ryssland. Det f\u00f6ll fortfarande inga atombomber vare sig \u00f6ver Ukraina eller resten av v\u00e4rlden.<\/p>\n\n\n\n<p>Tyv\u00e4rr hj\u00e4lpte det inte i alla fall. Biden, Scholz mfl. h\u00f6ll fortfarande igen.<\/p>\n\n\n\n<p>Nu \u00e4r Trump president och har sedan en tid tillbaka tagit del av samma information.<br>Han har pratat l\u00e4nge om att det m\u00e5ste bli fred och han g\u00f6r det nu genom att pressa Ukraina till eftergifter medan han samtidigt v\u00e4lkomnar Putin och Ryssland in i v\u00e4rmen. <br>Han har stoppat leveranserna av vapen och \u00e4ven underr\u00e4ttelser (de f\u00e5r t.ex. inte l\u00e4ngre m\u00e5ldata inne i Ryssland).<\/p>\n\n\n\n<p>Det logiska vore att g\u00f6ra tv\u00e4rtom. Att slutligt ge det Ukraina alla verktyg de beh\u00f6ver f\u00f6r tvinga Ryssland att ge upp, f\u00f6r att d\u00e4rigenom f\u00e5 en fred som \u00e4r r\u00e4ttvis och varar l\u00e4nge.<\/p>\n\n\n\n<p>Kan det vara s\u00e5 enkelt att Trump helt enkelt \u00e4r livr\u00e4dd.<br>N\u00e4r han tjatar om risken f\u00f6r WW3 menar han allvar, han tror faktiskt att risken \u00e4r \u00f6verh\u00e4ngande.<\/p>\n\n\n\n<p>Han v\u00e5gar inte g\u00e5 emot Ryssland, d\u00e4rf\u00f6r f\u00e5r Ukraina ta sm\u00e4llen i st\u00e4llet.<br>Det \u00e4r ju lugnast s\u00e5, Ukraina kan ju inte g\u00f6ra mycket \u00e5t det och n\u00e5gra k\u00e4rnvapen har de inte heller att hota med (f\u00f6r de blev de ju tvungna att l\u00e4mna i fr\u00e5n sig).<\/p>\n\n\n\n<p>Trump g\u00f6r allts\u00e5 inte det han g\u00f6r f\u00f6r att han \u00e4lskar Putin eller f\u00f6r att det finns kompromat, utan helt enkelt f\u00f6r att han \u00e4r feg.<\/p>\n\n\n\n<p>Fegare \u00e4n b\u00e5de Scholz och Biden tillsammans.<br><\/p>\n","protected":false},"excerpt":{"rendered":"<p>Det \u00e4r inte alltf\u00f6r l\u00e5ngs\u00f6kt att t\u00e4nka sig att USA har k\u00e4llor n\u00e4ra Putin.Putin k\u00e4nner f\u00f6rst\u00e5s till dessa spioner, alternativt [&hellip;]<\/p>\n","protected":false},"author":1,"featured_media":423,"comment_status":"open","ping_status":"open","sticky":false,"template":"","format":"standard","meta":{"site-sidebar-layout":"default","site-content-layout":"","ast-site-content-layout":"default","site-content-style":"default","site-sidebar-style":"default","ast-global-header-display":"","ast-banner-title-visibility":"","ast-main-header-display":"","ast-hfb-above-header-display":"","ast-hfb-below-header-display":"","ast-hfb-mobile-header-display":"","site-post-title":"","ast-breadcrumbs-content":"","ast-featured-img":"","footer-sml-layout":"","ast-disable-related-posts":"","theme-transparent-header-meta":"","adv-header-id-meta":"","stick-header-meta":"","header-above-stick-meta":"","header-main-stick-meta":"","header-below-stick-meta":"","astra-migrate-meta-layouts":"default","ast-page-background-enabled":"default","ast-page-background-meta":{"desktop":{"background-color":"var(--ast-global-color-4)","background-image":"","background-repeat":"repeat","background-position":"center center","background-size":"auto","background-attachment":"scroll","background-type":"","background-media":"","overlay-type":"","overlay-color":"","overlay-opacity":"","overlay-gradient":""},"tablet":{"background-color":"","background-image":"","background-repeat":"repeat","background-position":"center center","background-size":"auto","background-attachment":"scroll","background-type":"","background-media":"","overlay-type":"","overlay-color":"","overlay-opacity":"","overlay-gradient":""},"mobile":{"background-color":"","background-image":"","background-repeat":"repeat","background-position":"center center","background-size":"auto","background-attachment":"scroll","background-type":"","background-media":"","overlay-type":"","overlay-color":"","overlay-opacity":"","overlay-gradient":""}},"ast-content-background-meta":{"desktop":{"background-color":"var(--ast-global-color-5)","background-image":"","background-repeat":"repeat","background-position":"center center","background-size":"auto","background-attachment":"scroll","background-type":"","background-media":"","overlay-type":"","overlay-color":"","overlay-opacity":"","overlay-gradient":""},"tablet":{"background-color":"var(--ast-global-color-5)","background-image":"","background-repeat":"repeat","background-position":"center center","background-size":"auto","background-attachment":"scroll","background-type":"","background-media":"","overlay-type":"","overlay-color":"","overlay-opacity":"","overlay-gradient":""},"mobile":{"background-color":"var(--ast-global-color-5)","background-image":"","background-repeat":"repeat","background-position":"center center","background-size":"auto","background-attachment":"scroll","background-type":"","background-media":"","overlay-type":"","overlay-color":"","overlay-opacity":"","overlay-gradient":""}},"footnotes":""},"categories":[18],"tags":[],"class_list":["post-422","post","type-post","status-publish","format-standard","has-post-thumbnail","hentry","category-ukraina"],"yoast_head":"<!-- This site is optimized with the Yoast SEO plugin v27.4 - https:\/\/yoast.com\/product\/yoast-seo-wordpress\/ -->\n<title>\u00c4r Trump egentligen en fegis? -<\/title>\n<meta name=\"robots\" content=\"index, follow, max-snippet:-1, max-image-preview:large, max-video-preview:-1\" \/>\n<link rel=\"canonical\" href=\"https:\/\/johanno1.se\/sv\/ar-trump-egentligen-en-fegis\/\" \/>\n<meta property=\"og:locale\" content=\"sv_SE\" \/>\n<meta property=\"og:type\" content=\"article\" \/>\n<meta property=\"og:title\" content=\"\u00c4r Trump egentligen en fegis? -\" \/>\n<meta property=\"og:description\" content=\"Det \u00e4r inte alltf\u00f6r l\u00e5ngs\u00f6kt att t\u00e4nka sig att USA har k\u00e4llor n\u00e4ra Putin.Putin k\u00e4nner f\u00f6rst\u00e5s till dessa spioner, alternativt [&hellip;]\" \/>\n<meta property=\"og:url\" content=\"https:\/\/johanno1.se\/sv\/ar-trump-egentligen-en-fegis\/\" \/>\n<meta property=\"og:site_name\" content=\"Johan No.1\" \/>\n<meta property=\"article:published_time\" content=\"2025-03-06T14:09:21+00:00\" \/>\n<meta property=\"article:modified_time\" content=\"2025-03-06T14:16:40+00:00\" \/>\n<meta property=\"og:image\" content=\"https:\/\/johanno1.se\/wp-content\/uploads\/2025\/03\/Trump-scared.png\" \/>\n\t<meta property=\"og:image:width\" content=\"1024\" \/>\n\t<meta property=\"og:image:height\" content=\"830\" \/>\n\t<meta property=\"og:image:type\" content=\"image\/png\" \/>\n<meta name=\"author\" content=\"MXT\" \/>\n<meta name=\"twitter:card\" content=\"summary_large_image\" \/>\n<meta name=\"twitter:creator\" content=\"@MatsExtrude\" \/>\n<meta name=\"twitter:label1\" content=\"Skriven av\" \/>\n\t<meta name=\"twitter:data1\" content=\"MXT\" \/>\n\t<meta name=\"twitter:label2\" content=\"Ber\u00e4knad l\u00e4stid\" \/>\n\t<meta name=\"twitter:data2\" content=\"4 minuter\" \/>\n<script type=\"application\/ld+json\" class=\"yoast-schema-graph\">{\"@context\":\"https:\\\/\\\/schema.org\",\"@graph\":[{\"@type\":\"Article\",\"@id\":\"https:\\\/\\\/johanno1.se\\\/sv\\\/ar-trump-egentligen-en-fegis\\\/#article\",\"isPartOf\":{\"@id\":\"https:\\\/\\\/johanno1.se\\\/sv\\\/ar-trump-egentligen-en-fegis\\\/\"},\"author\":{\"name\":\"MXT\",\"@id\":\"https:\\\/\\\/johanno1.se\\\/sv\\\/#\\\/schema\\\/person\\\/b9a1e3c5f5da33b8e8a755f098951212\"},\"headline\":\"\u00c4r Trump egentligen en fegis?\",\"datePublished\":\"2025-03-06T14:09:21+00:00\",\"dateModified\":\"2025-03-06T14:16:40+00:00\",\"mainEntityOfPage\":{\"@id\":\"https:\\\/\\\/johanno1.se\\\/sv\\\/ar-trump-egentligen-en-fegis\\\/\"},\"wordCount\":736,\"commentCount\":42,\"publisher\":{\"@id\":\"https:\\\/\\\/johanno1.se\\\/sv\\\/#organization\"},\"image\":{\"@id\":\"https:\\\/\\\/johanno1.se\\\/sv\\\/ar-trump-egentligen-en-fegis\\\/#primaryimage\"},\"thumbnailUrl\":\"https:\\\/\\\/johanno1.se\\\/wp-content\\\/uploads\\\/2025\\\/03\\\/Trump-scared.png\",\"articleSection\":[\"Kriget i Ukraina\"],\"inLanguage\":\"sv-SE\",\"potentialAction\":[{\"@type\":\"CommentAction\",\"name\":\"Comment\",\"target\":[\"https:\\\/\\\/johanno1.se\\\/sv\\\/ar-trump-egentligen-en-fegis\\\/#respond\"]}]},{\"@type\":\"WebPage\",\"@id\":\"https:\\\/\\\/johanno1.se\\\/sv\\\/ar-trump-egentligen-en-fegis\\\/\",\"url\":\"https:\\\/\\\/johanno1.se\\\/sv\\\/ar-trump-egentligen-en-fegis\\\/\",\"name\":\"\u00c4r Trump egentligen en fegis? -\",\"isPartOf\":{\"@id\":\"https:\\\/\\\/johanno1.se\\\/sv\\\/#website\"},\"primaryImageOfPage\":{\"@id\":\"https:\\\/\\\/johanno1.se\\\/sv\\\/ar-trump-egentligen-en-fegis\\\/#primaryimage\"},\"image\":{\"@id\":\"https:\\\/\\\/johanno1.se\\\/sv\\\/ar-trump-egentligen-en-fegis\\\/#primaryimage\"},\"thumbnailUrl\":\"https:\\\/\\\/johanno1.se\\\/wp-content\\\/uploads\\\/2025\\\/03\\\/Trump-scared.png\",\"datePublished\":\"2025-03-06T14:09:21+00:00\",\"dateModified\":\"2025-03-06T14:16:40+00:00\",\"breadcrumb\":{\"@id\":\"https:\\\/\\\/johanno1.se\\\/sv\\\/ar-trump-egentligen-en-fegis\\\/#breadcrumb\"},\"inLanguage\":\"sv-SE\",\"potentialAction\":[{\"@type\":\"ReadAction\",\"target\":[\"https:\\\/\\\/johanno1.se\\\/sv\\\/ar-trump-egentligen-en-fegis\\\/\"]}]},{\"@type\":\"ImageObject\",\"inLanguage\":\"sv-SE\",\"@id\":\"https:\\\/\\\/johanno1.se\\\/sv\\\/ar-trump-egentligen-en-fegis\\\/#primaryimage\",\"url\":\"https:\\\/\\\/johanno1.se\\\/wp-content\\\/uploads\\\/2025\\\/03\\\/Trump-scared.png\",\"contentUrl\":\"https:\\\/\\\/johanno1.se\\\/wp-content\\\/uploads\\\/2025\\\/03\\\/Trump-scared.png\",\"width\":1024,\"height\":830},{\"@type\":\"BreadcrumbList\",\"@id\":\"https:\\\/\\\/johanno1.se\\\/sv\\\/ar-trump-egentligen-en-fegis\\\/#breadcrumb\",\"itemListElement\":[{\"@type\":\"ListItem\",\"position\":1,\"name\":\"Hem\",\"item\":\"https:\\\/\\\/johanno1.se\\\/sv\\\/\"},{\"@type\":\"ListItem\",\"position\":2,\"name\":\"\u00c4r Trump egentligen en fegis?\"}]},{\"@type\":\"WebSite\",\"@id\":\"https:\\\/\\\/johanno1.se\\\/sv\\\/#website\",\"url\":\"https:\\\/\\\/johanno1.se\\\/sv\\\/\",\"name\":\"Johan No.1\",\"description\":\"Kriget i Ukraina - V\u00e4rldsledande omv\u00e4rldsanalys fr\u00e5n Svensksund till den ryska brakf\u00f6rlusten i Ukraina\",\"publisher\":{\"@id\":\"https:\\\/\\\/johanno1.se\\\/sv\\\/#organization\"},\"potentialAction\":[{\"@type\":\"SearchAction\",\"target\":{\"@type\":\"EntryPoint\",\"urlTemplate\":\"https:\\\/\\\/johanno1.se\\\/sv\\\/?s={search_term_string}\"},\"query-input\":{\"@type\":\"PropertyValueSpecification\",\"valueRequired\":true,\"valueName\":\"search_term_string\"}}],\"inLanguage\":\"sv-SE\"},{\"@type\":\"Organization\",\"@id\":\"https:\\\/\\\/johanno1.se\\\/sv\\\/#organization\",\"name\":\"Johan No. 1\",\"url\":\"https:\\\/\\\/johanno1.se\\\/sv\\\/\",\"logo\":{\"@type\":\"ImageObject\",\"inLanguage\":\"sv-SE\",\"@id\":\"https:\\\/\\\/johanno1.se\\\/sv\\\/#\\\/schema\\\/logo\\\/image\\\/\",\"url\":\"https:\\\/\\\/johanno1.se\\\/wp-content\\\/uploads\\\/2025\\\/03\\\/cropped-No1-Logo.png\",\"contentUrl\":\"https:\\\/\\\/johanno1.se\\\/wp-content\\\/uploads\\\/2025\\\/03\\\/cropped-No1-Logo.png\",\"width\":512,\"height\":512,\"caption\":\"Johan No. 1\"},\"image\":{\"@id\":\"https:\\\/\\\/johanno1.se\\\/sv\\\/#\\\/schema\\\/logo\\\/image\\\/\"}},{\"@type\":\"Person\",\"@id\":\"https:\\\/\\\/johanno1.se\\\/sv\\\/#\\\/schema\\\/person\\\/b9a1e3c5f5da33b8e8a755f098951212\",\"name\":\"MXT\",\"image\":{\"@type\":\"ImageObject\",\"inLanguage\":\"sv-SE\",\"@id\":\"https:\\\/\\\/secure.gravatar.com\\\/avatar\\\/74fa4c492659dce280abcb04be56b0f457c131c7356cc691540aecee84b8780f?s=96&d=mm&r=g\",\"url\":\"https:\\\/\\\/secure.gravatar.com\\\/avatar\\\/74fa4c492659dce280abcb04be56b0f457c131c7356cc691540aecee84b8780f?s=96&d=mm&r=g\",\"contentUrl\":\"https:\\\/\\\/secure.gravatar.com\\\/avatar\\\/74fa4c492659dce280abcb04be56b0f457c131c7356cc691540aecee84b8780f?s=96&d=mm&r=g\",\"caption\":\"MXT\"},\"description\":\"Skriver fr\u00e4mst om kriget i Ukraina, men \u00e4ven om andra globala h\u00e4ndelser som kan p\u00e5verka utvecklingen. Gillar statisitk och redovisar bl.a. ryska f\u00f6rluster och en hel del annat. Postar mycket av nyheterna i kommentarerna som h\u00e4mtas fr\u00e5n olika k\u00e4llor. F\u00f6rutom Ukraina handlar det om olika h\u00e4ndelser i Sverige och Europa, klimatet, Israel-Palestina och f\u00f6rst\u00e5s en hel del kring USA och Trump. Har en f\u00f6rm\u00e5ga att reta upp de som gillar den sistn\u00e4mnde eftersom jag \u00e4r starkt kritiskt till det mesta han tar sig f\u00f6r. IT-ansvarig och sk\u00f6ter drift, underh\u00e5ll och vidareutveckling av webbplatsen, s\u00e5 ni vet vem ni ska skylla p\u00e5 n\u00e4r det kr\u00e5nglar! SLAVA UKRAINI\",\"sameAs\":[\"https:\\\/\\\/spjutskaftet.se\",\"https:\\\/\\\/x.com\\\/MatsExtrude\"],\"url\":\"https:\\\/\\\/johanno1.se\\\/sv\\\/author\\\/extrude\\\/\"}]}<\/script>\n<!-- \/ Yoast SEO plugin. -->","yoast_head_json":{"title":"\u00c4r Trump egentligen en fegis? -","robots":{"index":"index","follow":"follow","max-snippet":"max-snippet:-1","max-image-preview":"max-image-preview:large","max-video-preview":"max-video-preview:-1"},"canonical":"https:\/\/johanno1.se\/sv\/ar-trump-egentligen-en-fegis\/","og_locale":"sv_SE","og_type":"article","og_title":"\u00c4r Trump egentligen en fegis? -","og_description":"Det \u00e4r inte alltf\u00f6r l\u00e5ngs\u00f6kt att t\u00e4nka sig att USA har k\u00e4llor n\u00e4ra Putin.Putin k\u00e4nner f\u00f6rst\u00e5s till dessa spioner, alternativt [&hellip;]","og_url":"https:\/\/johanno1.se\/sv\/ar-trump-egentligen-en-fegis\/","og_site_name":"Johan No.1","article_published_time":"2025-03-06T14:09:21+00:00","article_modified_time":"2025-03-06T14:16:40+00:00","og_image":[{"width":1024,"height":830,"url":"https:\/\/johanno1.se\/wp-content\/uploads\/2025\/03\/Trump-scared.png","type":"image\/png"}],"author":"MXT","twitter_card":"summary_large_image","twitter_creator":"@MatsExtrude","twitter_misc":{"Skriven av":"MXT","Ber\u00e4knad l\u00e4stid":"4 minuter"},"schema":{"@context":"https:\/\/schema.org","@graph":[{"@type":"Article","@id":"https:\/\/johanno1.se\/sv\/ar-trump-egentligen-en-fegis\/#article","isPartOf":{"@id":"https:\/\/johanno1.se\/sv\/ar-trump-egentligen-en-fegis\/"},"author":{"name":"MXT","@id":"https:\/\/johanno1.se\/sv\/#\/schema\/person\/b9a1e3c5f5da33b8e8a755f098951212"},"headline":"\u00c4r Trump egentligen en fegis?","datePublished":"2025-03-06T14:09:21+00:00","dateModified":"2025-03-06T14:16:40+00:00","mainEntityOfPage":{"@id":"https:\/\/johanno1.se\/sv\/ar-trump-egentligen-en-fegis\/"},"wordCount":736,"commentCount":42,"publisher":{"@id":"https:\/\/johanno1.se\/sv\/#organization"},"image":{"@id":"https:\/\/johanno1.se\/sv\/ar-trump-egentligen-en-fegis\/#primaryimage"},"thumbnailUrl":"https:\/\/johanno1.se\/wp-content\/uploads\/2025\/03\/Trump-scared.png","articleSection":["Kriget i Ukraina"],"inLanguage":"sv-SE","potentialAction":[{"@type":"CommentAction","name":"Comment","target":["https:\/\/johanno1.se\/sv\/ar-trump-egentligen-en-fegis\/#respond"]}]},{"@type":"WebPage","@id":"https:\/\/johanno1.se\/sv\/ar-trump-egentligen-en-fegis\/","url":"https:\/\/johanno1.se\/sv\/ar-trump-egentligen-en-fegis\/","name":"\u00c4r Trump egentligen en fegis? -","isPartOf":{"@id":"https:\/\/johanno1.se\/sv\/#website"},"primaryImageOfPage":{"@id":"https:\/\/johanno1.se\/sv\/ar-trump-egentligen-en-fegis\/#primaryimage"},"image":{"@id":"https:\/\/johanno1.se\/sv\/ar-trump-egentligen-en-fegis\/#primaryimage"},"thumbnailUrl":"https:\/\/johanno1.se\/wp-content\/uploads\/2025\/03\/Trump-scared.png","datePublished":"2025-03-06T14:09:21+00:00","dateModified":"2025-03-06T14:16:40+00:00","breadcrumb":{"@id":"https:\/\/johanno1.se\/sv\/ar-trump-egentligen-en-fegis\/#breadcrumb"},"inLanguage":"sv-SE","potentialAction":[{"@type":"ReadAction","target":["https:\/\/johanno1.se\/sv\/ar-trump-egentligen-en-fegis\/"]}]},{"@type":"ImageObject","inLanguage":"sv-SE","@id":"https:\/\/johanno1.se\/sv\/ar-trump-egentligen-en-fegis\/#primaryimage","url":"https:\/\/johanno1.se\/wp-content\/uploads\/2025\/03\/Trump-scared.png","contentUrl":"https:\/\/johanno1.se\/wp-content\/uploads\/2025\/03\/Trump-scared.png","width":1024,"height":830},{"@type":"BreadcrumbList","@id":"https:\/\/johanno1.se\/sv\/ar-trump-egentligen-en-fegis\/#breadcrumb","itemListElement":[{"@type":"ListItem","position":1,"name":"Hem","item":"https:\/\/johanno1.se\/sv\/"},{"@type":"ListItem","position":2,"name":"\u00c4r Trump egentligen en fegis?"}]},{"@type":"WebSite","@id":"https:\/\/johanno1.se\/sv\/#website","url":"https:\/\/johanno1.se\/sv\/","name":"Johan No.1","description":"Kriget i Ukraina - V\u00e4rldsledande omv\u00e4rldsanalys fr\u00e5n Svensksund till den ryska brakf\u00f6rlusten i Ukraina","publisher":{"@id":"https:\/\/johanno1.se\/sv\/#organization"},"potentialAction":[{"@type":"SearchAction","target":{"@type":"EntryPoint","urlTemplate":"https:\/\/johanno1.se\/sv\/?s={search_term_string}"},"query-input":{"@type":"PropertyValueSpecification","valueRequired":true,"valueName":"search_term_string"}}],"inLanguage":"sv-SE"},{"@type":"Organization","@id":"https:\/\/johanno1.se\/sv\/#organization","name":"Johan No. 1","url":"https:\/\/johanno1.se\/sv\/","logo":{"@type":"ImageObject","inLanguage":"sv-SE","@id":"https:\/\/johanno1.se\/sv\/#\/schema\/logo\/image\/","url":"https:\/\/johanno1.se\/wp-content\/uploads\/2025\/03\/cropped-No1-Logo.png","contentUrl":"https:\/\/johanno1.se\/wp-content\/uploads\/2025\/03\/cropped-No1-Logo.png","width":512,"height":512,"caption":"Johan No. 1"},"image":{"@id":"https:\/\/johanno1.se\/sv\/#\/schema\/logo\/image\/"}},{"@type":"Person","@id":"https:\/\/johanno1.se\/sv\/#\/schema\/person\/b9a1e3c5f5da33b8e8a755f098951212","name":"MXT","image":{"@type":"ImageObject","inLanguage":"sv-SE","@id":"https:\/\/secure.gravatar.com\/avatar\/74fa4c492659dce280abcb04be56b0f457c131c7356cc691540aecee84b8780f?s=96&d=mm&r=g","url":"https:\/\/secure.gravatar.com\/avatar\/74fa4c492659dce280abcb04be56b0f457c131c7356cc691540aecee84b8780f?s=96&d=mm&r=g","contentUrl":"https:\/\/secure.gravatar.com\/avatar\/74fa4c492659dce280abcb04be56b0f457c131c7356cc691540aecee84b8780f?s=96&d=mm&r=g","caption":"MXT"},"description":"Skriver fr\u00e4mst om kriget i Ukraina, men \u00e4ven om andra globala h\u00e4ndelser som kan p\u00e5verka utvecklingen. Gillar statisitk och redovisar bl.a. ryska f\u00f6rluster och en hel del annat. Postar mycket av nyheterna i kommentarerna som h\u00e4mtas fr\u00e5n olika k\u00e4llor. F\u00f6rutom Ukraina handlar det om olika h\u00e4ndelser i Sverige och Europa, klimatet, Israel-Palestina och f\u00f6rst\u00e5s en hel del kring USA och Trump. Har en f\u00f6rm\u00e5ga att reta upp de som gillar den sistn\u00e4mnde eftersom jag \u00e4r starkt kritiskt till det mesta han tar sig f\u00f6r. IT-ansvarig och sk\u00f6ter drift, underh\u00e5ll och vidareutveckling av webbplatsen, s\u00e5 ni vet vem ni ska skylla p\u00e5 n\u00e4r det kr\u00e5nglar! SLAVA UKRAINI","sameAs":["https:\/\/spjutskaftet.se","https:\/\/x.com\/MatsExtrude"],"url":"https:\/\/johanno1.se\/sv\/author\/extrude\/"}]}},"_links":{"self":[{"href":"https:\/\/johanno1.se\/sv\/wp-json\/wp\/v2\/posts\/422","targetHints":{"allow":["GET"]}}],"collection":[{"href":"https:\/\/johanno1.se\/sv\/wp-json\/wp\/v2\/posts"}],"about":[{"href":"https:\/\/johanno1.se\/sv\/wp-json\/wp\/v2\/types\/post"}],"author":[{"embeddable":true,"href":"https:\/\/johanno1.se\/sv\/wp-json\/wp\/v2\/users\/1"}],"replies":[{"embeddable":true,"href":"https:\/\/johanno1.se\/sv\/wp-json\/wp\/v2\/comments?post=422"}],"version-history":[{"count":1,"href":"https:\/\/johanno1.se\/sv\/wp-json\/wp\/v2\/posts\/422\/revisions"}],"predecessor-version":[{"id":424,"href":"https:\/\/johanno1.se\/sv\/wp-json\/wp\/v2\/posts\/422\/revisions\/424"}],"wp:featuredmedia":[{"embeddable":true,"href":"https:\/\/johanno1.se\/sv\/wp-json\/wp\/v2\/media\/423"}],"wp:attachment":[{"href":"https:\/\/johanno1.se\/sv\/wp-json\/wp\/v2\/media?parent=422"}],"wp:term":[{"taxonomy":"category","embeddable":true,"href":"https:\/\/johanno1.se\/sv\/wp-json\/wp\/v2\/categories?post=422"},{"taxonomy":"post_tag","embeddable":true,"href":"https:\/\/johanno1.se\/sv\/wp-json\/wp\/v2\/tags?post=422"}],"curies":[{"name":"wp","href":"https:\/\/api.w.org\/{rel}","templated":true}]}}