{"id":4229,"date":"2026-03-10T07:01:00","date_gmt":"2026-03-10T06:01:00","guid":{"rendered":"https:\/\/johanno1.se\/?p=4229"},"modified":"2026-03-11T07:11:46","modified_gmt":"2026-03-11T06:11:46","slug":"iran-uppdatering-10-mars-2026","status":"publish","type":"post","link":"https:\/\/johanno1.se\/sv\/iran-uppdatering-10-mars-2026\/","title":{"rendered":"Iran uppdatering 10 Mars 2026"},"content":{"rendered":"\n<p>Dagens analys skulle bli den globala \u00f6vergripande situationen med ett brinnande Iran och ett backande Ryssland i Ukraina men f\u00f6rst fick det bli lite Iran-relaterat efter en l\u00e5ng diskussion p\u00e5 johanno1.se i fredags innan vi blev f\u00f6r fulla och droppade av.<\/p>\n\n\n\n<p>Inl\u00e4gget om den globala situationen postas imorgon.<\/p>\n\n\n\n<p>Ni missar johanno1.se p\u00e5 egen risk f\u00f6r det \u00e4r mycket h\u00f6g niv\u00e5 p\u00e5 diskussionen men ta inga investeringsr\u00e5d i krypto fr\u00e5n MXT \u00e4r ett hett tips, och fredagkv\u00e4llarna tenderar att bli mindre v\u00e4rldsledande analys och mer \u00f6ltips.<\/p>\n\n\n\n<p>Iranska sabot\u00f6rer i Europa som inte genomf\u00f6rde ett f\u00f6rstaslag mot de amerikanska enorma mellanlagren, och som inte heller startat en terrorv\u00e5g idag 10 Mars 2026 l\u00e4ngre \u00e4n en vecka efter krigsstart \u2013 s\u00e5 ser verkligheten ut.<\/p>\n\n\n\n<p>I f\u00f6rra inl\u00e4gget resonerade jag kring varf\u00f6r ett f\u00f6rstaslag inte kom och \u00e4ven i kommentarer dagarna efter 28 Februari att sannolikheten var h\u00f6g f\u00f6r att terrorister skulle attackera mjuka m\u00e5l i Europa.<\/p>\n\n\n\n<p>Nu \u00e4r vi lite l\u00e4ngre fram i tid och den iranska regimen ser svag ut, ingen gillar en f\u00f6rlorare s\u00e5 d\u00e5 b\u00f6r ju kurvan b\u00f6rja peka ned\u00e5t kanske?<\/p>\n\n\n\n<p>Var n\u00e5t ifr\u00e5gas\u00e4ttande om att g\u00e4ng inte har Manpads s\u00e5 hela resonemanget skulle vara konspiratoriskt &#8211; jag byter ord till dr\u00f6nare som f\u00f6rvisso stod som punkt tv\u00e5 nedanf\u00f6r manpads i inl\u00e4gget. Varf\u00f6r slog inte g\u00e4ng\/klaner\/operatives ut allt som stod p\u00e5 flygbaserna i Europa med enkla dr\u00f6nare, det f\u00e5r bli \u00e4ndringen i den \u00f6ppna fr\u00e5gan i mitt f\u00f6rra inl\u00e4gg s\u00e5 det inte uppfattas som konspiratoriskt.<\/p>\n\n\n\n<p>F\u00f6r er som k\u00e4nner att detta fortfarande skulle vara konspiratoriskt f\u00e5r ni helt enkelt l\u00e4gga av &#8211; Ukraina slog ut 1\/3 av det ryska strategiska bombflyget med billiga FPV dr\u00f6nare och Iran \u00e4r i krig med USA.<\/p>\n\n\n\n<p>Sen f\u00f6reslogs det att Iran inte skulle ha n\u00e5gra terrorceller i Europa p\u00e5 johanno1.se i fredags men det var r\u00e4tt l\u00e5ngt in p\u00e5 fredagswhiskyn och kanske inte helt allvarligt menat.<\/p>\n\n\n\n<p>Enligt S\u00c4PO har Iran 13ggr k\u00f6pt v\u00e5ldstj\u00e4nster av g\u00e4ngen och klanerna bara i Sverige och ingen normal t\u00e4nkande individ tror v\u00e4l att dom bara gjort det i Sverige?<\/p>\n\n\n\n<p><a href=\"https:\/\/www.svt.se\/nyheter\/granskning\/ug\/sa-bestaller-iran-attacker-mot-israeliska-mal-av-svenska-gang\">https:\/\/www.svt.se\/nyheter\/granskning\/ug\/sa-bestaller-iran-attacker-mot-israeliska-mal-av-svenska-gang<\/a><\/p>\n\n\n\n<p>Mossad har nyligen gett Europa en hamascell p\u00e5 silverfat.<\/p>\n\n\n\n<p><a href=\"https:\/\/www.fdd.org\/analysis\/2025\/11\/13\/fifth-terror-suspect-arrested-in-germany-in-connection-with-wider-hamas-europe-plot\">https:\/\/www.fdd.org\/analysis\/2025\/11\/13\/fifth-terror-suspect-arrested-in-germany-in-connection-with-wider-hamas-europe-plot<\/a><\/p>\n\n\n\n<p>Jag har ett annat inl\u00e4gg i produktion som g\u00e5r igenom den ryska subversiva verksamheten nu ocks\u00e5 Iran d\u00e4r dom st\u00f6ttat palestinademonstrationerna och betalat m\u00e5nga, v\u00e4ldigt m\u00e5nga, i Europa men om ni klarar av att l\u00e4gga band p\u00e5 er s\u00e5 kommer det s\u00e5 sm\u00e5ningom.<\/p>\n\n\n\n<figure class=\"wp-block-image is-resized\"><a class=\"image-link image2 is-viewable-img\" href=\"https:\/\/substackcdn.com\/image\/fetch\/$s_!Qr-q!,f_auto,q_auto:good,fl_progressive:steep\/https%3A%2F%2Fsubstack-post-media.s3.amazonaws.com%2Fpublic%2Fimages%2F3d9f095a-82ae-4924-a1a3-9ad95bd0d19a_828x483.jpeg\" target=\"_blank\" rel=\"noreferrer noopener\"><img decoding=\"async\" src=\"https:\/\/substackcdn.com\/image\/fetch\/$s_!Qr-q!,w_1456,c_limit,f_auto,q_auto:good,fl_progressive:steep\/https%3A%2F%2Fsubstack-post-media.s3.amazonaws.com%2Fpublic%2Fimages%2F3d9f095a-82ae-4924-a1a3-9ad95bd0d19a_828x483.jpeg\" alt=\"\" style=\"width:243px;height:auto\"\/><\/a><\/figure>\n\n\n\n<p>Sen redde vi ocks\u00e5 ut tidslinjen vid krigsstart \u2013<\/p>\n\n\n\n<p>-Den 26 Februari l\u00e4mnar 5th Fleet kaj i Bahrain och skall vara 25-30st fartyg totalt.<\/p>\n\n\n\n<p>-Den 26 Februari slutar f\u00f6rhandlingsrundan mellan Iran \u2013 USA med att dom skall ses igen 6 Mars.<\/p>\n\n\n\n<p>-Den 28 Februari f\u00f6ll f\u00f6rsta bomberna \u2013 det var starten p\u00e5 den amerikanska insatsen som f\u00f6r \u00f6vrigt inte var ett krig som beh\u00f6vde kongressens godk\u00e4nnande (vi lever i en galen tid).<\/p>\n\n\n\n<p>-Den 28 Februari dog Khamenei runt 08:10 p\u00e5 morgonen iransk tid s\u00e5 han var del i m\u00e5luttagen f\u00f6rsta dagen.<\/p>\n\n\n\n<p>-Den 28 Februari bombar Iran 5th fleet h\u00f6gkvarter i Bahrain tillsammans med m\u00e5l i 10st n\u00e4rliggande l\u00e4nder under kommande dagar, f\u00f6rsta dagen avfyras +450st robotar och lika m\u00e5nga dr\u00f6nare ungef\u00e4r<\/p>\n\n\n\n<p>F\u00f6r 5th fleet att kunna l\u00e4mna Bahrain m\u00e5ste det f\u00f6reg\u00e5s av fullt synliga f\u00f6rberedelser, till exempel landpermissioner som dras in och att man b\u00f6rjar k\u00f6ra motorerna vilket kinesiska satelliter sett. Kina har i omg\u00e5ngar sl\u00e4ppt satellitbilder som \u00e4r extremt tydliga s\u00e5 att dom skulle kunnat missa att 5th fleet var p\u00e5 v\u00e4g till sj\u00f6ss \u00e4r om\u00f6jligt.<\/p>\n\n\n\n<p>USA best\u00e4mmer sig allts\u00e5 inte den 26 Februari f\u00f6r att flytta flottan n\u00e4r f\u00f6rhandlingarna inte g\u00e5r s\u00e5 bra som dom t\u00e4nkt sig \u2013 flottan har redan f\u00e5tt sin marschorder innan dess och l\u00e4mnar samma dag som f\u00f6rhandlingarna avslutas.<\/p>\n\n\n\n<p>Jag kan egentligen bara landa i slutsatsen att Iran aldrig avs\u00e5g att genomf\u00f6ra ett f\u00f6rstaslag f\u00f6r dom m\u00e5ste ha f\u00e5tt information fr\u00e5n Kina att flottan var p\u00e5 v\u00e4g att l\u00e4mna hamn tillr\u00e4ckligt tidigt och skulle ha hunnit med ett robotregn.<\/p>\n\n\n\n<p>Lex 28 Februari 2026 d\u00e4r den iranska vederg\u00e4llningen kom omg\u00e5ende samma dag<\/p>\n\n\n\n<p>Det h\u00e4r \u00e4r allts\u00e5 efter Juni 2025, 7 Oktober 2023, Hamas och Hezbollah och hur Iran destabiliserat hela regionen i tiotals \u00e5r.<\/p>\n\n\n\n<p>Samt inte minst deras retorik p\u00e5 twitter hela 2025 f\u00f6r alla att se \u2013 v\u00e5ldsam d\u00f6d f\u00f6r alla.<\/p>\n\n\n\n<p>Om dom nu t\u00e4nkte att USA inte skulle anfalla om dom bara f\u00f6rh\u00f6ll sig lugna \u2013 vilket misstag och hur naiv \u00e4r det egentligen lagligt att vara. Den 26 Februari avslutas f\u00f6rhandlingarna och 5th fleet l\u00e4mnar kaj \u2013 beh\u00f6vs det verkligen mer indikationer \u00e4n s\u00e5?<\/p>\n\n\n\n<p>Eller efter Venezuela och Syrien d\u00e4r USA b\u00f6rjat visa huggt\u00e4nderna.<\/p>\n\n\n\n<p>Kina har dessutom sedan i h\u00f6stas betalat m\u00e5nga miljarder USD f\u00f6r krigsmateriel dom skickat till Iran &#8211; dom f\u00f6rv\u00e4ntade sig krig f\u00f6r annars hade dom miljarderna lagts p\u00e5 annat.<\/p>\n\n\n\n<p>Vi f\u00e5r se n\u00e4r historien skrivs men det kanske visar sig att det var USA\/Trumps f\u00f6rhandlingsrunda som lurade upp dom p\u00e5 l\u00e4ktaren?<\/p>\n\n\n\n<p>Notera att USA och Iran skulle tr\u00e4ffas igen 6 Mars f\u00f6r att f\u00f6rhandla vidare. USA hade ingen tanke p\u00e5 det eftersom dom redan gett flottan marschorder men Iran kanske gick p\u00e5 det?<\/p>\n\n\n\n<p>Sen finns det detaljen att USA i Juni 2025 gjorde en begr\u00e4nsad insats s\u00e5 regimen kanske trodde att dom skulle f\u00e5 lite sm\u00e5stryk men \u00f6verleva igen kanske?<\/p>\n\n\n\n<p>En liten krigslist \u2013 f\u00f6r bara det faktum att 5th fleet l\u00e4mnar kaj samma dag som f\u00f6rhandlingarna avslutas avsl\u00f6jar att USA planerade att g\u00e5 i krig om inte F-15 SEAD och F-22 Raptors tillsammans med alla lufttankningsplanen r\u00e4ckte som indikation.<\/p>\n\n\n\n<p>Dessa f\u00f6rm\u00e5gor st\u00e5r v\u00e4l skyddade i USA inland till vardags och inget som man exponerar p\u00e5 baser i MENA om man inte t\u00e4nkt anv\u00e4nda dom.<\/p>\n\n\n\n<p><a href=\"https:\/\/www.aljazeera.com\/news\/2026\/2\/26\/us-iran-talks-conclude-claims-progress-few-details\">https:\/\/www.aljazeera.com\/news\/2026\/2\/26\/us-iran-talks-conclude-claims-progress-few-details<\/a><\/p>\n\n\n\n<p>Khamenei var iallafall stentuff och f\u00f6rs\u00f6kte f\u00f6rst\u00f6ra f\u00f6rhandlingarna s\u00e5 gott han kunde.<\/p>\n\n\n\n<p><em>\u201cKhamenei suggested Iran possesses weapons that can \u201csink\u201d an aircraft carrier and \u201cslap\u201d the largest military in the world to the ground as the Islamic Revolutionary Guard Corps (IRGC) staged military exercises in the <\/em><a target=\"_blank\" rel=\"noreferrer noopener\" href=\"https:\/\/www.aljazeera.com\/news\/2025\/6\/14\/what-is-the-strait-of-hormuz-could-it-factor-into-israel-iran-conflict\"><em>Strait of Hormuz<\/em><\/a><em>\u201d.<\/em><\/p>\n\n\n\n<p><a href=\"https:\/\/www.aljazeera.com\/news\/2026\/2\/17\/irans-khamenei-maintains-tough-rhetoric-with-us-despite-nuclear-talks\">https:\/\/www.aljazeera.com\/news\/2026\/2\/17\/irans-khamenei-maintains-tough-rhetoric-with-us-despite-nuclear-talks<\/a><\/p>\n\n\n\n<p>Min slutsats blir att han\/IRGC tillsammans med Kina och Ryssland har gjort denna globala konflikts stora strategiska misstag i paritet med Macron, Scholz och Zelensky 24 Februari 2022 &#8211; bara att det kommer sluta i regimkollaps f\u00f6r Iran.<\/p>\n\n\n\n<p>Det talas alldeles f\u00f6r lite om detta men det misstaget kostade iranska diktaturen huvudet och Ryssland\/Kina f\u00f6rlorade en strategisk nyckelallierad.<\/p>\n\n\n\n<p>Fr\u00e5gan \u00e4r om inte Ryssland\/Kina har f\u00f6rlorat m\u00f6jligheten till global konflikt p\u00e5 sina villkor h\u00e4r?<\/p>\n\n\n\n<p>Jag k\u00e4nner mig n\u00e4stan lurad men inte lika lurad som diktaturen i Iran.<\/p>\n\n\n\n<p>Israel har varit mycket smarta \u2013 dom har en portal dit iranier kan v\u00e4nda sig med koordinater och beskrivning av m\u00e5l i Iran.<\/p>\n\n\n\n<p>Det kan nog f\u00f6rklara en hel del av utslagna m\u00f6ten och grupperingar \u2013 till exempel Stadion i Tehran dit IRGC s\u00f6kte sig efter att deras baser slogs ut.<\/p>\n\n\n\n<p>15 000st IRGC fanns d\u00e4r och den j\u00e4mnades med marken, stadion tog 80 000st \u00e5sk\u00e5dare.<\/p>\n\n\n\n<figure class=\"wp-block-image is-resized\"><a class=\"image-link image2 is-viewable-img\" href=\"https:\/\/substackcdn.com\/image\/fetch\/$s_!Z485!,f_auto,q_auto:good,fl_progressive:steep\/https%3A%2F%2Fsubstack-post-media.s3.amazonaws.com%2Fpublic%2Fimages%2F9d0f7d82-ffdd-41c2-8571-9a3fee3afd34_828x1339.jpeg\" target=\"_blank\" rel=\"noreferrer noopener\"><img decoding=\"async\" src=\"https:\/\/substackcdn.com\/image\/fetch\/$s_!Z485!,w_1456,c_limit,f_auto,q_auto:good,fl_progressive:steep\/https%3A%2F%2Fsubstack-post-media.s3.amazonaws.com%2Fpublic%2Fimages%2F9d0f7d82-ffdd-41c2-8571-9a3fee3afd34_828x1339.jpeg\" alt=\"\" style=\"aspect-ratio:0.6183906075927672;width:341px;height:auto\"\/><\/a><\/figure>\n\n\n\n<p>Enligt denna gav Kina 50st av sina sj\u00f6m\u00e5lsrobotar till Iran alla utan verkan i m\u00e5let.<\/p>\n\n\n\n<p>Sp\u00e4nnande k\u00e4lla javisst, 20st skriver andra.<\/p>\n\n\n\n<figure class=\"wp-block-image is-resized\"><a class=\"image-link image2 is-viewable-img\" href=\"https:\/\/substackcdn.com\/image\/fetch\/$s_!2Z57!,f_auto,q_auto:good,fl_progressive:steep\/https%3A%2F%2Fsubstack-post-media.s3.amazonaws.com%2Fpublic%2Fimages%2F97f66baa-030c-4db8-9679-eb5afc8ceb45_828x652.jpeg\" target=\"_blank\" rel=\"noreferrer noopener\"><img decoding=\"async\" src=\"https:\/\/substackcdn.com\/image\/fetch\/$s_!2Z57!,w_1456,c_limit,f_auto,q_auto:good,fl_progressive:steep\/https%3A%2F%2Fsubstack-post-media.s3.amazonaws.com%2Fpublic%2Fimages%2F97f66baa-030c-4db8-9679-eb5afc8ceb45_828x652.jpeg\" alt=\"\" style=\"width:314px;height:auto\"\/><\/a><\/figure>\n\n\n\n<p>Eftersom m\u00e5nga ifr\u00e5gas\u00e4tter om Kina har levererat n\u00e5t eller inte s\u00e5 s\u00e4ger faktiskt Khamenei ovan egentligen just det n\u00e4r han beskriver sina d\u00f6dliga vapen.<\/p>\n\n\n\n<p>Och att Kina hade en luftbro m\u00e5naderna innan \u2013 levererade dom ris och pekinganka?<\/p>\n\n\n\n<p>Fler \u00e4n jag diskuterar att Kina gjort ett strategiskt j\u00e4ttemisstag, k\u00e4llan \u00e4r iallafall \u00e4ldre kvinna med glas\u00f6gon s\u00e5 m\u00e5ste vara trov\u00e4rdig?<\/p>\n\n\n\n<figure class=\"wp-block-image is-resized\"><a class=\"image-link image2 is-viewable-img\" href=\"https:\/\/substackcdn.com\/image\/fetch\/$s_!IO0K!,f_auto,q_auto:good,fl_progressive:steep\/https%3A%2F%2Fsubstack-post-media.s3.amazonaws.com%2Fpublic%2Fimages%2Fd8ada208-1a79-4521-88a1-dd0367cc4621_828x858.jpeg\" target=\"_blank\" rel=\"noreferrer noopener\"><img decoding=\"async\" src=\"https:\/\/substackcdn.com\/image\/fetch\/$s_!IO0K!,w_1456,c_limit,f_auto,q_auto:good,fl_progressive:steep\/https%3A%2F%2Fsubstack-post-media.s3.amazonaws.com%2Fpublic%2Fimages%2Fd8ada208-1a79-4521-88a1-dd0367cc4621_828x858.jpeg\" alt=\"\" style=\"width:382px;height:auto\"\/><\/a><\/figure>\n\n\n\n<p>Det jag egentligen vill projicera \u00e4r f\u00f6ljande \u2013 om Iran genomf\u00f6rt ett f\u00f6rstaslag s\u00e5som jag beskrivit det dels med dr\u00f6narattacker p\u00e5 mellanlagren i Europa, sen ett f\u00f6rstaslag mot 5th fleet med robotar och till sist med Jemen iranska flottan mot USA flotta i omr\u00e5det hade dom iallafall b\u00f6rjat p\u00e5 +7\/10 allt annat lika.<\/p>\n\n\n\n<p>Sen f\u00f6ljt upp med terrorattacker i Europa och demonstrationer \u00f6verallt f\u00f6r att skr\u00e4mma Europa till tystnad.<\/p>\n\n\n\n<p>H\u00e4r n\u00e5gonstans hade Kina kunnat rusa mer flotta till vattnen utanf\u00f6r Iran tillsammans med Ryssland och USA hade kanske b\u00f6rjat t\u00e4nka sig f\u00f6r med 5th fleet sjunkna vid kaj i Bahrain.<\/p>\n\n\n\n<p>Well, Kina rusar flotta till vattnen utanf\u00f6r Iran \u00e4nd\u00e5&#8230;<\/p>\n\n\n\n<figure class=\"wp-block-embed is-type-wp-embed is-provider-modern-diplomacy wp-block-embed-modern-diplomacy\"><div class=\"wp-block-embed__wrapper\">\n<blockquote class=\"wp-embedded-content\" data-secret=\"KD2RtHPA75\"><a href=\"https:\/\/moderndiplomacy.eu\/2026\/03\/08\/china-bolsters-naval-presence-in-strait-of-hormuz-amid-us-pressure-on-iran-and-venezuela\/\">China Bolsters Naval Presence in Strait of Hormuz Amid US Pressure on Iran and Venezuela<\/a><\/blockquote><iframe loading=\"lazy\" class=\"wp-embedded-content\" sandbox=\"allow-scripts\" security=\"restricted\" style=\"position: absolute; visibility: hidden;\" title=\"&#8220;China Bolsters Naval Presence in Strait of Hormuz Amid US Pressure on Iran and Venezuela&#8221; &#8212; Modern Diplomacy\" src=\"https:\/\/moderndiplomacy.eu\/2026\/03\/08\/china-bolsters-naval-presence-in-strait-of-hormuz-amid-us-pressure-on-iran-and-venezuela\/embed\/#?secret=mBZe6sXYEa#?secret=KD2RtHPA75\" data-secret=\"KD2RtHPA75\" width=\"500\" height=\"282\" frameborder=\"0\" marginwidth=\"0\" marginheight=\"0\" scrolling=\"no\"><\/iframe>\n<\/div><\/figure>\n\n\n\n<p>Nu v\u00e4ntade man tills ledningen slogs ut och sen sk\u00f6t man robotar mot 10st l\u00e4nder i MENAomr\u00e5det och uppn\u00e5dde exakt samma aversion som om man f\u00e5tt efter ett f\u00f6rstaslag minus alla f\u00f6rdelar ett s\u00e5dant gett i form av utslagen amerikansk utrustning.<\/p>\n\n\n\n<p>Iran, Kina och Ryssland har v\u00e4ldigt l\u00e4nge f\u00f6rberett sig f\u00f6r krig, dom eskalerar situationen ett steg i taget och inv\u00e4ntar reaktionen men dom m\u00e5ste rimligen hela tiden vara beredda p\u00e5 motst\u00e5nd?<\/p>\n\n\n\n<p>Efter Venezuela, Kuba, Syrien, Juni 2025, Panamakanalen s\u00e5 m\u00e5ste rimligen Kina ha k\u00e4nt att v\u00e4rmen stigit bet\u00e4nkligt?<\/p>\n\n\n\n<p>Jag kan bara se att det h\u00e4r var en monumental missber\u00e4kning men nu \u00e4r det bakom oss och det blir inga fler diskussioner kring det, en silvermedalj i krig \u00e4r inte v\u00e4rt speciellt mycket har Xi Jinping och femte generationen mullastyre precis uppt\u00e4ckt.<\/p>\n\n\n\n<p>Lite terrord\u00e5d b\u00f6rjar v\u00e4l komma.<\/p>\n\n\n\n<p>Oslo<\/p>\n\n\n\n<figure class=\"wp-block-image is-resized\"><a class=\"image-link image2\" href=\"https:\/\/substackcdn.com\/image\/fetch\/$s_!Y9Dn!,f_auto,q_auto:good,fl_progressive:steep\/https%3A%2F%2Fsubstack-post-media.s3.amazonaws.com%2Fpublic%2Fimages%2F0119858c-5330-4f2e-a3b7-42a14a054193_828x379.jpeg\" target=\"_blank\" rel=\"noreferrer noopener\"><img decoding=\"async\" src=\"https:\/\/substackcdn.com\/image\/fetch\/$s_!Y9Dn!,w_1456,c_limit,f_auto,q_auto:good,fl_progressive:steep\/https%3A%2F%2Fsubstack-post-media.s3.amazonaws.com%2Fpublic%2Fimages%2F0119858c-5330-4f2e-a3b7-42a14a054193_828x379.jpeg\" alt=\"\" style=\"width:406px;height:auto\"\/><\/a><\/figure>\n\n\n\n<p>Varning om Sverige<\/p>\n\n\n\n<p><a href=\"https:\/\/www.svt.se\/nyheter\/snabbkollen\/usas-ambassad-i-stockholm-varnar-amerikanska-medborgare\">https:\/\/www.svt.se\/nyheter\/snabbkollen\/usas-ambassad-i-stockholm-varnar-amerikanska-medborgare<\/a><\/p>\n","protected":false},"excerpt":{"rendered":"<p>Dagens analys skulle bli den globala \u00f6vergripande situationen med ett brinnande Iran och ett backande Ryssland i Ukraina men f\u00f6rst [&hellip;]<\/p>\n","protected":false},"author":3,"featured_media":0,"comment_status":"open","ping_status":"open","sticky":false,"template":"","format":"standard","meta":{"site-sidebar-layout":"default","site-content-layout":"","ast-site-content-layout":"default","site-content-style":"default","site-sidebar-style":"default","ast-global-header-display":"","ast-banner-title-visibility":"","ast-main-header-display":"","ast-hfb-above-header-display":"","ast-hfb-below-header-display":"","ast-hfb-mobile-header-display":"","site-post-title":"","ast-breadcrumbs-content":"","ast-featured-img":"","footer-sml-layout":"","ast-disable-related-posts":"","theme-transparent-header-meta":"","adv-header-id-meta":"","stick-header-meta":"","header-above-stick-meta":"","header-main-stick-meta":"","header-below-stick-meta":"","astra-migrate-meta-layouts":"default","ast-page-background-enabled":"default","ast-page-background-meta":{"desktop":{"background-color":"var(--ast-global-color-4)","background-image":"","background-repeat":"repeat","background-position":"center center","background-size":"auto","background-attachment":"scroll","background-type":"","background-media":"","overlay-type":"","overlay-color":"","overlay-opacity":"","overlay-gradient":""},"tablet":{"background-color":"","background-image":"","background-repeat":"repeat","background-position":"center center","background-size":"auto","background-attachment":"scroll","background-type":"","background-media":"","overlay-type":"","overlay-color":"","overlay-opacity":"","overlay-gradient":""},"mobile":{"background-color":"","background-image":"","background-repeat":"repeat","background-position":"center center","background-size":"auto","background-attachment":"scroll","background-type":"","background-media":"","overlay-type":"","overlay-color":"","overlay-opacity":"","overlay-gradient":""}},"ast-content-background-meta":{"desktop":{"background-color":"var(--ast-global-color-5)","background-image":"","background-repeat":"repeat","background-position":"center center","background-size":"auto","background-attachment":"scroll","background-type":"","background-media":"","overlay-type":"","overlay-color":"","overlay-opacity":"","overlay-gradient":""},"tablet":{"background-color":"var(--ast-global-color-5)","background-image":"","background-repeat":"repeat","background-position":"center center","background-size":"auto","background-attachment":"scroll","background-type":"","background-media":"","overlay-type":"","overlay-color":"","overlay-opacity":"","overlay-gradient":""},"mobile":{"background-color":"var(--ast-global-color-5)","background-image":"","background-repeat":"repeat","background-position":"center center","background-size":"auto","background-attachment":"scroll","background-type":"","background-media":"","overlay-type":"","overlay-color":"","overlay-opacity":"","overlay-gradient":""}},"footnotes":""},"categories":[18],"tags":[],"class_list":["post-4229","post","type-post","status-publish","format-standard","hentry","category-ukraina"],"yoast_head":"<!-- This site is optimized with the Yoast SEO plugin v27.4 - https:\/\/yoast.com\/product\/yoast-seo-wordpress\/ -->\n<title>Iran uppdatering 10 Mars 2026 -<\/title>\n<meta name=\"robots\" content=\"index, follow, max-snippet:-1, max-image-preview:large, max-video-preview:-1\" \/>\n<link rel=\"canonical\" href=\"https:\/\/johanno1.se\/sv\/iran-uppdatering-10-mars-2026\/\" \/>\n<meta property=\"og:locale\" content=\"sv_SE\" \/>\n<meta property=\"og:type\" content=\"article\" \/>\n<meta property=\"og:title\" content=\"Iran uppdatering 10 Mars 2026 -\" \/>\n<meta property=\"og:description\" content=\"Dagens analys skulle bli den globala \u00f6vergripande situationen med ett brinnande Iran och ett backande Ryssland i Ukraina men f\u00f6rst [&hellip;]\" \/>\n<meta property=\"og:url\" content=\"https:\/\/johanno1.se\/sv\/iran-uppdatering-10-mars-2026\/\" \/>\n<meta property=\"og:site_name\" content=\"Johan No.1\" \/>\n<meta property=\"article:published_time\" content=\"2026-03-10T06:01:00+00:00\" \/>\n<meta property=\"article:modified_time\" content=\"2026-03-11T06:11:46+00:00\" \/>\n<meta property=\"og:image\" content=\"https:\/\/substackcdn.com\/image\/fetch\/$s_!Qr-q!,w_1456,c_limit,f_auto,q_auto:good,fl_progressive:steep\/https%3A%2F%2Fsubstack-post-media.s3.amazonaws.com%2Fpublic%2Fimages%2F3d9f095a-82ae-4924-a1a3-9ad95bd0d19a_828x483.jpeg\" \/>\n<meta name=\"author\" content=\"johan No.1\" \/>\n<meta name=\"twitter:card\" content=\"summary_large_image\" \/>\n<meta name=\"twitter:label1\" content=\"Skriven av\" \/>\n\t<meta name=\"twitter:data1\" content=\"johan No.1\" \/>\n\t<meta name=\"twitter:label2\" content=\"Ber\u00e4knad l\u00e4stid\" \/>\n\t<meta name=\"twitter:data2\" content=\"9 minuter\" \/>\n<script type=\"application\/ld+json\" class=\"yoast-schema-graph\">{\"@context\":\"https:\\\/\\\/schema.org\",\"@graph\":[{\"@type\":\"Article\",\"@id\":\"https:\\\/\\\/johanno1.se\\\/sv\\\/iran-uppdatering-10-mars-2026\\\/#article\",\"isPartOf\":{\"@id\":\"https:\\\/\\\/johanno1.se\\\/sv\\\/iran-uppdatering-10-mars-2026\\\/\"},\"author\":{\"name\":\"johan No.1\",\"@id\":\"https:\\\/\\\/johanno1.se\\\/sv\\\/#\\\/schema\\\/person\\\/1dec165f070bde263b30eaf3c0a742e7\"},\"headline\":\"Iran uppdatering 10 Mars 2026\",\"datePublished\":\"2026-03-10T06:01:00+00:00\",\"dateModified\":\"2026-03-11T06:11:46+00:00\",\"mainEntityOfPage\":{\"@id\":\"https:\\\/\\\/johanno1.se\\\/sv\\\/iran-uppdatering-10-mars-2026\\\/\"},\"wordCount\":1714,\"commentCount\":126,\"publisher\":{\"@id\":\"https:\\\/\\\/johanno1.se\\\/sv\\\/#organization\"},\"image\":{\"@id\":\"https:\\\/\\\/johanno1.se\\\/sv\\\/iran-uppdatering-10-mars-2026\\\/#primaryimage\"},\"thumbnailUrl\":\"https:\\\/\\\/substackcdn.com\\\/image\\\/fetch\\\/$s_!Qr-q!,w_1456,c_limit,f_auto,q_auto:good,fl_progressive:steep\\\/https%3A%2F%2Fsubstack-post-media.s3.amazonaws.com%2Fpublic%2Fimages%2F3d9f095a-82ae-4924-a1a3-9ad95bd0d19a_828x483.jpeg\",\"articleSection\":[\"Kriget i Ukraina\"],\"inLanguage\":\"sv-SE\",\"potentialAction\":[{\"@type\":\"CommentAction\",\"name\":\"Comment\",\"target\":[\"https:\\\/\\\/johanno1.se\\\/sv\\\/iran-uppdatering-10-mars-2026\\\/#respond\"]}]},{\"@type\":\"WebPage\",\"@id\":\"https:\\\/\\\/johanno1.se\\\/sv\\\/iran-uppdatering-10-mars-2026\\\/\",\"url\":\"https:\\\/\\\/johanno1.se\\\/sv\\\/iran-uppdatering-10-mars-2026\\\/\",\"name\":\"Iran uppdatering 10 Mars 2026 -\",\"isPartOf\":{\"@id\":\"https:\\\/\\\/johanno1.se\\\/sv\\\/#website\"},\"primaryImageOfPage\":{\"@id\":\"https:\\\/\\\/johanno1.se\\\/sv\\\/iran-uppdatering-10-mars-2026\\\/#primaryimage\"},\"image\":{\"@id\":\"https:\\\/\\\/johanno1.se\\\/sv\\\/iran-uppdatering-10-mars-2026\\\/#primaryimage\"},\"thumbnailUrl\":\"https:\\\/\\\/substackcdn.com\\\/image\\\/fetch\\\/$s_!Qr-q!,w_1456,c_limit,f_auto,q_auto:good,fl_progressive:steep\\\/https%3A%2F%2Fsubstack-post-media.s3.amazonaws.com%2Fpublic%2Fimages%2F3d9f095a-82ae-4924-a1a3-9ad95bd0d19a_828x483.jpeg\",\"datePublished\":\"2026-03-10T06:01:00+00:00\",\"dateModified\":\"2026-03-11T06:11:46+00:00\",\"breadcrumb\":{\"@id\":\"https:\\\/\\\/johanno1.se\\\/sv\\\/iran-uppdatering-10-mars-2026\\\/#breadcrumb\"},\"inLanguage\":\"sv-SE\",\"potentialAction\":[{\"@type\":\"ReadAction\",\"target\":[\"https:\\\/\\\/johanno1.se\\\/sv\\\/iran-uppdatering-10-mars-2026\\\/\"]}]},{\"@type\":\"ImageObject\",\"inLanguage\":\"sv-SE\",\"@id\":\"https:\\\/\\\/johanno1.se\\\/sv\\\/iran-uppdatering-10-mars-2026\\\/#primaryimage\",\"url\":\"https:\\\/\\\/substackcdn.com\\\/image\\\/fetch\\\/$s_!Qr-q!,w_1456,c_limit,f_auto,q_auto:good,fl_progressive:steep\\\/https%3A%2F%2Fsubstack-post-media.s3.amazonaws.com%2Fpublic%2Fimages%2F3d9f095a-82ae-4924-a1a3-9ad95bd0d19a_828x483.jpeg\",\"contentUrl\":\"https:\\\/\\\/substackcdn.com\\\/image\\\/fetch\\\/$s_!Qr-q!,w_1456,c_limit,f_auto,q_auto:good,fl_progressive:steep\\\/https%3A%2F%2Fsubstack-post-media.s3.amazonaws.com%2Fpublic%2Fimages%2F3d9f095a-82ae-4924-a1a3-9ad95bd0d19a_828x483.jpeg\"},{\"@type\":\"BreadcrumbList\",\"@id\":\"https:\\\/\\\/johanno1.se\\\/sv\\\/iran-uppdatering-10-mars-2026\\\/#breadcrumb\",\"itemListElement\":[{\"@type\":\"ListItem\",\"position\":1,\"name\":\"Hem\",\"item\":\"https:\\\/\\\/johanno1.se\\\/sv\\\/\"},{\"@type\":\"ListItem\",\"position\":2,\"name\":\"Iran uppdatering 10 Mars 2026\"}]},{\"@type\":\"WebSite\",\"@id\":\"https:\\\/\\\/johanno1.se\\\/sv\\\/#website\",\"url\":\"https:\\\/\\\/johanno1.se\\\/sv\\\/\",\"name\":\"Johan No.1\",\"description\":\"Kriget i Ukraina - V\u00e4rldsledande omv\u00e4rldsanalys fr\u00e5n Svensksund till den ryska brakf\u00f6rlusten i Ukraina\",\"publisher\":{\"@id\":\"https:\\\/\\\/johanno1.se\\\/sv\\\/#organization\"},\"potentialAction\":[{\"@type\":\"SearchAction\",\"target\":{\"@type\":\"EntryPoint\",\"urlTemplate\":\"https:\\\/\\\/johanno1.se\\\/sv\\\/?s={search_term_string}\"},\"query-input\":{\"@type\":\"PropertyValueSpecification\",\"valueRequired\":true,\"valueName\":\"search_term_string\"}}],\"inLanguage\":\"sv-SE\"},{\"@type\":\"Organization\",\"@id\":\"https:\\\/\\\/johanno1.se\\\/sv\\\/#organization\",\"name\":\"Johan No. 1\",\"url\":\"https:\\\/\\\/johanno1.se\\\/sv\\\/\",\"logo\":{\"@type\":\"ImageObject\",\"inLanguage\":\"sv-SE\",\"@id\":\"https:\\\/\\\/johanno1.se\\\/sv\\\/#\\\/schema\\\/logo\\\/image\\\/\",\"url\":\"https:\\\/\\\/johanno1.se\\\/wp-content\\\/uploads\\\/2025\\\/03\\\/cropped-No1-Logo.png\",\"contentUrl\":\"https:\\\/\\\/johanno1.se\\\/wp-content\\\/uploads\\\/2025\\\/03\\\/cropped-No1-Logo.png\",\"width\":512,\"height\":512,\"caption\":\"Johan No. 1\"},\"image\":{\"@id\":\"https:\\\/\\\/johanno1.se\\\/sv\\\/#\\\/schema\\\/logo\\\/image\\\/\"}},{\"@type\":\"Person\",\"@id\":\"https:\\\/\\\/johanno1.se\\\/sv\\\/#\\\/schema\\\/person\\\/1dec165f070bde263b30eaf3c0a742e7\",\"name\":\"johan No.1\",\"image\":{\"@type\":\"ImageObject\",\"inLanguage\":\"sv-SE\",\"@id\":\"https:\\\/\\\/secure.gravatar.com\\\/avatar\\\/06f93864ed6b830e2782e60575fff112f1c61c52bb10b194131e0e333191695b?s=96&d=mm&r=g\",\"url\":\"https:\\\/\\\/secure.gravatar.com\\\/avatar\\\/06f93864ed6b830e2782e60575fff112f1c61c52bb10b194131e0e333191695b?s=96&d=mm&r=g\",\"contentUrl\":\"https:\\\/\\\/secure.gravatar.com\\\/avatar\\\/06f93864ed6b830e2782e60575fff112f1c61c52bb10b194131e0e333191695b?s=96&d=mm&r=g\",\"caption\":\"johan No.1\"},\"url\":\"https:\\\/\\\/johanno1.se\\\/sv\\\/author\\\/johan\\\/\"}]}<\/script>\n<!-- \/ Yoast SEO plugin. -->","yoast_head_json":{"title":"Iran uppdatering 10 Mars 2026 -","robots":{"index":"index","follow":"follow","max-snippet":"max-snippet:-1","max-image-preview":"max-image-preview:large","max-video-preview":"max-video-preview:-1"},"canonical":"https:\/\/johanno1.se\/sv\/iran-uppdatering-10-mars-2026\/","og_locale":"sv_SE","og_type":"article","og_title":"Iran uppdatering 10 Mars 2026 -","og_description":"Dagens analys skulle bli den globala \u00f6vergripande situationen med ett brinnande Iran och ett backande Ryssland i Ukraina men f\u00f6rst [&hellip;]","og_url":"https:\/\/johanno1.se\/sv\/iran-uppdatering-10-mars-2026\/","og_site_name":"Johan No.1","article_published_time":"2026-03-10T06:01:00+00:00","article_modified_time":"2026-03-11T06:11:46+00:00","og_image":[{"url":"https:\/\/substackcdn.com\/image\/fetch\/$s_!Qr-q!,w_1456,c_limit,f_auto,q_auto:good,fl_progressive:steep\/https%3A%2F%2Fsubstack-post-media.s3.amazonaws.com%2Fpublic%2Fimages%2F3d9f095a-82ae-4924-a1a3-9ad95bd0d19a_828x483.jpeg","type":"","width":"","height":""}],"author":"johan No.1","twitter_card":"summary_large_image","twitter_misc":{"Skriven av":"johan No.1","Ber\u00e4knad l\u00e4stid":"9 minuter"},"schema":{"@context":"https:\/\/schema.org","@graph":[{"@type":"Article","@id":"https:\/\/johanno1.se\/sv\/iran-uppdatering-10-mars-2026\/#article","isPartOf":{"@id":"https:\/\/johanno1.se\/sv\/iran-uppdatering-10-mars-2026\/"},"author":{"name":"johan No.1","@id":"https:\/\/johanno1.se\/sv\/#\/schema\/person\/1dec165f070bde263b30eaf3c0a742e7"},"headline":"Iran uppdatering 10 Mars 2026","datePublished":"2026-03-10T06:01:00+00:00","dateModified":"2026-03-11T06:11:46+00:00","mainEntityOfPage":{"@id":"https:\/\/johanno1.se\/sv\/iran-uppdatering-10-mars-2026\/"},"wordCount":1714,"commentCount":126,"publisher":{"@id":"https:\/\/johanno1.se\/sv\/#organization"},"image":{"@id":"https:\/\/johanno1.se\/sv\/iran-uppdatering-10-mars-2026\/#primaryimage"},"thumbnailUrl":"https:\/\/substackcdn.com\/image\/fetch\/$s_!Qr-q!,w_1456,c_limit,f_auto,q_auto:good,fl_progressive:steep\/https%3A%2F%2Fsubstack-post-media.s3.amazonaws.com%2Fpublic%2Fimages%2F3d9f095a-82ae-4924-a1a3-9ad95bd0d19a_828x483.jpeg","articleSection":["Kriget i Ukraina"],"inLanguage":"sv-SE","potentialAction":[{"@type":"CommentAction","name":"Comment","target":["https:\/\/johanno1.se\/sv\/iran-uppdatering-10-mars-2026\/#respond"]}]},{"@type":"WebPage","@id":"https:\/\/johanno1.se\/sv\/iran-uppdatering-10-mars-2026\/","url":"https:\/\/johanno1.se\/sv\/iran-uppdatering-10-mars-2026\/","name":"Iran uppdatering 10 Mars 2026 -","isPartOf":{"@id":"https:\/\/johanno1.se\/sv\/#website"},"primaryImageOfPage":{"@id":"https:\/\/johanno1.se\/sv\/iran-uppdatering-10-mars-2026\/#primaryimage"},"image":{"@id":"https:\/\/johanno1.se\/sv\/iran-uppdatering-10-mars-2026\/#primaryimage"},"thumbnailUrl":"https:\/\/substackcdn.com\/image\/fetch\/$s_!Qr-q!,w_1456,c_limit,f_auto,q_auto:good,fl_progressive:steep\/https%3A%2F%2Fsubstack-post-media.s3.amazonaws.com%2Fpublic%2Fimages%2F3d9f095a-82ae-4924-a1a3-9ad95bd0d19a_828x483.jpeg","datePublished":"2026-03-10T06:01:00+00:00","dateModified":"2026-03-11T06:11:46+00:00","breadcrumb":{"@id":"https:\/\/johanno1.se\/sv\/iran-uppdatering-10-mars-2026\/#breadcrumb"},"inLanguage":"sv-SE","potentialAction":[{"@type":"ReadAction","target":["https:\/\/johanno1.se\/sv\/iran-uppdatering-10-mars-2026\/"]}]},{"@type":"ImageObject","inLanguage":"sv-SE","@id":"https:\/\/johanno1.se\/sv\/iran-uppdatering-10-mars-2026\/#primaryimage","url":"https:\/\/substackcdn.com\/image\/fetch\/$s_!Qr-q!,w_1456,c_limit,f_auto,q_auto:good,fl_progressive:steep\/https%3A%2F%2Fsubstack-post-media.s3.amazonaws.com%2Fpublic%2Fimages%2F3d9f095a-82ae-4924-a1a3-9ad95bd0d19a_828x483.jpeg","contentUrl":"https:\/\/substackcdn.com\/image\/fetch\/$s_!Qr-q!,w_1456,c_limit,f_auto,q_auto:good,fl_progressive:steep\/https%3A%2F%2Fsubstack-post-media.s3.amazonaws.com%2Fpublic%2Fimages%2F3d9f095a-82ae-4924-a1a3-9ad95bd0d19a_828x483.jpeg"},{"@type":"BreadcrumbList","@id":"https:\/\/johanno1.se\/sv\/iran-uppdatering-10-mars-2026\/#breadcrumb","itemListElement":[{"@type":"ListItem","position":1,"name":"Hem","item":"https:\/\/johanno1.se\/sv\/"},{"@type":"ListItem","position":2,"name":"Iran uppdatering 10 Mars 2026"}]},{"@type":"WebSite","@id":"https:\/\/johanno1.se\/sv\/#website","url":"https:\/\/johanno1.se\/sv\/","name":"Johan No.1","description":"Kriget i Ukraina - V\u00e4rldsledande omv\u00e4rldsanalys fr\u00e5n Svensksund till den ryska brakf\u00f6rlusten i Ukraina","publisher":{"@id":"https:\/\/johanno1.se\/sv\/#organization"},"potentialAction":[{"@type":"SearchAction","target":{"@type":"EntryPoint","urlTemplate":"https:\/\/johanno1.se\/sv\/?s={search_term_string}"},"query-input":{"@type":"PropertyValueSpecification","valueRequired":true,"valueName":"search_term_string"}}],"inLanguage":"sv-SE"},{"@type":"Organization","@id":"https:\/\/johanno1.se\/sv\/#organization","name":"Johan No. 1","url":"https:\/\/johanno1.se\/sv\/","logo":{"@type":"ImageObject","inLanguage":"sv-SE","@id":"https:\/\/johanno1.se\/sv\/#\/schema\/logo\/image\/","url":"https:\/\/johanno1.se\/wp-content\/uploads\/2025\/03\/cropped-No1-Logo.png","contentUrl":"https:\/\/johanno1.se\/wp-content\/uploads\/2025\/03\/cropped-No1-Logo.png","width":512,"height":512,"caption":"Johan No. 1"},"image":{"@id":"https:\/\/johanno1.se\/sv\/#\/schema\/logo\/image\/"}},{"@type":"Person","@id":"https:\/\/johanno1.se\/sv\/#\/schema\/person\/1dec165f070bde263b30eaf3c0a742e7","name":"johan No.1","image":{"@type":"ImageObject","inLanguage":"sv-SE","@id":"https:\/\/secure.gravatar.com\/avatar\/06f93864ed6b830e2782e60575fff112f1c61c52bb10b194131e0e333191695b?s=96&d=mm&r=g","url":"https:\/\/secure.gravatar.com\/avatar\/06f93864ed6b830e2782e60575fff112f1c61c52bb10b194131e0e333191695b?s=96&d=mm&r=g","contentUrl":"https:\/\/secure.gravatar.com\/avatar\/06f93864ed6b830e2782e60575fff112f1c61c52bb10b194131e0e333191695b?s=96&d=mm&r=g","caption":"johan No.1"},"url":"https:\/\/johanno1.se\/sv\/author\/johan\/"}]}},"_links":{"self":[{"href":"https:\/\/johanno1.se\/sv\/wp-json\/wp\/v2\/posts\/4229","targetHints":{"allow":["GET"]}}],"collection":[{"href":"https:\/\/johanno1.se\/sv\/wp-json\/wp\/v2\/posts"}],"about":[{"href":"https:\/\/johanno1.se\/sv\/wp-json\/wp\/v2\/types\/post"}],"author":[{"embeddable":true,"href":"https:\/\/johanno1.se\/sv\/wp-json\/wp\/v2\/users\/3"}],"replies":[{"embeddable":true,"href":"https:\/\/johanno1.se\/sv\/wp-json\/wp\/v2\/comments?post=4229"}],"version-history":[{"count":1,"href":"https:\/\/johanno1.se\/sv\/wp-json\/wp\/v2\/posts\/4229\/revisions"}],"predecessor-version":[{"id":4230,"href":"https:\/\/johanno1.se\/sv\/wp-json\/wp\/v2\/posts\/4229\/revisions\/4230"}],"wp:attachment":[{"href":"https:\/\/johanno1.se\/sv\/wp-json\/wp\/v2\/media?parent=4229"}],"wp:term":[{"taxonomy":"category","embeddable":true,"href":"https:\/\/johanno1.se\/sv\/wp-json\/wp\/v2\/categories?post=4229"},{"taxonomy":"post_tag","embeddable":true,"href":"https:\/\/johanno1.se\/sv\/wp-json\/wp\/v2\/tags?post=4229"}],"curies":[{"name":"wp","href":"https:\/\/api.w.org\/{rel}","templated":true}]}}