{"id":4256,"date":"2026-03-12T07:01:00","date_gmt":"2026-03-12T06:01:00","guid":{"rendered":"https:\/\/johanno1.se\/?p=4256"},"modified":"2026-03-13T06:57:22","modified_gmt":"2026-03-13T05:57:22","slug":"ukraina-daglig-uppdatering-12-mars-2026","status":"publish","type":"post","link":"https:\/\/johanno1.se\/sv\/ukraina-daglig-uppdatering-12-mars-2026\/","title":{"rendered":"Ukraina daglig uppdatering 12 Mars 2026"},"content":{"rendered":"\n<p>Imorgon kommer inl\u00e4gget om den globala situationen.<\/p>\n\n\n\n<p>Har ni f\u00f6ljt rapporteringen som ni borde s\u00e5 vet ni att ryska laget f\u00e5tt tulla p\u00e5 sina insatsstyrkor och skicka ned VDV och marininfanteri till omr\u00e5det kring Huyliapole d\u00e4r Ukraina genomf\u00f6rt en serie offensiva operationer som lett till lokala genombrott i f\u00f6rsvarslinjerna.<\/p>\n\n\n\n<p>Deepstatemap ligger l\u00e5ngt efter och nere i till exempel Stepnohirsk (som inte \u00e4r Huyliapoleomr\u00e5det alls) h\u00e5ller Ukraina p\u00e5 och rensar upp orten men Deepstatemap har ett omstritt omr\u00e5de l\u00e5ngt norrut fr\u00e5n orten.<\/p>\n\n\n\n<figure class=\"wp-block-image\"><a class=\"image-link image2 is-viewable-img\" href=\"https:\/\/substackcdn.com\/image\/fetch\/$s_!vH3Y!,f_auto,q_auto:good,fl_progressive:steep\/https%3A%2F%2Fsubstack-post-media.s3.amazonaws.com%2Fpublic%2Fimages%2F6233b8cb-6f45-4b5f-8952-343c800c654c_1370x890.png\" target=\"_blank\" rel=\"noreferrer noopener\"><img decoding=\"async\" src=\"https:\/\/substackcdn.com\/image\/fetch\/$s_!vH3Y!,w_1456,c_limit,f_auto,q_auto:good,fl_progressive:steep\/https%3A%2F%2Fsubstack-post-media.s3.amazonaws.com%2Fpublic%2Fimages%2F6233b8cb-6f45-4b5f-8952-343c800c654c_1370x890.png\" alt=\"\"\/><\/a><\/figure>\n\n\n\n<p>Project Owl har nyligen st\u00e4dat upp f\u00f6rbandskartorna vilket var v\u00e4lkommet.<\/p>\n\n\n\n<figure class=\"wp-block-image\"><a class=\"image-link image2 is-viewable-img\" href=\"https:\/\/substackcdn.com\/image\/fetch\/$s_!ayIx!,f_auto,q_auto:good,fl_progressive:steep\/https%3A%2F%2Fsubstack-post-media.s3.amazonaws.com%2Fpublic%2Fimages%2F31a2730e-e37c-4876-ab84-93ae683378df_1238x877.png\" target=\"_blank\" rel=\"noreferrer noopener\"><img decoding=\"async\" src=\"https:\/\/substackcdn.com\/image\/fetch\/$s_!ayIx!,w_1456,c_limit,f_auto,q_auto:good,fl_progressive:steep\/https%3A%2F%2Fsubstack-post-media.s3.amazonaws.com%2Fpublic%2Fimages%2F31a2730e-e37c-4876-ab84-93ae683378df_1238x877.png\" alt=\"\"\/><\/a><\/figure>\n\n\n\n<figure class=\"wp-block-image\"><a class=\"image-link image2 is-viewable-img\" href=\"https:\/\/substackcdn.com\/image\/fetch\/$s_!R0jP!,f_auto,q_auto:good,fl_progressive:steep\/https%3A%2F%2Fsubstack-post-media.s3.amazonaws.com%2Fpublic%2Fimages%2F627c7443-d614-4dc2-9f63-d884004cb63e_1247x862.png\" target=\"_blank\" rel=\"noreferrer noopener\"><img decoding=\"async\" src=\"https:\/\/substackcdn.com\/image\/fetch\/$s_!R0jP!,w_1456,c_limit,f_auto,q_auto:good,fl_progressive:steep\/https%3A%2F%2Fsubstack-post-media.s3.amazonaws.com%2Fpublic%2Fimages%2F627c7443-d614-4dc2-9f63-d884004cb63e_1247x862.png\" alt=\"\"\/><\/a><\/figure>\n\n\n\n<p>Det h\u00e4r betyder att Ukrianas strategiska offensiva reserv snart kommer genomf\u00f6ra offensiva operationer mot det b\u00e4sta RU kan st\u00e4lla upp \u2013 insatsstyrkorna som legat i vila fr\u00e5n VDV och marininfanteri.<\/p>\n\n\n\n<p>Ja, det finns ocks\u00e5 Spetznaz och spaning men dom \u00e4r i samma \u00f6vergripande kategori.<\/p>\n\n\n\n<p>Ut\u00f6ver det m\u00e5ste RU is\u00e5fall skicka in FSB, GRU eller b\u00e4ttre Rosgvardiaf\u00f6rband som d\u00e5 p\u00e5 papperet skulle vara b\u00e4ttre (men mindre stridserfarenhet!) men dom kommer ni aldrig f\u00e5 se d\u00e5 dom beh\u00f6vs f\u00f6r den kommande inrikes maktstriden.<\/p>\n\n\n\n<p>N\u00e4r den kraftm\u00e4tningen spelat ut s\u00e5 har vi svart p\u00e5 vitt hur kriget kommer g\u00e5 \u2013 antingen f\u00e5r VDV och marininfanteriet stopp p\u00e5 offensiven eller s\u00e5 blir det en 1:5 slakt (igen) och vet vi hur forts\u00e4ttningen kommer se ut.<\/p>\n\n\n\n<p>Trump har precis vevat tillbaka oljesanktionerna mot Ryssland med det alltid s\u00e5 villiga Indien att g\u00f6ra blodspengar p\u00e5 ukrainas d\u00f6d.<\/p>\n\n\n\n<p>F\u00f6rmodligen kommer Trump h\u00e5lla tillbaka den lilla materiel han fortfarande s\u00e4ljer till Ukraina \u2013 dom d\u00e4r 3500st robotarna till exempel som Ryssland nog inte vill ha i sina fabriker alls.<\/p>\n\n\n\n<p>Kan han p\u00e5verka Europa mycket mer?<\/p>\n\n\n\n<p>Tror inte det egentligen, vi skickar tydligen Gripen nu s\u00e5 det nej Biden gav oss g\u00e4ller inte l\u00e4ngre och bland det sista Ryssland vill se i Ukraina \u00e4r 150st Gripen.<\/p>\n\n\n\n<p>Vilket betyg till v\u00e5r rustningsindustri f\u00f6r \u00f6vrigt \u2013 122, CV90, Archer och Gripen fick alla MVG av Ukraina och ut\u00f6ver att vi skickat det b\u00e4sta vi har fr\u00e5n beredskapslager eller prioriterat Ukraina har inga andra l\u00e4nder f\u00e5tt MVG i allt. B\u00e4st i klassen.<\/p>\n\n\n\n<p>Tyskarnas Panzerhaubitze 2000 var f\u00f6r tekniskt komplicerad, Abrams f\u00f6r tung och g\u00e5r s\u00f6nder, s\u00e5 d\u00e4r h\u00e5ller det p\u00e5.<\/p>\n\n\n\n<p>CV90 \u00e4r formidabel men Bradleys har v\u00e4l visat sig vara ypperliga ocks\u00e5?<\/p>\n\n\n\n<p>\u00c4r det n\u00e5got vi b\u00f6r bevara s\u00e5 \u00e4r det v\u00e5r rustningsindustri trist att vi s\u00e5lt ut mycket.<\/p>\n\n\n\n<p>Hursomhelst \u2013 Huliyapole omr\u00e5det \u00e4r l\u00e5g densitet p\u00e5 RU f\u00f6rsvar och UA har precis befriat Ternove \u2013 det \u00e4r mycket \u00f6ppen terr\u00e4ng s\u00e5 har man brutit igenom RU f\u00f6rsvar och dom skall f\u00f6rs\u00f6ka f\u00f6rsvara i \u00f6ppen terr\u00e4ng under pressad stridsledning \u2013 lycka till ryssj\u00e4vlar.<\/p>\n\n\n\n<p>Omr\u00e5det har RU avancerat i och n\u00e4r dom t\u00e4nker offensiv f\u00f6rbereder dom sig inte v\u00e4l f\u00f6r defensiv annat \u00e4n att bygga en bekv\u00e4m bunker \u00e5t cheferna.<\/p>\n\n\n\n<p>\u2014<\/p>\n\n\n\n<p>Jag b\u00f6rjar fundera lite &#8211; 7 Oktober 2023 finns det mycket anekdotisk bevisf\u00f6ring kring att varningar kom in innan om att n\u00e5got var p\u00e5 g\u00e5ng och n\u00e4r attacken skulle b\u00f6rja, att larmen gick men det agerades inte p\u00e5 det s\u00e5 viktiga gr\u00e4nsposter var obemannade.<\/p>\n\n\n\n<p><a href=\"https:\/\/www.timesofisrael.com\/systemic-failure-how-nahal-oz-base-850-meters-from-gaza-yet-utterly-vulnerable-fell-to-hamas\">https:\/\/www.timesofisrael.com\/systemic-failure-how-nahal-oz-base-850-meters-from-gaza-yet-utterly-vulnerable-fell-to-hamas<\/a><\/p>\n\n\n\n<p>Med tanke p\u00e5 hur detta utvecklats sedan dess och att Iran \u00e4r p\u00e5 v\u00e4g att falla vilket \u00e4r mycket viktigt f\u00f6r Israel finns det iallafall fog f\u00f6r en diskussion kring detta tycker jag &#8211; och Israel har haft den diskussionen men det brukar inte bli speciellt mycket konsekvenser i tider av krigslagar och oro d\u00e5 allt g\u00e5r under rikets s\u00e4kerhet och kan tryckas ned.<\/p>\n\n\n\n<p>Sj\u00e4lva 7 Oktober var Hamas (+ Ryssland) och tydligen var Iran inte helt med i sv\u00e4ngarna eftersom Hezbollah f\u00f6rsatt chansen. Men f\u00f6rsitt aldrig en bra kris, att Netanyahu har anv\u00e4nt attacken som h\u00e4vst\u00e5ng f\u00f6r att komma hit \u00e4r inte otroligt. Om alla terroristerna d\u00f6tt innan dom kommit \u00f6ver gr\u00e4nsen hade vi inte kommit hit d\u00e4r Israel fick med sig USA p\u00e5 att sl\u00e5 ut Iran.<\/p>\n\n\n\n<p>Som med alla stora beslut n\u00e4r soldater skall offras eller skattebetalarna viggas p\u00e5 medel g\u00f6rs det b\u00e4st med bilder p\u00e5 lidande barn och hj\u00e4rtsk\u00e4rande historier om missf\u00f6rh\u00e5llanden.<\/p>\n\n\n\n<p>Att Ryssland var med vet vi, tunnlarna var proppfulla med rysk materiel och vid sj\u00e4lva attacken finns det p\u00e5 film hur r\u00f6ster skriker p\u00e5 ryska \u2013 det \u00e4r odiskutabelt.<\/p>\n\n\n\n<p>Hamas var ocks\u00e5 i Moskva i Juni 2023 och under sommaren samt att kontantstr\u00f6mmar fr\u00e5n Ryssland till Hamas loggades under sommaren.<\/p>\n\n\n\n<p>Inte f\u00f6rsta g\u00e5ngen i v\u00e4rldshistorien is\u00e5fall som ett land anv\u00e4nt en kris eller skapat en false flag men jag lutar \u00e5t att Netanyahu is\u00e5fall f\u00e5ngade tillf\u00e4llet i luften,<\/p>\n\n\n\n<p><a href=\"https:\/\/www.bbc.co.uk\/news\/world-middle-east-67958260\">https:\/\/www.bbc.co.uk\/news\/world-middle-east-67958260<\/a><\/p>\n\n\n\n<p><a href=\"https:\/\/www.theguardian.com\/world\/2023\/nov\/28\/israeli-military-had-warning-of-hamas-training-for-attack-reports-say\">https:\/\/www.theguardian.com\/world\/2023\/nov\/28\/israeli-military-had-warning-of-hamas-training-for-attack-reports-say<\/a><\/p>\n\n\n\n<p>Israel \u00e4r f\u00f6r \u00f6vrigt inte landet som ignorerar verifierbar information p\u00e5 r\u00f6rlig bild med dagens datum med moviteringen att motst\u00e5ndaren nog inte vill ha krig efter flera s\u00e5na misstag tidigare \u2013 dom har snudd p\u00e5 skrivit in det i sitt DNA om jag f\u00f6rst\u00e5r det r\u00e4tt?<\/p>\n\n\n\n<p>En sak till ligger och skaver \u2013 Israel har bek\u00e4mpat irans oljeinfrastruktur och USA beskjutit tre stycken iranska oljetankers. Oljepriset skenade direkt f\u00f6r att sedan g\u00e5 ned och sen upp igen.<\/p>\n\n\n\n<p>Ni minns 2008-krisen n\u00e4r oljepriset gick upp till \u00f6ver 200USD f\u00f6resten?<\/p>\n\n\n\n<p>Detta ger Iran legitimitet att b\u00f6rja bek\u00e4mpa oljeinfrastruktur i MENA \u2013 krigets lagar g\u00e4ller trots allt och proportionerlig vederg\u00e4llning.<\/p>\n\n\n\n<p>Logiken i detta \u00e4r sv\u00e5r att se ut\u00f6ver att USA f\u00f6rv\u00e4grar EU och Kina olja?<\/p>\n\n\n\n<p>Den snabbfotade inser att USA nu eldar p\u00e5 de negativa konsekvenserna av konflikten snarare \u00e4n \u00e4r \u00e5terh\u00e5llsamma, och dom skyller p\u00e5 Israel.<\/p>\n\n\n\n<p>Att f\u00f6rs\u00f6ka st\u00f6rta regimen genom att br\u00e4nna deras oljef\u00e4lt \u00e4r inte b\u00e4st f\u00f6r n\u00e5gon inte ens USA eller Israel \u2013 f\u00f6rslag p\u00e5 varf\u00f6r?<\/p>\n\n\n\n<p>N\u00e4r b\u00e5de USA och Israel samtidigt bek\u00e4mpade denna typ av m\u00e5l finns det n\u00e4mligen en tanke bakom.<\/p>\n\n\n\n<p>Har lite andra inl\u00e4gg p\u00e5 g\u00e5ng men noterbart att i UK har dom \u00e4ndrat sin HMF lag och ytterligare lagstiftning s\u00e5 att den nu (kan!) trumfar yttrandefriheten och sen vill man ha bort jurys fr\u00e5n r\u00e4tteg\u00e5ngar.<\/p>\n\n\n\n<p>Precis som i Sverige s\u00e5 har man g\u00e5tt l\u00e5ngt \u00f6ver grundtanken med lagen och sen anv\u00e4nds den f\u00f6r att skydda intolerans, hat och hot fr\u00e5n r\u00e4ttf\u00e4rdig kritik vilket v\u00e4nder upp och ned p\u00e5 den totalt.<\/p>\n\n\n\n<p>\u201djag f\u00e5r hata hur mycket jag vill och vara intolerant men du f\u00e5r inte kritisera mig f\u00f6r det\u201d \u2013 lite s\u00e5 b\u00f6rjar det se ut f\u00f6r de priviligierade grupper som omfattas av den nya definitionen.<\/p>\n\n\n\n<p>Man kan n\u00e4mligen inte b\u00e5de hata, hota och vara ett offer men s\u00e5 ser det nu ut i till\u00e4mpning av lagen vilket den tysta majoriteten lite varstans i Europa s\u00e5 sm\u00e5tt b\u00f6rjar f\u00e5 upp \u00f6gonen f\u00f6r.<\/p>\n\n\n\n<p>Vi gn\u00e4ller mycket om USA men det h\u00e4nder en del hos oss ocks\u00e5 och det h\u00e4r \u00e4r inte bra alls.<\/p>\n\n\n\n<p>Det var n\u00e4ra att chatcontrol 2.0 r\u00f6stades igenom i EU och f\u00e5r vi blasfemilagar och hemliga r\u00e4tteg\u00e5ngar p\u00e5 det \u00e4r vi inte j\u00e4ttel\u00e5ngt ifr\u00e5n vad vi s\u00e4ger oss bek\u00e4mpa \u2013 allt f\u00f6r att r\u00e4dda barnen och de utsatta f\u00f6rst\u00e5s.<\/p>\n\n\n\n<p>Steget i UK till att g\u00f6ra det olagligt att kritisera politiker \u00e4r inte j\u00e4ttestort och s\u00e4kerligen n\u00e5got politikerna funderar p\u00e5 n\u00e4r medborgarna blir allt argare \u00f6ver konsekvenserna av urd\u00e5lig politik \ud83d\ude00<\/p>\n\n\n\n<p>Jag skall b\u00f6rja ta tag i detta d\u00e5 det \u00e4r viktigt f\u00f6r det visar hur l\u00e4tt det \u00e4r att b\u00f6rja montera ned v\u00e4l fungerande system bara man best\u00e4mmer sig f\u00f6r det.<\/p>\n\n\n\n<p>Baksidan blir naturligtvis att en dag har den tysta majoriteten f\u00e5tt nog men fram tills den dagen lever man i illusionen att man kan g\u00f6ra vad man vill f\u00f6r att alla vi andra \u00e4r toleranta.<\/p>\n\n\n\n<p>Med lite tur g\u00e5r luften ur allt detta om Iran och Ryssland faller, vem vet.<\/p>\n\n\n\n<p>Hursomhelst \u2013 de som s\u00e4ger att Ryssland \u00e4r gillande till irankriget har fel, just nu f\u00e5r Ukraina 10 000st browniepoints globalt f\u00f6r att hj\u00e4lpa MENA med interceptordr\u00f6nare och RU viktigaste allierade efter Kina f\u00f6rsvann.<\/p>\n\n\n\n<p>Kina och Ryssland har ocks\u00e5 gjort ett j\u00e4ttemisstag \u2013 ist\u00e4llet f\u00f6r att USA fick massa fartyg och flyg s\u00e4nkte\/dr\u00f6nde\/nedskjutna som skulle f\u00f6rhindra att dom vidare v\u00e5gade f\u00f6ra krig har dom i stort sett f\u00f6rlorat noll p\u00e5 att eliminera Iran. Pajasarna missade att sl\u00e5 till f\u00f6rst och det f\u00e5r dom leva med.<\/p>\n\n\n\n<p>Fr\u00e5gan alla borde brottas med \u2013 \u00e4r USA-Iran ett steg p\u00e5 den globala eskaleringen eller \u00e4r det ett v\u00e5tt t\u00e4cke \u00f6ver den globala eskaleringen?<\/p>\n\n\n\n<p>Med tanke p\u00e5 det episka misstaget att inte sl\u00e5 till f\u00f6rst bara m\u00e5ste det h\u00e4r vara en negativ?<\/p>\n\n\n\n<p>Att USA-Ryssland samk\u00f6r \u00e4r r\u00e4tt tydligt.<\/p>\n\n\n\n<p>Att Kina-USA inte samk\u00f6r \u00e4r ocks\u00e5 tydligt.<\/p>\n\n\n\n<p>Men Kina kan passa p\u00e5 n\u00e4r USA \u00e4r upptagna, eller s\u00e5 har dom skr\u00e4mts till passivitet \u2013 vi f\u00e5r helt enkelt v\u00e4nta och se.<\/p>\n\n\n\n<p>Precis som Kina nu \u00e4r mycket tr\u00e4ngda \u00e4r RU mycket tr\u00e4ngda i Ukraina och ni s\u00e5g vad Iran gjorde n\u00e4r dom blev tr\u00e4ngda.<\/p>\n\n\n\n<p>Trump sa att USA blev f\u00f6rv\u00e5nade \u00f6ver irans vederg\u00e4llning s\u00e5 d\u00e5 har dom inte l\u00e4st Johan No.1 helt klart som f\u00f6rutsp\u00e5dde att dom skulle g\u00e5 under i ett sista stort fyrverkeri.<\/p>\n\n\n\n<p>L\u00e5goddsare \u2013 ju mer tr\u00e4ngda onda laget blir desto h\u00f6gre risk f\u00f6r pilar av eskalering i ov\u00e4ntad riktning.<\/p>\n\n\n\n<p>Nu varnar iallafall balterna f\u00f6r att dom b\u00f6rjar k\u00e4nna sig oroade av Ryssland och ni som minns Trumps svador vet att han inte kommer lyfta ett finger f\u00f6r Baltikum \u2013 jag s\u00e4tter en femhundring p\u00e5 att det \u00e4r en del i USA-RU \u00f6verenskommelse.<\/p>\n\n\n\n<p>Dagen v\u00e5ra mekbrigader st\u00e5r i Baltikum \u00e4r vi redo att f\u00f6rsvara dom men inte en sekund innan dess.<\/p>\n\n\n\n<p>Att Ryssland och Kina funderar p\u00e5 om dom kan \u00e5terf\u00e5 initiativet kan vi utg\u00e5 ifr\u00e5n.<\/p>\n","protected":false},"excerpt":{"rendered":"<p>Imorgon kommer inl\u00e4gget om den globala situationen. Har ni f\u00f6ljt rapporteringen som ni borde s\u00e5 vet ni att ryska laget [&hellip;]<\/p>\n","protected":false},"author":3,"featured_media":0,"comment_status":"open","ping_status":"open","sticky":false,"template":"","format":"standard","meta":{"site-sidebar-layout":"default","site-content-layout":"","ast-site-content-layout":"default","site-content-style":"default","site-sidebar-style":"default","ast-global-header-display":"","ast-banner-title-visibility":"","ast-main-header-display":"","ast-hfb-above-header-display":"","ast-hfb-below-header-display":"","ast-hfb-mobile-header-display":"","site-post-title":"","ast-breadcrumbs-content":"","ast-featured-img":"","footer-sml-layout":"","ast-disable-related-posts":"","theme-transparent-header-meta":"","adv-header-id-meta":"","stick-header-meta":"","header-above-stick-meta":"","header-main-stick-meta":"","header-below-stick-meta":"","astra-migrate-meta-layouts":"default","ast-page-background-enabled":"default","ast-page-background-meta":{"desktop":{"background-color":"var(--ast-global-color-4)","background-image":"","background-repeat":"repeat","background-position":"center center","background-size":"auto","background-attachment":"scroll","background-type":"","background-media":"","overlay-type":"","overlay-color":"","overlay-opacity":"","overlay-gradient":""},"tablet":{"background-color":"","background-image":"","background-repeat":"repeat","background-position":"center center","background-size":"auto","background-attachment":"scroll","background-type":"","background-media":"","overlay-type":"","overlay-color":"","overlay-opacity":"","overlay-gradient":""},"mobile":{"background-color":"","background-image":"","background-repeat":"repeat","background-position":"center center","background-size":"auto","background-attachment":"scroll","background-type":"","background-media":"","overlay-type":"","overlay-color":"","overlay-opacity":"","overlay-gradient":""}},"ast-content-background-meta":{"desktop":{"background-color":"var(--ast-global-color-5)","background-image":"","background-repeat":"repeat","background-position":"center center","background-size":"auto","background-attachment":"scroll","background-type":"","background-media":"","overlay-type":"","overlay-color":"","overlay-opacity":"","overlay-gradient":""},"tablet":{"background-color":"var(--ast-global-color-5)","background-image":"","background-repeat":"repeat","background-position":"center center","background-size":"auto","background-attachment":"scroll","background-type":"","background-media":"","overlay-type":"","overlay-color":"","overlay-opacity":"","overlay-gradient":""},"mobile":{"background-color":"var(--ast-global-color-5)","background-image":"","background-repeat":"repeat","background-position":"center center","background-size":"auto","background-attachment":"scroll","background-type":"","background-media":"","overlay-type":"","overlay-color":"","overlay-opacity":"","overlay-gradient":""}},"footnotes":""},"categories":[18],"tags":[],"class_list":["post-4256","post","type-post","status-publish","format-standard","hentry","category-ukraina"],"yoast_head":"<!-- This site is optimized with the Yoast SEO plugin v27.5 - https:\/\/yoast.com\/product\/yoast-seo-wordpress\/ -->\n<title>Ukraina daglig uppdatering 12 Mars 2026 -<\/title>\n<meta name=\"robots\" content=\"index, follow, max-snippet:-1, max-image-preview:large, max-video-preview:-1\" \/>\n<link rel=\"canonical\" href=\"https:\/\/johanno1.se\/sv\/ukraina-daglig-uppdatering-12-mars-2026\/\" \/>\n<meta property=\"og:locale\" content=\"sv_SE\" \/>\n<meta property=\"og:type\" content=\"article\" \/>\n<meta property=\"og:title\" content=\"Ukraina daglig uppdatering 12 Mars 2026 -\" \/>\n<meta property=\"og:description\" content=\"Imorgon kommer inl\u00e4gget om den globala situationen. Har ni f\u00f6ljt rapporteringen som ni borde s\u00e5 vet ni att ryska laget [&hellip;]\" \/>\n<meta property=\"og:url\" content=\"https:\/\/johanno1.se\/sv\/ukraina-daglig-uppdatering-12-mars-2026\/\" \/>\n<meta property=\"og:site_name\" content=\"Johan No.1\" \/>\n<meta property=\"article:published_time\" content=\"2026-03-12T06:01:00+00:00\" \/>\n<meta property=\"article:modified_time\" content=\"2026-03-13T05:57:22+00:00\" \/>\n<meta property=\"og:image\" content=\"https:\/\/substackcdn.com\/image\/fetch\/$s_!vH3Y!,w_1456,c_limit,f_auto,q_auto:good,fl_progressive:steep\/https%3A%2F%2Fsubstack-post-media.s3.amazonaws.com%2Fpublic%2Fimages%2F6233b8cb-6f45-4b5f-8952-343c800c654c_1370x890.png\" \/>\n<meta name=\"author\" content=\"johan No.1\" \/>\n<meta name=\"twitter:card\" content=\"summary_large_image\" \/>\n<meta name=\"twitter:label1\" content=\"Skriven av\" \/>\n\t<meta name=\"twitter:data1\" content=\"johan No.1\" \/>\n\t<meta name=\"twitter:label2\" content=\"Ber\u00e4knad l\u00e4stid\" \/>\n\t<meta name=\"twitter:data2\" content=\"9 minuter\" \/>\n<script type=\"application\/ld+json\" class=\"yoast-schema-graph\">{\"@context\":\"https:\\\/\\\/schema.org\",\"@graph\":[{\"@type\":\"Article\",\"@id\":\"https:\\\/\\\/johanno1.se\\\/sv\\\/ukraina-daglig-uppdatering-12-mars-2026\\\/#article\",\"isPartOf\":{\"@id\":\"https:\\\/\\\/johanno1.se\\\/sv\\\/ukraina-daglig-uppdatering-12-mars-2026\\\/\"},\"author\":{\"name\":\"johan No.1\",\"@id\":\"https:\\\/\\\/johanno1.se\\\/sv\\\/#\\\/schema\\\/person\\\/1dec165f070bde263b30eaf3c0a742e7\"},\"headline\":\"Ukraina daglig uppdatering 12 Mars 2026\",\"datePublished\":\"2026-03-12T06:01:00+00:00\",\"dateModified\":\"2026-03-13T05:57:22+00:00\",\"mainEntityOfPage\":{\"@id\":\"https:\\\/\\\/johanno1.se\\\/sv\\\/ukraina-daglig-uppdatering-12-mars-2026\\\/\"},\"wordCount\":1808,\"commentCount\":80,\"publisher\":{\"@id\":\"https:\\\/\\\/johanno1.se\\\/sv\\\/#organization\"},\"image\":{\"@id\":\"https:\\\/\\\/johanno1.se\\\/sv\\\/ukraina-daglig-uppdatering-12-mars-2026\\\/#primaryimage\"},\"thumbnailUrl\":\"https:\\\/\\\/substackcdn.com\\\/image\\\/fetch\\\/$s_!vH3Y!,w_1456,c_limit,f_auto,q_auto:good,fl_progressive:steep\\\/https%3A%2F%2Fsubstack-post-media.s3.amazonaws.com%2Fpublic%2Fimages%2F6233b8cb-6f45-4b5f-8952-343c800c654c_1370x890.png\",\"articleSection\":[\"Kriget i Ukraina\"],\"inLanguage\":\"sv-SE\",\"potentialAction\":[{\"@type\":\"CommentAction\",\"name\":\"Comment\",\"target\":[\"https:\\\/\\\/johanno1.se\\\/sv\\\/ukraina-daglig-uppdatering-12-mars-2026\\\/#respond\"]}]},{\"@type\":\"WebPage\",\"@id\":\"https:\\\/\\\/johanno1.se\\\/sv\\\/ukraina-daglig-uppdatering-12-mars-2026\\\/\",\"url\":\"https:\\\/\\\/johanno1.se\\\/sv\\\/ukraina-daglig-uppdatering-12-mars-2026\\\/\",\"name\":\"Ukraina daglig uppdatering 12 Mars 2026 -\",\"isPartOf\":{\"@id\":\"https:\\\/\\\/johanno1.se\\\/sv\\\/#website\"},\"primaryImageOfPage\":{\"@id\":\"https:\\\/\\\/johanno1.se\\\/sv\\\/ukraina-daglig-uppdatering-12-mars-2026\\\/#primaryimage\"},\"image\":{\"@id\":\"https:\\\/\\\/johanno1.se\\\/sv\\\/ukraina-daglig-uppdatering-12-mars-2026\\\/#primaryimage\"},\"thumbnailUrl\":\"https:\\\/\\\/substackcdn.com\\\/image\\\/fetch\\\/$s_!vH3Y!,w_1456,c_limit,f_auto,q_auto:good,fl_progressive:steep\\\/https%3A%2F%2Fsubstack-post-media.s3.amazonaws.com%2Fpublic%2Fimages%2F6233b8cb-6f45-4b5f-8952-343c800c654c_1370x890.png\",\"datePublished\":\"2026-03-12T06:01:00+00:00\",\"dateModified\":\"2026-03-13T05:57:22+00:00\",\"breadcrumb\":{\"@id\":\"https:\\\/\\\/johanno1.se\\\/sv\\\/ukraina-daglig-uppdatering-12-mars-2026\\\/#breadcrumb\"},\"inLanguage\":\"sv-SE\",\"potentialAction\":[{\"@type\":\"ReadAction\",\"target\":[\"https:\\\/\\\/johanno1.se\\\/sv\\\/ukraina-daglig-uppdatering-12-mars-2026\\\/\"]}]},{\"@type\":\"ImageObject\",\"inLanguage\":\"sv-SE\",\"@id\":\"https:\\\/\\\/johanno1.se\\\/sv\\\/ukraina-daglig-uppdatering-12-mars-2026\\\/#primaryimage\",\"url\":\"https:\\\/\\\/substackcdn.com\\\/image\\\/fetch\\\/$s_!vH3Y!,w_1456,c_limit,f_auto,q_auto:good,fl_progressive:steep\\\/https%3A%2F%2Fsubstack-post-media.s3.amazonaws.com%2Fpublic%2Fimages%2F6233b8cb-6f45-4b5f-8952-343c800c654c_1370x890.png\",\"contentUrl\":\"https:\\\/\\\/substackcdn.com\\\/image\\\/fetch\\\/$s_!vH3Y!,w_1456,c_limit,f_auto,q_auto:good,fl_progressive:steep\\\/https%3A%2F%2Fsubstack-post-media.s3.amazonaws.com%2Fpublic%2Fimages%2F6233b8cb-6f45-4b5f-8952-343c800c654c_1370x890.png\"},{\"@type\":\"BreadcrumbList\",\"@id\":\"https:\\\/\\\/johanno1.se\\\/sv\\\/ukraina-daglig-uppdatering-12-mars-2026\\\/#breadcrumb\",\"itemListElement\":[{\"@type\":\"ListItem\",\"position\":1,\"name\":\"Hem\",\"item\":\"https:\\\/\\\/johanno1.se\\\/sv\\\/\"},{\"@type\":\"ListItem\",\"position\":2,\"name\":\"Ukraina daglig uppdatering 12 Mars 2026\"}]},{\"@type\":\"WebSite\",\"@id\":\"https:\\\/\\\/johanno1.se\\\/sv\\\/#website\",\"url\":\"https:\\\/\\\/johanno1.se\\\/sv\\\/\",\"name\":\"Johan No.1\",\"description\":\"Kriget i Ukraina - V\u00e4rldsledande omv\u00e4rldsanalys fr\u00e5n Svensksund till den ryska brakf\u00f6rlusten i Ukraina\",\"publisher\":{\"@id\":\"https:\\\/\\\/johanno1.se\\\/sv\\\/#organization\"},\"potentialAction\":[{\"@type\":\"SearchAction\",\"target\":{\"@type\":\"EntryPoint\",\"urlTemplate\":\"https:\\\/\\\/johanno1.se\\\/sv\\\/?s={search_term_string}\"},\"query-input\":{\"@type\":\"PropertyValueSpecification\",\"valueRequired\":true,\"valueName\":\"search_term_string\"}}],\"inLanguage\":\"sv-SE\"},{\"@type\":\"Organization\",\"@id\":\"https:\\\/\\\/johanno1.se\\\/sv\\\/#organization\",\"name\":\"Johan No. 1\",\"url\":\"https:\\\/\\\/johanno1.se\\\/sv\\\/\",\"logo\":{\"@type\":\"ImageObject\",\"inLanguage\":\"sv-SE\",\"@id\":\"https:\\\/\\\/johanno1.se\\\/sv\\\/#\\\/schema\\\/logo\\\/image\\\/\",\"url\":\"https:\\\/\\\/johanno1.se\\\/wp-content\\\/uploads\\\/2025\\\/03\\\/cropped-No1-Logo.png\",\"contentUrl\":\"https:\\\/\\\/johanno1.se\\\/wp-content\\\/uploads\\\/2025\\\/03\\\/cropped-No1-Logo.png\",\"width\":512,\"height\":512,\"caption\":\"Johan No. 1\"},\"image\":{\"@id\":\"https:\\\/\\\/johanno1.se\\\/sv\\\/#\\\/schema\\\/logo\\\/image\\\/\"}},{\"@type\":\"Person\",\"@id\":\"https:\\\/\\\/johanno1.se\\\/sv\\\/#\\\/schema\\\/person\\\/1dec165f070bde263b30eaf3c0a742e7\",\"name\":\"johan No.1\",\"image\":{\"@type\":\"ImageObject\",\"inLanguage\":\"sv-SE\",\"@id\":\"https:\\\/\\\/secure.gravatar.com\\\/avatar\\\/06f93864ed6b830e2782e60575fff112f1c61c52bb10b194131e0e333191695b?s=96&d=mm&r=g\",\"url\":\"https:\\\/\\\/secure.gravatar.com\\\/avatar\\\/06f93864ed6b830e2782e60575fff112f1c61c52bb10b194131e0e333191695b?s=96&d=mm&r=g\",\"contentUrl\":\"https:\\\/\\\/secure.gravatar.com\\\/avatar\\\/06f93864ed6b830e2782e60575fff112f1c61c52bb10b194131e0e333191695b?s=96&d=mm&r=g\",\"caption\":\"johan No.1\"},\"url\":\"https:\\\/\\\/johanno1.se\\\/sv\\\/author\\\/johan\\\/\"}]}<\/script>\n<!-- \/ Yoast SEO plugin. -->","yoast_head_json":{"title":"Ukraina daglig uppdatering 12 Mars 2026 -","robots":{"index":"index","follow":"follow","max-snippet":"max-snippet:-1","max-image-preview":"max-image-preview:large","max-video-preview":"max-video-preview:-1"},"canonical":"https:\/\/johanno1.se\/sv\/ukraina-daglig-uppdatering-12-mars-2026\/","og_locale":"sv_SE","og_type":"article","og_title":"Ukraina daglig uppdatering 12 Mars 2026 -","og_description":"Imorgon kommer inl\u00e4gget om den globala situationen. Har ni f\u00f6ljt rapporteringen som ni borde s\u00e5 vet ni att ryska laget [&hellip;]","og_url":"https:\/\/johanno1.se\/sv\/ukraina-daglig-uppdatering-12-mars-2026\/","og_site_name":"Johan No.1","article_published_time":"2026-03-12T06:01:00+00:00","article_modified_time":"2026-03-13T05:57:22+00:00","og_image":[{"url":"https:\/\/substackcdn.com\/image\/fetch\/$s_!vH3Y!,w_1456,c_limit,f_auto,q_auto:good,fl_progressive:steep\/https%3A%2F%2Fsubstack-post-media.s3.amazonaws.com%2Fpublic%2Fimages%2F6233b8cb-6f45-4b5f-8952-343c800c654c_1370x890.png","type":"","width":"","height":""}],"author":"johan No.1","twitter_card":"summary_large_image","twitter_misc":{"Skriven av":"johan No.1","Ber\u00e4knad l\u00e4stid":"9 minuter"},"schema":{"@context":"https:\/\/schema.org","@graph":[{"@type":"Article","@id":"https:\/\/johanno1.se\/sv\/ukraina-daglig-uppdatering-12-mars-2026\/#article","isPartOf":{"@id":"https:\/\/johanno1.se\/sv\/ukraina-daglig-uppdatering-12-mars-2026\/"},"author":{"name":"johan No.1","@id":"https:\/\/johanno1.se\/sv\/#\/schema\/person\/1dec165f070bde263b30eaf3c0a742e7"},"headline":"Ukraina daglig uppdatering 12 Mars 2026","datePublished":"2026-03-12T06:01:00+00:00","dateModified":"2026-03-13T05:57:22+00:00","mainEntityOfPage":{"@id":"https:\/\/johanno1.se\/sv\/ukraina-daglig-uppdatering-12-mars-2026\/"},"wordCount":1808,"commentCount":80,"publisher":{"@id":"https:\/\/johanno1.se\/sv\/#organization"},"image":{"@id":"https:\/\/johanno1.se\/sv\/ukraina-daglig-uppdatering-12-mars-2026\/#primaryimage"},"thumbnailUrl":"https:\/\/substackcdn.com\/image\/fetch\/$s_!vH3Y!,w_1456,c_limit,f_auto,q_auto:good,fl_progressive:steep\/https%3A%2F%2Fsubstack-post-media.s3.amazonaws.com%2Fpublic%2Fimages%2F6233b8cb-6f45-4b5f-8952-343c800c654c_1370x890.png","articleSection":["Kriget i Ukraina"],"inLanguage":"sv-SE","potentialAction":[{"@type":"CommentAction","name":"Comment","target":["https:\/\/johanno1.se\/sv\/ukraina-daglig-uppdatering-12-mars-2026\/#respond"]}]},{"@type":"WebPage","@id":"https:\/\/johanno1.se\/sv\/ukraina-daglig-uppdatering-12-mars-2026\/","url":"https:\/\/johanno1.se\/sv\/ukraina-daglig-uppdatering-12-mars-2026\/","name":"Ukraina daglig uppdatering 12 Mars 2026 -","isPartOf":{"@id":"https:\/\/johanno1.se\/sv\/#website"},"primaryImageOfPage":{"@id":"https:\/\/johanno1.se\/sv\/ukraina-daglig-uppdatering-12-mars-2026\/#primaryimage"},"image":{"@id":"https:\/\/johanno1.se\/sv\/ukraina-daglig-uppdatering-12-mars-2026\/#primaryimage"},"thumbnailUrl":"https:\/\/substackcdn.com\/image\/fetch\/$s_!vH3Y!,w_1456,c_limit,f_auto,q_auto:good,fl_progressive:steep\/https%3A%2F%2Fsubstack-post-media.s3.amazonaws.com%2Fpublic%2Fimages%2F6233b8cb-6f45-4b5f-8952-343c800c654c_1370x890.png","datePublished":"2026-03-12T06:01:00+00:00","dateModified":"2026-03-13T05:57:22+00:00","breadcrumb":{"@id":"https:\/\/johanno1.se\/sv\/ukraina-daglig-uppdatering-12-mars-2026\/#breadcrumb"},"inLanguage":"sv-SE","potentialAction":[{"@type":"ReadAction","target":["https:\/\/johanno1.se\/sv\/ukraina-daglig-uppdatering-12-mars-2026\/"]}]},{"@type":"ImageObject","inLanguage":"sv-SE","@id":"https:\/\/johanno1.se\/sv\/ukraina-daglig-uppdatering-12-mars-2026\/#primaryimage","url":"https:\/\/substackcdn.com\/image\/fetch\/$s_!vH3Y!,w_1456,c_limit,f_auto,q_auto:good,fl_progressive:steep\/https%3A%2F%2Fsubstack-post-media.s3.amazonaws.com%2Fpublic%2Fimages%2F6233b8cb-6f45-4b5f-8952-343c800c654c_1370x890.png","contentUrl":"https:\/\/substackcdn.com\/image\/fetch\/$s_!vH3Y!,w_1456,c_limit,f_auto,q_auto:good,fl_progressive:steep\/https%3A%2F%2Fsubstack-post-media.s3.amazonaws.com%2Fpublic%2Fimages%2F6233b8cb-6f45-4b5f-8952-343c800c654c_1370x890.png"},{"@type":"BreadcrumbList","@id":"https:\/\/johanno1.se\/sv\/ukraina-daglig-uppdatering-12-mars-2026\/#breadcrumb","itemListElement":[{"@type":"ListItem","position":1,"name":"Hem","item":"https:\/\/johanno1.se\/sv\/"},{"@type":"ListItem","position":2,"name":"Ukraina daglig uppdatering 12 Mars 2026"}]},{"@type":"WebSite","@id":"https:\/\/johanno1.se\/sv\/#website","url":"https:\/\/johanno1.se\/sv\/","name":"Johan No.1","description":"Kriget i Ukraina - V\u00e4rldsledande omv\u00e4rldsanalys fr\u00e5n Svensksund till den ryska brakf\u00f6rlusten i Ukraina","publisher":{"@id":"https:\/\/johanno1.se\/sv\/#organization"},"potentialAction":[{"@type":"SearchAction","target":{"@type":"EntryPoint","urlTemplate":"https:\/\/johanno1.se\/sv\/?s={search_term_string}"},"query-input":{"@type":"PropertyValueSpecification","valueRequired":true,"valueName":"search_term_string"}}],"inLanguage":"sv-SE"},{"@type":"Organization","@id":"https:\/\/johanno1.se\/sv\/#organization","name":"Johan No. 1","url":"https:\/\/johanno1.se\/sv\/","logo":{"@type":"ImageObject","inLanguage":"sv-SE","@id":"https:\/\/johanno1.se\/sv\/#\/schema\/logo\/image\/","url":"https:\/\/johanno1.se\/wp-content\/uploads\/2025\/03\/cropped-No1-Logo.png","contentUrl":"https:\/\/johanno1.se\/wp-content\/uploads\/2025\/03\/cropped-No1-Logo.png","width":512,"height":512,"caption":"Johan No. 1"},"image":{"@id":"https:\/\/johanno1.se\/sv\/#\/schema\/logo\/image\/"}},{"@type":"Person","@id":"https:\/\/johanno1.se\/sv\/#\/schema\/person\/1dec165f070bde263b30eaf3c0a742e7","name":"johan No.1","image":{"@type":"ImageObject","inLanguage":"sv-SE","@id":"https:\/\/secure.gravatar.com\/avatar\/06f93864ed6b830e2782e60575fff112f1c61c52bb10b194131e0e333191695b?s=96&d=mm&r=g","url":"https:\/\/secure.gravatar.com\/avatar\/06f93864ed6b830e2782e60575fff112f1c61c52bb10b194131e0e333191695b?s=96&d=mm&r=g","contentUrl":"https:\/\/secure.gravatar.com\/avatar\/06f93864ed6b830e2782e60575fff112f1c61c52bb10b194131e0e333191695b?s=96&d=mm&r=g","caption":"johan No.1"},"url":"https:\/\/johanno1.se\/sv\/author\/johan\/"}]}},"_links":{"self":[{"href":"https:\/\/johanno1.se\/sv\/wp-json\/wp\/v2\/posts\/4256","targetHints":{"allow":["GET"]}}],"collection":[{"href":"https:\/\/johanno1.se\/sv\/wp-json\/wp\/v2\/posts"}],"about":[{"href":"https:\/\/johanno1.se\/sv\/wp-json\/wp\/v2\/types\/post"}],"author":[{"embeddable":true,"href":"https:\/\/johanno1.se\/sv\/wp-json\/wp\/v2\/users\/3"}],"replies":[{"embeddable":true,"href":"https:\/\/johanno1.se\/sv\/wp-json\/wp\/v2\/comments?post=4256"}],"version-history":[{"count":1,"href":"https:\/\/johanno1.se\/sv\/wp-json\/wp\/v2\/posts\/4256\/revisions"}],"predecessor-version":[{"id":4257,"href":"https:\/\/johanno1.se\/sv\/wp-json\/wp\/v2\/posts\/4256\/revisions\/4257"}],"wp:attachment":[{"href":"https:\/\/johanno1.se\/sv\/wp-json\/wp\/v2\/media?parent=4256"}],"wp:term":[{"taxonomy":"category","embeddable":true,"href":"https:\/\/johanno1.se\/sv\/wp-json\/wp\/v2\/categories?post=4256"},{"taxonomy":"post_tag","embeddable":true,"href":"https:\/\/johanno1.se\/sv\/wp-json\/wp\/v2\/tags?post=4256"}],"curies":[{"name":"wp","href":"https:\/\/api.w.org\/{rel}","templated":true}]}}