{"id":4262,"date":"2026-03-13T07:23:00","date_gmt":"2026-03-13T06:23:00","guid":{"rendered":"https:\/\/johanno1.se\/?p=4262"},"modified":"2026-03-13T23:09:24","modified_gmt":"2026-03-13T22:09:24","slug":"ukraina-attackerade-under-natten-ett-flygfalt-i-krasnodar-krai-ryska-forluster-och-aktivteter","status":"publish","type":"post","link":"https:\/\/johanno1.se\/sv\/ukraina-attackerade-under-natten-ett-flygfalt-i-krasnodar-krai-ryska-forluster-och-aktivteter\/","title":{"rendered":"Ukraina attackerade under natten ett flygf\u00e4lt i Krasnodar Krai + Ryska f\u00f6rluster och aktiviteter"},"content":{"rendered":"\n<p>Flera explosioner rapporterades i natt fr\u00e5n flygf\u00e4ltet i ryska Krasnodar kraj p\u00e5 ockuperade Krym i vad man misst\u00e4nker var en del av en st\u00f6rre attack fr\u00e5n Ukraina p\u00e5 milit\u00e4ra m\u00e5l i regionen. Det finns \u00e4nnu inga uppgifter om vad som eventuellt har tr\u00e4ffats och vilka skador det orsakats. De filmer fr\u00e5n attacken som kommit ut p\u00e5 sociala medier visar att ryskt luftv\u00e4rn aktiverats och \u00e4ven explosioner i luften. Artikel hos <a href=\"https:\/\/kyivindependent.com\/explosions-reported-at-russian-airfields-in-krasnodar-krai-occupied-crimea\/\">Kyiv Independent<\/a>.<\/p>\n\n\n\n<h2 class=\"wp-block-heading\">Ryska f\u00f6rluster i Ukraina<\/h2>\n\n\n\n<p>KWIA fortfarande under tusen,  men i \u00f6vrigt relativt h\u00f6ga materiella f\u00f6rluster, speciellt f\u00f6r artilleri och mjuka fordon (= obepansrade fordon, fr\u00e4mst f\u00f6r logistik). UAV h\u00e5ller sig fortfarande \u00f6ver tv\u00e5tusen men verkar inte l\u00e4ngre \u00f6ka.<\/p>\n\n\n\n<ul class=\"wp-block-list\">\n<li>860 KWIA <\/li>\n\n\n\n<li>7 Tanks <\/li>\n\n\n\n<li>5 AFVs <\/li>\n\n\n\n<li>50 Artillery systems <\/li>\n\n\n\n<li>4 MLRS 2 <\/li>\n\n\n\n<li>Air defense systems <\/li>\n\n\n\n<li>2071 UAVs <\/li>\n\n\n\n<li>189 Vehicles and Fuel tanks<\/li>\n<\/ul>\n\n\n\n<figure class=\"wp-block-image size-large losses\"><img loading=\"lazy\" decoding=\"async\" width=\"819\" height=\"1024\" src=\"https:\/\/johanno1.se\/wp-content\/uploads\/2026\/03\/2026-03-13-819x1024.jpg\" alt=\"\" class=\"wp-image-4263\" srcset=\"https:\/\/johanno1.se\/wp-content\/uploads\/2026\/03\/2026-03-13-819x1024.jpg 819w, https:\/\/johanno1.se\/wp-content\/uploads\/2026\/03\/2026-03-13-240x300.jpg 240w, https:\/\/johanno1.se\/wp-content\/uploads\/2026\/03\/2026-03-13-768x960.jpg 768w, https:\/\/johanno1.se\/wp-content\/uploads\/2026\/03\/2026-03-13.jpg 1024w\" sizes=\"auto, (max-width: 819px) 100vw, 819px\" \/><\/figure>\n\n\n\n<p>H\u00e4r finns en genomg\u00e5ng av <a href=\"https:\/\/johanno1.se\/sv\/ryska-forluster-och-aktiviteter-5\/\">Ryska f\u00f6rluster \u00f6ver tid<\/a><\/p>\n\n\n\n<h2 class=\"wp-block-heading\">Ryska aktiviteter<\/h2>\n\n\n\n<p>Fortfarande m\u00e5nga KAB och sj\u00e4lvmordsdr\u00f6nare och artilleriet har sl\u00e4pat sig \u00f6ver fyra tusen.<\/p>\n\n\n\n<ul class=\"wp-block-list\">\n<li>154 Strider<\/li>\n\n\n\n<li>78 Flyganfall<\/li>\n\n\n\n<li>292 KAB<\/li>\n\n\n\n<li>9 112 Sj\u00e4lvmordsdr\u00f6nare<\/li>\n\n\n\n<li>4 231 Artilleriattacker varav 201 fr\u00e5n MLRS<\/li>\n<\/ul>\n\n\n\n<p><\/p>\n\n\n\n<p>Trots att antalet strider minskat n\u00e5got har det mesta annat \u00f6kat n\u00e5got.<br>Det har skrivits mycket om att Ryssland skickat fram m\u00e5nga sm\u00e5 grupper som offras f\u00f6r att r\u00f6ja Ukrainska positioner. Det har troligen dels lett till h\u00f6gt antal strider och h\u00f6gt antal KWIA.<\/p>\n\n\n\n<p>P\u00e5 senare tid har vi f\u00e5tt h\u00f6ra att Ryssland haft sv\u00e5rt att rekrytera. De kanske insett att de inte kan sl\u00f6sa p\u00e5 manskap och f\u00f6rs\u00f6ker sig kanske p\u00e5 mer mekaniserade och samordnade anfall igen.<\/p>\n\n\n\n<p>Samtidigt har Ukraina g\u00e5tt till lokala motanfall. Det leder m\u00f6jligen ocks\u00e5 till f\u00e4rre KWIA d\u00e5 ryssarna f\u00f6rsvarar sig, men det kanske ocks\u00e5 leder till att de tvingas anv\u00e4nda mer artilleri mm. f\u00f6r att f\u00f6rsvara sig.<\/p>\n\n\n\n<p><strong>SLAVA UKRAINI<\/strong><\/p>\n","protected":false},"excerpt":{"rendered":"<p>Ukraina har attackerat flygf\u00e4lt p\u00e5 Krym &#8211; Ryska f\u00f6rluster i Ukraina<\/p>\n","protected":false},"author":1,"featured_media":805,"comment_status":"open","ping_status":"open","sticky":false,"template":"","format":"standard","meta":{"site-sidebar-layout":"default","site-content-layout":"","ast-site-content-layout":"default","site-content-style":"default","site-sidebar-style":"default","ast-global-header-display":"","ast-banner-title-visibility":"","ast-main-header-display":"","ast-hfb-above-header-display":"","ast-hfb-below-header-display":"","ast-hfb-mobile-header-display":"","site-post-title":"","ast-breadcrumbs-content":"","ast-featured-img":"","footer-sml-layout":"","ast-disable-related-posts":"","theme-transparent-header-meta":"","adv-header-id-meta":"","stick-header-meta":"","header-above-stick-meta":"","header-main-stick-meta":"","header-below-stick-meta":"","astra-migrate-meta-layouts":"default","ast-page-background-enabled":"default","ast-page-background-meta":{"desktop":{"background-color":"var(--ast-global-color-4)","background-image":"","background-repeat":"repeat","background-position":"center center","background-size":"auto","background-attachment":"scroll","background-type":"","background-media":"","overlay-type":"","overlay-color":"","overlay-opacity":"","overlay-gradient":""},"tablet":{"background-color":"","background-image":"","background-repeat":"repeat","background-position":"center center","background-size":"auto","background-attachment":"scroll","background-type":"","background-media":"","overlay-type":"","overlay-color":"","overlay-opacity":"","overlay-gradient":""},"mobile":{"background-color":"","background-image":"","background-repeat":"repeat","background-position":"center center","background-size":"auto","background-attachment":"scroll","background-type":"","background-media":"","overlay-type":"","overlay-color":"","overlay-opacity":"","overlay-gradient":""}},"ast-content-background-meta":{"desktop":{"background-color":"var(--ast-global-color-5)","background-image":"","background-repeat":"repeat","background-position":"center center","background-size":"auto","background-attachment":"scroll","background-type":"","background-media":"","overlay-type":"","overlay-color":"","overlay-opacity":"","overlay-gradient":""},"tablet":{"background-color":"var(--ast-global-color-5)","background-image":"","background-repeat":"repeat","background-position":"center center","background-size":"auto","background-attachment":"scroll","background-type":"","background-media":"","overlay-type":"","overlay-color":"","overlay-opacity":"","overlay-gradient":""},"mobile":{"background-color":"var(--ast-global-color-5)","background-image":"","background-repeat":"repeat","background-position":"center center","background-size":"auto","background-attachment":"scroll","background-type":"","background-media":"","overlay-type":"","overlay-color":"","overlay-opacity":"","overlay-gradient":""}},"footnotes":""},"categories":[18,31],"tags":[],"class_list":["post-4262","post","type-post","status-publish","format-standard","has-post-thumbnail","hentry","category-ukraina","category-ryska-forluster"],"yoast_head":"<!-- This site is optimized with the Yoast SEO plugin v27.5 - https:\/\/yoast.com\/product\/yoast-seo-wordpress\/ -->\n<title>Ukraina attackerade under natten ett flygf\u00e4lt i Krasnodar Krai + Ryska f\u00f6rluster och aktiviteter - Kriget i Ukraina<\/title>\n<meta name=\"robots\" content=\"index, follow, max-snippet:-1, max-image-preview:large, max-video-preview:-1\" \/>\n<link rel=\"canonical\" href=\"https:\/\/johanno1.se\/sv\/ukraina-attackerade-under-natten-ett-flygfalt-i-krasnodar-krai-ryska-forluster-och-aktivteter\/\" \/>\n<meta property=\"og:locale\" content=\"sv_SE\" \/>\n<meta property=\"og:type\" content=\"article\" \/>\n<meta property=\"og:title\" content=\"Ukraina attackerade under natten ett flygf\u00e4lt i Krasnodar Krai + Ryska f\u00f6rluster och aktiviteter - Kriget i Ukraina\" \/>\n<meta property=\"og:description\" content=\"Ukraina har attackerat flygf\u00e4lt p\u00e5 Krym - Ryska f\u00f6rluster i Ukraina\" \/>\n<meta property=\"og:url\" content=\"https:\/\/johanno1.se\/sv\/ukraina-attackerade-under-natten-ett-flygfalt-i-krasnodar-krai-ryska-forluster-och-aktivteter\/\" \/>\n<meta property=\"og:site_name\" content=\"Johan No.1\" \/>\n<meta property=\"article:published_time\" content=\"2026-03-13T06:23:00+00:00\" \/>\n<meta property=\"article:modified_time\" content=\"2026-03-13T22:09:24+00:00\" \/>\n<meta property=\"og:image\" content=\"https:\/\/johanno1.se\/wp-content\/uploads\/2025\/04\/UkraineFlag.png\" \/>\n\t<meta property=\"og:image:width\" content=\"642\" \/>\n\t<meta property=\"og:image:height\" content=\"384\" \/>\n\t<meta property=\"og:image:type\" content=\"image\/png\" \/>\n<meta name=\"author\" content=\"MXT\" \/>\n<meta name=\"twitter:card\" content=\"summary_large_image\" \/>\n<meta name=\"twitter:creator\" content=\"@MatsExtrude\" \/>\n<meta name=\"twitter:label1\" content=\"Skriven av\" \/>\n\t<meta name=\"twitter:data1\" content=\"MXT\" \/>\n\t<meta name=\"twitter:label2\" content=\"Ber\u00e4knad l\u00e4stid\" \/>\n\t<meta name=\"twitter:data2\" content=\"2 minuter\" \/>\n<script type=\"application\/ld+json\" class=\"yoast-schema-graph\">{\"@context\":\"https:\\\/\\\/schema.org\",\"@graph\":[{\"@type\":\"Article\",\"@id\":\"https:\\\/\\\/johanno1.se\\\/sv\\\/ukraina-attackerade-under-natten-ett-flygfalt-i-krasnodar-krai-ryska-forluster-och-aktivteter\\\/#article\",\"isPartOf\":{\"@id\":\"https:\\\/\\\/johanno1.se\\\/sv\\\/ukraina-attackerade-under-natten-ett-flygfalt-i-krasnodar-krai-ryska-forluster-och-aktivteter\\\/\"},\"author\":{\"name\":\"MXT\",\"@id\":\"https:\\\/\\\/johanno1.se\\\/sv\\\/#\\\/schema\\\/person\\\/b9a1e3c5f5da33b8e8a755f098951212\"},\"headline\":\"Ukraina attackerade under natten ett flygf\u00e4lt i Krasnodar Krai + Ryska f\u00f6rluster och aktiviteter\",\"datePublished\":\"2026-03-13T06:23:00+00:00\",\"dateModified\":\"2026-03-13T22:09:24+00:00\",\"mainEntityOfPage\":{\"@id\":\"https:\\\/\\\/johanno1.se\\\/sv\\\/ukraina-attackerade-under-natten-ett-flygfalt-i-krasnodar-krai-ryska-forluster-och-aktivteter\\\/\"},\"wordCount\":334,\"commentCount\":213,\"publisher\":{\"@id\":\"https:\\\/\\\/johanno1.se\\\/sv\\\/#organization\"},\"image\":{\"@id\":\"https:\\\/\\\/johanno1.se\\\/sv\\\/ukraina-attackerade-under-natten-ett-flygfalt-i-krasnodar-krai-ryska-forluster-och-aktivteter\\\/#primaryimage\"},\"thumbnailUrl\":\"https:\\\/\\\/johanno1.se\\\/wp-content\\\/uploads\\\/2025\\\/04\\\/UkraineFlag.png\",\"articleSection\":[\"Kriget i Ukraina\",\"Ryska f\u00f6rluster\"],\"inLanguage\":\"sv-SE\",\"potentialAction\":[{\"@type\":\"CommentAction\",\"name\":\"Comment\",\"target\":[\"https:\\\/\\\/johanno1.se\\\/sv\\\/ukraina-attackerade-under-natten-ett-flygfalt-i-krasnodar-krai-ryska-forluster-och-aktivteter\\\/#respond\"]}]},{\"@type\":\"WebPage\",\"@id\":\"https:\\\/\\\/johanno1.se\\\/sv\\\/ukraina-attackerade-under-natten-ett-flygfalt-i-krasnodar-krai-ryska-forluster-och-aktivteter\\\/\",\"url\":\"https:\\\/\\\/johanno1.se\\\/sv\\\/ukraina-attackerade-under-natten-ett-flygfalt-i-krasnodar-krai-ryska-forluster-och-aktivteter\\\/\",\"name\":\"Ukraina attackerade under natten ett flygf\u00e4lt i Krasnodar Krai + Ryska f\u00f6rluster och aktiviteter - Kriget i Ukraina\",\"isPartOf\":{\"@id\":\"https:\\\/\\\/johanno1.se\\\/sv\\\/#website\"},\"primaryImageOfPage\":{\"@id\":\"https:\\\/\\\/johanno1.se\\\/sv\\\/ukraina-attackerade-under-natten-ett-flygfalt-i-krasnodar-krai-ryska-forluster-och-aktivteter\\\/#primaryimage\"},\"image\":{\"@id\":\"https:\\\/\\\/johanno1.se\\\/sv\\\/ukraina-attackerade-under-natten-ett-flygfalt-i-krasnodar-krai-ryska-forluster-och-aktivteter\\\/#primaryimage\"},\"thumbnailUrl\":\"https:\\\/\\\/johanno1.se\\\/wp-content\\\/uploads\\\/2025\\\/04\\\/UkraineFlag.png\",\"datePublished\":\"2026-03-13T06:23:00+00:00\",\"dateModified\":\"2026-03-13T22:09:24+00:00\",\"breadcrumb\":{\"@id\":\"https:\\\/\\\/johanno1.se\\\/sv\\\/ukraina-attackerade-under-natten-ett-flygfalt-i-krasnodar-krai-ryska-forluster-och-aktivteter\\\/#breadcrumb\"},\"inLanguage\":\"sv-SE\",\"potentialAction\":[{\"@type\":\"ReadAction\",\"target\":[\"https:\\\/\\\/johanno1.se\\\/sv\\\/ukraina-attackerade-under-natten-ett-flygfalt-i-krasnodar-krai-ryska-forluster-och-aktivteter\\\/\"]}]},{\"@type\":\"ImageObject\",\"inLanguage\":\"sv-SE\",\"@id\":\"https:\\\/\\\/johanno1.se\\\/sv\\\/ukraina-attackerade-under-natten-ett-flygfalt-i-krasnodar-krai-ryska-forluster-och-aktivteter\\\/#primaryimage\",\"url\":\"https:\\\/\\\/johanno1.se\\\/wp-content\\\/uploads\\\/2025\\\/04\\\/UkraineFlag.png\",\"contentUrl\":\"https:\\\/\\\/johanno1.se\\\/wp-content\\\/uploads\\\/2025\\\/04\\\/UkraineFlag.png\",\"width\":642,\"height\":384,\"caption\":\"Kriget i Ukraina - Ukraine war\"},{\"@type\":\"BreadcrumbList\",\"@id\":\"https:\\\/\\\/johanno1.se\\\/sv\\\/ukraina-attackerade-under-natten-ett-flygfalt-i-krasnodar-krai-ryska-forluster-och-aktivteter\\\/#breadcrumb\",\"itemListElement\":[{\"@type\":\"ListItem\",\"position\":1,\"name\":\"Hem\",\"item\":\"https:\\\/\\\/johanno1.se\\\/sv\\\/\"},{\"@type\":\"ListItem\",\"position\":2,\"name\":\"Ukraina attackerade under natten ett flygf\u00e4lt i Krasnodar Krai + Ryska f\u00f6rluster och aktiviteter\"}]},{\"@type\":\"WebSite\",\"@id\":\"https:\\\/\\\/johanno1.se\\\/sv\\\/#website\",\"url\":\"https:\\\/\\\/johanno1.se\\\/sv\\\/\",\"name\":\"Johan No.1\",\"description\":\"Kriget i Ukraina - V\u00e4rldsledande omv\u00e4rldsanalys fr\u00e5n Svensksund till den ryska brakf\u00f6rlusten i Ukraina\",\"publisher\":{\"@id\":\"https:\\\/\\\/johanno1.se\\\/sv\\\/#organization\"},\"potentialAction\":[{\"@type\":\"SearchAction\",\"target\":{\"@type\":\"EntryPoint\",\"urlTemplate\":\"https:\\\/\\\/johanno1.se\\\/sv\\\/?s={search_term_string}\"},\"query-input\":{\"@type\":\"PropertyValueSpecification\",\"valueRequired\":true,\"valueName\":\"search_term_string\"}}],\"inLanguage\":\"sv-SE\"},{\"@type\":\"Organization\",\"@id\":\"https:\\\/\\\/johanno1.se\\\/sv\\\/#organization\",\"name\":\"Johan No. 1\",\"url\":\"https:\\\/\\\/johanno1.se\\\/sv\\\/\",\"logo\":{\"@type\":\"ImageObject\",\"inLanguage\":\"sv-SE\",\"@id\":\"https:\\\/\\\/johanno1.se\\\/sv\\\/#\\\/schema\\\/logo\\\/image\\\/\",\"url\":\"https:\\\/\\\/johanno1.se\\\/wp-content\\\/uploads\\\/2025\\\/03\\\/cropped-No1-Logo.png\",\"contentUrl\":\"https:\\\/\\\/johanno1.se\\\/wp-content\\\/uploads\\\/2025\\\/03\\\/cropped-No1-Logo.png\",\"width\":512,\"height\":512,\"caption\":\"Johan No. 1\"},\"image\":{\"@id\":\"https:\\\/\\\/johanno1.se\\\/sv\\\/#\\\/schema\\\/logo\\\/image\\\/\"}},{\"@type\":\"Person\",\"@id\":\"https:\\\/\\\/johanno1.se\\\/sv\\\/#\\\/schema\\\/person\\\/b9a1e3c5f5da33b8e8a755f098951212\",\"name\":\"MXT\",\"image\":{\"@type\":\"ImageObject\",\"inLanguage\":\"sv-SE\",\"@id\":\"https:\\\/\\\/secure.gravatar.com\\\/avatar\\\/74fa4c492659dce280abcb04be56b0f457c131c7356cc691540aecee84b8780f?s=96&d=mm&r=g\",\"url\":\"https:\\\/\\\/secure.gravatar.com\\\/avatar\\\/74fa4c492659dce280abcb04be56b0f457c131c7356cc691540aecee84b8780f?s=96&d=mm&r=g\",\"contentUrl\":\"https:\\\/\\\/secure.gravatar.com\\\/avatar\\\/74fa4c492659dce280abcb04be56b0f457c131c7356cc691540aecee84b8780f?s=96&d=mm&r=g\",\"caption\":\"MXT\"},\"description\":\"Skriver fr\u00e4mst om kriget i Ukraina, men \u00e4ven om andra globala h\u00e4ndelser som kan p\u00e5verka utvecklingen. Gillar statisitk och redovisar bl.a. ryska f\u00f6rluster och en hel del annat. Postar mycket av nyheterna i kommentarerna som h\u00e4mtas fr\u00e5n olika k\u00e4llor. F\u00f6rutom Ukraina handlar det om olika h\u00e4ndelser i Sverige och Europa, klimatet, Israel-Palestina och f\u00f6rst\u00e5s en hel del kring USA och Trump. Har en f\u00f6rm\u00e5ga att reta upp de som gillar den sistn\u00e4mnde eftersom jag \u00e4r starkt kritiskt till det mesta han tar sig f\u00f6r. IT-ansvarig och sk\u00f6ter drift, underh\u00e5ll och vidareutveckling av webbplatsen, s\u00e5 ni vet vem ni ska skylla p\u00e5 n\u00e4r det kr\u00e5nglar! SLAVA UKRAINI\",\"sameAs\":[\"https:\\\/\\\/spjutskaftet.se\",\"https:\\\/\\\/x.com\\\/MatsExtrude\"],\"url\":\"https:\\\/\\\/johanno1.se\\\/sv\\\/author\\\/extrude\\\/\"}]}<\/script>\n<!-- \/ Yoast SEO plugin. -->","yoast_head_json":{"title":"Ukraina attackerade under natten ett flygf\u00e4lt i Krasnodar Krai + Ryska f\u00f6rluster och aktiviteter - Kriget i Ukraina","robots":{"index":"index","follow":"follow","max-snippet":"max-snippet:-1","max-image-preview":"max-image-preview:large","max-video-preview":"max-video-preview:-1"},"canonical":"https:\/\/johanno1.se\/sv\/ukraina-attackerade-under-natten-ett-flygfalt-i-krasnodar-krai-ryska-forluster-och-aktivteter\/","og_locale":"sv_SE","og_type":"article","og_title":"Ukraina attackerade under natten ett flygf\u00e4lt i Krasnodar Krai + Ryska f\u00f6rluster och aktiviteter - Kriget i Ukraina","og_description":"Ukraina har attackerat flygf\u00e4lt p\u00e5 Krym - Ryska f\u00f6rluster i Ukraina","og_url":"https:\/\/johanno1.se\/sv\/ukraina-attackerade-under-natten-ett-flygfalt-i-krasnodar-krai-ryska-forluster-och-aktivteter\/","og_site_name":"Johan No.1","article_published_time":"2026-03-13T06:23:00+00:00","article_modified_time":"2026-03-13T22:09:24+00:00","og_image":[{"width":642,"height":384,"url":"https:\/\/johanno1.se\/wp-content\/uploads\/2025\/04\/UkraineFlag.png","type":"image\/png"}],"author":"MXT","twitter_card":"summary_large_image","twitter_creator":"@MatsExtrude","twitter_misc":{"Skriven av":"MXT","Ber\u00e4knad l\u00e4stid":"2 minuter"},"schema":{"@context":"https:\/\/schema.org","@graph":[{"@type":"Article","@id":"https:\/\/johanno1.se\/sv\/ukraina-attackerade-under-natten-ett-flygfalt-i-krasnodar-krai-ryska-forluster-och-aktivteter\/#article","isPartOf":{"@id":"https:\/\/johanno1.se\/sv\/ukraina-attackerade-under-natten-ett-flygfalt-i-krasnodar-krai-ryska-forluster-och-aktivteter\/"},"author":{"name":"MXT","@id":"https:\/\/johanno1.se\/sv\/#\/schema\/person\/b9a1e3c5f5da33b8e8a755f098951212"},"headline":"Ukraina attackerade under natten ett flygf\u00e4lt i Krasnodar Krai + Ryska f\u00f6rluster och aktiviteter","datePublished":"2026-03-13T06:23:00+00:00","dateModified":"2026-03-13T22:09:24+00:00","mainEntityOfPage":{"@id":"https:\/\/johanno1.se\/sv\/ukraina-attackerade-under-natten-ett-flygfalt-i-krasnodar-krai-ryska-forluster-och-aktivteter\/"},"wordCount":334,"commentCount":213,"publisher":{"@id":"https:\/\/johanno1.se\/sv\/#organization"},"image":{"@id":"https:\/\/johanno1.se\/sv\/ukraina-attackerade-under-natten-ett-flygfalt-i-krasnodar-krai-ryska-forluster-och-aktivteter\/#primaryimage"},"thumbnailUrl":"https:\/\/johanno1.se\/wp-content\/uploads\/2025\/04\/UkraineFlag.png","articleSection":["Kriget i Ukraina","Ryska f\u00f6rluster"],"inLanguage":"sv-SE","potentialAction":[{"@type":"CommentAction","name":"Comment","target":["https:\/\/johanno1.se\/sv\/ukraina-attackerade-under-natten-ett-flygfalt-i-krasnodar-krai-ryska-forluster-och-aktivteter\/#respond"]}]},{"@type":"WebPage","@id":"https:\/\/johanno1.se\/sv\/ukraina-attackerade-under-natten-ett-flygfalt-i-krasnodar-krai-ryska-forluster-och-aktivteter\/","url":"https:\/\/johanno1.se\/sv\/ukraina-attackerade-under-natten-ett-flygfalt-i-krasnodar-krai-ryska-forluster-och-aktivteter\/","name":"Ukraina attackerade under natten ett flygf\u00e4lt i Krasnodar Krai + Ryska f\u00f6rluster och aktiviteter - Kriget i Ukraina","isPartOf":{"@id":"https:\/\/johanno1.se\/sv\/#website"},"primaryImageOfPage":{"@id":"https:\/\/johanno1.se\/sv\/ukraina-attackerade-under-natten-ett-flygfalt-i-krasnodar-krai-ryska-forluster-och-aktivteter\/#primaryimage"},"image":{"@id":"https:\/\/johanno1.se\/sv\/ukraina-attackerade-under-natten-ett-flygfalt-i-krasnodar-krai-ryska-forluster-och-aktivteter\/#primaryimage"},"thumbnailUrl":"https:\/\/johanno1.se\/wp-content\/uploads\/2025\/04\/UkraineFlag.png","datePublished":"2026-03-13T06:23:00+00:00","dateModified":"2026-03-13T22:09:24+00:00","breadcrumb":{"@id":"https:\/\/johanno1.se\/sv\/ukraina-attackerade-under-natten-ett-flygfalt-i-krasnodar-krai-ryska-forluster-och-aktivteter\/#breadcrumb"},"inLanguage":"sv-SE","potentialAction":[{"@type":"ReadAction","target":["https:\/\/johanno1.se\/sv\/ukraina-attackerade-under-natten-ett-flygfalt-i-krasnodar-krai-ryska-forluster-och-aktivteter\/"]}]},{"@type":"ImageObject","inLanguage":"sv-SE","@id":"https:\/\/johanno1.se\/sv\/ukraina-attackerade-under-natten-ett-flygfalt-i-krasnodar-krai-ryska-forluster-och-aktivteter\/#primaryimage","url":"https:\/\/johanno1.se\/wp-content\/uploads\/2025\/04\/UkraineFlag.png","contentUrl":"https:\/\/johanno1.se\/wp-content\/uploads\/2025\/04\/UkraineFlag.png","width":642,"height":384,"caption":"Kriget i Ukraina - Ukraine war"},{"@type":"BreadcrumbList","@id":"https:\/\/johanno1.se\/sv\/ukraina-attackerade-under-natten-ett-flygfalt-i-krasnodar-krai-ryska-forluster-och-aktivteter\/#breadcrumb","itemListElement":[{"@type":"ListItem","position":1,"name":"Hem","item":"https:\/\/johanno1.se\/sv\/"},{"@type":"ListItem","position":2,"name":"Ukraina attackerade under natten ett flygf\u00e4lt i Krasnodar Krai + Ryska f\u00f6rluster och aktiviteter"}]},{"@type":"WebSite","@id":"https:\/\/johanno1.se\/sv\/#website","url":"https:\/\/johanno1.se\/sv\/","name":"Johan No.1","description":"Kriget i Ukraina - V\u00e4rldsledande omv\u00e4rldsanalys fr\u00e5n Svensksund till den ryska brakf\u00f6rlusten i Ukraina","publisher":{"@id":"https:\/\/johanno1.se\/sv\/#organization"},"potentialAction":[{"@type":"SearchAction","target":{"@type":"EntryPoint","urlTemplate":"https:\/\/johanno1.se\/sv\/?s={search_term_string}"},"query-input":{"@type":"PropertyValueSpecification","valueRequired":true,"valueName":"search_term_string"}}],"inLanguage":"sv-SE"},{"@type":"Organization","@id":"https:\/\/johanno1.se\/sv\/#organization","name":"Johan No. 1","url":"https:\/\/johanno1.se\/sv\/","logo":{"@type":"ImageObject","inLanguage":"sv-SE","@id":"https:\/\/johanno1.se\/sv\/#\/schema\/logo\/image\/","url":"https:\/\/johanno1.se\/wp-content\/uploads\/2025\/03\/cropped-No1-Logo.png","contentUrl":"https:\/\/johanno1.se\/wp-content\/uploads\/2025\/03\/cropped-No1-Logo.png","width":512,"height":512,"caption":"Johan No. 1"},"image":{"@id":"https:\/\/johanno1.se\/sv\/#\/schema\/logo\/image\/"}},{"@type":"Person","@id":"https:\/\/johanno1.se\/sv\/#\/schema\/person\/b9a1e3c5f5da33b8e8a755f098951212","name":"MXT","image":{"@type":"ImageObject","inLanguage":"sv-SE","@id":"https:\/\/secure.gravatar.com\/avatar\/74fa4c492659dce280abcb04be56b0f457c131c7356cc691540aecee84b8780f?s=96&d=mm&r=g","url":"https:\/\/secure.gravatar.com\/avatar\/74fa4c492659dce280abcb04be56b0f457c131c7356cc691540aecee84b8780f?s=96&d=mm&r=g","contentUrl":"https:\/\/secure.gravatar.com\/avatar\/74fa4c492659dce280abcb04be56b0f457c131c7356cc691540aecee84b8780f?s=96&d=mm&r=g","caption":"MXT"},"description":"Skriver fr\u00e4mst om kriget i Ukraina, men \u00e4ven om andra globala h\u00e4ndelser som kan p\u00e5verka utvecklingen. Gillar statisitk och redovisar bl.a. ryska f\u00f6rluster och en hel del annat. Postar mycket av nyheterna i kommentarerna som h\u00e4mtas fr\u00e5n olika k\u00e4llor. F\u00f6rutom Ukraina handlar det om olika h\u00e4ndelser i Sverige och Europa, klimatet, Israel-Palestina och f\u00f6rst\u00e5s en hel del kring USA och Trump. Har en f\u00f6rm\u00e5ga att reta upp de som gillar den sistn\u00e4mnde eftersom jag \u00e4r starkt kritiskt till det mesta han tar sig f\u00f6r. IT-ansvarig och sk\u00f6ter drift, underh\u00e5ll och vidareutveckling av webbplatsen, s\u00e5 ni vet vem ni ska skylla p\u00e5 n\u00e4r det kr\u00e5nglar! SLAVA UKRAINI","sameAs":["https:\/\/spjutskaftet.se","https:\/\/x.com\/MatsExtrude"],"url":"https:\/\/johanno1.se\/sv\/author\/extrude\/"}]}},"_links":{"self":[{"href":"https:\/\/johanno1.se\/sv\/wp-json\/wp\/v2\/posts\/4262","targetHints":{"allow":["GET"]}}],"collection":[{"href":"https:\/\/johanno1.se\/sv\/wp-json\/wp\/v2\/posts"}],"about":[{"href":"https:\/\/johanno1.se\/sv\/wp-json\/wp\/v2\/types\/post"}],"author":[{"embeddable":true,"href":"https:\/\/johanno1.se\/sv\/wp-json\/wp\/v2\/users\/1"}],"replies":[{"embeddable":true,"href":"https:\/\/johanno1.se\/sv\/wp-json\/wp\/v2\/comments?post=4262"}],"version-history":[{"count":3,"href":"https:\/\/johanno1.se\/sv\/wp-json\/wp\/v2\/posts\/4262\/revisions"}],"predecessor-version":[{"id":4269,"href":"https:\/\/johanno1.se\/sv\/wp-json\/wp\/v2\/posts\/4262\/revisions\/4269"}],"wp:featuredmedia":[{"embeddable":true,"href":"https:\/\/johanno1.se\/sv\/wp-json\/wp\/v2\/media\/805"}],"wp:attachment":[{"href":"https:\/\/johanno1.se\/sv\/wp-json\/wp\/v2\/media?parent=4262"}],"wp:term":[{"taxonomy":"category","embeddable":true,"href":"https:\/\/johanno1.se\/sv\/wp-json\/wp\/v2\/categories?post=4262"},{"taxonomy":"post_tag","embeddable":true,"href":"https:\/\/johanno1.se\/sv\/wp-json\/wp\/v2\/tags?post=4262"}],"curies":[{"name":"wp","href":"https:\/\/api.w.org\/{rel}","templated":true}]}}