{"id":4643,"date":"2026-04-27T07:50:32","date_gmt":"2026-04-27T05:50:32","guid":{"rendered":"https:\/\/johanno1.se\/?p=4643"},"modified":"2026-04-27T16:10:10","modified_gmt":"2026-04-27T14:10:10","slug":"13-skadade-i-ryska-dronarattacker-mot-odesa-ryska-forluster-och-aktiviteter","status":"publish","type":"post","link":"https:\/\/johanno1.se\/sv\/13-skadade-i-ryska-dronarattacker-mot-odesa-ryska-forluster-och-aktiviteter\/","title":{"rendered":"13 skadade i ryska dr\u00f6narattacker mot Odesa &#8211; Ryska f\u00f6rluster och aktiviteter"},"content":{"rendered":"\n<p>Ryssland attackerade under natten Odes i Ukraina och tr\u00e4ffade b\u00e5de bost\u00e4der, ett hotell, lager, infrastruktur och flera bilar b\u00f6rjade \u00e4ven brinna. I attackerna skadades 13 personer varav tv\u00e5 barn. L\u00e4s mer <a href=\"https:\/\/kyivindependent.com\/russian-drones-strike-residential-building-hotel-in-odesa-casualties-reported\/\" target=\"_blank\" rel=\"noreferrer noopener nofollow\">h\u00e4r<\/a>.<\/p>\n\n\n\n<p>Dagens rapport \u00f6ver ryska f\u00f6rluster i Ukraina<\/p>\n\n\n\n<p>Dagens f\u00f6rlustrapport \u00e4r klart l\u00e4gre \u00e4n det senaste genomsnittet p\u00e5 alla punkter. Det brukar ofta vara n\u00e5gon dag i vecka med lite l\u00e4gre ryska f\u00f6rluster och ofta brukar det g\u00e4lla rapporter kring helgerna (l\u00f6rdag, s\u00f6ndag eller m\u00e5ndag) s\u00e5 det \u00e4r troligen bara tillf\u00e4lligt.<\/p>\n\n\n\n<ul class=\"wp-block-list\">\n<li>810 KWIA <\/li>\n\n\n\n<li>4 AFVs <\/li>\n\n\n\n<li>26 Artillery systems <\/li>\n\n\n\n<li>1 128 UAVs <\/li>\n\n\n\n<li>128 Vehicles and Fuel tanks<\/li>\n<\/ul>\n\n\n\n<figure class=\"wp-block-image size-large losses\"><img loading=\"lazy\" decoding=\"async\" width=\"819\" height=\"1024\" src=\"https:\/\/johanno1.se\/wp-content\/uploads\/2026\/04\/2026-04-27-819x1024.jpg\" alt=\"\" class=\"wp-image-4644\" srcset=\"https:\/\/johanno1.se\/wp-content\/uploads\/2026\/04\/2026-04-27-819x1024.jpg 819w, https:\/\/johanno1.se\/wp-content\/uploads\/2026\/04\/2026-04-27-240x300.jpg 240w, https:\/\/johanno1.se\/wp-content\/uploads\/2026\/04\/2026-04-27-768x960.jpg 768w, https:\/\/johanno1.se\/wp-content\/uploads\/2026\/04\/2026-04-27.jpg 1024w\" sizes=\"auto, (max-width: 819px) 100vw, 819px\" \/><\/figure>\n\n\n\n<h2 class=\"wp-block-heading\">Ryska aktiviteter<\/h2>\n\n\n\n<p>De ryska attackerna visar \u00e4nd\u00e5 r\u00e4tt h\u00f6gt antal stridssammandrabbningar och \u00e4ven KAB \u00e4ven om \u00f6vriga siffror \u00e4r relativt l\u00e5ga. <\/p>\n\n\n\n<ul class=\"wp-block-list\">\n<li>241 combat clashes<\/li>\n\n\n\n<li> 86 air strikes<\/li>\n\n\n\n<li>257 KAB\/CAB<\/li>\n\n\n\n<li>6 847 kamikaze drones<\/li>\n\n\n\n<li>2 673 shells (138 from MLRS)<\/li>\n<\/ul>\n\n\n\n<p><strong>SLAVA UKRAINI<\/strong><\/p>\n","protected":false},"excerpt":{"rendered":"<p>13 Skadade efter rysk attack i Odes &#8211; Dagens rapport \u00f6ver ryska f\u00f6rluster<\/p>\n","protected":false},"author":1,"featured_media":805,"comment_status":"open","ping_status":"open","sticky":false,"template":"","format":"standard","meta":{"site-sidebar-layout":"default","site-content-layout":"","ast-site-content-layout":"default","site-content-style":"default","site-sidebar-style":"default","ast-global-header-display":"","ast-banner-title-visibility":"","ast-main-header-display":"","ast-hfb-above-header-display":"","ast-hfb-below-header-display":"","ast-hfb-mobile-header-display":"","site-post-title":"","ast-breadcrumbs-content":"","ast-featured-img":"","footer-sml-layout":"","ast-disable-related-posts":"","theme-transparent-header-meta":"","adv-header-id-meta":"","stick-header-meta":"","header-above-stick-meta":"","header-main-stick-meta":"","header-below-stick-meta":"","astra-migrate-meta-layouts":"default","ast-page-background-enabled":"default","ast-page-background-meta":{"desktop":{"background-color":"var(--ast-global-color-4)","background-image":"","background-repeat":"repeat","background-position":"center center","background-size":"auto","background-attachment":"scroll","background-type":"","background-media":"","overlay-type":"","overlay-color":"","overlay-opacity":"","overlay-gradient":""},"tablet":{"background-color":"","background-image":"","background-repeat":"repeat","background-position":"center center","background-size":"auto","background-attachment":"scroll","background-type":"","background-media":"","overlay-type":"","overlay-color":"","overlay-opacity":"","overlay-gradient":""},"mobile":{"background-color":"","background-image":"","background-repeat":"repeat","background-position":"center center","background-size":"auto","background-attachment":"scroll","background-type":"","background-media":"","overlay-type":"","overlay-color":"","overlay-opacity":"","overlay-gradient":""}},"ast-content-background-meta":{"desktop":{"background-color":"var(--ast-global-color-5)","background-image":"","background-repeat":"repeat","background-position":"center center","background-size":"auto","background-attachment":"scroll","background-type":"","background-media":"","overlay-type":"","overlay-color":"","overlay-opacity":"","overlay-gradient":""},"tablet":{"background-color":"var(--ast-global-color-5)","background-image":"","background-repeat":"repeat","background-position":"center center","background-size":"auto","background-attachment":"scroll","background-type":"","background-media":"","overlay-type":"","overlay-color":"","overlay-opacity":"","overlay-gradient":""},"mobile":{"background-color":"var(--ast-global-color-5)","background-image":"","background-repeat":"repeat","background-position":"center center","background-size":"auto","background-attachment":"scroll","background-type":"","background-media":"","overlay-type":"","overlay-color":"","overlay-opacity":"","overlay-gradient":""}},"footnotes":""},"categories":[18,31],"tags":[],"class_list":["post-4643","post","type-post","status-publish","format-standard","has-post-thumbnail","hentry","category-ukraina","category-ryska-forluster"],"yoast_head":"<!-- This site is optimized with the Yoast SEO plugin v27.4 - https:\/\/yoast.com\/product\/yoast-seo-wordpress\/ -->\n<title>13 skadade i ryska dr\u00f6narattacker mot Odesa - Ryska f\u00f6rluster och aktiviteter - Ryska f\u00f6rluster<\/title>\n<meta name=\"robots\" content=\"index, follow, max-snippet:-1, max-image-preview:large, max-video-preview:-1\" \/>\n<link rel=\"canonical\" href=\"https:\/\/johanno1.se\/sv\/13-skadade-i-ryska-dronarattacker-mot-odesa-ryska-forluster-och-aktiviteter\/\" \/>\n<meta property=\"og:locale\" content=\"sv_SE\" \/>\n<meta property=\"og:type\" content=\"article\" \/>\n<meta property=\"og:title\" content=\"13 skadade i ryska dr\u00f6narattacker mot Odesa - Ryska f\u00f6rluster och aktiviteter - Ryska f\u00f6rluster\" \/>\n<meta property=\"og:description\" content=\"13 Skadade efter rysk attack i Odes - Dagens rapport \u00f6ver ryska f\u00f6rluster\" \/>\n<meta property=\"og:url\" content=\"https:\/\/johanno1.se\/sv\/13-skadade-i-ryska-dronarattacker-mot-odesa-ryska-forluster-och-aktiviteter\/\" \/>\n<meta property=\"og:site_name\" content=\"Johan No.1\" \/>\n<meta property=\"article:published_time\" content=\"2026-04-27T05:50:32+00:00\" \/>\n<meta property=\"article:modified_time\" content=\"2026-04-27T14:10:10+00:00\" \/>\n<meta property=\"og:image\" content=\"https:\/\/johanno1.se\/wp-content\/uploads\/2025\/04\/UkraineFlag.png\" \/>\n\t<meta property=\"og:image:width\" content=\"642\" \/>\n\t<meta property=\"og:image:height\" content=\"384\" \/>\n\t<meta property=\"og:image:type\" content=\"image\/png\" \/>\n<meta name=\"author\" content=\"MXT\" \/>\n<meta name=\"twitter:card\" content=\"summary_large_image\" \/>\n<meta name=\"twitter:creator\" content=\"@MatsExtrude\" \/>\n<meta name=\"twitter:label1\" content=\"Skriven av\" \/>\n\t<meta name=\"twitter:data1\" content=\"MXT\" \/>\n\t<meta name=\"twitter:label2\" content=\"Ber\u00e4knad l\u00e4stid\" \/>\n\t<meta name=\"twitter:data2\" content=\"2 minuter\" \/>\n<script type=\"application\/ld+json\" class=\"yoast-schema-graph\">{\"@context\":\"https:\\\/\\\/schema.org\",\"@graph\":[{\"@type\":\"Article\",\"@id\":\"https:\\\/\\\/johanno1.se\\\/sv\\\/13-skadade-i-ryska-dronarattacker-mot-odesa-ryska-forluster-och-aktiviteter\\\/#article\",\"isPartOf\":{\"@id\":\"https:\\\/\\\/johanno1.se\\\/sv\\\/13-skadade-i-ryska-dronarattacker-mot-odesa-ryska-forluster-och-aktiviteter\\\/\"},\"author\":{\"name\":\"MXT\",\"@id\":\"https:\\\/\\\/johanno1.se\\\/sv\\\/#\\\/schema\\\/person\\\/b9a1e3c5f5da33b8e8a755f098951212\"},\"headline\":\"13 skadade i ryska dr\u00f6narattacker mot Odesa &#8211; Ryska f\u00f6rluster och aktiviteter\",\"datePublished\":\"2026-04-27T05:50:32+00:00\",\"dateModified\":\"2026-04-27T14:10:10+00:00\",\"mainEntityOfPage\":{\"@id\":\"https:\\\/\\\/johanno1.se\\\/sv\\\/13-skadade-i-ryska-dronarattacker-mot-odesa-ryska-forluster-och-aktiviteter\\\/\"},\"wordCount\":157,\"commentCount\":93,\"publisher\":{\"@id\":\"https:\\\/\\\/johanno1.se\\\/sv\\\/#organization\"},\"image\":{\"@id\":\"https:\\\/\\\/johanno1.se\\\/sv\\\/13-skadade-i-ryska-dronarattacker-mot-odesa-ryska-forluster-och-aktiviteter\\\/#primaryimage\"},\"thumbnailUrl\":\"https:\\\/\\\/johanno1.se\\\/wp-content\\\/uploads\\\/2025\\\/04\\\/UkraineFlag.png\",\"articleSection\":[\"Kriget i Ukraina\",\"Ryska f\u00f6rluster\"],\"inLanguage\":\"sv-SE\",\"potentialAction\":[{\"@type\":\"CommentAction\",\"name\":\"Comment\",\"target\":[\"https:\\\/\\\/johanno1.se\\\/sv\\\/13-skadade-i-ryska-dronarattacker-mot-odesa-ryska-forluster-och-aktiviteter\\\/#respond\"]}]},{\"@type\":\"WebPage\",\"@id\":\"https:\\\/\\\/johanno1.se\\\/sv\\\/13-skadade-i-ryska-dronarattacker-mot-odesa-ryska-forluster-och-aktiviteter\\\/\",\"url\":\"https:\\\/\\\/johanno1.se\\\/sv\\\/13-skadade-i-ryska-dronarattacker-mot-odesa-ryska-forluster-och-aktiviteter\\\/\",\"name\":\"13 skadade i ryska dr\u00f6narattacker mot Odesa - Ryska f\u00f6rluster och aktiviteter - Ryska f\u00f6rluster\",\"isPartOf\":{\"@id\":\"https:\\\/\\\/johanno1.se\\\/sv\\\/#website\"},\"primaryImageOfPage\":{\"@id\":\"https:\\\/\\\/johanno1.se\\\/sv\\\/13-skadade-i-ryska-dronarattacker-mot-odesa-ryska-forluster-och-aktiviteter\\\/#primaryimage\"},\"image\":{\"@id\":\"https:\\\/\\\/johanno1.se\\\/sv\\\/13-skadade-i-ryska-dronarattacker-mot-odesa-ryska-forluster-och-aktiviteter\\\/#primaryimage\"},\"thumbnailUrl\":\"https:\\\/\\\/johanno1.se\\\/wp-content\\\/uploads\\\/2025\\\/04\\\/UkraineFlag.png\",\"datePublished\":\"2026-04-27T05:50:32+00:00\",\"dateModified\":\"2026-04-27T14:10:10+00:00\",\"breadcrumb\":{\"@id\":\"https:\\\/\\\/johanno1.se\\\/sv\\\/13-skadade-i-ryska-dronarattacker-mot-odesa-ryska-forluster-och-aktiviteter\\\/#breadcrumb\"},\"inLanguage\":\"sv-SE\",\"potentialAction\":[{\"@type\":\"ReadAction\",\"target\":[\"https:\\\/\\\/johanno1.se\\\/sv\\\/13-skadade-i-ryska-dronarattacker-mot-odesa-ryska-forluster-och-aktiviteter\\\/\"]}]},{\"@type\":\"ImageObject\",\"inLanguage\":\"sv-SE\",\"@id\":\"https:\\\/\\\/johanno1.se\\\/sv\\\/13-skadade-i-ryska-dronarattacker-mot-odesa-ryska-forluster-och-aktiviteter\\\/#primaryimage\",\"url\":\"https:\\\/\\\/johanno1.se\\\/wp-content\\\/uploads\\\/2025\\\/04\\\/UkraineFlag.png\",\"contentUrl\":\"https:\\\/\\\/johanno1.se\\\/wp-content\\\/uploads\\\/2025\\\/04\\\/UkraineFlag.png\",\"width\":642,\"height\":384,\"caption\":\"Kriget i Ukraina - Ukraine war\"},{\"@type\":\"BreadcrumbList\",\"@id\":\"https:\\\/\\\/johanno1.se\\\/sv\\\/13-skadade-i-ryska-dronarattacker-mot-odesa-ryska-forluster-och-aktiviteter\\\/#breadcrumb\",\"itemListElement\":[{\"@type\":\"ListItem\",\"position\":1,\"name\":\"Hem\",\"item\":\"https:\\\/\\\/johanno1.se\\\/sv\\\/\"},{\"@type\":\"ListItem\",\"position\":2,\"name\":\"13 skadade i ryska dr\u00f6narattacker mot Odesa &#8211; Ryska f\u00f6rluster och aktiviteter\"}]},{\"@type\":\"WebSite\",\"@id\":\"https:\\\/\\\/johanno1.se\\\/sv\\\/#website\",\"url\":\"https:\\\/\\\/johanno1.se\\\/sv\\\/\",\"name\":\"Johan No.1\",\"description\":\"Kriget i Ukraina - V\u00e4rldsledande omv\u00e4rldsanalys fr\u00e5n Svensksund till den ryska brakf\u00f6rlusten i Ukraina\",\"publisher\":{\"@id\":\"https:\\\/\\\/johanno1.se\\\/sv\\\/#organization\"},\"potentialAction\":[{\"@type\":\"SearchAction\",\"target\":{\"@type\":\"EntryPoint\",\"urlTemplate\":\"https:\\\/\\\/johanno1.se\\\/sv\\\/?s={search_term_string}\"},\"query-input\":{\"@type\":\"PropertyValueSpecification\",\"valueRequired\":true,\"valueName\":\"search_term_string\"}}],\"inLanguage\":\"sv-SE\"},{\"@type\":\"Organization\",\"@id\":\"https:\\\/\\\/johanno1.se\\\/sv\\\/#organization\",\"name\":\"Johan No. 1\",\"url\":\"https:\\\/\\\/johanno1.se\\\/sv\\\/\",\"logo\":{\"@type\":\"ImageObject\",\"inLanguage\":\"sv-SE\",\"@id\":\"https:\\\/\\\/johanno1.se\\\/sv\\\/#\\\/schema\\\/logo\\\/image\\\/\",\"url\":\"https:\\\/\\\/johanno1.se\\\/wp-content\\\/uploads\\\/2025\\\/03\\\/cropped-No1-Logo.png\",\"contentUrl\":\"https:\\\/\\\/johanno1.se\\\/wp-content\\\/uploads\\\/2025\\\/03\\\/cropped-No1-Logo.png\",\"width\":512,\"height\":512,\"caption\":\"Johan No. 1\"},\"image\":{\"@id\":\"https:\\\/\\\/johanno1.se\\\/sv\\\/#\\\/schema\\\/logo\\\/image\\\/\"}},{\"@type\":\"Person\",\"@id\":\"https:\\\/\\\/johanno1.se\\\/sv\\\/#\\\/schema\\\/person\\\/b9a1e3c5f5da33b8e8a755f098951212\",\"name\":\"MXT\",\"image\":{\"@type\":\"ImageObject\",\"inLanguage\":\"sv-SE\",\"@id\":\"https:\\\/\\\/secure.gravatar.com\\\/avatar\\\/74fa4c492659dce280abcb04be56b0f457c131c7356cc691540aecee84b8780f?s=96&d=mm&r=g\",\"url\":\"https:\\\/\\\/secure.gravatar.com\\\/avatar\\\/74fa4c492659dce280abcb04be56b0f457c131c7356cc691540aecee84b8780f?s=96&d=mm&r=g\",\"contentUrl\":\"https:\\\/\\\/secure.gravatar.com\\\/avatar\\\/74fa4c492659dce280abcb04be56b0f457c131c7356cc691540aecee84b8780f?s=96&d=mm&r=g\",\"caption\":\"MXT\"},\"description\":\"Skriver fr\u00e4mst om kriget i Ukraina, men \u00e4ven om andra globala h\u00e4ndelser som kan p\u00e5verka utvecklingen. Gillar statisitk och redovisar bl.a. ryska f\u00f6rluster och en hel del annat. Postar mycket av nyheterna i kommentarerna som h\u00e4mtas fr\u00e5n olika k\u00e4llor. F\u00f6rutom Ukraina handlar det om olika h\u00e4ndelser i Sverige och Europa, klimatet, Israel-Palestina och f\u00f6rst\u00e5s en hel del kring USA och Trump. Har en f\u00f6rm\u00e5ga att reta upp de som gillar den sistn\u00e4mnde eftersom jag \u00e4r starkt kritiskt till det mesta han tar sig f\u00f6r. IT-ansvarig och sk\u00f6ter drift, underh\u00e5ll och vidareutveckling av webbplatsen, s\u00e5 ni vet vem ni ska skylla p\u00e5 n\u00e4r det kr\u00e5nglar! SLAVA UKRAINI\",\"sameAs\":[\"https:\\\/\\\/spjutskaftet.se\",\"https:\\\/\\\/x.com\\\/MatsExtrude\"],\"url\":\"https:\\\/\\\/johanno1.se\\\/sv\\\/author\\\/extrude\\\/\"}]}<\/script>\n<!-- \/ Yoast SEO plugin. -->","yoast_head_json":{"title":"13 skadade i ryska dr\u00f6narattacker mot Odesa - Ryska f\u00f6rluster och aktiviteter - Ryska f\u00f6rluster","robots":{"index":"index","follow":"follow","max-snippet":"max-snippet:-1","max-image-preview":"max-image-preview:large","max-video-preview":"max-video-preview:-1"},"canonical":"https:\/\/johanno1.se\/sv\/13-skadade-i-ryska-dronarattacker-mot-odesa-ryska-forluster-och-aktiviteter\/","og_locale":"sv_SE","og_type":"article","og_title":"13 skadade i ryska dr\u00f6narattacker mot Odesa - Ryska f\u00f6rluster och aktiviteter - Ryska f\u00f6rluster","og_description":"13 Skadade efter rysk attack i Odes - Dagens rapport \u00f6ver ryska f\u00f6rluster","og_url":"https:\/\/johanno1.se\/sv\/13-skadade-i-ryska-dronarattacker-mot-odesa-ryska-forluster-och-aktiviteter\/","og_site_name":"Johan No.1","article_published_time":"2026-04-27T05:50:32+00:00","article_modified_time":"2026-04-27T14:10:10+00:00","og_image":[{"width":642,"height":384,"url":"https:\/\/johanno1.se\/wp-content\/uploads\/2025\/04\/UkraineFlag.png","type":"image\/png"}],"author":"MXT","twitter_card":"summary_large_image","twitter_creator":"@MatsExtrude","twitter_misc":{"Skriven av":"MXT","Ber\u00e4knad l\u00e4stid":"2 minuter"},"schema":{"@context":"https:\/\/schema.org","@graph":[{"@type":"Article","@id":"https:\/\/johanno1.se\/sv\/13-skadade-i-ryska-dronarattacker-mot-odesa-ryska-forluster-och-aktiviteter\/#article","isPartOf":{"@id":"https:\/\/johanno1.se\/sv\/13-skadade-i-ryska-dronarattacker-mot-odesa-ryska-forluster-och-aktiviteter\/"},"author":{"name":"MXT","@id":"https:\/\/johanno1.se\/sv\/#\/schema\/person\/b9a1e3c5f5da33b8e8a755f098951212"},"headline":"13 skadade i ryska dr\u00f6narattacker mot Odesa &#8211; Ryska f\u00f6rluster och aktiviteter","datePublished":"2026-04-27T05:50:32+00:00","dateModified":"2026-04-27T14:10:10+00:00","mainEntityOfPage":{"@id":"https:\/\/johanno1.se\/sv\/13-skadade-i-ryska-dronarattacker-mot-odesa-ryska-forluster-och-aktiviteter\/"},"wordCount":157,"commentCount":93,"publisher":{"@id":"https:\/\/johanno1.se\/sv\/#organization"},"image":{"@id":"https:\/\/johanno1.se\/sv\/13-skadade-i-ryska-dronarattacker-mot-odesa-ryska-forluster-och-aktiviteter\/#primaryimage"},"thumbnailUrl":"https:\/\/johanno1.se\/wp-content\/uploads\/2025\/04\/UkraineFlag.png","articleSection":["Kriget i Ukraina","Ryska f\u00f6rluster"],"inLanguage":"sv-SE","potentialAction":[{"@type":"CommentAction","name":"Comment","target":["https:\/\/johanno1.se\/sv\/13-skadade-i-ryska-dronarattacker-mot-odesa-ryska-forluster-och-aktiviteter\/#respond"]}]},{"@type":"WebPage","@id":"https:\/\/johanno1.se\/sv\/13-skadade-i-ryska-dronarattacker-mot-odesa-ryska-forluster-och-aktiviteter\/","url":"https:\/\/johanno1.se\/sv\/13-skadade-i-ryska-dronarattacker-mot-odesa-ryska-forluster-och-aktiviteter\/","name":"13 skadade i ryska dr\u00f6narattacker mot Odesa - Ryska f\u00f6rluster och aktiviteter - Ryska f\u00f6rluster","isPartOf":{"@id":"https:\/\/johanno1.se\/sv\/#website"},"primaryImageOfPage":{"@id":"https:\/\/johanno1.se\/sv\/13-skadade-i-ryska-dronarattacker-mot-odesa-ryska-forluster-och-aktiviteter\/#primaryimage"},"image":{"@id":"https:\/\/johanno1.se\/sv\/13-skadade-i-ryska-dronarattacker-mot-odesa-ryska-forluster-och-aktiviteter\/#primaryimage"},"thumbnailUrl":"https:\/\/johanno1.se\/wp-content\/uploads\/2025\/04\/UkraineFlag.png","datePublished":"2026-04-27T05:50:32+00:00","dateModified":"2026-04-27T14:10:10+00:00","breadcrumb":{"@id":"https:\/\/johanno1.se\/sv\/13-skadade-i-ryska-dronarattacker-mot-odesa-ryska-forluster-och-aktiviteter\/#breadcrumb"},"inLanguage":"sv-SE","potentialAction":[{"@type":"ReadAction","target":["https:\/\/johanno1.se\/sv\/13-skadade-i-ryska-dronarattacker-mot-odesa-ryska-forluster-och-aktiviteter\/"]}]},{"@type":"ImageObject","inLanguage":"sv-SE","@id":"https:\/\/johanno1.se\/sv\/13-skadade-i-ryska-dronarattacker-mot-odesa-ryska-forluster-och-aktiviteter\/#primaryimage","url":"https:\/\/johanno1.se\/wp-content\/uploads\/2025\/04\/UkraineFlag.png","contentUrl":"https:\/\/johanno1.se\/wp-content\/uploads\/2025\/04\/UkraineFlag.png","width":642,"height":384,"caption":"Kriget i Ukraina - Ukraine war"},{"@type":"BreadcrumbList","@id":"https:\/\/johanno1.se\/sv\/13-skadade-i-ryska-dronarattacker-mot-odesa-ryska-forluster-och-aktiviteter\/#breadcrumb","itemListElement":[{"@type":"ListItem","position":1,"name":"Hem","item":"https:\/\/johanno1.se\/sv\/"},{"@type":"ListItem","position":2,"name":"13 skadade i ryska dr\u00f6narattacker mot Odesa &#8211; Ryska f\u00f6rluster och aktiviteter"}]},{"@type":"WebSite","@id":"https:\/\/johanno1.se\/sv\/#website","url":"https:\/\/johanno1.se\/sv\/","name":"Johan No.1","description":"Kriget i Ukraina - V\u00e4rldsledande omv\u00e4rldsanalys fr\u00e5n Svensksund till den ryska brakf\u00f6rlusten i Ukraina","publisher":{"@id":"https:\/\/johanno1.se\/sv\/#organization"},"potentialAction":[{"@type":"SearchAction","target":{"@type":"EntryPoint","urlTemplate":"https:\/\/johanno1.se\/sv\/?s={search_term_string}"},"query-input":{"@type":"PropertyValueSpecification","valueRequired":true,"valueName":"search_term_string"}}],"inLanguage":"sv-SE"},{"@type":"Organization","@id":"https:\/\/johanno1.se\/sv\/#organization","name":"Johan No. 1","url":"https:\/\/johanno1.se\/sv\/","logo":{"@type":"ImageObject","inLanguage":"sv-SE","@id":"https:\/\/johanno1.se\/sv\/#\/schema\/logo\/image\/","url":"https:\/\/johanno1.se\/wp-content\/uploads\/2025\/03\/cropped-No1-Logo.png","contentUrl":"https:\/\/johanno1.se\/wp-content\/uploads\/2025\/03\/cropped-No1-Logo.png","width":512,"height":512,"caption":"Johan No. 1"},"image":{"@id":"https:\/\/johanno1.se\/sv\/#\/schema\/logo\/image\/"}},{"@type":"Person","@id":"https:\/\/johanno1.se\/sv\/#\/schema\/person\/b9a1e3c5f5da33b8e8a755f098951212","name":"MXT","image":{"@type":"ImageObject","inLanguage":"sv-SE","@id":"https:\/\/secure.gravatar.com\/avatar\/74fa4c492659dce280abcb04be56b0f457c131c7356cc691540aecee84b8780f?s=96&d=mm&r=g","url":"https:\/\/secure.gravatar.com\/avatar\/74fa4c492659dce280abcb04be56b0f457c131c7356cc691540aecee84b8780f?s=96&d=mm&r=g","contentUrl":"https:\/\/secure.gravatar.com\/avatar\/74fa4c492659dce280abcb04be56b0f457c131c7356cc691540aecee84b8780f?s=96&d=mm&r=g","caption":"MXT"},"description":"Skriver fr\u00e4mst om kriget i Ukraina, men \u00e4ven om andra globala h\u00e4ndelser som kan p\u00e5verka utvecklingen. Gillar statisitk och redovisar bl.a. ryska f\u00f6rluster och en hel del annat. Postar mycket av nyheterna i kommentarerna som h\u00e4mtas fr\u00e5n olika k\u00e4llor. F\u00f6rutom Ukraina handlar det om olika h\u00e4ndelser i Sverige och Europa, klimatet, Israel-Palestina och f\u00f6rst\u00e5s en hel del kring USA och Trump. Har en f\u00f6rm\u00e5ga att reta upp de som gillar den sistn\u00e4mnde eftersom jag \u00e4r starkt kritiskt till det mesta han tar sig f\u00f6r. IT-ansvarig och sk\u00f6ter drift, underh\u00e5ll och vidareutveckling av webbplatsen, s\u00e5 ni vet vem ni ska skylla p\u00e5 n\u00e4r det kr\u00e5nglar! SLAVA UKRAINI","sameAs":["https:\/\/spjutskaftet.se","https:\/\/x.com\/MatsExtrude"],"url":"https:\/\/johanno1.se\/sv\/author\/extrude\/"}]}},"_links":{"self":[{"href":"https:\/\/johanno1.se\/sv\/wp-json\/wp\/v2\/posts\/4643","targetHints":{"allow":["GET"]}}],"collection":[{"href":"https:\/\/johanno1.se\/sv\/wp-json\/wp\/v2\/posts"}],"about":[{"href":"https:\/\/johanno1.se\/sv\/wp-json\/wp\/v2\/types\/post"}],"author":[{"embeddable":true,"href":"https:\/\/johanno1.se\/sv\/wp-json\/wp\/v2\/users\/1"}],"replies":[{"embeddable":true,"href":"https:\/\/johanno1.se\/sv\/wp-json\/wp\/v2\/comments?post=4643"}],"version-history":[{"count":2,"href":"https:\/\/johanno1.se\/sv\/wp-json\/wp\/v2\/posts\/4643\/revisions"}],"predecessor-version":[{"id":4648,"href":"https:\/\/johanno1.se\/sv\/wp-json\/wp\/v2\/posts\/4643\/revisions\/4648"}],"wp:featuredmedia":[{"embeddable":true,"href":"https:\/\/johanno1.se\/sv\/wp-json\/wp\/v2\/media\/805"}],"wp:attachment":[{"href":"https:\/\/johanno1.se\/sv\/wp-json\/wp\/v2\/media?parent=4643"}],"wp:term":[{"taxonomy":"category","embeddable":true,"href":"https:\/\/johanno1.se\/sv\/wp-json\/wp\/v2\/categories?post=4643"},{"taxonomy":"post_tag","embeddable":true,"href":"https:\/\/johanno1.se\/sv\/wp-json\/wp\/v2\/tags?post=4643"}],"curies":[{"name":"wp","href":"https:\/\/api.w.org\/{rel}","templated":true}]}}