{"id":4653,"date":"2026-04-28T08:08:48","date_gmt":"2026-04-28T06:08:48","guid":{"rendered":"https:\/\/johanno1.se\/?p=4653"},"modified":"2026-04-28T17:22:59","modified_gmt":"2026-04-28T15:22:59","slug":"ukraina-har-aterigen-attackerat-oljecisterner-i-tuapse-ryska-forluster","status":"publish","type":"post","link":"https:\/\/johanno1.se\/sv\/ukraina-har-aterigen-attackerat-oljecisterner-i-tuapse-ryska-forluster\/","title":{"rendered":"Ukraina har \u00e5terigen attackerat oljecisterner i Tuapse &#8211; Ryska f\u00f6rluster"},"content":{"rendered":"\n<h2 class=\"wp-block-heading\">Tuapse har \u00e5terigen attackerats av Ukrainska dr\u00f6nare<\/h2>\n\n\n\n<p>Innan det brunnit f\u00e4rdigt har ukrainska dr\u00f6nare \u00e5terigen attackerat oljecisterner i Tuapse under natten. F\u00f6rsta attacken genomf\u00f6rdes den 20 april d\u00e5 tr\u00e4ffade man \u00e4ven tr\u00e4ffade oljeraffinaderiet i staden. Sedan dess har det brunnit v\u00e5ldsamt i staden. De oljecisterner som tr\u00e4ffades nu i natt \u00e4r \u00e4ven de en del oljeraffinaderiet. 122 brandm\u00e4n \u00e4r inkallade f\u00f6r att f\u00f6rs\u00f6ka f\u00e5 stopp p\u00e5 br\u00e4nderna men s\u00e5 h\u00e4r l\u00e5ngt verkar de inte lyckas speciellt bra. <br><br>Enligt ryska myndigheter har Ukraina f\u00f6rst\u00e5s inte lyckats tr\u00e4ffa n\u00e5got, det \u00e4r endast fallande vrakdelar (s\u00e5 ingen kan komma och skylla p\u00e5 uselt luftv\u00e4rn.<br>Enligt ryska f\u00f6rsvarsministern ska det ryska luftf\u00f6rsvaret ha skjutit ner totalt 186 dr\u00f6nare under natten \u00f6ver Rysslands s\u00f6dra regioner inklusive ockuperade Krym.<br>L\u00e4s mer <a href=\"https:\/\/kyivindependent.com\/ukrainian-drones-reportedly-strike-russian-oil-tanks-before-flames-from-previous-attacks-extinguished\/\" target=\"_blank\" rel=\"noreferrer noopener nofollow\">h\u00e4r<\/a>, bild <a href=\"https:\/\/bsky.app\/profile\/tendar.bsky.social\/post\/3mkjr53afs22c\" target=\"_blank\" rel=\"noreferrer noopener nofollow\">h\u00e4r<\/a>.<\/p>\n\n\n\n<p>JD Vance tycks f\u00f6rresten vara \u00e4n \u00e4nnu st\u00f6rre motst\u00e5ndare till Ukraina \u00e4n Trump enligt en annan <a href=\"https:\/\/kyivindependent.com\/jd-vance-brags-about-halting-ukraine-aid\/\">artikel<\/a> fr\u00e5n Kyiv Independent.<\/p>\n\n\n\n<h2 class=\"wp-block-heading\">Ryska f\u00f6rluster<\/h2>\n\n\n\n<p>Efter g\u00e5rdagens lite l\u00e4gre f\u00f6rluster \u00e4r vi nu tillbaka p\u00e5 h\u00f6gre KWA, ovanligt m\u00e5nga pansarfordon (\u00e4ven om det saknas stridsvagnar) och hela 276 mjuka fordon och ovanligt m\u00e5nga special.<\/p>\n\n\n\n<ul class=\"wp-block-list losses\">\n<li>1180 KWIA <\/li>\n\n\n\n<li>16 AFVs <\/li>\n\n\n\n<li>34 Artillery systems <\/li>\n\n\n\n<li>2 MLRS <\/li>\n\n\n\n<li>1039 UAVs <\/li>\n\n\n\n<li>276 Vehicles and Fuel tanks <\/li>\n\n\n\n<li>5 Special equipment<\/li>\n<\/ul>\n\n\n\n<figure class=\"wp-block-image size-large\"><img loading=\"lazy\" decoding=\"async\" width=\"819\" height=\"1024\" src=\"https:\/\/johanno1.se\/wp-content\/uploads\/2026\/04\/2026-04-28-819x1024.jpg\" alt=\"\" class=\"wp-image-4652\" srcset=\"https:\/\/johanno1.se\/wp-content\/uploads\/2026\/04\/2026-04-28-819x1024.jpg 819w, https:\/\/johanno1.se\/wp-content\/uploads\/2026\/04\/2026-04-28-240x300.jpg 240w, https:\/\/johanno1.se\/wp-content\/uploads\/2026\/04\/2026-04-28-768x960.jpg 768w, https:\/\/johanno1.se\/wp-content\/uploads\/2026\/04\/2026-04-28.jpg 1024w\" sizes=\"auto, (max-width: 819px) 100vw, 819px\" \/><\/figure>\n\n\n\n<p><\/p>\n\n\n\n<h2 class=\"wp-block-heading\">Ryska aktiviteter<\/h2>\n\n\n\n<p>Ganska normala siffror i den senaste rapporten f\u00f6rutom n\u00e4r det g\u00e4ller de ryska sj\u00e4lvmordsdr\u00f6narna och artilleriattackerna som \u00e4ven i dag \u00e4r betydligt l\u00e4gre. Artilleriet har l\u00e4nge varit p\u00e5 nedg\u00e5ng och ligger nu bland de l\u00e4gsta niv\u00e5erna vi sett, antalet dr\u00f6narattacker har d\u00e4remot i stort sett \u00f6kat hela tiden men f\u00f6rst\u00e5s med viss variation. <\/p>\n\n\n\n<p>Det \u00e4r lite f\u00f6r tidigt att dra n\u00e5gra slutsatser om vi ser en l\u00e5ngsiktigt trend n\u00e4r det g\u00e4ller dr\u00f6narna men n\u00e4r det g\u00e4ller artilleriet \u00e4r det ingen tvekan. Den nedg\u00e5ngen har p\u00e5g\u00e5tt sedan april 2025. Det g\u00e5r f\u00f6rst\u00e5s inte att veta om kommer att forts\u00e4tt sjunka eller om det plana ut eller ev. \u00e4ven kommer att \u00f6ka igen (Nordkorea och Kina kanske best\u00e4mmer sig f\u00f6r att hj\u00e4lpa till mer \u00e4n de redan g\u00f6r). Trenden \u00e4r oavsett positiv.<\/p>\n\n\n\n<p>Helst skulle man vilja se samma trend n\u00e4r det g\u00e4ller KAB men d\u00e4r verkar det som att Ryssland kan forts\u00e4tta i den h\u00e4r takten.<\/p>\n\n\n\n<ul class=\"wp-block-list\">\n<li>226 combat clashes<\/li>\n\n\n\n<li>76 air strikes<\/li>\n\n\n\n<li>247 KAB\/CAB<\/li>\n\n\n\n<li>6 251 kamikaze drones<\/li>\n\n\n\n<li>2 283 shelling (34 from MLRS)<\/li>\n<\/ul>\n\n\n\n<p><strong>SLAVA UKRAINI<\/strong><\/p>\n","protected":false},"excerpt":{"rendered":"<p>Ukraina har \u00e5terigen attackerat Tuapse &#8211; Vance \u00e4r inte Ukrainas v\u00e4n &#8211; Ryska f\u00f6rluster<\/p>\n","protected":false},"author":1,"featured_media":4654,"comment_status":"open","ping_status":"open","sticky":false,"template":"","format":"standard","meta":{"site-sidebar-layout":"default","site-content-layout":"","ast-site-content-layout":"default","site-content-style":"default","site-sidebar-style":"default","ast-global-header-display":"","ast-banner-title-visibility":"","ast-main-header-display":"","ast-hfb-above-header-display":"","ast-hfb-below-header-display":"","ast-hfb-mobile-header-display":"","site-post-title":"","ast-breadcrumbs-content":"","ast-featured-img":"","footer-sml-layout":"","ast-disable-related-posts":"","theme-transparent-header-meta":"","adv-header-id-meta":"","stick-header-meta":"","header-above-stick-meta":"","header-main-stick-meta":"","header-below-stick-meta":"","astra-migrate-meta-layouts":"default","ast-page-background-enabled":"default","ast-page-background-meta":{"desktop":{"background-color":"var(--ast-global-color-4)","background-image":"","background-repeat":"repeat","background-position":"center center","background-size":"auto","background-attachment":"scroll","background-type":"","background-media":"","overlay-type":"","overlay-color":"","overlay-opacity":"","overlay-gradient":""},"tablet":{"background-color":"","background-image":"","background-repeat":"repeat","background-position":"center center","background-size":"auto","background-attachment":"scroll","background-type":"","background-media":"","overlay-type":"","overlay-color":"","overlay-opacity":"","overlay-gradient":""},"mobile":{"background-color":"","background-image":"","background-repeat":"repeat","background-position":"center center","background-size":"auto","background-attachment":"scroll","background-type":"","background-media":"","overlay-type":"","overlay-color":"","overlay-opacity":"","overlay-gradient":""}},"ast-content-background-meta":{"desktop":{"background-color":"var(--ast-global-color-5)","background-image":"","background-repeat":"repeat","background-position":"center center","background-size":"auto","background-attachment":"scroll","background-type":"","background-media":"","overlay-type":"","overlay-color":"","overlay-opacity":"","overlay-gradient":""},"tablet":{"background-color":"var(--ast-global-color-5)","background-image":"","background-repeat":"repeat","background-position":"center center","background-size":"auto","background-attachment":"scroll","background-type":"","background-media":"","overlay-type":"","overlay-color":"","overlay-opacity":"","overlay-gradient":""},"mobile":{"background-color":"var(--ast-global-color-5)","background-image":"","background-repeat":"repeat","background-position":"center center","background-size":"auto","background-attachment":"scroll","background-type":"","background-media":"","overlay-type":"","overlay-color":"","overlay-opacity":"","overlay-gradient":""}},"footnotes":""},"categories":[18,31],"tags":[],"class_list":["post-4653","post","type-post","status-publish","format-standard","has-post-thumbnail","hentry","category-ukraina","category-ryska-forluster"],"yoast_head":"<!-- This site is optimized with the Yoast SEO plugin v27.4 - https:\/\/yoast.com\/product\/yoast-seo-wordpress\/ -->\n<title>Ukraina har \u00e5terigen attackerat oljecisterner i Tuapse - Ryska f\u00f6rluster - Kriget i Ukraina<\/title>\n<meta name=\"robots\" content=\"index, follow, max-snippet:-1, max-image-preview:large, max-video-preview:-1\" \/>\n<link rel=\"canonical\" href=\"https:\/\/johanno1.se\/sv\/ukraina-har-aterigen-attackerat-oljecisterner-i-tuapse-ryska-forluster\/\" \/>\n<meta property=\"og:locale\" content=\"sv_SE\" \/>\n<meta property=\"og:type\" content=\"article\" \/>\n<meta property=\"og:title\" content=\"Ukraina har \u00e5terigen attackerat oljecisterner i Tuapse - Ryska f\u00f6rluster - Kriget i Ukraina\" \/>\n<meta property=\"og:description\" content=\"Ukraina har \u00e5terigen attackerat Tuapse - Vance \u00e4r inte Ukrainas v\u00e4n - Ryska f\u00f6rluster\" \/>\n<meta property=\"og:url\" content=\"https:\/\/johanno1.se\/sv\/ukraina-har-aterigen-attackerat-oljecisterner-i-tuapse-ryska-forluster\/\" \/>\n<meta property=\"og:site_name\" content=\"Johan No.1\" \/>\n<meta property=\"article:published_time\" content=\"2026-04-28T06:08:48+00:00\" \/>\n<meta property=\"article:modified_time\" content=\"2026-04-28T15:22:59+00:00\" \/>\n<meta property=\"og:image\" content=\"https:\/\/johanno1.se\/wp-content\/uploads\/2026\/04\/image-1.png\" \/>\n\t<meta property=\"og:image:width\" content=\"906\" \/>\n\t<meta property=\"og:image:height\" content=\"1205\" \/>\n\t<meta property=\"og:image:type\" content=\"image\/png\" \/>\n<meta name=\"author\" content=\"MXT\" \/>\n<meta name=\"twitter:card\" content=\"summary_large_image\" \/>\n<meta name=\"twitter:creator\" content=\"@MatsExtrude\" \/>\n<meta name=\"twitter:label1\" content=\"Skriven av\" \/>\n\t<meta name=\"twitter:data1\" content=\"MXT\" \/>\n\t<meta name=\"twitter:label2\" content=\"Ber\u00e4knad l\u00e4stid\" \/>\n\t<meta name=\"twitter:data2\" content=\"3 minuter\" \/>\n<script type=\"application\/ld+json\" class=\"yoast-schema-graph\">{\"@context\":\"https:\\\/\\\/schema.org\",\"@graph\":[{\"@type\":\"Article\",\"@id\":\"https:\\\/\\\/johanno1.se\\\/sv\\\/ukraina-har-aterigen-attackerat-oljecisterner-i-tuapse-ryska-forluster\\\/#article\",\"isPartOf\":{\"@id\":\"https:\\\/\\\/johanno1.se\\\/sv\\\/ukraina-har-aterigen-attackerat-oljecisterner-i-tuapse-ryska-forluster\\\/\"},\"author\":{\"name\":\"MXT\",\"@id\":\"https:\\\/\\\/johanno1.se\\\/sv\\\/#\\\/schema\\\/person\\\/b9a1e3c5f5da33b8e8a755f098951212\"},\"headline\":\"Ukraina har \u00e5terigen attackerat oljecisterner i Tuapse &#8211; Ryska f\u00f6rluster\",\"datePublished\":\"2026-04-28T06:08:48+00:00\",\"dateModified\":\"2026-04-28T15:22:59+00:00\",\"mainEntityOfPage\":{\"@id\":\"https:\\\/\\\/johanno1.se\\\/sv\\\/ukraina-har-aterigen-attackerat-oljecisterner-i-tuapse-ryska-forluster\\\/\"},\"wordCount\":443,\"commentCount\":62,\"publisher\":{\"@id\":\"https:\\\/\\\/johanno1.se\\\/sv\\\/#organization\"},\"image\":{\"@id\":\"https:\\\/\\\/johanno1.se\\\/sv\\\/ukraina-har-aterigen-attackerat-oljecisterner-i-tuapse-ryska-forluster\\\/#primaryimage\"},\"thumbnailUrl\":\"https:\\\/\\\/johanno1.se\\\/wp-content\\\/uploads\\\/2026\\\/04\\\/image-1.png\",\"articleSection\":[\"Kriget i Ukraina\",\"Ryska f\u00f6rluster\"],\"inLanguage\":\"sv-SE\",\"potentialAction\":[{\"@type\":\"CommentAction\",\"name\":\"Comment\",\"target\":[\"https:\\\/\\\/johanno1.se\\\/sv\\\/ukraina-har-aterigen-attackerat-oljecisterner-i-tuapse-ryska-forluster\\\/#respond\"]}]},{\"@type\":\"WebPage\",\"@id\":\"https:\\\/\\\/johanno1.se\\\/sv\\\/ukraina-har-aterigen-attackerat-oljecisterner-i-tuapse-ryska-forluster\\\/\",\"url\":\"https:\\\/\\\/johanno1.se\\\/sv\\\/ukraina-har-aterigen-attackerat-oljecisterner-i-tuapse-ryska-forluster\\\/\",\"name\":\"Ukraina har \u00e5terigen attackerat oljecisterner i Tuapse - Ryska f\u00f6rluster - Kriget i Ukraina\",\"isPartOf\":{\"@id\":\"https:\\\/\\\/johanno1.se\\\/sv\\\/#website\"},\"primaryImageOfPage\":{\"@id\":\"https:\\\/\\\/johanno1.se\\\/sv\\\/ukraina-har-aterigen-attackerat-oljecisterner-i-tuapse-ryska-forluster\\\/#primaryimage\"},\"image\":{\"@id\":\"https:\\\/\\\/johanno1.se\\\/sv\\\/ukraina-har-aterigen-attackerat-oljecisterner-i-tuapse-ryska-forluster\\\/#primaryimage\"},\"thumbnailUrl\":\"https:\\\/\\\/johanno1.se\\\/wp-content\\\/uploads\\\/2026\\\/04\\\/image-1.png\",\"datePublished\":\"2026-04-28T06:08:48+00:00\",\"dateModified\":\"2026-04-28T15:22:59+00:00\",\"breadcrumb\":{\"@id\":\"https:\\\/\\\/johanno1.se\\\/sv\\\/ukraina-har-aterigen-attackerat-oljecisterner-i-tuapse-ryska-forluster\\\/#breadcrumb\"},\"inLanguage\":\"sv-SE\",\"potentialAction\":[{\"@type\":\"ReadAction\",\"target\":[\"https:\\\/\\\/johanno1.se\\\/sv\\\/ukraina-har-aterigen-attackerat-oljecisterner-i-tuapse-ryska-forluster\\\/\"]}]},{\"@type\":\"ImageObject\",\"inLanguage\":\"sv-SE\",\"@id\":\"https:\\\/\\\/johanno1.se\\\/sv\\\/ukraina-har-aterigen-attackerat-oljecisterner-i-tuapse-ryska-forluster\\\/#primaryimage\",\"url\":\"https:\\\/\\\/johanno1.se\\\/wp-content\\\/uploads\\\/2026\\\/04\\\/image-1.png\",\"contentUrl\":\"https:\\\/\\\/johanno1.se\\\/wp-content\\\/uploads\\\/2026\\\/04\\\/image-1.png\",\"width\":906,\"height\":1205},{\"@type\":\"BreadcrumbList\",\"@id\":\"https:\\\/\\\/johanno1.se\\\/sv\\\/ukraina-har-aterigen-attackerat-oljecisterner-i-tuapse-ryska-forluster\\\/#breadcrumb\",\"itemListElement\":[{\"@type\":\"ListItem\",\"position\":1,\"name\":\"Hem\",\"item\":\"https:\\\/\\\/johanno1.se\\\/sv\\\/\"},{\"@type\":\"ListItem\",\"position\":2,\"name\":\"Ukraina har \u00e5terigen attackerat oljecisterner i Tuapse &#8211; Ryska f\u00f6rluster\"}]},{\"@type\":\"WebSite\",\"@id\":\"https:\\\/\\\/johanno1.se\\\/sv\\\/#website\",\"url\":\"https:\\\/\\\/johanno1.se\\\/sv\\\/\",\"name\":\"Johan No.1\",\"description\":\"Kriget i Ukraina - V\u00e4rldsledande omv\u00e4rldsanalys fr\u00e5n Svensksund till den ryska brakf\u00f6rlusten i Ukraina\",\"publisher\":{\"@id\":\"https:\\\/\\\/johanno1.se\\\/sv\\\/#organization\"},\"potentialAction\":[{\"@type\":\"SearchAction\",\"target\":{\"@type\":\"EntryPoint\",\"urlTemplate\":\"https:\\\/\\\/johanno1.se\\\/sv\\\/?s={search_term_string}\"},\"query-input\":{\"@type\":\"PropertyValueSpecification\",\"valueRequired\":true,\"valueName\":\"search_term_string\"}}],\"inLanguage\":\"sv-SE\"},{\"@type\":\"Organization\",\"@id\":\"https:\\\/\\\/johanno1.se\\\/sv\\\/#organization\",\"name\":\"Johan No. 1\",\"url\":\"https:\\\/\\\/johanno1.se\\\/sv\\\/\",\"logo\":{\"@type\":\"ImageObject\",\"inLanguage\":\"sv-SE\",\"@id\":\"https:\\\/\\\/johanno1.se\\\/sv\\\/#\\\/schema\\\/logo\\\/image\\\/\",\"url\":\"https:\\\/\\\/johanno1.se\\\/wp-content\\\/uploads\\\/2025\\\/03\\\/cropped-No1-Logo.png\",\"contentUrl\":\"https:\\\/\\\/johanno1.se\\\/wp-content\\\/uploads\\\/2025\\\/03\\\/cropped-No1-Logo.png\",\"width\":512,\"height\":512,\"caption\":\"Johan No. 1\"},\"image\":{\"@id\":\"https:\\\/\\\/johanno1.se\\\/sv\\\/#\\\/schema\\\/logo\\\/image\\\/\"}},{\"@type\":\"Person\",\"@id\":\"https:\\\/\\\/johanno1.se\\\/sv\\\/#\\\/schema\\\/person\\\/b9a1e3c5f5da33b8e8a755f098951212\",\"name\":\"MXT\",\"image\":{\"@type\":\"ImageObject\",\"inLanguage\":\"sv-SE\",\"@id\":\"https:\\\/\\\/secure.gravatar.com\\\/avatar\\\/74fa4c492659dce280abcb04be56b0f457c131c7356cc691540aecee84b8780f?s=96&d=mm&r=g\",\"url\":\"https:\\\/\\\/secure.gravatar.com\\\/avatar\\\/74fa4c492659dce280abcb04be56b0f457c131c7356cc691540aecee84b8780f?s=96&d=mm&r=g\",\"contentUrl\":\"https:\\\/\\\/secure.gravatar.com\\\/avatar\\\/74fa4c492659dce280abcb04be56b0f457c131c7356cc691540aecee84b8780f?s=96&d=mm&r=g\",\"caption\":\"MXT\"},\"description\":\"Skriver fr\u00e4mst om kriget i Ukraina, men \u00e4ven om andra globala h\u00e4ndelser som kan p\u00e5verka utvecklingen. Gillar statisitk och redovisar bl.a. ryska f\u00f6rluster och en hel del annat. Postar mycket av nyheterna i kommentarerna som h\u00e4mtas fr\u00e5n olika k\u00e4llor. F\u00f6rutom Ukraina handlar det om olika h\u00e4ndelser i Sverige och Europa, klimatet, Israel-Palestina och f\u00f6rst\u00e5s en hel del kring USA och Trump. Har en f\u00f6rm\u00e5ga att reta upp de som gillar den sistn\u00e4mnde eftersom jag \u00e4r starkt kritiskt till det mesta han tar sig f\u00f6r. IT-ansvarig och sk\u00f6ter drift, underh\u00e5ll och vidareutveckling av webbplatsen, s\u00e5 ni vet vem ni ska skylla p\u00e5 n\u00e4r det kr\u00e5nglar! SLAVA UKRAINI\",\"sameAs\":[\"https:\\\/\\\/spjutskaftet.se\",\"https:\\\/\\\/x.com\\\/MatsExtrude\"],\"url\":\"https:\\\/\\\/johanno1.se\\\/sv\\\/author\\\/extrude\\\/\"}]}<\/script>\n<!-- \/ Yoast SEO plugin. -->","yoast_head_json":{"title":"Ukraina har \u00e5terigen attackerat oljecisterner i Tuapse - Ryska f\u00f6rluster - Kriget i Ukraina","robots":{"index":"index","follow":"follow","max-snippet":"max-snippet:-1","max-image-preview":"max-image-preview:large","max-video-preview":"max-video-preview:-1"},"canonical":"https:\/\/johanno1.se\/sv\/ukraina-har-aterigen-attackerat-oljecisterner-i-tuapse-ryska-forluster\/","og_locale":"sv_SE","og_type":"article","og_title":"Ukraina har \u00e5terigen attackerat oljecisterner i Tuapse - Ryska f\u00f6rluster - Kriget i Ukraina","og_description":"Ukraina har \u00e5terigen attackerat Tuapse - Vance \u00e4r inte Ukrainas v\u00e4n - Ryska f\u00f6rluster","og_url":"https:\/\/johanno1.se\/sv\/ukraina-har-aterigen-attackerat-oljecisterner-i-tuapse-ryska-forluster\/","og_site_name":"Johan No.1","article_published_time":"2026-04-28T06:08:48+00:00","article_modified_time":"2026-04-28T15:22:59+00:00","og_image":[{"width":906,"height":1205,"url":"https:\/\/johanno1.se\/wp-content\/uploads\/2026\/04\/image-1.png","type":"image\/png"}],"author":"MXT","twitter_card":"summary_large_image","twitter_creator":"@MatsExtrude","twitter_misc":{"Skriven av":"MXT","Ber\u00e4knad l\u00e4stid":"3 minuter"},"schema":{"@context":"https:\/\/schema.org","@graph":[{"@type":"Article","@id":"https:\/\/johanno1.se\/sv\/ukraina-har-aterigen-attackerat-oljecisterner-i-tuapse-ryska-forluster\/#article","isPartOf":{"@id":"https:\/\/johanno1.se\/sv\/ukraina-har-aterigen-attackerat-oljecisterner-i-tuapse-ryska-forluster\/"},"author":{"name":"MXT","@id":"https:\/\/johanno1.se\/sv\/#\/schema\/person\/b9a1e3c5f5da33b8e8a755f098951212"},"headline":"Ukraina har \u00e5terigen attackerat oljecisterner i Tuapse &#8211; Ryska f\u00f6rluster","datePublished":"2026-04-28T06:08:48+00:00","dateModified":"2026-04-28T15:22:59+00:00","mainEntityOfPage":{"@id":"https:\/\/johanno1.se\/sv\/ukraina-har-aterigen-attackerat-oljecisterner-i-tuapse-ryska-forluster\/"},"wordCount":443,"commentCount":62,"publisher":{"@id":"https:\/\/johanno1.se\/sv\/#organization"},"image":{"@id":"https:\/\/johanno1.se\/sv\/ukraina-har-aterigen-attackerat-oljecisterner-i-tuapse-ryska-forluster\/#primaryimage"},"thumbnailUrl":"https:\/\/johanno1.se\/wp-content\/uploads\/2026\/04\/image-1.png","articleSection":["Kriget i Ukraina","Ryska f\u00f6rluster"],"inLanguage":"sv-SE","potentialAction":[{"@type":"CommentAction","name":"Comment","target":["https:\/\/johanno1.se\/sv\/ukraina-har-aterigen-attackerat-oljecisterner-i-tuapse-ryska-forluster\/#respond"]}]},{"@type":"WebPage","@id":"https:\/\/johanno1.se\/sv\/ukraina-har-aterigen-attackerat-oljecisterner-i-tuapse-ryska-forluster\/","url":"https:\/\/johanno1.se\/sv\/ukraina-har-aterigen-attackerat-oljecisterner-i-tuapse-ryska-forluster\/","name":"Ukraina har \u00e5terigen attackerat oljecisterner i Tuapse - Ryska f\u00f6rluster - Kriget i Ukraina","isPartOf":{"@id":"https:\/\/johanno1.se\/sv\/#website"},"primaryImageOfPage":{"@id":"https:\/\/johanno1.se\/sv\/ukraina-har-aterigen-attackerat-oljecisterner-i-tuapse-ryska-forluster\/#primaryimage"},"image":{"@id":"https:\/\/johanno1.se\/sv\/ukraina-har-aterigen-attackerat-oljecisterner-i-tuapse-ryska-forluster\/#primaryimage"},"thumbnailUrl":"https:\/\/johanno1.se\/wp-content\/uploads\/2026\/04\/image-1.png","datePublished":"2026-04-28T06:08:48+00:00","dateModified":"2026-04-28T15:22:59+00:00","breadcrumb":{"@id":"https:\/\/johanno1.se\/sv\/ukraina-har-aterigen-attackerat-oljecisterner-i-tuapse-ryska-forluster\/#breadcrumb"},"inLanguage":"sv-SE","potentialAction":[{"@type":"ReadAction","target":["https:\/\/johanno1.se\/sv\/ukraina-har-aterigen-attackerat-oljecisterner-i-tuapse-ryska-forluster\/"]}]},{"@type":"ImageObject","inLanguage":"sv-SE","@id":"https:\/\/johanno1.se\/sv\/ukraina-har-aterigen-attackerat-oljecisterner-i-tuapse-ryska-forluster\/#primaryimage","url":"https:\/\/johanno1.se\/wp-content\/uploads\/2026\/04\/image-1.png","contentUrl":"https:\/\/johanno1.se\/wp-content\/uploads\/2026\/04\/image-1.png","width":906,"height":1205},{"@type":"BreadcrumbList","@id":"https:\/\/johanno1.se\/sv\/ukraina-har-aterigen-attackerat-oljecisterner-i-tuapse-ryska-forluster\/#breadcrumb","itemListElement":[{"@type":"ListItem","position":1,"name":"Hem","item":"https:\/\/johanno1.se\/sv\/"},{"@type":"ListItem","position":2,"name":"Ukraina har \u00e5terigen attackerat oljecisterner i Tuapse &#8211; Ryska f\u00f6rluster"}]},{"@type":"WebSite","@id":"https:\/\/johanno1.se\/sv\/#website","url":"https:\/\/johanno1.se\/sv\/","name":"Johan No.1","description":"Kriget i Ukraina - V\u00e4rldsledande omv\u00e4rldsanalys fr\u00e5n Svensksund till den ryska brakf\u00f6rlusten i Ukraina","publisher":{"@id":"https:\/\/johanno1.se\/sv\/#organization"},"potentialAction":[{"@type":"SearchAction","target":{"@type":"EntryPoint","urlTemplate":"https:\/\/johanno1.se\/sv\/?s={search_term_string}"},"query-input":{"@type":"PropertyValueSpecification","valueRequired":true,"valueName":"search_term_string"}}],"inLanguage":"sv-SE"},{"@type":"Organization","@id":"https:\/\/johanno1.se\/sv\/#organization","name":"Johan No. 1","url":"https:\/\/johanno1.se\/sv\/","logo":{"@type":"ImageObject","inLanguage":"sv-SE","@id":"https:\/\/johanno1.se\/sv\/#\/schema\/logo\/image\/","url":"https:\/\/johanno1.se\/wp-content\/uploads\/2025\/03\/cropped-No1-Logo.png","contentUrl":"https:\/\/johanno1.se\/wp-content\/uploads\/2025\/03\/cropped-No1-Logo.png","width":512,"height":512,"caption":"Johan No. 1"},"image":{"@id":"https:\/\/johanno1.se\/sv\/#\/schema\/logo\/image\/"}},{"@type":"Person","@id":"https:\/\/johanno1.se\/sv\/#\/schema\/person\/b9a1e3c5f5da33b8e8a755f098951212","name":"MXT","image":{"@type":"ImageObject","inLanguage":"sv-SE","@id":"https:\/\/secure.gravatar.com\/avatar\/74fa4c492659dce280abcb04be56b0f457c131c7356cc691540aecee84b8780f?s=96&d=mm&r=g","url":"https:\/\/secure.gravatar.com\/avatar\/74fa4c492659dce280abcb04be56b0f457c131c7356cc691540aecee84b8780f?s=96&d=mm&r=g","contentUrl":"https:\/\/secure.gravatar.com\/avatar\/74fa4c492659dce280abcb04be56b0f457c131c7356cc691540aecee84b8780f?s=96&d=mm&r=g","caption":"MXT"},"description":"Skriver fr\u00e4mst om kriget i Ukraina, men \u00e4ven om andra globala h\u00e4ndelser som kan p\u00e5verka utvecklingen. Gillar statisitk och redovisar bl.a. ryska f\u00f6rluster och en hel del annat. Postar mycket av nyheterna i kommentarerna som h\u00e4mtas fr\u00e5n olika k\u00e4llor. F\u00f6rutom Ukraina handlar det om olika h\u00e4ndelser i Sverige och Europa, klimatet, Israel-Palestina och f\u00f6rst\u00e5s en hel del kring USA och Trump. Har en f\u00f6rm\u00e5ga att reta upp de som gillar den sistn\u00e4mnde eftersom jag \u00e4r starkt kritiskt till det mesta han tar sig f\u00f6r. IT-ansvarig och sk\u00f6ter drift, underh\u00e5ll och vidareutveckling av webbplatsen, s\u00e5 ni vet vem ni ska skylla p\u00e5 n\u00e4r det kr\u00e5nglar! SLAVA UKRAINI","sameAs":["https:\/\/spjutskaftet.se","https:\/\/x.com\/MatsExtrude"],"url":"https:\/\/johanno1.se\/sv\/author\/extrude\/"}]}},"_links":{"self":[{"href":"https:\/\/johanno1.se\/sv\/wp-json\/wp\/v2\/posts\/4653","targetHints":{"allow":["GET"]}}],"collection":[{"href":"https:\/\/johanno1.se\/sv\/wp-json\/wp\/v2\/posts"}],"about":[{"href":"https:\/\/johanno1.se\/sv\/wp-json\/wp\/v2\/types\/post"}],"author":[{"embeddable":true,"href":"https:\/\/johanno1.se\/sv\/wp-json\/wp\/v2\/users\/1"}],"replies":[{"embeddable":true,"href":"https:\/\/johanno1.se\/sv\/wp-json\/wp\/v2\/comments?post=4653"}],"version-history":[{"count":1,"href":"https:\/\/johanno1.se\/sv\/wp-json\/wp\/v2\/posts\/4653\/revisions"}],"predecessor-version":[{"id":4655,"href":"https:\/\/johanno1.se\/sv\/wp-json\/wp\/v2\/posts\/4653\/revisions\/4655"}],"wp:featuredmedia":[{"embeddable":true,"href":"https:\/\/johanno1.se\/sv\/wp-json\/wp\/v2\/media\/4654"}],"wp:attachment":[{"href":"https:\/\/johanno1.se\/sv\/wp-json\/wp\/v2\/media?parent=4653"}],"wp:term":[{"taxonomy":"category","embeddable":true,"href":"https:\/\/johanno1.se\/sv\/wp-json\/wp\/v2\/categories?post=4653"},{"taxonomy":"post_tag","embeddable":true,"href":"https:\/\/johanno1.se\/sv\/wp-json\/wp\/v2\/tags?post=4653"}],"curies":[{"name":"wp","href":"https:\/\/api.w.org\/{rel}","templated":true}]}}