{"id":4671,"date":"2026-05-01T06:54:59","date_gmt":"2026-05-01T04:54:59","guid":{"rendered":"https:\/\/johanno1.se\/?p=4671"},"modified":"2026-05-01T09:26:00","modified_gmt":"2026-05-01T07:26:00","slug":"ryssland-tycks-alska-att-fa-stryk-ryska-forluster-i-urkaina","status":"publish","type":"post","link":"https:\/\/johanno1.se\/sv\/ryssland-tycks-alska-att-fa-stryk-ryska-forluster-i-urkaina\/","title":{"rendered":"Ryssland tycks \u00e4lska att f\u00e5 stryk &#8211; Ryska f\u00f6rluster i Urkaina"},"content":{"rendered":"\n<p>De ryska f\u00f6rlusterna i deras illegala krig mot Ukraina h\u00e5ller sig p\u00e5 en tillfredst\u00e4llande niv\u00e5. <\/p>\n\n\n\n<ul class=\"wp-block-list\">\n<li>1420 KWIA <\/li>\n\n\n\n<li>2 Tanks <\/li>\n\n\n\n<li>3 AFVs <\/li>\n\n\n\n<li>100 Artillery systems <\/li>\n\n\n\n<li>1 MLRS <\/li>\n\n\n\n<li>1 Defense systems <\/li>\n\n\n\n<li>1924 UAVs <\/li>\n\n\n\n<li>403 Vehicles &amp; Fuel tanks <\/li>\n\n\n\n<li>2 Special equipment<\/li>\n<\/ul>\n\n\n\n<p>Om ni t\u00e4nkt g\u00e5 ut och demonstrera i dag, demonstrera i s\u00e5 fall f\u00f6r Ukraina och emot Ryssland.<\/p>\n\n\n\n<figure class=\"wp-block-image size-large losses\"><img loading=\"lazy\" decoding=\"async\" width=\"819\" height=\"1024\" src=\"https:\/\/johanno1.se\/wp-content\/uploads\/2026\/05\/2026-05-01-819x1024.jpg\" alt=\"\" class=\"wp-image-4672\" srcset=\"https:\/\/johanno1.se\/wp-content\/uploads\/2026\/05\/2026-05-01-819x1024.jpg 819w, https:\/\/johanno1.se\/wp-content\/uploads\/2026\/05\/2026-05-01-240x300.jpg 240w, https:\/\/johanno1.se\/wp-content\/uploads\/2026\/05\/2026-05-01-768x960.jpg 768w, https:\/\/johanno1.se\/wp-content\/uploads\/2026\/05\/2026-05-01.jpg 1024w\" sizes=\"auto, (max-width: 819px) 100vw, 819px\" \/><\/figure>\n\n\n\n<h2 class=\"wp-block-heading\">Rysslands aktiviteter<\/h2>\n\n\n\n<ul class=\"wp-block-list\">\n<li>138 combat clashes<\/li>\n\n\n\n<li>76 aviation strikes<\/li>\n\n\n\n<li>255 KAB\/CAB<\/li>\n\n\n\n<li>9 499 kamikaze drones <\/li>\n\n\n\n<li>3304 shells (49 from MLRS)<\/li>\n<\/ul>\n\n\n\n<p><strong>SLAVA UKRAINI<\/strong><\/p>\n","protected":false},"excerpt":{"rendered":"<p>De ryska f\u00f6rlusterna i deras illegala krig mot Ukraina h\u00e5ller sig p\u00e5 en tillfredst\u00e4llande niv\u00e5. Om ni t\u00e4nkt g\u00e5 ut [&hellip;]<\/p>\n","protected":false},"author":1,"featured_media":4672,"comment_status":"open","ping_status":"open","sticky":false,"template":"","format":"standard","meta":{"site-sidebar-layout":"default","site-content-layout":"","ast-site-content-layout":"default","site-content-style":"default","site-sidebar-style":"default","ast-global-header-display":"","ast-banner-title-visibility":"","ast-main-header-display":"","ast-hfb-above-header-display":"","ast-hfb-below-header-display":"","ast-hfb-mobile-header-display":"","site-post-title":"","ast-breadcrumbs-content":"","ast-featured-img":"","footer-sml-layout":"","ast-disable-related-posts":"","theme-transparent-header-meta":"","adv-header-id-meta":"","stick-header-meta":"","header-above-stick-meta":"","header-main-stick-meta":"","header-below-stick-meta":"","astra-migrate-meta-layouts":"default","ast-page-background-enabled":"default","ast-page-background-meta":{"desktop":{"background-color":"var(--ast-global-color-4)","background-image":"","background-repeat":"repeat","background-position":"center center","background-size":"auto","background-attachment":"scroll","background-type":"","background-media":"","overlay-type":"","overlay-color":"","overlay-opacity":"","overlay-gradient":""},"tablet":{"background-color":"","background-image":"","background-repeat":"repeat","background-position":"center center","background-size":"auto","background-attachment":"scroll","background-type":"","background-media":"","overlay-type":"","overlay-color":"","overlay-opacity":"","overlay-gradient":""},"mobile":{"background-color":"","background-image":"","background-repeat":"repeat","background-position":"center center","background-size":"auto","background-attachment":"scroll","background-type":"","background-media":"","overlay-type":"","overlay-color":"","overlay-opacity":"","overlay-gradient":""}},"ast-content-background-meta":{"desktop":{"background-color":"var(--ast-global-color-5)","background-image":"","background-repeat":"repeat","background-position":"center center","background-size":"auto","background-attachment":"scroll","background-type":"","background-media":"","overlay-type":"","overlay-color":"","overlay-opacity":"","overlay-gradient":""},"tablet":{"background-color":"var(--ast-global-color-5)","background-image":"","background-repeat":"repeat","background-position":"center center","background-size":"auto","background-attachment":"scroll","background-type":"","background-media":"","overlay-type":"","overlay-color":"","overlay-opacity":"","overlay-gradient":""},"mobile":{"background-color":"var(--ast-global-color-5)","background-image":"","background-repeat":"repeat","background-position":"center center","background-size":"auto","background-attachment":"scroll","background-type":"","background-media":"","overlay-type":"","overlay-color":"","overlay-opacity":"","overlay-gradient":""}},"footnotes":""},"categories":[18],"tags":[],"class_list":["post-4671","post","type-post","status-publish","format-standard","has-post-thumbnail","hentry","category-ukraina"],"yoast_head":"<!-- This site is optimized with the Yoast SEO plugin v27.5 - https:\/\/yoast.com\/product\/yoast-seo-wordpress\/ -->\n<title>Ryssland tycks \u00e4lska att f\u00e5 stryk - Ryska f\u00f6rluster i Urkaina - Kriget i Ukraina<\/title>\n<meta name=\"robots\" content=\"index, follow, max-snippet:-1, max-image-preview:large, max-video-preview:-1\" \/>\n<link rel=\"canonical\" href=\"https:\/\/johanno1.se\/sv\/ryssland-tycks-alska-att-fa-stryk-ryska-forluster-i-urkaina\/\" \/>\n<meta property=\"og:locale\" content=\"sv_SE\" \/>\n<meta property=\"og:type\" content=\"article\" \/>\n<meta property=\"og:title\" content=\"Ryssland tycks \u00e4lska att f\u00e5 stryk - Ryska f\u00f6rluster i Urkaina - Kriget i Ukraina\" \/>\n<meta property=\"og:description\" content=\"De ryska f\u00f6rlusterna i deras illegala krig mot Ukraina h\u00e5ller sig p\u00e5 en tillfredst\u00e4llande niv\u00e5. Om ni t\u00e4nkt g\u00e5 ut [&hellip;]\" \/>\n<meta property=\"og:url\" content=\"https:\/\/johanno1.se\/sv\/ryssland-tycks-alska-att-fa-stryk-ryska-forluster-i-urkaina\/\" \/>\n<meta property=\"og:site_name\" content=\"Johan No.1\" \/>\n<meta property=\"article:published_time\" content=\"2026-05-01T04:54:59+00:00\" \/>\n<meta property=\"article:modified_time\" content=\"2026-05-01T07:26:00+00:00\" \/>\n<meta property=\"og:image\" content=\"https:\/\/johanno1.se\/wp-content\/uploads\/2026\/05\/2026-05-01.jpg\" \/>\n\t<meta property=\"og:image:width\" content=\"1024\" \/>\n\t<meta property=\"og:image:height\" content=\"1280\" \/>\n\t<meta property=\"og:image:type\" content=\"image\/jpeg\" \/>\n<meta name=\"author\" content=\"MXT\" \/>\n<meta name=\"twitter:card\" content=\"summary_large_image\" \/>\n<meta name=\"twitter:creator\" content=\"@MatsExtrude\" \/>\n<meta name=\"twitter:label1\" content=\"Skriven av\" \/>\n\t<meta name=\"twitter:data1\" content=\"MXT\" \/>\n\t<meta name=\"twitter:label2\" content=\"Ber\u00e4knad l\u00e4stid\" \/>\n\t<meta name=\"twitter:data2\" content=\"1 minut\" \/>\n<script type=\"application\/ld+json\" class=\"yoast-schema-graph\">{\"@context\":\"https:\\\/\\\/schema.org\",\"@graph\":[{\"@type\":\"Article\",\"@id\":\"https:\\\/\\\/johanno1.se\\\/sv\\\/ryssland-tycks-alska-att-fa-stryk-ryska-forluster-i-urkaina\\\/#article\",\"isPartOf\":{\"@id\":\"https:\\\/\\\/johanno1.se\\\/sv\\\/ryssland-tycks-alska-att-fa-stryk-ryska-forluster-i-urkaina\\\/\"},\"author\":{\"name\":\"MXT\",\"@id\":\"https:\\\/\\\/johanno1.se\\\/sv\\\/#\\\/schema\\\/person\\\/b9a1e3c5f5da33b8e8a755f098951212\"},\"headline\":\"Ryssland tycks \u00e4lska att f\u00e5 stryk &#8211; Ryska f\u00f6rluster i Urkaina\",\"datePublished\":\"2026-05-01T04:54:59+00:00\",\"dateModified\":\"2026-05-01T07:26:00+00:00\",\"mainEntityOfPage\":{\"@id\":\"https:\\\/\\\/johanno1.se\\\/sv\\\/ryssland-tycks-alska-att-fa-stryk-ryska-forluster-i-urkaina\\\/\"},\"wordCount\":80,\"commentCount\":4,\"publisher\":{\"@id\":\"https:\\\/\\\/johanno1.se\\\/sv\\\/#organization\"},\"image\":{\"@id\":\"https:\\\/\\\/johanno1.se\\\/sv\\\/ryssland-tycks-alska-att-fa-stryk-ryska-forluster-i-urkaina\\\/#primaryimage\"},\"thumbnailUrl\":\"https:\\\/\\\/johanno1.se\\\/wp-content\\\/uploads\\\/2026\\\/05\\\/2026-05-01.jpg\",\"articleSection\":[\"Kriget i Ukraina\"],\"inLanguage\":\"sv-SE\",\"potentialAction\":[{\"@type\":\"CommentAction\",\"name\":\"Comment\",\"target\":[\"https:\\\/\\\/johanno1.se\\\/sv\\\/ryssland-tycks-alska-att-fa-stryk-ryska-forluster-i-urkaina\\\/#respond\"]}]},{\"@type\":\"WebPage\",\"@id\":\"https:\\\/\\\/johanno1.se\\\/sv\\\/ryssland-tycks-alska-att-fa-stryk-ryska-forluster-i-urkaina\\\/\",\"url\":\"https:\\\/\\\/johanno1.se\\\/sv\\\/ryssland-tycks-alska-att-fa-stryk-ryska-forluster-i-urkaina\\\/\",\"name\":\"Ryssland tycks \u00e4lska att f\u00e5 stryk - Ryska f\u00f6rluster i Urkaina - Kriget i Ukraina\",\"isPartOf\":{\"@id\":\"https:\\\/\\\/johanno1.se\\\/sv\\\/#website\"},\"primaryImageOfPage\":{\"@id\":\"https:\\\/\\\/johanno1.se\\\/sv\\\/ryssland-tycks-alska-att-fa-stryk-ryska-forluster-i-urkaina\\\/#primaryimage\"},\"image\":{\"@id\":\"https:\\\/\\\/johanno1.se\\\/sv\\\/ryssland-tycks-alska-att-fa-stryk-ryska-forluster-i-urkaina\\\/#primaryimage\"},\"thumbnailUrl\":\"https:\\\/\\\/johanno1.se\\\/wp-content\\\/uploads\\\/2026\\\/05\\\/2026-05-01.jpg\",\"datePublished\":\"2026-05-01T04:54:59+00:00\",\"dateModified\":\"2026-05-01T07:26:00+00:00\",\"breadcrumb\":{\"@id\":\"https:\\\/\\\/johanno1.se\\\/sv\\\/ryssland-tycks-alska-att-fa-stryk-ryska-forluster-i-urkaina\\\/#breadcrumb\"},\"inLanguage\":\"sv-SE\",\"potentialAction\":[{\"@type\":\"ReadAction\",\"target\":[\"https:\\\/\\\/johanno1.se\\\/sv\\\/ryssland-tycks-alska-att-fa-stryk-ryska-forluster-i-urkaina\\\/\"]}]},{\"@type\":\"ImageObject\",\"inLanguage\":\"sv-SE\",\"@id\":\"https:\\\/\\\/johanno1.se\\\/sv\\\/ryssland-tycks-alska-att-fa-stryk-ryska-forluster-i-urkaina\\\/#primaryimage\",\"url\":\"https:\\\/\\\/johanno1.se\\\/wp-content\\\/uploads\\\/2026\\\/05\\\/2026-05-01.jpg\",\"contentUrl\":\"https:\\\/\\\/johanno1.se\\\/wp-content\\\/uploads\\\/2026\\\/05\\\/2026-05-01.jpg\",\"width\":1024,\"height\":1280},{\"@type\":\"BreadcrumbList\",\"@id\":\"https:\\\/\\\/johanno1.se\\\/sv\\\/ryssland-tycks-alska-att-fa-stryk-ryska-forluster-i-urkaina\\\/#breadcrumb\",\"itemListElement\":[{\"@type\":\"ListItem\",\"position\":1,\"name\":\"Hem\",\"item\":\"https:\\\/\\\/johanno1.se\\\/sv\\\/\"},{\"@type\":\"ListItem\",\"position\":2,\"name\":\"Ryssland tycks \u00e4lska att f\u00e5 stryk &#8211; Ryska f\u00f6rluster i Urkaina\"}]},{\"@type\":\"WebSite\",\"@id\":\"https:\\\/\\\/johanno1.se\\\/sv\\\/#website\",\"url\":\"https:\\\/\\\/johanno1.se\\\/sv\\\/\",\"name\":\"Johan No.1\",\"description\":\"Kriget i Ukraina - V\u00e4rldsledande omv\u00e4rldsanalys fr\u00e5n Svensksund till den ryska brakf\u00f6rlusten i Ukraina\",\"publisher\":{\"@id\":\"https:\\\/\\\/johanno1.se\\\/sv\\\/#organization\"},\"potentialAction\":[{\"@type\":\"SearchAction\",\"target\":{\"@type\":\"EntryPoint\",\"urlTemplate\":\"https:\\\/\\\/johanno1.se\\\/sv\\\/?s={search_term_string}\"},\"query-input\":{\"@type\":\"PropertyValueSpecification\",\"valueRequired\":true,\"valueName\":\"search_term_string\"}}],\"inLanguage\":\"sv-SE\"},{\"@type\":\"Organization\",\"@id\":\"https:\\\/\\\/johanno1.se\\\/sv\\\/#organization\",\"name\":\"Johan No. 1\",\"url\":\"https:\\\/\\\/johanno1.se\\\/sv\\\/\",\"logo\":{\"@type\":\"ImageObject\",\"inLanguage\":\"sv-SE\",\"@id\":\"https:\\\/\\\/johanno1.se\\\/sv\\\/#\\\/schema\\\/logo\\\/image\\\/\",\"url\":\"https:\\\/\\\/johanno1.se\\\/wp-content\\\/uploads\\\/2025\\\/03\\\/cropped-No1-Logo.png\",\"contentUrl\":\"https:\\\/\\\/johanno1.se\\\/wp-content\\\/uploads\\\/2025\\\/03\\\/cropped-No1-Logo.png\",\"width\":512,\"height\":512,\"caption\":\"Johan No. 1\"},\"image\":{\"@id\":\"https:\\\/\\\/johanno1.se\\\/sv\\\/#\\\/schema\\\/logo\\\/image\\\/\"}},{\"@type\":\"Person\",\"@id\":\"https:\\\/\\\/johanno1.se\\\/sv\\\/#\\\/schema\\\/person\\\/b9a1e3c5f5da33b8e8a755f098951212\",\"name\":\"MXT\",\"image\":{\"@type\":\"ImageObject\",\"inLanguage\":\"sv-SE\",\"@id\":\"https:\\\/\\\/secure.gravatar.com\\\/avatar\\\/74fa4c492659dce280abcb04be56b0f457c131c7356cc691540aecee84b8780f?s=96&d=mm&r=g\",\"url\":\"https:\\\/\\\/secure.gravatar.com\\\/avatar\\\/74fa4c492659dce280abcb04be56b0f457c131c7356cc691540aecee84b8780f?s=96&d=mm&r=g\",\"contentUrl\":\"https:\\\/\\\/secure.gravatar.com\\\/avatar\\\/74fa4c492659dce280abcb04be56b0f457c131c7356cc691540aecee84b8780f?s=96&d=mm&r=g\",\"caption\":\"MXT\"},\"description\":\"Skriver fr\u00e4mst om kriget i Ukraina, men \u00e4ven om andra globala h\u00e4ndelser som kan p\u00e5verka utvecklingen. Gillar statisitk och redovisar bl.a. ryska f\u00f6rluster och en hel del annat. Postar mycket av nyheterna i kommentarerna som h\u00e4mtas fr\u00e5n olika k\u00e4llor. F\u00f6rutom Ukraina handlar det om olika h\u00e4ndelser i Sverige och Europa, klimatet, Israel-Palestina och f\u00f6rst\u00e5s en hel del kring USA och Trump. Har en f\u00f6rm\u00e5ga att reta upp de som gillar den sistn\u00e4mnde eftersom jag \u00e4r starkt kritiskt till det mesta han tar sig f\u00f6r. IT-ansvarig och sk\u00f6ter drift, underh\u00e5ll och vidareutveckling av webbplatsen, s\u00e5 ni vet vem ni ska skylla p\u00e5 n\u00e4r det kr\u00e5nglar! SLAVA UKRAINI\",\"sameAs\":[\"https:\\\/\\\/spjutskaftet.se\",\"https:\\\/\\\/x.com\\\/MatsExtrude\"],\"url\":\"https:\\\/\\\/johanno1.se\\\/sv\\\/author\\\/extrude\\\/\"}]}<\/script>\n<!-- \/ Yoast SEO plugin. -->","yoast_head_json":{"title":"Ryssland tycks \u00e4lska att f\u00e5 stryk - Ryska f\u00f6rluster i Urkaina - Kriget i Ukraina","robots":{"index":"index","follow":"follow","max-snippet":"max-snippet:-1","max-image-preview":"max-image-preview:large","max-video-preview":"max-video-preview:-1"},"canonical":"https:\/\/johanno1.se\/sv\/ryssland-tycks-alska-att-fa-stryk-ryska-forluster-i-urkaina\/","og_locale":"sv_SE","og_type":"article","og_title":"Ryssland tycks \u00e4lska att f\u00e5 stryk - Ryska f\u00f6rluster i Urkaina - Kriget i Ukraina","og_description":"De ryska f\u00f6rlusterna i deras illegala krig mot Ukraina h\u00e5ller sig p\u00e5 en tillfredst\u00e4llande niv\u00e5. Om ni t\u00e4nkt g\u00e5 ut [&hellip;]","og_url":"https:\/\/johanno1.se\/sv\/ryssland-tycks-alska-att-fa-stryk-ryska-forluster-i-urkaina\/","og_site_name":"Johan No.1","article_published_time":"2026-05-01T04:54:59+00:00","article_modified_time":"2026-05-01T07:26:00+00:00","og_image":[{"width":1024,"height":1280,"url":"https:\/\/johanno1.se\/wp-content\/uploads\/2026\/05\/2026-05-01.jpg","type":"image\/jpeg"}],"author":"MXT","twitter_card":"summary_large_image","twitter_creator":"@MatsExtrude","twitter_misc":{"Skriven av":"MXT","Ber\u00e4knad l\u00e4stid":"1 minut"},"schema":{"@context":"https:\/\/schema.org","@graph":[{"@type":"Article","@id":"https:\/\/johanno1.se\/sv\/ryssland-tycks-alska-att-fa-stryk-ryska-forluster-i-urkaina\/#article","isPartOf":{"@id":"https:\/\/johanno1.se\/sv\/ryssland-tycks-alska-att-fa-stryk-ryska-forluster-i-urkaina\/"},"author":{"name":"MXT","@id":"https:\/\/johanno1.se\/sv\/#\/schema\/person\/b9a1e3c5f5da33b8e8a755f098951212"},"headline":"Ryssland tycks \u00e4lska att f\u00e5 stryk &#8211; Ryska f\u00f6rluster i Urkaina","datePublished":"2026-05-01T04:54:59+00:00","dateModified":"2026-05-01T07:26:00+00:00","mainEntityOfPage":{"@id":"https:\/\/johanno1.se\/sv\/ryssland-tycks-alska-att-fa-stryk-ryska-forluster-i-urkaina\/"},"wordCount":80,"commentCount":4,"publisher":{"@id":"https:\/\/johanno1.se\/sv\/#organization"},"image":{"@id":"https:\/\/johanno1.se\/sv\/ryssland-tycks-alska-att-fa-stryk-ryska-forluster-i-urkaina\/#primaryimage"},"thumbnailUrl":"https:\/\/johanno1.se\/wp-content\/uploads\/2026\/05\/2026-05-01.jpg","articleSection":["Kriget i Ukraina"],"inLanguage":"sv-SE","potentialAction":[{"@type":"CommentAction","name":"Comment","target":["https:\/\/johanno1.se\/sv\/ryssland-tycks-alska-att-fa-stryk-ryska-forluster-i-urkaina\/#respond"]}]},{"@type":"WebPage","@id":"https:\/\/johanno1.se\/sv\/ryssland-tycks-alska-att-fa-stryk-ryska-forluster-i-urkaina\/","url":"https:\/\/johanno1.se\/sv\/ryssland-tycks-alska-att-fa-stryk-ryska-forluster-i-urkaina\/","name":"Ryssland tycks \u00e4lska att f\u00e5 stryk - Ryska f\u00f6rluster i Urkaina - Kriget i Ukraina","isPartOf":{"@id":"https:\/\/johanno1.se\/sv\/#website"},"primaryImageOfPage":{"@id":"https:\/\/johanno1.se\/sv\/ryssland-tycks-alska-att-fa-stryk-ryska-forluster-i-urkaina\/#primaryimage"},"image":{"@id":"https:\/\/johanno1.se\/sv\/ryssland-tycks-alska-att-fa-stryk-ryska-forluster-i-urkaina\/#primaryimage"},"thumbnailUrl":"https:\/\/johanno1.se\/wp-content\/uploads\/2026\/05\/2026-05-01.jpg","datePublished":"2026-05-01T04:54:59+00:00","dateModified":"2026-05-01T07:26:00+00:00","breadcrumb":{"@id":"https:\/\/johanno1.se\/sv\/ryssland-tycks-alska-att-fa-stryk-ryska-forluster-i-urkaina\/#breadcrumb"},"inLanguage":"sv-SE","potentialAction":[{"@type":"ReadAction","target":["https:\/\/johanno1.se\/sv\/ryssland-tycks-alska-att-fa-stryk-ryska-forluster-i-urkaina\/"]}]},{"@type":"ImageObject","inLanguage":"sv-SE","@id":"https:\/\/johanno1.se\/sv\/ryssland-tycks-alska-att-fa-stryk-ryska-forluster-i-urkaina\/#primaryimage","url":"https:\/\/johanno1.se\/wp-content\/uploads\/2026\/05\/2026-05-01.jpg","contentUrl":"https:\/\/johanno1.se\/wp-content\/uploads\/2026\/05\/2026-05-01.jpg","width":1024,"height":1280},{"@type":"BreadcrumbList","@id":"https:\/\/johanno1.se\/sv\/ryssland-tycks-alska-att-fa-stryk-ryska-forluster-i-urkaina\/#breadcrumb","itemListElement":[{"@type":"ListItem","position":1,"name":"Hem","item":"https:\/\/johanno1.se\/sv\/"},{"@type":"ListItem","position":2,"name":"Ryssland tycks \u00e4lska att f\u00e5 stryk &#8211; Ryska f\u00f6rluster i Urkaina"}]},{"@type":"WebSite","@id":"https:\/\/johanno1.se\/sv\/#website","url":"https:\/\/johanno1.se\/sv\/","name":"Johan No.1","description":"Kriget i Ukraina - V\u00e4rldsledande omv\u00e4rldsanalys fr\u00e5n Svensksund till den ryska brakf\u00f6rlusten i Ukraina","publisher":{"@id":"https:\/\/johanno1.se\/sv\/#organization"},"potentialAction":[{"@type":"SearchAction","target":{"@type":"EntryPoint","urlTemplate":"https:\/\/johanno1.se\/sv\/?s={search_term_string}"},"query-input":{"@type":"PropertyValueSpecification","valueRequired":true,"valueName":"search_term_string"}}],"inLanguage":"sv-SE"},{"@type":"Organization","@id":"https:\/\/johanno1.se\/sv\/#organization","name":"Johan No. 1","url":"https:\/\/johanno1.se\/sv\/","logo":{"@type":"ImageObject","inLanguage":"sv-SE","@id":"https:\/\/johanno1.se\/sv\/#\/schema\/logo\/image\/","url":"https:\/\/johanno1.se\/wp-content\/uploads\/2025\/03\/cropped-No1-Logo.png","contentUrl":"https:\/\/johanno1.se\/wp-content\/uploads\/2025\/03\/cropped-No1-Logo.png","width":512,"height":512,"caption":"Johan No. 1"},"image":{"@id":"https:\/\/johanno1.se\/sv\/#\/schema\/logo\/image\/"}},{"@type":"Person","@id":"https:\/\/johanno1.se\/sv\/#\/schema\/person\/b9a1e3c5f5da33b8e8a755f098951212","name":"MXT","image":{"@type":"ImageObject","inLanguage":"sv-SE","@id":"https:\/\/secure.gravatar.com\/avatar\/74fa4c492659dce280abcb04be56b0f457c131c7356cc691540aecee84b8780f?s=96&d=mm&r=g","url":"https:\/\/secure.gravatar.com\/avatar\/74fa4c492659dce280abcb04be56b0f457c131c7356cc691540aecee84b8780f?s=96&d=mm&r=g","contentUrl":"https:\/\/secure.gravatar.com\/avatar\/74fa4c492659dce280abcb04be56b0f457c131c7356cc691540aecee84b8780f?s=96&d=mm&r=g","caption":"MXT"},"description":"Skriver fr\u00e4mst om kriget i Ukraina, men \u00e4ven om andra globala h\u00e4ndelser som kan p\u00e5verka utvecklingen. Gillar statisitk och redovisar bl.a. ryska f\u00f6rluster och en hel del annat. Postar mycket av nyheterna i kommentarerna som h\u00e4mtas fr\u00e5n olika k\u00e4llor. F\u00f6rutom Ukraina handlar det om olika h\u00e4ndelser i Sverige och Europa, klimatet, Israel-Palestina och f\u00f6rst\u00e5s en hel del kring USA och Trump. Har en f\u00f6rm\u00e5ga att reta upp de som gillar den sistn\u00e4mnde eftersom jag \u00e4r starkt kritiskt till det mesta han tar sig f\u00f6r. IT-ansvarig och sk\u00f6ter drift, underh\u00e5ll och vidareutveckling av webbplatsen, s\u00e5 ni vet vem ni ska skylla p\u00e5 n\u00e4r det kr\u00e5nglar! SLAVA UKRAINI","sameAs":["https:\/\/spjutskaftet.se","https:\/\/x.com\/MatsExtrude"],"url":"https:\/\/johanno1.se\/sv\/author\/extrude\/"}]}},"_links":{"self":[{"href":"https:\/\/johanno1.se\/sv\/wp-json\/wp\/v2\/posts\/4671","targetHints":{"allow":["GET"]}}],"collection":[{"href":"https:\/\/johanno1.se\/sv\/wp-json\/wp\/v2\/posts"}],"about":[{"href":"https:\/\/johanno1.se\/sv\/wp-json\/wp\/v2\/types\/post"}],"author":[{"embeddable":true,"href":"https:\/\/johanno1.se\/sv\/wp-json\/wp\/v2\/users\/1"}],"replies":[{"embeddable":true,"href":"https:\/\/johanno1.se\/sv\/wp-json\/wp\/v2\/comments?post=4671"}],"version-history":[{"count":2,"href":"https:\/\/johanno1.se\/sv\/wp-json\/wp\/v2\/posts\/4671\/revisions"}],"predecessor-version":[{"id":4678,"href":"https:\/\/johanno1.se\/sv\/wp-json\/wp\/v2\/posts\/4671\/revisions\/4678"}],"wp:featuredmedia":[{"embeddable":true,"href":"https:\/\/johanno1.se\/sv\/wp-json\/wp\/v2\/media\/4672"}],"wp:attachment":[{"href":"https:\/\/johanno1.se\/sv\/wp-json\/wp\/v2\/media?parent=4671"}],"wp:term":[{"taxonomy":"category","embeddable":true,"href":"https:\/\/johanno1.se\/sv\/wp-json\/wp\/v2\/categories?post=4671"},{"taxonomy":"post_tag","embeddable":true,"href":"https:\/\/johanno1.se\/sv\/wp-json\/wp\/v2\/tags?post=4671"}],"curies":[{"name":"wp","href":"https:\/\/api.w.org\/{rel}","templated":true}]}}