{"id":5740,"date":"2026-09-01T07:01:00","date_gmt":"2026-09-01T05:01:00","guid":{"rendered":"https:\/\/johanno1.se\/?p=5740"},"modified":"2026-09-01T09:20:09","modified_gmt":"2026-09-01T07:20:09","slug":"ukraina-frontuppdatering-1-september-2026","status":"publish","type":"post","link":"https:\/\/johanno1.se\/sv\/ukraina-frontuppdatering-1-september-2026\/","title":{"rendered":"Ukraina frontuppdatering, 1 September 2026"},"content":{"rendered":"\n<p class=\"wp-block-paragraph\">Lite goda nyheter har vi i allafall fr\u00e5n Ukraina att b\u00f6rja veckan med. Man brygger sig en kopp kaffe, s\u00e4ger till chefen att man m\u00e5ste fundera p\u00e5 hur problemet skall l\u00f6sas och sen tar man en halvtimme att l\u00e4sa inl\u00e4gget &#8211; fungerar varje g\u00e5ng tills chefen kommer p\u00e5 att han aldrig n\u00e4mnt n\u00e5got problem s\u00e5 det g\u00e4ller att variera sig lite, of\u00f6ruts\u00e4gbart \u00e4r alltid b\u00e4st.<\/p>\n\n\n\n<p class=\"wp-block-paragraph\">Ukraina skall sj\u00e4lva f\u00e5 tillverka ASTER (ballistisk interceptor) och Storm Shadow. Eftersom vi i Europa inte klarar av att skala upp tillverkningen n\u00e4mv\u00e4rt har nu sent omsider r\u00e4tt beslut fattats. Vi gick igenom ASTER f\u00f6r ett tag sedan om ni minns.<\/p>\n\n\n\n<p class=\"wp-block-paragraph\">Om man f\u00e5r gissa har Ukraina redan demonterat n\u00e5gra interceptorer och robotar, tillverkat maskinerna och v\u00e4ntar bara p\u00e5 att lagligen f\u00e5 tillverka dom. 3D printrarna v\u00e4ntar p\u00e5 ritningarna.<\/p>\n\n\n\n<p class=\"wp-block-paragraph\">Aster kommer v\u00e4l ers\u00e4tta Patriot helt i Europa om n\u00e5t \u00e5r n\u00e4r Ukraina spottar ut tusentals, och Storm Shadow blir go-to roboten f\u00f6r wetworks.<\/p>\n\n\n\n<p class=\"wp-block-paragraph\">Nu beh\u00f6ver vi s\u00e5klart tiden men UA vapenindustri jobbar p\u00e5 25% kapacitet just nu enligt dom sj\u00e4lva och det sitter 200mrdr eur frysta oligarkpesetas i banker i Belgien som alla nu verkar vara \u00f6verens p\u00e5 ett eller annat s\u00e4tt skall till Ukraina f\u00f6rutom dom j\u00e4vla belgarna.<\/p>\n\n\n\n<p class=\"wp-block-paragraph\">Lite som n\u00e4r man v\u00e4ntar p\u00e5 att en gejser ska explodera i Yellowstone ungef\u00e4r, vi var faktiskt d\u00e4r n\u00e5ng\u00e5ng men gejsrarna hade tagit helg, men vi blev jagade av en stor bisonoxe.<\/p>\n\n\n\n<p class=\"wp-block-paragraph\">Vi \u00e4r i ett race med Kina som f\u00f6rs\u00f6ker pallra upp Ryssland motsvarande s\u00e5 bra om det h\u00e4r kommer ig\u00e5ng nu.<\/p>\n\n\n\n<p class=\"wp-block-paragraph\">Allt annat tillverkas v\u00e4l s\u00e5 det d\u00e4r var de tv\u00e5 stora bromsklossarna och spetsflyget kan dom inte 3D printa fram eller bocka till i garage \u00e4nnu p\u00e5 n\u00e5t halv\u00e5r.<\/p>\n\n\n\n<p class=\"wp-block-paragraph\">Segt att heta tillverkaren av Taurus just nu, dom hade grav\u00f6l n\u00e4r dom inte ens f\u00e5r vara med p\u00e5 licenstillverkning f\u00f6r Tyskland. Varf\u00f6r vi inte tillverkat n\u00e5gra tusen av dom sedan 2022 \u00e4r ett mysterium vi aldrig f\u00e5r svaret p\u00e5, jag har gissat att tyska staten bromsat f\u00f6r det ligger garanterat en ans\u00f6kan i veckan p\u00e5 f\u00f6rsvarsministerns bord om antingen k\u00f6p eller licenstillverkning fr\u00e5n Ukraina. Om ni minns har vi diskuterat att tillverkaren redan 2022- 2023 erbj\u00f6d sig att skala upp produktionen av Taurus n\u00e5got enormt och dessutom s\u00e4nka priset till billigaste pris, men ingen k\u00f6pte europas modernaste robot.<\/p>\n\n\n\n<p class=\"wp-block-paragraph\">Jag \u00e4r nu av \u00e5sikten att Europa kommer fatta de sv\u00e5ra besluten som kr\u00e4vs och att det m\u00f6jliga klivet rakt p\u00e5 minan is\u00e5fall \u00e4r att Putin lyckas hamna innanf\u00f6r v\u00e5r beslutscirkel s\u00e5 det blir f\u00f6r lite f\u00f6r sent. Nu var han s\u00e5 pass dum att han dels djupmarinerade oss i uppenbart hybridkrig samtidigt som han beh\u00f6ver v\u00e4nta p\u00e5 Dumavalet 20-21 September vilket gav oss tiden att komma i ordning.<\/p>\n\n\n\n<p class=\"wp-block-paragraph\">Hade han inte gjort det och ist\u00e4llet k\u00f6rt in sina tv\u00e5 sysslol\u00f6sa arm\u00e9k\u00e5rer rakt genom Baltikum f\u00f6ranlett av infiltration p\u00e5 djupet helt utan f\u00f6rvarning hade vi haft ett fate-compli att ta st\u00e4llning till ist\u00e4llet med alla m\u00f6jliga attraktiva v\u00e4gar att backa ur f\u00f6r fred i v\u00e5r tid, speciellt n\u00e4r alla sitter i sk\u00e4rg\u00e5rdesstugan och dricker ros\u00e9vin mitt i djupaste semestern.<\/p>\n\n\n\n<p class=\"wp-block-paragraph\">Det h\u00e4r kommer historikerna br\u00e5ka om n\u00e4stkommande 40\u00e5r i vanlig ordning och bli snorrika p\u00e5 sina b\u00f6cker d\u00e4r dom snott 90% av materialet fr\u00e5n johanno1.se.<\/p>\n\n\n\n<p class=\"wp-block-paragraph\">Burnham verkar ha skickat massa Storm Shadow och r\u00e4tt s\u00e4ker p\u00e5 att Ukraina f\u00e5tt tillverka franska Hammer som \u00e4r deras version av JDAMS f\u00f6r i insatsen mot 51st CAA (arm\u00e9stab) precis n\u00e4r dom hade ett h\u00f6gre stabsm\u00f6te i sin bunker var n\u00e5t dussin stora detonationer rapporterades det om. Stor del av arm\u00e9staben slogs ut.<\/p>\n\n\n\n<figure class=\"wp-block-image is-resized\"><a class=\"image-link image2 is-viewable-img\" href=\"https:\/\/substackcdn.com\/image\/fetch\/$s_!Jbec!,f_auto,q_auto:good,fl_progressive:steep\/https%3A%2F%2Fsubstack-post-media.s3.amazonaws.com%2Fpublic%2Fimages%2Fe5c876a8-1973-4435-97dc-3c79638c48ef_828x1339.jpeg\" target=\"_blank\" rel=\"noopener\"><img decoding=\"async\" src=\"https:\/\/substackcdn.com\/image\/fetch\/$s_!Jbec!,w_1456,c_limit,f_auto,q_auto:good,fl_progressive:steep\/https%3A%2F%2Fsubstack-post-media.s3.amazonaws.com%2Fpublic%2Fimages%2Fe5c876a8-1973-4435-97dc-3c79638c48ef_828x1339.jpeg\" alt=\"\" style=\"aspect-ratio:0.6183878166613532;width:320px;height:auto\"\/><\/a><\/figure>\n\n\n\n<p class=\"wp-block-paragraph\">Nu b\u00f6rjar Lyman komma ut \u2013 vi har l\u00e4nge h\u00e5llit koll p\u00e5 det omr\u00e5det och nu verkar det vara ute utanf\u00f6r Budanov och mig som varit de enda som k\u00e4nt till operationen, soldaterna sj\u00e4lva har haft kartor som \u00e4r spegelv\u00e4nda och trodde dom stred i Oskil, s\u00e5 hemligt var det allts\u00e5.<\/p>\n\n\n\n<figure class=\"wp-block-image is-resized\"><a class=\"image-link image2 is-viewable-img\" href=\"https:\/\/substackcdn.com\/image\/fetch\/$s_!yejj!,f_auto,q_auto:good,fl_progressive:steep\/https%3A%2F%2Fsubstack-post-media.s3.amazonaws.com%2Fpublic%2Fimages%2F41357356-004d-45a8-aa12-2d53cbf96eb1_701x824.jpeg\" target=\"_blank\" rel=\"noopener\"><img decoding=\"async\" src=\"https:\/\/substackcdn.com\/image\/fetch\/$s_!yejj!,w_1456,c_limit,f_auto,q_auto:good,fl_progressive:steep\/https%3A%2F%2Fsubstack-post-media.s3.amazonaws.com%2Fpublic%2Fimages%2F41357356-004d-45a8-aa12-2d53cbf96eb1_701x824.jpeg\" alt=\"\" style=\"aspect-ratio:0.8507281553398058;width:701px;height:auto\"\/><\/a><\/figure>\n\n\n\n<p class=\"wp-block-paragraph\">Lite varierande om det \u00e4r 4000st-2000st-500st som \u00e4r omfattade och man verkar ha slagit in kilen lite l\u00e4ngre v\u00e4sterut \u00e4n vad jag gav Budanov direktiv om, men ser bra ut.<\/p>\n\n\n\n<p class=\"wp-block-paragraph\">Faktum \u00e4r att det p\u00e5g\u00e5r \u00e4ven en framryckning mot Terny ocks\u00e5 och d\u00e5 \u00e4r det lite fler som f\u00e5r sv\u00e5rt att retirera.<\/p>\n\n\n\n<figure class=\"wp-block-image is-resized\"><a class=\"image-link image2 is-viewable-img\" href=\"https:\/\/substackcdn.com\/image\/fetch\/$s_!C2Fm!,f_auto,q_auto:good,fl_progressive:steep\/https%3A%2F%2Fsubstack-post-media.s3.amazonaws.com%2Fpublic%2Fimages%2F4d511bab-3568-4fbc-9f31-723f330297c1_915x741.png\" target=\"_blank\" rel=\"noopener\"><img decoding=\"async\" src=\"https:\/\/substackcdn.com\/image\/fetch\/$s_!C2Fm!,w_1456,c_limit,f_auto,q_auto:good,fl_progressive:steep\/https%3A%2F%2Fsubstack-post-media.s3.amazonaws.com%2Fpublic%2Fimages%2F4d511bab-3568-4fbc-9f31-723f330297c1_915x741.png\" alt=\"\" style=\"aspect-ratio:1.2348178137651822;width:915px;height:auto\"\/><\/a><\/figure>\n\n\n\n<p class=\"wp-block-paragraph\">I det tysta, p\u00e5 grund av strikt OPSEC, genomf\u00f6r nu Ukraina offensiva operationer p\u00e5 flertalet platser inom ramen f\u00f6r k\u00e5rernas geografiska omr\u00e5den och mandat gissar jag?<\/p>\n\n\n\n<p class=\"wp-block-paragraph\">N\u00e5n stor \u00f6vergripande strategisk offensiv typ korsa Dnepr eller genombrott skulle vi h\u00f6ra om p\u00e5 dagen, det h\u00e4r \u00e4r arm\u00e9k\u00e5rerna som genomf\u00f6r operationer \u00f6ver l\u00e5ng tid.<\/p>\n\n\n\n<p class=\"wp-block-paragraph\">Vi f\u00f6rleds av OPSEC att tro att det inte h\u00e4nder s\u00e5 mycket men Ukrainas arm\u00e9k\u00e5rer genomf\u00f6r nu allts\u00e5 offensiva operationer p\u00e5 m\u00e5nga platser \u2013 sommaroffensiven 2026.<\/p>\n\n\n\n<p class=\"wp-block-paragraph\">Till exempel fartygen i Svarta Havet, det tog aldrig slut men UA slutade rapportera om det och dom s\u00e4nker flytetyg varje dag.<\/p>\n\n\n\n<p class=\"wp-block-paragraph\">Andra vi diskuterat \u00e4r nere vid Kamyanske och sen har v\u00e4l ryska 90th TD en tuff period ocks\u00e5. Skall vara n\u00e5gra till dom h\u00e5ller tyst om men det kommer v\u00e4l ut s\u00e5 sm\u00e5ningom.<\/p>\n\n\n\n<p class=\"wp-block-paragraph\">Nu har Drapatyi iallafall fattat r\u00e4tt beslut tidigt och Donetsk-fronten skall delas upp i tv\u00e5 \u201darm\u00e9grupper\u201d d\u00e4r Prokopenko (1st Azov) och Biletskyi (3rd AC) f\u00e5r chefa \u00f6ver varsin gruppering.<\/p>\n\n\n\n<p class=\"wp-block-paragraph\">Arm\u00e9grupp Azov.<\/p>\n\n\n\n<figure class=\"wp-block-image is-resized\"><a class=\"image-link image2 is-viewable-img\" href=\"https:\/\/substackcdn.com\/image\/fetch\/$s_!L1PQ!,f_auto,q_auto:good,fl_progressive:steep\/https%3A%2F%2Fsubstack-post-media.s3.amazonaws.com%2Fpublic%2Fimages%2F6b560fcb-c9bf-4186-93fa-2cdbc83ad603_828x956.jpeg\" target=\"_blank\" rel=\"noopener\"><img decoding=\"async\" src=\"https:\/\/substackcdn.com\/image\/fetch\/$s_!L1PQ!,w_1456,c_limit,f_auto,q_auto:good,fl_progressive:steep\/https%3A%2F%2Fsubstack-post-media.s3.amazonaws.com%2Fpublic%2Fimages%2F6b560fcb-c9bf-4186-93fa-2cdbc83ad603_828x956.jpeg\" alt=\"\" style=\"aspect-ratio:0.8661346951803384;width:290px;height:auto\"\/><\/a><\/figure>\n\n\n\n<p class=\"wp-block-paragraph\">Dom g\u00e5r allts\u00e5 ifr\u00e5n k\u00e5rchefer till milit\u00e4romr\u00e5deschefer vid \u00f6stfronten och f\u00e5r ett stort omr\u00e5de vardera med f\u00f6rmodade brigader och kanske arm\u00e9k\u00e5rer underst\u00e4llda sig?<\/p>\n\n\n\n<p class=\"wp-block-paragraph\">Har viskats om totalt 100 000st under deras ansvar, och dom har direktlina till Magyars Birds.<\/p>\n\n\n\n<figure class=\"wp-block-image is-resized\"><a class=\"image-link image2 is-viewable-img\" href=\"https:\/\/substackcdn.com\/image\/fetch\/$s_!3EyB!,f_auto,q_auto:good,fl_progressive:steep\/https%3A%2F%2Fsubstack-post-media.s3.amazonaws.com%2Fpublic%2Fimages%2Fbd30a2d3-684c-408a-b8da-1f7580142983_828x968.jpeg\" target=\"_blank\" rel=\"noopener\"><img decoding=\"async\" src=\"https:\/\/substackcdn.com\/image\/fetch\/$s_!3EyB!,w_1456,c_limit,f_auto,q_auto:good,fl_progressive:steep\/https%3A%2F%2Fsubstack-post-media.s3.amazonaws.com%2Fpublic%2Fimages%2Fbd30a2d3-684c-408a-b8da-1f7580142983_828x968.jpeg\" alt=\"\" style=\"aspect-ratio:0.8553851918933266;width:298px;height:auto\"\/><\/a><\/figure>\n\n\n\n<p class=\"wp-block-paragraph\">Ett b\u00e4ttre beslut f\u00e5r man leta efter, b\u00e4gge har stridit som gudar fr\u00e5n grupp, pluton, kompani, bataljon, brigad och nu sist arm\u00e9k\u00e5r, Prokopenko har v\u00e4l dessutom varit krigsf\u00e5nge?<\/p>\n\n\n\n<p class=\"wp-block-paragraph\">Dom har spridit sin kompetens genom att anst\u00e4lla dugliga truppchefer under sig och rekryteringen har varit frivillig hela kriget. B\u00e5de 3rd Assault Brigade och Azov var extremt tidiga med sv\u00e5ra moment som dr\u00f6narkrigf\u00f6ring, v\u00e4rnresning och mekanfall.<\/p>\n\n\n\n<p class=\"wp-block-paragraph\">Genom hela kriget har dom stridit med det dom har, l\u00f6st uppgiften d\u00e4r andra hade k\u00e4nt att dom hade f\u00f6r lite. Aldrig backat f\u00f6r en fajt, gladeligen hj\u00e4lpt till vid de sv\u00e5raste omr\u00e5dena och alltid f\u00f6rs\u00f6kt f\u00e5 mer autonomi och sj\u00e4lvbest\u00e4mmande f\u00f6r b\u00e4sta m\u00f6jliga strid.<\/p>\n\n\n\n<p class=\"wp-block-paragraph\">Dessa tv\u00e5 gick aldrig att kontrollera f\u00f6r tidigare \u00d6B s\u00e5 pass stor var deras legendstatus, att man nu ger dom totalansvar f\u00f6r hela Donetsk \u00e4r f\u00f6rmodligen Putins v\u00e4rsta mardr\u00f6m.<\/p>\n\n\n\n<p class=\"wp-block-paragraph\">F\u00f6rv\u00e4nta er en flodv\u00e5g av anti-nazistpropaganda fr\u00e5n RU f\u00f6r det h\u00e4r gillade dom inte.<\/p>\n\n\n\n<p class=\"wp-block-paragraph\">Sen g\u00f6r dom en st\u00e4llf\u00f6retr\u00e4dande Air Assault-k\u00e5rchef till \u00f6vergripande chef f\u00f6r Slovyansk-Kramatorsks f\u00f6rsvar, f\u00f6rmodligen ocks\u00e5 ypperligt slugt att man bryter ut sj\u00e4lva f\u00f6rsvarsstriden av f\u00e4stningsomr\u00e5det till egen truppchef.<\/p>\n\n\n\n<p class=\"wp-block-paragraph\">Nu kan nog vadsomhelst h\u00e4nda n\u00e4r r\u00e4tt m\u00e4n med r\u00e4tt verktyg \u00e4r p\u00e5 r\u00e4tt plats \u2013 Putin \u00e4r iallafall braksur \u00f6ver personalpolitiken och whatsappar Trump mitt i natten f\u00f6r att prata av sig.<\/p>\n\n\n\n<p class=\"wp-block-paragraph\">Sen skall Zelensky f\u00f6rst\u00e4rka Zaporizha, bra bra f\u00f6r Azovst\u00f6ten \u00e4r lite f\u00f6rsenad efter den tidsplan jag gav honom tidigare. P\u00e5 v\u00e5ra projekt blir det liquidated damages f\u00f6r s\u00e5nt men jag har inte \u00e5beropat det \u00e4nnu i mitt kontrakt med Ukraina.<\/p>\n\n\n\n<p class=\"wp-block-paragraph\">L\u00e4get \u00e4r som alltid sv\u00e5rt men Ukraina g\u00e5r fram\u00e5t varje dag, dom har inte hela initiativet och dom bryter inte igenom p\u00e5 djupet men det h\u00e4r g\u00e5r inte speciellt bra alls f\u00f6r Putin nu som mest f\u00e5r ta emot v\u00e5ldsamma \u00f6rfilar just nu.<\/p>\n\n\n\n<p class=\"wp-block-paragraph\">Wildberries blev Ozon och kommer bli insolventa banker \u2013 vi \u00e4r s\u00e4kert redan d\u00e4r d\u00e5 b\u00e4gge var h\u00f6gbel\u00e5nade och nu avskrivna, Ozon \u00e4r dessutom b\u00f6rsnoterat. Hatten av f\u00f6r den som kom p\u00e5 det, mycket snyggt.<\/p>\n\n\n\n<p class=\"wp-block-paragraph\">Ett kinesiskt samprojekt f\u00f6r n\u00e5n kemisk fabrik som tagit sex \u00e5r att bygga tog Ukraina tv\u00e5 dr\u00f6nare att demontera \u2013 protestnoten fr\u00e5n Xi Jinping l\u00e4ste ingen, tappade bort l\u00e4nken.<\/p>\n\n\n\n<p class=\"wp-block-paragraph\">Jag hade den 27 Augusti hela 194st attacker p\u00e5 raffinaderier totalt under kriget, det \u00e4r stora dr\u00f6nare i destillationstorn eller rej\u00e4la br\u00e4nder s\u00e5 ingen liten knuff d\u00e4r inte.<\/p>\n\n\n\n<p class=\"wp-block-paragraph\">Dom har vidgat sina vyer till oljedep\u00e5er, exportinfrastruktur vid hamnar, ledningsnoder, pumpstationer och \u00e4ven oljef\u00e4lten s\u00e5 det \u00e4r l\u00e4tt att f\u00f6rst\u00e5 varf\u00f6r Ryssland m\u00e5ste k\u00f6pa drivmedel av Turkiet och Indien nu.<\/p>\n\n\n\n<p class=\"wp-block-paragraph\">Inget av detta stoppar kriget p\u00e5 dagen alls och Putins oligarkpolare kan bara g\u00e5 in och k\u00f6pa upp insolventa f\u00f6retag som dom sitter p\u00e5 tills krigsslutet, men Ukraina g\u00f6r skada.<\/p>\n\n\n\n<p class=\"wp-block-paragraph\">51st CAA \u00e4r andra arm\u00e9staben p\u00e5 n\u00e5n m\u00e5nad och man klipper till n\u00e4r det \u00e4r stabsm\u00f6te f\u00f6r maximal gl\u00e4dje. Utan arm\u00e9stab blir det tyst i f\u00e4ltapan och ni vet alla hur mycket initativ en rysk truppchef sj\u00e4lv v\u00e5gar ta.<\/p>\n\n\n\n<p class=\"wp-block-paragraph\">Ja, Putin kan \u00f6ka insatserna med mobilisering, robotar och kanske taktiska k\u00e4rnvapen men ut\u00f6ver det sitter han bara och tar emot stryk nu. Ukraina lovar \u201dnuclear dust\u201d som svar p\u00e5 k\u00e4rnvapen, lite byggdamm fr\u00e5n n\u00e5t k\u00e4rnkraftverk blandat med svartkrut och levererat med dr\u00f6nare \u00f6ver Moskva \u2013 ett vettigt svar tycker jag som dom l\u00e5tit olika sakkunniga i media resonera kring.<\/p>\n\n\n\n<p class=\"wp-block-paragraph\">Europa har helt v\u00e4nt sig mot honom och det \u00e4r lite Trump kan g\u00f6ra, dessutom satte USA ned foten inf\u00f6r Putins planer p\u00e5 ett stor-Baltikum &#8211; Deepstate br\u00f6t sig ur f\u00f6rtrollningen.<\/p>\n\n\n\n<p class=\"wp-block-paragraph\">Nu vill vi se en v\u00e5ldsam dr\u00f6narkampanj mot \u00d6stersj\u00f6n under n\u00e5gra m\u00e5nader tillsammans med alla m\u00e5l i omr\u00e5det upp mot Baltikum \u2013 det vore bra.<\/p>\n\n\n\n<p class=\"wp-block-paragraph\">\u00d6stersj\u00f6n \u00e4r n\u00e4stan l\u00f6jligt lugnt n\u00e4r vi vet hur skicket \u00e4r p\u00e5 ryska svartahavsflottan, och att dom ligger efter i \u00d6stersj\u00f6n i f\u00f6rberedelser d\u00e5 dom varit fredade.<\/p>\n\n\n\n<p class=\"wp-block-paragraph\">Kaliningrad kan Ukraina ocks\u00e5 f\u00e5 ge sig p\u00e5, varf\u00f6r inte skjuta in Storm Shadow och franska hammers d\u00e4r f\u00f6r att markera lite?<\/p>\n\n\n\n<p class=\"wp-block-paragraph\">Roar man sig under tv\u00e5 veckor med att sl\u00e5 ut allt luftv\u00e4rn och radar drar det v\u00e4l ned boxershortsen rej\u00e4lt p\u00e5 Putin?<\/p>\n\n\n\n<p class=\"wp-block-paragraph\">Jo, jag vet att Burnham s\u00e4ger mycket men att UK ocks\u00e5 har en gr\u00e4ns fortfarande, dr\u00f6mma f\u00e5r man en M\u00e5ndag.<\/p>\n\n\n\n<p class=\"wp-block-paragraph\">Faktum \u00e4r att 2-3st ukrainska brigader mellan Rezekhne \u2013 Tartu nog skulle bygga den tr\u00f6skel Putin inte vill se?<\/p>\n\n\n\n<p class=\"wp-block-paragraph\">Dom kan dessutom tr\u00e4na balterna oavbrutet.<\/p>\n\n\n\n<p class=\"wp-block-paragraph\">\u00c4r det politiskt mindre spr\u00e4ngfyllt \u00e4n v\u00e5ra f\u00f6rband d\u00e4r, vet inte.<\/p>\n\n\n\n<p class=\"wp-block-paragraph\">Varf\u00f6r Ukraina skulle g\u00f6ra det \u00e4r dock en bra fr\u00e5ga.<\/p>\n\n\n\n<p class=\"wp-block-paragraph\">Putin \u00e4r extremt tr\u00e4ngd, han kommer eskalera \u2013 det \u00e4r f\u00f6r l\u00e5ngt g\u00e5nget punkt och det \u00e4r sj\u00e4lvspelande. Det enda som kommer avh\u00e5lla honom \u00e4r om sannolikheten f\u00f6r att \u00e5ka p\u00e5 brakstryk \u00e4r f\u00f6r h\u00f6g \u00e4ven f\u00f6r hans jas\u00e4gande livr\u00e4dda analytiker.<\/p>\n\n\n\n<p class=\"wp-block-paragraph\">Men&#8230;<\/p>\n\n\n\n<p class=\"wp-block-paragraph\">Ukraina orsakar skada p\u00e5 riktigt nu och oviljan att kriga f\u00f6r arm\u00e9n och oviljan att se sin tillvaro raseras f\u00f6r medborgarna skall inte underskattas.<\/p>\n\n\n\n<p class=\"wp-block-paragraph\">Putin kan hantera maktstrider, det grips eller m\u00f6rdas r\u00e4nksmidare hela tiden och ett par till bara f\u00f6r att ta de s\u00e4kra f\u00f6re det os\u00e4kra.<\/p>\n\n\n\n<p class=\"wp-block-paragraph\">Det enda han och hans medbrottslingar \u00e4r livr\u00e4dda f\u00f6r \u00e4r att tappa kontrollen \u00f6ver arm\u00e9n eller folklig resning \u2013 det kan ingen ledare n\u00e5gonsin hantera.<\/p>\n\n\n\n<p class=\"wp-block-paragraph\">Kommer vi dit \u2013 mobilisering \u00e4r ett ypperligt f\u00f6rsta steg och det har suttit l\u00e5ngt inne f\u00f6r Putin, vi diskuterade detta redan h\u00f6sten 2022.<\/p>\n\n\n\n<p class=\"wp-block-paragraph\">600 000st under vapen \u00e4r lika m\u00e5nga vapen som kan v\u00e4ndas emot honom, och det \u00e4r siffran som flyger runt nu p\u00e5 numer\u00e4ren som skall mobiliseras med b\u00f6rjan i h\u00f6st.<\/p>\n\n\n\n<p class=\"wp-block-paragraph\">Putin beh\u00f6ver visa upp en seger r\u00e4tt snart och d\u00e4rf\u00f6r kommer han eskalera men det \u00e4r en enorm risk speciellt med Ukraina som f\u00f6r fullt assymetriskt krig. Dudajev har redan f\u00f6rutsett detta.<\/p>\n\n\n\n<p class=\"wp-block-paragraph\">Klarar Europa bara av att balansera detta nu b\u00f6r vi komma dit men varje sv\u00e5rt beslut vi tar nu kommer f\u00e5 konsekvenser f\u00f6r kommande generationer.<\/p>\n\n\n\n<p class=\"wp-block-paragraph\">Norden \u00e4r allm\u00e4nt ansedda att st\u00e5 enade och vara helt beredda att ta fajten mot Ryssland om det beh\u00f6vs. Sverige som land ligger i topp i st\u00f6d per capita och dessutom har vi f\u00f6rsett Ukraina med krigets b\u00e4sta vapen \u2013 Archer, robot 15, Gripen, Carl Gustaf, Strf90, SB90, Strv 122.<\/p>\n\n\n\n<p class=\"wp-block-paragraph\">Det \u00e4r bra, mycket bra, \u00f6verv\u00e5ldsbra.<\/p>\n","protected":false},"excerpt":{"rendered":"<p>Lite goda nyheter har vi i allafall fr\u00e5n Ukraina att b\u00f6rja veckan med. Man brygger sig en kopp kaffe, s\u00e4ger [&hellip;]<\/p>\n","protected":false},"author":3,"featured_media":455,"comment_status":"open","ping_status":"open","sticky":false,"template":"","format":"standard","meta":{"site-sidebar-layout":"default","site-content-layout":"","ast-site-content-layout":"default","site-content-style":"default","site-sidebar-style":"default","ast-global-header-display":"","ast-banner-title-visibility":"","ast-main-header-display":"","ast-hfb-above-header-display":"","ast-hfb-below-header-display":"","ast-hfb-mobile-header-display":"","site-post-title":"","ast-breadcrumbs-content":"","ast-featured-img":"","footer-sml-layout":"","ast-disable-related-posts":"","theme-transparent-header-meta":"","adv-header-id-meta":"","stick-header-meta":"","header-above-stick-meta":"","header-main-stick-meta":"","header-below-stick-meta":"","astra-migrate-meta-layouts":"default","ast-page-background-enabled":"default","ast-page-background-meta":{"desktop":{"background-color":"var(--ast-global-color-4)","background-image":"","background-repeat":"repeat","background-position":"center center","background-size":"auto","background-attachment":"scroll","background-type":"","background-media":"","overlay-type":"","overlay-color":"","overlay-opacity":"","overlay-gradient":""},"tablet":{"background-color":"","background-image":"","background-repeat":"repeat","background-position":"center center","background-size":"auto","background-attachment":"scroll","background-type":"","background-media":"","overlay-type":"","overlay-color":"","overlay-opacity":"","overlay-gradient":""},"mobile":{"background-color":"","background-image":"","background-repeat":"repeat","background-position":"center center","background-size":"auto","background-attachment":"scroll","background-type":"","background-media":"","overlay-type":"","overlay-color":"","overlay-opacity":"","overlay-gradient":""}},"ast-content-background-meta":{"desktop":{"background-color":"var(--ast-global-color-5)","background-image":"","background-repeat":"repeat","background-position":"center center","background-size":"auto","background-attachment":"scroll","background-type":"","background-media":"","overlay-type":"","overlay-color":"","overlay-opacity":"","overlay-gradient":""},"tablet":{"background-color":"var(--ast-global-color-5)","background-image":"","background-repeat":"repeat","background-position":"center center","background-size":"auto","background-attachment":"scroll","background-type":"","background-media":"","overlay-type":"","overlay-color":"","overlay-opacity":"","overlay-gradient":""},"mobile":{"background-color":"var(--ast-global-color-5)","background-image":"","background-repeat":"repeat","background-position":"center center","background-size":"auto","background-attachment":"scroll","background-type":"","background-media":"","overlay-type":"","overlay-color":"","overlay-opacity":"","overlay-gradient":""}},"footnotes":""},"categories":[18],"tags":[],"class_list":["post-5740","post","type-post","status-publish","format-standard","has-post-thumbnail","hentry","category-ukraina"],"yoast_head":"<!-- This site is optimized with the Yoast SEO plugin v28.3 - https:\/\/yoast.com\/product\/yoast-seo-wordpress\/ -->\n<title>Ukraina frontuppdatering, 1 September 2026 - Kriget i Ukraina<\/title>\n<meta name=\"robots\" content=\"index, follow, max-snippet:-1, max-image-preview:large, max-video-preview:-1\" \/>\n<link rel=\"canonical\" href=\"https:\/\/johanno1.se\/sv\/ukraina-frontuppdatering-1-september-2026\/\" \/>\n<meta property=\"og:locale\" content=\"sv_SE\" \/>\n<meta property=\"og:type\" content=\"article\" \/>\n<meta property=\"og:title\" content=\"Ukraina frontuppdatering, 1 September 2026 - Kriget i Ukraina\" \/>\n<meta property=\"og:description\" content=\"Lite goda nyheter har vi i allafall fr\u00e5n Ukraina att b\u00f6rja veckan med. Man brygger sig en kopp kaffe, s\u00e4ger [&hellip;]\" \/>\n<meta property=\"og:url\" content=\"https:\/\/johanno1.se\/sv\/ukraina-frontuppdatering-1-september-2026\/\" \/>\n<meta property=\"og:site_name\" content=\"Johan No.1\" \/>\n<meta property=\"article:published_time\" content=\"2026-09-01T05:01:00+00:00\" \/>\n<meta property=\"article:modified_time\" content=\"2026-09-01T07:20:09+00:00\" \/>\n<meta property=\"og:image\" content=\"https:\/\/johanno1.se\/wp-content\/uploads\/2025\/03\/cropped-No1-Logo.png\" \/>\n\t<meta property=\"og:image:width\" content=\"512\" \/>\n\t<meta property=\"og:image:height\" content=\"512\" \/>\n\t<meta property=\"og:image:type\" content=\"image\/png\" \/>\n<meta name=\"author\" content=\"johan No.1\" \/>\n<meta name=\"twitter:card\" content=\"summary_large_image\" \/>\n<meta name=\"twitter:label1\" content=\"Skriven av\" \/>\n\t<meta name=\"twitter:data1\" content=\"johan No.1\" \/>\n\t<meta name=\"twitter:label2\" content=\"Ber\u00e4knad l\u00e4stid\" \/>\n\t<meta name=\"twitter:data2\" content=\"11 minuter\" \/>\n<script type=\"application\/ld+json\" class=\"yoast-schema-graph\">{\"@context\":\"https:\\\/\\\/schema.org\",\"@graph\":[{\"@type\":\"Article\",\"@id\":\"https:\\\/\\\/johanno1.se\\\/sv\\\/ukraina-frontuppdatering-1-september-2026\\\/#article\",\"isPartOf\":{\"@id\":\"https:\\\/\\\/johanno1.se\\\/sv\\\/ukraina-frontuppdatering-1-september-2026\\\/\"},\"author\":{\"name\":\"johan No.1\",\"@id\":\"https:\\\/\\\/johanno1.se\\\/sv\\\/#\\\/schema\\\/person\\\/1dec165f070bde263b30eaf3c0a742e7\"},\"headline\":\"Ukraina frontuppdatering, 1 September 2026\",\"datePublished\":\"2026-09-01T05:01:00+00:00\",\"dateModified\":\"2026-09-01T07:20:09+00:00\",\"mainEntityOfPage\":{\"@id\":\"https:\\\/\\\/johanno1.se\\\/sv\\\/ukraina-frontuppdatering-1-september-2026\\\/\"},\"wordCount\":2275,\"commentCount\":8,\"publisher\":{\"@id\":\"https:\\\/\\\/johanno1.se\\\/sv\\\/#organization\"},\"image\":{\"@id\":\"https:\\\/\\\/johanno1.se\\\/sv\\\/ukraina-frontuppdatering-1-september-2026\\\/#primaryimage\"},\"thumbnailUrl\":\"https:\\\/\\\/johanno1.se\\\/wp-content\\\/uploads\\\/2025\\\/03\\\/cropped-No1-Logo.png\",\"articleSection\":[\"Kriget i Ukraina\"],\"inLanguage\":\"sv-SE\",\"potentialAction\":[{\"@type\":\"CommentAction\",\"name\":\"Comment\",\"target\":[\"https:\\\/\\\/johanno1.se\\\/sv\\\/ukraina-frontuppdatering-1-september-2026\\\/#respond\"]}]},{\"@type\":\"WebPage\",\"@id\":\"https:\\\/\\\/johanno1.se\\\/sv\\\/ukraina-frontuppdatering-1-september-2026\\\/\",\"url\":\"https:\\\/\\\/johanno1.se\\\/sv\\\/ukraina-frontuppdatering-1-september-2026\\\/\",\"name\":\"Ukraina frontuppdatering, 1 September 2026 - Kriget i Ukraina\",\"isPartOf\":{\"@id\":\"https:\\\/\\\/johanno1.se\\\/sv\\\/#website\"},\"primaryImageOfPage\":{\"@id\":\"https:\\\/\\\/johanno1.se\\\/sv\\\/ukraina-frontuppdatering-1-september-2026\\\/#primaryimage\"},\"image\":{\"@id\":\"https:\\\/\\\/johanno1.se\\\/sv\\\/ukraina-frontuppdatering-1-september-2026\\\/#primaryimage\"},\"thumbnailUrl\":\"https:\\\/\\\/johanno1.se\\\/wp-content\\\/uploads\\\/2025\\\/03\\\/cropped-No1-Logo.png\",\"datePublished\":\"2026-09-01T05:01:00+00:00\",\"dateModified\":\"2026-09-01T07:20:09+00:00\",\"breadcrumb\":{\"@id\":\"https:\\\/\\\/johanno1.se\\\/sv\\\/ukraina-frontuppdatering-1-september-2026\\\/#breadcrumb\"},\"inLanguage\":\"sv-SE\",\"potentialAction\":[{\"@type\":\"ReadAction\",\"target\":[\"https:\\\/\\\/johanno1.se\\\/sv\\\/ukraina-frontuppdatering-1-september-2026\\\/\"]}]},{\"@type\":\"ImageObject\",\"inLanguage\":\"sv-SE\",\"@id\":\"https:\\\/\\\/johanno1.se\\\/sv\\\/ukraina-frontuppdatering-1-september-2026\\\/#primaryimage\",\"url\":\"https:\\\/\\\/johanno1.se\\\/wp-content\\\/uploads\\\/2025\\\/03\\\/cropped-No1-Logo.png\",\"contentUrl\":\"https:\\\/\\\/johanno1.se\\\/wp-content\\\/uploads\\\/2025\\\/03\\\/cropped-No1-Logo.png\",\"width\":512,\"height\":512},{\"@type\":\"BreadcrumbList\",\"@id\":\"https:\\\/\\\/johanno1.se\\\/sv\\\/ukraina-frontuppdatering-1-september-2026\\\/#breadcrumb\",\"itemListElement\":[{\"@type\":\"ListItem\",\"position\":1,\"name\":\"Hem\",\"item\":\"https:\\\/\\\/johanno1.se\\\/sv\\\/\"},{\"@type\":\"ListItem\",\"position\":2,\"name\":\"Ukraina frontuppdatering, 1 September 2026\"}]},{\"@type\":\"WebSite\",\"@id\":\"https:\\\/\\\/johanno1.se\\\/sv\\\/#website\",\"url\":\"https:\\\/\\\/johanno1.se\\\/sv\\\/\",\"name\":\"Johan No.1\",\"description\":\"Kriget i Ukraina - V\u00e4rldsledande omv\u00e4rldsanalys fr\u00e5n Svensksund till den ryska brakf\u00f6rlusten i Ukraina\",\"publisher\":{\"@id\":\"https:\\\/\\\/johanno1.se\\\/sv\\\/#organization\"},\"potentialAction\":[{\"@type\":\"SearchAction\",\"target\":{\"@type\":\"EntryPoint\",\"urlTemplate\":\"https:\\\/\\\/johanno1.se\\\/sv\\\/?s={search_term_string}\"},\"query-input\":{\"@type\":\"PropertyValueSpecification\",\"valueRequired\":true,\"valueName\":\"search_term_string\"}}],\"inLanguage\":\"sv-SE\"},{\"@type\":\"Organization\",\"@id\":\"https:\\\/\\\/johanno1.se\\\/sv\\\/#organization\",\"name\":\"Johan No. 1\",\"url\":\"https:\\\/\\\/johanno1.se\\\/sv\\\/\",\"logo\":{\"@type\":\"ImageObject\",\"inLanguage\":\"sv-SE\",\"@id\":\"https:\\\/\\\/johanno1.se\\\/sv\\\/#\\\/schema\\\/logo\\\/image\\\/\",\"url\":\"https:\\\/\\\/johanno1.se\\\/wp-content\\\/uploads\\\/2025\\\/03\\\/cropped-No1-Logo.png\",\"contentUrl\":\"https:\\\/\\\/johanno1.se\\\/wp-content\\\/uploads\\\/2025\\\/03\\\/cropped-No1-Logo.png\",\"width\":512,\"height\":512,\"caption\":\"Johan No. 1\"},\"image\":{\"@id\":\"https:\\\/\\\/johanno1.se\\\/sv\\\/#\\\/schema\\\/logo\\\/image\\\/\"}},{\"@type\":\"Person\",\"@id\":\"https:\\\/\\\/johanno1.se\\\/sv\\\/#\\\/schema\\\/person\\\/1dec165f070bde263b30eaf3c0a742e7\",\"name\":\"johan No.1\",\"image\":{\"@type\":\"ImageObject\",\"inLanguage\":\"sv-SE\",\"@id\":\"https:\\\/\\\/secure.gravatar.com\\\/avatar\\\/06f93864ed6b830e2782e60575fff112f1c61c52bb10b194131e0e333191695b?s=96&d=mm&r=g\",\"url\":\"https:\\\/\\\/secure.gravatar.com\\\/avatar\\\/06f93864ed6b830e2782e60575fff112f1c61c52bb10b194131e0e333191695b?s=96&d=mm&r=g\",\"contentUrl\":\"https:\\\/\\\/secure.gravatar.com\\\/avatar\\\/06f93864ed6b830e2782e60575fff112f1c61c52bb10b194131e0e333191695b?s=96&d=mm&r=g\",\"caption\":\"johan No.1\"},\"url\":\"https:\\\/\\\/johanno1.se\\\/sv\\\/author\\\/johan\\\/\"}]}<\/script>\n<!-- \/ Yoast SEO plugin. -->","yoast_head_json":{"title":"Ukraina frontuppdatering, 1 September 2026 - Kriget i Ukraina","robots":{"index":"index","follow":"follow","max-snippet":"max-snippet:-1","max-image-preview":"max-image-preview:large","max-video-preview":"max-video-preview:-1"},"canonical":"https:\/\/johanno1.se\/sv\/ukraina-frontuppdatering-1-september-2026\/","og_locale":"sv_SE","og_type":"article","og_title":"Ukraina frontuppdatering, 1 September 2026 - Kriget i Ukraina","og_description":"Lite goda nyheter har vi i allafall fr\u00e5n Ukraina att b\u00f6rja veckan med. Man brygger sig en kopp kaffe, s\u00e4ger [&hellip;]","og_url":"https:\/\/johanno1.se\/sv\/ukraina-frontuppdatering-1-september-2026\/","og_site_name":"Johan No.1","article_published_time":"2026-09-01T05:01:00+00:00","article_modified_time":"2026-09-01T07:20:09+00:00","og_image":[{"width":512,"height":512,"url":"https:\/\/johanno1.se\/wp-content\/uploads\/2025\/03\/cropped-No1-Logo.png","type":"image\/png"}],"author":"johan No.1","twitter_card":"summary_large_image","twitter_misc":{"Skriven av":"johan No.1","Ber\u00e4knad l\u00e4stid":"11 minuter"},"schema":{"@context":"https:\/\/schema.org","@graph":[{"@type":"Article","@id":"https:\/\/johanno1.se\/sv\/ukraina-frontuppdatering-1-september-2026\/#article","isPartOf":{"@id":"https:\/\/johanno1.se\/sv\/ukraina-frontuppdatering-1-september-2026\/"},"author":{"name":"johan No.1","@id":"https:\/\/johanno1.se\/sv\/#\/schema\/person\/1dec165f070bde263b30eaf3c0a742e7"},"headline":"Ukraina frontuppdatering, 1 September 2026","datePublished":"2026-09-01T05:01:00+00:00","dateModified":"2026-09-01T07:20:09+00:00","mainEntityOfPage":{"@id":"https:\/\/johanno1.se\/sv\/ukraina-frontuppdatering-1-september-2026\/"},"wordCount":2275,"commentCount":8,"publisher":{"@id":"https:\/\/johanno1.se\/sv\/#organization"},"image":{"@id":"https:\/\/johanno1.se\/sv\/ukraina-frontuppdatering-1-september-2026\/#primaryimage"},"thumbnailUrl":"https:\/\/johanno1.se\/wp-content\/uploads\/2025\/03\/cropped-No1-Logo.png","articleSection":["Kriget i Ukraina"],"inLanguage":"sv-SE","potentialAction":[{"@type":"CommentAction","name":"Comment","target":["https:\/\/johanno1.se\/sv\/ukraina-frontuppdatering-1-september-2026\/#respond"]}]},{"@type":"WebPage","@id":"https:\/\/johanno1.se\/sv\/ukraina-frontuppdatering-1-september-2026\/","url":"https:\/\/johanno1.se\/sv\/ukraina-frontuppdatering-1-september-2026\/","name":"Ukraina frontuppdatering, 1 September 2026 - Kriget i Ukraina","isPartOf":{"@id":"https:\/\/johanno1.se\/sv\/#website"},"primaryImageOfPage":{"@id":"https:\/\/johanno1.se\/sv\/ukraina-frontuppdatering-1-september-2026\/#primaryimage"},"image":{"@id":"https:\/\/johanno1.se\/sv\/ukraina-frontuppdatering-1-september-2026\/#primaryimage"},"thumbnailUrl":"https:\/\/johanno1.se\/wp-content\/uploads\/2025\/03\/cropped-No1-Logo.png","datePublished":"2026-09-01T05:01:00+00:00","dateModified":"2026-09-01T07:20:09+00:00","breadcrumb":{"@id":"https:\/\/johanno1.se\/sv\/ukraina-frontuppdatering-1-september-2026\/#breadcrumb"},"inLanguage":"sv-SE","potentialAction":[{"@type":"ReadAction","target":["https:\/\/johanno1.se\/sv\/ukraina-frontuppdatering-1-september-2026\/"]}]},{"@type":"ImageObject","inLanguage":"sv-SE","@id":"https:\/\/johanno1.se\/sv\/ukraina-frontuppdatering-1-september-2026\/#primaryimage","url":"https:\/\/johanno1.se\/wp-content\/uploads\/2025\/03\/cropped-No1-Logo.png","contentUrl":"https:\/\/johanno1.se\/wp-content\/uploads\/2025\/03\/cropped-No1-Logo.png","width":512,"height":512},{"@type":"BreadcrumbList","@id":"https:\/\/johanno1.se\/sv\/ukraina-frontuppdatering-1-september-2026\/#breadcrumb","itemListElement":[{"@type":"ListItem","position":1,"name":"Hem","item":"https:\/\/johanno1.se\/sv\/"},{"@type":"ListItem","position":2,"name":"Ukraina frontuppdatering, 1 September 2026"}]},{"@type":"WebSite","@id":"https:\/\/johanno1.se\/sv\/#website","url":"https:\/\/johanno1.se\/sv\/","name":"Johan No.1","description":"Kriget i Ukraina - V\u00e4rldsledande omv\u00e4rldsanalys fr\u00e5n Svensksund till den ryska brakf\u00f6rlusten i Ukraina","publisher":{"@id":"https:\/\/johanno1.se\/sv\/#organization"},"potentialAction":[{"@type":"SearchAction","target":{"@type":"EntryPoint","urlTemplate":"https:\/\/johanno1.se\/sv\/?s={search_term_string}"},"query-input":{"@type":"PropertyValueSpecification","valueRequired":true,"valueName":"search_term_string"}}],"inLanguage":"sv-SE"},{"@type":"Organization","@id":"https:\/\/johanno1.se\/sv\/#organization","name":"Johan No. 1","url":"https:\/\/johanno1.se\/sv\/","logo":{"@type":"ImageObject","inLanguage":"sv-SE","@id":"https:\/\/johanno1.se\/sv\/#\/schema\/logo\/image\/","url":"https:\/\/johanno1.se\/wp-content\/uploads\/2025\/03\/cropped-No1-Logo.png","contentUrl":"https:\/\/johanno1.se\/wp-content\/uploads\/2025\/03\/cropped-No1-Logo.png","width":512,"height":512,"caption":"Johan No. 1"},"image":{"@id":"https:\/\/johanno1.se\/sv\/#\/schema\/logo\/image\/"}},{"@type":"Person","@id":"https:\/\/johanno1.se\/sv\/#\/schema\/person\/1dec165f070bde263b30eaf3c0a742e7","name":"johan No.1","image":{"@type":"ImageObject","inLanguage":"sv-SE","@id":"https:\/\/secure.gravatar.com\/avatar\/06f93864ed6b830e2782e60575fff112f1c61c52bb10b194131e0e333191695b?s=96&d=mm&r=g","url":"https:\/\/secure.gravatar.com\/avatar\/06f93864ed6b830e2782e60575fff112f1c61c52bb10b194131e0e333191695b?s=96&d=mm&r=g","contentUrl":"https:\/\/secure.gravatar.com\/avatar\/06f93864ed6b830e2782e60575fff112f1c61c52bb10b194131e0e333191695b?s=96&d=mm&r=g","caption":"johan No.1"},"url":"https:\/\/johanno1.se\/sv\/author\/johan\/"}]}},"_links":{"self":[{"href":"https:\/\/johanno1.se\/sv\/wp-json\/wp\/v2\/posts\/5740","targetHints":{"allow":["GET"]}}],"collection":[{"href":"https:\/\/johanno1.se\/sv\/wp-json\/wp\/v2\/posts"}],"about":[{"href":"https:\/\/johanno1.se\/sv\/wp-json\/wp\/v2\/types\/post"}],"author":[{"embeddable":true,"href":"https:\/\/johanno1.se\/sv\/wp-json\/wp\/v2\/users\/3"}],"replies":[{"embeddable":true,"href":"https:\/\/johanno1.se\/sv\/wp-json\/wp\/v2\/comments?post=5740"}],"version-history":[{"count":1,"href":"https:\/\/johanno1.se\/sv\/wp-json\/wp\/v2\/posts\/5740\/revisions"}],"predecessor-version":[{"id":5741,"href":"https:\/\/johanno1.se\/sv\/wp-json\/wp\/v2\/posts\/5740\/revisions\/5741"}],"wp:featuredmedia":[{"embeddable":true,"href":"https:\/\/johanno1.se\/sv\/wp-json\/wp\/v2\/media\/455"}],"wp:attachment":[{"href":"https:\/\/johanno1.se\/sv\/wp-json\/wp\/v2\/media?parent=5740"}],"wp:term":[{"taxonomy":"category","embeddable":true,"href":"https:\/\/johanno1.se\/sv\/wp-json\/wp\/v2\/categories?post=5740"},{"taxonomy":"post_tag","embeddable":true,"href":"https:\/\/johanno1.se\/sv\/wp-json\/wp\/v2\/tags?post=5740"}],"curies":[{"name":"wp","href":"https:\/\/api.w.org\/{rel}","templated":true}]}}