{"id":5746,"date":"2026-09-02T07:53:52","date_gmt":"2026-09-02T05:53:52","guid":{"rendered":"https:\/\/johanno1.se\/?p=5746"},"modified":"2026-09-02T10:15:56","modified_gmt":"2026-09-02T08:15:56","slug":"putin-fornekar-ny-mobilisering-ryska-forluster","status":"publish","type":"post","link":"https:\/\/johanno1.se\/sv\/putin-fornekar-ny-mobilisering-ryska-forluster\/","title":{"rendered":"Putin f\u00f6rnekar ny mobilisering &#8211; Ryska f\u00f6rluster"},"content":{"rendered":"\n<p class=\"wp-block-paragraph\">Putin avf\u00e4rdar ryktena om en ny mobilisering i Ryssland f\u00f6r &#8221;absolut nonsens&#8221; och hotar samtidigt med massiva attacker mot Ukrainas energisektor. Uttalande kom under en presskonferens efter Shanghai Cooperation Organization (SCO)-toppm\u00f6te i Kirgizistan. Det var ungef\u00e4r s\u00e5 det l\u00e4t fr\u00e5n honom under f\u00f6rsta halvan av 2022 innan han i september mobiliserade \u00f6ver 300 000 reservister s\u00e5 hans uttalande saknar helt betydelse, kan v\u00e4l n\u00e4stan snarare tolkas som att det kommer en mobilisering. L\u00e4s mer <a href=\"https:\/\/kyivindependent.com\/putin-brushes-off-mobilization-reports-as-absolute-nonsense-threatens-mass-strikes-on-ukraines-energy-sector\/\" target=\"_blank\" rel=\"noreferrer noopener nofollow\">h\u00e4r<\/a>.<\/p>\n\n\n\n<p class=\"wp-block-paragraph\">Enligt ett inl\u00e4gg ska en fabrik &#8221;Proton-PM&#8221; i Perm fattat eld. Proton-PM \u00e4r ett av de ledande f\u00f6retagen inom den ryska raket- och rymdindustrin och de specialiserar sig tydligen p\u00e5 produktion av raketmotorer med flytande br\u00e4nsle men \u00e4ven komponenter f\u00f6r flyg- och rymdindustrin. Det \u00e4r \u00e4nnu oklart varf\u00f6r den b\u00f6rjade brinna men det l\u00e5ter som ett l\u00e4mpligt m\u00e5l annars f\u00f6r Ukraina. <a href=\"https:\/\/bsky.app\/profile\/babayagafella.bsky.social\/post\/3muj5xarahs2t\" rel=\"nofollow\">L\u00e4nk till inl\u00e4gget<\/a>.<\/p>\n\n\n\n<p class=\"wp-block-paragraph\">Kremlin har n\u00e4mnt ett trev\u00e4gsm\u00f6te mellan Trump, Putin och XI under APEC-m\u00f6tet i november. Man kan ju undra vad det \u00e4r t\u00e4nkt att de tre ska koka i hop. Artikel <a href=\"https:\/\/kyivindependent.com\/kremlin-signals-possible-three-way-meeting-at-apec-summit-between-putin-trump-xi\/\">h\u00e4r<\/a>.<\/p>\n\n\n\n<p class=\"wp-block-paragraph\">Den andra september ska ryska skolor h\u00e5lla lektioner till\u00e4gnade korpralen Alexander Vlasenkov som dog i Ukraina och postumt tilldelades titeln Rysslands hj\u00e4lte av Vladimir Putin. Att han smet till frontlinjen f\u00f6r att han hade hamnat i polisens register f\u00f6r pedofili och att han hade stora skulder som han ville slippa kommer troligen inte att n\u00e4mnas. L\u00e4s mer <a href=\"https:\/\/united24media.com\/world\/russia-honors-soldier-listed-on-pedophilia-watchlist-as-new-school-year-hero-22148\" target=\"_blank\" rel=\"noreferrer noopener nofollow\">h\u00e4r<\/a>.<\/p>\n\n\n\n<p class=\"wp-block-paragraph\">Zelenskyy har ju g\u00e5tt ut och varnat civilflyget i Ryssland. Inte f\u00f6r att man aktivt t\u00e4nker attackera det men att luftrummet nu \u00e4r os\u00e4kert p\u00e5 grund av alla dr\u00f6nare. Putin den, den vederv\u00e4rdige lilla clownen, kallar det f\u00f6r terrorism trots att Ryssland redan n\u00e4r kriget startade tvingade Ukraina att helt st\u00e4nga ner sitt civilflyg. Att inte hela v\u00e4rlden helt enkelt bara gapskrattar \u00e5t Putins dumheter och ber honom h\u00e5lla k\u00e4ften \u00e4r obegripligt. L\u00e4s mer <a href=\"https:\/\/www.kyivpost.com\/post\/83529\">h\u00e4r<\/a>.<\/p>\n\n\n\n<h2 class=\"wp-block-heading\">Ryska f\u00f6rluster<\/h2>\n\n\n\n<ul class=\"wp-block-list\">\n<li>1390 KWIA<\/li>\n\n\n\n<li>4 Tanks<\/li>\n\n\n\n<li>6 AFVs<\/li>\n\n\n\n<li>62 Artillery systems<\/li>\n\n\n\n<li>2 MLRS<\/li>\n\n\n\n<li>1 Air defense system<\/li>\n\n\n\n<li>1969 UAVs<\/li>\n\n\n\n<li>12 UGVs<\/li>\n\n\n\n<li>383 Vehicles &amp; Fuel tanks<\/li>\n\n\n\n<li>2 Special equipment<\/li>\n\n\n\n<li>10 Cruise missiles<\/li>\n<\/ul>\n\n\n\n<figure class=\"wp-block-image size-large losses\"><img loading=\"lazy\" decoding=\"async\" width=\"819\" height=\"1024\" src=\"https:\/\/johanno1.se\/wp-content\/uploads\/2026\/09\/2026-09-02-819x1024.jpg\" alt=\"\" class=\"wp-image-5747\" srcset=\"https:\/\/johanno1.se\/wp-content\/uploads\/2026\/09\/2026-09-02-819x1024.jpg 819w, https:\/\/johanno1.se\/wp-content\/uploads\/2026\/09\/2026-09-02-240x300.jpg 240w, https:\/\/johanno1.se\/wp-content\/uploads\/2026\/09\/2026-09-02-768x960.jpg 768w, https:\/\/johanno1.se\/wp-content\/uploads\/2026\/09\/2026-09-02.jpg 1024w\" sizes=\"auto, (max-width: 819px) 100vw, 819px\" \/><\/figure>\n\n\n\n<h2 class=\"wp-block-heading\">Ukrainska generalstabens morgonrapport<\/h2>\n\n\n\n<p class=\"wp-block-paragraph\">Operativ information per kl. 08.00 den 2 september 2026 om den ryska invasionen<br>\u00c4ra \u00e5t Ukraina!<br>Det 1652:a dygnet av Ryska federationens fullskaliga v\u00e4pnade aggression mot Ukraina har inletts.<\/p>\n\n\n\n<p class=\"wp-block-paragraph\">Under det senaste dygnet registrerades totalt <strong>213 stridskontakter<\/strong>.I g\u00e5r genomf\u00f6rde fienden <strong>ett robotanfall<\/strong> och <strong>93 flyganfall<\/strong>, under vilka <strong>313 styrda flygbomber<\/strong> f\u00e4lldes. Dessutom anv\u00e4nde angriparna <strong>11 511 kamikazedr\u00f6nare<\/strong> och genomf\u00f6rde <strong>2 969 beskjutningar<\/strong> mot samh\u00e4llen och v\u00e5ra truppers positioner, varav <strong>57 med raketartilleri<\/strong>.<\/p>\n\n\n\n<p class=\"wp-block-paragraph\">I Sumyregionen utsattes bland annat samh\u00e4llena Korenok, Sopych, Tovstodubove, Neskuchne, Ulanove, Yunakivka och Volfyne f\u00f6r fientlig artilleribeskjutning. Dessutom utsattes omr\u00e5dena kring Tovstodubove, Vilna Sloboda, Khotin och Khrapivshchyna f\u00f6r flyganfall.<\/p>\n\n\n\n<p class=\"wp-block-paragraph\">Under det senaste dygnet tr\u00e4ffade f\u00f6rsvarsstyrkornas flyg, robotf\u00f6rband och artilleri 10 omr\u00e5den med koncentration av fientlig personal, sex ledningsplatser f\u00f6r obemannade luftfarkoster, fem artilleripj\u00e4ser samt ett annat viktigt fientligt m\u00e5l.<\/p>\n\n\n\n<p class=\"wp-block-paragraph\">P\u00e5 norra Slobozjanskyj- och Kurskavsnitten stoppade v\u00e5ra f\u00f6rsvarare sex fientliga stormningsf\u00f6rs\u00f6k under det senaste dygnet.<\/p>\n\n\n\n<p class=\"wp-block-paragraph\">P\u00e5 s\u00f6dra Slobozjanskyjavsnittet slog ukrainska f\u00f6rband tillbaka sju fientliga attacker. Angriparna f\u00f6rs\u00f6kte avancera i riktning mot samh\u00e4llena Volokhivka, Khatnie och Bochkove samt i omr\u00e5dena kring Vovchanski Khutory och Starytsia.<\/p>\n\n\n\n<p class=\"wp-block-paragraph\">P\u00e5 Kupjanskavsnittet attackerade fienden sex g\u00e5nger i riktning mot samh\u00e4llena Radkivka, Kupjansk-Vuzlovyi, Kurylivka, Dovhenke och Kivsharivka.<\/p>\n\n\n\n<p class=\"wp-block-paragraph\">F\u00f6rs\u00f6k att bryta in i v\u00e5rt f\u00f6rsvar slogs tillbaka p\u00e5 Lymanavsnittet, d\u00e4r ockupanterna genomf\u00f6rde nio attacker i riktning mot samh\u00e4llena Novoosynove, Drobysheve, Cherneshchyna, Olhivka, Lyman och Dibrova.<\/p>\n\n\n\n<p class=\"wp-block-paragraph\">P\u00e5 Slovjanskavsnittet genomf\u00f6rde fienden tre stormningsf\u00f6rs\u00f6k i riktning mot samh\u00e4llena Ozerne och Mykolaivka samt i omr\u00e5det kring Kryva Luka.<\/p>\n\n\n\n<p class=\"wp-block-paragraph\">P\u00e5 Kramatorskavsnittet genomf\u00f6rde ockupanterna en attack i riktning mot Yurkivka.<\/p>\n\n\n\n<p class=\"wp-block-paragraph\">P\u00e5 Kostjantynivkaavsnittet registrerades 28 attacker. Angriparna genomf\u00f6rde stormningsoperationer i omr\u00e5dena kring Kostjantynivka, Illinivka, Novoselivka, Stepanivka och Sofiivka samt i riktning mot Novopavlivka och Vilne.<\/p>\n\n\n\n<p class=\"wp-block-paragraph\">P\u00e5 Pokrovskavsnittet stoppade v\u00e5ra f\u00f6rsvarare 25 attacker. Fienden var aktiv i riktning mot samh\u00e4llena Novyi Donbas, Serhiivka, Novopidhorodnie och Novopavlivka samt i omr\u00e5dena kring Udachne, Muravka, Molodetske och Horikhove.<\/p>\n\n\n\n<p class=\"wp-block-paragraph\">P\u00e5 Oleksandrivkaavsnittet genomf\u00f6rde de ryska angriparna inga aktiva offensiva operationer.<\/p>\n\n\n\n<p class=\"wp-block-paragraph\">P\u00e5 Huljajpoleavsnittet attackerade ockupanterna v\u00e5ra f\u00f6rsvarares positioner 13 g\u00e5nger. Fienden f\u00f6rs\u00f6kte avancera i riktning mot samh\u00e4llena Vozdvyzhivka, Rizdvianka, Verkhnia Tersa och Charivne.<\/p>\n\n\n\n<p class=\"wp-block-paragraph\">P\u00e5 Orikhivavsnittet stoppade v\u00e5ra f\u00f6rsvarare tv\u00e5 fientliga f\u00f6rs\u00f6k att avancera i riktning mot Pavlivka.<\/p>\n\n\n\n<p class=\"wp-block-paragraph\">P\u00e5 Prydniprovskavsnittet genomf\u00f6rde fienden inga stormningsoperationer under det senaste dygnet.<\/p>\n\n\n\n<p class=\"wp-block-paragraph\">P\u00e5 Volyn- och Polissjaavsnitten har inga tecken uppt\u00e4ckts p\u00e5 att fienden h\u00e5ller p\u00e5 att bilda offensiva styrkegrupperingar.<\/p>\n\n\n\n<p class=\"wp-block-paragraph\">Totalt uppgick de ryska angriparnas f\u00f6rluster under det senaste dygnet till <strong>1 390 personer<\/strong>. Dessutom oskadliggjordes <strong>fyra stridsvagnar, sex bepansrade stridsfordon, 62 artillerisystem, tv\u00e5 raketartillerisystem, ett luftv\u00e4rnssystem, 12 markbaserade robotsystem, 1 969 obemannade luftfarkoster, 383 fordon samt tv\u00e5 enheter specialutrustning<\/strong>.<\/p>\n\n\n\n<p class=\"wp-block-paragraph\"><strong>Anslut er till f\u00f6rsvarsstyrkorna! Tillsammans segrar vi! \u00c4ra \u00e5t Ukraina!<\/strong><\/p>\n\n\n\n<p class=\"wp-block-paragraph\"><strong>SLAVA UKRAINI<\/strong><\/p>\n","protected":false},"excerpt":{"rendered":"<p>Ingen mobilisering enligt Putin &#8211; Fabrik som tillverkar raketmotorer har fattat eld &#8211; Ryska f\u00f6rluster mm.<\/p>\n","protected":false},"author":1,"featured_media":805,"comment_status":"open","ping_status":"open","sticky":false,"template":"","format":"standard","meta":{"site-sidebar-layout":"default","site-content-layout":"","ast-site-content-layout":"default","site-content-style":"default","site-sidebar-style":"default","ast-global-header-display":"","ast-banner-title-visibility":"","ast-main-header-display":"","ast-hfb-above-header-display":"","ast-hfb-below-header-display":"","ast-hfb-mobile-header-display":"","site-post-title":"","ast-breadcrumbs-content":"","ast-featured-img":"","footer-sml-layout":"","ast-disable-related-posts":"","theme-transparent-header-meta":"","adv-header-id-meta":"","stick-header-meta":"","header-above-stick-meta":"","header-main-stick-meta":"","header-below-stick-meta":"","astra-migrate-meta-layouts":"default","ast-page-background-enabled":"default","ast-page-background-meta":{"desktop":{"background-color":"var(--ast-global-color-4)","background-image":"","background-repeat":"repeat","background-position":"center center","background-size":"auto","background-attachment":"scroll","background-type":"","background-media":"","overlay-type":"","overlay-color":"","overlay-opacity":"","overlay-gradient":""},"tablet":{"background-color":"","background-image":"","background-repeat":"repeat","background-position":"center center","background-size":"auto","background-attachment":"scroll","background-type":"","background-media":"","overlay-type":"","overlay-color":"","overlay-opacity":"","overlay-gradient":""},"mobile":{"background-color":"","background-image":"","background-repeat":"repeat","background-position":"center center","background-size":"auto","background-attachment":"scroll","background-type":"","background-media":"","overlay-type":"","overlay-color":"","overlay-opacity":"","overlay-gradient":""}},"ast-content-background-meta":{"desktop":{"background-color":"var(--ast-global-color-5)","background-image":"","background-repeat":"repeat","background-position":"center center","background-size":"auto","background-attachment":"scroll","background-type":"","background-media":"","overlay-type":"","overlay-color":"","overlay-opacity":"","overlay-gradient":""},"tablet":{"background-color":"var(--ast-global-color-5)","background-image":"","background-repeat":"repeat","background-position":"center center","background-size":"auto","background-attachment":"scroll","background-type":"","background-media":"","overlay-type":"","overlay-color":"","overlay-opacity":"","overlay-gradient":""},"mobile":{"background-color":"var(--ast-global-color-5)","background-image":"","background-repeat":"repeat","background-position":"center center","background-size":"auto","background-attachment":"scroll","background-type":"","background-media":"","overlay-type":"","overlay-color":"","overlay-opacity":"","overlay-gradient":""}},"footnotes":""},"categories":[18,31],"tags":[],"class_list":["post-5746","post","type-post","status-publish","format-standard","has-post-thumbnail","hentry","category-ukraina","category-ryska-forluster"],"yoast_head":"<!-- This site is optimized with the Yoast SEO plugin v28.3 - https:\/\/yoast.com\/product\/yoast-seo-wordpress\/ -->\n<title>Putin f\u00f6rnekar ny mobilisering - Ryska f\u00f6rluster - Kriget i Ukraina<\/title>\n<meta name=\"robots\" content=\"index, follow, max-snippet:-1, max-image-preview:large, max-video-preview:-1\" \/>\n<link rel=\"canonical\" href=\"https:\/\/johanno1.se\/sv\/putin-fornekar-ny-mobilisering-ryska-forluster\/\" \/>\n<meta property=\"og:locale\" content=\"sv_SE\" \/>\n<meta property=\"og:type\" content=\"article\" \/>\n<meta property=\"og:title\" content=\"Putin f\u00f6rnekar ny mobilisering - Ryska f\u00f6rluster - Kriget i Ukraina\" \/>\n<meta property=\"og:description\" content=\"Ingen mobilisering enligt Putin - Fabrik som tillverkar raketmotorer har fattat eld - Ryska f\u00f6rluster mm.\" \/>\n<meta property=\"og:url\" content=\"https:\/\/johanno1.se\/sv\/putin-fornekar-ny-mobilisering-ryska-forluster\/\" \/>\n<meta property=\"og:site_name\" content=\"Johan No.1\" \/>\n<meta property=\"article:published_time\" content=\"2026-09-02T05:53:52+00:00\" \/>\n<meta property=\"article:modified_time\" content=\"2026-09-02T08:15:56+00:00\" \/>\n<meta property=\"og:image\" content=\"https:\/\/johanno1.se\/wp-content\/uploads\/2025\/04\/UkraineFlag.png\" \/>\n\t<meta property=\"og:image:width\" content=\"642\" \/>\n\t<meta property=\"og:image:height\" content=\"384\" \/>\n\t<meta property=\"og:image:type\" content=\"image\/png\" \/>\n<meta name=\"author\" content=\"MXT\" \/>\n<meta name=\"twitter:card\" content=\"summary_large_image\" \/>\n<meta name=\"twitter:creator\" content=\"@MatsExtrude\" \/>\n<meta name=\"twitter:label1\" content=\"Skriven av\" \/>\n\t<meta name=\"twitter:data1\" content=\"MXT\" \/>\n\t<meta name=\"twitter:label2\" content=\"Ber\u00e4knad l\u00e4stid\" \/>\n\t<meta name=\"twitter:data2\" content=\"5 minuter\" \/>\n<script type=\"application\/ld+json\" class=\"yoast-schema-graph\">{\"@context\":\"https:\\\/\\\/schema.org\",\"@graph\":[{\"@type\":\"Article\",\"@id\":\"https:\\\/\\\/johanno1.se\\\/sv\\\/putin-fornekar-ny-mobilisering-ryska-forluster\\\/#article\",\"isPartOf\":{\"@id\":\"https:\\\/\\\/johanno1.se\\\/sv\\\/putin-fornekar-ny-mobilisering-ryska-forluster\\\/\"},\"author\":{\"name\":\"MXT\",\"@id\":\"https:\\\/\\\/johanno1.se\\\/sv\\\/#\\\/schema\\\/person\\\/b9a1e3c5f5da33b8e8a755f098951212\"},\"headline\":\"Putin f\u00f6rnekar ny mobilisering &#8211; Ryska f\u00f6rluster\",\"datePublished\":\"2026-09-02T05:53:52+00:00\",\"dateModified\":\"2026-09-02T08:15:56+00:00\",\"mainEntityOfPage\":{\"@id\":\"https:\\\/\\\/johanno1.se\\\/sv\\\/putin-fornekar-ny-mobilisering-ryska-forluster\\\/\"},\"wordCount\":858,\"commentCount\":7,\"publisher\":{\"@id\":\"https:\\\/\\\/johanno1.se\\\/sv\\\/#organization\"},\"image\":{\"@id\":\"https:\\\/\\\/johanno1.se\\\/sv\\\/putin-fornekar-ny-mobilisering-ryska-forluster\\\/#primaryimage\"},\"thumbnailUrl\":\"https:\\\/\\\/johanno1.se\\\/wp-content\\\/uploads\\\/2025\\\/04\\\/UkraineFlag.png\",\"articleSection\":[\"Kriget i Ukraina\",\"Ryska f\u00f6rluster i kriget i Ukraina\"],\"inLanguage\":\"sv-SE\",\"potentialAction\":[{\"@type\":\"CommentAction\",\"name\":\"Comment\",\"target\":[\"https:\\\/\\\/johanno1.se\\\/sv\\\/putin-fornekar-ny-mobilisering-ryska-forluster\\\/#respond\"]}]},{\"@type\":\"WebPage\",\"@id\":\"https:\\\/\\\/johanno1.se\\\/sv\\\/putin-fornekar-ny-mobilisering-ryska-forluster\\\/\",\"url\":\"https:\\\/\\\/johanno1.se\\\/sv\\\/putin-fornekar-ny-mobilisering-ryska-forluster\\\/\",\"name\":\"Putin f\u00f6rnekar ny mobilisering - Ryska f\u00f6rluster - Kriget i Ukraina\",\"isPartOf\":{\"@id\":\"https:\\\/\\\/johanno1.se\\\/sv\\\/#website\"},\"primaryImageOfPage\":{\"@id\":\"https:\\\/\\\/johanno1.se\\\/sv\\\/putin-fornekar-ny-mobilisering-ryska-forluster\\\/#primaryimage\"},\"image\":{\"@id\":\"https:\\\/\\\/johanno1.se\\\/sv\\\/putin-fornekar-ny-mobilisering-ryska-forluster\\\/#primaryimage\"},\"thumbnailUrl\":\"https:\\\/\\\/johanno1.se\\\/wp-content\\\/uploads\\\/2025\\\/04\\\/UkraineFlag.png\",\"datePublished\":\"2026-09-02T05:53:52+00:00\",\"dateModified\":\"2026-09-02T08:15:56+00:00\",\"breadcrumb\":{\"@id\":\"https:\\\/\\\/johanno1.se\\\/sv\\\/putin-fornekar-ny-mobilisering-ryska-forluster\\\/#breadcrumb\"},\"inLanguage\":\"sv-SE\",\"potentialAction\":[{\"@type\":\"ReadAction\",\"target\":[\"https:\\\/\\\/johanno1.se\\\/sv\\\/putin-fornekar-ny-mobilisering-ryska-forluster\\\/\"]}]},{\"@type\":\"ImageObject\",\"inLanguage\":\"sv-SE\",\"@id\":\"https:\\\/\\\/johanno1.se\\\/sv\\\/putin-fornekar-ny-mobilisering-ryska-forluster\\\/#primaryimage\",\"url\":\"https:\\\/\\\/johanno1.se\\\/wp-content\\\/uploads\\\/2025\\\/04\\\/UkraineFlag.png\",\"contentUrl\":\"https:\\\/\\\/johanno1.se\\\/wp-content\\\/uploads\\\/2025\\\/04\\\/UkraineFlag.png\",\"width\":642,\"height\":384,\"caption\":\"Kriget i Ukraina - Ukraine war\"},{\"@type\":\"BreadcrumbList\",\"@id\":\"https:\\\/\\\/johanno1.se\\\/sv\\\/putin-fornekar-ny-mobilisering-ryska-forluster\\\/#breadcrumb\",\"itemListElement\":[{\"@type\":\"ListItem\",\"position\":1,\"name\":\"Hem\",\"item\":\"https:\\\/\\\/johanno1.se\\\/sv\\\/\"},{\"@type\":\"ListItem\",\"position\":2,\"name\":\"Putin f\u00f6rnekar ny mobilisering &#8211; Ryska f\u00f6rluster\"}]},{\"@type\":\"WebSite\",\"@id\":\"https:\\\/\\\/johanno1.se\\\/sv\\\/#website\",\"url\":\"https:\\\/\\\/johanno1.se\\\/sv\\\/\",\"name\":\"Johan No.1\",\"description\":\"Kriget i Ukraina - V\u00e4rldsledande omv\u00e4rldsanalys fr\u00e5n Svensksund till den ryska brakf\u00f6rlusten i Ukraina\",\"publisher\":{\"@id\":\"https:\\\/\\\/johanno1.se\\\/sv\\\/#organization\"},\"potentialAction\":[{\"@type\":\"SearchAction\",\"target\":{\"@type\":\"EntryPoint\",\"urlTemplate\":\"https:\\\/\\\/johanno1.se\\\/sv\\\/?s={search_term_string}\"},\"query-input\":{\"@type\":\"PropertyValueSpecification\",\"valueRequired\":true,\"valueName\":\"search_term_string\"}}],\"inLanguage\":\"sv-SE\"},{\"@type\":\"Organization\",\"@id\":\"https:\\\/\\\/johanno1.se\\\/sv\\\/#organization\",\"name\":\"Johan No. 1\",\"url\":\"https:\\\/\\\/johanno1.se\\\/sv\\\/\",\"logo\":{\"@type\":\"ImageObject\",\"inLanguage\":\"sv-SE\",\"@id\":\"https:\\\/\\\/johanno1.se\\\/sv\\\/#\\\/schema\\\/logo\\\/image\\\/\",\"url\":\"https:\\\/\\\/johanno1.se\\\/wp-content\\\/uploads\\\/2025\\\/03\\\/cropped-No1-Logo.png\",\"contentUrl\":\"https:\\\/\\\/johanno1.se\\\/wp-content\\\/uploads\\\/2025\\\/03\\\/cropped-No1-Logo.png\",\"width\":512,\"height\":512,\"caption\":\"Johan No. 1\"},\"image\":{\"@id\":\"https:\\\/\\\/johanno1.se\\\/sv\\\/#\\\/schema\\\/logo\\\/image\\\/\"}},{\"@type\":\"Person\",\"@id\":\"https:\\\/\\\/johanno1.se\\\/sv\\\/#\\\/schema\\\/person\\\/b9a1e3c5f5da33b8e8a755f098951212\",\"name\":\"MXT\",\"image\":{\"@type\":\"ImageObject\",\"inLanguage\":\"sv-SE\",\"@id\":\"https:\\\/\\\/secure.gravatar.com\\\/avatar\\\/74fa4c492659dce280abcb04be56b0f457c131c7356cc691540aecee84b8780f?s=96&d=mm&r=g\",\"url\":\"https:\\\/\\\/secure.gravatar.com\\\/avatar\\\/74fa4c492659dce280abcb04be56b0f457c131c7356cc691540aecee84b8780f?s=96&d=mm&r=g\",\"contentUrl\":\"https:\\\/\\\/secure.gravatar.com\\\/avatar\\\/74fa4c492659dce280abcb04be56b0f457c131c7356cc691540aecee84b8780f?s=96&d=mm&r=g\",\"caption\":\"MXT\"},\"description\":\"Skriver fr\u00e4mst om kriget i Ukraina, men \u00e4ven om andra globala h\u00e4ndelser som kan p\u00e5verka utvecklingen. Gillar statisitk och redovisar bl.a. ryska f\u00f6rluster och en hel del annat. Postar mycket av nyheterna i kommentarerna som h\u00e4mtas fr\u00e5n olika k\u00e4llor. F\u00f6rutom Ukraina handlar det om olika h\u00e4ndelser i Sverige och Europa, klimatet, Israel-Palestina och f\u00f6rst\u00e5s en hel del kring USA och Trump. Har en f\u00f6rm\u00e5ga att reta upp de som gillar den sistn\u00e4mnde eftersom jag \u00e4r starkt kritiskt till det mesta han tar sig f\u00f6r. IT-ansvarig och sk\u00f6ter drift, underh\u00e5ll och vidareutveckling av webbplatsen, s\u00e5 ni vet vem ni ska skylla p\u00e5 n\u00e4r det kr\u00e5nglar! SLAVA UKRAINI\",\"sameAs\":[\"https:\\\/\\\/spjutskaftet.se\",\"https:\\\/\\\/x.com\\\/MatsExtrude\"],\"url\":\"https:\\\/\\\/johanno1.se\\\/sv\\\/author\\\/extrude\\\/\"}]}<\/script>\n<!-- \/ Yoast SEO plugin. -->","yoast_head_json":{"title":"Putin f\u00f6rnekar ny mobilisering - Ryska f\u00f6rluster - Kriget i Ukraina","robots":{"index":"index","follow":"follow","max-snippet":"max-snippet:-1","max-image-preview":"max-image-preview:large","max-video-preview":"max-video-preview:-1"},"canonical":"https:\/\/johanno1.se\/sv\/putin-fornekar-ny-mobilisering-ryska-forluster\/","og_locale":"sv_SE","og_type":"article","og_title":"Putin f\u00f6rnekar ny mobilisering - Ryska f\u00f6rluster - Kriget i Ukraina","og_description":"Ingen mobilisering enligt Putin - Fabrik som tillverkar raketmotorer har fattat eld - Ryska f\u00f6rluster mm.","og_url":"https:\/\/johanno1.se\/sv\/putin-fornekar-ny-mobilisering-ryska-forluster\/","og_site_name":"Johan No.1","article_published_time":"2026-09-02T05:53:52+00:00","article_modified_time":"2026-09-02T08:15:56+00:00","og_image":[{"width":642,"height":384,"url":"https:\/\/johanno1.se\/wp-content\/uploads\/2025\/04\/UkraineFlag.png","type":"image\/png"}],"author":"MXT","twitter_card":"summary_large_image","twitter_creator":"@MatsExtrude","twitter_misc":{"Skriven av":"MXT","Ber\u00e4knad l\u00e4stid":"5 minuter"},"schema":{"@context":"https:\/\/schema.org","@graph":[{"@type":"Article","@id":"https:\/\/johanno1.se\/sv\/putin-fornekar-ny-mobilisering-ryska-forluster\/#article","isPartOf":{"@id":"https:\/\/johanno1.se\/sv\/putin-fornekar-ny-mobilisering-ryska-forluster\/"},"author":{"name":"MXT","@id":"https:\/\/johanno1.se\/sv\/#\/schema\/person\/b9a1e3c5f5da33b8e8a755f098951212"},"headline":"Putin f\u00f6rnekar ny mobilisering &#8211; Ryska f\u00f6rluster","datePublished":"2026-09-02T05:53:52+00:00","dateModified":"2026-09-02T08:15:56+00:00","mainEntityOfPage":{"@id":"https:\/\/johanno1.se\/sv\/putin-fornekar-ny-mobilisering-ryska-forluster\/"},"wordCount":858,"commentCount":7,"publisher":{"@id":"https:\/\/johanno1.se\/sv\/#organization"},"image":{"@id":"https:\/\/johanno1.se\/sv\/putin-fornekar-ny-mobilisering-ryska-forluster\/#primaryimage"},"thumbnailUrl":"https:\/\/johanno1.se\/wp-content\/uploads\/2025\/04\/UkraineFlag.png","articleSection":["Kriget i Ukraina","Ryska f\u00f6rluster i kriget i Ukraina"],"inLanguage":"sv-SE","potentialAction":[{"@type":"CommentAction","name":"Comment","target":["https:\/\/johanno1.se\/sv\/putin-fornekar-ny-mobilisering-ryska-forluster\/#respond"]}]},{"@type":"WebPage","@id":"https:\/\/johanno1.se\/sv\/putin-fornekar-ny-mobilisering-ryska-forluster\/","url":"https:\/\/johanno1.se\/sv\/putin-fornekar-ny-mobilisering-ryska-forluster\/","name":"Putin f\u00f6rnekar ny mobilisering - Ryska f\u00f6rluster - Kriget i Ukraina","isPartOf":{"@id":"https:\/\/johanno1.se\/sv\/#website"},"primaryImageOfPage":{"@id":"https:\/\/johanno1.se\/sv\/putin-fornekar-ny-mobilisering-ryska-forluster\/#primaryimage"},"image":{"@id":"https:\/\/johanno1.se\/sv\/putin-fornekar-ny-mobilisering-ryska-forluster\/#primaryimage"},"thumbnailUrl":"https:\/\/johanno1.se\/wp-content\/uploads\/2025\/04\/UkraineFlag.png","datePublished":"2026-09-02T05:53:52+00:00","dateModified":"2026-09-02T08:15:56+00:00","breadcrumb":{"@id":"https:\/\/johanno1.se\/sv\/putin-fornekar-ny-mobilisering-ryska-forluster\/#breadcrumb"},"inLanguage":"sv-SE","potentialAction":[{"@type":"ReadAction","target":["https:\/\/johanno1.se\/sv\/putin-fornekar-ny-mobilisering-ryska-forluster\/"]}]},{"@type":"ImageObject","inLanguage":"sv-SE","@id":"https:\/\/johanno1.se\/sv\/putin-fornekar-ny-mobilisering-ryska-forluster\/#primaryimage","url":"https:\/\/johanno1.se\/wp-content\/uploads\/2025\/04\/UkraineFlag.png","contentUrl":"https:\/\/johanno1.se\/wp-content\/uploads\/2025\/04\/UkraineFlag.png","width":642,"height":384,"caption":"Kriget i Ukraina - Ukraine war"},{"@type":"BreadcrumbList","@id":"https:\/\/johanno1.se\/sv\/putin-fornekar-ny-mobilisering-ryska-forluster\/#breadcrumb","itemListElement":[{"@type":"ListItem","position":1,"name":"Hem","item":"https:\/\/johanno1.se\/sv\/"},{"@type":"ListItem","position":2,"name":"Putin f\u00f6rnekar ny mobilisering &#8211; Ryska f\u00f6rluster"}]},{"@type":"WebSite","@id":"https:\/\/johanno1.se\/sv\/#website","url":"https:\/\/johanno1.se\/sv\/","name":"Johan No.1","description":"Kriget i Ukraina - V\u00e4rldsledande omv\u00e4rldsanalys fr\u00e5n Svensksund till den ryska brakf\u00f6rlusten i Ukraina","publisher":{"@id":"https:\/\/johanno1.se\/sv\/#organization"},"potentialAction":[{"@type":"SearchAction","target":{"@type":"EntryPoint","urlTemplate":"https:\/\/johanno1.se\/sv\/?s={search_term_string}"},"query-input":{"@type":"PropertyValueSpecification","valueRequired":true,"valueName":"search_term_string"}}],"inLanguage":"sv-SE"},{"@type":"Organization","@id":"https:\/\/johanno1.se\/sv\/#organization","name":"Johan No. 1","url":"https:\/\/johanno1.se\/sv\/","logo":{"@type":"ImageObject","inLanguage":"sv-SE","@id":"https:\/\/johanno1.se\/sv\/#\/schema\/logo\/image\/","url":"https:\/\/johanno1.se\/wp-content\/uploads\/2025\/03\/cropped-No1-Logo.png","contentUrl":"https:\/\/johanno1.se\/wp-content\/uploads\/2025\/03\/cropped-No1-Logo.png","width":512,"height":512,"caption":"Johan No. 1"},"image":{"@id":"https:\/\/johanno1.se\/sv\/#\/schema\/logo\/image\/"}},{"@type":"Person","@id":"https:\/\/johanno1.se\/sv\/#\/schema\/person\/b9a1e3c5f5da33b8e8a755f098951212","name":"MXT","image":{"@type":"ImageObject","inLanguage":"sv-SE","@id":"https:\/\/secure.gravatar.com\/avatar\/74fa4c492659dce280abcb04be56b0f457c131c7356cc691540aecee84b8780f?s=96&d=mm&r=g","url":"https:\/\/secure.gravatar.com\/avatar\/74fa4c492659dce280abcb04be56b0f457c131c7356cc691540aecee84b8780f?s=96&d=mm&r=g","contentUrl":"https:\/\/secure.gravatar.com\/avatar\/74fa4c492659dce280abcb04be56b0f457c131c7356cc691540aecee84b8780f?s=96&d=mm&r=g","caption":"MXT"},"description":"Skriver fr\u00e4mst om kriget i Ukraina, men \u00e4ven om andra globala h\u00e4ndelser som kan p\u00e5verka utvecklingen. Gillar statisitk och redovisar bl.a. ryska f\u00f6rluster och en hel del annat. Postar mycket av nyheterna i kommentarerna som h\u00e4mtas fr\u00e5n olika k\u00e4llor. F\u00f6rutom Ukraina handlar det om olika h\u00e4ndelser i Sverige och Europa, klimatet, Israel-Palestina och f\u00f6rst\u00e5s en hel del kring USA och Trump. Har en f\u00f6rm\u00e5ga att reta upp de som gillar den sistn\u00e4mnde eftersom jag \u00e4r starkt kritiskt till det mesta han tar sig f\u00f6r. IT-ansvarig och sk\u00f6ter drift, underh\u00e5ll och vidareutveckling av webbplatsen, s\u00e5 ni vet vem ni ska skylla p\u00e5 n\u00e4r det kr\u00e5nglar! SLAVA UKRAINI","sameAs":["https:\/\/spjutskaftet.se","https:\/\/x.com\/MatsExtrude"],"url":"https:\/\/johanno1.se\/sv\/author\/extrude\/"}]}},"_links":{"self":[{"href":"https:\/\/johanno1.se\/sv\/wp-json\/wp\/v2\/posts\/5746","targetHints":{"allow":["GET"]}}],"collection":[{"href":"https:\/\/johanno1.se\/sv\/wp-json\/wp\/v2\/posts"}],"about":[{"href":"https:\/\/johanno1.se\/sv\/wp-json\/wp\/v2\/types\/post"}],"author":[{"embeddable":true,"href":"https:\/\/johanno1.se\/sv\/wp-json\/wp\/v2\/users\/1"}],"replies":[{"embeddable":true,"href":"https:\/\/johanno1.se\/sv\/wp-json\/wp\/v2\/comments?post=5746"}],"version-history":[{"count":2,"href":"https:\/\/johanno1.se\/sv\/wp-json\/wp\/v2\/posts\/5746\/revisions"}],"predecessor-version":[{"id":5751,"href":"https:\/\/johanno1.se\/sv\/wp-json\/wp\/v2\/posts\/5746\/revisions\/5751"}],"wp:featuredmedia":[{"embeddable":true,"href":"https:\/\/johanno1.se\/sv\/wp-json\/wp\/v2\/media\/805"}],"wp:attachment":[{"href":"https:\/\/johanno1.se\/sv\/wp-json\/wp\/v2\/media?parent=5746"}],"wp:term":[{"taxonomy":"category","embeddable":true,"href":"https:\/\/johanno1.se\/sv\/wp-json\/wp\/v2\/categories?post=5746"},{"taxonomy":"post_tag","embeddable":true,"href":"https:\/\/johanno1.se\/sv\/wp-json\/wp\/v2\/tags?post=5746"}],"curies":[{"name":"wp","href":"https:\/\/api.w.org\/{rel}","templated":true}]}}