{"id":5752,"date":"2026-09-03T07:01:00","date_gmt":"2026-09-03T05:01:00","guid":{"rendered":"https:\/\/johanno1.se\/?p=5752"},"modified":"2026-09-03T10:08:39","modified_gmt":"2026-09-03T08:08:39","slug":"kritisk-tidpunkt-3-september-2026","status":"publish","type":"post","link":"https:\/\/johanno1.se\/sv\/kritisk-tidpunkt-3-september-2026\/","title":{"rendered":"Kritisk Tidpunkt, 3 September 2026"},"content":{"rendered":"\n<p class=\"wp-block-paragraph\">Nu har vi n\u00e5tt den strategiskt viktiga och akut kritiska tidpunkten f\u00f6r Europas s\u00e4kerhet att jag skall \u00e5ka p\u00e5 semester \u2013 tillbaka till karibien igen i slutet September precis i tid f\u00f6r orkans\u00e4songen i detta \u00e5rs super &#8211; El Nino.<\/p>\n\n\n\n<p class=\"wp-block-paragraph\">Blir v\u00e4l n\u00e5gra inl\u00e4gg men den breda rapporteringen pausas tempor\u00e4rt f\u00f6r jag klarar inte av att dippa chipsen samtidigt som jag ska f\u00f6rs\u00f6ka skriva med tv\u00e5 mariestads l\u00e5ngburk i andra handen.<\/p>\n\n\n\n<p class=\"wp-block-paragraph\">Sen \u00e4r vi tillbaka igen med full gas, fick precis reda p\u00e5 att projektet \u00e4r tre \u00e5r l\u00e5ngt s\u00e5 undrar vilket skick man kommer vara i efter totalt fem \u00e5r i Karibien &#8211; oigenk\u00e4nnbar f\u00f6rmodligen.<\/p>\n\n\n\n<p class=\"wp-block-paragraph\">Att vi g\u00e5r mot en global konflikt \u00e4r v\u00e4l de flesta nu eniga kring, om det kommer drabba oss i Europa \u00e4r en \u00f6ppen fr\u00e5ga fortfarande tills det inte \u00e4r det l\u00e4ngre. Det beslutet ligger inte hos oss utan hos en person som b\u00f6rjar uppvisa tydliga symptom i sjukdomen vansinnig imperie-diktator.<\/p>\n\n\n\n<p class=\"wp-block-paragraph\">Han leder dessutom ett land d\u00e4r dom l\u00e4rt sig den h\u00e5rda v\u00e4gen att g\u00f6r man inte som man blir tillsagd \u00e5ker man p\u00e5 ett l\u00e4tt kalsongryck, te skv\u00e4ttes f\u00f6rsiktigt i ansiktet och sen en mild knuff ut genom f\u00f6nstret fr\u00e5n minst v\u00e5ning tio. Det som f\u00f6r oss \u00e4r helt orimligt \u00e4r \u00f6verlevnad f\u00f6r det g\u00e4nget, man g\u00f6r det galningen s\u00e4ger till en att man skall g\u00f6ra f\u00f6r det r\u00e4ddar liv &#8211; inte andras men ditt eget eftersom det man skall g\u00f6ra ofta \u00e4r att ta liv.<\/p>\n\n\n\n<p class=\"wp-block-paragraph\">Det \u00e4r d\u00e4rf\u00f6r vi punktmarkerat Baltikum i inl\u00e4ggen d\u00e5 det skulle dra in oss geografiskt i kriget ist\u00e4llet f\u00f6r att arenan blir MENA eller Asien. Det g\u00f6r inte saken mindre angel\u00e4gen att Ryssland f\u00f6rberett sig f\u00f6r detta och nu \u00e4r helt klara med dom f\u00f6rberedelserna till punkten att dom byggt grusramper ned fr\u00e5n flodbankarna p\u00e5 sin sida Narvafloden. Det g\u00f6r man f\u00f6r att amfibiefordon man avser k\u00f6ra \u00f6ver floden in i Estland inte skall k\u00f6ra fast i mjuk flodbank redan p\u00e5 den egna sidan s\u00e5 vi f\u00e5r hoppas att esterna mjukat upp marken rej\u00e4lt p\u00e5 sin sida floden och reservoarerna.<\/p>\n\n\n\n<p class=\"wp-block-paragraph\">Vi har i omg\u00e5ngar luftat att ett f\u00f6r oss b\u00e4sta utfall blir om Ryssland kollapsar internt, Belarus f\u00e5r sin frihet, Kaliningrad demilitariseras och USA f\u00e5r sitt krig med Kina d\u00e4r vi bidrar med f\u00f6rm\u00e5ga men p\u00e5 niv\u00e5n expedition\u00e4r v\u00e5ldsam straffexpedition, och konfliktytan blir borta i Asien.<\/p>\n\n\n\n<p class=\"wp-block-paragraph\">Sj\u00e4lviskt och ok\u00e4nsligt \u2013 absolut 100%, men att en global konflikt helt g\u00e5r att undvika tror jag inte \u00e4r m\u00f6jligt l\u00e4ngre, n\u00e4st b\u00e4st f\u00f6r oss \u00e4r d\u00e5 att den inte f\u00f6rs geografiskt i Europa till skillnad mot alla andra globala konflikter bakom oss. Det \u00e4r inte heller vi som startar n\u00e5gra krig h\u00e4r kanske ni har noterat, vi vill ha handel och fred men f\u00e5r det inte eftersom andra statschefer \u00e4r f\u00f6r l\u00e5ngt g\u00e5ngna.<\/p>\n\n\n\n<p class=\"wp-block-paragraph\">Trycket \u00e4r uppbyggt och fel personer har tagit \u00f6ver styrpulpeten i f\u00f6r m\u00e5nga l\u00e4nder redan. Xi Jinping sparkade precis flera officerare ur f\u00f6rsvarsledningen (igen) s\u00e5 vad \u00e4r det han inte f\u00e5r igenom \u00e4r det v\u00e4l dags att b\u00f6rja fr\u00e5ga sig lite viskande. Den pseudo-diskussion som f\u00f6rmodligen nu kommer f\u00f6ras \u00e4r om vi \u00e4r i krig, \u00e4r det en global konflikt och allt s\u00e5nt. Jag \u00e4r av \u00e5sikten att vi i raketfart brakade in i fullt hybridkrig nu i sommar och m\u00f6jligen g\u00e5r vi in i ett skymningsl\u00e4ge fram\u00f6ver om inte den kortv\u00e4xte galningen sansar sig. Fr\u00e5gar ni valfri iranier eller ukrainare \u00e4r det krig, eller Wildberriesanst\u00e4llda g\u00e5r ocks\u00e5 bra att fr\u00e5ga d\u00e4r dom st\u00e5r sotiga i ansiktet och blickar ut \u00f6ver totalavskrivningen av rysslands Amazon.<\/p>\n\n\n\n<p class=\"wp-block-paragraph\">V\u00e4rt att notera att tidsperioden mellan skymningsl\u00e4ge och fullt krig kan vara n\u00e5gra dagar i v\u00e4rsta fall s\u00e5 det g\u00e4ller att inte fastna i pseudodiskussionen f\u00f6r l\u00e4nge \u2013 b\u00e4sta \u00e4r naturligtvis att f\u00f6rbereda sig f\u00f6r kriget redan idag.<\/p>\n\n\n\n<p class=\"wp-block-paragraph\">En god tv\u00e5a \u00e4r att sl\u00e4ppa l\u00f6s Ukraina \u00f6ver \u00d6stersj\u00f6n redan nu s\u00e5 det blir det nya Svarta havet.<\/p>\n\n\n\n<p class=\"wp-block-paragraph\">Gl\u00f6m aldrig att Putin kan avsluta sin utdragna pl\u00e5ga redan imorgon bara genom att l\u00e4mna Ukraina, det faller ibland bort i diskussionen. Han har tydligen enligt de alltid trov\u00e4rda twitterbottarna sagt att om han inte vinner n\u00e5got blir han ett huvud kortare, nu spelar det mindre roll om boten var i Indonesien eller Kina f\u00f6r det p\u00e5st\u00e5endet \u00e4r grundat i sanning \u00e4nd\u00e5 &#8211; hans eget lilla sk\u00f6ra liv st\u00e5r p\u00e5 spel h\u00e4r. I Ryssland bugar man bara f\u00f6r styrka och Putin g\u00f6r det han kan f\u00f6r att putsa den bilden av sig sj\u00e4lv. F\u00e5r han v\u00e4lja mellan folkmord eller sitt liv v\u00e4ljer han livet varje dag i veckan.<\/p>\n\n\n\n<p class=\"wp-block-paragraph\">Det finns kanske en chans att dra det l\u00e4ngsta str\u00e5et fortfarande, v\u00e4rldens vapensmedjor \u00e4r r\u00f6dgl\u00f6dgade och folk har vant sig vid att l\u00e4sa krig p\u00e5 l\u00f6psedeln i r\u00f6tt. Om Ryssland \u00e5ker p\u00e5 en absolut brakf\u00f6rlust s\u00e5 pass att Kina blir oroliga kommer dom krypa tillbaka in i grytet och v\u00e4rlden kan f\u00e5 fred. Men det kr\u00e4vs att n\u00e5got land dras i gatudammet f\u00f6r detta och s\u00e5 h\u00e4r l\u00e5ngt kan det bara blir Ryssland. L\u00e4nge var detta relativt enkelt uppn\u00e5eligt men jag hoppas att om Ryssland kastas in i inre konflikt s\u00e5 kanske det avh\u00e5ller andra. En bra b\u00f6rjan \u00e4r nog att sl\u00e4ppa l\u00f6s Ukraina \u00f6ver \u00d6stersj\u00f6n som sagt f\u00f6r det skulle g\u00f6ra det betydligt sv\u00e5rare f\u00f6r Putin att eskalera mot oss.<\/p>\n\n\n\n<p class=\"wp-block-paragraph\">Sen vore det bra om vi och Ukraina h\u00e5ller koll p\u00e5 ryska f\u00f6rflyttningar fr\u00e5n norra fronten upp mot Baltikum. Europa kan inte\/kommer inte\/vill inte\/v\u00e5gar inte (bara att v\u00e4lja) klippa till det l\u00e4tta m\u00e5let preventivt p\u00e5 landsv\u00e4g innan dom sprider ut sig i utg\u00e5ngsgruppering i terr\u00e4ngen men om vi ber Ukraina om hj\u00e4lp och ger dom allt dom pekar p\u00e5 kanske dom kan l\u00f6sa det \u00e5t oss. Tv\u00e5 arm\u00e9k\u00e5rer utslagna p\u00e5 landsv\u00e4g skulle g\u00f6ra Putin svag i landets \u00f6gon &#8211; bra bra.<\/p>\n\n\n\n<p class=\"wp-block-paragraph\">Nu har vi haft en v\u00e5ldam kampanj f\u00f6r betald prenumeration p\u00e5 min Substack under v\u00e5ren och sommaren vilket lett till n\u00e5gra betalande prenumeranter till \u2013 stort tack till er som klarade av k\u00e4nslostormen att trycka p\u00e5 den m\u00f6rkgula knappen och vinna evig frid.<\/p>\n\n\n\n<p class=\"wp-block-paragraph\">Hoppas ni som prenumererar klarar n\u00e5gra veckor halvtyst med vetskapen att det blir full gas i h\u00f6st igen p\u00e5 efterbr\u00e4nnkammaren &#8211; som en coca colaflaska med neddroppade mentos i ungef\u00e4r, ge inte upp.<\/p>\n\n\n\n<p class=\"wp-block-paragraph\">Ni som l\u00e4ser inl\u00e4ggen som regel men inte \u00e4nnu v\u00e5gat ta detta livsavg\u00f6rande kliv kommer under h\u00f6sten f\u00e5 chansen att ing\u00e5 en betald prenumeration som f\u00f6r\u00e4ndrar era liv till det b\u00e4ttre. \u00c4r det en gr\u00e5daskig h\u00f6stdag med piskande regn fr\u00e5n sidan och en sur chef som tjatar om deadlines f\u00f6rsvinner allt detta v\u00e4ldigt tunga genom bara en fj\u00e4derl\u00e4tt knapptryckning. Sen blir det som ett h\u00f6gsommarvackert morgondis med l\u00e4tt harpmusik i bakgrunden flankerat av tv\u00e5 bl\u00e5gula sm\u00e5 lemurer invirade i en bl\u00e5gul flagga (allts\u00e5 f\u00f6rst m\u00e5lade i bl\u00e5gult och sen inlindade som mumier med uppklippta h\u00e5l f\u00f6r armar och ben s\u00e5 dom kan springa omkring fortfarande).<\/p>\n\n\n\n<p class=\"wp-block-paragraph\">Vi b\u00f6rjade skriva 2022 och vill man kan man g\u00e5 in p\u00e5 Cornucopia och l\u00e4sa kommentarerna f\u00f6rsta veckan efter krigsstart n\u00e4r media skrev om \u201dKiev faller p\u00e5 tre dagar\u201d g\u00e5r det bra. Jag var missn\u00f6jd med den ryska luftlands\u00e4ttningen, k\u00e4nde mig lurad och ville ha pengarna tillbaka.<\/p>\n\n\n\n<p class=\"wp-block-paragraph\">Vi ligger f\u00f6re i kurvan och jag brukar fastna i n\u00e5got jag driver alldeles f\u00f6r l\u00e4nge. Skickat n\u00e5gra inl\u00e4gg till media men det \u00e4r precis som med Baltikum, ligger f\u00f6r l\u00e5ngt f\u00f6re s\u00e5 gr\u00e5tskratt som b\u00e4st och sen n\u00e4r det \u00e4r uppenbart v\u00e4ller analytikerna fram ur v\u00e4ggarna i en syndaflod efter en kvick omkalibrering och glider rakt in p\u00e5 ledarsidan. Nu verkar varenda tyckare ha vetat sedan jesus f\u00f6delse att Baltikum alltid varit n\u00e4sta m\u00e5l till exempel. Vill man ha fred f\u00f6rbereder man sig f\u00f6r krig, och den f\u00f6rberedelsen har l\u00e5ng startstr\u00e4cka. Man b\u00f6rjar inte fundera p\u00e5 f\u00f6rberedelser n\u00e4r motst\u00e5ndaren bara beh\u00f6ver avfetta eldr\u00f6ren som redan st\u00e5r och pekar rakt mot ens raffinaderier.<\/p>\n\n\n\n<p class=\"wp-block-paragraph\">Nu har vi breddat rapporteringen till global konflikt och kommer forts\u00e4tta \u2013 efter ett l\u00e5ngt tjatande sedan h\u00f6sten 2025 om Baltikum n\u00e5dde vi s\u00e5 punkten att det blev mainstream parat med att vi verkar ha f\u00e5tt r\u00e4tt att Europa inte avser f\u00f6rsvara omr\u00e5det norr om floden Daugava p\u00e5 det s\u00e4tt v\u00e5ra ing\u00e5ngna avtal lovat balterna. Den diskrepans vi snappade upp f\u00f6r n\u00e5t \u00e5r sedan.<\/p>\n\n\n\n<p class=\"wp-block-paragraph\">Har detta n\u00e5got nyhetsv\u00e4rde \u2013 absolut inte.<\/p>\n\n\n\n<p class=\"wp-block-paragraph\">Men det \u00e4r alltid kul n\u00e4r misstankar och l\u00e4ggandet av pusslet visar sig ha substans i ett l\u00e4ge n\u00e4r pusselbitarna fortfarande \u00e4r f\u00e5. K\u00e4nslan av sista biten i ett stort pussel \u00e4r alltid tillfredst\u00e4llande, k\u00f6pte ett stort julpussel f\u00f6r n\u00e5gra \u00e5r sedan och var helt fast i det satt och pulade hela julen.<\/p>\n\n\n\n<p class=\"wp-block-paragraph\">Ukraina har jag den h\u00f6gsta m\u00f6jliga oreserverade respekt f\u00f6r \u2013 dom d\u00f6r f\u00f6r oss \u00e4ven om det kanske inte \u00e4r ursprungssyftet med deras insats. Det \u00e4r unga, gamla, kvinnor och m\u00e4n som ligger i groparna m\u00e5nader i str\u00e4ck med daglig fara f\u00f6r sina liv. Det som vi har; familj, jobb, l\u00f6n, sparande, karri\u00e4r, fortbildning (en jobbkurs om \u00e5ret), barn p\u00e5 fotboll, hj\u00e4lpa till med l\u00e4xorna, fredagsmys med frun \u2013 allt det har dom f\u00e5tt parkera f\u00f6r att ligga dybl\u00f6ta i en grop och riskera sina liv. Familjen hemma lever i ett p\u00e5g\u00e5ende trauma och man vet inte hur man skall klara m\u00e5naden ut, och inget kan du g\u00f6ra d\u00e4r du ligger i din grop.<\/p>\n\n\n\n<p class=\"wp-block-paragraph\">Hur m\u00e5nga lager man \u00e4n skalar bort g\u00e5r det inte att komma ifr\u00e5n att dom st\u00e5r mellan oss och ett krig d\u00e4r vi och v\u00e5ra barn kommer ligga i groparna i Baltikum och f\u00f6rbanna v\u00e5r olycka om Ukraina vacklar. Det \u00e4r obegripligt hur arroganta Europa varit sedan 2022, obegripligt p\u00e5 alla plan.<\/p>\n\n\n\n<p class=\"wp-block-paragraph\">En v\u00e5ldsam global konflikt kommer inte heller vart tionde \u00e5r s\u00e5 vi \u00e4r i v\u00e5r generations stora virvelstorm vilket vi inte kan g\u00f6ra n\u00e5gonting \u00e5t. Men vi kan v\u00e4lja vad vi g\u00f6r och att f\u00f6lja detta aktivt tycker jag \u00e4r det minsta man kan g\u00f6ra f\u00f6r egen del tills insatsen av n\u00f6d beh\u00f6ver \u00f6kas, om vi kommer dit.<\/p>\n\n\n\n<p class=\"wp-block-paragraph\">M\u00e4ngden oanv\u00e4ndbar kunskap jag sj\u00e4lv tillf\u00f6rskaffat mig bara genom att sitta och l\u00e4sa r\u00e5datan och g\u00f6ra egna analyser \u00e4r enorm. G\u00e5r man p\u00e5 f\u00e4rdigserverad, f\u00e4rdiganalyserad och tillr\u00e4ttalagd information k\u00f6per man ett f\u00e4rdigt paket med en vinkel &#8211; alltid en vinkel.<\/p>\n\n\n\n<p class=\"wp-block-paragraph\">\u201dmen d\u00e5 f\u00e5r vi ju din vinkel\u201d skriker ni nu &#8211; jo det f\u00e5r ni kanske men den \u00e4r odiskutabelt b\u00e4st.<\/p>\n\n\n\n<p class=\"wp-block-paragraph\">Speciellt USA har varit sp\u00e4nnande att f\u00f6lja d\u00e5 man vuxit upp med en tydlig bild som nu \u00e4r s\u00f6nderriven, nedbl\u00f6tad och till sist skrubbad mot en sl\u00f6 rasp f\u00f6r att f\u00e5 bort den sista hyllningstexten till dom p\u00e5 griffeltavlan. Sen kommer dom sj\u00e4lvklart tv\u00e4rv\u00e4nda, r\u00e4dda v\u00e4rlden \u00e4ven de som inte vill bli r\u00e4ddade, och sl\u00e4ppa filmer om det p\u00e5 Netflix i 40\u00e5r d\u00e4r alla andra var amat\u00f6rer.<\/p>\n\n\n\n<p class=\"wp-block-paragraph\">1917 var inte tyskarna oroade alls \u00f6ver USA som hade en f\u00f6rsvarsmakt p\u00e5 130 000st och knappt n\u00e5gra vapen. D\u00e4refter v\u00e4llde det in 25 000st amerikanare i veckan till Frankrike upp till totalt 2miljoner v\u00e4lbev\u00e4pnade och pigga p\u00e5 att sl\u00e5ss. Sen avgick tyske kejsaren, kriget var f\u00f6rlorat och imperiet f\u00f6ll &#8211; man skall inte underskatta USA var dagens gratislektion.<\/p>\n\n\n\n<p class=\"wp-block-paragraph\">Att g\u00f6ra sina egna analyser l\u00e4r man sig mycket p\u00e5 och alla b\u00f6rjar vi med n\u00e5gon utg\u00e5ngspunkt som m\u00e5ste f\u00e5 s\u00e5 pass m\u00e5nga sprickor i sig att man motvilligt \u00e4ndrar st\u00e5ndpunkt \u2013 men det skall grundas i fakta, inte propaganda eller ideologi.<\/p>\n\n\n\n<p class=\"wp-block-paragraph\">H\u00e4r jagar vi f\u00f6rst tuppj\u00e4keln, plockar den f\u00f6r att sen grilla den l\u00e5ngsamt \u00f6ver en svetsl\u00e5ga s\u00e5 vi f\u00e5r den b\u00e4sta kycklingburgare som finns att f\u00e5 f\u00f6r pengar. Br\u00f6det \u00e4r en m\u00e5nadsl\u00e5ng surdeg med spr\u00f6da fr\u00f6n str\u00f6sslade ovanp\u00e5 av tv\u00e5 sm\u00e5 lemurer i vita silkeshandskar, ett litet fr\u00f6 i taget. Dom d\u00e4r tv\u00e5 \u00e4r om\u00e5lade.<\/p>\n\n\n\n<p class=\"wp-block-paragraph\">Jag upph\u00f6r aldrig att f\u00f6rv\u00e5nas \u00f6ver hur likgiltiga folk \u00e4r \u00f6ver allt detta lidande, krig i v\u00e5r tid \u00e4r ett enda d\u00e5ligt beslut fr\u00e5n Putin bort fr\u00e5n att landa i v\u00e5ra egna kn\u00e4n &#8211; och en bra dag \u00e4r han bara oerh\u00f6rt labil.<\/p>\n\n\n\n<p class=\"wp-block-paragraph\">Har t\u00e4nkt en hel del p\u00e5 danskarna som sitter d\u00e4r dom sitter i \u00f6stra Baltikum och stavar sig igenom f\u00f6rsvarsplanen i BILD artikeln med sin skoltyska.<\/p>\n\n\n\n<p class=\"wp-block-paragraph\">Valet tr\u00f6ttnade jag p\u00e5 helt f\u00f6r pajkastningen \u00e4r monumental fr\u00e5n alla \u00e5tta. Hade en \u201dstora valtr\u00e5den\u201d p\u00e5 g\u00e5ng som v\u00e4l mer \u00e4r ett djupdyk i historien med massa sp\u00e4nnande anekdoter senaste tusen \u00e5ren men tappade sugen, f\u00e5r se om jag hittar motivationen.<\/p>\n\n\n\n<p class=\"wp-block-paragraph\">Riksdagsvalet blev enkelt, utan L \u00f6ver riksdagssp\u00e4rren inget Tid\u00f6lag. Jag tycker senaste fyra \u00e5ren varit b\u00e4ttre \u00e4n tidigare 16\u00e5r med Alliansen och sen S, s\u00e5 varf\u00f6r f\u00f6rs\u00f6ka \u00e4ndra i n\u00e5got som fungerar.<\/p>\n\n\n\n<p class=\"wp-block-paragraph\">Min kommun sk\u00f6ts ypperligt mandatperiod efter mandatperiod eftersom dom satsar p\u00e5 att leverera service till medborgarna dom har som grannar och traditionerna sitter som huggna i urberget h\u00e4r. N\u00e4r lokala luncherestaurangen har r\u00e5rakor med lingonsylt och bacon p\u00e5 tisdagarna \u00e5ker lunchg\u00e4ster i upp till en timme f\u00f6r sin tallrik. Man vet var polisk\u00e5ren \u00e4r lunchtid p\u00e5 Tisdagarna iallafall, och skall man g\u00e5 efter portionsstorlekarna f\u00e5r dom nog inte mycket gjort resten av passet s\u00e5 ett bra tidsf\u00f6nster att beg\u00e5 grova brott p\u00e5 f\u00f6r er som funderar p\u00e5 extrainkomster. Politikerna samarbetar alltid ett helt g\u00e4ng partier i n\u00e5n koalition, och f\u00f6r man en d\u00e5lig politik b\u00f6rjar grannarna direkt bl\u00e4nga surt p\u00e5 en &#8211; det \u00e4r precis s\u00e5 det skall vara med ett st\u00e4ndigt gungande damoklessv\u00e4rd av ogina jantelags-grannar som bara \u00e4r glada Tisdag lunch.<\/p>\n","protected":false},"excerpt":{"rendered":"<p>Nu har vi n\u00e5tt den strategiskt viktiga och akut kritiska tidpunkten f\u00f6r Europas s\u00e4kerhet att jag skall \u00e5ka p\u00e5 semester [&hellip;]<\/p>\n","protected":false},"author":3,"featured_media":0,"comment_status":"open","ping_status":"open","sticky":false,"template":"","format":"standard","meta":{"site-sidebar-layout":"default","site-content-layout":"","ast-site-content-layout":"default","site-content-style":"default","site-sidebar-style":"default","ast-global-header-display":"","ast-banner-title-visibility":"","ast-main-header-display":"","ast-hfb-above-header-display":"","ast-hfb-below-header-display":"","ast-hfb-mobile-header-display":"","site-post-title":"","ast-breadcrumbs-content":"","ast-featured-img":"","footer-sml-layout":"","ast-disable-related-posts":"","theme-transparent-header-meta":"","adv-header-id-meta":"","stick-header-meta":"","header-above-stick-meta":"","header-main-stick-meta":"","header-below-stick-meta":"","astra-migrate-meta-layouts":"default","ast-page-background-enabled":"default","ast-page-background-meta":{"desktop":{"background-color":"var(--ast-global-color-4)","background-image":"","background-repeat":"repeat","background-position":"center center","background-size":"auto","background-attachment":"scroll","background-type":"","background-media":"","overlay-type":"","overlay-color":"","overlay-opacity":"","overlay-gradient":""},"tablet":{"background-color":"","background-image":"","background-repeat":"repeat","background-position":"center center","background-size":"auto","background-attachment":"scroll","background-type":"","background-media":"","overlay-type":"","overlay-color":"","overlay-opacity":"","overlay-gradient":""},"mobile":{"background-color":"","background-image":"","background-repeat":"repeat","background-position":"center center","background-size":"auto","background-attachment":"scroll","background-type":"","background-media":"","overlay-type":"","overlay-color":"","overlay-opacity":"","overlay-gradient":""}},"ast-content-background-meta":{"desktop":{"background-color":"var(--ast-global-color-5)","background-image":"","background-repeat":"repeat","background-position":"center center","background-size":"auto","background-attachment":"scroll","background-type":"","background-media":"","overlay-type":"","overlay-color":"","overlay-opacity":"","overlay-gradient":""},"tablet":{"background-color":"var(--ast-global-color-5)","background-image":"","background-repeat":"repeat","background-position":"center center","background-size":"auto","background-attachment":"scroll","background-type":"","background-media":"","overlay-type":"","overlay-color":"","overlay-opacity":"","overlay-gradient":""},"mobile":{"background-color":"var(--ast-global-color-5)","background-image":"","background-repeat":"repeat","background-position":"center center","background-size":"auto","background-attachment":"scroll","background-type":"","background-media":"","overlay-type":"","overlay-color":"","overlay-opacity":"","overlay-gradient":""}},"footnotes":""},"categories":[18],"tags":[],"class_list":["post-5752","post","type-post","status-publish","format-standard","hentry","category-ukraina"],"yoast_head":"<!-- This site is optimized with the Yoast SEO plugin v28.3 - https:\/\/yoast.com\/product\/yoast-seo-wordpress\/ -->\n<title>Kritisk Tidpunkt, 3 September 2026 -<\/title>\n<meta name=\"robots\" content=\"index, follow, max-snippet:-1, max-image-preview:large, max-video-preview:-1\" \/>\n<link rel=\"canonical\" href=\"https:\/\/johanno1.se\/sv\/kritisk-tidpunkt-3-september-2026\/\" \/>\n<meta property=\"og:locale\" content=\"sv_SE\" \/>\n<meta property=\"og:type\" content=\"article\" \/>\n<meta property=\"og:title\" content=\"Kritisk Tidpunkt, 3 September 2026 -\" \/>\n<meta property=\"og:description\" content=\"Nu har vi n\u00e5tt den strategiskt viktiga och akut kritiska tidpunkten f\u00f6r Europas s\u00e4kerhet att jag skall \u00e5ka p\u00e5 semester [&hellip;]\" \/>\n<meta property=\"og:url\" content=\"https:\/\/johanno1.se\/sv\/kritisk-tidpunkt-3-september-2026\/\" \/>\n<meta property=\"og:site_name\" content=\"Johan No.1\" \/>\n<meta property=\"article:published_time\" content=\"2026-09-03T05:01:00+00:00\" \/>\n<meta property=\"article:modified_time\" content=\"2026-09-03T08:08:39+00:00\" \/>\n<meta name=\"author\" content=\"johan No.1\" \/>\n<meta name=\"twitter:card\" content=\"summary_large_image\" \/>\n<meta name=\"twitter:label1\" content=\"Skriven av\" \/>\n\t<meta name=\"twitter:data1\" content=\"johan No.1\" \/>\n\t<meta name=\"twitter:label2\" content=\"Ber\u00e4knad l\u00e4stid\" \/>\n\t<meta name=\"twitter:data2\" content=\"11 minuter\" \/>\n<script type=\"application\/ld+json\" class=\"yoast-schema-graph\">{\"@context\":\"https:\\\/\\\/schema.org\",\"@graph\":[{\"@type\":\"Article\",\"@id\":\"https:\\\/\\\/johanno1.se\\\/sv\\\/kritisk-tidpunkt-3-september-2026\\\/#article\",\"isPartOf\":{\"@id\":\"https:\\\/\\\/johanno1.se\\\/sv\\\/kritisk-tidpunkt-3-september-2026\\\/\"},\"author\":{\"name\":\"johan No.1\",\"@id\":\"https:\\\/\\\/johanno1.se\\\/sv\\\/#\\\/schema\\\/person\\\/1dec165f070bde263b30eaf3c0a742e7\"},\"headline\":\"Kritisk Tidpunkt, 3 September 2026\",\"datePublished\":\"2026-09-03T05:01:00+00:00\",\"dateModified\":\"2026-09-03T08:08:39+00:00\",\"mainEntityOfPage\":{\"@id\":\"https:\\\/\\\/johanno1.se\\\/sv\\\/kritisk-tidpunkt-3-september-2026\\\/\"},\"wordCount\":2619,\"commentCount\":5,\"publisher\":{\"@id\":\"https:\\\/\\\/johanno1.se\\\/sv\\\/#organization\"},\"articleSection\":[\"Kriget i Ukraina\"],\"inLanguage\":\"sv-SE\",\"potentialAction\":[{\"@type\":\"CommentAction\",\"name\":\"Comment\",\"target\":[\"https:\\\/\\\/johanno1.se\\\/sv\\\/kritisk-tidpunkt-3-september-2026\\\/#respond\"]}]},{\"@type\":\"WebPage\",\"@id\":\"https:\\\/\\\/johanno1.se\\\/sv\\\/kritisk-tidpunkt-3-september-2026\\\/\",\"url\":\"https:\\\/\\\/johanno1.se\\\/sv\\\/kritisk-tidpunkt-3-september-2026\\\/\",\"name\":\"Kritisk Tidpunkt, 3 September 2026 -\",\"isPartOf\":{\"@id\":\"https:\\\/\\\/johanno1.se\\\/sv\\\/#website\"},\"datePublished\":\"2026-09-03T05:01:00+00:00\",\"dateModified\":\"2026-09-03T08:08:39+00:00\",\"breadcrumb\":{\"@id\":\"https:\\\/\\\/johanno1.se\\\/sv\\\/kritisk-tidpunkt-3-september-2026\\\/#breadcrumb\"},\"inLanguage\":\"sv-SE\",\"potentialAction\":[{\"@type\":\"ReadAction\",\"target\":[\"https:\\\/\\\/johanno1.se\\\/sv\\\/kritisk-tidpunkt-3-september-2026\\\/\"]}]},{\"@type\":\"BreadcrumbList\",\"@id\":\"https:\\\/\\\/johanno1.se\\\/sv\\\/kritisk-tidpunkt-3-september-2026\\\/#breadcrumb\",\"itemListElement\":[{\"@type\":\"ListItem\",\"position\":1,\"name\":\"Hem\",\"item\":\"https:\\\/\\\/johanno1.se\\\/sv\\\/\"},{\"@type\":\"ListItem\",\"position\":2,\"name\":\"Kritisk Tidpunkt, 3 September 2026\"}]},{\"@type\":\"WebSite\",\"@id\":\"https:\\\/\\\/johanno1.se\\\/sv\\\/#website\",\"url\":\"https:\\\/\\\/johanno1.se\\\/sv\\\/\",\"name\":\"Johan No.1\",\"description\":\"Kriget i Ukraina - V\u00e4rldsledande omv\u00e4rldsanalys fr\u00e5n Svensksund till den ryska brakf\u00f6rlusten i Ukraina\",\"publisher\":{\"@id\":\"https:\\\/\\\/johanno1.se\\\/sv\\\/#organization\"},\"potentialAction\":[{\"@type\":\"SearchAction\",\"target\":{\"@type\":\"EntryPoint\",\"urlTemplate\":\"https:\\\/\\\/johanno1.se\\\/sv\\\/?s={search_term_string}\"},\"query-input\":{\"@type\":\"PropertyValueSpecification\",\"valueRequired\":true,\"valueName\":\"search_term_string\"}}],\"inLanguage\":\"sv-SE\"},{\"@type\":\"Organization\",\"@id\":\"https:\\\/\\\/johanno1.se\\\/sv\\\/#organization\",\"name\":\"Johan No. 1\",\"url\":\"https:\\\/\\\/johanno1.se\\\/sv\\\/\",\"logo\":{\"@type\":\"ImageObject\",\"inLanguage\":\"sv-SE\",\"@id\":\"https:\\\/\\\/johanno1.se\\\/sv\\\/#\\\/schema\\\/logo\\\/image\\\/\",\"url\":\"https:\\\/\\\/johanno1.se\\\/wp-content\\\/uploads\\\/2025\\\/03\\\/cropped-No1-Logo.png\",\"contentUrl\":\"https:\\\/\\\/johanno1.se\\\/wp-content\\\/uploads\\\/2025\\\/03\\\/cropped-No1-Logo.png\",\"width\":512,\"height\":512,\"caption\":\"Johan No. 1\"},\"image\":{\"@id\":\"https:\\\/\\\/johanno1.se\\\/sv\\\/#\\\/schema\\\/logo\\\/image\\\/\"}},{\"@type\":\"Person\",\"@id\":\"https:\\\/\\\/johanno1.se\\\/sv\\\/#\\\/schema\\\/person\\\/1dec165f070bde263b30eaf3c0a742e7\",\"name\":\"johan No.1\",\"image\":{\"@type\":\"ImageObject\",\"inLanguage\":\"sv-SE\",\"@id\":\"https:\\\/\\\/secure.gravatar.com\\\/avatar\\\/06f93864ed6b830e2782e60575fff112f1c61c52bb10b194131e0e333191695b?s=96&d=mm&r=g\",\"url\":\"https:\\\/\\\/secure.gravatar.com\\\/avatar\\\/06f93864ed6b830e2782e60575fff112f1c61c52bb10b194131e0e333191695b?s=96&d=mm&r=g\",\"contentUrl\":\"https:\\\/\\\/secure.gravatar.com\\\/avatar\\\/06f93864ed6b830e2782e60575fff112f1c61c52bb10b194131e0e333191695b?s=96&d=mm&r=g\",\"caption\":\"johan No.1\"},\"url\":\"https:\\\/\\\/johanno1.se\\\/sv\\\/author\\\/johan\\\/\"}]}<\/script>\n<!-- \/ Yoast SEO plugin. -->","yoast_head_json":{"title":"Kritisk Tidpunkt, 3 September 2026 -","robots":{"index":"index","follow":"follow","max-snippet":"max-snippet:-1","max-image-preview":"max-image-preview:large","max-video-preview":"max-video-preview:-1"},"canonical":"https:\/\/johanno1.se\/sv\/kritisk-tidpunkt-3-september-2026\/","og_locale":"sv_SE","og_type":"article","og_title":"Kritisk Tidpunkt, 3 September 2026 -","og_description":"Nu har vi n\u00e5tt den strategiskt viktiga och akut kritiska tidpunkten f\u00f6r Europas s\u00e4kerhet att jag skall \u00e5ka p\u00e5 semester [&hellip;]","og_url":"https:\/\/johanno1.se\/sv\/kritisk-tidpunkt-3-september-2026\/","og_site_name":"Johan No.1","article_published_time":"2026-09-03T05:01:00+00:00","article_modified_time":"2026-09-03T08:08:39+00:00","author":"johan No.1","twitter_card":"summary_large_image","twitter_misc":{"Skriven av":"johan No.1","Ber\u00e4knad l\u00e4stid":"11 minuter"},"schema":{"@context":"https:\/\/schema.org","@graph":[{"@type":"Article","@id":"https:\/\/johanno1.se\/sv\/kritisk-tidpunkt-3-september-2026\/#article","isPartOf":{"@id":"https:\/\/johanno1.se\/sv\/kritisk-tidpunkt-3-september-2026\/"},"author":{"name":"johan No.1","@id":"https:\/\/johanno1.se\/sv\/#\/schema\/person\/1dec165f070bde263b30eaf3c0a742e7"},"headline":"Kritisk Tidpunkt, 3 September 2026","datePublished":"2026-09-03T05:01:00+00:00","dateModified":"2026-09-03T08:08:39+00:00","mainEntityOfPage":{"@id":"https:\/\/johanno1.se\/sv\/kritisk-tidpunkt-3-september-2026\/"},"wordCount":2619,"commentCount":5,"publisher":{"@id":"https:\/\/johanno1.se\/sv\/#organization"},"articleSection":["Kriget i Ukraina"],"inLanguage":"sv-SE","potentialAction":[{"@type":"CommentAction","name":"Comment","target":["https:\/\/johanno1.se\/sv\/kritisk-tidpunkt-3-september-2026\/#respond"]}]},{"@type":"WebPage","@id":"https:\/\/johanno1.se\/sv\/kritisk-tidpunkt-3-september-2026\/","url":"https:\/\/johanno1.se\/sv\/kritisk-tidpunkt-3-september-2026\/","name":"Kritisk Tidpunkt, 3 September 2026 -","isPartOf":{"@id":"https:\/\/johanno1.se\/sv\/#website"},"datePublished":"2026-09-03T05:01:00+00:00","dateModified":"2026-09-03T08:08:39+00:00","breadcrumb":{"@id":"https:\/\/johanno1.se\/sv\/kritisk-tidpunkt-3-september-2026\/#breadcrumb"},"inLanguage":"sv-SE","potentialAction":[{"@type":"ReadAction","target":["https:\/\/johanno1.se\/sv\/kritisk-tidpunkt-3-september-2026\/"]}]},{"@type":"BreadcrumbList","@id":"https:\/\/johanno1.se\/sv\/kritisk-tidpunkt-3-september-2026\/#breadcrumb","itemListElement":[{"@type":"ListItem","position":1,"name":"Hem","item":"https:\/\/johanno1.se\/sv\/"},{"@type":"ListItem","position":2,"name":"Kritisk Tidpunkt, 3 September 2026"}]},{"@type":"WebSite","@id":"https:\/\/johanno1.se\/sv\/#website","url":"https:\/\/johanno1.se\/sv\/","name":"Johan No.1","description":"Kriget i Ukraina - V\u00e4rldsledande omv\u00e4rldsanalys fr\u00e5n Svensksund till den ryska brakf\u00f6rlusten i Ukraina","publisher":{"@id":"https:\/\/johanno1.se\/sv\/#organization"},"potentialAction":[{"@type":"SearchAction","target":{"@type":"EntryPoint","urlTemplate":"https:\/\/johanno1.se\/sv\/?s={search_term_string}"},"query-input":{"@type":"PropertyValueSpecification","valueRequired":true,"valueName":"search_term_string"}}],"inLanguage":"sv-SE"},{"@type":"Organization","@id":"https:\/\/johanno1.se\/sv\/#organization","name":"Johan No. 1","url":"https:\/\/johanno1.se\/sv\/","logo":{"@type":"ImageObject","inLanguage":"sv-SE","@id":"https:\/\/johanno1.se\/sv\/#\/schema\/logo\/image\/","url":"https:\/\/johanno1.se\/wp-content\/uploads\/2025\/03\/cropped-No1-Logo.png","contentUrl":"https:\/\/johanno1.se\/wp-content\/uploads\/2025\/03\/cropped-No1-Logo.png","width":512,"height":512,"caption":"Johan No. 1"},"image":{"@id":"https:\/\/johanno1.se\/sv\/#\/schema\/logo\/image\/"}},{"@type":"Person","@id":"https:\/\/johanno1.se\/sv\/#\/schema\/person\/1dec165f070bde263b30eaf3c0a742e7","name":"johan No.1","image":{"@type":"ImageObject","inLanguage":"sv-SE","@id":"https:\/\/secure.gravatar.com\/avatar\/06f93864ed6b830e2782e60575fff112f1c61c52bb10b194131e0e333191695b?s=96&d=mm&r=g","url":"https:\/\/secure.gravatar.com\/avatar\/06f93864ed6b830e2782e60575fff112f1c61c52bb10b194131e0e333191695b?s=96&d=mm&r=g","contentUrl":"https:\/\/secure.gravatar.com\/avatar\/06f93864ed6b830e2782e60575fff112f1c61c52bb10b194131e0e333191695b?s=96&d=mm&r=g","caption":"johan No.1"},"url":"https:\/\/johanno1.se\/sv\/author\/johan\/"}]}},"_links":{"self":[{"href":"https:\/\/johanno1.se\/sv\/wp-json\/wp\/v2\/posts\/5752","targetHints":{"allow":["GET"]}}],"collection":[{"href":"https:\/\/johanno1.se\/sv\/wp-json\/wp\/v2\/posts"}],"about":[{"href":"https:\/\/johanno1.se\/sv\/wp-json\/wp\/v2\/types\/post"}],"author":[{"embeddable":true,"href":"https:\/\/johanno1.se\/sv\/wp-json\/wp\/v2\/users\/3"}],"replies":[{"embeddable":true,"href":"https:\/\/johanno1.se\/sv\/wp-json\/wp\/v2\/comments?post=5752"}],"version-history":[{"count":1,"href":"https:\/\/johanno1.se\/sv\/wp-json\/wp\/v2\/posts\/5752\/revisions"}],"predecessor-version":[{"id":5753,"href":"https:\/\/johanno1.se\/sv\/wp-json\/wp\/v2\/posts\/5752\/revisions\/5753"}],"wp:attachment":[{"href":"https:\/\/johanno1.se\/sv\/wp-json\/wp\/v2\/media?parent=5752"}],"wp:term":[{"taxonomy":"category","embeddable":true,"href":"https:\/\/johanno1.se\/sv\/wp-json\/wp\/v2\/categories?post=5752"},{"taxonomy":"post_tag","embeddable":true,"href":"https:\/\/johanno1.se\/sv\/wp-json\/wp\/v2\/tags?post=5752"}],"curies":[{"name":"wp","href":"https:\/\/api.w.org\/{rel}","templated":true}]}}