{"id":5761,"date":"2026-09-05T11:23:58","date_gmt":"2026-09-05T09:23:58","guid":{"rendered":"https:\/\/johanno1.se\/?p=5761"},"modified":"2026-09-05T13:12:03","modified_gmt":"2026-09-05T11:12:03","slug":"minst-7-doda-och-51-skadade-i-ukraina-under-vapenvilan-ryska-forluster","status":"publish","type":"post","link":"https:\/\/johanno1.se\/sv\/minst-7-doda-och-51-skadade-i-ukraina-under-vapenvilan-ryska-forluster\/","title":{"rendered":"Minst 7 d\u00f6da och 51 skadade i Ukraina under vapenvilan &#8211; Ryska f\u00f6rluster"},"content":{"rendered":"\n<p class=\"wp-block-paragraph\">Ingen som \u00e4r det minsta insatt i hur skitlandet Ryssland brukar agera \u00e4r f\u00f6rv\u00e5nad n\u00e4r de precis som v\u00e4ntat helt struntade i den vapenvila som Ukraina utropade p\u00e5 grund &#8221;Swtich Off&#8221; och &#8221;Ja, Usch&#8221; (Steve Witkoff och Jared Kushner)  kommande bes\u00f6k. N\u00e5gra av attacker kom visserligen redan innan den utropade vapenvilan, vi f\u00e5r se vad som h\u00e4nder under resten av helgen men faktum kvarst\u00e5r att Ryssland avfyrade ett stort antal ballistiska missiler och dr\u00f6nare under natten. Det h\u00e4r f\u00e5r man hoppas leder till att fler \u00e4n vi begriper att Ryssland inte vill ha fred eller \u00e4r n\u00e5gra man kan f\u00f6rhandla med. <br><br>Det verkar \u00e4ven som att Ryssland f\u00f6rs\u00f6kte d\u00f6da SBU:s tillf\u00f6rordnade chef Oleksandr Poklad d\u00e5 en av dr\u00f6narna tr\u00e4ffade SBUs h\u00f6gkvarter och enligt uppgifter ska ha tr\u00e4ffat just hans kontor. Han klarade sig utan skador och SBU kommenterade det bl.a. med &#8221;ryssarna kommer att f\u00e5 ett sm\u00e4rtsamt svar p\u00e5 sina slag&#8221;. <\/p>\n\n\n\n<p class=\"wp-block-paragraph\">Den bild man har av Rysslands dr\u00f6nare \u00e4r inte direkt att de verkar ha n\u00e5gon h\u00f6gre precision men det h\u00e4r g\u00f6r att man slutligen kan dra slutsatsen att n\u00e4r de attackerar bost\u00e4der. skolor, barnhem och sjukhus mm. s\u00e5 \u00e4r det exakt de m\u00e5l de siktar in sig p\u00e5.  Ryssland har utpekats som en stat som sponsrar terrorism. Det \u00e4r dags att \u00e4ndra och g\u00f6ra r\u00e4tt. Ryssland \u00e4r inte bara en sponsor, de \u00c4R terrorister.<\/p>\n\n\n\n<p class=\"wp-block-paragraph\">L\u00e4r mer om attackerna hos Kyiv Independent, <a href=\"https:\/\/kyivindependent.com\/russian-attacks-kill-6-injure-51-over-past-day-across-ukraine-as-moscow-rejects-ceasefire\/\">h\u00e4r<\/a> och <a href=\"https:\/\/kyivindependent.com\/breaking-russian-drone-hits-kyivs-center\/\">h\u00e4r<\/a>.<\/p>\n\n\n\n<h2 class=\"wp-block-heading\">Ryska f\u00f6rluster<\/h2>\n\n\n\n<p class=\"wp-block-paragraph\">Nu \u00e4r det inte m\u00e5nga dagar kvar innan vi n\u00e5r 1,5 miljoner KWIA. Jag hoppas att vi inte kommer att f\u00e5 uppleva den dag vi n\u00e5r 3 miljoner. Det \u00e4r sj\u00e4lvklart inte f\u00f6r att jag hyser n\u00e5gon direkt medk\u00e4nsla f\u00f6r de ryska soldater som faktiskt har ett val att l\u00e5ta bli att strida utan det \u00e4r s\u00e5 klart f\u00f6r att \u00e4ven Ukrainska soldater och civlia d\u00f6r varje dag i ett krig d\u00e4r vi andra st\u00e5r och ser p\u00e5 utan att sj\u00e4lva delta. <\/p>\n\n\n\n<ul class=\"wp-block-list\">\n<li>1260 KWIA<\/li>\n\n\n\n<li>3 Tanks<\/li>\n\n\n\n<li>1 AFV<\/li>\n\n\n\n<li>65 Artillery<\/li>\n\n\n\n<li>5 MLRS<\/li>\n\n\n\n<li>1898 UAVs<\/li>\n\n\n\n<li>12 UGVs<\/li>\n\n\n\n<li>401 Vehicles &amp; fuel taks<\/li>\n\n\n\n<li>8 Special equipment<\/li>\n<\/ul>\n\n\n\n<figure class=\"wp-block-image size-large losses\"><img loading=\"lazy\" decoding=\"async\" width=\"819\" height=\"1024\" src=\"https:\/\/johanno1.se\/wp-content\/uploads\/2026\/09\/2026-09-05-819x1024.jpg\" alt=\"\" class=\"wp-image-5762\" srcset=\"https:\/\/johanno1.se\/wp-content\/uploads\/2026\/09\/2026-09-05-819x1024.jpg 819w, https:\/\/johanno1.se\/wp-content\/uploads\/2026\/09\/2026-09-05-240x300.jpg 240w, https:\/\/johanno1.se\/wp-content\/uploads\/2026\/09\/2026-09-05-768x960.jpg 768w, https:\/\/johanno1.se\/wp-content\/uploads\/2026\/09\/2026-09-05.jpg 1024w\" sizes=\"auto, (max-width: 819px) 100vw, 819px\" \/><\/figure>\n\n\n\n<h2 class=\"wp-block-heading\">Ukrainska generalstabens morgonrapport<\/h2>\n\n\n\n<p class=\"wp-block-paragraph\">\u00c4ra \u00e5t Ukraina!<br>Det 1655:e dygnet av Ryska federationens fullskaliga v\u00e4pnade aggression mot Ukraina har inletts.<\/p>\n\n\n\n<p class=\"wp-block-paragraph\">Under det senaste dygnet registrerades totalt <strong>236 stridskontakter<\/strong>.I g\u00e5r genomf\u00f6rde fienden <strong>87 flyganfall<\/strong>, under vilka <strong>317 styrda flygbomber<\/strong> f\u00e4lldes. Dessutom anv\u00e4nde angriparna <strong>10 816 kamikazedr\u00f6nare<\/strong> och genomf\u00f6rde <strong>2 723 beskjutningar<\/strong> mot samh\u00e4llen och v\u00e5ra truppers positioner, varav <strong>22 med raketartilleri<\/strong>.<\/p>\n\n\n\n<p class=\"wp-block-paragraph\">I Sumyregionen utsattes samh\u00e4llena Sopych, Baranivka, Neskuchne, Korenok, Potapivka, Mohrytsia, Kucherivka, Iskryskivshchyna, Rohizne, Hirky, Bachivsk och Volfyne f\u00f6r fientlig artilleribeskjutning.<\/p>\n\n\n\n<p class=\"wp-block-paragraph\">Under det senaste dygnet tr\u00e4ffade f\u00f6rsvarsstyrkornas flyg, robotf\u00f6rband och artilleri 11 omr\u00e5den med koncentration av fientlig personal, fyra artilleripj\u00e4ser och artilleripositioner, en ledningsplats f\u00f6r obemannade luftfarkoster, ett luftv\u00e4rnssystem samt ytterligare ett viktigt m\u00e5l tillh\u00f6rande ockupanterna.<\/p>\n\n\n\n<p class=\"wp-block-paragraph\">P\u00e5 norra Slobozjanskyj- och Kurskavsnitten registrerades tre fientliga stormningsf\u00f6rs\u00f6k under det senaste dygnet. Angriparen genomf\u00f6rde 168 beskjutningar mot v\u00e5ra truppers positioner och samh\u00e4llen samt fyra flyganfall med sammanlagt 13 styrda flygbomber.<\/p>\n\n\n\n<p class=\"wp-block-paragraph\">P\u00e5 s\u00f6dra Slobozjanskyjavsnittet slog ukrainska f\u00f6rband tillbaka 12 fientliga attacker. Angriparna f\u00f6rs\u00f6kte avancera i riktning mot samh\u00e4llena Loshakove, Okhrimivka, Chuhunivka, Zarubynka, Izbytske och Lyman samt i omr\u00e5det kring Starytsia.<\/p>\n\n\n\n<p class=\"wp-block-paragraph\">P\u00e5 Kupjanskavsnittet f\u00f6rs\u00f6kte fienden f\u00f6rb\u00e4ttra sina positioner vid 11 tillf\u00e4llen genom stormningsoperationer i riktning mot samh\u00e4llena Radkivka, Kivsharivka, Dovhenke, Kurylivka och Kupjansk.<\/p>\n\n\n\n<p class=\"wp-block-paragraph\">F\u00f6rs\u00f6k att bryta in i v\u00e5rt f\u00f6rsvar slogs tillbaka p\u00e5 Lymanavsnittet, d\u00e4r ockupanterna enligt uppdaterade uppgifter genomf\u00f6rde nio attacker i riktning mot samh\u00e4llena Shyikivka, Drobysheve, Lyman och Dibrova samt i omr\u00e5det kring Novoselivka.<\/p>\n\n\n\n<p class=\"wp-block-paragraph\">P\u00e5 Slovjanskavsnittet genomf\u00f6rde fienden sex stormningsf\u00f6rs\u00f6k i n\u00e4rheten av Ozerne, Rai-Oleksandrivka och Kryva Luka.<\/p>\n\n\n\n<p class=\"wp-block-paragraph\">P\u00e5 Kramatorskavsnittet genomf\u00f6rde de ryska angriparna en offensiv operation i riktning mot Nykonorivka.<\/p>\n\n\n\n<p class=\"wp-block-paragraph\">P\u00e5 Kostjantynivkaavsnittet registrerades 21 attacker. Angriparna genomf\u00f6rde stormningsoperationer i n\u00e4rheten av Kostjantynivka, Illinivka, Rusyn Yar, Sofiivka och Nove Shakhove samt i riktning mot samh\u00e4llena Pavlivka, Vilne och Stepanivka.<\/p>\n\n\n\n<p class=\"wp-block-paragraph\">P\u00e5 Pokrovskavsnittet genomf\u00f6rde fienden 40 attacker. Ockupanterna f\u00f6rs\u00f6kte avancera i riktning mot samh\u00e4llena Bilytske, Novyi Donbas, Shevchenko, Matiash\u00e9ve, Serhiivka, Myrne och Novopavlivka samt i omr\u00e5dena kring Udachne och Molodetske.<\/p>\n\n\n\n<p class=\"wp-block-paragraph\">P\u00e5 Oleksandrivkaavsnittet slog v\u00e5ra f\u00f6rsvarare tillbaka tv\u00e5 fientliga attacker i omr\u00e5dena kring Novoheorhiivka och Nove Zaporizhzhia.<\/p>\n\n\n\n<p class=\"wp-block-paragraph\">P\u00e5 Huljajpoleavsnittet attackerade ockupanterna v\u00e5ra f\u00f6rsvarares positioner 13 g\u00e5nger. Fienden f\u00f6rs\u00f6kte avancera i riktning mot samh\u00e4llena Dobropillia, Vozdvyzhivka, Kopani, Verkhnia Tersa, Huliaipilske, Tsvitkove och Charivne.<\/p>\n\n\n\n<p class=\"wp-block-paragraph\">P\u00e5 Orikhivavsnittet stoppade v\u00e5ra f\u00f6rsvarare fyra fientliga f\u00f6rs\u00f6k att avancera i omr\u00e5dena kring Mala Tokmachka, Stepnohirsk och Shcherbaky.<\/p>\n\n\n\n<p class=\"wp-block-paragraph\">P\u00e5 Prydniprovskavsnittet registrerades inga fientliga offensiva operationer.<\/p>\n\n\n\n<p class=\"wp-block-paragraph\">P\u00e5 Volyn- och Polissjaavsnitten har inga tecken uppt\u00e4ckts p\u00e5 att fienden h\u00e5ller p\u00e5 att bilda offensiva styrkegrupperingar.<\/p>\n\n\n\n<p class=\"wp-block-paragraph\">Totalt uppgick de ryska angriparnas f\u00f6rluster under det senaste dygnet till <strong>1 260 personer<\/strong>. Dessutom oskadliggjordes <strong>tre stridsvagnar, ett bepansrat stridsfordon, 65 artillerisystem, fem raketartillerisystem, 13 markbaserade robotsystem, 1 898 obemannade luftfarkoster, 401 fordon samt \u00e5tta enheter specialutrustning<\/strong>.<\/p>\n\n\n\n<p class=\"wp-block-paragraph\"><strong>Anslut er till f\u00f6rsvarsstyrkorna! Tillsammans segrar vi! \u00c4ra \u00e5t Ukraina!<\/strong><\/p>\n\n\n\n<p class=\"wp-block-paragraph\"><em>Kommentar:<\/em><br>Ukraina har stora problem med nallistiska robotar och nu \u00e4ven jetdrivna dr\u00f6nare som \u00e4r sv\u00e5ra att skjuta ner. Det som inte n\u00e4mns s\u00e5 ofta i media \u00e4r KAB. Under det g\u00e5ngna dygnet var det allts\u00e5 317 st. och de orsakar ungef\u00e4r lika stora skador som en ballistisk robot beroende p\u00e5 storlek f\u00f6rst\u00e5s. D\u00e5 f\u00e4ller ryssarna allts\u00e5 250-350 s\u00e5dana per dag! <\/p>\n\n\n\n<p class=\"wp-block-paragraph\"><strong>SLAVA UKRAINI<\/strong><\/p>\n","protected":false},"excerpt":{"rendered":"<p>Ryssland struntar i vapenvilan minst 7 d\u00f6da och 51 skadade i Ukraina &#8211; Ryska f\u00f6rluster av soldater snart uppe i 1,5 miljon<\/p>\n","protected":false},"author":1,"featured_media":805,"comment_status":"open","ping_status":"open","sticky":false,"template":"","format":"standard","meta":{"site-sidebar-layout":"default","site-content-layout":"","ast-site-content-layout":"default","site-content-style":"default","site-sidebar-style":"default","ast-global-header-display":"","ast-banner-title-visibility":"","ast-main-header-display":"","ast-hfb-above-header-display":"","ast-hfb-below-header-display":"","ast-hfb-mobile-header-display":"","site-post-title":"","ast-breadcrumbs-content":"","ast-featured-img":"","footer-sml-layout":"","ast-disable-related-posts":"","theme-transparent-header-meta":"","adv-header-id-meta":"","stick-header-meta":"","header-above-stick-meta":"","header-main-stick-meta":"","header-below-stick-meta":"","astra-migrate-meta-layouts":"default","ast-page-background-enabled":"default","ast-page-background-meta":{"desktop":{"background-color":"var(--ast-global-color-4)","background-image":"","background-repeat":"repeat","background-position":"center center","background-size":"auto","background-attachment":"scroll","background-type":"","background-media":"","overlay-type":"","overlay-color":"","overlay-opacity":"","overlay-gradient":""},"tablet":{"background-color":"","background-image":"","background-repeat":"repeat","background-position":"center center","background-size":"auto","background-attachment":"scroll","background-type":"","background-media":"","overlay-type":"","overlay-color":"","overlay-opacity":"","overlay-gradient":""},"mobile":{"background-color":"","background-image":"","background-repeat":"repeat","background-position":"center center","background-size":"auto","background-attachment":"scroll","background-type":"","background-media":"","overlay-type":"","overlay-color":"","overlay-opacity":"","overlay-gradient":""}},"ast-content-background-meta":{"desktop":{"background-color":"var(--ast-global-color-5)","background-image":"","background-repeat":"repeat","background-position":"center center","background-size":"auto","background-attachment":"scroll","background-type":"","background-media":"","overlay-type":"","overlay-color":"","overlay-opacity":"","overlay-gradient":""},"tablet":{"background-color":"var(--ast-global-color-5)","background-image":"","background-repeat":"repeat","background-position":"center center","background-size":"auto","background-attachment":"scroll","background-type":"","background-media":"","overlay-type":"","overlay-color":"","overlay-opacity":"","overlay-gradient":""},"mobile":{"background-color":"var(--ast-global-color-5)","background-image":"","background-repeat":"repeat","background-position":"center center","background-size":"auto","background-attachment":"scroll","background-type":"","background-media":"","overlay-type":"","overlay-color":"","overlay-opacity":"","overlay-gradient":""}},"footnotes":""},"categories":[18,31],"tags":[],"class_list":["post-5761","post","type-post","status-publish","format-standard","has-post-thumbnail","hentry","category-ukraina","category-ryska-forluster"],"yoast_head":"<!-- This site is optimized with the Yoast SEO plugin v28.3 - https:\/\/yoast.com\/product\/yoast-seo-wordpress\/ -->\n<title>Minst 7 d\u00f6da och 51 skadade i Ukraina under vapenvilan - Ryska f\u00f6rluster - Kriget i Ukraina<\/title>\n<meta name=\"robots\" content=\"index, follow, max-snippet:-1, max-image-preview:large, max-video-preview:-1\" \/>\n<link rel=\"canonical\" href=\"https:\/\/johanno1.se\/sv\/minst-7-doda-och-51-skadade-i-ukraina-under-vapenvilan-ryska-forluster\/\" \/>\n<meta property=\"og:locale\" content=\"sv_SE\" \/>\n<meta property=\"og:type\" content=\"article\" \/>\n<meta property=\"og:title\" content=\"Minst 7 d\u00f6da och 51 skadade i Ukraina under vapenvilan - Ryska f\u00f6rluster - Kriget i Ukraina\" \/>\n<meta property=\"og:description\" content=\"Ryssland struntar i vapenvilan minst 7 d\u00f6da och 51 skadade i Ukraina - Ryska f\u00f6rluster av soldater snart uppe i 1,5 miljon\" \/>\n<meta property=\"og:url\" content=\"https:\/\/johanno1.se\/sv\/minst-7-doda-och-51-skadade-i-ukraina-under-vapenvilan-ryska-forluster\/\" \/>\n<meta property=\"og:site_name\" content=\"Johan No.1\" \/>\n<meta property=\"article:published_time\" content=\"2026-09-05T09:23:58+00:00\" \/>\n<meta property=\"article:modified_time\" content=\"2026-09-05T11:12:03+00:00\" \/>\n<meta property=\"og:image\" content=\"https:\/\/johanno1.se\/wp-content\/uploads\/2025\/04\/UkraineFlag.png\" \/>\n\t<meta property=\"og:image:width\" content=\"642\" \/>\n\t<meta property=\"og:image:height\" content=\"384\" \/>\n\t<meta property=\"og:image:type\" content=\"image\/png\" \/>\n<meta name=\"author\" content=\"MXT\" \/>\n<meta name=\"twitter:card\" content=\"summary_large_image\" \/>\n<meta name=\"twitter:creator\" content=\"@MatsExtrude\" \/>\n<meta name=\"twitter:label1\" content=\"Skriven av\" \/>\n\t<meta name=\"twitter:data1\" content=\"MXT\" \/>\n\t<meta name=\"twitter:label2\" content=\"Ber\u00e4knad l\u00e4stid\" \/>\n\t<meta name=\"twitter:data2\" content=\"5 minuter\" \/>\n<script type=\"application\/ld+json\" class=\"yoast-schema-graph\">{\"@context\":\"https:\\\/\\\/schema.org\",\"@graph\":[{\"@type\":\"Article\",\"@id\":\"https:\\\/\\\/johanno1.se\\\/sv\\\/minst-7-doda-och-51-skadade-i-ukraina-under-vapenvilan-ryska-forluster\\\/#article\",\"isPartOf\":{\"@id\":\"https:\\\/\\\/johanno1.se\\\/sv\\\/minst-7-doda-och-51-skadade-i-ukraina-under-vapenvilan-ryska-forluster\\\/\"},\"author\":{\"name\":\"MXT\",\"@id\":\"https:\\\/\\\/johanno1.se\\\/sv\\\/#\\\/schema\\\/person\\\/b9a1e3c5f5da33b8e8a755f098951212\"},\"headline\":\"Minst 7 d\u00f6da och 51 skadade i Ukraina under vapenvilan &#8211; Ryska f\u00f6rluster\",\"datePublished\":\"2026-09-05T09:23:58+00:00\",\"dateModified\":\"2026-09-05T11:12:03+00:00\",\"mainEntityOfPage\":{\"@id\":\"https:\\\/\\\/johanno1.se\\\/sv\\\/minst-7-doda-och-51-skadade-i-ukraina-under-vapenvilan-ryska-forluster\\\/\"},\"wordCount\":966,\"commentCount\":35,\"publisher\":{\"@id\":\"https:\\\/\\\/johanno1.se\\\/sv\\\/#organization\"},\"image\":{\"@id\":\"https:\\\/\\\/johanno1.se\\\/sv\\\/minst-7-doda-och-51-skadade-i-ukraina-under-vapenvilan-ryska-forluster\\\/#primaryimage\"},\"thumbnailUrl\":\"https:\\\/\\\/johanno1.se\\\/wp-content\\\/uploads\\\/2025\\\/04\\\/UkraineFlag.png\",\"articleSection\":[\"Kriget i Ukraina\",\"Ryska f\u00f6rluster i kriget i Ukraina\"],\"inLanguage\":\"sv-SE\",\"potentialAction\":[{\"@type\":\"CommentAction\",\"name\":\"Comment\",\"target\":[\"https:\\\/\\\/johanno1.se\\\/sv\\\/minst-7-doda-och-51-skadade-i-ukraina-under-vapenvilan-ryska-forluster\\\/#respond\"]}]},{\"@type\":\"WebPage\",\"@id\":\"https:\\\/\\\/johanno1.se\\\/sv\\\/minst-7-doda-och-51-skadade-i-ukraina-under-vapenvilan-ryska-forluster\\\/\",\"url\":\"https:\\\/\\\/johanno1.se\\\/sv\\\/minst-7-doda-och-51-skadade-i-ukraina-under-vapenvilan-ryska-forluster\\\/\",\"name\":\"Minst 7 d\u00f6da och 51 skadade i Ukraina under vapenvilan - Ryska f\u00f6rluster - Kriget i Ukraina\",\"isPartOf\":{\"@id\":\"https:\\\/\\\/johanno1.se\\\/sv\\\/#website\"},\"primaryImageOfPage\":{\"@id\":\"https:\\\/\\\/johanno1.se\\\/sv\\\/minst-7-doda-och-51-skadade-i-ukraina-under-vapenvilan-ryska-forluster\\\/#primaryimage\"},\"image\":{\"@id\":\"https:\\\/\\\/johanno1.se\\\/sv\\\/minst-7-doda-och-51-skadade-i-ukraina-under-vapenvilan-ryska-forluster\\\/#primaryimage\"},\"thumbnailUrl\":\"https:\\\/\\\/johanno1.se\\\/wp-content\\\/uploads\\\/2025\\\/04\\\/UkraineFlag.png\",\"datePublished\":\"2026-09-05T09:23:58+00:00\",\"dateModified\":\"2026-09-05T11:12:03+00:00\",\"breadcrumb\":{\"@id\":\"https:\\\/\\\/johanno1.se\\\/sv\\\/minst-7-doda-och-51-skadade-i-ukraina-under-vapenvilan-ryska-forluster\\\/#breadcrumb\"},\"inLanguage\":\"sv-SE\",\"potentialAction\":[{\"@type\":\"ReadAction\",\"target\":[\"https:\\\/\\\/johanno1.se\\\/sv\\\/minst-7-doda-och-51-skadade-i-ukraina-under-vapenvilan-ryska-forluster\\\/\"]}]},{\"@type\":\"ImageObject\",\"inLanguage\":\"sv-SE\",\"@id\":\"https:\\\/\\\/johanno1.se\\\/sv\\\/minst-7-doda-och-51-skadade-i-ukraina-under-vapenvilan-ryska-forluster\\\/#primaryimage\",\"url\":\"https:\\\/\\\/johanno1.se\\\/wp-content\\\/uploads\\\/2025\\\/04\\\/UkraineFlag.png\",\"contentUrl\":\"https:\\\/\\\/johanno1.se\\\/wp-content\\\/uploads\\\/2025\\\/04\\\/UkraineFlag.png\",\"width\":642,\"height\":384,\"caption\":\"Kriget i Ukraina - Ukraine war\"},{\"@type\":\"BreadcrumbList\",\"@id\":\"https:\\\/\\\/johanno1.se\\\/sv\\\/minst-7-doda-och-51-skadade-i-ukraina-under-vapenvilan-ryska-forluster\\\/#breadcrumb\",\"itemListElement\":[{\"@type\":\"ListItem\",\"position\":1,\"name\":\"Hem\",\"item\":\"https:\\\/\\\/johanno1.se\\\/sv\\\/\"},{\"@type\":\"ListItem\",\"position\":2,\"name\":\"Minst 7 d\u00f6da och 51 skadade i Ukraina under vapenvilan &#8211; Ryska f\u00f6rluster\"}]},{\"@type\":\"WebSite\",\"@id\":\"https:\\\/\\\/johanno1.se\\\/sv\\\/#website\",\"url\":\"https:\\\/\\\/johanno1.se\\\/sv\\\/\",\"name\":\"Johan No.1\",\"description\":\"Kriget i Ukraina - V\u00e4rldsledande omv\u00e4rldsanalys fr\u00e5n Svensksund till den ryska brakf\u00f6rlusten i Ukraina\",\"publisher\":{\"@id\":\"https:\\\/\\\/johanno1.se\\\/sv\\\/#organization\"},\"potentialAction\":[{\"@type\":\"SearchAction\",\"target\":{\"@type\":\"EntryPoint\",\"urlTemplate\":\"https:\\\/\\\/johanno1.se\\\/sv\\\/?s={search_term_string}\"},\"query-input\":{\"@type\":\"PropertyValueSpecification\",\"valueRequired\":true,\"valueName\":\"search_term_string\"}}],\"inLanguage\":\"sv-SE\"},{\"@type\":\"Organization\",\"@id\":\"https:\\\/\\\/johanno1.se\\\/sv\\\/#organization\",\"name\":\"Johan No. 1\",\"url\":\"https:\\\/\\\/johanno1.se\\\/sv\\\/\",\"logo\":{\"@type\":\"ImageObject\",\"inLanguage\":\"sv-SE\",\"@id\":\"https:\\\/\\\/johanno1.se\\\/sv\\\/#\\\/schema\\\/logo\\\/image\\\/\",\"url\":\"https:\\\/\\\/johanno1.se\\\/wp-content\\\/uploads\\\/2025\\\/03\\\/cropped-No1-Logo.png\",\"contentUrl\":\"https:\\\/\\\/johanno1.se\\\/wp-content\\\/uploads\\\/2025\\\/03\\\/cropped-No1-Logo.png\",\"width\":512,\"height\":512,\"caption\":\"Johan No. 1\"},\"image\":{\"@id\":\"https:\\\/\\\/johanno1.se\\\/sv\\\/#\\\/schema\\\/logo\\\/image\\\/\"}},{\"@type\":\"Person\",\"@id\":\"https:\\\/\\\/johanno1.se\\\/sv\\\/#\\\/schema\\\/person\\\/b9a1e3c5f5da33b8e8a755f098951212\",\"name\":\"MXT\",\"image\":{\"@type\":\"ImageObject\",\"inLanguage\":\"sv-SE\",\"@id\":\"https:\\\/\\\/secure.gravatar.com\\\/avatar\\\/74fa4c492659dce280abcb04be56b0f457c131c7356cc691540aecee84b8780f?s=96&d=mm&r=g\",\"url\":\"https:\\\/\\\/secure.gravatar.com\\\/avatar\\\/74fa4c492659dce280abcb04be56b0f457c131c7356cc691540aecee84b8780f?s=96&d=mm&r=g\",\"contentUrl\":\"https:\\\/\\\/secure.gravatar.com\\\/avatar\\\/74fa4c492659dce280abcb04be56b0f457c131c7356cc691540aecee84b8780f?s=96&d=mm&r=g\",\"caption\":\"MXT\"},\"description\":\"Skriver fr\u00e4mst om kriget i Ukraina, men \u00e4ven om andra globala h\u00e4ndelser som kan p\u00e5verka utvecklingen. Gillar statisitk och redovisar bl.a. ryska f\u00f6rluster och en hel del annat. Postar mycket av nyheterna i kommentarerna som h\u00e4mtas fr\u00e5n olika k\u00e4llor. F\u00f6rutom Ukraina handlar det om olika h\u00e4ndelser i Sverige och Europa, klimatet, Israel-Palestina och f\u00f6rst\u00e5s en hel del kring USA och Trump. Har en f\u00f6rm\u00e5ga att reta upp de som gillar den sistn\u00e4mnde eftersom jag \u00e4r starkt kritiskt till det mesta han tar sig f\u00f6r. IT-ansvarig och sk\u00f6ter drift, underh\u00e5ll och vidareutveckling av webbplatsen, s\u00e5 ni vet vem ni ska skylla p\u00e5 n\u00e4r det kr\u00e5nglar! SLAVA UKRAINI\",\"sameAs\":[\"https:\\\/\\\/spjutskaftet.se\",\"https:\\\/\\\/x.com\\\/MatsExtrude\"],\"url\":\"https:\\\/\\\/johanno1.se\\\/sv\\\/author\\\/extrude\\\/\"}]}<\/script>\n<!-- \/ Yoast SEO plugin. -->","yoast_head_json":{"title":"Minst 7 d\u00f6da och 51 skadade i Ukraina under vapenvilan - Ryska f\u00f6rluster - Kriget i Ukraina","robots":{"index":"index","follow":"follow","max-snippet":"max-snippet:-1","max-image-preview":"max-image-preview:large","max-video-preview":"max-video-preview:-1"},"canonical":"https:\/\/johanno1.se\/sv\/minst-7-doda-och-51-skadade-i-ukraina-under-vapenvilan-ryska-forluster\/","og_locale":"sv_SE","og_type":"article","og_title":"Minst 7 d\u00f6da och 51 skadade i Ukraina under vapenvilan - Ryska f\u00f6rluster - Kriget i Ukraina","og_description":"Ryssland struntar i vapenvilan minst 7 d\u00f6da och 51 skadade i Ukraina - Ryska f\u00f6rluster av soldater snart uppe i 1,5 miljon","og_url":"https:\/\/johanno1.se\/sv\/minst-7-doda-och-51-skadade-i-ukraina-under-vapenvilan-ryska-forluster\/","og_site_name":"Johan No.1","article_published_time":"2026-09-05T09:23:58+00:00","article_modified_time":"2026-09-05T11:12:03+00:00","og_image":[{"width":642,"height":384,"url":"https:\/\/johanno1.se\/wp-content\/uploads\/2025\/04\/UkraineFlag.png","type":"image\/png"}],"author":"MXT","twitter_card":"summary_large_image","twitter_creator":"@MatsExtrude","twitter_misc":{"Skriven av":"MXT","Ber\u00e4knad l\u00e4stid":"5 minuter"},"schema":{"@context":"https:\/\/schema.org","@graph":[{"@type":"Article","@id":"https:\/\/johanno1.se\/sv\/minst-7-doda-och-51-skadade-i-ukraina-under-vapenvilan-ryska-forluster\/#article","isPartOf":{"@id":"https:\/\/johanno1.se\/sv\/minst-7-doda-och-51-skadade-i-ukraina-under-vapenvilan-ryska-forluster\/"},"author":{"name":"MXT","@id":"https:\/\/johanno1.se\/sv\/#\/schema\/person\/b9a1e3c5f5da33b8e8a755f098951212"},"headline":"Minst 7 d\u00f6da och 51 skadade i Ukraina under vapenvilan &#8211; Ryska f\u00f6rluster","datePublished":"2026-09-05T09:23:58+00:00","dateModified":"2026-09-05T11:12:03+00:00","mainEntityOfPage":{"@id":"https:\/\/johanno1.se\/sv\/minst-7-doda-och-51-skadade-i-ukraina-under-vapenvilan-ryska-forluster\/"},"wordCount":966,"commentCount":35,"publisher":{"@id":"https:\/\/johanno1.se\/sv\/#organization"},"image":{"@id":"https:\/\/johanno1.se\/sv\/minst-7-doda-och-51-skadade-i-ukraina-under-vapenvilan-ryska-forluster\/#primaryimage"},"thumbnailUrl":"https:\/\/johanno1.se\/wp-content\/uploads\/2025\/04\/UkraineFlag.png","articleSection":["Kriget i Ukraina","Ryska f\u00f6rluster i kriget i Ukraina"],"inLanguage":"sv-SE","potentialAction":[{"@type":"CommentAction","name":"Comment","target":["https:\/\/johanno1.se\/sv\/minst-7-doda-och-51-skadade-i-ukraina-under-vapenvilan-ryska-forluster\/#respond"]}]},{"@type":"WebPage","@id":"https:\/\/johanno1.se\/sv\/minst-7-doda-och-51-skadade-i-ukraina-under-vapenvilan-ryska-forluster\/","url":"https:\/\/johanno1.se\/sv\/minst-7-doda-och-51-skadade-i-ukraina-under-vapenvilan-ryska-forluster\/","name":"Minst 7 d\u00f6da och 51 skadade i Ukraina under vapenvilan - Ryska f\u00f6rluster - Kriget i Ukraina","isPartOf":{"@id":"https:\/\/johanno1.se\/sv\/#website"},"primaryImageOfPage":{"@id":"https:\/\/johanno1.se\/sv\/minst-7-doda-och-51-skadade-i-ukraina-under-vapenvilan-ryska-forluster\/#primaryimage"},"image":{"@id":"https:\/\/johanno1.se\/sv\/minst-7-doda-och-51-skadade-i-ukraina-under-vapenvilan-ryska-forluster\/#primaryimage"},"thumbnailUrl":"https:\/\/johanno1.se\/wp-content\/uploads\/2025\/04\/UkraineFlag.png","datePublished":"2026-09-05T09:23:58+00:00","dateModified":"2026-09-05T11:12:03+00:00","breadcrumb":{"@id":"https:\/\/johanno1.se\/sv\/minst-7-doda-och-51-skadade-i-ukraina-under-vapenvilan-ryska-forluster\/#breadcrumb"},"inLanguage":"sv-SE","potentialAction":[{"@type":"ReadAction","target":["https:\/\/johanno1.se\/sv\/minst-7-doda-och-51-skadade-i-ukraina-under-vapenvilan-ryska-forluster\/"]}]},{"@type":"ImageObject","inLanguage":"sv-SE","@id":"https:\/\/johanno1.se\/sv\/minst-7-doda-och-51-skadade-i-ukraina-under-vapenvilan-ryska-forluster\/#primaryimage","url":"https:\/\/johanno1.se\/wp-content\/uploads\/2025\/04\/UkraineFlag.png","contentUrl":"https:\/\/johanno1.se\/wp-content\/uploads\/2025\/04\/UkraineFlag.png","width":642,"height":384,"caption":"Kriget i Ukraina - Ukraine war"},{"@type":"BreadcrumbList","@id":"https:\/\/johanno1.se\/sv\/minst-7-doda-och-51-skadade-i-ukraina-under-vapenvilan-ryska-forluster\/#breadcrumb","itemListElement":[{"@type":"ListItem","position":1,"name":"Hem","item":"https:\/\/johanno1.se\/sv\/"},{"@type":"ListItem","position":2,"name":"Minst 7 d\u00f6da och 51 skadade i Ukraina under vapenvilan &#8211; Ryska f\u00f6rluster"}]},{"@type":"WebSite","@id":"https:\/\/johanno1.se\/sv\/#website","url":"https:\/\/johanno1.se\/sv\/","name":"Johan No.1","description":"Kriget i Ukraina - V\u00e4rldsledande omv\u00e4rldsanalys fr\u00e5n Svensksund till den ryska brakf\u00f6rlusten i Ukraina","publisher":{"@id":"https:\/\/johanno1.se\/sv\/#organization"},"potentialAction":[{"@type":"SearchAction","target":{"@type":"EntryPoint","urlTemplate":"https:\/\/johanno1.se\/sv\/?s={search_term_string}"},"query-input":{"@type":"PropertyValueSpecification","valueRequired":true,"valueName":"search_term_string"}}],"inLanguage":"sv-SE"},{"@type":"Organization","@id":"https:\/\/johanno1.se\/sv\/#organization","name":"Johan No. 1","url":"https:\/\/johanno1.se\/sv\/","logo":{"@type":"ImageObject","inLanguage":"sv-SE","@id":"https:\/\/johanno1.se\/sv\/#\/schema\/logo\/image\/","url":"https:\/\/johanno1.se\/wp-content\/uploads\/2025\/03\/cropped-No1-Logo.png","contentUrl":"https:\/\/johanno1.se\/wp-content\/uploads\/2025\/03\/cropped-No1-Logo.png","width":512,"height":512,"caption":"Johan No. 1"},"image":{"@id":"https:\/\/johanno1.se\/sv\/#\/schema\/logo\/image\/"}},{"@type":"Person","@id":"https:\/\/johanno1.se\/sv\/#\/schema\/person\/b9a1e3c5f5da33b8e8a755f098951212","name":"MXT","image":{"@type":"ImageObject","inLanguage":"sv-SE","@id":"https:\/\/secure.gravatar.com\/avatar\/74fa4c492659dce280abcb04be56b0f457c131c7356cc691540aecee84b8780f?s=96&d=mm&r=g","url":"https:\/\/secure.gravatar.com\/avatar\/74fa4c492659dce280abcb04be56b0f457c131c7356cc691540aecee84b8780f?s=96&d=mm&r=g","contentUrl":"https:\/\/secure.gravatar.com\/avatar\/74fa4c492659dce280abcb04be56b0f457c131c7356cc691540aecee84b8780f?s=96&d=mm&r=g","caption":"MXT"},"description":"Skriver fr\u00e4mst om kriget i Ukraina, men \u00e4ven om andra globala h\u00e4ndelser som kan p\u00e5verka utvecklingen. Gillar statisitk och redovisar bl.a. ryska f\u00f6rluster och en hel del annat. Postar mycket av nyheterna i kommentarerna som h\u00e4mtas fr\u00e5n olika k\u00e4llor. F\u00f6rutom Ukraina handlar det om olika h\u00e4ndelser i Sverige och Europa, klimatet, Israel-Palestina och f\u00f6rst\u00e5s en hel del kring USA och Trump. Har en f\u00f6rm\u00e5ga att reta upp de som gillar den sistn\u00e4mnde eftersom jag \u00e4r starkt kritiskt till det mesta han tar sig f\u00f6r. IT-ansvarig och sk\u00f6ter drift, underh\u00e5ll och vidareutveckling av webbplatsen, s\u00e5 ni vet vem ni ska skylla p\u00e5 n\u00e4r det kr\u00e5nglar! SLAVA UKRAINI","sameAs":["https:\/\/spjutskaftet.se","https:\/\/x.com\/MatsExtrude"],"url":"https:\/\/johanno1.se\/sv\/author\/extrude\/"}]}},"_links":{"self":[{"href":"https:\/\/johanno1.se\/sv\/wp-json\/wp\/v2\/posts\/5761","targetHints":{"allow":["GET"]}}],"collection":[{"href":"https:\/\/johanno1.se\/sv\/wp-json\/wp\/v2\/posts"}],"about":[{"href":"https:\/\/johanno1.se\/sv\/wp-json\/wp\/v2\/types\/post"}],"author":[{"embeddable":true,"href":"https:\/\/johanno1.se\/sv\/wp-json\/wp\/v2\/users\/1"}],"replies":[{"embeddable":true,"href":"https:\/\/johanno1.se\/sv\/wp-json\/wp\/v2\/comments?post=5761"}],"version-history":[{"count":1,"href":"https:\/\/johanno1.se\/sv\/wp-json\/wp\/v2\/posts\/5761\/revisions"}],"predecessor-version":[{"id":5763,"href":"https:\/\/johanno1.se\/sv\/wp-json\/wp\/v2\/posts\/5761\/revisions\/5763"}],"wp:featuredmedia":[{"embeddable":true,"href":"https:\/\/johanno1.se\/sv\/wp-json\/wp\/v2\/media\/805"}],"wp:attachment":[{"href":"https:\/\/johanno1.se\/sv\/wp-json\/wp\/v2\/media?parent=5761"}],"wp:term":[{"taxonomy":"category","embeddable":true,"href":"https:\/\/johanno1.se\/sv\/wp-json\/wp\/v2\/categories?post=5761"},{"taxonomy":"post_tag","embeddable":true,"href":"https:\/\/johanno1.se\/sv\/wp-json\/wp\/v2\/tags?post=5761"}],"curies":[{"name":"wp","href":"https:\/\/api.w.org\/{rel}","templated":true}]}}