{"id":5766,"date":"2026-09-06T07:18:55","date_gmt":"2026-09-06T05:18:55","guid":{"rendered":"https:\/\/johanno1.se\/?p=5766"},"modified":"2026-09-06T13:25:34","modified_gmt":"2026-09-06T11:25:34","slug":"usas-besok-i-moskva-ar-nu-avslutat-samtidigt-fortsatter-arresteringarna-av-medlemmarna-i-oppositionspartiet-yabloko-ryska-forluster","status":"publish","type":"post","link":"https:\/\/johanno1.se\/sv\/usas-besok-i-moskva-ar-nu-avslutat-samtidigt-fortsatter-arresteringarna-av-medlemmarna-i-oppositionspartiet-yabloko-ryska-forluster\/","title":{"rendered":"USAs bes\u00f6k i Moskva \u00e4r nu avslutat samtidigt forts\u00e4tter arresteringarna av medlemmarna i oppositionspartiet Yabloko\u00a0&#8211; Ryska f\u00f6rluster"},"content":{"rendered":"\n<p class=\"wp-block-paragraph\">Steve Witkoff och Jared Kushner hade ett tre timmar l\u00e5ngt m\u00f6te med Putin men n\u00e5gra konkreta resultat eller \u00f6verenskommelser offentliggjordes aldrig efter m\u00f6tet. Putin upprepade att Ryssland t\u00e4nker uppn\u00e5 sina \u201dm\u00e5l\u201d och att krigets p\u00e5st\u00e5dda \u201dgrundorsaker\u201d m\u00e5ste undanr\u00f6jas. Putin kommer med andra ord inte ge upp innan man er\u00f6vrat hela Donetsk och f\u00e5r inte heller med i Nato. <\/p>\n\n\n\n<p class=\"wp-block-paragraph\">Ryssland s\u00e4ger att de t\u00e4nker avst\u00e5 fr\u00e5n angrepp mot Kyiv under deras bes\u00f6k d\u00e4r men v\u00e4grade g\u00e5 med p\u00e5 den mer omfattande vapenvila under tre dagar som Zelenskyy f\u00f6reslagit.<\/p>\n\n\n\n<p class=\"wp-block-paragraph\">Trots det fortsatte ryska angrepp p\u00e5 flera h\u00e5ll i Ukraina medan f\u00f6rhandlingarna p\u00e5gick. Zelensky uppgav dessutom att ryska styrkor hade angripit bland annat Kyiv och flygplatsomr\u00e5det i Boryspil. Det l\u00e5ter allts\u00e5 som att Putins som vanligt ljuger men vi f\u00e5r se hur det g\u00e5r under dagen n\u00e4r Witkoff och Kushner bes\u00f6kare Kyiv. <\/p>\n\n\n\n<p class=\"wp-block-paragraph\">L\u00e5ngt m\u00f6te som inte verkar ha lett till n\u00e5gont alls. L\u00e4s mer <a href=\"https:\/\/kyivindependent.com\/us-envoys-witkoff-kushner-arrive-in-moscow-for-talks-on-ending-russias-war\/\" target=\"_blank\" rel=\"noreferrer noopener nofollow\">h\u00e4r<\/a>.<\/p>\n\n\n\n<p class=\"wp-block-paragraph\">Ryssland har fortsatt att gripa medlemmar av oppositionspartiet Jabloko. Parlamentsvalet n\u00e4rmar sig och den 4 september arresterades ytterligare 2 medlemmar. Trots att de inte har n\u00e5gon chans att vinna valet, man har redan f\u00f6rbjudit dem att delta i valet, anser man att de \u00e4nd\u00e5 \u00e4r ett s\u00e5 stort hot att man f\u00f6rs\u00f6ker tyste dem helt. \u00c4ven om partitet inte f\u00e5r delta kan enskilda medlemmar \u00e4nd\u00e5 delta n\u00e4r det g\u00e4ller 225 platser knutna till olika valkretsar.<br>Parlamentsvalet som \u00e4ger rum den 18-20 september.<\/p>\n\n\n\n<h2 class=\"wp-block-heading\">Ryska f\u00f6rluster<\/h2>\n\n\n\n<p class=\"wp-block-paragraph\">N\u00e5got l\u00e4gre, men \u00e4nd\u00e5 h\u00f6ga, f\u00f6rluster. I listan saknas b\u00e5de LV och specialutrustning och det \u00e4r ovanligt l\u00e5ga f\u00f6rluster av artilleri.<\/p>\n\n\n\n<ul class=\"wp-block-list\">\n<li>1390 KWIA<\/li>\n\n\n\n<li>3 Tanks<\/li>\n\n\n\n<li>5 AFVs<\/li>\n\n\n\n<li>33 Artillery systems<\/li>\n\n\n\n<li>3 MLRS<\/li>\n\n\n\n<li>1 Air defense system<\/li>\n\n\n\n<li>1435 UAVs<\/li>\n\n\n\n<li>5 UGVs<\/li>\n\n\n\n<li>392 Vehicles &amp; fuel tanks<\/li>\n<\/ul>\n\n\n\n<figure class=\"wp-block-image size-large losses\"><img loading=\"lazy\" decoding=\"async\" width=\"819\" height=\"1024\" src=\"https:\/\/johanno1.se\/wp-content\/uploads\/2026\/09\/2026-09-06-819x1024.jpg\" alt=\"\" class=\"wp-image-5767\" srcset=\"https:\/\/johanno1.se\/wp-content\/uploads\/2026\/09\/2026-09-06-819x1024.jpg 819w, https:\/\/johanno1.se\/wp-content\/uploads\/2026\/09\/2026-09-06-240x300.jpg 240w, https:\/\/johanno1.se\/wp-content\/uploads\/2026\/09\/2026-09-06-768x960.jpg 768w, https:\/\/johanno1.se\/wp-content\/uploads\/2026\/09\/2026-09-06.jpg 1024w\" sizes=\"auto, (max-width: 819px) 100vw, 819px\" \/><\/figure>\n\n\n\n<p class=\"wp-block-paragraph\">Ukrainska generalstabens morgonrapport<\/p>\n\n\n\n<p class=\"wp-block-paragraph\"><strong>Operativ information per kl. 08.00 den 6 september 2026 om den ryska invasionen<\/strong><\/p>\n\n\n\n<p class=\"wp-block-paragraph\">\u00c4ra \u00e5t Ukraina!<br>Det 1656:e dygnet av Ryska federationens fullskaliga v\u00e4pnade aggression mot Ukraina har inletts.<\/p>\n\n\n\n<p class=\"wp-block-paragraph\">Under det senaste dygnet registrerades totalt <strong>245 stridskontakter<\/strong>.<br>I g\u00e5r genomf\u00f6rde fienden <strong>87 flyganfall<\/strong>, under vilka <strong>288 styrda flygbomber<\/strong> f\u00e4lldes. Dessutom anv\u00e4nde angriparna <strong>8 340 kamikazedr\u00f6nare<\/strong> och genomf\u00f6rde <strong>2 389 beskjutningar<\/strong> mot samh\u00e4llen och v\u00e5ra truppers positioner, varav <strong>32 med raketartilleri<\/strong>.<\/p>\n\n\n\n<p class=\"wp-block-paragraph\">Bland annat utsattes samh\u00e4llena Bachivsk, Bezsalivka, Korenok, Ulanove, Iskryskivshchyna, Malushyne, Neskuchne, Rohizne, Atynske, Volfyne, Nova Sich, Tovstodubove, Mala Slobidka, Esman, Starykove och Yastrubshchyna i Sumyregionen samt Leonivka och Lohy i Tjernihivregionen f\u00f6r fientlig beskjutning. Vilna Sloboda utsattes f\u00f6r ett flyganfall.<\/p>\n\n\n\n<p class=\"wp-block-paragraph\">Under det senaste dygnet tr\u00e4ffade f\u00f6rsvarsstyrkornas flyg, robotf\u00f6rband och artilleri tre omr\u00e5den med koncentration av fientlig personal, tre ledningsplatser f\u00f6r obemannade luftfarkoster, ett viktigt m\u00e5l samt tv\u00e5 ledningsplatser tillh\u00f6rande ockupanterna.<\/p>\n\n\n\n<p class=\"wp-block-paragraph\">P\u00e5 norra Slobozjanskyj- och Kurskavsnitten registrerades fem fientliga stormningsf\u00f6rs\u00f6k under det senaste dygnet. Angriparen genomf\u00f6rde 40 beskjutningar mot v\u00e5ra truppers positioner och samh\u00e4llen, varav en med raketartilleri. Fienden genomf\u00f6rde \u00e4ven tv\u00e5 flyganfall med sammanlagt fem styrda flygbomber.<\/p>\n\n\n\n<p class=\"wp-block-paragraph\">P\u00e5 s\u00f6dra Slobozjanskyjavsnittet slog ukrainska f\u00f6rband tillbaka nio fientliga attacker. Angriparna f\u00f6rs\u00f6kte avancera i riktning mot samh\u00e4llena Kozacha Lopan, Prylipka, Lyman, Izbytske, Zakharivka, Kupyne, Mala Vovcha, Vodiane och Khatnie.<\/p>\n\n\n\n<p class=\"wp-block-paragraph\">P\u00e5 Kupjanskavsnittet f\u00f6rs\u00f6kte fienden f\u00f6rb\u00e4ttra sina positioner vid nio tillf\u00e4llen genom stormningsoperationer i riktning mot Radkivka, Kupjansk-Vuzlovyi, Kivsharivka, Borivska Andriivka och Novoosynove.<\/p>\n\n\n\n<p class=\"wp-block-paragraph\">F\u00f6rs\u00f6k att bryta in i v\u00e5rt f\u00f6rsvar slogs tillbaka p\u00e5 Lymanavsnittet, d\u00e4r ockupanterna genomf\u00f6rde tio attacker i riktning mot samh\u00e4llena Novoselivka, Druzheliubivka och Lyman.<\/p>\n\n\n\n<p class=\"wp-block-paragraph\">P\u00e5 Slovjanskavsnittet genomf\u00f6rde fienden tv\u00e5 stormningsf\u00f6rs\u00f6k i omr\u00e5det kring Rai-Oleksandrivka samt i riktning mot Ozerne.<\/p>\n\n\n\n<p class=\"wp-block-paragraph\">P\u00e5 Kramatorskavsnittet genomf\u00f6rde de ryska angriparna tv\u00e5 offensiva operationer i riktning mot Yurkivka och Fedorivka.<\/p>\n\n\n\n<p class=\"wp-block-paragraph\">P\u00e5 Kostjantynivkaavsnittet registrerades 17 attacker. Angriparna genomf\u00f6rde stormningsoperationer i omr\u00e5det kring Kostjantynivka samt i riktning mot Kindrativka, Pavlivka, Toretske, Sofiivka, Novopavlivka och Novoselivka.<\/p>\n\n\n\n<p class=\"wp-block-paragraph\">P\u00e5 Pokrovskavsnittet genomf\u00f6rde fienden 43 attacker. Ockupanterna f\u00f6rs\u00f6kte avancera i riktning mot samh\u00e4llena Dorozhnie, Nykanorivka, Bilytske, Novyi Donbas, Dobropillia, Vodiane, Shevchenko, Chernihivka, Matiash\u00e9ve, Serhiivka, Vasylkivka, Udachne, Nadiia och Novopavlivka.<\/p>\n\n\n\n<p class=\"wp-block-paragraph\">P\u00e5 Oleksandrivkaavsnittet genomf\u00f6rde fienden tv\u00e5 stormningsf\u00f6rs\u00f6k i riktning mot Ternove och Zelenyi Hai.<\/p>\n\n\n\n<p class=\"wp-block-paragraph\">P\u00e5 Huljajpoleavsnittet attackerade ockupanterna v\u00e5ra f\u00f6rsvarares positioner fem g\u00e5nger. Fienden f\u00f6rs\u00f6kte avancera i riktning mot samh\u00e4llena Verkhnia Tersa, Charivne och Hirke.<\/p>\n\n\n\n<p class=\"wp-block-paragraph\">P\u00e5 Orikhivavsnittet stoppade v\u00e5ra f\u00f6rsvarare ett fientligt f\u00f6rs\u00f6k att avancera i omr\u00e5det kring Pavlivka.<\/p>\n\n\n\n<p class=\"wp-block-paragraph\">P\u00e5 Prydniprovskavsnittet f\u00f6rs\u00f6kte fienden inte f\u00f6rb\u00e4ttra sina positioner.<\/p>\n\n\n\n<p class=\"wp-block-paragraph\">P\u00e5 Volyn- och Polissjaavsnitten har inga tecken uppt\u00e4ckts p\u00e5 att fienden h\u00e5ller p\u00e5 att bilda offensiva styrkegrupperingar.<\/p>\n\n\n\n<p class=\"wp-block-paragraph\">Totalt uppgick de ryska angriparnas f\u00f6rluster under det senaste dygnet till <strong>1 390 personer<\/strong>. Dessutom oskadliggjordes <strong>tre stridsvagnar, fem bepansrade stridsfordon, 33 artillerisystem, tre raketartillerisystem, ett luftv\u00e4rnssystem, fem markbaserade robotsystem, 1 435 obemannade luftfarkoster samt 392 fordon<\/strong>.<\/p>\n\n\n\n<p class=\"wp-block-paragraph\"><strong>Anslut er till f\u00f6rsvarsstyrkorna! Tillsammans segrar vi! \u00c4ra \u00e5t Ukraina!<\/strong><\/p>\n\n\n\n<p class=\"wp-block-paragraph\"><\/p>\n\n\n\n<p class=\"wp-block-paragraph\"><strong>SLAVA UKRAINI<\/strong><\/p>\n\n\n\n<hr class=\"wp-block-separator has-alpha-channel-opacity is-style-wide\"\/>\n\n\n\n<p class=\"wp-block-paragraph\"><em>Uppdaterat <em>2026-09-06<\/em><\/em> <em>07:29<\/em>:<\/p>\n\n\n\n<h2 class=\"wp-block-heading\">Ukrainska dr\u00f6nare har attackerat ett oljeraffinaderi i Rjazan<\/h2>\n\n\n\n<p class=\"wp-block-paragraph\"> Enligt uppgifter ska Ukraina attackerat ett flertal st\u00e4der i Ryssland under natten och man ska bland annat ha tr\u00e4ffat ett olleraffinaderi i Rjazan som \u00e4ven b\u00f6rjade brinna. L\u00e4s mer <a href=\"https:\/\/kyivindependent.com\/ukrainian-drones-reportedly-target-ryazan-oil-refinery-cities-across-russia\/\">h\u00e4r<\/a>.<\/p>\n\n\n\n<hr class=\"wp-block-separator has-alpha-channel-opacity is-style-wide\"\/>\n\n\n\n<p class=\"wp-block-paragraph\"><em>Uppdaterat: 2026-09-06 10:16<\/em><\/p>\n\n\n\n<h2 class=\"wp-block-heading\">Genomg\u00e5ng av de ryska f\u00f6rlusterna i kriget i Ukraina<\/h2>\n\n\n\n<p class=\"wp-block-paragraph\">Sammanfattningen av genomg\u00e5ngen blir ungef\u00e4r densamma som f\u00f6rra g\u00e5ngen. M\u00e5nga av de h\u00f6ga f\u00f6rlusterna av bland annat artilleri och transport mm. Beror troligen p\u00e5 att Ukrainas f\u00f6rm\u00e5ga n\u00e4r det g\u00e4ller dr\u00f6nare helt enkelt \u00f6kat.<\/p>\n\n\n\n<p class=\"wp-block-paragraph\">Dr\u00f6narna blir allt mer avg\u00f6rande och vi ser \u00e4ven att Ryssland forts\u00e4tter att anv\u00e4nda fler och fler sj\u00e4lvmordsdr\u00f6nare \u00e4ven om \u00f6kningen inte \u00e4r lika h\u00e4g l\u00e4ngre..<br><br>F\u00f6rlusterna av stridsvagnar och \u00f6vriga pansarfordon ligger fortfarande p\u00e5 en l\u00e5g niv\u00e5 i f\u00f6rh\u00e5llande till tidigare i kriget.<\/p>\n\n\n\n<p class=\"wp-block-paragraph\">Samtidigt som anv\u00e4ndandet av dr\u00f6nare har \u00f6kat kraftigt kan vi \u00e4nd\u00e5 ana att den \u00f6kningen stannat av n\u00e5got n\u00e4r det g\u00e4ller Ryssland. Vi f\u00e5r hoppas att den trenden h\u00e5ller i sig och att den kanske tom. v\u00e4nder ned\u00e5t.<\/p>\n\n\n\n<p class=\"wp-block-paragraph\">Mest positivt i den h\u00e4r genomg\u00e5ngen \u00e4r nog att Ukraina i augusti lyckades \u00e5terta mer land \u00e4n vad Ryssland lyckades ockupera. Putin tycks v\u00e4gra n\u00e5gra fredsf\u00f6rhandlingar innan han f\u00e5r hela Donbas, det kommer han att f\u00e5 v\u00e4nta l\u00e4ngre p\u00e5!<\/p>\n\n\n\n<h3 class=\"wp-block-heading\">Introduktion<\/h3>\n\n\n\n<p class=\"wp-block-paragraph\">Jag f\u00f6rst igenom de olika kategorierna av f\u00f6rluster, dels med ett mer detaljerat diagram f\u00f6r hur det ser ut s\u00e5 h\u00e4r l\u00e5ngt i \u00e5r, och dels med ett diagram \u00f6ver f\u00f6rlusterna per m\u00e5nad \u00f6ver hela kriget fram till augusti i \u00e5r. I bland kompletteras det \u00e4ven med ytterligare diagram. Mot slutet kommer \u00e4ven ytterligare siffror som t.ex. anv\u00e4ndandet av dr\u00f6nare osv.<br><br>Stort tack till Ragnar Gudmundsson (<a href=\"https:\/\/bsky.app\/profile\/ragnarbjartur.bsky.social\" target=\"_blank\" rel=\"noreferrer noopener\">https:\/\/bsky.app\/profile\/ragnarbjartur.bsky.social<\/a>) som de bl\u00e5 diagrammen \u00e4r h\u00e4mtade fr\u00e5n, \u00f6vriga kommer fr\u00e5n <a href=\"https:\/\/index.minfin.com.ua\/en\/russian-invading\/casualties\/\" target=\"_blank\" rel=\"noreferrer noopener nofollow\">https:\/\/index.minfin.com.ua\/en\/russian-invading\/casualties\/<\/a><\/p>\n\n\n\n<h3 class=\"wp-block-heading\">S\u00e5rade och stupade ryska soldater (KWIA)<\/h3>\n\n\n\n<p class=\"wp-block-paragraph\">Utvecklingen under \u00e5ret p\u00e5minner om en trappa i tre steg d\u00e4r f\u00f6rlustniv\u00e5n markant\u00f6kat varje g\u00e5ng. Vi har inte f\u00e5tt n\u00e5got nytt trappsteg upp\u00e5t ist\u00e4llet har f\u00f6rlusterna av soldaterna g\u00e5tt lite upp och ner den senaste tiden men f\u00f6rluster \u00e4r h\u00f6ga, n\u00e5got l\u00e4gre p\u00e5 m\u00e5nadsbasis den h\u00e4r m\u00e5naden j\u00e4mf\u00f6rt med den f\u00f6rra.<\/p>\n\n\n\n<figure class=\"wp-block-image size-full\"><img loading=\"lazy\" decoding=\"async\" width=\"579\" height=\"448\" src=\"https:\/\/johanno1.se\/wp-content\/uploads\/2026\/09\/image-2.png\" alt=\"\" class=\"wp-image-5779\" srcset=\"https:\/\/johanno1.se\/wp-content\/uploads\/2026\/09\/image-2.png 579w, https:\/\/johanno1.se\/wp-content\/uploads\/2026\/09\/image-2-300x232.png 300w\" sizes=\"auto, (max-width: 579px) 100vw, 579px\" \/><\/figure>\n\n\n\n<p class=\"wp-block-paragraph\">F\u00f6rlusterna per m\u00e5nad visar att augusti var bland de h\u00f6gsta f\u00f6r hela kriget.<\/p>\n\n\n\n<figure class=\"wp-block-image size-full\"><img loading=\"lazy\" decoding=\"async\" width=\"659\" height=\"436\" src=\"https:\/\/johanno1.se\/wp-content\/uploads\/2026\/09\/image-18.png\" alt=\"\" class=\"wp-image-5795\" srcset=\"https:\/\/johanno1.se\/wp-content\/uploads\/2026\/09\/image-18.png 659w, https:\/\/johanno1.se\/wp-content\/uploads\/2026\/09\/image-18-300x198.png 300w\" sizes=\"auto, (max-width: 659px) 100vw, 659px\" \/><\/figure>\n\n\n\n<p class=\"wp-block-paragraph\">H\u00e4r \u00e4r en annan typ \u00f6versikt som visar utvecklingen \u00f6ver f\u00f6rlusterna av ryska soldater under hela kriget.<\/p>\n\n\n\n<figure class=\"wp-block-image size-full\"><img loading=\"lazy\" decoding=\"async\" width=\"852\" height=\"455\" src=\"https:\/\/johanno1.se\/wp-content\/uploads\/2026\/09\/image-3.png\" alt=\"\" class=\"wp-image-5780\" srcset=\"https:\/\/johanno1.se\/wp-content\/uploads\/2026\/09\/image-3.png 852w, https:\/\/johanno1.se\/wp-content\/uploads\/2026\/09\/image-3-300x160.png 300w, https:\/\/johanno1.se\/wp-content\/uploads\/2026\/09\/image-3-768x410.png 768w\" sizes=\"auto, (max-width: 852px) 100vw, 852px\" \/><\/figure>\n\n\n\n<h3 class=\"wp-block-heading\">Ryska stridsvagnsf\u00f6rluster<\/h3>\n\n\n\n<p class=\"wp-block-paragraph\">F\u00f6rlusterna \u00f6ver ryska stridsvagnar forts\u00e4tter vara l\u00e5gt med en puckel i andra delen av juli.<br><\/p>\n\n\n\n<figure class=\"wp-block-image size-full\"><img loading=\"lazy\" decoding=\"async\" width=\"564\" height=\"465\" src=\"https:\/\/johanno1.se\/wp-content\/uploads\/2026\/09\/image-4.png\" alt=\"\" class=\"wp-image-5781\" srcset=\"https:\/\/johanno1.se\/wp-content\/uploads\/2026\/09\/image-4.png 564w, https:\/\/johanno1.se\/wp-content\/uploads\/2026\/09\/image-4-300x247.png 300w\" sizes=\"auto, (max-width: 564px) 100vw, 564px\" \/><\/figure>\n\n\n\n<p class=\"wp-block-paragraph\">H\u00e4r ser man en j\u00e4mf\u00f6relse med f\u00f6rra \u00e5ret och d\u00e4r ser man att f\u00f6rlusterna av stridsvagnar faktist var lite l\u00e4gre f\u00f6r ett \u00e5r sedan.<br><\/p>\n\n\n\n<figure class=\"wp-block-image size-full\"><img loading=\"lazy\" decoding=\"async\" width=\"430\" height=\"426\" src=\"https:\/\/johanno1.se\/wp-content\/uploads\/2026\/09\/image-5.png\" alt=\"\" class=\"wp-image-5782\" srcset=\"https:\/\/johanno1.se\/wp-content\/uploads\/2026\/09\/image-5.png 430w, https:\/\/johanno1.se\/wp-content\/uploads\/2026\/09\/image-5-150x150.png 150w, https:\/\/johanno1.se\/wp-content\/uploads\/2026\/09\/image-5-300x297.png 300w\" sizes=\"auto, (max-width: 430px) 100vw, 430px\" \/><\/figure>\n\n\n\n<p class=\"wp-block-paragraph\">Sett per m\u00e5nad var det en tydlig minskning under sommaren 2025. \u00c4ven \u00e4r ser man att juli i \u00e5r sticker ut, i augusti har det minskat igen.<\/p>\n\n\n\n<figure class=\"wp-block-image size-full\"><img loading=\"lazy\" decoding=\"async\" width=\"653\" height=\"441\" src=\"https:\/\/johanno1.se\/wp-content\/uploads\/2026\/09\/image-19.png\" alt=\"\" class=\"wp-image-5796\" srcset=\"https:\/\/johanno1.se\/wp-content\/uploads\/2026\/09\/image-19.png 653w, https:\/\/johanno1.se\/wp-content\/uploads\/2026\/09\/image-19-300x203.png 300w\" sizes=\"auto, (max-width: 653px) 100vw, 653px\" \/><\/figure>\n\n\n\n<h3 class=\"wp-block-heading\">\u00d6vriga Pansarfordon<\/h3>\n\n\n\n<p class=\"wp-block-paragraph\">H\u00e4r kan man se en l\u00e5ngsam h\u00f6jning i b\u00f6rjan av \u00e5ret, men till skillnad mot f\u00f6r stridsvagnarna har vi en topp i augusti men ocks\u00e5 l\u00e5gpunkter.<\/p>\n\n\n\n<figure class=\"wp-block-image size-full\"><img loading=\"lazy\" decoding=\"async\" width=\"574\" height=\"469\" src=\"https:\/\/johanno1.se\/wp-content\/uploads\/2026\/09\/image-6.png\" alt=\"\" class=\"wp-image-5783\" srcset=\"https:\/\/johanno1.se\/wp-content\/uploads\/2026\/09\/image-6.png 574w, https:\/\/johanno1.se\/wp-content\/uploads\/2026\/09\/image-6-300x245.png 300w\" sizes=\"auto, (max-width: 574px) 100vw, 574px\" \/><\/figure>\n\n\n\n<p class=\"wp-block-paragraph\">Det g\u00f6r att augusti trots det \u00e4r n\u00e5got l\u00e4gre \u00e4n juli. September f\u00f6rr \u00e5ret \u00e4r den l\u00e4gsta m\u00e5naden. Vi f\u00e5r se om vi f\u00e5r se det sjunka \u00e4ven i september i \u00e5r.<\/p>\n\n\n\n<figure class=\"wp-block-image size-full\"><img loading=\"lazy\" decoding=\"async\" width=\"656\" height=\"434\" src=\"https:\/\/johanno1.se\/wp-content\/uploads\/2026\/09\/image-20.png\" alt=\"\" class=\"wp-image-5797\" srcset=\"https:\/\/johanno1.se\/wp-content\/uploads\/2026\/09\/image-20.png 656w, https:\/\/johanno1.se\/wp-content\/uploads\/2026\/09\/image-20-300x198.png 300w\" sizes=\"auto, (max-width: 656px) 100vw, 656px\" \/><\/figure>\n\n\n\n<h3 class=\"wp-block-heading\">Ryska f\u00f6rluster av artilleri<\/h3>\n\n\n\n<p class=\"wp-block-paragraph\">F\u00f6rlusterna av artilleri har varit h\u00f6ga i \u00e5r, \u00e4ven om det varit en viss avmattning sedan maj. <\/p>\n\n\n\n<figure class=\"wp-block-image size-full\"><img loading=\"lazy\" decoding=\"async\" width=\"562\" height=\"385\" src=\"https:\/\/johanno1.se\/wp-content\/uploads\/2026\/09\/image-7.png\" alt=\"\" class=\"wp-image-5784\" srcset=\"https:\/\/johanno1.se\/wp-content\/uploads\/2026\/09\/image-7.png 562w, https:\/\/johanno1.se\/wp-content\/uploads\/2026\/09\/image-7-300x206.png 300w\" sizes=\"auto, (max-width: 562px) 100vw, 562px\" \/><\/figure>\n\n\n\n<p class=\"wp-block-paragraph\">Artilleriet har \u00f6kat i omg\u00e5ngar och \u00e4r fortfarande riktigt h\u00f6gt \u00e4ven om juni kvarst\u00e5r som rekordm\u00e5nad.<\/p>\n\n\n\n<figure class=\"wp-block-image size-full\"><img loading=\"lazy\" decoding=\"async\" width=\"657\" height=\"440\" src=\"https:\/\/johanno1.se\/wp-content\/uploads\/2026\/09\/image-21.png\" alt=\"\" class=\"wp-image-5798\" srcset=\"https:\/\/johanno1.se\/wp-content\/uploads\/2026\/09\/image-21.png 657w, https:\/\/johanno1.se\/wp-content\/uploads\/2026\/09\/image-21-300x201.png 300w\" sizes=\"auto, (max-width: 657px) 100vw, 657px\" \/><\/figure>\n\n\n\n<p class=\"wp-block-paragraph\">Ser vi p\u00e5 anv\u00e4ndandet av artilleri minskade det under \u00e5ret f\u00f6r att sedan plana ut, stabilisera sig, men nu p\u00e5 slutet verkar det minska n\u00e5got igen, eller s\u00e5 \u00e4r det en tillf\u00e4llighet.<\/p>\n\n\n\n<figure class=\"wp-block-image size-full\"><img loading=\"lazy\" decoding=\"async\" width=\"622\" height=\"412\" src=\"https:\/\/johanno1.se\/wp-content\/uploads\/2026\/09\/image-8.png\" alt=\"\" class=\"wp-image-5785\" srcset=\"https:\/\/johanno1.se\/wp-content\/uploads\/2026\/09\/image-8.png 622w, https:\/\/johanno1.se\/wp-content\/uploads\/2026\/09\/image-8-300x199.png 300w\" sizes=\"auto, (max-width: 622px) 100vw, 622px\" \/><\/figure>\n\n\n\n<h3 class=\"wp-block-heading\">Ryska f\u00f6rluster av MLRS<\/h3>\n\n\n\n<p class=\"wp-block-paragraph\">F\u00f6rlusterna av MLRS har \u00f6kat under \u00e5ret och fortsatt \u00f6ka ganska konstant.<\/p>\n\n\n\n<figure class=\"wp-block-image size-full\"><img loading=\"lazy\" decoding=\"async\" width=\"564\" height=\"392\" src=\"https:\/\/johanno1.se\/wp-content\/uploads\/2026\/09\/image-9.png\" alt=\"\" class=\"wp-image-5786\" srcset=\"https:\/\/johanno1.se\/wp-content\/uploads\/2026\/09\/image-9.png 564w, https:\/\/johanno1.se\/wp-content\/uploads\/2026\/09\/image-9-300x209.png 300w\" sizes=\"auto, (max-width: 564px) 100vw, 564px\" \/><\/figure>\n\n\n\n<p class=\"wp-block-paragraph\">Ser vi \u00f6ver hela kriget \u00e4r augusti ny rekordm\u00e5nad. <\/p>\n\n\n\n<figure class=\"wp-block-image size-full\"><img loading=\"lazy\" decoding=\"async\" width=\"655\" height=\"435\" src=\"https:\/\/johanno1.se\/wp-content\/uploads\/2026\/09\/image-22.png\" alt=\"\" class=\"wp-image-5799\" srcset=\"https:\/\/johanno1.se\/wp-content\/uploads\/2026\/09\/image-22.png 655w, https:\/\/johanno1.se\/wp-content\/uploads\/2026\/09\/image-22-300x199.png 300w\" sizes=\"auto, (max-width: 655px) 100vw, 655px\" \/><\/figure>\n\n\n\n<h3 class=\"wp-block-heading\">F\u00f6rluster av UAV<\/h3>\n\n\n\n<p class=\"wp-block-paragraph\">F\u00f6rlusterna av UAV har stigit enormt j\u00e4mf\u00f6rt med tidigare under kriget men fr\u00e5n april har det stabiliserat sig p\u00e5 en h\u00f6g niv\u00e5. Det h\u00e4r betyder n\u00f6dv\u00e4ndigtvis inte att Ryssland anv\u00e4nder f\u00e4rre UAVs utan kan ocks\u00e5 vara ett tecken p\u00e5 att det h\u00e4r \u00e4r den niv\u00e5n Ukraina klarar av. Ryssland har p\u00e5 senare tid anv\u00e4nt allt fler jetdrivna Shaheds\/Geran som Ukriana inte \u00e4nnu hittat ett perfekt motmedel f\u00f6r.<\/p>\n\n\n\n<figure class=\"wp-block-image size-full\"><img loading=\"lazy\" decoding=\"async\" width=\"583\" height=\"383\" src=\"https:\/\/johanno1.se\/wp-content\/uploads\/2026\/09\/image-10.png\" alt=\"\" class=\"wp-image-5787\" srcset=\"https:\/\/johanno1.se\/wp-content\/uploads\/2026\/09\/image-10.png 583w, https:\/\/johanno1.se\/wp-content\/uploads\/2026\/09\/image-10-300x197.png 300w\" sizes=\"auto, (max-width: 583px) 100vw, 583px\" \/><\/figure>\n\n\n\n<p class=\"wp-block-paragraph\">Ser vi till hela kriget \u00e4r det \u00e4nnu tydligare hur mycket det \u00f6kat men ocks\u00e5 att det planat ut p\u00e5 en h\u00f6g niv\u00e5.<\/p>\n\n\n\n<figure class=\"wp-block-image size-full\"><img loading=\"lazy\" decoding=\"async\" width=\"659\" height=\"444\" src=\"https:\/\/johanno1.se\/wp-content\/uploads\/2026\/09\/image-23.png\" alt=\"\" class=\"wp-image-5800\" srcset=\"https:\/\/johanno1.se\/wp-content\/uploads\/2026\/09\/image-23.png 659w, https:\/\/johanno1.se\/wp-content\/uploads\/2026\/09\/image-23-300x202.png 300w\" sizes=\"auto, (max-width: 659px) 100vw, 659px\" \/><\/figure>\n\n\n\n<h3 class=\"wp-block-heading\">Ryska f\u00f6rluster av luftv\u00e4rn i Ukraina<\/h3>\n\n\n\n<p class=\"wp-block-paragraph\">\u00d6kningen under \u00e5ret syns tydligt i diagrammet samtidigt avtar det n\u00e5got i slutet p\u00e5 augusti. <\/p>\n\n\n\n<figure class=\"wp-block-image size-full\"><img loading=\"lazy\" decoding=\"async\" width=\"569\" height=\"382\" src=\"https:\/\/johanno1.se\/wp-content\/uploads\/2026\/09\/image-11.png\" alt=\"\" class=\"wp-image-5788\" srcset=\"https:\/\/johanno1.se\/wp-content\/uploads\/2026\/09\/image-11.png 569w, https:\/\/johanno1.se\/wp-content\/uploads\/2026\/09\/image-11-300x201.png 300w\" sizes=\"auto, (max-width: 569px) 100vw, 569px\" \/><\/figure>\n\n\n\n<p class=\"wp-block-paragraph\">\u00c4ven sett \u00f6ver hela kriget \u00e4r det h\u00f6gt och \u00e4ven om man anar en minskning ovan \u00e4r nu augusti den n\u00e4st h\u00f6gsta m\u00e5naden.<\/p>\n\n\n\n<figure class=\"wp-block-image size-full\"><img loading=\"lazy\" decoding=\"async\" width=\"658\" height=\"430\" src=\"https:\/\/johanno1.se\/wp-content\/uploads\/2026\/09\/image-24.png\" alt=\"\" class=\"wp-image-5801\" srcset=\"https:\/\/johanno1.se\/wp-content\/uploads\/2026\/09\/image-24.png 658w, https:\/\/johanno1.se\/wp-content\/uploads\/2026\/09\/image-24-300x196.png 300w\" sizes=\"auto, (max-width: 658px) 100vw, 658px\" \/><\/figure>\n\n\n\n<h3 class=\"wp-block-heading\">\u00d6vriga fordon f\u00f6r logistik mm.<\/h3>\n\n\n\n<p class=\"wp-block-paragraph\">\u00d6kningen under \u00e5ret av mjuka fordon har varit enorm och det f\u00e5r man nog tillskriva de Ukrainska dr\u00f6narna men vi ser ocks\u00e5 att det stabiliserat sig.<\/p>\n\n\n\n<figure class=\"wp-block-image size-full\"><img loading=\"lazy\" decoding=\"async\" width=\"575\" height=\"402\" src=\"https:\/\/johanno1.se\/wp-content\/uploads\/2026\/09\/image-12.png\" alt=\"\" class=\"wp-image-5789\" srcset=\"https:\/\/johanno1.se\/wp-content\/uploads\/2026\/09\/image-12.png 575w, https:\/\/johanno1.se\/wp-content\/uploads\/2026\/09\/image-12-300x210.png 300w\" sizes=\"auto, (max-width: 575px) 100vw, 575px\" \/><\/figure>\n\n\n\n<p class=\"wp-block-paragraph\">H\u00e4r \u00e4r det \u00e4nnu tydligare hur det utvecklas och \u00f6kat \u00f6ver tid. Augusti \u00e4r n\u00e5got l\u00e4gre \u00e4n juli. Kanske trenden upp \u00e4r bruten.<\/p>\n\n\n\n<figure class=\"wp-block-image size-full\"><img loading=\"lazy\" decoding=\"async\" width=\"657\" height=\"424\" src=\"https:\/\/johanno1.se\/wp-content\/uploads\/2026\/09\/image-25.png\" alt=\"\" class=\"wp-image-5803\" srcset=\"https:\/\/johanno1.se\/wp-content\/uploads\/2026\/09\/image-25.png 657w, https:\/\/johanno1.se\/wp-content\/uploads\/2026\/09\/image-25-300x194.png 300w\" sizes=\"auto, (max-width: 657px) 100vw, 657px\" \/><\/figure>\n\n\n\n<h3 class=\"wp-block-heading\">Specialutrustning<\/h3>\n\n\n\n<p class=\"wp-block-paragraph\">Ukraina forts\u00e4tter sl\u00e5 ut rysk specialutrustning och \u00e4ven om det \u00e4r l\u00e4gre \u00e4n 2024 \u00e4r det en h\u00f6jning och augusti \u00e4r den h\u00f6gsta m\u00e5naden under 2026.<\/p>\n\n\n\n<figure class=\"wp-block-image size-full\"><img loading=\"lazy\" decoding=\"async\" width=\"656\" height=\"434\" src=\"https:\/\/johanno1.se\/wp-content\/uploads\/2026\/09\/image-26.png\" alt=\"\" class=\"wp-image-5804\" srcset=\"https:\/\/johanno1.se\/wp-content\/uploads\/2026\/09\/image-26.png 656w, https:\/\/johanno1.se\/wp-content\/uploads\/2026\/09\/image-26-300x198.png 300w\" sizes=\"auto, (max-width: 656px) 100vw, 656px\" \/><\/figure>\n\n\n\n<h3 class=\"wp-block-heading\">Intaget territorium<\/h3>\n\n\n\n<p class=\"wp-block-paragraph\">Ryssland har ju fortsatt att ockupera mark i Ukraina och de flesta m\u00e5nader intar de mer \u00e4n de f\u00f6rlorar men det g\u00e4ller inte f\u00f6r augusti och februari och mars. Vi f\u00e5r hoppas att det h\u00e4r kommer att forts\u00e4tta i positiv riktning.<\/p>\n\n\n\n<figure class=\"wp-block-image size-full\"><img loading=\"lazy\" decoding=\"async\" width=\"676\" height=\"395\" src=\"https:\/\/johanno1.se\/wp-content\/uploads\/2026\/09\/image-13.png\" alt=\"\" class=\"wp-image-5790\" srcset=\"https:\/\/johanno1.se\/wp-content\/uploads\/2026\/09\/image-13.png 676w, https:\/\/johanno1.se\/wp-content\/uploads\/2026\/09\/image-13-300x175.png 300w\" sizes=\"auto, (max-width: 676px) 100vw, 676px\" \/><\/figure>\n\n\n\n<h2 class=\"wp-block-heading\">Stridssammandrabbningar<\/h2>\n\n\n\n<p class=\"wp-block-paragraph\">Antalet strider \u00e4r h\u00f6gt \u00e4ven sett under hela kriget men en liten avmattning p\u00e5 slutet.<\/p>\n\n\n\n<figure class=\"wp-block-image size-full\"><img loading=\"lazy\" decoding=\"async\" width=\"866\" height=\"484\" src=\"https:\/\/johanno1.se\/wp-content\/uploads\/2026\/09\/image-15.png\" alt=\"\" class=\"wp-image-5792\" srcset=\"https:\/\/johanno1.se\/wp-content\/uploads\/2026\/09\/image-15.png 866w, https:\/\/johanno1.se\/wp-content\/uploads\/2026\/09\/image-15-300x168.png 300w, https:\/\/johanno1.se\/wp-content\/uploads\/2026\/09\/image-15-768x429.png 768w\" sizes=\"auto, (max-width: 866px) 100vw, 866px\" \/><\/figure>\n\n\n\n<h2 class=\"wp-block-heading\">Sj\u00e4lvmordsdr\u00f6nare<\/h2>\n\n\n\n<p class=\"wp-block-paragraph\">Antalet sj\u00e4lvmordsdr\u00f6nare som Ryssland anv\u00e4nder forts\u00e4tter tyv\u00e4rr att stiga \u00e4ven om det g\u00e5r l\u00e5ngsammare nu \u00e4n tidigare.<\/p>\n\n\n\n<figure class=\"wp-block-image size-full\"><img loading=\"lazy\" decoding=\"async\" width=\"616\" height=\"413\" src=\"https:\/\/johanno1.se\/wp-content\/uploads\/2026\/09\/image-16.png\" alt=\"\" class=\"wp-image-5793\" srcset=\"https:\/\/johanno1.se\/wp-content\/uploads\/2026\/09\/image-16.png 616w, https:\/\/johanno1.se\/wp-content\/uploads\/2026\/09\/image-16-300x201.png 300w\" sizes=\"auto, (max-width: 616px) 100vw, 616px\" \/><\/figure>\n\n\n\n<p class=\"wp-block-paragraph\">H\u00e4r visas hur det s\u00e5g ut fr\u00e5n 1 jan 2025 fram till slutet av september.<\/p>\n\n\n\n<figure class=\"wp-block-image size-full\"><img loading=\"lazy\" decoding=\"async\" width=\"625\" height=\"410\" src=\"https:\/\/johanno1.se\/wp-content\/uploads\/2026\/09\/image-17.png\" alt=\"\" class=\"wp-image-5794\" srcset=\"https:\/\/johanno1.se\/wp-content\/uploads\/2026\/09\/image-17.png 625w, https:\/\/johanno1.se\/wp-content\/uploads\/2026\/09\/image-17-300x197.png 300w\" sizes=\"auto, (max-width: 625px) 100vw, 625px\" \/><\/figure>\n\n\n\n<h2 class=\"wp-block-heading\">J\u00e4mf\u00f6relse \u00f6ver f\u00f6rluster av materiel<\/h2>\n\n\n\n<p class=\"wp-block-paragraph\">Under l\u00e5ngt tid tog Ryssland st\u00f6rre f\u00f6rluster \u00e4n Ukraina n\u00e4r det g\u00e4ller materiel\/utrustning men under 2025 har det tyv\u00e4rr ist\u00e4llet varit Ukraina som \u00f6verlag tar h\u00f6gre f\u00f6rluster. Nu \u00e4r det \u00e4r visuellt bekr\u00e4ftade uppgifter och inte n\u00e5got som Ukraina sj\u00e4lva redovisat. Allt n\u00e5r f\u00f6rst\u00e5s inte sociala medier s\u00e5 siffrorna m\u00e5ste tas med en nypa sajt, \u00e4ven om b\u00e5da sidor g\u00e4rna vill visa upp sina framg\u00e5ngar.<\/p>\n\n\n\n<figure class=\"wp-block-image size-full\"><img loading=\"lazy\" decoding=\"async\" width=\"739\" height=\"776\" src=\"https:\/\/johanno1.se\/wp-content\/uploads\/2026\/09\/image-27.png\" alt=\"\" class=\"wp-image-5805\" srcset=\"https:\/\/johanno1.se\/wp-content\/uploads\/2026\/09\/image-27.png 739w, https:\/\/johanno1.se\/wp-content\/uploads\/2026\/09\/image-27-286x300.png 286w\" sizes=\"auto, (max-width: 739px) 100vw, 739px\" \/><\/figure>\n\n\n\n<p class=\"wp-block-paragraph\"><\/p>\n\n\n\n<p class=\"wp-block-paragraph\"><\/p>\n","protected":false},"excerpt":{"rendered":"<p>Steve Witkoff och Jared Kushner hade ett tre timmar l\u00e5ngt m\u00f6te med Putin men n\u00e5gra konkreta resultat eller \u00f6verenskommelser offentliggjordes [&hellip;]<\/p>\n","protected":false},"author":1,"featured_media":805,"comment_status":"open","ping_status":"open","sticky":false,"template":"","format":"standard","meta":{"site-sidebar-layout":"default","site-content-layout":"","ast-site-content-layout":"default","site-content-style":"default","site-sidebar-style":"default","ast-global-header-display":"","ast-banner-title-visibility":"","ast-main-header-display":"","ast-hfb-above-header-display":"","ast-hfb-below-header-display":"","ast-hfb-mobile-header-display":"","site-post-title":"","ast-breadcrumbs-content":"","ast-featured-img":"","footer-sml-layout":"","ast-disable-related-posts":"","theme-transparent-header-meta":"","adv-header-id-meta":"","stick-header-meta":"","header-above-stick-meta":"","header-main-stick-meta":"","header-below-stick-meta":"","astra-migrate-meta-layouts":"default","ast-page-background-enabled":"default","ast-page-background-meta":{"desktop":{"background-color":"var(--ast-global-color-4)","background-image":"","background-repeat":"repeat","background-position":"center center","background-size":"auto","background-attachment":"scroll","background-type":"","background-media":"","overlay-type":"","overlay-color":"","overlay-opacity":"","overlay-gradient":""},"tablet":{"background-color":"","background-image":"","background-repeat":"repeat","background-position":"center center","background-size":"auto","background-attachment":"scroll","background-type":"","background-media":"","overlay-type":"","overlay-color":"","overlay-opacity":"","overlay-gradient":""},"mobile":{"background-color":"","background-image":"","background-repeat":"repeat","background-position":"center center","background-size":"auto","background-attachment":"scroll","background-type":"","background-media":"","overlay-type":"","overlay-color":"","overlay-opacity":"","overlay-gradient":""}},"ast-content-background-meta":{"desktop":{"background-color":"var(--ast-global-color-5)","background-image":"","background-repeat":"repeat","background-position":"center center","background-size":"auto","background-attachment":"scroll","background-type":"","background-media":"","overlay-type":"","overlay-color":"","overlay-opacity":"","overlay-gradient":""},"tablet":{"background-color":"var(--ast-global-color-5)","background-image":"","background-repeat":"repeat","background-position":"center center","background-size":"auto","background-attachment":"scroll","background-type":"","background-media":"","overlay-type":"","overlay-color":"","overlay-opacity":"","overlay-gradient":""},"mobile":{"background-color":"var(--ast-global-color-5)","background-image":"","background-repeat":"repeat","background-position":"center center","background-size":"auto","background-attachment":"scroll","background-type":"","background-media":"","overlay-type":"","overlay-color":"","overlay-opacity":"","overlay-gradient":""}},"footnotes":""},"categories":[18,31],"tags":[],"class_list":["post-5766","post","type-post","status-publish","format-standard","has-post-thumbnail","hentry","category-ukraina","category-ryska-forluster"],"yoast_head":"<!-- This site is optimized with the Yoast SEO plugin v28.4 - https:\/\/yoast.com\/product\/yoast-seo-wordpress\/ -->\n<title>USAs bes\u00f6k i Moskva \u00e4r nu avslutat samtidigt forts\u00e4tter arresteringarna av medlemmarna i oppositionspartiet Yabloko\u00a0- Ryska f\u00f6rluster - Kriget i Ukraina<\/title>\n<meta name=\"robots\" content=\"index, follow, max-snippet:-1, max-image-preview:large, max-video-preview:-1\" \/>\n<link rel=\"canonical\" href=\"https:\/\/johanno1.se\/sv\/usas-besok-i-moskva-ar-nu-avslutat-samtidigt-fortsatter-arresteringarna-av-medlemmarna-i-oppositionspartiet-yabloko-ryska-forluster\/\" \/>\n<meta property=\"og:locale\" content=\"sv_SE\" \/>\n<meta property=\"og:type\" content=\"article\" \/>\n<meta property=\"og:title\" content=\"USAs bes\u00f6k i Moskva \u00e4r nu avslutat samtidigt forts\u00e4tter arresteringarna av medlemmarna i oppositionspartiet Yabloko\u00a0- Ryska f\u00f6rluster - Kriget i Ukraina\" \/>\n<meta property=\"og:description\" content=\"Steve Witkoff och Jared Kushner hade ett tre timmar l\u00e5ngt m\u00f6te med Putin men n\u00e5gra konkreta resultat eller \u00f6verenskommelser offentliggjordes [&hellip;]\" \/>\n<meta property=\"og:url\" content=\"https:\/\/johanno1.se\/sv\/usas-besok-i-moskva-ar-nu-avslutat-samtidigt-fortsatter-arresteringarna-av-medlemmarna-i-oppositionspartiet-yabloko-ryska-forluster\/\" \/>\n<meta property=\"og:site_name\" content=\"Johan No.1\" \/>\n<meta property=\"article:published_time\" content=\"2026-09-06T05:18:55+00:00\" \/>\n<meta property=\"article:modified_time\" content=\"2026-09-06T11:25:34+00:00\" \/>\n<meta property=\"og:image\" content=\"https:\/\/johanno1.se\/wp-content\/uploads\/2025\/04\/UkraineFlag.png\" \/>\n\t<meta property=\"og:image:width\" content=\"642\" \/>\n\t<meta property=\"og:image:height\" content=\"384\" \/>\n\t<meta property=\"og:image:type\" content=\"image\/png\" \/>\n<meta name=\"author\" content=\"MXT\" \/>\n<meta name=\"twitter:card\" content=\"summary_large_image\" \/>\n<meta name=\"twitter:creator\" content=\"@MatsExtrude\" \/>\n<meta name=\"twitter:label1\" content=\"Skriven av\" \/>\n\t<meta name=\"twitter:data1\" content=\"MXT\" \/>\n\t<meta name=\"twitter:label2\" content=\"Ber\u00e4knad l\u00e4stid\" \/>\n\t<meta name=\"twitter:data2\" content=\"15 minuter\" \/>\n<script type=\"application\/ld+json\" class=\"yoast-schema-graph\">{\"@context\":\"https:\\\/\\\/schema.org\",\"@graph\":[{\"@type\":\"Article\",\"@id\":\"https:\\\/\\\/johanno1.se\\\/sv\\\/usas-besok-i-moskva-ar-nu-avslutat-samtidigt-fortsatter-arresteringarna-av-medlemmarna-i-oppositionspartiet-yabloko-ryska-forluster\\\/#article\",\"isPartOf\":{\"@id\":\"https:\\\/\\\/johanno1.se\\\/sv\\\/usas-besok-i-moskva-ar-nu-avslutat-samtidigt-fortsatter-arresteringarna-av-medlemmarna-i-oppositionspartiet-yabloko-ryska-forluster\\\/\"},\"author\":{\"name\":\"MXT\",\"@id\":\"https:\\\/\\\/johanno1.se\\\/sv\\\/#\\\/schema\\\/person\\\/b9a1e3c5f5da33b8e8a755f098951212\"},\"headline\":\"USAs bes\u00f6k i Moskva \u00e4r nu avslutat samtidigt forts\u00e4tter arresteringarna av medlemmarna i oppositionspartiet Yabloko\u00a0&#8211; Ryska f\u00f6rluster\",\"datePublished\":\"2026-09-06T05:18:55+00:00\",\"dateModified\":\"2026-09-06T11:25:34+00:00\",\"mainEntityOfPage\":{\"@id\":\"https:\\\/\\\/johanno1.se\\\/sv\\\/usas-besok-i-moskva-ar-nu-avslutat-samtidigt-fortsatter-arresteringarna-av-medlemmarna-i-oppositionspartiet-yabloko-ryska-forluster\\\/\"},\"wordCount\":2048,\"commentCount\":48,\"publisher\":{\"@id\":\"https:\\\/\\\/johanno1.se\\\/sv\\\/#organization\"},\"image\":{\"@id\":\"https:\\\/\\\/johanno1.se\\\/sv\\\/usas-besok-i-moskva-ar-nu-avslutat-samtidigt-fortsatter-arresteringarna-av-medlemmarna-i-oppositionspartiet-yabloko-ryska-forluster\\\/#primaryimage\"},\"thumbnailUrl\":\"https:\\\/\\\/johanno1.se\\\/wp-content\\\/uploads\\\/2025\\\/04\\\/UkraineFlag.png\",\"articleSection\":[\"Kriget i Ukraina\",\"Ryska f\u00f6rluster i kriget i Ukraina\"],\"inLanguage\":\"sv-SE\",\"potentialAction\":[{\"@type\":\"CommentAction\",\"name\":\"Comment\",\"target\":[\"https:\\\/\\\/johanno1.se\\\/sv\\\/usas-besok-i-moskva-ar-nu-avslutat-samtidigt-fortsatter-arresteringarna-av-medlemmarna-i-oppositionspartiet-yabloko-ryska-forluster\\\/#respond\"]}]},{\"@type\":\"WebPage\",\"@id\":\"https:\\\/\\\/johanno1.se\\\/sv\\\/usas-besok-i-moskva-ar-nu-avslutat-samtidigt-fortsatter-arresteringarna-av-medlemmarna-i-oppositionspartiet-yabloko-ryska-forluster\\\/\",\"url\":\"https:\\\/\\\/johanno1.se\\\/sv\\\/usas-besok-i-moskva-ar-nu-avslutat-samtidigt-fortsatter-arresteringarna-av-medlemmarna-i-oppositionspartiet-yabloko-ryska-forluster\\\/\",\"name\":\"USAs bes\u00f6k i Moskva \u00e4r nu avslutat samtidigt forts\u00e4tter arresteringarna av medlemmarna i oppositionspartiet Yabloko\u00a0- Ryska f\u00f6rluster - Kriget i Ukraina\",\"isPartOf\":{\"@id\":\"https:\\\/\\\/johanno1.se\\\/sv\\\/#website\"},\"primaryImageOfPage\":{\"@id\":\"https:\\\/\\\/johanno1.se\\\/sv\\\/usas-besok-i-moskva-ar-nu-avslutat-samtidigt-fortsatter-arresteringarna-av-medlemmarna-i-oppositionspartiet-yabloko-ryska-forluster\\\/#primaryimage\"},\"image\":{\"@id\":\"https:\\\/\\\/johanno1.se\\\/sv\\\/usas-besok-i-moskva-ar-nu-avslutat-samtidigt-fortsatter-arresteringarna-av-medlemmarna-i-oppositionspartiet-yabloko-ryska-forluster\\\/#primaryimage\"},\"thumbnailUrl\":\"https:\\\/\\\/johanno1.se\\\/wp-content\\\/uploads\\\/2025\\\/04\\\/UkraineFlag.png\",\"datePublished\":\"2026-09-06T05:18:55+00:00\",\"dateModified\":\"2026-09-06T11:25:34+00:00\",\"breadcrumb\":{\"@id\":\"https:\\\/\\\/johanno1.se\\\/sv\\\/usas-besok-i-moskva-ar-nu-avslutat-samtidigt-fortsatter-arresteringarna-av-medlemmarna-i-oppositionspartiet-yabloko-ryska-forluster\\\/#breadcrumb\"},\"inLanguage\":\"sv-SE\",\"potentialAction\":[{\"@type\":\"ReadAction\",\"target\":[\"https:\\\/\\\/johanno1.se\\\/sv\\\/usas-besok-i-moskva-ar-nu-avslutat-samtidigt-fortsatter-arresteringarna-av-medlemmarna-i-oppositionspartiet-yabloko-ryska-forluster\\\/\"]}]},{\"@type\":\"ImageObject\",\"inLanguage\":\"sv-SE\",\"@id\":\"https:\\\/\\\/johanno1.se\\\/sv\\\/usas-besok-i-moskva-ar-nu-avslutat-samtidigt-fortsatter-arresteringarna-av-medlemmarna-i-oppositionspartiet-yabloko-ryska-forluster\\\/#primaryimage\",\"url\":\"https:\\\/\\\/johanno1.se\\\/wp-content\\\/uploads\\\/2025\\\/04\\\/UkraineFlag.png\",\"contentUrl\":\"https:\\\/\\\/johanno1.se\\\/wp-content\\\/uploads\\\/2025\\\/04\\\/UkraineFlag.png\",\"width\":642,\"height\":384,\"caption\":\"Kriget i Ukraina - Ukraine war\"},{\"@type\":\"BreadcrumbList\",\"@id\":\"https:\\\/\\\/johanno1.se\\\/sv\\\/usas-besok-i-moskva-ar-nu-avslutat-samtidigt-fortsatter-arresteringarna-av-medlemmarna-i-oppositionspartiet-yabloko-ryska-forluster\\\/#breadcrumb\",\"itemListElement\":[{\"@type\":\"ListItem\",\"position\":1,\"name\":\"Hem\",\"item\":\"https:\\\/\\\/johanno1.se\\\/sv\\\/\"},{\"@type\":\"ListItem\",\"position\":2,\"name\":\"USAs bes\u00f6k i Moskva \u00e4r nu avslutat samtidigt forts\u00e4tter arresteringarna av medlemmarna i oppositionspartiet Yabloko\u00a0&#8211; Ryska f\u00f6rluster\"}]},{\"@type\":\"WebSite\",\"@id\":\"https:\\\/\\\/johanno1.se\\\/sv\\\/#website\",\"url\":\"https:\\\/\\\/johanno1.se\\\/sv\\\/\",\"name\":\"Johan No.1\",\"description\":\"Kriget i Ukraina - V\u00e4rldsledande omv\u00e4rldsanalys fr\u00e5n Svensksund till den ryska brakf\u00f6rlusten i Ukraina\",\"publisher\":{\"@id\":\"https:\\\/\\\/johanno1.se\\\/sv\\\/#organization\"},\"potentialAction\":[{\"@type\":\"SearchAction\",\"target\":{\"@type\":\"EntryPoint\",\"urlTemplate\":\"https:\\\/\\\/johanno1.se\\\/sv\\\/?s={search_term_string}\"},\"query-input\":{\"@type\":\"PropertyValueSpecification\",\"valueRequired\":true,\"valueName\":\"search_term_string\"}}],\"inLanguage\":\"sv-SE\"},{\"@type\":\"Organization\",\"@id\":\"https:\\\/\\\/johanno1.se\\\/sv\\\/#organization\",\"name\":\"Johan No. 1\",\"url\":\"https:\\\/\\\/johanno1.se\\\/sv\\\/\",\"logo\":{\"@type\":\"ImageObject\",\"inLanguage\":\"sv-SE\",\"@id\":\"https:\\\/\\\/johanno1.se\\\/sv\\\/#\\\/schema\\\/logo\\\/image\\\/\",\"url\":\"https:\\\/\\\/johanno1.se\\\/wp-content\\\/uploads\\\/2025\\\/03\\\/cropped-No1-Logo.png\",\"contentUrl\":\"https:\\\/\\\/johanno1.se\\\/wp-content\\\/uploads\\\/2025\\\/03\\\/cropped-No1-Logo.png\",\"width\":512,\"height\":512,\"caption\":\"Johan No. 1\"},\"image\":{\"@id\":\"https:\\\/\\\/johanno1.se\\\/sv\\\/#\\\/schema\\\/logo\\\/image\\\/\"}},{\"@type\":\"Person\",\"@id\":\"https:\\\/\\\/johanno1.se\\\/sv\\\/#\\\/schema\\\/person\\\/b9a1e3c5f5da33b8e8a755f098951212\",\"name\":\"MXT\",\"image\":{\"@type\":\"ImageObject\",\"inLanguage\":\"sv-SE\",\"@id\":\"https:\\\/\\\/secure.gravatar.com\\\/avatar\\\/74fa4c492659dce280abcb04be56b0f457c131c7356cc691540aecee84b8780f?s=96&d=mm&r=g\",\"url\":\"https:\\\/\\\/secure.gravatar.com\\\/avatar\\\/74fa4c492659dce280abcb04be56b0f457c131c7356cc691540aecee84b8780f?s=96&d=mm&r=g\",\"contentUrl\":\"https:\\\/\\\/secure.gravatar.com\\\/avatar\\\/74fa4c492659dce280abcb04be56b0f457c131c7356cc691540aecee84b8780f?s=96&d=mm&r=g\",\"caption\":\"MXT\"},\"description\":\"Skriver fr\u00e4mst om kriget i Ukraina, men \u00e4ven om andra globala h\u00e4ndelser som kan p\u00e5verka utvecklingen. Gillar statisitk och redovisar bl.a. ryska f\u00f6rluster och en hel del annat. Postar mycket av nyheterna i kommentarerna som h\u00e4mtas fr\u00e5n olika k\u00e4llor. F\u00f6rutom Ukraina handlar det om olika h\u00e4ndelser i Sverige och Europa, klimatet, Israel-Palestina och f\u00f6rst\u00e5s en hel del kring USA och Trump. Har en f\u00f6rm\u00e5ga att reta upp de som gillar den sistn\u00e4mnde eftersom jag \u00e4r starkt kritiskt till det mesta han tar sig f\u00f6r. IT-ansvarig och sk\u00f6ter drift, underh\u00e5ll och vidareutveckling av webbplatsen, s\u00e5 ni vet vem ni ska skylla p\u00e5 n\u00e4r det kr\u00e5nglar! SLAVA UKRAINI\",\"sameAs\":[\"https:\\\/\\\/spjutskaftet.se\",\"https:\\\/\\\/x.com\\\/MatsExtrude\"],\"url\":\"https:\\\/\\\/johanno1.se\\\/sv\\\/author\\\/extrude\\\/\"}]}<\/script>\n<!-- \/ Yoast SEO plugin. -->","yoast_head_json":{"title":"USAs bes\u00f6k i Moskva \u00e4r nu avslutat samtidigt forts\u00e4tter arresteringarna av medlemmarna i oppositionspartiet Yabloko\u00a0- Ryska f\u00f6rluster - Kriget i Ukraina","robots":{"index":"index","follow":"follow","max-snippet":"max-snippet:-1","max-image-preview":"max-image-preview:large","max-video-preview":"max-video-preview:-1"},"canonical":"https:\/\/johanno1.se\/sv\/usas-besok-i-moskva-ar-nu-avslutat-samtidigt-fortsatter-arresteringarna-av-medlemmarna-i-oppositionspartiet-yabloko-ryska-forluster\/","og_locale":"sv_SE","og_type":"article","og_title":"USAs bes\u00f6k i Moskva \u00e4r nu avslutat samtidigt forts\u00e4tter arresteringarna av medlemmarna i oppositionspartiet Yabloko\u00a0- Ryska f\u00f6rluster - Kriget i Ukraina","og_description":"Steve Witkoff och Jared Kushner hade ett tre timmar l\u00e5ngt m\u00f6te med Putin men n\u00e5gra konkreta resultat eller \u00f6verenskommelser offentliggjordes [&hellip;]","og_url":"https:\/\/johanno1.se\/sv\/usas-besok-i-moskva-ar-nu-avslutat-samtidigt-fortsatter-arresteringarna-av-medlemmarna-i-oppositionspartiet-yabloko-ryska-forluster\/","og_site_name":"Johan No.1","article_published_time":"2026-09-06T05:18:55+00:00","article_modified_time":"2026-09-06T11:25:34+00:00","og_image":[{"width":642,"height":384,"url":"https:\/\/johanno1.se\/wp-content\/uploads\/2025\/04\/UkraineFlag.png","type":"image\/png"}],"author":"MXT","twitter_card":"summary_large_image","twitter_creator":"@MatsExtrude","twitter_misc":{"Skriven av":"MXT","Ber\u00e4knad l\u00e4stid":"15 minuter"},"schema":{"@context":"https:\/\/schema.org","@graph":[{"@type":"Article","@id":"https:\/\/johanno1.se\/sv\/usas-besok-i-moskva-ar-nu-avslutat-samtidigt-fortsatter-arresteringarna-av-medlemmarna-i-oppositionspartiet-yabloko-ryska-forluster\/#article","isPartOf":{"@id":"https:\/\/johanno1.se\/sv\/usas-besok-i-moskva-ar-nu-avslutat-samtidigt-fortsatter-arresteringarna-av-medlemmarna-i-oppositionspartiet-yabloko-ryska-forluster\/"},"author":{"name":"MXT","@id":"https:\/\/johanno1.se\/sv\/#\/schema\/person\/b9a1e3c5f5da33b8e8a755f098951212"},"headline":"USAs bes\u00f6k i Moskva \u00e4r nu avslutat samtidigt forts\u00e4tter arresteringarna av medlemmarna i oppositionspartiet Yabloko\u00a0&#8211; Ryska f\u00f6rluster","datePublished":"2026-09-06T05:18:55+00:00","dateModified":"2026-09-06T11:25:34+00:00","mainEntityOfPage":{"@id":"https:\/\/johanno1.se\/sv\/usas-besok-i-moskva-ar-nu-avslutat-samtidigt-fortsatter-arresteringarna-av-medlemmarna-i-oppositionspartiet-yabloko-ryska-forluster\/"},"wordCount":2048,"commentCount":48,"publisher":{"@id":"https:\/\/johanno1.se\/sv\/#organization"},"image":{"@id":"https:\/\/johanno1.se\/sv\/usas-besok-i-moskva-ar-nu-avslutat-samtidigt-fortsatter-arresteringarna-av-medlemmarna-i-oppositionspartiet-yabloko-ryska-forluster\/#primaryimage"},"thumbnailUrl":"https:\/\/johanno1.se\/wp-content\/uploads\/2025\/04\/UkraineFlag.png","articleSection":["Kriget i Ukraina","Ryska f\u00f6rluster i kriget i Ukraina"],"inLanguage":"sv-SE","potentialAction":[{"@type":"CommentAction","name":"Comment","target":["https:\/\/johanno1.se\/sv\/usas-besok-i-moskva-ar-nu-avslutat-samtidigt-fortsatter-arresteringarna-av-medlemmarna-i-oppositionspartiet-yabloko-ryska-forluster\/#respond"]}]},{"@type":"WebPage","@id":"https:\/\/johanno1.se\/sv\/usas-besok-i-moskva-ar-nu-avslutat-samtidigt-fortsatter-arresteringarna-av-medlemmarna-i-oppositionspartiet-yabloko-ryska-forluster\/","url":"https:\/\/johanno1.se\/sv\/usas-besok-i-moskva-ar-nu-avslutat-samtidigt-fortsatter-arresteringarna-av-medlemmarna-i-oppositionspartiet-yabloko-ryska-forluster\/","name":"USAs bes\u00f6k i Moskva \u00e4r nu avslutat samtidigt forts\u00e4tter arresteringarna av medlemmarna i oppositionspartiet Yabloko\u00a0- Ryska f\u00f6rluster - Kriget i Ukraina","isPartOf":{"@id":"https:\/\/johanno1.se\/sv\/#website"},"primaryImageOfPage":{"@id":"https:\/\/johanno1.se\/sv\/usas-besok-i-moskva-ar-nu-avslutat-samtidigt-fortsatter-arresteringarna-av-medlemmarna-i-oppositionspartiet-yabloko-ryska-forluster\/#primaryimage"},"image":{"@id":"https:\/\/johanno1.se\/sv\/usas-besok-i-moskva-ar-nu-avslutat-samtidigt-fortsatter-arresteringarna-av-medlemmarna-i-oppositionspartiet-yabloko-ryska-forluster\/#primaryimage"},"thumbnailUrl":"https:\/\/johanno1.se\/wp-content\/uploads\/2025\/04\/UkraineFlag.png","datePublished":"2026-09-06T05:18:55+00:00","dateModified":"2026-09-06T11:25:34+00:00","breadcrumb":{"@id":"https:\/\/johanno1.se\/sv\/usas-besok-i-moskva-ar-nu-avslutat-samtidigt-fortsatter-arresteringarna-av-medlemmarna-i-oppositionspartiet-yabloko-ryska-forluster\/#breadcrumb"},"inLanguage":"sv-SE","potentialAction":[{"@type":"ReadAction","target":["https:\/\/johanno1.se\/sv\/usas-besok-i-moskva-ar-nu-avslutat-samtidigt-fortsatter-arresteringarna-av-medlemmarna-i-oppositionspartiet-yabloko-ryska-forluster\/"]}]},{"@type":"ImageObject","inLanguage":"sv-SE","@id":"https:\/\/johanno1.se\/sv\/usas-besok-i-moskva-ar-nu-avslutat-samtidigt-fortsatter-arresteringarna-av-medlemmarna-i-oppositionspartiet-yabloko-ryska-forluster\/#primaryimage","url":"https:\/\/johanno1.se\/wp-content\/uploads\/2025\/04\/UkraineFlag.png","contentUrl":"https:\/\/johanno1.se\/wp-content\/uploads\/2025\/04\/UkraineFlag.png","width":642,"height":384,"caption":"Kriget i Ukraina - Ukraine war"},{"@type":"BreadcrumbList","@id":"https:\/\/johanno1.se\/sv\/usas-besok-i-moskva-ar-nu-avslutat-samtidigt-fortsatter-arresteringarna-av-medlemmarna-i-oppositionspartiet-yabloko-ryska-forluster\/#breadcrumb","itemListElement":[{"@type":"ListItem","position":1,"name":"Hem","item":"https:\/\/johanno1.se\/sv\/"},{"@type":"ListItem","position":2,"name":"USAs bes\u00f6k i Moskva \u00e4r nu avslutat samtidigt forts\u00e4tter arresteringarna av medlemmarna i oppositionspartiet Yabloko\u00a0&#8211; Ryska f\u00f6rluster"}]},{"@type":"WebSite","@id":"https:\/\/johanno1.se\/sv\/#website","url":"https:\/\/johanno1.se\/sv\/","name":"Johan No.1","description":"Kriget i Ukraina - V\u00e4rldsledande omv\u00e4rldsanalys fr\u00e5n Svensksund till den ryska brakf\u00f6rlusten i Ukraina","publisher":{"@id":"https:\/\/johanno1.se\/sv\/#organization"},"potentialAction":[{"@type":"SearchAction","target":{"@type":"EntryPoint","urlTemplate":"https:\/\/johanno1.se\/sv\/?s={search_term_string}"},"query-input":{"@type":"PropertyValueSpecification","valueRequired":true,"valueName":"search_term_string"}}],"inLanguage":"sv-SE"},{"@type":"Organization","@id":"https:\/\/johanno1.se\/sv\/#organization","name":"Johan No. 1","url":"https:\/\/johanno1.se\/sv\/","logo":{"@type":"ImageObject","inLanguage":"sv-SE","@id":"https:\/\/johanno1.se\/sv\/#\/schema\/logo\/image\/","url":"https:\/\/johanno1.se\/wp-content\/uploads\/2025\/03\/cropped-No1-Logo.png","contentUrl":"https:\/\/johanno1.se\/wp-content\/uploads\/2025\/03\/cropped-No1-Logo.png","width":512,"height":512,"caption":"Johan No. 1"},"image":{"@id":"https:\/\/johanno1.se\/sv\/#\/schema\/logo\/image\/"}},{"@type":"Person","@id":"https:\/\/johanno1.se\/sv\/#\/schema\/person\/b9a1e3c5f5da33b8e8a755f098951212","name":"MXT","image":{"@type":"ImageObject","inLanguage":"sv-SE","@id":"https:\/\/secure.gravatar.com\/avatar\/74fa4c492659dce280abcb04be56b0f457c131c7356cc691540aecee84b8780f?s=96&d=mm&r=g","url":"https:\/\/secure.gravatar.com\/avatar\/74fa4c492659dce280abcb04be56b0f457c131c7356cc691540aecee84b8780f?s=96&d=mm&r=g","contentUrl":"https:\/\/secure.gravatar.com\/avatar\/74fa4c492659dce280abcb04be56b0f457c131c7356cc691540aecee84b8780f?s=96&d=mm&r=g","caption":"MXT"},"description":"Skriver fr\u00e4mst om kriget i Ukraina, men \u00e4ven om andra globala h\u00e4ndelser som kan p\u00e5verka utvecklingen. Gillar statisitk och redovisar bl.a. ryska f\u00f6rluster och en hel del annat. Postar mycket av nyheterna i kommentarerna som h\u00e4mtas fr\u00e5n olika k\u00e4llor. F\u00f6rutom Ukraina handlar det om olika h\u00e4ndelser i Sverige och Europa, klimatet, Israel-Palestina och f\u00f6rst\u00e5s en hel del kring USA och Trump. Har en f\u00f6rm\u00e5ga att reta upp de som gillar den sistn\u00e4mnde eftersom jag \u00e4r starkt kritiskt till det mesta han tar sig f\u00f6r. IT-ansvarig och sk\u00f6ter drift, underh\u00e5ll och vidareutveckling av webbplatsen, s\u00e5 ni vet vem ni ska skylla p\u00e5 n\u00e4r det kr\u00e5nglar! SLAVA UKRAINI","sameAs":["https:\/\/spjutskaftet.se","https:\/\/x.com\/MatsExtrude"],"url":"https:\/\/johanno1.se\/sv\/author\/extrude\/"}]}},"_links":{"self":[{"href":"https:\/\/johanno1.se\/sv\/wp-json\/wp\/v2\/posts\/5766","targetHints":{"allow":["GET"]}}],"collection":[{"href":"https:\/\/johanno1.se\/sv\/wp-json\/wp\/v2\/posts"}],"about":[{"href":"https:\/\/johanno1.se\/sv\/wp-json\/wp\/v2\/types\/post"}],"author":[{"embeddable":true,"href":"https:\/\/johanno1.se\/sv\/wp-json\/wp\/v2\/users\/1"}],"replies":[{"embeddable":true,"href":"https:\/\/johanno1.se\/sv\/wp-json\/wp\/v2\/comments?post=5766"}],"version-history":[{"count":8,"href":"https:\/\/johanno1.se\/sv\/wp-json\/wp\/v2\/posts\/5766\/revisions"}],"predecessor-version":[{"id":5809,"href":"https:\/\/johanno1.se\/sv\/wp-json\/wp\/v2\/posts\/5766\/revisions\/5809"}],"wp:featuredmedia":[{"embeddable":true,"href":"https:\/\/johanno1.se\/sv\/wp-json\/wp\/v2\/media\/805"}],"wp:attachment":[{"href":"https:\/\/johanno1.se\/sv\/wp-json\/wp\/v2\/media?parent=5766"}],"wp:term":[{"taxonomy":"category","embeddable":true,"href":"https:\/\/johanno1.se\/sv\/wp-json\/wp\/v2\/categories?post=5766"},{"taxonomy":"post_tag","embeddable":true,"href":"https:\/\/johanno1.se\/sv\/wp-json\/wp\/v2\/tags?post=5766"}],"curies":[{"name":"wp","href":"https:\/\/api.w.org\/{rel}","templated":true}]}}